{"id":32317,"date":"2018-04-27T08:00:36","date_gmt":"2018-04-27T06:00:36","guid":{"rendered":"https:\/\/empresas.infoempleo.com\/hrtrends\/?p=32317"},"modified":"2018-05-23T16:34:37","modified_gmt":"2018-05-23T14:34:37","slug":"reducir-temporalidad-laboral","status":"publish","type":"post","link":"https:\/\/empresas.infoempleo.com\/hrtrends\/reducir-temporalidad-laboral\/","title":{"rendered":"Principales acciones para reducir la temporalidad laboral"},"content":{"rendered":"<p>&nbsp;<\/p>\n<p><span style=\"font-weight: 400;\">La <\/span><b>temporalidad laboral en Espa\u00f1a<\/b><span style=\"font-weight: 400;\"> es una de las m\u00e1s altas de la Uni\u00f3n Europea. En Espa\u00f1a, <\/span><b>el 27,5 % de los trabajadores<\/b><span style=\"font-weight: 400;\"> tiene un contrato temporal, seg\u00fan Eurostat. Este dato sit\u00faa a nuestro pa\u00eds<\/span><b> a la cabeza de la Uni\u00f3n Europea <\/b><span style=\"font-weight: 400;\">en cuanto a la temporalidad en la contrataci\u00f3n, seguido de cerca por Polonia, con una cifra del 26%. Hay que destacar adem\u00e1s que, en la actualidad, <\/span><b>el 60% de los j\u00f3venes espa\u00f1oles tiene un contrato de estas caracter\u00edsticas.<\/b><\/p>\n<p><span style=\"font-weight: 400;\">No obstante, <\/span><b>el alcance de la crisis<\/b><span style=\"font-weight: 400;\"> ha afectado en este sentido tambi\u00e9n a<\/span><b> pa\u00edses que tradicionalmente contaban con una buena situaci\u00f3n en materia labora<\/b><span style=\"font-weight: 400;\">l como es el caso de Alemania, en donde tambi\u00e9n ha aumentado el empleo temporal.<\/span><\/p>\n<p><span style=\"font-weight: 400;\">Esto supone un <\/span><b>grave perjuicio para el tejido empresarial<\/b><span style=\"font-weight: 400;\"> del pa\u00eds y tiene, como una de sus consecuencias principales, el <\/span><b>descenso de la productividad.<\/b><\/p>\n<h2><b>Causas de la temporalidad laboral<\/b><\/h2>\n<p><span style=\"font-weight: 400;\">Una de las principales causas del incremento de la temporalidad es la <\/span><b>escasa flexibilidad del mercado laboral<\/b><span style=\"font-weight: 400;\">. La mayor\u00eda de las empresas tienen necesidades muy concretas que, en muchos casos,<\/span><b> los trabajadores no pueden asumir durante demasiado tiempo<\/b><span style=\"font-weight: 400;\">. Por ello, las compa\u00f1\u00edas hacen contratos temporales para <\/span><b>evitar indemnizar <\/b><span style=\"font-weight: 400;\">a los trabajadores. <\/span><\/p>\n<p><span style=\"font-weight: 400;\">Otro elemento que influye notablemente es la <\/span><b>gran cantidad de PYMES<\/b><span style=\"font-weight: 400;\"> existentes que no tienen capacidad de ofrecer <\/span><b>contratos fijos<\/b><span style=\"font-weight: 400;\"> como consecuencia de la <\/span><b>inestabilidad econ\u00f3mica<\/b><span style=\"font-weight: 400;\"> propia de su corta vida empresarial.<\/span><\/p>\n<p><span style=\"font-weight: 400;\">Adem\u00e1s, en el <\/span><b>caso concreto de Espa\u00f1a<\/b><span style=\"font-weight: 400;\"> tambi\u00e9n hay que tener en cuenta la importancia del <\/span><b>sector tur\u00edstico<\/b><span style=\"font-weight: 400;\">, en el cual<\/span><b> la temporalidad en los contratos<\/b><span style=\"font-weight: 400;\"> es una de las caracter\u00edsticas m\u00e1s habituales.<\/span><\/p>\n<p><img loading=\"lazy\" decoding=\"async\" class=\"alignnone size-full wp-image-32318\" src=\"https:\/\/empresas.infoempleo.com\/hrtrends\/media\/2018\/04\/HRTrends-Actualidad_Temporalidad_labora.rtf-477252104.jpg\" alt=\"Las consecuencias de la temporalidad laboral en Espa\u00f1a\" width=\"1140\" height=\"761\" srcset=\"https:\/\/empresas.infoempleo.com\/hrtrends\/media\/2018\/04\/HRTrends-Actualidad_Temporalidad_labora.rtf-477252104.jpg 1140w, https:\/\/empresas.infoempleo.com\/hrtrends\/media\/2018\/04\/HRTrends-Actualidad_Temporalidad_labora.rtf-477252104-300x200.jpg 300w, https:\/\/empresas.infoempleo.com\/hrtrends\/media\/2018\/04\/HRTrends-Actualidad_Temporalidad_labora.rtf-477252104-1024x684.jpg 1024w, https:\/\/empresas.infoempleo.com\/hrtrends\/media\/2018\/04\/HRTrends-Actualidad_Temporalidad_labora.rtf-477252104-768x513.jpg 768w\" sizes=\"auto, (max-width: 1140px) 100vw, 1140px\" \/><\/p>\n<h2><b>\u00bfC\u00f3mo afecta la temporalidad a las empresas?<\/b><\/h2>\n<p><span style=\"font-weight: 400;\">La temporalidad <\/span><b>repercute de forma negativa en la estabilidad <\/b><span style=\"font-weight: 400;\">de las compa\u00f1\u00edas, para la cual es muy importante tener una <\/span><b>plantilla consolidada<\/b><span style=\"font-weight: 400;\">. El hecho de que los trabajadores vayan y vengan genera<\/span><b> cierto desequilibrio<\/b><span style=\"font-weight: 400;\">. \u00a0<\/span><\/p>\n<p><span style=\"font-weight: 400;\">Por otro lado, la <\/span><b>productividad <\/b><span style=\"font-weight: 400;\">tambi\u00e9n se ve <\/span><b>gravemente afectada<\/b><span style=\"font-weight: 400;\">. Independientemente de que se tenga experiencia, la <\/span><b>adaptaci\u00f3n a un nuevo puesto de trabajo <\/b><span style=\"font-weight: 400;\">requiere de un tiempo en el que la producci\u00f3n no es tan elevada como podr\u00eda ser.<\/span><\/p>\n<p><span style=\"font-weight: 400;\">Por \u00faltimo, <\/span><b>el trabajo en equipo y la complicidad<\/b><span style=\"font-weight: 400;\"> que resultan tan beneficiosos para la creaci\u00f3n de un <\/span><b>ambiente laboral positivo<\/b><span style=\"font-weight: 400;\"> es mucho m\u00e1s dif\u00edcil de alcanzar si los empleados est\u00e1n cambiando constantemente<\/span><b>. <\/b><span style=\"font-weight: 400;\">\u00a0<\/span><\/p>\n<h2><b>\u00bfQu\u00e9 soluciones puede haber a la temporalidad?<\/b><\/h2>\n<p><span style=\"font-weight: 400;\">La primera medida a adoptar es la de apostar por un <\/span><b>sistema de investigaci\u00f3n eficaz<\/b><span style=\"font-weight: 400;\"> que delimite<\/span><b> cu\u00e1ndo la contrataci\u00f3n temporal est\u00e1 justificada<\/b><span style=\"font-weight: 400;\"> y cu\u00e1ndo se est\u00e1 cometiendo un <\/span><b>fraude de ley<\/b><span style=\"font-weight: 400;\">. Aunque no tendr\u00eda sentido eliminar este tipo de contrataci\u00f3n de la normativa laboral, una <\/span><b>mayor regulaci\u00f3n<\/b><span style=\"font-weight: 400;\"> es necesaria para mejorar la situaci\u00f3n de Espa\u00f1a a este respecto. <\/span><\/p>\n<p><span style=\"font-weight: 400;\">Por otro lado, una posible soluci\u00f3n ser\u00eda la <\/span><b>eliminaci\u00f3n de trabas en el despido<\/b><span style=\"font-weight: 400;\">, ya que el hecho de que una empresa <\/span><b>necesite justificar en exceso su decisi\u00f3n<\/b><span style=\"font-weight: 400;\"> de prescindir de un empleado conduce a que las compa\u00f1\u00edas<\/span><b> prefieran optar por la contrataci\u00f3n temporal<\/b><span style=\"font-weight: 400;\">. Claro que en este caso existe el riesgo de que las empresas utilicen la medida para despedir a los trabajadores<\/span><b> sin motivos<\/b><span style=\"font-weight: 400;\">. <\/span><\/p>\n<p><span style=\"font-weight: 400;\">La <\/span><b>temporalidad<\/b><span style=\"font-weight: 400;\">, que en ning\u00fan caso debemos confundir con la <\/span><b>rotaci\u00f3n<\/b><span style=\"font-weight: 400;\"> \u00a0(ya que muchas veces en estos casos<\/span><a href=\"https:\/\/empresas.infoempleo.com\/hrtrends\/rotacion-personal\/\"><span style=\"font-weight: 400;\"> no es la empresa la que provoca esta indeseada situaci\u00f3n<\/span><\/a><span style=\"font-weight: 400;\">), es una <\/span><b>tendencia en alza<\/b><span style=\"font-weight: 400;\"> que tiene un<\/span><b> impacto negativo<\/b><span style=\"font-weight: 400;\"> en nuestro pa\u00eds. Es por eso que las empresas deben <\/span><b>concienciarse <\/b><span style=\"font-weight: 400;\">acerca de c\u00f3mo les perjudica. Solo as\u00ed podr\u00e1n <\/span><b>poner todos los medios a su alcance <\/b><span style=\"font-weight: 400;\">para conseguir mejores resultados y <\/span><b>aumentar su competitividad en el mercado<\/b><span style=\"font-weight: 400;\">.<\/span><\/p>\n","protected":false},"excerpt":{"rendered":"<p>&nbsp; La temporalidad laboral en Espa\u00f1a es una de las m\u00e1s altas de la Uni\u00f3n Europea. En Espa\u00f1a,<a class=\"moretag\" href=\"https:\/\/empresas.infoempleo.com\/hrtrends\/reducir-temporalidad-laboral\/\"> Leer m\u00e1s<\/a><\/p>\n","protected":false},"author":122,"featured_media":32319,"comment_status":"closed","ping_status":"open","sticky":false,"template":"","format":"standard","meta":{"footnotes":""},"categories":[3],"tags":[3168,3170],"class_list":["post-32317","post","type-post","status-publish","format-standard","has-post-thumbnail","hentry","category-actualidad","tag-empleo-precario","tag-situacion-laboral"],"yoast_head":"<!-- This site is optimized with the Yoast SEO plugin v26.1.1 - https:\/\/yoast.com\/wordpress\/plugins\/seo\/ -->\n<title>Principales acciones para reducir la temporalidad laboral<\/title>\n<meta name=\"description\" content=\"La temporalidad laboral cada vez crece m\u00e1s pese a que presenta muchos inconvenientes. Te mostramos las principales acciones para reducirla\" \/>\n<meta name=\"robots\" content=\"index, follow, max-snippet:-1, max-image-preview:large, max-video-preview:-1\" \/>\n<link rel=\"canonical\" href=\"https:\/\/empresas.infoempleo.com\/hrtrends\/reducir-temporalidad-laboral\/\" \/>\n<meta property=\"og:locale\" content=\"es_ES\" \/>\n<meta property=\"og:type\" content=\"article\" \/>\n<meta property=\"og:title\" content=\"Principales acciones para reducir la temporalidad laboral\" \/>\n<meta property=\"og:description\" content=\"La temporalidad laboral cada vez crece m\u00e1s pese a que presenta muchos inconvenientes. Te mostramos las principales acciones para reducirla\" \/>\n<meta property=\"og:url\" content=\"https:\/\/empresas.infoempleo.com\/hrtrends\/reducir-temporalidad-laboral\/\" \/>\n<meta property=\"og:site_name\" content=\"HRTRENDS\" \/>\n<meta property=\"article:publisher\" content=\"https:\/\/www.facebook.com\/Infoempleo\" \/>\n<meta property=\"article:published_time\" content=\"2018-04-27T06:00:36+00:00\" \/>\n<meta property=\"article:modified_time\" content=\"2018-05-23T14:34:37+00:00\" \/>\n<meta property=\"og:image\" content=\"https:\/\/empresas.infoempleo.com\/hrtrends\/media\/2018\/04\/HRTrends-Actualidad_Temporalidad_labora.rtf-622188942.jpg\" \/>\n\t<meta property=\"og:image:width\" content=\"1140\" \/>\n\t<meta property=\"og:image:height\" content=\"760\" \/>\n\t<meta property=\"og:image:type\" content=\"image\/jpeg\" \/>\n<meta name=\"author\" content=\"Adriana M.\" \/>\n<meta name=\"twitter:card\" content=\"summary_large_image\" \/>\n<meta name=\"twitter:creator\" content=\"@infoempleo\" \/>\n<meta name=\"twitter:site\" content=\"@infoempleo\" \/>\n<meta name=\"twitter:label1\" content=\"Escrito por\" \/>\n\t<meta name=\"twitter:data1\" content=\"Adriana M.\" \/>\n\t<meta name=\"twitter:label2\" content=\"Tiempo de lectura\" \/>\n\t<meta name=\"twitter:data2\" content=\"3 minutos\" \/>\n<script type=\"application\/ld+json\" class=\"yoast-schema-graph\">{\"@context\":\"https:\/\/schema.org\",\"@graph\":[{\"@type\":\"NewsArticle\",\"@id\":\"https:\/\/empresas.infoempleo.com\/hrtrends\/reducir-temporalidad-laboral\/#article\",\"isPartOf\":{\"@id\":\"https:\/\/empresas.infoempleo.com\/hrtrends\/reducir-temporalidad-laboral\/\"},\"author\":{\"name\":\"Adriana M.\",\"@id\":\"https:\/\/empresas.infoempleo.com\/hrtrends\/#\/schema\/person\/b1dd51edbb566a47cd8f7513fa73d223\"},\"headline\":\"Principales acciones para reducir la temporalidad laboral\",\"datePublished\":\"2018-04-27T06:00:36+00:00\",\"dateModified\":\"2018-05-23T14:34:37+00:00\",\"mainEntityOfPage\":{\"@id\":\"https:\/\/empresas.infoempleo.com\/hrtrends\/reducir-temporalidad-laboral\/\"},\"wordCount\":648,\"publisher\":{\"@id\":\"https:\/\/empresas.infoempleo.com\/hrtrends\/#organization\"},\"image\":{\"@id\":\"https:\/\/empresas.infoempleo.com\/hrtrends\/reducir-temporalidad-laboral\/#primaryimage\"},\"thumbnailUrl\":\"https:\/\/empresas.infoempleo.com\/hrtrends\/media\/2018\/04\/HRTrends-Actualidad_Temporalidad_labora.rtf-622188942.jpg\",\"keywords\":[\"empleo precario\",\"situaci\u00f3n laboral\"],\"articleSection\":[\"Actualidad\"],\"inLanguage\":\"es\",\"copyrightYear\":\"2018\",\"copyrightHolder\":{\"@id\":\"https:\/\/empresas.infoempleo.com\/hrtrends\/#organization\"}},{\"@type\":\"WebPage\",\"@id\":\"https:\/\/empresas.infoempleo.com\/hrtrends\/reducir-temporalidad-laboral\/\",\"url\":\"https:\/\/empresas.infoempleo.com\/hrtrends\/reducir-temporalidad-laboral\/\",\"name\":\"Principales acciones para reducir la temporalidad laboral\",\"isPartOf\":{\"@id\":\"https:\/\/empresas.infoempleo.com\/hrtrends\/#website\"},\"primaryImageOfPage\":{\"@id\":\"https:\/\/empresas.infoempleo.com\/hrtrends\/reducir-temporalidad-laboral\/#primaryimage\"},\"image\":{\"@id\":\"https:\/\/empresas.infoempleo.com\/hrtrends\/reducir-temporalidad-laboral\/#primaryimage\"},\"thumbnailUrl\":\"https:\/\/empresas.infoempleo.com\/hrtrends\/media\/2018\/04\/HRTrends-Actualidad_Temporalidad_labora.rtf-622188942.jpg\",\"datePublished\":\"2018-04-27T06:00:36+00:00\",\"dateModified\":\"2018-05-23T14:34:37+00:00\",\"description\":\"La temporalidad laboral cada vez crece m\u00e1s pese a que presenta muchos inconvenientes. Te mostramos las principales acciones para reducirla\",\"breadcrumb\":{\"@id\":\"https:\/\/empresas.infoempleo.com\/hrtrends\/reducir-temporalidad-laboral\/#breadcrumb\"},\"inLanguage\":\"es\",\"potentialAction\":[{\"@type\":\"ReadAction\",\"target\":[\"https:\/\/empresas.infoempleo.com\/hrtrends\/reducir-temporalidad-laboral\/\"]}]},{\"@type\":\"ImageObject\",\"inLanguage\":\"es\",\"@id\":\"https:\/\/empresas.infoempleo.com\/hrtrends\/reducir-temporalidad-laboral\/#primaryimage\",\"url\":\"https:\/\/empresas.infoempleo.com\/hrtrends\/media\/2018\/04\/HRTrends-Actualidad_Temporalidad_labora.rtf-622188942-150x150.jpg\",\"contentUrl\":\"https:\/\/empresas.infoempleo.com\/hrtrends\/media\/2018\/04\/HRTrends-Actualidad_Temporalidad_labora.rtf-622188942-150x150.jpg\",\"width\":150,\"height\":150},{\"@type\":\"BreadcrumbList\",\"@id\":\"https:\/\/empresas.infoempleo.com\/hrtrends\/reducir-temporalidad-laboral\/#breadcrumb\",\"itemListElement\":[{\"@type\":\"ListItem\",\"position\":1,\"name\":\"Portada\",\"item\":\"https:\/\/empresas.infoempleo.com\/hrtrends\/\"},{\"@type\":\"ListItem\",\"position\":2,\"name\":\"Principales acciones para reducir la temporalidad laboral\"}]},{\"@type\":\"WebSite\",\"@id\":\"https:\/\/empresas.infoempleo.com\/hrtrends\/#website\",\"url\":\"https:\/\/empresas.infoempleo.com\/hrtrends\",\"name\":\"HRTrends by Infoempleo\",\"description\":\"\",\"publisher\":{\"@id\":\"https:\/\/empresas.infoempleo.com\/hrtrends\/#organization\"},\"potentialAction\":{\"@type\":\"SearchAction\",\"target\":\"https:\/\/empresas.infoempleo.com\/hrtrends\/?s={search_term_string}\",\"query-input\":\"required name=search_term_string\"},\"inLanguage\":\"es\"},{\"@type\":\"Organization\",\"@id\":\"https:\/\/empresas.infoempleo.com\/hrtrends\/#organization\",\"name\":\"Infoempleo\",\"url\":\"https:\/\/www.infoempleo.com\/\",\"logo\":{\"@type\":\"ImageObject\",\"@id\":\"https:\/\/empresas.infoempleo.com\/hrtrends\/#logo\",\"inLanguage\":\"es\",\"url\":\"https:\/\/cdnazure.infoempleo.com\/infoempleo\/assets\/style\/gfx\/logo.svg\",\"contentUrl\":\"https:\/\/cdnazure.infoempleo.com\/infoempleo\/assets\/style\/gfx\/logo.svg\",\"width\":150,\"height\":40,\"caption\":\"Infoempleo\"},\"image\":{\"@id\":\"https:\/\/empresas.infoempleo.com\/hrtrends\/#logo\"},\"sameAs\":[\"https:\/\/www.facebook.com\/Infoempleo\",\"https:\/\/x.com\/infoempleo\",\"http:\/\/instagram.com\/infoempleo\/\",\"http:\/\/www.linkedin.com\/groups\/Empleo-Espa\u00f1a-Infoempleocom-111276\",\"http:\/\/pinterest.com\/infoempleo\/\"],\"address\":{\"@type\":\"PostalAddress\",\"addressLocality\":\"Madrid\",\"postalCode\":\"28050\",\"streetAddress\":\"Avenida de Burgos 114\"},\"brand\":[\"Infoempleo\"]},{\"@type\":\"Person\",\"@id\":\"https:\/\/empresas.infoempleo.com\/hrtrends\/#\/schema\/person\/b1dd51edbb566a47cd8f7513fa73d223\",\"name\":\"Adriana M.\",\"image\":{\"@type\":\"ImageObject\",\"inLanguage\":\"es\",\"@id\":\"https:\/\/empresas.infoempleo.com\/hrtrends\/#\/schema\/person\/image\/\",\"url\":\"https:\/\/secure.gravatar.com\/avatar\/243f7dd7e1db0ad0e9791be05df7d72ba5c8bf338408591753bae2fe87dae18d?s=96&d=mm&r=g\",\"contentUrl\":\"https:\/\/secure.gravatar.com\/avatar\/243f7dd7e1db0ad0e9791be05df7d72ba5c8bf338408591753bae2fe87dae18d?s=96&d=mm&r=g\",\"caption\":\"Adriana M.\"},\"description\":\"Periodista y experta en Comunicaci\u00f3n Audiovisual y Narrativa. Me encanta escribir y narrar lo que pasa a mi alrededor es mi pasi\u00f3n.\",\"url\":\"https:\/\/empresas.infoempleo.com\/hrtrends\/author\/adriana-kanvas\/\"}]}<\/script>\n<!-- \/ Yoast SEO plugin. -->","yoast_head_json":{"title":"Principales acciones para reducir la temporalidad laboral","description":"La temporalidad laboral cada vez crece m\u00e1s pese a que presenta muchos inconvenientes. Te mostramos las principales acciones para reducirla","robots":{"index":"index","follow":"follow","max-snippet":"max-snippet:-1","max-image-preview":"max-image-preview:large","max-video-preview":"max-video-preview:-1"},"canonical":"https:\/\/empresas.infoempleo.com\/hrtrends\/reducir-temporalidad-laboral\/","og_locale":"es_ES","og_type":"article","og_title":"Principales acciones para reducir la temporalidad laboral","og_description":"La temporalidad laboral cada vez crece m\u00e1s pese a que presenta muchos inconvenientes. Te mostramos las principales acciones para reducirla","og_url":"https:\/\/empresas.infoempleo.com\/hrtrends\/reducir-temporalidad-laboral\/","og_site_name":"HRTRENDS","article_publisher":"https:\/\/www.facebook.com\/Infoempleo","article_published_time":"2018-04-27T06:00:36+00:00","article_modified_time":"2018-05-23T14:34:37+00:00","og_image":[{"width":1140,"height":760,"url":"https:\/\/empresas.infoempleo.com\/hrtrends\/media\/2018\/04\/HRTrends-Actualidad_Temporalidad_labora.rtf-622188942.jpg","type":"image\/jpeg"}],"author":"Adriana M.","twitter_card":"summary_large_image","twitter_creator":"@infoempleo","twitter_site":"@infoempleo","twitter_misc":{"Escrito por":"Adriana M.","Tiempo de lectura":"3 minutos"},"schema":{"@context":"https:\/\/schema.org","@graph":[{"@type":"NewsArticle","@id":"https:\/\/empresas.infoempleo.com\/hrtrends\/reducir-temporalidad-laboral\/#article","isPartOf":{"@id":"https:\/\/empresas.infoempleo.com\/hrtrends\/reducir-temporalidad-laboral\/"},"author":{"name":"Adriana M.","@id":"https:\/\/empresas.infoempleo.com\/hrtrends\/#\/schema\/person\/b1dd51edbb566a47cd8f7513fa73d223"},"headline":"Principales acciones para reducir la temporalidad laboral","datePublished":"2018-04-27T06:00:36+00:00","dateModified":"2018-05-23T14:34:37+00:00","mainEntityOfPage":{"@id":"https:\/\/empresas.infoempleo.com\/hrtrends\/reducir-temporalidad-laboral\/"},"wordCount":648,"publisher":{"@id":"https:\/\/empresas.infoempleo.com\/hrtrends\/#organization"},"image":{"@id":"https:\/\/empresas.infoempleo.com\/hrtrends\/reducir-temporalidad-laboral\/#primaryimage"},"thumbnailUrl":"https:\/\/empresas.infoempleo.com\/hrtrends\/media\/2018\/04\/HRTrends-Actualidad_Temporalidad_labora.rtf-622188942.jpg","keywords":["empleo precario","situaci\u00f3n laboral"],"articleSection":["Actualidad"],"inLanguage":"es","copyrightYear":"2018","copyrightHolder":{"@id":"https:\/\/empresas.infoempleo.com\/hrtrends\/#organization"}},{"@type":"WebPage","@id":"https:\/\/empresas.infoempleo.com\/hrtrends\/reducir-temporalidad-laboral\/","url":"https:\/\/empresas.infoempleo.com\/hrtrends\/reducir-temporalidad-laboral\/","name":"Principales acciones para reducir la temporalidad laboral","isPartOf":{"@id":"https:\/\/empresas.infoempleo.com\/hrtrends\/#website"},"primaryImageOfPage":{"@id":"https:\/\/empresas.infoempleo.com\/hrtrends\/reducir-temporalidad-laboral\/#primaryimage"},"image":{"@id":"https:\/\/empresas.infoempleo.com\/hrtrends\/reducir-temporalidad-laboral\/#primaryimage"},"thumbnailUrl":"https:\/\/empresas.infoempleo.com\/hrtrends\/media\/2018\/04\/HRTrends-Actualidad_Temporalidad_labora.rtf-622188942.jpg","datePublished":"2018-04-27T06:00:36+00:00","dateModified":"2018-05-23T14:34:37+00:00","description":"La temporalidad laboral cada vez crece m\u00e1s pese a que presenta muchos inconvenientes. Te mostramos las principales acciones para reducirla","breadcrumb":{"@id":"https:\/\/empresas.infoempleo.com\/hrtrends\/reducir-temporalidad-laboral\/#breadcrumb"},"inLanguage":"es","potentialAction":[{"@type":"ReadAction","target":["https:\/\/empresas.infoempleo.com\/hrtrends\/reducir-temporalidad-laboral\/"]}]},{"@type":"ImageObject","inLanguage":"es","@id":"https:\/\/empresas.infoempleo.com\/hrtrends\/reducir-temporalidad-laboral\/#primaryimage","url":"https:\/\/empresas.infoempleo.com\/hrtrends\/media\/2018\/04\/HRTrends-Actualidad_Temporalidad_labora.rtf-622188942-150x150.jpg","contentUrl":"https:\/\/empresas.infoempleo.com\/hrtrends\/media\/2018\/04\/HRTrends-Actualidad_Temporalidad_labora.rtf-622188942-150x150.jpg","width":150,"height":150},{"@type":"BreadcrumbList","@id":"https:\/\/empresas.infoempleo.com\/hrtrends\/reducir-temporalidad-laboral\/#breadcrumb","itemListElement":[{"@type":"ListItem","position":1,"name":"Portada","item":"https:\/\/empresas.infoempleo.com\/hrtrends\/"},{"@type":"ListItem","position":2,"name":"Principales acciones para reducir la temporalidad laboral"}]},{"@type":"WebSite","@id":"https:\/\/empresas.infoempleo.com\/hrtrends\/#website","url":"https:\/\/empresas.infoempleo.com\/hrtrends","name":"HRTrends by Infoempleo","description":"","publisher":{"@id":"https:\/\/empresas.infoempleo.com\/hrtrends\/#organization"},"potentialAction":{"@type":"SearchAction","target":"https:\/\/empresas.infoempleo.com\/hrtrends\/?s={search_term_string}","query-input":"required name=search_term_string"},"inLanguage":"es"},{"@type":"Organization","@id":"https:\/\/empresas.infoempleo.com\/hrtrends\/#organization","name":"Infoempleo","url":"https:\/\/www.infoempleo.com\/","logo":{"@type":"ImageObject","@id":"https:\/\/empresas.infoempleo.com\/hrtrends\/#logo","inLanguage":"es","url":"https:\/\/cdnazure.infoempleo.com\/infoempleo\/assets\/style\/gfx\/logo.svg","contentUrl":"https:\/\/cdnazure.infoempleo.com\/infoempleo\/assets\/style\/gfx\/logo.svg","width":150,"height":40,"caption":"Infoempleo"},"image":{"@id":"https:\/\/empresas.infoempleo.com\/hrtrends\/#logo"},"sameAs":["https:\/\/www.facebook.com\/Infoempleo","https:\/\/x.com\/infoempleo","http:\/\/instagram.com\/infoempleo\/","http:\/\/www.linkedin.com\/groups\/Empleo-Espa\u00f1a-Infoempleocom-111276","http:\/\/pinterest.com\/infoempleo\/"],"address":{"@type":"PostalAddress","addressLocality":"Madrid","postalCode":"28050","streetAddress":"Avenida de Burgos 114"},"brand":["Infoempleo"]},{"@type":"Person","@id":"https:\/\/empresas.infoempleo.com\/hrtrends\/#\/schema\/person\/b1dd51edbb566a47cd8f7513fa73d223","name":"Adriana M.","image":{"@type":"ImageObject","inLanguage":"es","@id":"https:\/\/empresas.infoempleo.com\/hrtrends\/#\/schema\/person\/image\/","url":"https:\/\/secure.gravatar.com\/avatar\/243f7dd7e1db0ad0e9791be05df7d72ba5c8bf338408591753bae2fe87dae18d?s=96&d=mm&r=g","contentUrl":"https:\/\/secure.gravatar.com\/avatar\/243f7dd7e1db0ad0e9791be05df7d72ba5c8bf338408591753bae2fe87dae18d?s=96&d=mm&r=g","caption":"Adriana M."},"description":"Periodista y experta en Comunicaci\u00f3n Audiovisual y Narrativa. Me encanta escribir y narrar lo que pasa a mi alrededor es mi pasi\u00f3n.","url":"https:\/\/empresas.infoempleo.com\/hrtrends\/author\/adriana-kanvas\/"}]}},"amp_enabled":true,"_links":{"self":[{"href":"https:\/\/empresas.infoempleo.com\/hrtrends\/wp-json\/wp\/v2\/posts\/32317","targetHints":{"allow":["GET"]}}],"collection":[{"href":"https:\/\/empresas.infoempleo.com\/hrtrends\/wp-json\/wp\/v2\/posts"}],"about":[{"href":"https:\/\/empresas.infoempleo.com\/hrtrends\/wp-json\/wp\/v2\/types\/post"}],"author":[{"embeddable":true,"href":"https:\/\/empresas.infoempleo.com\/hrtrends\/wp-json\/wp\/v2\/users\/122"}],"replies":[{"embeddable":true,"href":"https:\/\/empresas.infoempleo.com\/hrtrends\/wp-json\/wp\/v2\/comments?post=32317"}],"version-history":[{"count":0,"href":"https:\/\/empresas.infoempleo.com\/hrtrends\/wp-json\/wp\/v2\/posts\/32317\/revisions"}],"wp:featuredmedia":[{"embeddable":true,"href":"https:\/\/empresas.infoempleo.com\/hrtrends\/wp-json\/wp\/v2\/media\/32319"}],"wp:attachment":[{"href":"https:\/\/empresas.infoempleo.com\/hrtrends\/wp-json\/wp\/v2\/media?parent=32317"}],"wp:term":[{"taxonomy":"category","embeddable":true,"href":"https:\/\/empresas.infoempleo.com\/hrtrends\/wp-json\/wp\/v2\/categories?post=32317"},{"taxonomy":"post_tag","embeddable":true,"href":"https:\/\/empresas.infoempleo.com\/hrtrends\/wp-json\/wp\/v2\/tags?post=32317"}],"curies":[{"name":"wp","href":"https:\/\/api.w.org\/{rel}","templated":true}]}}