{"id":32313,"date":"2018-04-25T12:04:15","date_gmt":"2018-04-25T10:04:15","guid":{"rendered":"https:\/\/empresas.infoempleo.com\/hrtrends\/?p=32313"},"modified":"2018-08-23T09:54:00","modified_gmt":"2018-08-23T07:54:00","slug":"nativo-digital","status":"publish","type":"post","link":"https:\/\/empresas.infoempleo.com\/hrtrends\/nativo-digital\/","title":{"rendered":"Qu\u00e9 es un nativo digital y qu\u00e9 cambios provoca en las empresas su llegada"},"content":{"rendered":"<p><span style=\"font-weight: 400;\">Todos hemos escuchado en los \u00faltimos a\u00f1os t\u00e9rminos como <\/span><b>babyboomers<\/b><span style=\"font-weight: 400;\">, <\/span><b>generaci\u00f3n X<\/b><span style=\"font-weight: 400;\">, <\/span><a href=\"https:\/\/empresas.infoempleo.com\/hrtrends\/contratar-xennial-beneficiara-empresa\/\"><b>xennials<\/b><\/a><span style=\"font-weight: 400;\"> o <\/span><a href=\"https:\/\/empresas.infoempleo.com\/hrtrends\/un-35-de-los-trabajadores-a-nivel-mundial-ya-es-millenial\/\"><b>millennials<\/b><\/a><span style=\"font-weight: 400;\">. Estos conceptos hacen referencia a algunas de las <\/span><b>generaciones que conviven actualmente en nuestra sociedad<\/b><span style=\"font-weight: 400;\"> y que se caracterizan por compartir <\/span><b>rasgos muy concretos <\/b><span style=\"font-weight: 400;\">propios de sus contextos y vivencias. Sin embargo, la expresi\u00f3n que m\u00e1s est\u00e1 resonando desde hace un tiempo es la de <\/span><b>nativo digital<\/b><span style=\"font-weight: 400;\">. Pero \u00bfqu\u00e9 significa exactamente? Y \u00bfa qui\u00e9n se refiere?<\/span><\/p>\n<p><span style=\"font-weight: 400;\">El t\u00e9rmino <\/span><b>nativo digital<\/b><span style=\"font-weight: 400;\"> fue acu\u00f1ado por <\/span><b>Mark Prensky<\/b><span style=\"font-weight: 400;\"> y hace alusi\u00f3n a las <\/span><b>personas nacidas a partir de la<\/b> <b>d\u00e9cada de los noventa<\/b><span style=\"font-weight: 400;\">. Esto implica que han llegado al mundo cuando <\/span><b>las nuevas tecnolog\u00edas<\/b><span style=\"font-weight: 400;\"> ya ten\u00edan una <\/span><b>fuerte presencia en la sociedad<\/b><span style=\"font-weight: 400;\">, lo que provoca que tengan unas <\/span><b>habilidades y una intuici\u00f3n<\/b><span style=\"font-weight: 400;\"> mayores para el uso de <\/span><b>dispositivos y herramientas digitales<\/b><span style=\"font-weight: 400;\">. Los nativos digitales tienen una fuerte relaci\u00f3n de <\/span><b>dependencia con las nuevas tecnolog\u00edas<\/b><span style=\"font-weight: 400;\">, que utilizan para <\/span><b>informarse, estudiar<\/b><span style=\"font-weight: 400;\">, <\/span><b>relacionarse<\/b><span style=\"font-weight: 400;\">, <\/span><b>comprar<\/b><span style=\"font-weight: 400;\"> y <\/span><b>entretenerse.<\/b><\/p>\n<p><span style=\"font-weight: 400;\">La <\/span><b>configuraci\u00f3n psicocognitiva<\/b><span style=\"font-weight: 400;\"> de los nativos digitales es, por tanto, diferente. Esto hace que, a la hora de entrar a trabajar en una empresa, aporten <\/span><b>un valor distinto<\/b><span style=\"font-weight: 400;\">. Debido a eso, las compa\u00f1\u00edas han de tener en cuenta cu\u00e1les son <\/span><b>las caracter\u00edsticas<\/b><span style=\"font-weight: 400;\"> de esta nueva generaci\u00f3n para intentar <\/span><b>sacarle provecho y mejorar as\u00ed la productividad<\/b><span style=\"font-weight: 400;\">.<\/span><\/p>\n<p><img loading=\"lazy\" decoding=\"async\" class=\"alignnone  wp-image-32314\" src=\"https:\/\/empresas.infoempleo.com\/hrtrends\/media\/2018\/04\/HR-Trends-Reclutamiento-Que_es_un_nativo_digital-505970566.jpg\" alt=\"Qu\u00e9 es un nativo digital\" width=\"845\" height=\"563\" srcset=\"https:\/\/empresas.infoempleo.com\/hrtrends\/media\/2018\/04\/HR-Trends-Reclutamiento-Que_es_un_nativo_digital-505970566.jpg 1140w, https:\/\/empresas.infoempleo.com\/hrtrends\/media\/2018\/04\/HR-Trends-Reclutamiento-Que_es_un_nativo_digital-505970566-300x200.jpg 300w, https:\/\/empresas.infoempleo.com\/hrtrends\/media\/2018\/04\/HR-Trends-Reclutamiento-Que_es_un_nativo_digital-505970566-1024x683.jpg 1024w, https:\/\/empresas.infoempleo.com\/hrtrends\/media\/2018\/04\/HR-Trends-Reclutamiento-Que_es_un_nativo_digital-505970566-768x512.jpg 768w\" sizes=\"auto, (max-width: 845px) 100vw, 845px\" \/><\/p>\n<h2><b>\u00a0Principales caracter\u00edsticas de los nativos digitales<\/b><\/h2>\n<p><span style=\"font-weight: 400;\">La principal peculiaridad que tienen los nativos digitales es que han nacido adaptados a las tecnolog\u00edas y son imprescindibles en su d\u00eda a d\u00eda. No obstante, tienen otras muchas <\/span><b>particularidades<\/b><span style=\"font-weight: 400;\">:<\/span><\/p>\n<ul>\n<li style=\"font-weight: 400;\"><b>Aman la velocidad<\/b><\/li>\n<\/ul>\n<p><span style=\"font-weight: 400;\">La paciencia no es una de sus cualidades porque est\u00e1n <\/span><b>acostumbrados a la inmediatez<\/b><span style=\"font-weight: 400;\"> que les proporcionan <\/span><b>las nuevas tecnolog\u00edas<\/b><span style=\"font-weight: 400;\">. Por ello, suelen hacer las cosas de manera muy r\u00e1pida. <\/span><\/p>\n<ul>\n<li style=\"font-weight: 400;\"><b>Capacidad multitarea<\/b><\/li>\n<\/ul>\n<p><span style=\"font-weight: 400;\">Mientras que otras generaciones necesitan <\/span><b>terminar lo que tienen entre manos<\/b><span style=\"font-weight: 400;\"> para ponerse con otra tarea, los <\/span><b>nativos digitales<\/b><span style=\"font-weight: 400;\"> no tienen esta limitaci\u00f3n. Por el contrario, son capaces de <\/span><b>hacer varias labores a la vez<\/b><span style=\"font-weight: 400;\"> con total eficacia. Como han crecido <\/span><b>rodeados de est\u00edmulos<\/b><span style=\"font-weight: 400;\">, tienen una gran habilidad para <\/span><b>atender a varios asuntos al mismo tiempo<\/b><span style=\"font-weight: 400;\">.<\/span><\/p>\n<ul>\n<li style=\"font-weight: 400;\"><b>Toman decisiones r\u00e1pidamente<\/b><\/li>\n<\/ul>\n<p><span style=\"font-weight: 400;\">Los nativos digitales son capaces de <\/span><b>analizar las situaciones r\u00e1pidamente<\/b><span style=\"font-weight: 400;\"> para adaptarse y encontrar la <\/span><b>mejor soluci\u00f3n posible<\/b><span style=\"font-weight: 400;\">. Y, c\u00f3mo no, hacerlo <\/span><b>de forma r\u00e1pida<\/b><span style=\"font-weight: 400;\">. <\/span><\/p>\n<h2><b>Formas de trabajo diferentes<\/b><\/h2>\n<p><span style=\"font-weight: 400;\">Debido a estas caracter\u00edsticas, los nativos digitales aportan <\/span><b>una visi\u00f3n nueva y fresca<\/b><span style=\"font-weight: 400;\"> a la empresa y <\/span><a href=\"https:\/\/empresas.infoempleo.com\/hrtrends\/babyboomers-digital-natives-estuviera-la-ecuacion-perfecta-las-empresas\/\"><span style=\"font-weight: 400;\">pueden ser de gran ayuda para los trabajadores de otra generaciones<\/span><\/a><span style=\"font-weight: 400;\"> que no tengan <\/span><b>tantas facilidades<\/b><span style=\"font-weight: 400;\"> con el uso de las <\/span><b>nuevas tecnolog\u00edas<\/b><span style=\"font-weight: 400;\">. <\/span><\/p>\n<p><span style=\"font-weight: 400;\">Por otro lado, la forma de trabajar de estas personas est\u00e1 <\/span><b>siempre muy vinculada a la red<\/b><span style=\"font-weight: 400;\">, por lo cual demandar\u00e1n disponer de <\/span><b>los dispositivos de \u00faltima generaci\u00f3n<\/b><span style=\"font-weight: 400;\">, lo que contribuir\u00e1 a que <\/span><b>la empresa est\u00e9 actualizada<\/b><span style=\"font-weight: 400;\">. <\/span><\/p>\n<p><span style=\"font-weight: 400;\">Adem\u00e1s, debido a la educaci\u00f3n que han tenido, necesitan <\/span><b>sentir la satisfacci\u00f3n de forma inmediata<\/b><span style=\"font-weight: 400;\">, as\u00ed que <\/span><a href=\"https:\/\/empresas.infoempleo.com\/hrtrends\/incentivos-laborales\/\/\"><span style=\"font-weight: 400;\">trabajan mejor con incentivos laborales<\/span><\/a><span style=\"font-weight: 400;\">. <\/span><\/p>\n<p><span style=\"font-weight: 400;\">Ahora que ya conoces las caracter\u00edsticas de los <\/span><b>nativos digitales<\/b><span style=\"font-weight: 400;\"> y todo lo que pueden aportar a tu empresa ya puedes saber mejor <\/span><b>con qu\u00e9 te vas a encontrar<\/b><span style=\"font-weight: 400;\"> y c\u00f3mo puedes <\/span><b>potenciar las cosas buenas<\/b><span style=\"font-weight: 400;\"> que esta generaci\u00f3n puede ofrecer. Ten presente que <\/span><a href=\"https:\/\/empresas.infoempleo.com\/hrtrends\/10-claves-para-aprender-a-gestionar-plantillas-heterogeneas\/\"><span style=\"font-weight: 400;\">tener un equipo heterog\u00e9neo<\/span><\/a><span style=\"font-weight: 400;\"> y <\/span><a href=\"https:\/\/empresas.infoempleo.com\/hrtrends\/la-integracion-multigeneracional-trabajo\/\"><span style=\"font-weight: 400;\">optar por una plantilla multigeneracional<\/span><\/a><span style=\"font-weight: 400;\"> siempre va a jugar a tu favor.<\/span><\/p>\n","protected":false},"excerpt":{"rendered":"<p>Todos hemos escuchado en los \u00faltimos a\u00f1os t\u00e9rminos como babyboomers, generaci\u00f3n X, xennials o millennials. Estos conceptos hacen<a class=\"moretag\" href=\"https:\/\/empresas.infoempleo.com\/hrtrends\/nativo-digital\/\"> Leer m\u00e1s<\/a><\/p>\n","protected":false},"author":122,"featured_media":32315,"comment_status":"closed","ping_status":"open","sticky":false,"template":"","format":"standard","meta":{"footnotes":""},"categories":[3030],"tags":[3024,3183],"class_list":["post-32313","post","type-post","status-publish","format-standard","has-post-thumbnail","hentry","category-reclutamiento","tag-digitalizacion","tag-perfil-profesional"],"yoast_head":"<!-- This site is optimized with the Yoast SEO plugin v26.1.1 - https:\/\/yoast.com\/wordpress\/plugins\/seo\/ -->\n<title>Qu\u00e9 es un nativo digital y qu\u00e9 cambios provoca en las empresas<\/title>\n<meta name=\"description\" content=\"Descubre qu\u00e9 es un nativo digital, cu\u00e1les son sus particularidades y qu\u00e9 cambios provoca su presencia dentro de las plantillas. \u00a1Te lo contamos!\" \/>\n<meta name=\"robots\" content=\"index, follow, max-snippet:-1, max-image-preview:large, max-video-preview:-1\" \/>\n<link rel=\"canonical\" href=\"https:\/\/empresas.infoempleo.com\/hrtrends\/nativo-digital\/\" \/>\n<meta property=\"og:locale\" content=\"es_ES\" \/>\n<meta property=\"og:type\" content=\"article\" \/>\n<meta property=\"og:title\" content=\"Qu\u00e9 es un nativo digital y qu\u00e9 cambios provoca en las empresas\" \/>\n<meta property=\"og:description\" content=\"Descubre qu\u00e9 es un nativo digital, cu\u00e1les son sus particularidades y qu\u00e9 cambios provoca su presencia dentro de las plantillas. \u00a1Te lo contamos!\" \/>\n<meta property=\"og:url\" content=\"https:\/\/empresas.infoempleo.com\/hrtrends\/nativo-digital\/\" \/>\n<meta property=\"og:site_name\" content=\"HRTRENDS\" \/>\n<meta property=\"article:publisher\" content=\"https:\/\/www.facebook.com\/Infoempleo\" \/>\n<meta property=\"article:published_time\" content=\"2018-04-25T10:04:15+00:00\" \/>\n<meta property=\"article:modified_time\" content=\"2018-08-23T07:54:00+00:00\" \/>\n<meta property=\"og:image\" content=\"https:\/\/empresas.infoempleo.com\/hrtrends\/media\/2018\/04\/HR-Trends-Reclutamiento-Que_es_un_nativo_digital-875575944.jpg\" \/>\n\t<meta property=\"og:image:width\" content=\"1140\" \/>\n\t<meta property=\"og:image:height\" content=\"761\" \/>\n\t<meta property=\"og:image:type\" content=\"image\/jpeg\" \/>\n<meta name=\"author\" content=\"Adriana M.\" \/>\n<meta name=\"twitter:card\" content=\"summary_large_image\" \/>\n<meta name=\"twitter:creator\" content=\"@infoempleo\" \/>\n<meta name=\"twitter:site\" content=\"@infoempleo\" \/>\n<meta name=\"twitter:label1\" content=\"Escrito por\" \/>\n\t<meta name=\"twitter:data1\" content=\"Adriana M.\" \/>\n\t<meta name=\"twitter:label2\" content=\"Tiempo de lectura\" \/>\n\t<meta name=\"twitter:data2\" content=\"3 minutos\" \/>\n<script type=\"application\/ld+json\" class=\"yoast-schema-graph\">{\"@context\":\"https:\/\/schema.org\",\"@graph\":[{\"@type\":\"NewsArticle\",\"@id\":\"https:\/\/empresas.infoempleo.com\/hrtrends\/nativo-digital\/#article\",\"isPartOf\":{\"@id\":\"https:\/\/empresas.infoempleo.com\/hrtrends\/nativo-digital\/\"},\"author\":{\"name\":\"Adriana M.\",\"@id\":\"https:\/\/empresas.infoempleo.com\/hrtrends\/#\/schema\/person\/b1dd51edbb566a47cd8f7513fa73d223\"},\"headline\":\"Qu\u00e9 es un nativo digital y qu\u00e9 cambios provoca en las empresas su llegada\",\"datePublished\":\"2018-04-25T10:04:15+00:00\",\"dateModified\":\"2018-08-23T07:54:00+00:00\",\"mainEntityOfPage\":{\"@id\":\"https:\/\/empresas.infoempleo.com\/hrtrends\/nativo-digital\/\"},\"wordCount\":589,\"publisher\":{\"@id\":\"https:\/\/empresas.infoempleo.com\/hrtrends\/#organization\"},\"image\":{\"@id\":\"https:\/\/empresas.infoempleo.com\/hrtrends\/nativo-digital\/#primaryimage\"},\"thumbnailUrl\":\"https:\/\/empresas.infoempleo.com\/hrtrends\/media\/2018\/04\/HR-Trends-Reclutamiento-Que_es_un_nativo_digital-875575944.jpg\",\"keywords\":[\"digitalizaci\u00f3n\",\"perfil profesional\"],\"articleSection\":[\"Reclutamiento\"],\"inLanguage\":\"es\",\"copyrightYear\":\"2018\",\"copyrightHolder\":{\"@id\":\"https:\/\/empresas.infoempleo.com\/hrtrends\/#organization\"}},{\"@type\":\"WebPage\",\"@id\":\"https:\/\/empresas.infoempleo.com\/hrtrends\/nativo-digital\/\",\"url\":\"https:\/\/empresas.infoempleo.com\/hrtrends\/nativo-digital\/\",\"name\":\"Qu\u00e9 es un nativo digital y qu\u00e9 cambios provoca en las empresas\",\"isPartOf\":{\"@id\":\"https:\/\/empresas.infoempleo.com\/hrtrends\/#website\"},\"primaryImageOfPage\":{\"@id\":\"https:\/\/empresas.infoempleo.com\/hrtrends\/nativo-digital\/#primaryimage\"},\"image\":{\"@id\":\"https:\/\/empresas.infoempleo.com\/hrtrends\/nativo-digital\/#primaryimage\"},\"thumbnailUrl\":\"https:\/\/empresas.infoempleo.com\/hrtrends\/media\/2018\/04\/HR-Trends-Reclutamiento-Que_es_un_nativo_digital-875575944.jpg\",\"datePublished\":\"2018-04-25T10:04:15+00:00\",\"dateModified\":\"2018-08-23T07:54:00+00:00\",\"description\":\"Descubre qu\u00e9 es un nativo digital, cu\u00e1les son sus particularidades y qu\u00e9 cambios provoca su presencia dentro de las plantillas. \u00a1Te lo contamos!\",\"breadcrumb\":{\"@id\":\"https:\/\/empresas.infoempleo.com\/hrtrends\/nativo-digital\/#breadcrumb\"},\"inLanguage\":\"es\",\"potentialAction\":[{\"@type\":\"ReadAction\",\"target\":[\"https:\/\/empresas.infoempleo.com\/hrtrends\/nativo-digital\/\"]}]},{\"@type\":\"ImageObject\",\"inLanguage\":\"es\",\"@id\":\"https:\/\/empresas.infoempleo.com\/hrtrends\/nativo-digital\/#primaryimage\",\"url\":\"https:\/\/empresas.infoempleo.com\/hrtrends\/media\/2018\/04\/HR-Trends-Reclutamiento-Que_es_un_nativo_digital-875575944-150x150.jpg\",\"contentUrl\":\"https:\/\/empresas.infoempleo.com\/hrtrends\/media\/2018\/04\/HR-Trends-Reclutamiento-Que_es_un_nativo_digital-875575944-150x150.jpg\",\"width\":150,\"height\":150,\"caption\":\"Qu\u00e9 es un nativo digital\"},{\"@type\":\"BreadcrumbList\",\"@id\":\"https:\/\/empresas.infoempleo.com\/hrtrends\/nativo-digital\/#breadcrumb\",\"itemListElement\":[{\"@type\":\"ListItem\",\"position\":1,\"name\":\"Portada\",\"item\":\"https:\/\/empresas.infoempleo.com\/hrtrends\/\"},{\"@type\":\"ListItem\",\"position\":2,\"name\":\"Qu\u00e9 es un nativo digital y qu\u00e9 cambios provoca en las empresas su llegada\"}]},{\"@type\":\"WebSite\",\"@id\":\"https:\/\/empresas.infoempleo.com\/hrtrends\/#website\",\"url\":\"https:\/\/empresas.infoempleo.com\/hrtrends\",\"name\":\"HRTrends by Infoempleo\",\"description\":\"\",\"publisher\":{\"@id\":\"https:\/\/empresas.infoempleo.com\/hrtrends\/#organization\"},\"potentialAction\":{\"@type\":\"SearchAction\",\"target\":\"https:\/\/empresas.infoempleo.com\/hrtrends\/?s={search_term_string}\",\"query-input\":\"required name=search_term_string\"},\"inLanguage\":\"es\"},{\"@type\":\"Organization\",\"@id\":\"https:\/\/empresas.infoempleo.com\/hrtrends\/#organization\",\"name\":\"Infoempleo\",\"url\":\"https:\/\/www.infoempleo.com\/\",\"logo\":{\"@type\":\"ImageObject\",\"@id\":\"https:\/\/empresas.infoempleo.com\/hrtrends\/#logo\",\"inLanguage\":\"es\",\"url\":\"https:\/\/cdnazure.infoempleo.com\/infoempleo\/assets\/style\/gfx\/logo.svg\",\"contentUrl\":\"https:\/\/cdnazure.infoempleo.com\/infoempleo\/assets\/style\/gfx\/logo.svg\",\"width\":150,\"height\":40,\"caption\":\"Infoempleo\"},\"image\":{\"@id\":\"https:\/\/empresas.infoempleo.com\/hrtrends\/#logo\"},\"sameAs\":[\"https:\/\/www.facebook.com\/Infoempleo\",\"https:\/\/x.com\/infoempleo\",\"http:\/\/instagram.com\/infoempleo\/\",\"http:\/\/www.linkedin.com\/groups\/Empleo-Espa\u00f1a-Infoempleocom-111276\",\"http:\/\/pinterest.com\/infoempleo\/\"],\"address\":{\"@type\":\"PostalAddress\",\"addressLocality\":\"Madrid\",\"postalCode\":\"28050\",\"streetAddress\":\"Avenida de Burgos 114\"},\"brand\":[\"Infoempleo\"]},{\"@type\":\"Person\",\"@id\":\"https:\/\/empresas.infoempleo.com\/hrtrends\/#\/schema\/person\/b1dd51edbb566a47cd8f7513fa73d223\",\"name\":\"Adriana M.\",\"image\":{\"@type\":\"ImageObject\",\"inLanguage\":\"es\",\"@id\":\"https:\/\/empresas.infoempleo.com\/hrtrends\/#\/schema\/person\/image\/\",\"url\":\"https:\/\/secure.gravatar.com\/avatar\/243f7dd7e1db0ad0e9791be05df7d72ba5c8bf338408591753bae2fe87dae18d?s=96&d=mm&r=g\",\"contentUrl\":\"https:\/\/secure.gravatar.com\/avatar\/243f7dd7e1db0ad0e9791be05df7d72ba5c8bf338408591753bae2fe87dae18d?s=96&d=mm&r=g\",\"caption\":\"Adriana M.\"},\"description\":\"Periodista y experta en Comunicaci\u00f3n Audiovisual y Narrativa. Me encanta escribir y narrar lo que pasa a mi alrededor es mi pasi\u00f3n.\",\"url\":\"https:\/\/empresas.infoempleo.com\/hrtrends\/author\/adriana-kanvas\/\"}]}<\/script>\n<!-- \/ Yoast SEO plugin. -->","yoast_head_json":{"title":"Qu\u00e9 es un nativo digital y qu\u00e9 cambios provoca en las empresas","description":"Descubre qu\u00e9 es un nativo digital, cu\u00e1les son sus particularidades y qu\u00e9 cambios provoca su presencia dentro de las plantillas. \u00a1Te lo contamos!","robots":{"index":"index","follow":"follow","max-snippet":"max-snippet:-1","max-image-preview":"max-image-preview:large","max-video-preview":"max-video-preview:-1"},"canonical":"https:\/\/empresas.infoempleo.com\/hrtrends\/nativo-digital\/","og_locale":"es_ES","og_type":"article","og_title":"Qu\u00e9 es un nativo digital y qu\u00e9 cambios provoca en las empresas","og_description":"Descubre qu\u00e9 es un nativo digital, cu\u00e1les son sus particularidades y qu\u00e9 cambios provoca su presencia dentro de las plantillas. \u00a1Te lo contamos!","og_url":"https:\/\/empresas.infoempleo.com\/hrtrends\/nativo-digital\/","og_site_name":"HRTRENDS","article_publisher":"https:\/\/www.facebook.com\/Infoempleo","article_published_time":"2018-04-25T10:04:15+00:00","article_modified_time":"2018-08-23T07:54:00+00:00","og_image":[{"width":1140,"height":761,"url":"https:\/\/empresas.infoempleo.com\/hrtrends\/media\/2018\/04\/HR-Trends-Reclutamiento-Que_es_un_nativo_digital-875575944.jpg","type":"image\/jpeg"}],"author":"Adriana M.","twitter_card":"summary_large_image","twitter_creator":"@infoempleo","twitter_site":"@infoempleo","twitter_misc":{"Escrito por":"Adriana M.","Tiempo de lectura":"3 minutos"},"schema":{"@context":"https:\/\/schema.org","@graph":[{"@type":"NewsArticle","@id":"https:\/\/empresas.infoempleo.com\/hrtrends\/nativo-digital\/#article","isPartOf":{"@id":"https:\/\/empresas.infoempleo.com\/hrtrends\/nativo-digital\/"},"author":{"name":"Adriana M.","@id":"https:\/\/empresas.infoempleo.com\/hrtrends\/#\/schema\/person\/b1dd51edbb566a47cd8f7513fa73d223"},"headline":"Qu\u00e9 es un nativo digital y qu\u00e9 cambios provoca en las empresas su llegada","datePublished":"2018-04-25T10:04:15+00:00","dateModified":"2018-08-23T07:54:00+00:00","mainEntityOfPage":{"@id":"https:\/\/empresas.infoempleo.com\/hrtrends\/nativo-digital\/"},"wordCount":589,"publisher":{"@id":"https:\/\/empresas.infoempleo.com\/hrtrends\/#organization"},"image":{"@id":"https:\/\/empresas.infoempleo.com\/hrtrends\/nativo-digital\/#primaryimage"},"thumbnailUrl":"https:\/\/empresas.infoempleo.com\/hrtrends\/media\/2018\/04\/HR-Trends-Reclutamiento-Que_es_un_nativo_digital-875575944.jpg","keywords":["digitalizaci\u00f3n","perfil profesional"],"articleSection":["Reclutamiento"],"inLanguage":"es","copyrightYear":"2018","copyrightHolder":{"@id":"https:\/\/empresas.infoempleo.com\/hrtrends\/#organization"}},{"@type":"WebPage","@id":"https:\/\/empresas.infoempleo.com\/hrtrends\/nativo-digital\/","url":"https:\/\/empresas.infoempleo.com\/hrtrends\/nativo-digital\/","name":"Qu\u00e9 es un nativo digital y qu\u00e9 cambios provoca en las empresas","isPartOf":{"@id":"https:\/\/empresas.infoempleo.com\/hrtrends\/#website"},"primaryImageOfPage":{"@id":"https:\/\/empresas.infoempleo.com\/hrtrends\/nativo-digital\/#primaryimage"},"image":{"@id":"https:\/\/empresas.infoempleo.com\/hrtrends\/nativo-digital\/#primaryimage"},"thumbnailUrl":"https:\/\/empresas.infoempleo.com\/hrtrends\/media\/2018\/04\/HR-Trends-Reclutamiento-Que_es_un_nativo_digital-875575944.jpg","datePublished":"2018-04-25T10:04:15+00:00","dateModified":"2018-08-23T07:54:00+00:00","description":"Descubre qu\u00e9 es un nativo digital, cu\u00e1les son sus particularidades y qu\u00e9 cambios provoca su presencia dentro de las plantillas. \u00a1Te lo contamos!","breadcrumb":{"@id":"https:\/\/empresas.infoempleo.com\/hrtrends\/nativo-digital\/#breadcrumb"},"inLanguage":"es","potentialAction":[{"@type":"ReadAction","target":["https:\/\/empresas.infoempleo.com\/hrtrends\/nativo-digital\/"]}]},{"@type":"ImageObject","inLanguage":"es","@id":"https:\/\/empresas.infoempleo.com\/hrtrends\/nativo-digital\/#primaryimage","url":"https:\/\/empresas.infoempleo.com\/hrtrends\/media\/2018\/04\/HR-Trends-Reclutamiento-Que_es_un_nativo_digital-875575944-150x150.jpg","contentUrl":"https:\/\/empresas.infoempleo.com\/hrtrends\/media\/2018\/04\/HR-Trends-Reclutamiento-Que_es_un_nativo_digital-875575944-150x150.jpg","width":150,"height":150,"caption":"Qu\u00e9 es un nativo digital"},{"@type":"BreadcrumbList","@id":"https:\/\/empresas.infoempleo.com\/hrtrends\/nativo-digital\/#breadcrumb","itemListElement":[{"@type":"ListItem","position":1,"name":"Portada","item":"https:\/\/empresas.infoempleo.com\/hrtrends\/"},{"@type":"ListItem","position":2,"name":"Qu\u00e9 es un nativo digital y qu\u00e9 cambios provoca en las empresas su llegada"}]},{"@type":"WebSite","@id":"https:\/\/empresas.infoempleo.com\/hrtrends\/#website","url":"https:\/\/empresas.infoempleo.com\/hrtrends","name":"HRTrends by Infoempleo","description":"","publisher":{"@id":"https:\/\/empresas.infoempleo.com\/hrtrends\/#organization"},"potentialAction":{"@type":"SearchAction","target":"https:\/\/empresas.infoempleo.com\/hrtrends\/?s={search_term_string}","query-input":"required name=search_term_string"},"inLanguage":"es"},{"@type":"Organization","@id":"https:\/\/empresas.infoempleo.com\/hrtrends\/#organization","name":"Infoempleo","url":"https:\/\/www.infoempleo.com\/","logo":{"@type":"ImageObject","@id":"https:\/\/empresas.infoempleo.com\/hrtrends\/#logo","inLanguage":"es","url":"https:\/\/cdnazure.infoempleo.com\/infoempleo\/assets\/style\/gfx\/logo.svg","contentUrl":"https:\/\/cdnazure.infoempleo.com\/infoempleo\/assets\/style\/gfx\/logo.svg","width":150,"height":40,"caption":"Infoempleo"},"image":{"@id":"https:\/\/empresas.infoempleo.com\/hrtrends\/#logo"},"sameAs":["https:\/\/www.facebook.com\/Infoempleo","https:\/\/x.com\/infoempleo","http:\/\/instagram.com\/infoempleo\/","http:\/\/www.linkedin.com\/groups\/Empleo-Espa\u00f1a-Infoempleocom-111276","http:\/\/pinterest.com\/infoempleo\/"],"address":{"@type":"PostalAddress","addressLocality":"Madrid","postalCode":"28050","streetAddress":"Avenida de Burgos 114"},"brand":["Infoempleo"]},{"@type":"Person","@id":"https:\/\/empresas.infoempleo.com\/hrtrends\/#\/schema\/person\/b1dd51edbb566a47cd8f7513fa73d223","name":"Adriana M.","image":{"@type":"ImageObject","inLanguage":"es","@id":"https:\/\/empresas.infoempleo.com\/hrtrends\/#\/schema\/person\/image\/","url":"https:\/\/secure.gravatar.com\/avatar\/243f7dd7e1db0ad0e9791be05df7d72ba5c8bf338408591753bae2fe87dae18d?s=96&d=mm&r=g","contentUrl":"https:\/\/secure.gravatar.com\/avatar\/243f7dd7e1db0ad0e9791be05df7d72ba5c8bf338408591753bae2fe87dae18d?s=96&d=mm&r=g","caption":"Adriana M."},"description":"Periodista y experta en Comunicaci\u00f3n Audiovisual y Narrativa. Me encanta escribir y narrar lo que pasa a mi alrededor es mi pasi\u00f3n.","url":"https:\/\/empresas.infoempleo.com\/hrtrends\/author\/adriana-kanvas\/"}]}},"amp_enabled":true,"_links":{"self":[{"href":"https:\/\/empresas.infoempleo.com\/hrtrends\/wp-json\/wp\/v2\/posts\/32313","targetHints":{"allow":["GET"]}}],"collection":[{"href":"https:\/\/empresas.infoempleo.com\/hrtrends\/wp-json\/wp\/v2\/posts"}],"about":[{"href":"https:\/\/empresas.infoempleo.com\/hrtrends\/wp-json\/wp\/v2\/types\/post"}],"author":[{"embeddable":true,"href":"https:\/\/empresas.infoempleo.com\/hrtrends\/wp-json\/wp\/v2\/users\/122"}],"replies":[{"embeddable":true,"href":"https:\/\/empresas.infoempleo.com\/hrtrends\/wp-json\/wp\/v2\/comments?post=32313"}],"version-history":[{"count":0,"href":"https:\/\/empresas.infoempleo.com\/hrtrends\/wp-json\/wp\/v2\/posts\/32313\/revisions"}],"wp:featuredmedia":[{"embeddable":true,"href":"https:\/\/empresas.infoempleo.com\/hrtrends\/wp-json\/wp\/v2\/media\/32315"}],"wp:attachment":[{"href":"https:\/\/empresas.infoempleo.com\/hrtrends\/wp-json\/wp\/v2\/media?parent=32313"}],"wp:term":[{"taxonomy":"category","embeddable":true,"href":"https:\/\/empresas.infoempleo.com\/hrtrends\/wp-json\/wp\/v2\/categories?post=32313"},{"taxonomy":"post_tag","embeddable":true,"href":"https:\/\/empresas.infoempleo.com\/hrtrends\/wp-json\/wp\/v2\/tags?post=32313"}],"curies":[{"name":"wp","href":"https:\/\/api.w.org\/{rel}","templated":true}]}}