{"id":32291,"date":"2018-04-13T11:08:27","date_gmt":"2018-04-13T09:08:27","guid":{"rendered":"https:\/\/empresas.infoempleo.com\/hrtrends\/?p=32291"},"modified":"2024-08-29T17:49:22","modified_gmt":"2024-08-29T15:49:22","slug":"transformacion-digital-beneficios-empresas","status":"publish","type":"post","link":"https:\/\/empresas.infoempleo.com\/hrtrends\/transformacion-digital-beneficios-empresas\/","title":{"rendered":"Transformaci\u00f3n digital: qu\u00e9 beneficios tiene para las empresas"},"content":{"rendered":"<p><span style=\"font-weight: 400;\">En un contexto en el que las <\/span><b>nuevas tecnolog\u00edas<\/b><span style=\"font-weight: 400;\"> marcan el ritmo, no es de extra\u00f1ar que las compa\u00f1\u00edas est\u00e9n compitiendo para desarrollar <\/span><span style=\"font-weight: 400;\">las mejores estrategias de transformaci\u00f3n digital<\/span> <span style=\"font-weight: 400;\">con el objetivo de garantizar <\/span><b>el funcionamiento \u00f3ptimo<\/b><span style=\"font-weight: 400;\"> de todos sus departamentos. <\/span><\/p>\n<p><span style=\"font-weight: 400;\">En lo que respecta a los <\/span><b>Recursos Humanos<\/b><span style=\"font-weight: 400;\">, tambi\u00e9n se est\u00e1n adoptando <\/span><b>innovaciones tecnol\u00f3gicas <\/b><span style=\"font-weight: 400;\">con el fin de introducir <\/span><a href=\"https:\/\/empresas.infoempleo.com\/hrtrends\/mejora-tu-productividad\/\/\"><b>mejoras en la productividad<\/b><\/a><span style=\"font-weight: 400;\">: <\/span><b>apps m\u00f3viles<\/b><span style=\"font-weight: 400;\">, <\/span><b>CRM<\/b><span style=\"font-weight: 400;\"> avanzados, <\/span><b>Redes Sociales<\/b><span style=\"font-weight: 400;\"> o soluciones relacionadas con la <\/span><b>nube<\/b><span style=\"font-weight: 400;\"> son algunos de los medios a los que empieza a recurrirse cada vez m\u00e1s. <\/span><\/p>\n<p><span style=\"font-weight: 400;\">Estos cambios relacionados con las <\/span><b>nuevas tecnolog\u00edas<\/b><span style=\"font-weight: 400;\"> hacen necesario que las empresas empiecen a contar con <\/span><b>expertos en transformaci\u00f3n digital<\/b><span style=\"font-weight: 400;\"> que les ayuden a desarrollar un <\/span><b>programa de digitalizaci\u00f3n efectivo<\/b><span style=\"font-weight: 400;\"> y adaptado a sus necesidades.<\/span><\/p>\n<h2><b>La adaptaci\u00f3n de las empresas. C\u00f3mo impulsar su transformaci\u00f3n digital<\/b><\/h2>\n<p><span style=\"font-weight: 400;\">Ahora que te encuentras inmerso en una <\/span><b>era digital que est\u00e1 en constante evoluci\u00f3n<\/b><span style=\"font-weight: 400;\">, las empresas se ven obligadas a adaptarse y a apostar por una <\/span><b>transformaci\u00f3n digital<\/b><span style=\"font-weight: 400;\">. No obstante, el simple hecho de incluir en la compa\u00f1\u00eda <\/span><b>nuevas tecnolog\u00edas<\/b><span style=\"font-weight: 400;\"> no es suficiente de por s\u00ed. De este modo, es importante que, adem\u00e1s de la <\/span><b>digitalizaci\u00f3n<\/b><span style=\"font-weight: 400;\">, se opte tambi\u00e9n por introducir <\/span><b>cambios en la forma de hacer las cosas<\/b><span style=\"font-weight: 400;\">. <\/span><\/p>\n<p><span style=\"font-weight: 400;\">Una <\/span><b>verdadera transformaci\u00f3n<\/b><span style=\"font-weight: 400;\"> implica <\/span><b>fomentar el trabajo a trav\u00e9s de plataformas electr\u00f3nicas<\/b><span style=\"font-weight: 400;\">, estar al tanto de las <\/span><b>innovaciones<\/b><span style=\"font-weight: 400;\"> que ofrece el mercado o <\/span><b>relacionarse con el cliente usando la red<\/b><span style=\"font-weight: 400;\">. <\/span><\/p>\n<p><img loading=\"lazy\" decoding=\"async\" class=\"alignnone wp-image-32292\" src=\"https:\/\/empresas.infoempleo.com\/hrtrends\/media\/2018\/04\/HR-Trends-Actualidad-transformaci\u00f3n-digital-587543076.jpg\" alt=\"C\u00f3mo afecta la transformaci\u00f3n digital a las empresas\" width=\"806\" height=\"537\" srcset=\"https:\/\/empresas.infoempleo.com\/hrtrends\/media\/2018\/04\/HR-Trends-Actualidad-transformaci\u00f3n-digital-587543076.jpg 1140w, https:\/\/empresas.infoempleo.com\/hrtrends\/media\/2018\/04\/HR-Trends-Actualidad-transformaci\u00f3n-digital-587543076-300x200.jpg 300w, https:\/\/empresas.infoempleo.com\/hrtrends\/media\/2018\/04\/HR-Trends-Actualidad-transformaci\u00f3n-digital-587543076-1024x683.jpg 1024w, https:\/\/empresas.infoempleo.com\/hrtrends\/media\/2018\/04\/HR-Trends-Actualidad-transformaci\u00f3n-digital-587543076-768x512.jpg 768w\" sizes=\"auto, (max-width: 806px) 100vw, 806px\" \/><\/p>\n<h2><b>\u00a0La figura del maestro digital<\/b><\/h2>\n<p><span style=\"font-weight: 400;\">La llegada de las <\/span><b>nuevas tecnolog\u00edas<\/b><span style=\"font-weight: 400;\"> a las empresas ha tra\u00eddo consigo la aparici\u00f3n de <\/span><b>nuevas profesiones<\/b><span style=\"font-weight: 400;\">, algunas de ellas con un claro perfil <\/span><b>educativo y transformador<\/b><span style=\"font-weight: 400;\">. Este es el caso del <\/span><b>maestro digital<\/b><span style=\"font-weight: 400;\">. Las principales funciones del maestro digital son: <\/span><b>dise\u00f1ar proyectos de digitalizaci\u00f3n<\/b><span style=\"font-weight: 400;\"> y apoyar a los trabajadores en el <\/span><b>desarrollo de las competencias digitales<\/b><span style=\"font-weight: 400;\">. <\/span><\/p>\n<p><span style=\"font-weight: 400;\">Esta figura profesional de <\/span><b>reciente aparici\u00f3n<\/b><span style=\"font-weight: 400;\"> responde a una <\/span><b>demanda clara<\/b><span style=\"font-weight: 400;\">: la de ayudar a empresas y trabajadores a<\/span> <a href=\"https:\/\/empresas.infoempleo.com\/hrtrends\/el-mundo-envejece-como-afectara-esto-al-mercado-laboral\/\/\"><b>sortear la brecha digital<\/b><\/a><span style=\"font-weight: 400;\">.<\/span><\/p>\n<p><span style=\"font-weight: 400;\">La presencia del <\/span><b>maestro digital<\/b><span style=\"font-weight: 400;\"> es decisiva para guiar la <\/span><b>implementaci\u00f3n de nuevos recursos tecnol\u00f3gicos<\/b><span style=\"font-weight: 400;\"> como la <\/span><b>realidad aumentada<\/b><span style=\"font-weight: 400;\">, <\/span><b>la animaci\u00f3n electr\u00f3nica<\/b><span style=\"font-weight: 400;\">, el <\/span><b>uso de la gamificaci\u00f3n<\/b> <b>en el negocio<\/b><span style=\"font-weight: 400;\"> o la utilizaci\u00f3n de <\/span><b>sofisticadas plataformas<\/b><span style=\"font-weight: 400;\">. <\/span><\/p>\n<p><span style=\"font-weight: 400;\">Adem\u00e1s, este profesional tambi\u00e9n contribuye a que se proporcione una <\/span><b>excelente atenci\u00f3n al cliente<\/b><span style=\"font-weight: 400;\"> a trav\u00e9s de <\/span><b>los medios digitales<\/b><span style=\"font-weight: 400;\">. <\/span><\/p>\n<h2><b>\u00a0<\/b><b>La presencia de los millennials en las empresas<\/b><\/h2>\n<p><span style=\"font-weight: 400;\">Se conoce como <\/span><b>millennials<\/b><span style=\"font-weight: 400;\"> a los miembros de la generaci\u00f3n compuesta por personas que han nacido <\/span><b>entre principios de los 80 y mediados de los 90<\/b><span style=\"font-weight: 400;\">. Debido al contexto en el que han crecido, est\u00e1n habituados a <\/span><b>usar las nuevas tecnolog\u00edas<\/b><span style=\"font-weight: 400;\">. <\/span><\/p>\n<p><a href=\"https:\/\/empresas.infoempleo.com\/hrtrends\/un-35-de-los-trabajadores-a-nivel-mundial-ya-es-millenial\/\"><span style=\"font-weight: 400;\">Su presencia es, hoy en d\u00eda, m\u00e1s que notable en las empresas<\/span><\/a><span style=\"font-weight: 400;\">, lo cual supone un <\/span><b>valor a\u00f1adido<\/b><span style=\"font-weight: 400;\"> en las plantillas debido a su <\/span><b>formaci\u00f3n tecnol\u00f3gica<\/b><span style=\"font-weight: 400;\">. De este modo, si adem\u00e1s de contar con un <\/span><b>maestro digital<\/b><span style=\"font-weight: 400;\"> tienes <\/span><b>millennials en tu equipo<\/b><span style=\"font-weight: 400;\">, tendr\u00e1s m\u00e1s que garantizada la <\/span><b>transformaci\u00f3n digital<\/b><span style=\"font-weight: 400;\">, sobre todo teniendo en cuenta que su interacci\u00f3n <\/span><b>con personas de otras generaciones<\/b><span style=\"font-weight: 400;\"> ser\u00e1 muy \u00fatil para ayudarles a <\/span><b>sortear la brecha digital<\/b><span style=\"font-weight: 400;\"> y sentirse, as\u00ed, m\u00e1s motivados.<\/span><\/p>\n<h2><b>La brecha digital en las empresas<\/b><\/h2>\n<p><span style=\"font-weight: 400;\">Con el concepto de <\/span><b>brecha digital<\/b><span style=\"font-weight: 400;\"> pretende hacerse menci\u00f3n a las diferencias que existen entre las personas, comunidades o pa\u00edses que utilizan <\/span><b>las nuevas tecnolog\u00edas<\/b><span style=\"font-weight: 400;\"> y aquellas que, o bien <\/span><b>no tienen acceso o bien no saben c\u00f3mo utilizarlas<\/b><span style=\"font-weight: 400;\">.<\/span><\/p>\n<p><span style=\"font-weight: 400;\">Es habitual que dentro de las empresas nos encontremos empleados que han crecido con la <\/span><b>incorporaci\u00f3n de las nuevas tecnolog\u00edas<\/b><span style=\"font-weight: 400;\">, como los millennials, y con personas que pertenecen a una generaci\u00f3n en la que <\/span><a href=\"https:\/\/empresas.infoempleo.com\/hrtrends\/babyboomers-digital-natives-estuviera-la-ecuacion-perfecta-las-empresas\/\"><span style=\"font-weight: 400;\">el contacto con lo digital <\/span><b>no era habitual ni prioritari<\/b><\/a><b>o<\/b><span style=\"font-weight: 400;\">. Es por eso que figuras como la del <\/span><b>maestro digital<\/b><span style=\"font-weight: 400;\"> pueden ayudar a colocar a todos los trabajadores en el mismo nivel, lo cual, por otra parte, <\/span><a href=\"https:\/\/empresas.infoempleo.com\/hrtrends\/conseguir-tus-empleados-esten-motivados\/\"><span style=\"font-weight: 400;\">los motiva y los hace sentirse valorados<\/span><\/a><span style=\"font-weight: 400;\">.<\/span><\/p>\n<h2><b>La transformaci\u00f3n digital: un cambio transversal<\/b><\/h2>\n<p><span style=\"font-weight: 400;\">La <\/span><b>transformaci\u00f3n digital<\/b><span style=\"font-weight: 400;\"> consiste en mucho m\u00e1s que en <\/span><b>incorporar tecnolog\u00edas<\/b><span style=\"font-weight: 400;\">: se trata de una nueva forma de entender el negocio que afecta a <\/span><b>empleados y clientes<\/b><span style=\"font-weight: 400;\">. Debemos recordar adem\u00e1s que se trata de una <\/span><b>transformaci\u00f3n transversal<\/b><span style=\"font-weight: 400;\"> que afecta a <\/span><b>todos los departamentos<\/b><span style=\"font-weight: 400;\">. <\/span><\/p>\n<p><span style=\"font-weight: 400;\">En este sentido, es muy importante el papel de <\/span><b>Recursos Humanos<\/b><span style=\"font-weight: 400;\"> porque puede funcionar como <\/span><b>eje vertebrador<\/b><span style=\"font-weight: 400;\"> ya que de sus profesionales depende la incorporaci\u00f3n de figuras tan valiosas como la del <\/span><b>maestro digital<\/b><span style=\"font-weight: 400;\">.<\/span><\/p>\n","protected":false},"excerpt":{"rendered":"<p>En un contexto en el que las nuevas tecnolog\u00edas marcan el ritmo, no es de extra\u00f1ar que las<a class=\"moretag\" href=\"https:\/\/empresas.infoempleo.com\/hrtrends\/transformacion-digital-beneficios-empresas\/\"> Leer m\u00e1s<\/a><\/p>\n","protected":false},"author":122,"featured_media":32351,"comment_status":"closed","ping_status":"open","sticky":false,"template":"","format":"standard","meta":{"footnotes":""},"categories":[3023],"tags":[3024,358,510],"class_list":["post-32291","post","type-post","status-publish","format-standard","has-post-thumbnail","hentry","category-digitalizacion","tag-digitalizacion","tag-exito-empresarial","tag-nuevas-tecnologias"],"yoast_head":"<!-- This site is optimized with the Yoast SEO plugin v26.1.1 - https:\/\/yoast.com\/wordpress\/plugins\/seo\/ -->\n<title>Transformaci\u00f3n digital: beneficios para las empresas<\/title>\n<meta name=\"description\" content=\"Conoce c\u00f3mo afecta a una empresa la transformaci\u00f3n digital, por qu\u00e9 es importante llevarla a cabo y cu\u00e1l es la mejor forma de hacerlo.\" \/>\n<meta name=\"robots\" content=\"index, follow, max-snippet:-1, max-image-preview:large, max-video-preview:-1\" \/>\n<link rel=\"canonical\" href=\"https:\/\/empresas.infoempleo.com\/hrtrends\/transformacion-digital-beneficios-empresas\/\" \/>\n<meta property=\"og:locale\" content=\"es_ES\" \/>\n<meta property=\"og:type\" content=\"article\" \/>\n<meta property=\"og:title\" content=\"Transformaci\u00f3n digital: beneficios para las empresas\" \/>\n<meta property=\"og:description\" content=\"Conoce c\u00f3mo afecta a una empresa la transformaci\u00f3n digital, por qu\u00e9 es importante llevarla a cabo y cu\u00e1l es la mejor forma de hacerlo.\" \/>\n<meta property=\"og:url\" content=\"https:\/\/empresas.infoempleo.com\/hrtrends\/transformacion-digital-beneficios-empresas\/\" \/>\n<meta property=\"og:site_name\" content=\"HRTRENDS\" \/>\n<meta property=\"article:publisher\" content=\"https:\/\/www.facebook.com\/Infoempleo\" \/>\n<meta property=\"article:published_time\" content=\"2018-04-13T09:08:27+00:00\" \/>\n<meta property=\"article:modified_time\" content=\"2024-08-29T15:49:22+00:00\" \/>\n<meta property=\"og:image\" content=\"https:\/\/empresas.infoempleo.com\/hrtrends\/media\/2018\/04\/transformacion-digital.jpg\" \/>\n\t<meta property=\"og:image:width\" content=\"900\" \/>\n\t<meta property=\"og:image:height\" content=\"586\" \/>\n\t<meta property=\"og:image:type\" content=\"image\/jpeg\" \/>\n<meta name=\"author\" content=\"Adriana M.\" \/>\n<meta name=\"twitter:card\" content=\"summary_large_image\" \/>\n<meta name=\"twitter:creator\" content=\"@infoempleo\" \/>\n<meta name=\"twitter:site\" content=\"@infoempleo\" \/>\n<meta name=\"twitter:label1\" content=\"Escrito por\" \/>\n\t<meta name=\"twitter:data1\" content=\"Adriana M.\" \/>\n\t<meta name=\"twitter:label2\" content=\"Tiempo de lectura\" \/>\n\t<meta name=\"twitter:data2\" content=\"4 minutos\" \/>\n<script type=\"application\/ld+json\" class=\"yoast-schema-graph\">{\"@context\":\"https:\/\/schema.org\",\"@graph\":[{\"@type\":\"NewsArticle\",\"@id\":\"https:\/\/empresas.infoempleo.com\/hrtrends\/transformacion-digital-beneficios-empresas\/#article\",\"isPartOf\":{\"@id\":\"https:\/\/empresas.infoempleo.com\/hrtrends\/transformacion-digital-beneficios-empresas\/\"},\"author\":{\"name\":\"Adriana M.\",\"@id\":\"https:\/\/empresas.infoempleo.com\/hrtrends\/#\/schema\/person\/b1dd51edbb566a47cd8f7513fa73d223\"},\"headline\":\"Transformaci\u00f3n digital: qu\u00e9 beneficios tiene para las empresas\",\"datePublished\":\"2018-04-13T09:08:27+00:00\",\"dateModified\":\"2024-08-29T15:49:22+00:00\",\"mainEntityOfPage\":{\"@id\":\"https:\/\/empresas.infoempleo.com\/hrtrends\/transformacion-digital-beneficios-empresas\/\"},\"wordCount\":785,\"publisher\":{\"@id\":\"https:\/\/empresas.infoempleo.com\/hrtrends\/#organization\"},\"image\":{\"@id\":\"https:\/\/empresas.infoempleo.com\/hrtrends\/transformacion-digital-beneficios-empresas\/#primaryimage\"},\"thumbnailUrl\":\"https:\/\/empresas.infoempleo.com\/hrtrends\/media\/2018\/04\/transformacion-digital.jpg\",\"keywords\":[\"digitalizaci\u00f3n\",\"\u00e9xito empresarial\",\"nuevas tecnolog\u00edas\"],\"articleSection\":[\"Digitalizaci\u00f3n en RRHH\"],\"inLanguage\":\"es\",\"copyrightYear\":\"2018\",\"copyrightHolder\":{\"@id\":\"https:\/\/empresas.infoempleo.com\/hrtrends\/#organization\"}},{\"@type\":\"WebPage\",\"@id\":\"https:\/\/empresas.infoempleo.com\/hrtrends\/transformacion-digital-beneficios-empresas\/\",\"url\":\"https:\/\/empresas.infoempleo.com\/hrtrends\/transformacion-digital-beneficios-empresas\/\",\"name\":\"Transformaci\u00f3n digital: beneficios para las empresas\",\"isPartOf\":{\"@id\":\"https:\/\/empresas.infoempleo.com\/hrtrends\/#website\"},\"primaryImageOfPage\":{\"@id\":\"https:\/\/empresas.infoempleo.com\/hrtrends\/transformacion-digital-beneficios-empresas\/#primaryimage\"},\"image\":{\"@id\":\"https:\/\/empresas.infoempleo.com\/hrtrends\/transformacion-digital-beneficios-empresas\/#primaryimage\"},\"thumbnailUrl\":\"https:\/\/empresas.infoempleo.com\/hrtrends\/media\/2018\/04\/transformacion-digital.jpg\",\"datePublished\":\"2018-04-13T09:08:27+00:00\",\"dateModified\":\"2024-08-29T15:49:22+00:00\",\"description\":\"Conoce c\u00f3mo afecta a una empresa la transformaci\u00f3n digital, por qu\u00e9 es importante llevarla a cabo y cu\u00e1l es la mejor forma de hacerlo.\",\"breadcrumb\":{\"@id\":\"https:\/\/empresas.infoempleo.com\/hrtrends\/transformacion-digital-beneficios-empresas\/#breadcrumb\"},\"inLanguage\":\"es\",\"potentialAction\":[{\"@type\":\"ReadAction\",\"target\":[\"https:\/\/empresas.infoempleo.com\/hrtrends\/transformacion-digital-beneficios-empresas\/\"]}]},{\"@type\":\"ImageObject\",\"inLanguage\":\"es\",\"@id\":\"https:\/\/empresas.infoempleo.com\/hrtrends\/transformacion-digital-beneficios-empresas\/#primaryimage\",\"url\":\"https:\/\/empresas.infoempleo.com\/hrtrends\/media\/2018\/04\/transformacion-digital-150x150.jpg\",\"contentUrl\":\"https:\/\/empresas.infoempleo.com\/hrtrends\/media\/2018\/04\/transformacion-digital-150x150.jpg\",\"width\":150,\"height\":150,\"caption\":\"C\u00f3mo afecta la transformaci\u00f3n digital a las empresas\"},{\"@type\":\"BreadcrumbList\",\"@id\":\"https:\/\/empresas.infoempleo.com\/hrtrends\/transformacion-digital-beneficios-empresas\/#breadcrumb\",\"itemListElement\":[{\"@type\":\"ListItem\",\"position\":1,\"name\":\"Portada\",\"item\":\"https:\/\/empresas.infoempleo.com\/hrtrends\/\"},{\"@type\":\"ListItem\",\"position\":2,\"name\":\"Transformaci\u00f3n digital: qu\u00e9 beneficios tiene para las empresas\"}]},{\"@type\":\"WebSite\",\"@id\":\"https:\/\/empresas.infoempleo.com\/hrtrends\/#website\",\"url\":\"https:\/\/empresas.infoempleo.com\/hrtrends\",\"name\":\"HRTrends by Infoempleo\",\"description\":\"\",\"publisher\":{\"@id\":\"https:\/\/empresas.infoempleo.com\/hrtrends\/#organization\"},\"potentialAction\":{\"@type\":\"SearchAction\",\"target\":\"https:\/\/empresas.infoempleo.com\/hrtrends\/?s={search_term_string}\",\"query-input\":\"required name=search_term_string\"},\"inLanguage\":\"es\"},{\"@type\":\"Organization\",\"@id\":\"https:\/\/empresas.infoempleo.com\/hrtrends\/#organization\",\"name\":\"Infoempleo\",\"url\":\"https:\/\/www.infoempleo.com\/\",\"logo\":{\"@type\":\"ImageObject\",\"@id\":\"https:\/\/empresas.infoempleo.com\/hrtrends\/#logo\",\"inLanguage\":\"es\",\"url\":\"https:\/\/cdnazure.infoempleo.com\/infoempleo\/assets\/style\/gfx\/logo.svg\",\"contentUrl\":\"https:\/\/cdnazure.infoempleo.com\/infoempleo\/assets\/style\/gfx\/logo.svg\",\"width\":150,\"height\":40,\"caption\":\"Infoempleo\"},\"image\":{\"@id\":\"https:\/\/empresas.infoempleo.com\/hrtrends\/#logo\"},\"sameAs\":[\"https:\/\/www.facebook.com\/Infoempleo\",\"https:\/\/x.com\/infoempleo\",\"http:\/\/instagram.com\/infoempleo\/\",\"http:\/\/www.linkedin.com\/groups\/Empleo-Espa\u00f1a-Infoempleocom-111276\",\"http:\/\/pinterest.com\/infoempleo\/\"],\"address\":{\"@type\":\"PostalAddress\",\"addressLocality\":\"Madrid\",\"postalCode\":\"28050\",\"streetAddress\":\"Avenida de Burgos 114\"},\"brand\":[\"Infoempleo\"]},{\"@type\":\"Person\",\"@id\":\"https:\/\/empresas.infoempleo.com\/hrtrends\/#\/schema\/person\/b1dd51edbb566a47cd8f7513fa73d223\",\"name\":\"Adriana M.\",\"image\":{\"@type\":\"ImageObject\",\"inLanguage\":\"es\",\"@id\":\"https:\/\/empresas.infoempleo.com\/hrtrends\/#\/schema\/person\/image\/\",\"url\":\"https:\/\/secure.gravatar.com\/avatar\/243f7dd7e1db0ad0e9791be05df7d72ba5c8bf338408591753bae2fe87dae18d?s=96&d=mm&r=g\",\"contentUrl\":\"https:\/\/secure.gravatar.com\/avatar\/243f7dd7e1db0ad0e9791be05df7d72ba5c8bf338408591753bae2fe87dae18d?s=96&d=mm&r=g\",\"caption\":\"Adriana M.\"},\"description\":\"Periodista y experta en Comunicaci\u00f3n Audiovisual y Narrativa. Me encanta escribir y narrar lo que pasa a mi alrededor es mi pasi\u00f3n.\",\"url\":\"https:\/\/empresas.infoempleo.com\/hrtrends\/author\/adriana-kanvas\/\"}]}<\/script>\n<!-- \/ Yoast SEO plugin. -->","yoast_head_json":{"title":"Transformaci\u00f3n digital: beneficios para las empresas","description":"Conoce c\u00f3mo afecta a una empresa la transformaci\u00f3n digital, por qu\u00e9 es importante llevarla a cabo y cu\u00e1l es la mejor forma de hacerlo.","robots":{"index":"index","follow":"follow","max-snippet":"max-snippet:-1","max-image-preview":"max-image-preview:large","max-video-preview":"max-video-preview:-1"},"canonical":"https:\/\/empresas.infoempleo.com\/hrtrends\/transformacion-digital-beneficios-empresas\/","og_locale":"es_ES","og_type":"article","og_title":"Transformaci\u00f3n digital: beneficios para las empresas","og_description":"Conoce c\u00f3mo afecta a una empresa la transformaci\u00f3n digital, por qu\u00e9 es importante llevarla a cabo y cu\u00e1l es la mejor forma de hacerlo.","og_url":"https:\/\/empresas.infoempleo.com\/hrtrends\/transformacion-digital-beneficios-empresas\/","og_site_name":"HRTRENDS","article_publisher":"https:\/\/www.facebook.com\/Infoempleo","article_published_time":"2018-04-13T09:08:27+00:00","article_modified_time":"2024-08-29T15:49:22+00:00","og_image":[{"width":900,"height":586,"url":"https:\/\/empresas.infoempleo.com\/hrtrends\/media\/2018\/04\/transformacion-digital.jpg","type":"image\/jpeg"}],"author":"Adriana M.","twitter_card":"summary_large_image","twitter_creator":"@infoempleo","twitter_site":"@infoempleo","twitter_misc":{"Escrito por":"Adriana M.","Tiempo de lectura":"4 minutos"},"schema":{"@context":"https:\/\/schema.org","@graph":[{"@type":"NewsArticle","@id":"https:\/\/empresas.infoempleo.com\/hrtrends\/transformacion-digital-beneficios-empresas\/#article","isPartOf":{"@id":"https:\/\/empresas.infoempleo.com\/hrtrends\/transformacion-digital-beneficios-empresas\/"},"author":{"name":"Adriana M.","@id":"https:\/\/empresas.infoempleo.com\/hrtrends\/#\/schema\/person\/b1dd51edbb566a47cd8f7513fa73d223"},"headline":"Transformaci\u00f3n digital: qu\u00e9 beneficios tiene para las empresas","datePublished":"2018-04-13T09:08:27+00:00","dateModified":"2024-08-29T15:49:22+00:00","mainEntityOfPage":{"@id":"https:\/\/empresas.infoempleo.com\/hrtrends\/transformacion-digital-beneficios-empresas\/"},"wordCount":785,"publisher":{"@id":"https:\/\/empresas.infoempleo.com\/hrtrends\/#organization"},"image":{"@id":"https:\/\/empresas.infoempleo.com\/hrtrends\/transformacion-digital-beneficios-empresas\/#primaryimage"},"thumbnailUrl":"https:\/\/empresas.infoempleo.com\/hrtrends\/media\/2018\/04\/transformacion-digital.jpg","keywords":["digitalizaci\u00f3n","\u00e9xito empresarial","nuevas tecnolog\u00edas"],"articleSection":["Digitalizaci\u00f3n en RRHH"],"inLanguage":"es","copyrightYear":"2018","copyrightHolder":{"@id":"https:\/\/empresas.infoempleo.com\/hrtrends\/#organization"}},{"@type":"WebPage","@id":"https:\/\/empresas.infoempleo.com\/hrtrends\/transformacion-digital-beneficios-empresas\/","url":"https:\/\/empresas.infoempleo.com\/hrtrends\/transformacion-digital-beneficios-empresas\/","name":"Transformaci\u00f3n digital: beneficios para las empresas","isPartOf":{"@id":"https:\/\/empresas.infoempleo.com\/hrtrends\/#website"},"primaryImageOfPage":{"@id":"https:\/\/empresas.infoempleo.com\/hrtrends\/transformacion-digital-beneficios-empresas\/#primaryimage"},"image":{"@id":"https:\/\/empresas.infoempleo.com\/hrtrends\/transformacion-digital-beneficios-empresas\/#primaryimage"},"thumbnailUrl":"https:\/\/empresas.infoempleo.com\/hrtrends\/media\/2018\/04\/transformacion-digital.jpg","datePublished":"2018-04-13T09:08:27+00:00","dateModified":"2024-08-29T15:49:22+00:00","description":"Conoce c\u00f3mo afecta a una empresa la transformaci\u00f3n digital, por qu\u00e9 es importante llevarla a cabo y cu\u00e1l es la mejor forma de hacerlo.","breadcrumb":{"@id":"https:\/\/empresas.infoempleo.com\/hrtrends\/transformacion-digital-beneficios-empresas\/#breadcrumb"},"inLanguage":"es","potentialAction":[{"@type":"ReadAction","target":["https:\/\/empresas.infoempleo.com\/hrtrends\/transformacion-digital-beneficios-empresas\/"]}]},{"@type":"ImageObject","inLanguage":"es","@id":"https:\/\/empresas.infoempleo.com\/hrtrends\/transformacion-digital-beneficios-empresas\/#primaryimage","url":"https:\/\/empresas.infoempleo.com\/hrtrends\/media\/2018\/04\/transformacion-digital-150x150.jpg","contentUrl":"https:\/\/empresas.infoempleo.com\/hrtrends\/media\/2018\/04\/transformacion-digital-150x150.jpg","width":150,"height":150,"caption":"C\u00f3mo afecta la transformaci\u00f3n digital a las empresas"},{"@type":"BreadcrumbList","@id":"https:\/\/empresas.infoempleo.com\/hrtrends\/transformacion-digital-beneficios-empresas\/#breadcrumb","itemListElement":[{"@type":"ListItem","position":1,"name":"Portada","item":"https:\/\/empresas.infoempleo.com\/hrtrends\/"},{"@type":"ListItem","position":2,"name":"Transformaci\u00f3n digital: qu\u00e9 beneficios tiene para las empresas"}]},{"@type":"WebSite","@id":"https:\/\/empresas.infoempleo.com\/hrtrends\/#website","url":"https:\/\/empresas.infoempleo.com\/hrtrends","name":"HRTrends by Infoempleo","description":"","publisher":{"@id":"https:\/\/empresas.infoempleo.com\/hrtrends\/#organization"},"potentialAction":{"@type":"SearchAction","target":"https:\/\/empresas.infoempleo.com\/hrtrends\/?s={search_term_string}","query-input":"required name=search_term_string"},"inLanguage":"es"},{"@type":"Organization","@id":"https:\/\/empresas.infoempleo.com\/hrtrends\/#organization","name":"Infoempleo","url":"https:\/\/www.infoempleo.com\/","logo":{"@type":"ImageObject","@id":"https:\/\/empresas.infoempleo.com\/hrtrends\/#logo","inLanguage":"es","url":"https:\/\/cdnazure.infoempleo.com\/infoempleo\/assets\/style\/gfx\/logo.svg","contentUrl":"https:\/\/cdnazure.infoempleo.com\/infoempleo\/assets\/style\/gfx\/logo.svg","width":150,"height":40,"caption":"Infoempleo"},"image":{"@id":"https:\/\/empresas.infoempleo.com\/hrtrends\/#logo"},"sameAs":["https:\/\/www.facebook.com\/Infoempleo","https:\/\/x.com\/infoempleo","http:\/\/instagram.com\/infoempleo\/","http:\/\/www.linkedin.com\/groups\/Empleo-Espa\u00f1a-Infoempleocom-111276","http:\/\/pinterest.com\/infoempleo\/"],"address":{"@type":"PostalAddress","addressLocality":"Madrid","postalCode":"28050","streetAddress":"Avenida de Burgos 114"},"brand":["Infoempleo"]},{"@type":"Person","@id":"https:\/\/empresas.infoempleo.com\/hrtrends\/#\/schema\/person\/b1dd51edbb566a47cd8f7513fa73d223","name":"Adriana M.","image":{"@type":"ImageObject","inLanguage":"es","@id":"https:\/\/empresas.infoempleo.com\/hrtrends\/#\/schema\/person\/image\/","url":"https:\/\/secure.gravatar.com\/avatar\/243f7dd7e1db0ad0e9791be05df7d72ba5c8bf338408591753bae2fe87dae18d?s=96&d=mm&r=g","contentUrl":"https:\/\/secure.gravatar.com\/avatar\/243f7dd7e1db0ad0e9791be05df7d72ba5c8bf338408591753bae2fe87dae18d?s=96&d=mm&r=g","caption":"Adriana M."},"description":"Periodista y experta en Comunicaci\u00f3n Audiovisual y Narrativa. Me encanta escribir y narrar lo que pasa a mi alrededor es mi pasi\u00f3n.","url":"https:\/\/empresas.infoempleo.com\/hrtrends\/author\/adriana-kanvas\/"}]}},"amp_enabled":true,"_links":{"self":[{"href":"https:\/\/empresas.infoempleo.com\/hrtrends\/wp-json\/wp\/v2\/posts\/32291","targetHints":{"allow":["GET"]}}],"collection":[{"href":"https:\/\/empresas.infoempleo.com\/hrtrends\/wp-json\/wp\/v2\/posts"}],"about":[{"href":"https:\/\/empresas.infoempleo.com\/hrtrends\/wp-json\/wp\/v2\/types\/post"}],"author":[{"embeddable":true,"href":"https:\/\/empresas.infoempleo.com\/hrtrends\/wp-json\/wp\/v2\/users\/122"}],"replies":[{"embeddable":true,"href":"https:\/\/empresas.infoempleo.com\/hrtrends\/wp-json\/wp\/v2\/comments?post=32291"}],"version-history":[{"count":1,"href":"https:\/\/empresas.infoempleo.com\/hrtrends\/wp-json\/wp\/v2\/posts\/32291\/revisions"}],"predecessor-version":[{"id":45370,"href":"https:\/\/empresas.infoempleo.com\/hrtrends\/wp-json\/wp\/v2\/posts\/32291\/revisions\/45370"}],"wp:featuredmedia":[{"embeddable":true,"href":"https:\/\/empresas.infoempleo.com\/hrtrends\/wp-json\/wp\/v2\/media\/32351"}],"wp:attachment":[{"href":"https:\/\/empresas.infoempleo.com\/hrtrends\/wp-json\/wp\/v2\/media?parent=32291"}],"wp:term":[{"taxonomy":"category","embeddable":true,"href":"https:\/\/empresas.infoempleo.com\/hrtrends\/wp-json\/wp\/v2\/categories?post=32291"},{"taxonomy":"post_tag","embeddable":true,"href":"https:\/\/empresas.infoempleo.com\/hrtrends\/wp-json\/wp\/v2\/tags?post=32291"}],"curies":[{"name":"wp","href":"https:\/\/api.w.org\/{rel}","templated":true}]}}