{"id":32275,"date":"2018-04-09T08:30:36","date_gmt":"2018-04-09T06:30:36","guid":{"rendered":"https:\/\/empresas.infoempleo.com\/hrtrends\/?p=32275"},"modified":"2025-10-21T12:06:13","modified_gmt":"2025-10-21T10:06:13","slug":"area-felicidad-mahou","status":"publish","type":"post","link":"https:\/\/empresas.infoempleo.com\/hrtrends\/area-felicidad-mahou\/","title":{"rendered":"Mahou San Miguel estrena \u00e1rea de felicidad"},"content":{"rendered":"<p>Paloma Fuentes lleva m\u00e1s de dos d\u00e9cadas en Mahou San Miguel y durante su trayectoria ha trabajado en diferentes cargos pero siempre unida y comprometida con el <strong>bienestar de los empleados<\/strong>.\u00a0Es especialista en <strong>medicina del trabajo<\/strong>, en valoraci\u00f3n del da\u00f1o corporal y en psiquiatr\u00eda legal. Tiene un M\u00e1ster en neurofelicidad y es <em>life coach<\/em>, <em>coach<\/em> de salud, experta en neurociencia y en ecolog\u00eda emocional. Ahora, adem\u00e1s, ocupa el cargo de\u00a0Responsable del \u00c1rea de Felicidad de la compa\u00f1\u00eda.<\/p>\n<p>Con ella exploramos en qu\u00e9 consiste, c\u00f3mo es su d\u00eda a d\u00eda y por qu\u00e9 la empresa ha decidido enfocarse en el bienestar de los empleados\u00a0como uno de los <strong>pilares fundamentales<\/strong> en la compa\u00f1\u00eda.<\/p>\n<h2>\u00bfQu\u00e9 es el \u00e1rea de felicidad?<\/h2>\n<p>Es una divisi\u00f3n estrat\u00e9gica encargada de poner en marcha<strong> iniciativas que promuevan las emociones positivas<\/strong> entre los profesionales que forman parte de Mahou San Miguel. Esta nueva \u00e1rea ser\u00e1 la responsable de desarrollar una estrategia integral orientada a incentivar el <a href=\"https:\/\/empresas.infoempleo.com\/hrtrends\/10-medidas-fomentar-bienestar-los-empleados\/\">bienestar <\/a>emocional, lo que supone seguir avanzando en el objetivo de <strong>colocar a los profesionales en el centro de su estrategia<\/strong>, reforzando su <a href=\"https:\/\/empresas.infoempleo.com\/hrtrends\/motivacion-laboral-la-importancia-del-efecto-pigmalion-2\/\/\">motivaci\u00f3n<\/a>, optimismo, creatividad y, con ello, su capacidad de innovaci\u00f3n.<\/p>\n<h2>\u00bfPor qu\u00e9 la hab\u00e9is creado?<\/h2>\n<p>La felicidad organizacional est\u00e1 cobrando cada vez mayor relevancia y creemos que deber\u00eda ser <strong>uno de los ejes principales para el desarrollo personal y profesional<\/strong> de cualquier persona. Al final, la concepci\u00f3n de la felicidad organizacional como una capacidad estrat\u00e9gica beneficia a la organizaci\u00f3n en todo su conjunto, generando un <strong>aumento del bienestar emocional<\/strong> en el lugar de trabajo, donde las personas pasan una parte importante de su vida diaria.<\/p>\n<p>Nuestro compromiso es fomentar el <strong>despliegue de fortalezas individuales y grupales<\/strong> y para ello buscamos promover la felicidad en el trabajo siempre dando respuesta a las necesidades de nuestros profesionales.<\/p>\n<h2>\u00bfQu\u00e9 aspectos se desarrollan con una estrategia de bienestar emocional?<\/h2>\n<p>Potenciamos el desarrollo de <strong>actividades espec\u00edficas<\/strong>, individuales y colectivas, que contribuyan a reforzar conductas y recursos personales que generen <strong>m\u00e1s salud y mayores niveles de desarrollo personal<\/strong>. Todas estas actividades van de la mano de nuestros programas de bienestar y salud, \u201c<em>Cuidarme<\/em>\u201d, una iniciativa integral que engloba actividades para el fomento de la alimentaci\u00f3n saludable, el bienestar f\u00edsico y emocional y la actividad deportiva.<\/p>\n<p>Estos proyectos, al final, ayudan a la mejora de la calidad de vida de los profesionales pero no solo en el aspecto laboral. Se trata de aprendizajes que pueden llevarse a la pr\u00e1ctica en el terreno personal.<\/p>\n<div id=\"attachment_32274\" style=\"width: 871px\" class=\"wp-caption aligncenter\"><img loading=\"lazy\" decoding=\"async\" aria-describedby=\"caption-attachment-32274\" class=\" wp-image-32274\" src=\"https:\/\/empresas.infoempleo.com\/hrtrends\/media\/2018\/04\/Mahou-San-Miguel-Centro-deportivo.jpg\" alt=\"\" width=\"861\" height=\"574\" srcset=\"https:\/\/empresas.infoempleo.com\/hrtrends\/media\/2018\/04\/Mahou-San-Miguel-Centro-deportivo.jpg 1140w, https:\/\/empresas.infoempleo.com\/hrtrends\/media\/2018\/04\/Mahou-San-Miguel-Centro-deportivo-300x200.jpg 300w, https:\/\/empresas.infoempleo.com\/hrtrends\/media\/2018\/04\/Mahou-San-Miguel-Centro-deportivo-1024x683.jpg 1024w, https:\/\/empresas.infoempleo.com\/hrtrends\/media\/2018\/04\/Mahou-San-Miguel-Centro-deportivo-768x512.jpg 768w\" sizes=\"auto, (max-width: 861px) 100vw, 861px\" \/><p id=\"caption-attachment-32274\" class=\"wp-caption-text\">Instalaciones deportivas de Mahou San Miguel<\/p><\/div>\n<h2><strong>\u00bfC\u00f3mo han recibido los empleados esta decisi\u00f3n?<\/strong><\/h2>\n<p>Los profesionales son parte fundamental de esta iniciativa, ya que al final es un proyecto <strong>pensado y desarrollado por y para ellos<\/strong>. Sin las personas, este enfoque, esta nueva forma de afrontar la cultura organizacional, no tendr\u00eda sentido. En definitiva, a trav\u00e9s de la <strong>mejora de la calidad de vida<\/strong> de nuestros profesionales, se logra desarrollar otros aspectos como la motivaci\u00f3n en el trabajo o la mejora de las relaciones sociales.<\/p>\n<p>El \u00c1rea de Felicidad, as\u00ed como otras iniciativas que act\u00faan en l\u00edneas similares, ha tenido una gran acogida en la organizaci\u00f3n. Estamos muy contentos y orgullosos de la participaci\u00f3n y, sobre todo, de la <strong>gran cantidad de reacciones positivas<\/strong>. Adem\u00e1s, esperamos seguir reforzando esta tendencia durante los pr\u00f3ximos meses, gracias al completo plan de actividades que estamos construyendo de forma conjunta con nuestros profesionales.<\/p>\n<h2>\u00bfQu\u00e9 medidas hab\u00e9is puesto en marcha?<\/h2>\n<p>Todos los d\u00edas, a primera hora, realizamos sesiones de cinco minutos de <strong><em>mindfullness<\/em> <\/strong>para mejorar la <strong>concentraci\u00f3n<\/strong> y el <strong>enfoque<\/strong> que nuestros profesionales van a realizar durante su jornada. Con esto se pretende que tomen conciencia de todas las facetas de su experiencia en el momento presente, liberando la mente de pensamientos nocivos. Pretende ense\u00f1ar a ser conscientes del momento en el que se encuentran y focalizar toda su atenci\u00f3n en ese punto. As\u00ed, esta consciencia plena constituye la <strong>base de la creatividad<\/strong> y ayuda a desarrollar un profundo <strong>sentido de iniciativa<\/strong>, mientras ayuda a poner foco en sus metas y, por consiguiente, a alcanzarlas.<\/p>\n<p>Adem\u00e1s, hemos celebrado el D\u00eda de la Felicidad con todos los profesionales y estamos preparando nuestros \u201c<em>Desayunos con Diamantes<\/em>\u201d, unas charlas espec\u00edficas en las que un peque\u00f1o grupo de profesionales <strong>comparte un momento especial con expertos<\/strong> de fama reconocido prestigio en materias como la <strong>neurociencia<\/strong>, la importancia de la <strong>positividad<\/strong> y de la <strong>felicidad<\/strong> <strong>productiva<\/strong> o de c\u00f3mo los <strong>cambios en el lenguaje<\/strong> pueden ayudarnos a afrontar mejor nuestras actividades diarias.<\/p>\n<p>De esta forma, intentamos inspirar a cada persona para que sea protagonista de su propia felicidad y pueda fomentar un cambio profundo en su propio bienestar.<\/p>\n<h2>\u00bfC\u00f3mo evaluar\u00e9is la felicidad de vuestros empleados?<\/h2>\n<p>Realizamos <a href=\"https:\/\/empresas.infoempleo.com\/hrtrends\/encuestas-satisfaccion-laboral\/\/\">encuestas de clima laboral<\/a>, absolutamente an\u00f3nimas, que nos ayudan a conocer c\u00f3mo est\u00e1n funcionando estos programas. Sin embargo, el mejor indicador de felicidad es el propio <a href=\"https:\/\/empresas.infoempleo.com\/hrtrends\/7-acciones-mejorar-clima-laboral-empresa-rapidamente\/\/\">ambiente laboral<\/a>, las sonrisas, el impulso emprendedor de los profesionales, el <strong>aumento de la proactividad<\/strong> y las ganas que caracterizan y que cada d\u00eda ponen las personas que forman parte de Mahou San Miguel.<\/p>\n","protected":false},"excerpt":{"rendered":"<p>Paloma Fuentes lleva m\u00e1s de dos d\u00e9cadas en Mahou San Miguel y durante su trayectoria ha trabajado en<a class=\"moretag\" href=\"https:\/\/empresas.infoempleo.com\/hrtrends\/area-felicidad-mahou\/\"> Leer m\u00e1s<\/a><\/p>\n","protected":false},"author":83,"featured_media":32276,"comment_status":"closed","ping_status":"open","sticky":false,"template":"","format":"standard","meta":{"footnotes":""},"categories":[2978,3031],"tags":[2286,409,274],"class_list":["post-32275","post","type-post","status-publish","format-standard","has-post-thumbnail","hentry","category-directores-rrhh","category-entrevistas","tag-bienestar","tag-equipo","tag-motivacion"],"yoast_head":"<!-- This site is optimized with the Yoast SEO plugin v26.1.1 - https:\/\/yoast.com\/wordpress\/plugins\/seo\/ -->\n<title>Mahou San Miguel estrena \u00e1rea de felicidad | HRTRENDS<\/title>\n<meta name=\"description\" content=\"Paloma Fuentes es responsable del \u00c1rea de Felicidad de Mahou San Miguel. Hablamos sobre la estrategia que han desarrollado para su equipo.\" \/>\n<meta name=\"robots\" content=\"index, follow, max-snippet:-1, max-image-preview:large, max-video-preview:-1\" \/>\n<link rel=\"canonical\" href=\"https:\/\/empresas.infoempleo.com\/hrtrends\/area-felicidad-mahou\/\" \/>\n<meta property=\"og:locale\" content=\"es_ES\" \/>\n<meta property=\"og:type\" content=\"article\" \/>\n<meta property=\"og:title\" content=\"Mahou San Miguel estrena \u00e1rea de felicidad | HRTRENDS\" \/>\n<meta property=\"og:description\" content=\"Paloma Fuentes es responsable del \u00c1rea de Felicidad de Mahou San Miguel. Hablamos sobre la estrategia que han desarrollado para su equipo.\" \/>\n<meta property=\"og:url\" content=\"https:\/\/empresas.infoempleo.com\/hrtrends\/area-felicidad-mahou\/\" \/>\n<meta property=\"og:site_name\" content=\"HRTRENDS\" \/>\n<meta property=\"article:publisher\" content=\"https:\/\/www.facebook.com\/Infoempleo\" \/>\n<meta property=\"article:published_time\" content=\"2018-04-09T06:30:36+00:00\" \/>\n<meta property=\"article:modified_time\" content=\"2025-10-21T10:06:13+00:00\" \/>\n<meta property=\"og:image\" content=\"https:\/\/empresas.infoempleo.com\/hrtrends\/media\/2018\/04\/mahou-san-miguel.jpg\" \/>\n\t<meta property=\"og:image:width\" content=\"1000\" \/>\n\t<meta property=\"og:image:height\" content=\"665\" \/>\n\t<meta property=\"og:image:type\" content=\"image\/jpeg\" \/>\n<meta name=\"author\" content=\"Coral Ja\u00e9n\" \/>\n<meta name=\"twitter:card\" content=\"summary_large_image\" \/>\n<meta name=\"twitter:creator\" content=\"@infoempleo\" \/>\n<meta name=\"twitter:site\" content=\"@infoempleo\" \/>\n<meta name=\"twitter:label1\" content=\"Escrito por\" \/>\n\t<meta name=\"twitter:data1\" content=\"Coral Ja\u00e9n\" \/>\n\t<meta name=\"twitter:label2\" content=\"Tiempo de lectura\" \/>\n\t<meta name=\"twitter:data2\" content=\"4 minutos\" \/>\n<script type=\"application\/ld+json\" class=\"yoast-schema-graph\">{\"@context\":\"https:\/\/schema.org\",\"@graph\":[{\"@type\":\"NewsArticle\",\"@id\":\"https:\/\/empresas.infoempleo.com\/hrtrends\/area-felicidad-mahou\/#article\",\"isPartOf\":{\"@id\":\"https:\/\/empresas.infoempleo.com\/hrtrends\/area-felicidad-mahou\/\"},\"author\":{\"name\":\"Coral Ja\u00e9n\",\"@id\":\"https:\/\/empresas.infoempleo.com\/hrtrends\/#\/schema\/person\/25f571bd9b66cedb5d1cd4f2d42c270e\"},\"headline\":\"Mahou San Miguel estrena \u00e1rea de felicidad\",\"datePublished\":\"2018-04-09T06:30:36+00:00\",\"dateModified\":\"2025-10-21T10:06:13+00:00\",\"mainEntityOfPage\":{\"@id\":\"https:\/\/empresas.infoempleo.com\/hrtrends\/area-felicidad-mahou\/\"},\"wordCount\":901,\"publisher\":{\"@id\":\"https:\/\/empresas.infoempleo.com\/hrtrends\/#organization\"},\"image\":{\"@id\":\"https:\/\/empresas.infoempleo.com\/hrtrends\/area-felicidad-mahou\/#primaryimage\"},\"thumbnailUrl\":\"https:\/\/empresas.infoempleo.com\/hrtrends\/media\/2018\/04\/mahou-san-miguel.jpg\",\"keywords\":[\"bienestar\",\"equipo\",\"motivaci\u00f3n\"],\"articleSection\":[\"Directores de RRHH\",\"Entrevistas\"],\"inLanguage\":\"es\",\"copyrightYear\":\"2018\",\"copyrightHolder\":{\"@id\":\"https:\/\/empresas.infoempleo.com\/hrtrends\/#organization\"}},{\"@type\":\"WebPage\",\"@id\":\"https:\/\/empresas.infoempleo.com\/hrtrends\/area-felicidad-mahou\/\",\"url\":\"https:\/\/empresas.infoempleo.com\/hrtrends\/area-felicidad-mahou\/\",\"name\":\"Mahou San Miguel estrena \u00e1rea de felicidad | HRTRENDS\",\"isPartOf\":{\"@id\":\"https:\/\/empresas.infoempleo.com\/hrtrends\/#website\"},\"primaryImageOfPage\":{\"@id\":\"https:\/\/empresas.infoempleo.com\/hrtrends\/area-felicidad-mahou\/#primaryimage\"},\"image\":{\"@id\":\"https:\/\/empresas.infoempleo.com\/hrtrends\/area-felicidad-mahou\/#primaryimage\"},\"thumbnailUrl\":\"https:\/\/empresas.infoempleo.com\/hrtrends\/media\/2018\/04\/mahou-san-miguel.jpg\",\"datePublished\":\"2018-04-09T06:30:36+00:00\",\"dateModified\":\"2025-10-21T10:06:13+00:00\",\"description\":\"Paloma Fuentes es responsable del \u00c1rea de Felicidad de Mahou San Miguel. Hablamos sobre la estrategia que han desarrollado para su equipo.\",\"breadcrumb\":{\"@id\":\"https:\/\/empresas.infoempleo.com\/hrtrends\/area-felicidad-mahou\/#breadcrumb\"},\"inLanguage\":\"es\",\"potentialAction\":[{\"@type\":\"ReadAction\",\"target\":[\"https:\/\/empresas.infoempleo.com\/hrtrends\/area-felicidad-mahou\/\"]}]},{\"@type\":\"ImageObject\",\"inLanguage\":\"es\",\"@id\":\"https:\/\/empresas.infoempleo.com\/hrtrends\/area-felicidad-mahou\/#primaryimage\",\"url\":\"https:\/\/empresas.infoempleo.com\/hrtrends\/media\/2018\/04\/mahou-san-miguel-150x150.jpg\",\"contentUrl\":\"https:\/\/empresas.infoempleo.com\/hrtrends\/media\/2018\/04\/mahou-san-miguel-150x150.jpg\",\"width\":150,\"height\":150},{\"@type\":\"BreadcrumbList\",\"@id\":\"https:\/\/empresas.infoempleo.com\/hrtrends\/area-felicidad-mahou\/#breadcrumb\",\"itemListElement\":[{\"@type\":\"ListItem\",\"position\":1,\"name\":\"Portada\",\"item\":\"https:\/\/empresas.infoempleo.com\/hrtrends\/\"},{\"@type\":\"ListItem\",\"position\":2,\"name\":\"Mahou San Miguel estrena \u00e1rea de felicidad\"}]},{\"@type\":\"WebSite\",\"@id\":\"https:\/\/empresas.infoempleo.com\/hrtrends\/#website\",\"url\":\"https:\/\/empresas.infoempleo.com\/hrtrends\",\"name\":\"HRTrends by Infoempleo\",\"description\":\"\",\"publisher\":{\"@id\":\"https:\/\/empresas.infoempleo.com\/hrtrends\/#organization\"},\"potentialAction\":{\"@type\":\"SearchAction\",\"target\":\"https:\/\/empresas.infoempleo.com\/hrtrends\/?s={search_term_string}\",\"query-input\":\"required name=search_term_string\"},\"inLanguage\":\"es\"},{\"@type\":\"Organization\",\"@id\":\"https:\/\/empresas.infoempleo.com\/hrtrends\/#organization\",\"name\":\"Infoempleo\",\"url\":\"https:\/\/www.infoempleo.com\/\",\"logo\":{\"@type\":\"ImageObject\",\"@id\":\"https:\/\/empresas.infoempleo.com\/hrtrends\/#logo\",\"inLanguage\":\"es\",\"url\":\"https:\/\/cdnazure.infoempleo.com\/infoempleo\/assets\/style\/gfx\/logo.svg\",\"contentUrl\":\"https:\/\/cdnazure.infoempleo.com\/infoempleo\/assets\/style\/gfx\/logo.svg\",\"width\":150,\"height\":40,\"caption\":\"Infoempleo\"},\"image\":{\"@id\":\"https:\/\/empresas.infoempleo.com\/hrtrends\/#logo\"},\"sameAs\":[\"https:\/\/www.facebook.com\/Infoempleo\",\"https:\/\/x.com\/infoempleo\",\"http:\/\/instagram.com\/infoempleo\/\",\"http:\/\/www.linkedin.com\/groups\/Empleo-Espa\u00f1a-Infoempleocom-111276\",\"http:\/\/pinterest.com\/infoempleo\/\"],\"address\":{\"@type\":\"PostalAddress\",\"addressLocality\":\"Madrid\",\"postalCode\":\"28050\",\"streetAddress\":\"Avenida de Burgos 114\"},\"brand\":[\"Infoempleo\"]},{\"@type\":\"Person\",\"@id\":\"https:\/\/empresas.infoempleo.com\/hrtrends\/#\/schema\/person\/25f571bd9b66cedb5d1cd4f2d42c270e\",\"name\":\"Coral Ja\u00e9n\",\"image\":{\"@type\":\"ImageObject\",\"inLanguage\":\"es\",\"@id\":\"https:\/\/empresas.infoempleo.com\/hrtrends\/#\/schema\/person\/image\/\",\"url\":\"https:\/\/secure.gravatar.com\/avatar\/737427b7165c4101c641c482ffbaee438899e97a1c37d08c3fc19d05ae44aa2d?s=96&d=mm&r=g\",\"contentUrl\":\"https:\/\/secure.gravatar.com\/avatar\/737427b7165c4101c641c482ffbaee438899e97a1c37d08c3fc19d05ae44aa2d?s=96&d=mm&r=g\",\"caption\":\"Coral Ja\u00e9n\"},\"description\":\"Coral Ja\u00e9n es parte del equipo de marketing y comunicaci\u00f3n de Infoempleo (Grupo Vocento).\",\"url\":\"https:\/\/empresas.infoempleo.com\/hrtrends\/author\/coral-jaen\/\"}]}<\/script>\n<!-- \/ Yoast SEO plugin. -->","yoast_head_json":{"title":"Mahou San Miguel estrena \u00e1rea de felicidad | HRTRENDS","description":"Paloma Fuentes es responsable del \u00c1rea de Felicidad de Mahou San Miguel. Hablamos sobre la estrategia que han desarrollado para su equipo.","robots":{"index":"index","follow":"follow","max-snippet":"max-snippet:-1","max-image-preview":"max-image-preview:large","max-video-preview":"max-video-preview:-1"},"canonical":"https:\/\/empresas.infoempleo.com\/hrtrends\/area-felicidad-mahou\/","og_locale":"es_ES","og_type":"article","og_title":"Mahou San Miguel estrena \u00e1rea de felicidad | HRTRENDS","og_description":"Paloma Fuentes es responsable del \u00c1rea de Felicidad de Mahou San Miguel. Hablamos sobre la estrategia que han desarrollado para su equipo.","og_url":"https:\/\/empresas.infoempleo.com\/hrtrends\/area-felicidad-mahou\/","og_site_name":"HRTRENDS","article_publisher":"https:\/\/www.facebook.com\/Infoempleo","article_published_time":"2018-04-09T06:30:36+00:00","article_modified_time":"2025-10-21T10:06:13+00:00","og_image":[{"width":1000,"height":665,"url":"https:\/\/empresas.infoempleo.com\/hrtrends\/media\/2018\/04\/mahou-san-miguel.jpg","type":"image\/jpeg"}],"author":"Coral Ja\u00e9n","twitter_card":"summary_large_image","twitter_creator":"@infoempleo","twitter_site":"@infoempleo","twitter_misc":{"Escrito por":"Coral Ja\u00e9n","Tiempo de lectura":"4 minutos"},"schema":{"@context":"https:\/\/schema.org","@graph":[{"@type":"NewsArticle","@id":"https:\/\/empresas.infoempleo.com\/hrtrends\/area-felicidad-mahou\/#article","isPartOf":{"@id":"https:\/\/empresas.infoempleo.com\/hrtrends\/area-felicidad-mahou\/"},"author":{"name":"Coral Ja\u00e9n","@id":"https:\/\/empresas.infoempleo.com\/hrtrends\/#\/schema\/person\/25f571bd9b66cedb5d1cd4f2d42c270e"},"headline":"Mahou San Miguel estrena \u00e1rea de felicidad","datePublished":"2018-04-09T06:30:36+00:00","dateModified":"2025-10-21T10:06:13+00:00","mainEntityOfPage":{"@id":"https:\/\/empresas.infoempleo.com\/hrtrends\/area-felicidad-mahou\/"},"wordCount":901,"publisher":{"@id":"https:\/\/empresas.infoempleo.com\/hrtrends\/#organization"},"image":{"@id":"https:\/\/empresas.infoempleo.com\/hrtrends\/area-felicidad-mahou\/#primaryimage"},"thumbnailUrl":"https:\/\/empresas.infoempleo.com\/hrtrends\/media\/2018\/04\/mahou-san-miguel.jpg","keywords":["bienestar","equipo","motivaci\u00f3n"],"articleSection":["Directores de RRHH","Entrevistas"],"inLanguage":"es","copyrightYear":"2018","copyrightHolder":{"@id":"https:\/\/empresas.infoempleo.com\/hrtrends\/#organization"}},{"@type":"WebPage","@id":"https:\/\/empresas.infoempleo.com\/hrtrends\/area-felicidad-mahou\/","url":"https:\/\/empresas.infoempleo.com\/hrtrends\/area-felicidad-mahou\/","name":"Mahou San Miguel estrena \u00e1rea de felicidad | HRTRENDS","isPartOf":{"@id":"https:\/\/empresas.infoempleo.com\/hrtrends\/#website"},"primaryImageOfPage":{"@id":"https:\/\/empresas.infoempleo.com\/hrtrends\/area-felicidad-mahou\/#primaryimage"},"image":{"@id":"https:\/\/empresas.infoempleo.com\/hrtrends\/area-felicidad-mahou\/#primaryimage"},"thumbnailUrl":"https:\/\/empresas.infoempleo.com\/hrtrends\/media\/2018\/04\/mahou-san-miguel.jpg","datePublished":"2018-04-09T06:30:36+00:00","dateModified":"2025-10-21T10:06:13+00:00","description":"Paloma Fuentes es responsable del \u00c1rea de Felicidad de Mahou San Miguel. Hablamos sobre la estrategia que han desarrollado para su equipo.","breadcrumb":{"@id":"https:\/\/empresas.infoempleo.com\/hrtrends\/area-felicidad-mahou\/#breadcrumb"},"inLanguage":"es","potentialAction":[{"@type":"ReadAction","target":["https:\/\/empresas.infoempleo.com\/hrtrends\/area-felicidad-mahou\/"]}]},{"@type":"ImageObject","inLanguage":"es","@id":"https:\/\/empresas.infoempleo.com\/hrtrends\/area-felicidad-mahou\/#primaryimage","url":"https:\/\/empresas.infoempleo.com\/hrtrends\/media\/2018\/04\/mahou-san-miguel-150x150.jpg","contentUrl":"https:\/\/empresas.infoempleo.com\/hrtrends\/media\/2018\/04\/mahou-san-miguel-150x150.jpg","width":150,"height":150},{"@type":"BreadcrumbList","@id":"https:\/\/empresas.infoempleo.com\/hrtrends\/area-felicidad-mahou\/#breadcrumb","itemListElement":[{"@type":"ListItem","position":1,"name":"Portada","item":"https:\/\/empresas.infoempleo.com\/hrtrends\/"},{"@type":"ListItem","position":2,"name":"Mahou San Miguel estrena \u00e1rea de felicidad"}]},{"@type":"WebSite","@id":"https:\/\/empresas.infoempleo.com\/hrtrends\/#website","url":"https:\/\/empresas.infoempleo.com\/hrtrends","name":"HRTrends by Infoempleo","description":"","publisher":{"@id":"https:\/\/empresas.infoempleo.com\/hrtrends\/#organization"},"potentialAction":{"@type":"SearchAction","target":"https:\/\/empresas.infoempleo.com\/hrtrends\/?s={search_term_string}","query-input":"required name=search_term_string"},"inLanguage":"es"},{"@type":"Organization","@id":"https:\/\/empresas.infoempleo.com\/hrtrends\/#organization","name":"Infoempleo","url":"https:\/\/www.infoempleo.com\/","logo":{"@type":"ImageObject","@id":"https:\/\/empresas.infoempleo.com\/hrtrends\/#logo","inLanguage":"es","url":"https:\/\/cdnazure.infoempleo.com\/infoempleo\/assets\/style\/gfx\/logo.svg","contentUrl":"https:\/\/cdnazure.infoempleo.com\/infoempleo\/assets\/style\/gfx\/logo.svg","width":150,"height":40,"caption":"Infoempleo"},"image":{"@id":"https:\/\/empresas.infoempleo.com\/hrtrends\/#logo"},"sameAs":["https:\/\/www.facebook.com\/Infoempleo","https:\/\/x.com\/infoempleo","http:\/\/instagram.com\/infoempleo\/","http:\/\/www.linkedin.com\/groups\/Empleo-Espa\u00f1a-Infoempleocom-111276","http:\/\/pinterest.com\/infoempleo\/"],"address":{"@type":"PostalAddress","addressLocality":"Madrid","postalCode":"28050","streetAddress":"Avenida de Burgos 114"},"brand":["Infoempleo"]},{"@type":"Person","@id":"https:\/\/empresas.infoempleo.com\/hrtrends\/#\/schema\/person\/25f571bd9b66cedb5d1cd4f2d42c270e","name":"Coral Ja\u00e9n","image":{"@type":"ImageObject","inLanguage":"es","@id":"https:\/\/empresas.infoempleo.com\/hrtrends\/#\/schema\/person\/image\/","url":"https:\/\/secure.gravatar.com\/avatar\/737427b7165c4101c641c482ffbaee438899e97a1c37d08c3fc19d05ae44aa2d?s=96&d=mm&r=g","contentUrl":"https:\/\/secure.gravatar.com\/avatar\/737427b7165c4101c641c482ffbaee438899e97a1c37d08c3fc19d05ae44aa2d?s=96&d=mm&r=g","caption":"Coral Ja\u00e9n"},"description":"Coral Ja\u00e9n es parte del equipo de marketing y comunicaci\u00f3n de Infoempleo (Grupo Vocento).","url":"https:\/\/empresas.infoempleo.com\/hrtrends\/author\/coral-jaen\/"}]}},"amp_enabled":true,"_links":{"self":[{"href":"https:\/\/empresas.infoempleo.com\/hrtrends\/wp-json\/wp\/v2\/posts\/32275","targetHints":{"allow":["GET"]}}],"collection":[{"href":"https:\/\/empresas.infoempleo.com\/hrtrends\/wp-json\/wp\/v2\/posts"}],"about":[{"href":"https:\/\/empresas.infoempleo.com\/hrtrends\/wp-json\/wp\/v2\/types\/post"}],"author":[{"embeddable":true,"href":"https:\/\/empresas.infoempleo.com\/hrtrends\/wp-json\/wp\/v2\/users\/83"}],"replies":[{"embeddable":true,"href":"https:\/\/empresas.infoempleo.com\/hrtrends\/wp-json\/wp\/v2\/comments?post=32275"}],"version-history":[{"count":3,"href":"https:\/\/empresas.infoempleo.com\/hrtrends\/wp-json\/wp\/v2\/posts\/32275\/revisions"}],"predecessor-version":[{"id":47134,"href":"https:\/\/empresas.infoempleo.com\/hrtrends\/wp-json\/wp\/v2\/posts\/32275\/revisions\/47134"}],"wp:featuredmedia":[{"embeddable":true,"href":"https:\/\/empresas.infoempleo.com\/hrtrends\/wp-json\/wp\/v2\/media\/32276"}],"wp:attachment":[{"href":"https:\/\/empresas.infoempleo.com\/hrtrends\/wp-json\/wp\/v2\/media?parent=32275"}],"wp:term":[{"taxonomy":"category","embeddable":true,"href":"https:\/\/empresas.infoempleo.com\/hrtrends\/wp-json\/wp\/v2\/categories?post=32275"},{"taxonomy":"post_tag","embeddable":true,"href":"https:\/\/empresas.infoempleo.com\/hrtrends\/wp-json\/wp\/v2\/tags?post=32275"}],"curies":[{"name":"wp","href":"https:\/\/api.w.org\/{rel}","templated":true}]}}