{"id":32192,"date":"2018-03-30T08:08:50","date_gmt":"2018-03-30T06:08:50","guid":{"rendered":"https:\/\/empresas.infoempleo.com\/hrtrends\/?p=32192"},"modified":"2024-08-29T17:49:04","modified_gmt":"2024-08-29T15:49:04","slug":"perfil-employer-branding-manager","status":"publish","type":"post","link":"https:\/\/empresas.infoempleo.com\/hrtrends\/perfil-employer-branding-manager\/","title":{"rendered":"\u00bfEn qu\u00e9 consiste el perfil de employer branding manager?"},"content":{"rendered":"<p><span style=\"font-weight: 400\">La figura del <\/span><b>employer branding manager<\/b><span style=\"font-weight: 400\"> es relativamente poco conocida en Espa\u00f1a. No ha sido hasta la <\/span><b>segunda d\u00e9cada del 2000<\/b><span style=\"font-weight: 400\"> cuando se ha comenzado a poner el foco sobre todo lo relacionado con el<\/span><i><span style=\"font-weight: 400\"> branding<\/span><\/i><span style=\"font-weight: 400\">, de donde se deriva este <\/span><b>nuevo perfil profesional.<\/b><\/p>\n<h2><b>\u00bfQu\u00e9 es la employer branding?<\/b><\/h2>\n<p><span style=\"font-weight: 400\">Este concepto se traducir\u00eda como la <\/span><b>\u00abmarca de empleador\u00bb<\/b><span style=\"font-weight: 400\"> y hace referencia a la <\/span><b>impresi\u00f3n<\/b><span style=\"font-weight: 400\"> que la <\/span><b>empresa deja en los trabajadores como figura de contrataci\u00f3n<\/b><span style=\"font-weight: 400\">. Es posible que conozcas muchas empresas que tienen una <\/span><b>buena reputaci\u00f3n<\/b><span style=\"font-weight: 400\"> de puertas para fuera pero que muestran <\/span><b>poca consideraci\u00f3n con sus empleados.<\/b><\/p>\n<p><span style=\"font-weight: 400\">Pues bien, desde hace algunos a\u00f1os las empresas se est\u00e1n percatando de la importancia de <\/span><b>mejorar su imagen como empleadores<\/b><span style=\"font-weight: 400\">. Por esta raz\u00f3n, se busca a <\/span><b>personas expertas<\/b><span style=\"font-weight: 400\"> en mejorar esta imagen y que sepan <\/span><b>captar a trabajadores con talento<\/b><span style=\"font-weight: 400\"> para las compa\u00f1\u00edas.<\/span><\/p>\n<p><img loading=\"lazy\" decoding=\"async\" class=\"alignnone wp-image-32193 size-full\" src=\"https:\/\/empresas.infoempleo.com\/hrtrends\/media\/2018\/03\/HRTrends-Recruiter-Branding_Employer_Branding_Manager2.jpg\" alt=\"Employer Branding Manager\" width=\"1140\" height=\"758\" srcset=\"https:\/\/empresas.infoempleo.com\/hrtrends\/media\/2018\/03\/HRTrends-Recruiter-Branding_Employer_Branding_Manager2.jpg 1140w, https:\/\/empresas.infoempleo.com\/hrtrends\/media\/2018\/03\/HRTrends-Recruiter-Branding_Employer_Branding_Manager2-300x199.jpg 300w, https:\/\/empresas.infoempleo.com\/hrtrends\/media\/2018\/03\/HRTrends-Recruiter-Branding_Employer_Branding_Manager2-1024x681.jpg 1024w, https:\/\/empresas.infoempleo.com\/hrtrends\/media\/2018\/03\/HRTrends-Recruiter-Branding_Employer_Branding_Manager2-768x511.jpg 768w\" sizes=\"auto, (max-width: 1140px) 100vw, 1140px\" \/><\/p>\n<h2><b>Employer branding manager<\/b><\/h2>\n<p><span style=\"font-weight: 400\">Este trabajador es un <\/span><b>experto en la captaci\u00f3n de talento<\/b><span style=\"font-weight: 400\"> para las diferentes empresas, es decir, <\/span><b>reconoce el talento en los trabajadores o candidatos<\/b><span style=\"font-weight: 400\"> y sabe c\u00f3mo tiene que actuar para <\/span><b>retenerlos en la compa\u00f1\u00eda<\/b><span style=\"font-weight: 400\">.<\/span><\/p>\n<p><span style=\"font-weight: 400\">Debes tener en cuenta que el mundo est\u00e1 cambiando a pasos agigantados y que las <\/span><b>nuevas generaciones<\/b> <a href=\"https:\/\/empresas.infoempleo.com\/hrtrends\/huir-la-estructura-jerarquica-la-empresa\/\/\"><b>no est\u00e1n dispuestas a someterse a las jerarqu\u00edas tradicionales<\/b><\/a><span style=\"font-weight: 400\"> que se han impuesto en el mercado laboral. Por ello, estos expertos en la <\/span><b>captaci\u00f3n de talento<\/b><span style=\"font-weight: 400\"> son cada vez m\u00e1s demandados. <\/span><\/p>\n<h2><b>\u00bfC\u00f3mo debe ser este profesional?<\/b><\/h2>\n<p><span style=\"font-weight: 400\">En primer lugar, este profesional debe ser <\/span><b>muy comprensivo<\/b><span style=\"font-weight: 400\"> con los trabajadores o candidatos. Desde hace a\u00f1os, las empresas pierden talento porque los trabajadores \u00abno son disciplinados\u00bb, \u00abno siguen la cadena de mando\u00bb o \u00abno hacen lo que se les dice\u00bb. Este es el <\/span><b>nuevo modelo de trabajador, <\/b><span style=\"font-weight: 400\">un trabajador que <\/span><b>piensa por s\u00ed mismo<\/b><span style=\"font-weight: 400\"> y que <\/span><b>no va a rendir pleites\u00eda<\/b><span style=\"font-weight: 400\"> a la persona que ha fundado una empresa o que tiene m\u00e1s antig\u00fcedad que \u00e9l. Los empleados de hoy en d\u00eda saben que <\/span><b>tienen valor<\/b><span style=\"font-weight: 400\"> y que se lo est\u00e1n dando a la empresa, por lo que no estar\u00e1n dispuestos a someterse de la misma manera a como lo hac\u00edan los trabajadores en el pasado. <\/span><\/p>\n<p><span style=\"font-weight: 400\">Adem\u00e1s de lo arriba mencionado, el <\/span><b>employer branding manager<\/b><span style=\"font-weight: 400\"> debe saber reconocer las <\/span><b>necesidades de los trabajadores<\/b><span style=\"font-weight: 400\"> y <\/span><b>ser flexible en las condiciones.<\/b><span style=\"font-weight: 400\"> Nadie se queda en una empresa que le trata con dureza.<\/span><b> El talento es muy demandado<\/b><span style=\"font-weight: 400\"> y el empleado lo sabe. Por tanto, si tu empresa no se adapta a este nuevo contexto es probable que tu empleado se vaya m\u00e1s pronto que tarde. <\/span><\/p>\n<p><span style=\"font-weight: 400\">El <\/span><b>employer branding manager<\/b><span style=\"font-weight: 400\"> tiene en cuenta, adem\u00e1s, la importancia de <\/span><a href=\"https:\/\/empresas.infoempleo.com\/hrtrends\/incentivos-laborales\/\/\"><b>reconocer el m\u00e9rito de los trabajadores<\/b><\/a><span style=\"font-weight: 400\">. Por mucho que sea importante que el empleado sea disciplinado tambi\u00e9n necesita ser <\/span><b>felicitado cuando se lo merece<\/b><span style=\"font-weight: 400\">.<\/span><\/p>\n<p><span style=\"font-weight: 400\">Por \u00faltimo, este captador de talento tiene que estar en contacto con la direcci\u00f3n para hacer las <\/span><b>adaptaciones y modificaciones necesarias <\/b><span style=\"font-weight: 400\">de la estructura laboral de la empresa, adapt\u00e1ndola as\u00ed a los <\/span><b>nuevos ritmos y modelos de trabajo.<\/b><\/p>\n<p><span style=\"font-weight: 400\">Por tanto, los departamentos de Recursos Humanos deben <\/span><b>conseguir un employer branding manager<\/b> <span style=\"font-weight: 400\">que est\u00e9 al tanto de los <\/span><b>nuevos perfiles profesionales<\/b><span style=\"font-weight: 400\"> y de las necesidades que estos tienen, para <\/span><b>conjugar el beneficio de la empresa y el de los trabajadores<\/b><span style=\"font-weight: 400\">. <\/span><\/p>\n","protected":false},"excerpt":{"rendered":"<p>La figura del employer branding manager es relativamente poco conocida en Espa\u00f1a. No ha sido hasta la segunda<a class=\"moretag\" href=\"https:\/\/empresas.infoempleo.com\/hrtrends\/perfil-employer-branding-manager\/\"> Leer m\u00e1s<\/a><\/p>\n","protected":false},"author":122,"featured_media":32194,"comment_status":"closed","ping_status":"open","sticky":false,"template":"","format":"standard","meta":{"footnotes":""},"categories":[3015],"tags":[3162],"class_list":["post-32192","post","type-post","status-publish","format-standard","has-post-thumbnail","hentry","category-recruiter-branding","tag-employer-branding-manager"],"yoast_head":"<!-- This site is optimized with the Yoast SEO plugin v26.1.1 - https:\/\/yoast.com\/wordpress\/plugins\/seo\/ -->\n<title>\u00bfEn qu\u00e9 consiste el perfil de employer branding manager? | HRTRENDS<\/title>\n<meta name=\"description\" content=\"El employer branding manager es uno de los perfiles m\u00e1s buscados por los departamentos de recursos humanos actualmente. \u00a1Conoce su labor!\" \/>\n<meta name=\"robots\" content=\"index, follow, max-snippet:-1, max-image-preview:large, max-video-preview:-1\" \/>\n<link rel=\"canonical\" href=\"https:\/\/empresas.infoempleo.com\/hrtrends\/perfil-employer-branding-manager\/\" \/>\n<meta property=\"og:locale\" content=\"es_ES\" \/>\n<meta property=\"og:type\" content=\"article\" \/>\n<meta property=\"og:title\" content=\"\u00bfEn qu\u00e9 consiste el perfil de employer branding manager? | HRTRENDS\" \/>\n<meta property=\"og:description\" content=\"El employer branding manager es uno de los perfiles m\u00e1s buscados por los departamentos de recursos humanos actualmente. \u00a1Conoce su labor!\" \/>\n<meta property=\"og:url\" content=\"https:\/\/empresas.infoempleo.com\/hrtrends\/perfil-employer-branding-manager\/\" \/>\n<meta property=\"og:site_name\" content=\"HRTRENDS\" \/>\n<meta property=\"article:publisher\" content=\"https:\/\/www.facebook.com\/Infoempleo\" \/>\n<meta property=\"article:published_time\" content=\"2018-03-30T06:08:50+00:00\" \/>\n<meta property=\"article:modified_time\" content=\"2024-08-29T15:49:04+00:00\" \/>\n<meta property=\"og:image\" content=\"https:\/\/empresas.infoempleo.com\/hrtrends\/media\/2018\/03\/HRTrends-Recruiter-Branding_Employer_Branding_Manager.jpg\" \/>\n\t<meta property=\"og:image:width\" content=\"1140\" \/>\n\t<meta property=\"og:image:height\" content=\"760\" \/>\n\t<meta property=\"og:image:type\" content=\"image\/jpeg\" \/>\n<meta name=\"author\" content=\"Adriana M.\" \/>\n<meta name=\"twitter:card\" content=\"summary_large_image\" \/>\n<meta name=\"twitter:creator\" content=\"@infoempleo\" \/>\n<meta name=\"twitter:site\" content=\"@infoempleo\" \/>\n<meta name=\"twitter:label1\" content=\"Escrito por\" \/>\n\t<meta name=\"twitter:data1\" content=\"Adriana M.\" \/>\n\t<meta name=\"twitter:label2\" content=\"Tiempo de lectura\" \/>\n\t<meta name=\"twitter:data2\" content=\"3 minutos\" \/>\n<script type=\"application\/ld+json\" class=\"yoast-schema-graph\">{\"@context\":\"https:\/\/schema.org\",\"@graph\":[{\"@type\":\"NewsArticle\",\"@id\":\"https:\/\/empresas.infoempleo.com\/hrtrends\/perfil-employer-branding-manager\/#article\",\"isPartOf\":{\"@id\":\"https:\/\/empresas.infoempleo.com\/hrtrends\/perfil-employer-branding-manager\/\"},\"author\":{\"name\":\"Adriana M.\",\"@id\":\"https:\/\/empresas.infoempleo.com\/hrtrends\/#\/schema\/person\/b1dd51edbb566a47cd8f7513fa73d223\"},\"headline\":\"\u00bfEn qu\u00e9 consiste el perfil de employer branding manager?\",\"datePublished\":\"2018-03-30T06:08:50+00:00\",\"dateModified\":\"2024-08-29T15:49:04+00:00\",\"mainEntityOfPage\":{\"@id\":\"https:\/\/empresas.infoempleo.com\/hrtrends\/perfil-employer-branding-manager\/\"},\"wordCount\":572,\"publisher\":{\"@id\":\"https:\/\/empresas.infoempleo.com\/hrtrends\/#organization\"},\"image\":{\"@id\":\"https:\/\/empresas.infoempleo.com\/hrtrends\/perfil-employer-branding-manager\/#primaryimage\"},\"thumbnailUrl\":\"https:\/\/empresas.infoempleo.com\/hrtrends\/media\/2018\/03\/HRTrends-Recruiter-Branding_Employer_Branding_Manager.jpg\",\"keywords\":[\"employer branding manager\"],\"articleSection\":[\"Recruiter branding\"],\"inLanguage\":\"es\",\"copyrightYear\":\"2018\",\"copyrightHolder\":{\"@id\":\"https:\/\/empresas.infoempleo.com\/hrtrends\/#organization\"}},{\"@type\":\"WebPage\",\"@id\":\"https:\/\/empresas.infoempleo.com\/hrtrends\/perfil-employer-branding-manager\/\",\"url\":\"https:\/\/empresas.infoempleo.com\/hrtrends\/perfil-employer-branding-manager\/\",\"name\":\"\u00bfEn qu\u00e9 consiste el perfil de employer branding manager? | HRTRENDS\",\"isPartOf\":{\"@id\":\"https:\/\/empresas.infoempleo.com\/hrtrends\/#website\"},\"primaryImageOfPage\":{\"@id\":\"https:\/\/empresas.infoempleo.com\/hrtrends\/perfil-employer-branding-manager\/#primaryimage\"},\"image\":{\"@id\":\"https:\/\/empresas.infoempleo.com\/hrtrends\/perfil-employer-branding-manager\/#primaryimage\"},\"thumbnailUrl\":\"https:\/\/empresas.infoempleo.com\/hrtrends\/media\/2018\/03\/HRTrends-Recruiter-Branding_Employer_Branding_Manager.jpg\",\"datePublished\":\"2018-03-30T06:08:50+00:00\",\"dateModified\":\"2024-08-29T15:49:04+00:00\",\"description\":\"El employer branding manager es uno de los perfiles m\u00e1s buscados por los departamentos de recursos humanos actualmente. \u00a1Conoce su labor!\",\"breadcrumb\":{\"@id\":\"https:\/\/empresas.infoempleo.com\/hrtrends\/perfil-employer-branding-manager\/#breadcrumb\"},\"inLanguage\":\"es\",\"potentialAction\":[{\"@type\":\"ReadAction\",\"target\":[\"https:\/\/empresas.infoempleo.com\/hrtrends\/perfil-employer-branding-manager\/\"]}]},{\"@type\":\"ImageObject\",\"inLanguage\":\"es\",\"@id\":\"https:\/\/empresas.infoempleo.com\/hrtrends\/perfil-employer-branding-manager\/#primaryimage\",\"url\":\"https:\/\/empresas.infoempleo.com\/hrtrends\/media\/2018\/03\/HRTrends-Recruiter-Branding_Employer_Branding_Manager-150x150.jpg\",\"contentUrl\":\"https:\/\/empresas.infoempleo.com\/hrtrends\/media\/2018\/03\/HRTrends-Recruiter-Branding_Employer_Branding_Manager-150x150.jpg\",\"width\":150,\"height\":150},{\"@type\":\"BreadcrumbList\",\"@id\":\"https:\/\/empresas.infoempleo.com\/hrtrends\/perfil-employer-branding-manager\/#breadcrumb\",\"itemListElement\":[{\"@type\":\"ListItem\",\"position\":1,\"name\":\"Portada\",\"item\":\"https:\/\/empresas.infoempleo.com\/hrtrends\/\"},{\"@type\":\"ListItem\",\"position\":2,\"name\":\"\u00bfEn qu\u00e9 consiste el perfil de employer branding manager?\"}]},{\"@type\":\"WebSite\",\"@id\":\"https:\/\/empresas.infoempleo.com\/hrtrends\/#website\",\"url\":\"https:\/\/empresas.infoempleo.com\/hrtrends\",\"name\":\"HRTrends by Infoempleo\",\"description\":\"\",\"publisher\":{\"@id\":\"https:\/\/empresas.infoempleo.com\/hrtrends\/#organization\"},\"potentialAction\":{\"@type\":\"SearchAction\",\"target\":\"https:\/\/empresas.infoempleo.com\/hrtrends\/?s={search_term_string}\",\"query-input\":\"required name=search_term_string\"},\"inLanguage\":\"es\"},{\"@type\":\"Organization\",\"@id\":\"https:\/\/empresas.infoempleo.com\/hrtrends\/#organization\",\"name\":\"Infoempleo\",\"url\":\"https:\/\/www.infoempleo.com\/\",\"logo\":{\"@type\":\"ImageObject\",\"@id\":\"https:\/\/empresas.infoempleo.com\/hrtrends\/#logo\",\"inLanguage\":\"es\",\"url\":\"https:\/\/cdnazure.infoempleo.com\/infoempleo\/assets\/style\/gfx\/logo.svg\",\"contentUrl\":\"https:\/\/cdnazure.infoempleo.com\/infoempleo\/assets\/style\/gfx\/logo.svg\",\"width\":150,\"height\":40,\"caption\":\"Infoempleo\"},\"image\":{\"@id\":\"https:\/\/empresas.infoempleo.com\/hrtrends\/#logo\"},\"sameAs\":[\"https:\/\/www.facebook.com\/Infoempleo\",\"https:\/\/x.com\/infoempleo\",\"http:\/\/instagram.com\/infoempleo\/\",\"http:\/\/www.linkedin.com\/groups\/Empleo-Espa\u00f1a-Infoempleocom-111276\",\"http:\/\/pinterest.com\/infoempleo\/\"],\"address\":{\"@type\":\"PostalAddress\",\"addressLocality\":\"Madrid\",\"postalCode\":\"28050\",\"streetAddress\":\"Avenida de Burgos 114\"},\"brand\":[\"Infoempleo\"]},{\"@type\":\"Person\",\"@id\":\"https:\/\/empresas.infoempleo.com\/hrtrends\/#\/schema\/person\/b1dd51edbb566a47cd8f7513fa73d223\",\"name\":\"Adriana M.\",\"image\":{\"@type\":\"ImageObject\",\"inLanguage\":\"es\",\"@id\":\"https:\/\/empresas.infoempleo.com\/hrtrends\/#\/schema\/person\/image\/\",\"url\":\"https:\/\/secure.gravatar.com\/avatar\/243f7dd7e1db0ad0e9791be05df7d72ba5c8bf338408591753bae2fe87dae18d?s=96&d=mm&r=g\",\"contentUrl\":\"https:\/\/secure.gravatar.com\/avatar\/243f7dd7e1db0ad0e9791be05df7d72ba5c8bf338408591753bae2fe87dae18d?s=96&d=mm&r=g\",\"caption\":\"Adriana M.\"},\"description\":\"Periodista y experta en Comunicaci\u00f3n Audiovisual y Narrativa. Me encanta escribir y narrar lo que pasa a mi alrededor es mi pasi\u00f3n.\",\"url\":\"https:\/\/empresas.infoempleo.com\/hrtrends\/author\/adriana-kanvas\/\"}]}<\/script>\n<!-- \/ Yoast SEO plugin. -->","yoast_head_json":{"title":"\u00bfEn qu\u00e9 consiste el perfil de employer branding manager? | HRTRENDS","description":"El employer branding manager es uno de los perfiles m\u00e1s buscados por los departamentos de recursos humanos actualmente. \u00a1Conoce su labor!","robots":{"index":"index","follow":"follow","max-snippet":"max-snippet:-1","max-image-preview":"max-image-preview:large","max-video-preview":"max-video-preview:-1"},"canonical":"https:\/\/empresas.infoempleo.com\/hrtrends\/perfil-employer-branding-manager\/","og_locale":"es_ES","og_type":"article","og_title":"\u00bfEn qu\u00e9 consiste el perfil de employer branding manager? | HRTRENDS","og_description":"El employer branding manager es uno de los perfiles m\u00e1s buscados por los departamentos de recursos humanos actualmente. \u00a1Conoce su labor!","og_url":"https:\/\/empresas.infoempleo.com\/hrtrends\/perfil-employer-branding-manager\/","og_site_name":"HRTRENDS","article_publisher":"https:\/\/www.facebook.com\/Infoempleo","article_published_time":"2018-03-30T06:08:50+00:00","article_modified_time":"2024-08-29T15:49:04+00:00","og_image":[{"width":1140,"height":760,"url":"https:\/\/empresas.infoempleo.com\/hrtrends\/media\/2018\/03\/HRTrends-Recruiter-Branding_Employer_Branding_Manager.jpg","type":"image\/jpeg"}],"author":"Adriana M.","twitter_card":"summary_large_image","twitter_creator":"@infoempleo","twitter_site":"@infoempleo","twitter_misc":{"Escrito por":"Adriana M.","Tiempo de lectura":"3 minutos"},"schema":{"@context":"https:\/\/schema.org","@graph":[{"@type":"NewsArticle","@id":"https:\/\/empresas.infoempleo.com\/hrtrends\/perfil-employer-branding-manager\/#article","isPartOf":{"@id":"https:\/\/empresas.infoempleo.com\/hrtrends\/perfil-employer-branding-manager\/"},"author":{"name":"Adriana M.","@id":"https:\/\/empresas.infoempleo.com\/hrtrends\/#\/schema\/person\/b1dd51edbb566a47cd8f7513fa73d223"},"headline":"\u00bfEn qu\u00e9 consiste el perfil de employer branding manager?","datePublished":"2018-03-30T06:08:50+00:00","dateModified":"2024-08-29T15:49:04+00:00","mainEntityOfPage":{"@id":"https:\/\/empresas.infoempleo.com\/hrtrends\/perfil-employer-branding-manager\/"},"wordCount":572,"publisher":{"@id":"https:\/\/empresas.infoempleo.com\/hrtrends\/#organization"},"image":{"@id":"https:\/\/empresas.infoempleo.com\/hrtrends\/perfil-employer-branding-manager\/#primaryimage"},"thumbnailUrl":"https:\/\/empresas.infoempleo.com\/hrtrends\/media\/2018\/03\/HRTrends-Recruiter-Branding_Employer_Branding_Manager.jpg","keywords":["employer branding manager"],"articleSection":["Recruiter branding"],"inLanguage":"es","copyrightYear":"2018","copyrightHolder":{"@id":"https:\/\/empresas.infoempleo.com\/hrtrends\/#organization"}},{"@type":"WebPage","@id":"https:\/\/empresas.infoempleo.com\/hrtrends\/perfil-employer-branding-manager\/","url":"https:\/\/empresas.infoempleo.com\/hrtrends\/perfil-employer-branding-manager\/","name":"\u00bfEn qu\u00e9 consiste el perfil de employer branding manager? | HRTRENDS","isPartOf":{"@id":"https:\/\/empresas.infoempleo.com\/hrtrends\/#website"},"primaryImageOfPage":{"@id":"https:\/\/empresas.infoempleo.com\/hrtrends\/perfil-employer-branding-manager\/#primaryimage"},"image":{"@id":"https:\/\/empresas.infoempleo.com\/hrtrends\/perfil-employer-branding-manager\/#primaryimage"},"thumbnailUrl":"https:\/\/empresas.infoempleo.com\/hrtrends\/media\/2018\/03\/HRTrends-Recruiter-Branding_Employer_Branding_Manager.jpg","datePublished":"2018-03-30T06:08:50+00:00","dateModified":"2024-08-29T15:49:04+00:00","description":"El employer branding manager es uno de los perfiles m\u00e1s buscados por los departamentos de recursos humanos actualmente. \u00a1Conoce su labor!","breadcrumb":{"@id":"https:\/\/empresas.infoempleo.com\/hrtrends\/perfil-employer-branding-manager\/#breadcrumb"},"inLanguage":"es","potentialAction":[{"@type":"ReadAction","target":["https:\/\/empresas.infoempleo.com\/hrtrends\/perfil-employer-branding-manager\/"]}]},{"@type":"ImageObject","inLanguage":"es","@id":"https:\/\/empresas.infoempleo.com\/hrtrends\/perfil-employer-branding-manager\/#primaryimage","url":"https:\/\/empresas.infoempleo.com\/hrtrends\/media\/2018\/03\/HRTrends-Recruiter-Branding_Employer_Branding_Manager-150x150.jpg","contentUrl":"https:\/\/empresas.infoempleo.com\/hrtrends\/media\/2018\/03\/HRTrends-Recruiter-Branding_Employer_Branding_Manager-150x150.jpg","width":150,"height":150},{"@type":"BreadcrumbList","@id":"https:\/\/empresas.infoempleo.com\/hrtrends\/perfil-employer-branding-manager\/#breadcrumb","itemListElement":[{"@type":"ListItem","position":1,"name":"Portada","item":"https:\/\/empresas.infoempleo.com\/hrtrends\/"},{"@type":"ListItem","position":2,"name":"\u00bfEn qu\u00e9 consiste el perfil de employer branding manager?"}]},{"@type":"WebSite","@id":"https:\/\/empresas.infoempleo.com\/hrtrends\/#website","url":"https:\/\/empresas.infoempleo.com\/hrtrends","name":"HRTrends by Infoempleo","description":"","publisher":{"@id":"https:\/\/empresas.infoempleo.com\/hrtrends\/#organization"},"potentialAction":{"@type":"SearchAction","target":"https:\/\/empresas.infoempleo.com\/hrtrends\/?s={search_term_string}","query-input":"required name=search_term_string"},"inLanguage":"es"},{"@type":"Organization","@id":"https:\/\/empresas.infoempleo.com\/hrtrends\/#organization","name":"Infoempleo","url":"https:\/\/www.infoempleo.com\/","logo":{"@type":"ImageObject","@id":"https:\/\/empresas.infoempleo.com\/hrtrends\/#logo","inLanguage":"es","url":"https:\/\/cdnazure.infoempleo.com\/infoempleo\/assets\/style\/gfx\/logo.svg","contentUrl":"https:\/\/cdnazure.infoempleo.com\/infoempleo\/assets\/style\/gfx\/logo.svg","width":150,"height":40,"caption":"Infoempleo"},"image":{"@id":"https:\/\/empresas.infoempleo.com\/hrtrends\/#logo"},"sameAs":["https:\/\/www.facebook.com\/Infoempleo","https:\/\/x.com\/infoempleo","http:\/\/instagram.com\/infoempleo\/","http:\/\/www.linkedin.com\/groups\/Empleo-Espa\u00f1a-Infoempleocom-111276","http:\/\/pinterest.com\/infoempleo\/"],"address":{"@type":"PostalAddress","addressLocality":"Madrid","postalCode":"28050","streetAddress":"Avenida de Burgos 114"},"brand":["Infoempleo"]},{"@type":"Person","@id":"https:\/\/empresas.infoempleo.com\/hrtrends\/#\/schema\/person\/b1dd51edbb566a47cd8f7513fa73d223","name":"Adriana M.","image":{"@type":"ImageObject","inLanguage":"es","@id":"https:\/\/empresas.infoempleo.com\/hrtrends\/#\/schema\/person\/image\/","url":"https:\/\/secure.gravatar.com\/avatar\/243f7dd7e1db0ad0e9791be05df7d72ba5c8bf338408591753bae2fe87dae18d?s=96&d=mm&r=g","contentUrl":"https:\/\/secure.gravatar.com\/avatar\/243f7dd7e1db0ad0e9791be05df7d72ba5c8bf338408591753bae2fe87dae18d?s=96&d=mm&r=g","caption":"Adriana M."},"description":"Periodista y experta en Comunicaci\u00f3n Audiovisual y Narrativa. Me encanta escribir y narrar lo que pasa a mi alrededor es mi pasi\u00f3n.","url":"https:\/\/empresas.infoempleo.com\/hrtrends\/author\/adriana-kanvas\/"}]}},"amp_enabled":true,"_links":{"self":[{"href":"https:\/\/empresas.infoempleo.com\/hrtrends\/wp-json\/wp\/v2\/posts\/32192","targetHints":{"allow":["GET"]}}],"collection":[{"href":"https:\/\/empresas.infoempleo.com\/hrtrends\/wp-json\/wp\/v2\/posts"}],"about":[{"href":"https:\/\/empresas.infoempleo.com\/hrtrends\/wp-json\/wp\/v2\/types\/post"}],"author":[{"embeddable":true,"href":"https:\/\/empresas.infoempleo.com\/hrtrends\/wp-json\/wp\/v2\/users\/122"}],"replies":[{"embeddable":true,"href":"https:\/\/empresas.infoempleo.com\/hrtrends\/wp-json\/wp\/v2\/comments?post=32192"}],"version-history":[{"count":2,"href":"https:\/\/empresas.infoempleo.com\/hrtrends\/wp-json\/wp\/v2\/posts\/32192\/revisions"}],"predecessor-version":[{"id":45344,"href":"https:\/\/empresas.infoempleo.com\/hrtrends\/wp-json\/wp\/v2\/posts\/32192\/revisions\/45344"}],"wp:featuredmedia":[{"embeddable":true,"href":"https:\/\/empresas.infoempleo.com\/hrtrends\/wp-json\/wp\/v2\/media\/32194"}],"wp:attachment":[{"href":"https:\/\/empresas.infoempleo.com\/hrtrends\/wp-json\/wp\/v2\/media?parent=32192"}],"wp:term":[{"taxonomy":"category","embeddable":true,"href":"https:\/\/empresas.infoempleo.com\/hrtrends\/wp-json\/wp\/v2\/categories?post=32192"},{"taxonomy":"post_tag","embeddable":true,"href":"https:\/\/empresas.infoempleo.com\/hrtrends\/wp-json\/wp\/v2\/tags?post=32192"}],"curies":[{"name":"wp","href":"https:\/\/api.w.org\/{rel}","templated":true}]}}