{"id":32183,"date":"2018-03-26T08:10:45","date_gmt":"2018-03-26T06:10:45","guid":{"rendered":"https:\/\/empresas.infoempleo.com\/hrtrends\/?p=32183"},"modified":"2018-05-23T16:36:43","modified_gmt":"2018-05-23T14:36:43","slug":"mejorar-intranet-comunicacion","status":"publish","type":"post","link":"https:\/\/empresas.infoempleo.com\/hrtrends\/mejorar-intranet-comunicacion\/","title":{"rendered":"\u00bfC\u00f3mo puede mejorar la intranet de las empresas la comunicaci\u00f3n entre empleados?"},"content":{"rendered":"<p><span style=\"font-weight: 400\">La <\/span><b>intranet de empresa<\/b><span style=\"font-weight: 400\"> es un recurso que cada vez adoptan m\u00e1s compa\u00f1\u00edas, debido que incide muy positivamente sobre el <\/span><a href=\"https:\/\/empresas.infoempleo.com\/hrtrends\/mejorar-gestion-correos-electronicos\/\"><b>rendimiento y eficiencia<\/b><\/a><span style=\"font-weight: 400\"> de la compa\u00f1\u00eda. Pero \u00bfen qu\u00e9 consiste la intranet? Se trata de una <\/span><b>red inform\u00e1tica privada<\/b><span style=\"font-weight: 400\"> que permite <\/span><b>compartir<\/b><span style=\"font-weight: 400\"> diferentes <\/span><b>documentos y recursos<\/b><span style=\"font-weight: 400\"> entre todos los miembros de una empresa. <\/span><\/p>\n<p><span style=\"font-weight: 400\">En sus inicios, esta herramienta se conceb\u00eda como una intranet de tipo web en la que se albergaban los documentos y archivos con un sistema muy rudimentario. No obstante, esta concepci\u00f3n ya est\u00e1 obsoleta debido a que la tecnolog\u00eda ha permitido implantar <\/span><b>f\u00f3rmulas<\/b><span style=\"font-weight: 400\"> como los <\/span><b>sistemas en la nube<\/b><span style=\"font-weight: 400\">. As\u00ed pues, este tipo de plataformas empresariales <\/span><b>permiten albergar diferentes documentos<\/b> <b>organizados<\/b><span style=\"font-weight: 400\"> por departamentos, establecer <\/span><b>sistemas de permisos y acceso<\/b><span style=\"font-weight: 400\">, <\/span><b>comunicaci\u00f3n directa<\/b> <b>entre trabajadores<\/b><span style=\"font-weight: 400\">, etc\u00e9tera.<\/span><\/p>\n<p><span style=\"font-weight: 400\">Todo esto permite un <\/span><b>ritmo de trabajo mucho m\u00e1s eficaz<\/b><span style=\"font-weight: 400\"> a la hora de gestionar las diferentes labores y de resolver los posibles problemas que surjan.<\/span><\/p>\n<p><img loading=\"lazy\" decoding=\"async\" class=\"alignnone wp-image-32184 size-full\" src=\"https:\/\/empresas.infoempleo.com\/hrtrends\/media\/2018\/03\/HRTrends_Actualidad_Intranet_empresa_2.jpg\" alt=\"Intranet en la empresa\" width=\"1140\" height=\"641\" srcset=\"https:\/\/empresas.infoempleo.com\/hrtrends\/media\/2018\/03\/HRTrends_Actualidad_Intranet_empresa_2.jpg 1140w, https:\/\/empresas.infoempleo.com\/hrtrends\/media\/2018\/03\/HRTrends_Actualidad_Intranet_empresa_2-300x169.jpg 300w, https:\/\/empresas.infoempleo.com\/hrtrends\/media\/2018\/03\/HRTrends_Actualidad_Intranet_empresa_2-1024x576.jpg 1024w, https:\/\/empresas.infoempleo.com\/hrtrends\/media\/2018\/03\/HRTrends_Actualidad_Intranet_empresa_2-768x432.jpg 768w\" sizes=\"auto, (max-width: 1140px) 100vw, 1140px\" \/><\/p>\n<h2><b>\u00bfC\u00f3mo funciona una intranet empresarial?<\/b><\/h2>\n<p><span style=\"font-weight: 400\">Realmente, el funcionamiento es muy sencillo. Cada <\/span><b>trabajador<\/b><span style=\"font-weight: 400\"> de la empresa tiene su propio <\/span><b>usuario<\/b><span style=\"font-weight: 400\"> y sus superiores, le adjudican los <\/span><b>permisos<\/b><span style=\"font-weight: 400\"> correspondientes dependiendo de los departamentos a los que pueda acceder. Una vez configurado esto, el trabajador navegar\u00e1 por la plataforma pudiendo encontrar todo lo que necesite para <\/span><b>desarrollar su trabajo. <\/b><\/p>\n<p><span style=\"font-weight: 400\">Adem\u00e1s, tambi\u00e9n permite <\/span><b>encontrar a todo el personal<\/b><span style=\"font-weight: 400\">, <\/span><b>comunicarse<\/b><span style=\"font-weight: 400\"> a trav\u00e9s de tickets o chats, <\/span><b>enviar documentaci\u00f3n del trabajador<\/b><span style=\"font-weight: 400\"> (ejemplo: justificantes m\u00e9dicos) o <\/span><b>bajarse documentaci\u00f3n personal <\/b><span style=\"font-weight: 400\">(n\u00f3minas, retenciones, etc.)<\/span><\/p>\n<p><b>Ventajas contar con Intranet en la empresa<\/b><\/p>\n<p><span style=\"font-weight: 400\">Lo primero que debes tener en cuenta si decides instalar una <\/span><b>intranet de empresa<\/b><span style=\"font-weight: 400\"> es que los datos apuntan a que el <\/span><b>98 % de las instalaciones<\/b><span style=\"font-weight: 400\"> de estas plataformas tienen un <\/span><b>retorno positivo<\/b><span style=\"font-weight: 400\"> sobre la <\/span><b>inversi\u00f3n<\/b><span style=\"font-weight: 400\">. Por tanto, se tratar\u00eda de una decisi\u00f3n muy beneficiosa para cualquier empresa. <\/span><\/p>\n<p><span style=\"font-weight: 400\">Adem\u00e1s, su utilizaci\u00f3n supone un <\/span><b>ahorro de tiempo y de dinero<\/b><span style=\"font-weight: 400\">. Es cierto que en un principio la instalaci\u00f3n de una red de estas caracter\u00edsticas requiere de una inversi\u00f3n inicial. Sin embargo, a medio plazo, resultar\u00e1 una <\/span><b>fuente de ahorro<\/b><span style=\"font-weight: 400\"> ya que los trabajadores podr\u00e1n acceder r\u00e1pidamente a todo lo que necesiten y <\/span><b>no perder\u00e1n tiempo en buscar documentos<\/b><span style=\"font-weight: 400\"> o preguntar dudas innecesarias. Por tanto, este tiempo podr\u00e1 ser dedicado a otras tareas productivas. Tambi\u00e9n se reducir\u00e1 el <\/span><b>gasto de papel en la oficina<\/b><span style=\"font-weight: 400\">, ayudando al medioambiente. <\/span><\/p>\n<p><span style=\"font-weight: 400\">Tambi\u00e9n es rese\u00f1able que <\/span><b>centraliza la comunicaci\u00f3n<\/b><span style=\"font-weight: 400\">, <\/span><b>aumentando la eficiencia<\/b><span style=\"font-weight: 400\"> de esta. Otra ventaja es que la <\/span><b>colaboraci\u00f3n entre los trabajadores aumentar\u00e1<\/b><span style=\"font-weight: 400\">, fomentando la <\/span><a href=\"https:\/\/empresas.infoempleo.com\/hrtrends\/por-que-es-importante-la-comunicacion-interna-en-la-empresa\/\"><span style=\"font-weight: 400\">comunicaci\u00f3n interna en la empresa<\/span><\/a><span style=\"font-weight: 400\"> y el <\/span><b>buen ambiente laboral<\/b><span style=\"font-weight: 400\"> tan necesario para un buen rendimiento. <\/span><\/p>\n<p><span style=\"font-weight: 400\">Y, por \u00faltimo, habr\u00e1 una <\/span><b>mejor gesti\u00f3n del conocimiento<\/b><span style=\"font-weight: 400\"> y <\/span><b>de la formaci\u00f3n<\/b><span style=\"font-weight: 400\"> ya que cualquier duda que surja podr\u00e1 ser resuelta de forma r\u00e1pida, adem\u00e1s de que esos documentos estar\u00e1n respaldados por el modus operandi propio de la empresa. <\/span><\/p>\n<p><span style=\"font-weight: 400\">Actualmente, la competencia es brutal, por tanto, cualquier medida que <\/span><b>aumente la eficiencia<\/b><span style=\"font-weight: 400\"> de tu empresa debe ser aprovechada al m\u00e1ximo. No lo dudes m\u00e1s, <\/span><b>\u00a1apuesta por el rendimiento y la comunicaci\u00f3n, tus empleados y clientes lo notar\u00e1n!<\/b><\/p>\n","protected":false},"excerpt":{"rendered":"<p>La intranet de empresa es un recurso que cada vez adoptan m\u00e1s compa\u00f1\u00edas, debido que incide muy positivamente<a class=\"moretag\" href=\"https:\/\/empresas.infoempleo.com\/hrtrends\/mejorar-intranet-comunicacion\/\"> Leer m\u00e1s<\/a><\/p>\n","protected":false},"author":122,"featured_media":32185,"comment_status":"closed","ping_status":"open","sticky":false,"template":"","format":"standard","meta":{"footnotes":""},"categories":[3],"tags":[2936],"class_list":["post-32183","post","type-post","status-publish","format-standard","has-post-thumbnail","hentry","category-actualidad","tag-intranet"],"yoast_head":"<!-- This site is optimized with the Yoast SEO plugin v26.1.1 - https:\/\/yoast.com\/wordpress\/plugins\/seo\/ -->\n<title>\u00bfC\u00f3mo puede mejorar la intranet de las empresas la comunicaci\u00f3n?<\/title>\n<meta name=\"description\" content=\"La intranet de empresa es una red inform\u00e1tica utilizada para la comunicaci\u00f3n interna. \u00a1Descubre sus caracter\u00edsticas y principales beneficios! (\" \/>\n<meta name=\"robots\" content=\"index, follow, max-snippet:-1, max-image-preview:large, max-video-preview:-1\" \/>\n<link rel=\"canonical\" href=\"https:\/\/empresas.infoempleo.com\/hrtrends\/mejorar-intranet-comunicacion\/\" \/>\n<meta property=\"og:locale\" content=\"es_ES\" \/>\n<meta property=\"og:type\" content=\"article\" \/>\n<meta property=\"og:title\" content=\"\u00bfC\u00f3mo puede mejorar la intranet de las empresas la comunicaci\u00f3n?\" \/>\n<meta property=\"og:description\" content=\"La intranet de empresa es una red inform\u00e1tica utilizada para la comunicaci\u00f3n interna. \u00a1Descubre sus caracter\u00edsticas y principales beneficios! (\" \/>\n<meta property=\"og:url\" content=\"https:\/\/empresas.infoempleo.com\/hrtrends\/mejorar-intranet-comunicacion\/\" \/>\n<meta property=\"og:site_name\" content=\"HRTRENDS\" \/>\n<meta property=\"article:publisher\" content=\"https:\/\/www.facebook.com\/Infoempleo\" \/>\n<meta property=\"article:published_time\" content=\"2018-03-26T06:10:45+00:00\" \/>\n<meta property=\"article:modified_time\" content=\"2018-05-23T14:36:43+00:00\" \/>\n<meta property=\"og:image\" content=\"https:\/\/empresas.infoempleo.com\/hrtrends\/media\/2018\/03\/HRTrends_Actualidad_Intranet_empresa.jpg\" \/>\n\t<meta property=\"og:image:width\" content=\"1140\" \/>\n\t<meta property=\"og:image:height\" content=\"912\" \/>\n\t<meta property=\"og:image:type\" content=\"image\/jpeg\" \/>\n<meta name=\"author\" content=\"Adriana M.\" \/>\n<meta name=\"twitter:card\" content=\"summary_large_image\" \/>\n<meta name=\"twitter:creator\" content=\"@infoempleo\" \/>\n<meta name=\"twitter:site\" content=\"@infoempleo\" \/>\n<meta name=\"twitter:label1\" content=\"Escrito por\" \/>\n\t<meta name=\"twitter:data1\" content=\"Adriana M.\" \/>\n\t<meta name=\"twitter:label2\" content=\"Tiempo de lectura\" \/>\n\t<meta name=\"twitter:data2\" content=\"3 minutos\" \/>\n<script type=\"application\/ld+json\" class=\"yoast-schema-graph\">{\"@context\":\"https:\/\/schema.org\",\"@graph\":[{\"@type\":\"NewsArticle\",\"@id\":\"https:\/\/empresas.infoempleo.com\/hrtrends\/mejorar-intranet-comunicacion\/#article\",\"isPartOf\":{\"@id\":\"https:\/\/empresas.infoempleo.com\/hrtrends\/mejorar-intranet-comunicacion\/\"},\"author\":{\"name\":\"Adriana M.\",\"@id\":\"https:\/\/empresas.infoempleo.com\/hrtrends\/#\/schema\/person\/b1dd51edbb566a47cd8f7513fa73d223\"},\"headline\":\"\u00bfC\u00f3mo puede mejorar la intranet de las empresas la comunicaci\u00f3n entre empleados?\",\"datePublished\":\"2018-03-26T06:10:45+00:00\",\"dateModified\":\"2018-05-23T14:36:43+00:00\",\"mainEntityOfPage\":{\"@id\":\"https:\/\/empresas.infoempleo.com\/hrtrends\/mejorar-intranet-comunicacion\/\"},\"wordCount\":557,\"publisher\":{\"@id\":\"https:\/\/empresas.infoempleo.com\/hrtrends\/#organization\"},\"image\":{\"@id\":\"https:\/\/empresas.infoempleo.com\/hrtrends\/mejorar-intranet-comunicacion\/#primaryimage\"},\"thumbnailUrl\":\"https:\/\/empresas.infoempleo.com\/hrtrends\/media\/2018\/03\/HRTrends_Actualidad_Intranet_empresa.jpg\",\"keywords\":[\"intranet\"],\"articleSection\":[\"Actualidad\"],\"inLanguage\":\"es\",\"copyrightYear\":\"2018\",\"copyrightHolder\":{\"@id\":\"https:\/\/empresas.infoempleo.com\/hrtrends\/#organization\"}},{\"@type\":\"WebPage\",\"@id\":\"https:\/\/empresas.infoempleo.com\/hrtrends\/mejorar-intranet-comunicacion\/\",\"url\":\"https:\/\/empresas.infoempleo.com\/hrtrends\/mejorar-intranet-comunicacion\/\",\"name\":\"\u00bfC\u00f3mo puede mejorar la intranet de las empresas la comunicaci\u00f3n?\",\"isPartOf\":{\"@id\":\"https:\/\/empresas.infoempleo.com\/hrtrends\/#website\"},\"primaryImageOfPage\":{\"@id\":\"https:\/\/empresas.infoempleo.com\/hrtrends\/mejorar-intranet-comunicacion\/#primaryimage\"},\"image\":{\"@id\":\"https:\/\/empresas.infoempleo.com\/hrtrends\/mejorar-intranet-comunicacion\/#primaryimage\"},\"thumbnailUrl\":\"https:\/\/empresas.infoempleo.com\/hrtrends\/media\/2018\/03\/HRTrends_Actualidad_Intranet_empresa.jpg\",\"datePublished\":\"2018-03-26T06:10:45+00:00\",\"dateModified\":\"2018-05-23T14:36:43+00:00\",\"description\":\"La intranet de empresa es una red inform\u00e1tica utilizada para la comunicaci\u00f3n interna. \u00a1Descubre sus caracter\u00edsticas y principales beneficios! (\",\"breadcrumb\":{\"@id\":\"https:\/\/empresas.infoempleo.com\/hrtrends\/mejorar-intranet-comunicacion\/#breadcrumb\"},\"inLanguage\":\"es\",\"potentialAction\":[{\"@type\":\"ReadAction\",\"target\":[\"https:\/\/empresas.infoempleo.com\/hrtrends\/mejorar-intranet-comunicacion\/\"]}]},{\"@type\":\"ImageObject\",\"inLanguage\":\"es\",\"@id\":\"https:\/\/empresas.infoempleo.com\/hrtrends\/mejorar-intranet-comunicacion\/#primaryimage\",\"url\":\"https:\/\/empresas.infoempleo.com\/hrtrends\/media\/2018\/03\/HRTrends_Actualidad_Intranet_empresa-150x150.jpg\",\"contentUrl\":\"https:\/\/empresas.infoempleo.com\/hrtrends\/media\/2018\/03\/HRTrends_Actualidad_Intranet_empresa-150x150.jpg\",\"width\":150,\"height\":150,\"caption\":\"Intranet en la empresa\"},{\"@type\":\"BreadcrumbList\",\"@id\":\"https:\/\/empresas.infoempleo.com\/hrtrends\/mejorar-intranet-comunicacion\/#breadcrumb\",\"itemListElement\":[{\"@type\":\"ListItem\",\"position\":1,\"name\":\"Portada\",\"item\":\"https:\/\/empresas.infoempleo.com\/hrtrends\/\"},{\"@type\":\"ListItem\",\"position\":2,\"name\":\"\u00bfC\u00f3mo puede mejorar la intranet de las empresas la comunicaci\u00f3n entre empleados?\"}]},{\"@type\":\"WebSite\",\"@id\":\"https:\/\/empresas.infoempleo.com\/hrtrends\/#website\",\"url\":\"https:\/\/empresas.infoempleo.com\/hrtrends\",\"name\":\"HRTrends by Infoempleo\",\"description\":\"\",\"publisher\":{\"@id\":\"https:\/\/empresas.infoempleo.com\/hrtrends\/#organization\"},\"potentialAction\":{\"@type\":\"SearchAction\",\"target\":\"https:\/\/empresas.infoempleo.com\/hrtrends\/?s={search_term_string}\",\"query-input\":\"required name=search_term_string\"},\"inLanguage\":\"es\"},{\"@type\":\"Organization\",\"@id\":\"https:\/\/empresas.infoempleo.com\/hrtrends\/#organization\",\"name\":\"Infoempleo\",\"url\":\"https:\/\/www.infoempleo.com\/\",\"logo\":{\"@type\":\"ImageObject\",\"@id\":\"https:\/\/empresas.infoempleo.com\/hrtrends\/#logo\",\"inLanguage\":\"es\",\"url\":\"https:\/\/cdnazure.infoempleo.com\/infoempleo\/assets\/style\/gfx\/logo.svg\",\"contentUrl\":\"https:\/\/cdnazure.infoempleo.com\/infoempleo\/assets\/style\/gfx\/logo.svg\",\"width\":150,\"height\":40,\"caption\":\"Infoempleo\"},\"image\":{\"@id\":\"https:\/\/empresas.infoempleo.com\/hrtrends\/#logo\"},\"sameAs\":[\"https:\/\/www.facebook.com\/Infoempleo\",\"https:\/\/x.com\/infoempleo\",\"http:\/\/instagram.com\/infoempleo\/\",\"http:\/\/www.linkedin.com\/groups\/Empleo-Espa\u00f1a-Infoempleocom-111276\",\"http:\/\/pinterest.com\/infoempleo\/\"],\"address\":{\"@type\":\"PostalAddress\",\"addressLocality\":\"Madrid\",\"postalCode\":\"28050\",\"streetAddress\":\"Avenida de Burgos 114\"},\"brand\":[\"Infoempleo\"]},{\"@type\":\"Person\",\"@id\":\"https:\/\/empresas.infoempleo.com\/hrtrends\/#\/schema\/person\/b1dd51edbb566a47cd8f7513fa73d223\",\"name\":\"Adriana M.\",\"image\":{\"@type\":\"ImageObject\",\"inLanguage\":\"es\",\"@id\":\"https:\/\/empresas.infoempleo.com\/hrtrends\/#\/schema\/person\/image\/\",\"url\":\"https:\/\/secure.gravatar.com\/avatar\/243f7dd7e1db0ad0e9791be05df7d72ba5c8bf338408591753bae2fe87dae18d?s=96&d=mm&r=g\",\"contentUrl\":\"https:\/\/secure.gravatar.com\/avatar\/243f7dd7e1db0ad0e9791be05df7d72ba5c8bf338408591753bae2fe87dae18d?s=96&d=mm&r=g\",\"caption\":\"Adriana M.\"},\"description\":\"Periodista y experta en Comunicaci\u00f3n Audiovisual y Narrativa. Me encanta escribir y narrar lo que pasa a mi alrededor es mi pasi\u00f3n.\",\"url\":\"https:\/\/empresas.infoempleo.com\/hrtrends\/author\/adriana-kanvas\/\"}]}<\/script>\n<!-- \/ Yoast SEO plugin. -->","yoast_head_json":{"title":"\u00bfC\u00f3mo puede mejorar la intranet de las empresas la comunicaci\u00f3n?","description":"La intranet de empresa es una red inform\u00e1tica utilizada para la comunicaci\u00f3n interna. \u00a1Descubre sus caracter\u00edsticas y principales beneficios! (","robots":{"index":"index","follow":"follow","max-snippet":"max-snippet:-1","max-image-preview":"max-image-preview:large","max-video-preview":"max-video-preview:-1"},"canonical":"https:\/\/empresas.infoempleo.com\/hrtrends\/mejorar-intranet-comunicacion\/","og_locale":"es_ES","og_type":"article","og_title":"\u00bfC\u00f3mo puede mejorar la intranet de las empresas la comunicaci\u00f3n?","og_description":"La intranet de empresa es una red inform\u00e1tica utilizada para la comunicaci\u00f3n interna. \u00a1Descubre sus caracter\u00edsticas y principales beneficios! (","og_url":"https:\/\/empresas.infoempleo.com\/hrtrends\/mejorar-intranet-comunicacion\/","og_site_name":"HRTRENDS","article_publisher":"https:\/\/www.facebook.com\/Infoempleo","article_published_time":"2018-03-26T06:10:45+00:00","article_modified_time":"2018-05-23T14:36:43+00:00","og_image":[{"width":1140,"height":912,"url":"https:\/\/empresas.infoempleo.com\/hrtrends\/media\/2018\/03\/HRTrends_Actualidad_Intranet_empresa.jpg","type":"image\/jpeg"}],"author":"Adriana M.","twitter_card":"summary_large_image","twitter_creator":"@infoempleo","twitter_site":"@infoempleo","twitter_misc":{"Escrito por":"Adriana M.","Tiempo de lectura":"3 minutos"},"schema":{"@context":"https:\/\/schema.org","@graph":[{"@type":"NewsArticle","@id":"https:\/\/empresas.infoempleo.com\/hrtrends\/mejorar-intranet-comunicacion\/#article","isPartOf":{"@id":"https:\/\/empresas.infoempleo.com\/hrtrends\/mejorar-intranet-comunicacion\/"},"author":{"name":"Adriana M.","@id":"https:\/\/empresas.infoempleo.com\/hrtrends\/#\/schema\/person\/b1dd51edbb566a47cd8f7513fa73d223"},"headline":"\u00bfC\u00f3mo puede mejorar la intranet de las empresas la comunicaci\u00f3n entre empleados?","datePublished":"2018-03-26T06:10:45+00:00","dateModified":"2018-05-23T14:36:43+00:00","mainEntityOfPage":{"@id":"https:\/\/empresas.infoempleo.com\/hrtrends\/mejorar-intranet-comunicacion\/"},"wordCount":557,"publisher":{"@id":"https:\/\/empresas.infoempleo.com\/hrtrends\/#organization"},"image":{"@id":"https:\/\/empresas.infoempleo.com\/hrtrends\/mejorar-intranet-comunicacion\/#primaryimage"},"thumbnailUrl":"https:\/\/empresas.infoempleo.com\/hrtrends\/media\/2018\/03\/HRTrends_Actualidad_Intranet_empresa.jpg","keywords":["intranet"],"articleSection":["Actualidad"],"inLanguage":"es","copyrightYear":"2018","copyrightHolder":{"@id":"https:\/\/empresas.infoempleo.com\/hrtrends\/#organization"}},{"@type":"WebPage","@id":"https:\/\/empresas.infoempleo.com\/hrtrends\/mejorar-intranet-comunicacion\/","url":"https:\/\/empresas.infoempleo.com\/hrtrends\/mejorar-intranet-comunicacion\/","name":"\u00bfC\u00f3mo puede mejorar la intranet de las empresas la comunicaci\u00f3n?","isPartOf":{"@id":"https:\/\/empresas.infoempleo.com\/hrtrends\/#website"},"primaryImageOfPage":{"@id":"https:\/\/empresas.infoempleo.com\/hrtrends\/mejorar-intranet-comunicacion\/#primaryimage"},"image":{"@id":"https:\/\/empresas.infoempleo.com\/hrtrends\/mejorar-intranet-comunicacion\/#primaryimage"},"thumbnailUrl":"https:\/\/empresas.infoempleo.com\/hrtrends\/media\/2018\/03\/HRTrends_Actualidad_Intranet_empresa.jpg","datePublished":"2018-03-26T06:10:45+00:00","dateModified":"2018-05-23T14:36:43+00:00","description":"La intranet de empresa es una red inform\u00e1tica utilizada para la comunicaci\u00f3n interna. \u00a1Descubre sus caracter\u00edsticas y principales beneficios! (","breadcrumb":{"@id":"https:\/\/empresas.infoempleo.com\/hrtrends\/mejorar-intranet-comunicacion\/#breadcrumb"},"inLanguage":"es","potentialAction":[{"@type":"ReadAction","target":["https:\/\/empresas.infoempleo.com\/hrtrends\/mejorar-intranet-comunicacion\/"]}]},{"@type":"ImageObject","inLanguage":"es","@id":"https:\/\/empresas.infoempleo.com\/hrtrends\/mejorar-intranet-comunicacion\/#primaryimage","url":"https:\/\/empresas.infoempleo.com\/hrtrends\/media\/2018\/03\/HRTrends_Actualidad_Intranet_empresa-150x150.jpg","contentUrl":"https:\/\/empresas.infoempleo.com\/hrtrends\/media\/2018\/03\/HRTrends_Actualidad_Intranet_empresa-150x150.jpg","width":150,"height":150,"caption":"Intranet en la empresa"},{"@type":"BreadcrumbList","@id":"https:\/\/empresas.infoempleo.com\/hrtrends\/mejorar-intranet-comunicacion\/#breadcrumb","itemListElement":[{"@type":"ListItem","position":1,"name":"Portada","item":"https:\/\/empresas.infoempleo.com\/hrtrends\/"},{"@type":"ListItem","position":2,"name":"\u00bfC\u00f3mo puede mejorar la intranet de las empresas la comunicaci\u00f3n entre empleados?"}]},{"@type":"WebSite","@id":"https:\/\/empresas.infoempleo.com\/hrtrends\/#website","url":"https:\/\/empresas.infoempleo.com\/hrtrends","name":"HRTrends by Infoempleo","description":"","publisher":{"@id":"https:\/\/empresas.infoempleo.com\/hrtrends\/#organization"},"potentialAction":{"@type":"SearchAction","target":"https:\/\/empresas.infoempleo.com\/hrtrends\/?s={search_term_string}","query-input":"required name=search_term_string"},"inLanguage":"es"},{"@type":"Organization","@id":"https:\/\/empresas.infoempleo.com\/hrtrends\/#organization","name":"Infoempleo","url":"https:\/\/www.infoempleo.com\/","logo":{"@type":"ImageObject","@id":"https:\/\/empresas.infoempleo.com\/hrtrends\/#logo","inLanguage":"es","url":"https:\/\/cdnazure.infoempleo.com\/infoempleo\/assets\/style\/gfx\/logo.svg","contentUrl":"https:\/\/cdnazure.infoempleo.com\/infoempleo\/assets\/style\/gfx\/logo.svg","width":150,"height":40,"caption":"Infoempleo"},"image":{"@id":"https:\/\/empresas.infoempleo.com\/hrtrends\/#logo"},"sameAs":["https:\/\/www.facebook.com\/Infoempleo","https:\/\/x.com\/infoempleo","http:\/\/instagram.com\/infoempleo\/","http:\/\/www.linkedin.com\/groups\/Empleo-Espa\u00f1a-Infoempleocom-111276","http:\/\/pinterest.com\/infoempleo\/"],"address":{"@type":"PostalAddress","addressLocality":"Madrid","postalCode":"28050","streetAddress":"Avenida de Burgos 114"},"brand":["Infoempleo"]},{"@type":"Person","@id":"https:\/\/empresas.infoempleo.com\/hrtrends\/#\/schema\/person\/b1dd51edbb566a47cd8f7513fa73d223","name":"Adriana M.","image":{"@type":"ImageObject","inLanguage":"es","@id":"https:\/\/empresas.infoempleo.com\/hrtrends\/#\/schema\/person\/image\/","url":"https:\/\/secure.gravatar.com\/avatar\/243f7dd7e1db0ad0e9791be05df7d72ba5c8bf338408591753bae2fe87dae18d?s=96&d=mm&r=g","contentUrl":"https:\/\/secure.gravatar.com\/avatar\/243f7dd7e1db0ad0e9791be05df7d72ba5c8bf338408591753bae2fe87dae18d?s=96&d=mm&r=g","caption":"Adriana M."},"description":"Periodista y experta en Comunicaci\u00f3n Audiovisual y Narrativa. Me encanta escribir y narrar lo que pasa a mi alrededor es mi pasi\u00f3n.","url":"https:\/\/empresas.infoempleo.com\/hrtrends\/author\/adriana-kanvas\/"}]}},"amp_enabled":true,"_links":{"self":[{"href":"https:\/\/empresas.infoempleo.com\/hrtrends\/wp-json\/wp\/v2\/posts\/32183","targetHints":{"allow":["GET"]}}],"collection":[{"href":"https:\/\/empresas.infoempleo.com\/hrtrends\/wp-json\/wp\/v2\/posts"}],"about":[{"href":"https:\/\/empresas.infoempleo.com\/hrtrends\/wp-json\/wp\/v2\/types\/post"}],"author":[{"embeddable":true,"href":"https:\/\/empresas.infoempleo.com\/hrtrends\/wp-json\/wp\/v2\/users\/122"}],"replies":[{"embeddable":true,"href":"https:\/\/empresas.infoempleo.com\/hrtrends\/wp-json\/wp\/v2\/comments?post=32183"}],"version-history":[{"count":0,"href":"https:\/\/empresas.infoempleo.com\/hrtrends\/wp-json\/wp\/v2\/posts\/32183\/revisions"}],"wp:featuredmedia":[{"embeddable":true,"href":"https:\/\/empresas.infoempleo.com\/hrtrends\/wp-json\/wp\/v2\/media\/32185"}],"wp:attachment":[{"href":"https:\/\/empresas.infoempleo.com\/hrtrends\/wp-json\/wp\/v2\/media?parent=32183"}],"wp:term":[{"taxonomy":"category","embeddable":true,"href":"https:\/\/empresas.infoempleo.com\/hrtrends\/wp-json\/wp\/v2\/categories?post=32183"},{"taxonomy":"post_tag","embeddable":true,"href":"https:\/\/empresas.infoempleo.com\/hrtrends\/wp-json\/wp\/v2\/tags?post=32183"}],"curies":[{"name":"wp","href":"https:\/\/api.w.org\/{rel}","templated":true}]}}