{"id":3194,"date":"2009-09-21T09:22:36","date_gmt":"2009-09-21T08:22:36","guid":{"rendered":"http:\/\/blog.infoempleo.com\/?p=3194"},"modified":"2023-03-13T19:30:50","modified_gmt":"2023-03-13T17:30:50","slug":"espiritu-deportivo-en-la-empresa","status":"publish","type":"post","link":"https:\/\/empresas.infoempleo.com\/hrtrends\/espiritu-deportivo-en-la-empresa\/","title":{"rendered":"Esp\u00edritu deportivo en la empresa"},"content":{"rendered":" To\u00f1\u00edn Llorente, Deportista y conferenciante de Thinking Heads\n<p>La convivencia del deporte y la empresa es tan antigua que muchas de las actividades que tuvieron que poner en pr\u00e1ctica los primeros empresarios para desarrollar sus proyectos se convirtieron en disciplinas deportivas. Los fenicios fundaron factor\u00edas en la costa mediterr\u00e1nea con las que tejieron una extensa red comercial para propagar su industria textil, naval y metal\u00fargica, al tiempo que les serv\u00edan de enclaves de avituallamiento y defensa. La navegaci\u00f3n, el manejo de las armas y la equitaci\u00f3n perduran en la actualidad dentro del programa de los JJ.OO. modernos. M\u00e1s all\u00e1 de estas coincidencias instrumentales, los resortes que mov\u00edan a aquellos emprendedores en los albores de la historia no estaban lejos de nuestras actuales motivaciones.<\/p>\n<p>Akio Morita, uno de los socios fundadores de Sony, decidi\u00f3 impulsar un reproductor musical de bolsillo en contra de la opini\u00f3n de sus ingenieros y expertos. Por otro lado, hace a\u00f1o y medio, y a s\u00f3lo unos meses del comienzo de los JJ.OO. de Pek\u00edn, Marta Dom\u00ednguez anunciaba que correr\u00eda los 3.000 metros obst\u00e1culos: \u00abNo tengo motivaci\u00f3n para los 5.000&#8243;, declaraba. La decisi\u00f3n estaba tomada, pero las dificultades para ambos estaban por llegar. No s\u00f3lo los t\u00e9cnicos eran reacios a la visi\u00f3n de Morita, sino que \u00e9ste tambi\u00e9n hubo de sortear el obst\u00e1culo de los estudios de mercado que desaconsejaban su comercializaci\u00f3n. Por su parte, Marta acudi\u00f3 a los Juegos con el objetivo de estar entre las medallistas, pero cay\u00f3 al suelo al tratar de salvar uno de los \u00faltimos obst\u00e1culos.<\/p>\n<p>Lejos de arredrarse, ambos porfiaron en su empe\u00f1o y siguieron adelante con su objetivo. El artilugio se perfeccion\u00f3 y Morita impuso su criterio; Marta cambi\u00f3 de entrenador y de m\u00e9todo para adaptarse a la nueva disciplina. Hoy, el \u00abwalkman\u00bb cumple treinta a\u00f1os y su nieto digital supera las ventas de la competencia, mientras Marta es campeona del mundo.<\/p>\n<p><strong>El deporte como actividad, en la que el conocimiento, el esfuerzo, la constancia y la motivaci\u00f3n han de aunarse para conseguir el \u00e9xito, es un curso inagotable de actitudes y comportamientos extrapolables a otros \u00e1mbitos vitales.<\/strong> Sus acontecimientos son de tal intensidad y se suceden con tal rapidez que un d\u00eda eres el n\u00famero uno del mundo y al d\u00eda siguiente tu carrera pende de un hilo.<\/p>\n<p>Ante la adversidad de su lesi\u00f3n en la rodilla, Rafa Nadal reaccion\u00f3 variando sus objetivos y centr\u00e1ndose en uno aparentemente sencillo: la mejora lenta y paulatina de sus articulaciones para llegar a jugar sin dolor. As\u00ed, tras un trimestre de enclaustramiento sanitario, Nadal declaraba en su vuelta a las canchas que su \u00fanico objetivo era jugar cuantos m\u00e1s partidos mejor.<\/p>\n<p>Cuando los problemas acosan es necesaria la redefinici\u00f3n del contexto, mientras las metas a corto plazo son un valioso factor de motivaci\u00f3n. Sin embargo, tras dos torneos disputados con una significativa mejor\u00eda en el estado de sus rodillas el tenista se reciclaba en unas declaraciones previas al Abierto de Estados Unidos: \u00abHe venido a ganar el Torneo. Cualquier otro planteamiento no tendr\u00eda sentido para m\u00ed\u00bb. <strong>El deporte es un excelente laboratorio en el que la conducta de los deportistas manifiesta pautas de comportamiento claves para gestionar la adversidad, aprender de los errores y volver a la senda del \u00e9xito.<\/strong><\/p>\n","protected":false},"excerpt":{"rendered":"<p>La convivencia del deporte y la empresa es tan antigua que muchas de las actividades que tuvieron que<a class=\"moretag\" href=\"https:\/\/empresas.infoempleo.com\/hrtrends\/espiritu-deportivo-en-la-empresa\/\"> Leer m\u00e1s<\/a><\/p>\n","protected":false},"author":72,"featured_media":31813,"comment_status":"closed","ping_status":"open","sticky":false,"template":"","format":"standard","meta":{"footnotes":""},"categories":[3],"tags":[445,316,446],"class_list":["post-3194","post","type-post","status-publish","format-standard","has-post-thumbnail","hentry","category-actualidad","tag-deporte","tag-thinking-heads","tag-tonin-llorente"],"yoast_head":"<!-- This site is optimized with the Yoast SEO plugin v26.1.1 - https:\/\/yoast.com\/wordpress\/plugins\/seo\/ -->\n<title>Esp\u00edritu deportivo en la empresa | HRTRENDS<\/title>\n<meta name=\"robots\" content=\"index, follow, max-snippet:-1, max-image-preview:large, max-video-preview:-1\" \/>\n<link rel=\"canonical\" href=\"https:\/\/empresas.infoempleo.com\/hrtrends\/espiritu-deportivo-en-la-empresa\/\" \/>\n<meta property=\"og:locale\" content=\"es_ES\" \/>\n<meta property=\"og:type\" content=\"article\" \/>\n<meta property=\"og:title\" content=\"Esp\u00edritu deportivo en la empresa | HRTRENDS\" \/>\n<meta property=\"og:description\" content=\"La convivencia del deporte y la empresa es tan antigua que muchas de las actividades que tuvieron que Leer m\u00e1s\" \/>\n<meta property=\"og:url\" content=\"https:\/\/empresas.infoempleo.com\/hrtrends\/espiritu-deportivo-en-la-empresa\/\" \/>\n<meta property=\"og:site_name\" content=\"HRTRENDS\" \/>\n<meta property=\"article:publisher\" content=\"https:\/\/www.facebook.com\/Infoempleo\" \/>\n<meta property=\"article:published_time\" content=\"2009-09-21T08:22:36+00:00\" \/>\n<meta property=\"article:modified_time\" content=\"2023-03-13T17:30:50+00:00\" \/>\n<meta property=\"og:image\" content=\"https:\/\/empresas.infoempleo.com\/hrtrends\/media\/2009\/09\/pexels-photo-374680.jpeg\" \/>\n\t<meta property=\"og:image:width\" content=\"1140\" \/>\n\t<meta property=\"og:image:height\" content=\"760\" \/>\n\t<meta property=\"og:image:type\" content=\"image\/jpeg\" \/>\n<meta name=\"author\" content=\"infoempleo\" \/>\n<meta name=\"twitter:card\" content=\"summary_large_image\" \/>\n<meta name=\"twitter:creator\" content=\"@infoempleo\" \/>\n<meta name=\"twitter:site\" content=\"@infoempleo\" \/>\n<meta name=\"twitter:label1\" content=\"Escrito por\" \/>\n\t<meta name=\"twitter:data1\" content=\"infoempleo\" \/>\n\t<meta name=\"twitter:label2\" content=\"Tiempo de lectura\" \/>\n\t<meta name=\"twitter:data2\" content=\"3 minutos\" \/>\n<script type=\"application\/ld+json\" class=\"yoast-schema-graph\">{\"@context\":\"https:\/\/schema.org\",\"@graph\":[{\"@type\":\"NewsArticle\",\"@id\":\"https:\/\/empresas.infoempleo.com\/hrtrends\/espiritu-deportivo-en-la-empresa\/#article\",\"isPartOf\":{\"@id\":\"https:\/\/empresas.infoempleo.com\/hrtrends\/espiritu-deportivo-en-la-empresa\/\"},\"author\":{\"name\":\"infoempleo\",\"@id\":\"https:\/\/empresas.infoempleo.com\/hrtrends\/#\/schema\/person\/67d3e276ffcc8b3ae0ebec816daf775a\"},\"headline\":\"Esp\u00edritu deportivo en la empresa\",\"datePublished\":\"2009-09-21T08:22:36+00:00\",\"dateModified\":\"2023-03-13T17:30:50+00:00\",\"mainEntityOfPage\":{\"@id\":\"https:\/\/empresas.infoempleo.com\/hrtrends\/espiritu-deportivo-en-la-empresa\/\"},\"wordCount\":591,\"publisher\":{\"@id\":\"https:\/\/empresas.infoempleo.com\/hrtrends\/#organization\"},\"image\":{\"@id\":\"https:\/\/empresas.infoempleo.com\/hrtrends\/espiritu-deportivo-en-la-empresa\/#primaryimage\"},\"thumbnailUrl\":\"https:\/\/empresas.infoempleo.com\/hrtrends\/media\/2009\/09\/pexels-photo-374680.jpeg\",\"keywords\":[\"deporte\",\"Thinking Heads\",\"To\u00f1\u00edn Llorente\"],\"articleSection\":[\"Actualidad\"],\"inLanguage\":\"es\",\"copyrightYear\":\"2009\",\"copyrightHolder\":{\"@id\":\"https:\/\/empresas.infoempleo.com\/hrtrends\/#organization\"}},{\"@type\":\"WebPage\",\"@id\":\"https:\/\/empresas.infoempleo.com\/hrtrends\/espiritu-deportivo-en-la-empresa\/\",\"url\":\"https:\/\/empresas.infoempleo.com\/hrtrends\/espiritu-deportivo-en-la-empresa\/\",\"name\":\"Esp\u00edritu deportivo en la empresa | HRTRENDS\",\"isPartOf\":{\"@id\":\"https:\/\/empresas.infoempleo.com\/hrtrends\/#website\"},\"primaryImageOfPage\":{\"@id\":\"https:\/\/empresas.infoempleo.com\/hrtrends\/espiritu-deportivo-en-la-empresa\/#primaryimage\"},\"image\":{\"@id\":\"https:\/\/empresas.infoempleo.com\/hrtrends\/espiritu-deportivo-en-la-empresa\/#primaryimage\"},\"thumbnailUrl\":\"https:\/\/empresas.infoempleo.com\/hrtrends\/media\/2009\/09\/pexels-photo-374680.jpeg\",\"datePublished\":\"2009-09-21T08:22:36+00:00\",\"dateModified\":\"2023-03-13T17:30:50+00:00\",\"breadcrumb\":{\"@id\":\"https:\/\/empresas.infoempleo.com\/hrtrends\/espiritu-deportivo-en-la-empresa\/#breadcrumb\"},\"inLanguage\":\"es\",\"potentialAction\":[{\"@type\":\"ReadAction\",\"target\":[\"https:\/\/empresas.infoempleo.com\/hrtrends\/espiritu-deportivo-en-la-empresa\/\"]}]},{\"@type\":\"ImageObject\",\"inLanguage\":\"es\",\"@id\":\"https:\/\/empresas.infoempleo.com\/hrtrends\/espiritu-deportivo-en-la-empresa\/#primaryimage\",\"url\":\"https:\/\/empresas.infoempleo.com\/hrtrends\/media\/2009\/09\/pexels-photo-374680-150x150.jpeg\",\"contentUrl\":\"https:\/\/empresas.infoempleo.com\/hrtrends\/media\/2009\/09\/pexels-photo-374680-150x150.jpeg\",\"width\":150,\"height\":150},{\"@type\":\"BreadcrumbList\",\"@id\":\"https:\/\/empresas.infoempleo.com\/hrtrends\/espiritu-deportivo-en-la-empresa\/#breadcrumb\",\"itemListElement\":[{\"@type\":\"ListItem\",\"position\":1,\"name\":\"Portada\",\"item\":\"https:\/\/empresas.infoempleo.com\/hrtrends\/\"},{\"@type\":\"ListItem\",\"position\":2,\"name\":\"Esp\u00edritu deportivo en la empresa\"}]},{\"@type\":\"WebSite\",\"@id\":\"https:\/\/empresas.infoempleo.com\/hrtrends\/#website\",\"url\":\"https:\/\/empresas.infoempleo.com\/hrtrends\",\"name\":\"HRTrends by Infoempleo\",\"description\":\"\",\"publisher\":{\"@id\":\"https:\/\/empresas.infoempleo.com\/hrtrends\/#organization\"},\"potentialAction\":{\"@type\":\"SearchAction\",\"target\":\"https:\/\/empresas.infoempleo.com\/hrtrends\/?s={search_term_string}\",\"query-input\":\"required name=search_term_string\"},\"inLanguage\":\"es\"},{\"@type\":\"Organization\",\"@id\":\"https:\/\/empresas.infoempleo.com\/hrtrends\/#organization\",\"name\":\"Infoempleo\",\"url\":\"https:\/\/www.infoempleo.com\/\",\"logo\":{\"@type\":\"ImageObject\",\"@id\":\"https:\/\/empresas.infoempleo.com\/hrtrends\/#logo\",\"inLanguage\":\"es\",\"url\":\"https:\/\/cdnazure.infoempleo.com\/infoempleo\/assets\/style\/gfx\/logo.svg\",\"contentUrl\":\"https:\/\/cdnazure.infoempleo.com\/infoempleo\/assets\/style\/gfx\/logo.svg\",\"width\":150,\"height\":40,\"caption\":\"Infoempleo\"},\"image\":{\"@id\":\"https:\/\/empresas.infoempleo.com\/hrtrends\/#logo\"},\"sameAs\":[\"https:\/\/www.facebook.com\/Infoempleo\",\"https:\/\/x.com\/infoempleo\",\"http:\/\/instagram.com\/infoempleo\/\",\"http:\/\/www.linkedin.com\/groups\/Empleo-Espa\u00f1a-Infoempleocom-111276\",\"http:\/\/pinterest.com\/infoempleo\/\"],\"address\":{\"@type\":\"PostalAddress\",\"addressLocality\":\"Madrid\",\"postalCode\":\"28050\",\"streetAddress\":\"Avenida de Burgos 114\"},\"brand\":[\"Infoempleo\"]},{\"@type\":\"Person\",\"@id\":\"https:\/\/empresas.infoempleo.com\/hrtrends\/#\/schema\/person\/67d3e276ffcc8b3ae0ebec816daf775a\",\"name\":\"infoempleo\",\"image\":{\"@type\":\"ImageObject\",\"inLanguage\":\"es\",\"@id\":\"https:\/\/empresas.infoempleo.com\/hrtrends\/#\/schema\/person\/image\/\",\"url\":\"https:\/\/secure.gravatar.com\/avatar\/7b437777242fe67d2473c2a818da2344692d1ee91e91080ccffbd97bcd4a0975?s=96&d=mm&r=g\",\"contentUrl\":\"https:\/\/secure.gravatar.com\/avatar\/7b437777242fe67d2473c2a818da2344692d1ee91e91080ccffbd97bcd4a0975?s=96&d=mm&r=g\",\"caption\":\"infoempleo\"},\"url\":\"https:\/\/empresas.infoempleo.com\/hrtrends\/author\/infoempleo\/\"}]}<\/script>\n<!-- \/ Yoast SEO plugin. -->","yoast_head_json":{"title":"Esp\u00edritu deportivo en la empresa | HRTRENDS","robots":{"index":"index","follow":"follow","max-snippet":"max-snippet:-1","max-image-preview":"max-image-preview:large","max-video-preview":"max-video-preview:-1"},"canonical":"https:\/\/empresas.infoempleo.com\/hrtrends\/espiritu-deportivo-en-la-empresa\/","og_locale":"es_ES","og_type":"article","og_title":"Esp\u00edritu deportivo en la empresa | HRTRENDS","og_description":"La convivencia del deporte y la empresa es tan antigua que muchas de las actividades que tuvieron que Leer m\u00e1s","og_url":"https:\/\/empresas.infoempleo.com\/hrtrends\/espiritu-deportivo-en-la-empresa\/","og_site_name":"HRTRENDS","article_publisher":"https:\/\/www.facebook.com\/Infoempleo","article_published_time":"2009-09-21T08:22:36+00:00","article_modified_time":"2023-03-13T17:30:50+00:00","og_image":[{"width":1140,"height":760,"url":"https:\/\/empresas.infoempleo.com\/hrtrends\/media\/2009\/09\/pexels-photo-374680.jpeg","type":"image\/jpeg"}],"author":"infoempleo","twitter_card":"summary_large_image","twitter_creator":"@infoempleo","twitter_site":"@infoempleo","twitter_misc":{"Escrito por":"infoempleo","Tiempo de lectura":"3 minutos"},"schema":{"@context":"https:\/\/schema.org","@graph":[{"@type":"NewsArticle","@id":"https:\/\/empresas.infoempleo.com\/hrtrends\/espiritu-deportivo-en-la-empresa\/#article","isPartOf":{"@id":"https:\/\/empresas.infoempleo.com\/hrtrends\/espiritu-deportivo-en-la-empresa\/"},"author":{"name":"infoempleo","@id":"https:\/\/empresas.infoempleo.com\/hrtrends\/#\/schema\/person\/67d3e276ffcc8b3ae0ebec816daf775a"},"headline":"Esp\u00edritu deportivo en la empresa","datePublished":"2009-09-21T08:22:36+00:00","dateModified":"2023-03-13T17:30:50+00:00","mainEntityOfPage":{"@id":"https:\/\/empresas.infoempleo.com\/hrtrends\/espiritu-deportivo-en-la-empresa\/"},"wordCount":591,"publisher":{"@id":"https:\/\/empresas.infoempleo.com\/hrtrends\/#organization"},"image":{"@id":"https:\/\/empresas.infoempleo.com\/hrtrends\/espiritu-deportivo-en-la-empresa\/#primaryimage"},"thumbnailUrl":"https:\/\/empresas.infoempleo.com\/hrtrends\/media\/2009\/09\/pexels-photo-374680.jpeg","keywords":["deporte","Thinking Heads","To\u00f1\u00edn Llorente"],"articleSection":["Actualidad"],"inLanguage":"es","copyrightYear":"2009","copyrightHolder":{"@id":"https:\/\/empresas.infoempleo.com\/hrtrends\/#organization"}},{"@type":"WebPage","@id":"https:\/\/empresas.infoempleo.com\/hrtrends\/espiritu-deportivo-en-la-empresa\/","url":"https:\/\/empresas.infoempleo.com\/hrtrends\/espiritu-deportivo-en-la-empresa\/","name":"Esp\u00edritu deportivo en la empresa | HRTRENDS","isPartOf":{"@id":"https:\/\/empresas.infoempleo.com\/hrtrends\/#website"},"primaryImageOfPage":{"@id":"https:\/\/empresas.infoempleo.com\/hrtrends\/espiritu-deportivo-en-la-empresa\/#primaryimage"},"image":{"@id":"https:\/\/empresas.infoempleo.com\/hrtrends\/espiritu-deportivo-en-la-empresa\/#primaryimage"},"thumbnailUrl":"https:\/\/empresas.infoempleo.com\/hrtrends\/media\/2009\/09\/pexels-photo-374680.jpeg","datePublished":"2009-09-21T08:22:36+00:00","dateModified":"2023-03-13T17:30:50+00:00","breadcrumb":{"@id":"https:\/\/empresas.infoempleo.com\/hrtrends\/espiritu-deportivo-en-la-empresa\/#breadcrumb"},"inLanguage":"es","potentialAction":[{"@type":"ReadAction","target":["https:\/\/empresas.infoempleo.com\/hrtrends\/espiritu-deportivo-en-la-empresa\/"]}]},{"@type":"ImageObject","inLanguage":"es","@id":"https:\/\/empresas.infoempleo.com\/hrtrends\/espiritu-deportivo-en-la-empresa\/#primaryimage","url":"https:\/\/empresas.infoempleo.com\/hrtrends\/media\/2009\/09\/pexels-photo-374680-150x150.jpeg","contentUrl":"https:\/\/empresas.infoempleo.com\/hrtrends\/media\/2009\/09\/pexels-photo-374680-150x150.jpeg","width":150,"height":150},{"@type":"BreadcrumbList","@id":"https:\/\/empresas.infoempleo.com\/hrtrends\/espiritu-deportivo-en-la-empresa\/#breadcrumb","itemListElement":[{"@type":"ListItem","position":1,"name":"Portada","item":"https:\/\/empresas.infoempleo.com\/hrtrends\/"},{"@type":"ListItem","position":2,"name":"Esp\u00edritu deportivo en la empresa"}]},{"@type":"WebSite","@id":"https:\/\/empresas.infoempleo.com\/hrtrends\/#website","url":"https:\/\/empresas.infoempleo.com\/hrtrends","name":"HRTrends by Infoempleo","description":"","publisher":{"@id":"https:\/\/empresas.infoempleo.com\/hrtrends\/#organization"},"potentialAction":{"@type":"SearchAction","target":"https:\/\/empresas.infoempleo.com\/hrtrends\/?s={search_term_string}","query-input":"required name=search_term_string"},"inLanguage":"es"},{"@type":"Organization","@id":"https:\/\/empresas.infoempleo.com\/hrtrends\/#organization","name":"Infoempleo","url":"https:\/\/www.infoempleo.com\/","logo":{"@type":"ImageObject","@id":"https:\/\/empresas.infoempleo.com\/hrtrends\/#logo","inLanguage":"es","url":"https:\/\/cdnazure.infoempleo.com\/infoempleo\/assets\/style\/gfx\/logo.svg","contentUrl":"https:\/\/cdnazure.infoempleo.com\/infoempleo\/assets\/style\/gfx\/logo.svg","width":150,"height":40,"caption":"Infoempleo"},"image":{"@id":"https:\/\/empresas.infoempleo.com\/hrtrends\/#logo"},"sameAs":["https:\/\/www.facebook.com\/Infoempleo","https:\/\/x.com\/infoempleo","http:\/\/instagram.com\/infoempleo\/","http:\/\/www.linkedin.com\/groups\/Empleo-Espa\u00f1a-Infoempleocom-111276","http:\/\/pinterest.com\/infoempleo\/"],"address":{"@type":"PostalAddress","addressLocality":"Madrid","postalCode":"28050","streetAddress":"Avenida de Burgos 114"},"brand":["Infoempleo"]},{"@type":"Person","@id":"https:\/\/empresas.infoempleo.com\/hrtrends\/#\/schema\/person\/67d3e276ffcc8b3ae0ebec816daf775a","name":"infoempleo","image":{"@type":"ImageObject","inLanguage":"es","@id":"https:\/\/empresas.infoempleo.com\/hrtrends\/#\/schema\/person\/image\/","url":"https:\/\/secure.gravatar.com\/avatar\/7b437777242fe67d2473c2a818da2344692d1ee91e91080ccffbd97bcd4a0975?s=96&d=mm&r=g","contentUrl":"https:\/\/secure.gravatar.com\/avatar\/7b437777242fe67d2473c2a818da2344692d1ee91e91080ccffbd97bcd4a0975?s=96&d=mm&r=g","caption":"infoempleo"},"url":"https:\/\/empresas.infoempleo.com\/hrtrends\/author\/infoempleo\/"}]}},"amp_enabled":true,"_links":{"self":[{"href":"https:\/\/empresas.infoempleo.com\/hrtrends\/wp-json\/wp\/v2\/posts\/3194","targetHints":{"allow":["GET"]}}],"collection":[{"href":"https:\/\/empresas.infoempleo.com\/hrtrends\/wp-json\/wp\/v2\/posts"}],"about":[{"href":"https:\/\/empresas.infoempleo.com\/hrtrends\/wp-json\/wp\/v2\/types\/post"}],"author":[{"embeddable":true,"href":"https:\/\/empresas.infoempleo.com\/hrtrends\/wp-json\/wp\/v2\/users\/72"}],"replies":[{"embeddable":true,"href":"https:\/\/empresas.infoempleo.com\/hrtrends\/wp-json\/wp\/v2\/comments?post=3194"}],"version-history":[{"count":1,"href":"https:\/\/empresas.infoempleo.com\/hrtrends\/wp-json\/wp\/v2\/posts\/3194\/revisions"}],"predecessor-version":[{"id":43241,"href":"https:\/\/empresas.infoempleo.com\/hrtrends\/wp-json\/wp\/v2\/posts\/3194\/revisions\/43241"}],"wp:featuredmedia":[{"embeddable":true,"href":"https:\/\/empresas.infoempleo.com\/hrtrends\/wp-json\/wp\/v2\/media\/31813"}],"wp:attachment":[{"href":"https:\/\/empresas.infoempleo.com\/hrtrends\/wp-json\/wp\/v2\/media?parent=3194"}],"wp:term":[{"taxonomy":"category","embeddable":true,"href":"https:\/\/empresas.infoempleo.com\/hrtrends\/wp-json\/wp\/v2\/categories?post=3194"},{"taxonomy":"post_tag","embeddable":true,"href":"https:\/\/empresas.infoempleo.com\/hrtrends\/wp-json\/wp\/v2\/tags?post=3194"}],"curies":[{"name":"wp","href":"https:\/\/api.w.org\/{rel}","templated":true}]}}