{"id":31918,"date":"2018-01-24T08:00:13","date_gmt":"2018-01-24T06:00:13","guid":{"rendered":"https:\/\/empresas.infoempleo.com\/hrtrends\/?p=31918"},"modified":"2022-11-18T15:47:00","modified_gmt":"2022-11-18T13:47:00","slug":"mala-reputacion-afecta-empresa","status":"publish","type":"post","link":"https:\/\/empresas.infoempleo.com\/hrtrends\/mala-reputacion-afecta-empresa\/","title":{"rendered":"Mala reputaci\u00f3n empresarial: \u00bfc\u00f3mo puede afectar a la empresa?"},"content":{"rendered":"<p><span style=\"font-weight: 400;\">El <\/span><b>\u00e9xito de las empresas<\/b><span style=\"font-weight: 400;\"> depende de muchos factores, pero uno de ellos es, sin duda, la <\/span><b>reputaci\u00f3n empresarial<\/b><span style=\"font-weight: 400;\">. La <\/span><b>imagen que proyecta hacia el exterior<\/b><span style=\"font-weight: 400;\"> afecta a la organizaci\u00f3n en todos sus \u00e1mbitos. <\/span><\/p>\n<p><span style=\"font-weight: 400;\">Una<\/span><a href=\"https:\/\/empresas.infoempleo.com\/hrtrends\/consejos-no-poner-riesgo-la-reputacion-empresa\/\/\"><span style=\"font-weight: 400;\"> mala reputaci\u00f3n empresarial <\/span><\/a><span style=\"font-weight: 400;\">puede afectar desde a los <\/span><b>clientes<\/b><span style=\"font-weight: 400;\"> hasta la visi\u00f3n que los <\/span><b>trabajadores<\/b><span style=\"font-weight: 400;\"> pueden tener de la empresa como lugar de trabajo. Esto puede da\u00f1ar de forma determinante a la organizaci\u00f3n, influyendo en su <\/span><b>\u00e9xito en el mercado.\u00a0<\/b><b><br \/>\n<\/b><\/p>\n<p><img loading=\"lazy\" decoding=\"async\" class=\"aligncenter size-full wp-image-31982\" src=\"https:\/\/empresas.infoempleo.com\/hrtrends\/media\/2018\/01\/mala-reputacion.jpg\" alt=\"Mala reputaci\u00f3n empresarial: C\u00f3mo puede afectar a la empresa\" width=\"1140\" height=\"760\" srcset=\"https:\/\/empresas.infoempleo.com\/hrtrends\/media\/2018\/01\/mala-reputacion.jpg 1140w, https:\/\/empresas.infoempleo.com\/hrtrends\/media\/2018\/01\/mala-reputacion-300x200.jpg 300w, https:\/\/empresas.infoempleo.com\/hrtrends\/media\/2018\/01\/mala-reputacion-1024x683.jpg 1024w, https:\/\/empresas.infoempleo.com\/hrtrends\/media\/2018\/01\/mala-reputacion-768x512.jpg 768w\" sizes=\"auto, (max-width: 1140px) 100vw, 1140px\" \/><\/p>\n<p>&nbsp;<\/p>\n<h2>\u00bfEn qu\u00e9 aspectos puede afectar la mala reputaci\u00f3n a una compa\u00f1\u00eda?<b><br \/>\n<\/b><\/h2>\n<p><span style=\"font-weight: 400;\">Si tu empresa se ha ganado una <\/span><b>mala reputaci\u00f3n<\/b><span style=\"font-weight: 400;\"> frente a la <\/span><b>competencia<\/b><span style=\"font-weight: 400;\">, los <\/span><b>trabajadores<\/b><span style=\"font-weight: 400;\"> y los <\/span><b>clientes<\/b><span style=\"font-weight: 400;\">, resultar\u00e1 muy dif\u00edcil cambiar esta imagen y lograr que te vean de otra forma. La <\/span><b>reputaci\u00f3n empresarial<\/b><span style=\"font-weight: 400;\"> puede verse da\u00f1ada de muchas formas diferentes y en todas ellas hay que prestar mucha atenci\u00f3n a la soluci\u00f3n que se le da.\u00a0<\/span><span style=\"font-weight: 400;\"><br \/>\n<\/span><span style=\"font-weight: 400;\"><br \/>\n<\/span><span style=\"font-weight: 400;\">De hecho, una vez que la empresa gana <\/span><b>mala fama<\/b><span style=\"font-weight: 400;\"> por alg\u00fan motivo, ya sea por ofrecer un mal servicio, por la mala calidad de sus productos, por pagar mal a sus trabajadores o por <\/span><b>desarrollar acciones poco \u00e9ticas<\/b><span style=\"font-weight: 400;\">, es dif\u00edcil cambiar esa situaci\u00f3n. Pudiendo incluso llegar a provocar la <\/span><b>quiebra<\/b><span style=\"font-weight: 400;\">. <\/span><\/p>\n<p><span style=\"font-weight: 400;\">Veamos los principales <\/span><b>aspectos<\/b><span style=\"font-weight: 400;\"> que se ven <\/span><b>comprometidos por una mala reputaci\u00f3n empresarial:<\/b><span style=\"font-weight: 400;\"><br \/>\n<\/span><\/p>\n<ul>\n<li style=\"font-weight: 400;\"><b>La imagen de la empresa hacia el exterior<\/b><\/li>\n<\/ul>\n<p><span style=\"font-weight: 400;\">La <\/span><b>imagen de marca<\/b><span style=\"font-weight: 400;\"> es el <\/span><b>primer elemento damnificado<\/b><span style=\"font-weight: 400;\"> cuando se hacen pr\u00e1cticas que generan <\/span><b>mala reputaci\u00f3n<\/b><span style=\"font-weight: 400;\">. Esta imagen llega a todos los usuarios y empresas con los que la organizaci\u00f3n se relaciona. <\/span><\/p>\n<p><span style=\"font-weight: 400;\">Por ello, es algo que <\/span><b>se extiende r\u00e1pidamente<\/b><span style=\"font-weight: 400;\"> y que cuesta mucho trabajo posteriormente cambiarlo.<\/span><\/p>\n<ul>\n<li style=\"font-weight: 400;\"><b>La relaci\u00f3n con los clientes<\/b><\/li>\n<\/ul>\n<p><span style=\"font-weight: 400;\">Una <\/span><b>reputaci\u00f3n dudosa<\/b><span style=\"font-weight: 400;\"> har\u00e1 que los <\/span><b>clientes actuales<\/b><span style=\"font-weight: 400;\"> o los futuros tengan serias <\/span><b>dudas<\/b><span style=\"font-weight: 400;\"> sobre la <\/span><b>idoneidad de trabajar con la organizaci\u00f3n<\/b><span style=\"font-weight: 400;\">. Sin duda alguna, es uno de los aspectos que puede verse m\u00e1s da\u00f1ado debido a esta imagen y que puede tener <\/span><b>consecuencias negativas<\/b><span style=\"font-weight: 400;\"> en los <\/span><b>resultados econ\u00f3micos<\/b><span style=\"font-weight: 400;\"> de la empresa.<\/span><span style=\"font-weight: 400;\"><br \/>\n<\/span><\/p>\n<ul>\n<li style=\"font-weight: 400;\"><b>El inter\u00e9s de los trabajadores<\/b><b>\u00a0<\/b><\/li>\n<\/ul>\n<p><span style=\"font-weight: 400;\">Para cualquier <\/span><b>persona en b\u00fasqueda de empleo<\/b><span style=\"font-weight: 400;\"> encontrarse con una <\/span><b>empresa<\/b><span style=\"font-weight: 400;\"> que proyecta una <\/span><b>mala reputaci\u00f3n<\/b> <b>no ser\u00e1 muy atractivo<\/b><span style=\"font-weight: 400;\">. Esto har\u00e1 que sea bastante dif\u00edcil cubrir puestos vacantes, puesto que en empresas con mala reputaci\u00f3n <\/span><b>los trabajadores no querr\u00e1n entrar a trabajar.<\/b><\/p>\n<p><span style=\"font-weight: 400;\">Adem\u00e1s, para los <\/span><b>trabajadores que ya est\u00e1n en la empresa<\/b><span style=\"font-weight: 400;\">, una mala reputaci\u00f3n tambi\u00e9n les afecta ya que algunos, o muchos, <\/span><b>querr\u00e1n abandonarla<\/b><span style=\"font-weight: 400;\">. <\/span><\/p>\n<p><span style=\"font-weight: 400;\">En este sentido, a las empresas con mala reputaci\u00f3n les resulta <\/span><b>mucho m\u00e1s dif\u00edcil atraer y retener el talento<\/b><span style=\"font-weight: 400;\"> que a otras que no tengan ese problema. <\/span><\/p>\n<p><span style=\"font-weight: 400;\">En definitiva, desarrollar una <\/span><b>mala reputaci\u00f3n empresarial<\/b><span style=\"font-weight: 400;\"> puede ser un factor determinante que acabe haciendo <\/span><b>mucho da\u00f1o a las organizaciones<\/b><span style=\"font-weight: 400;\">. <\/span><\/p>\n<p><span style=\"font-weight: 400;\">Por ello, un <\/span><b>factor clave es actuar a tiempo<\/b><span style=\"font-weight: 400;\">, atajar la crisis reputacional corrigiendo la situaci\u00f3n lo antes posible para frenar la expansi\u00f3n al exterior. Esto s\u00f3lo se podr\u00e1 conseguir con un trabajo conjunto de la <\/span><b>Direcci\u00f3n de la empresa<\/b><span style=\"font-weight: 400;\"> y los <\/span><b>departamentos<\/b><span style=\"font-weight: 400;\"> de <\/span><b>Comunicaci\u00f3n<\/b><span style=\"font-weight: 400;\">, <\/span><b>Recursos Humanos<\/b><span style=\"font-weight: 400;\"> y <\/span><b>Marketing<\/b><span style=\"font-weight: 400;\">. <\/span><\/p>\n","protected":false},"excerpt":{"rendered":"<p>El \u00e9xito de las empresas depende de muchos factores, pero uno de ellos es, sin duda, la reputaci\u00f3n<a class=\"moretag\" href=\"https:\/\/empresas.infoempleo.com\/hrtrends\/mala-reputacion-afecta-empresa\/\"> Leer m\u00e1s<\/a><\/p>\n","protected":false},"author":118,"featured_media":31981,"comment_status":"closed","ping_status":"open","sticky":false,"template":"","format":"standard","meta":{"footnotes":""},"categories":[3030],"tags":[2903],"class_list":["post-31918","post","type-post","status-publish","format-standard","has-post-thumbnail","hentry","category-reclutamiento","tag-reputacion-empresarial"],"yoast_head":"<!-- This site is optimized with the Yoast SEO plugin v26.1.1 - https:\/\/yoast.com\/wordpress\/plugins\/seo\/ -->\n<title>Mala reputaci\u00f3n empresarial: \u00bfc\u00f3mo puede afectar a la empresa?<\/title>\n<meta name=\"description\" content=\"La reputaci\u00f3n empresarial es un factor que puede afectar a la relaci\u00f3n de la empresa con clientes, pero tambi\u00e9n a los trabajadores. \u00a1Mej\u00f3rala!\" \/>\n<meta name=\"robots\" content=\"index, follow, max-snippet:-1, max-image-preview:large, max-video-preview:-1\" \/>\n<link rel=\"canonical\" href=\"https:\/\/empresas.infoempleo.com\/hrtrends\/mala-reputacion-afecta-empresa\/\" \/>\n<meta property=\"og:locale\" content=\"es_ES\" \/>\n<meta property=\"og:type\" content=\"article\" \/>\n<meta property=\"og:title\" content=\"Mala reputaci\u00f3n empresarial: \u00bfc\u00f3mo puede afectar a la empresa?\" \/>\n<meta property=\"og:description\" content=\"La reputaci\u00f3n empresarial es un factor que puede afectar a la relaci\u00f3n de la empresa con clientes, pero tambi\u00e9n a los trabajadores. \u00a1Mej\u00f3rala!\" \/>\n<meta property=\"og:url\" content=\"https:\/\/empresas.infoempleo.com\/hrtrends\/mala-reputacion-afecta-empresa\/\" \/>\n<meta property=\"og:site_name\" content=\"HRTRENDS\" \/>\n<meta property=\"article:publisher\" content=\"https:\/\/www.facebook.com\/Infoempleo\" \/>\n<meta property=\"article:published_time\" content=\"2018-01-24T06:00:13+00:00\" \/>\n<meta property=\"article:modified_time\" content=\"2022-11-18T13:47:00+00:00\" \/>\n<meta property=\"og:image\" content=\"https:\/\/empresas.infoempleo.com\/hrtrends\/media\/2018\/01\/reputacion-empresa.jpg\" \/>\n\t<meta property=\"og:image:width\" content=\"1140\" \/>\n\t<meta property=\"og:image:height\" content=\"760\" \/>\n\t<meta property=\"og:image:type\" content=\"image\/jpeg\" \/>\n<meta name=\"author\" content=\"Sandra Mons\u00e1lvez\" \/>\n<meta name=\"twitter:card\" content=\"summary_large_image\" \/>\n<meta name=\"twitter:creator\" content=\"@infoempleo\" \/>\n<meta name=\"twitter:site\" content=\"@infoempleo\" \/>\n<meta name=\"twitter:label1\" content=\"Escrito por\" \/>\n\t<meta name=\"twitter:data1\" content=\"Sandra Mons\u00e1lvez\" \/>\n\t<meta name=\"twitter:label2\" content=\"Tiempo de lectura\" \/>\n\t<meta name=\"twitter:data2\" content=\"3 minutos\" \/>\n<script type=\"application\/ld+json\" class=\"yoast-schema-graph\">{\"@context\":\"https:\/\/schema.org\",\"@graph\":[{\"@type\":\"NewsArticle\",\"@id\":\"https:\/\/empresas.infoempleo.com\/hrtrends\/mala-reputacion-afecta-empresa\/#article\",\"isPartOf\":{\"@id\":\"https:\/\/empresas.infoempleo.com\/hrtrends\/mala-reputacion-afecta-empresa\/\"},\"author\":{\"name\":\"Sandra Mons\u00e1lvez\",\"@id\":\"https:\/\/empresas.infoempleo.com\/hrtrends\/#\/schema\/person\/1c7930ffee854c1dcf3720d91d5e15a1\"},\"headline\":\"Mala reputaci\u00f3n empresarial: \u00bfc\u00f3mo puede afectar a la empresa?\",\"datePublished\":\"2018-01-24T06:00:13+00:00\",\"dateModified\":\"2022-11-18T13:47:00+00:00\",\"mainEntityOfPage\":{\"@id\":\"https:\/\/empresas.infoempleo.com\/hrtrends\/mala-reputacion-afecta-empresa\/\"},\"wordCount\":549,\"publisher\":{\"@id\":\"https:\/\/empresas.infoempleo.com\/hrtrends\/#organization\"},\"image\":{\"@id\":\"https:\/\/empresas.infoempleo.com\/hrtrends\/mala-reputacion-afecta-empresa\/#primaryimage\"},\"thumbnailUrl\":\"https:\/\/empresas.infoempleo.com\/hrtrends\/media\/2018\/01\/reputacion-empresa.jpg\",\"keywords\":[\"reputaci\u00f3n empresarial\"],\"articleSection\":[\"Reclutamiento\"],\"inLanguage\":\"es\",\"copyrightYear\":\"2018\",\"copyrightHolder\":{\"@id\":\"https:\/\/empresas.infoempleo.com\/hrtrends\/#organization\"}},{\"@type\":\"WebPage\",\"@id\":\"https:\/\/empresas.infoempleo.com\/hrtrends\/mala-reputacion-afecta-empresa\/\",\"url\":\"https:\/\/empresas.infoempleo.com\/hrtrends\/mala-reputacion-afecta-empresa\/\",\"name\":\"Mala reputaci\u00f3n empresarial: \u00bfc\u00f3mo puede afectar a la empresa?\",\"isPartOf\":{\"@id\":\"https:\/\/empresas.infoempleo.com\/hrtrends\/#website\"},\"primaryImageOfPage\":{\"@id\":\"https:\/\/empresas.infoempleo.com\/hrtrends\/mala-reputacion-afecta-empresa\/#primaryimage\"},\"image\":{\"@id\":\"https:\/\/empresas.infoempleo.com\/hrtrends\/mala-reputacion-afecta-empresa\/#primaryimage\"},\"thumbnailUrl\":\"https:\/\/empresas.infoempleo.com\/hrtrends\/media\/2018\/01\/reputacion-empresa.jpg\",\"datePublished\":\"2018-01-24T06:00:13+00:00\",\"dateModified\":\"2022-11-18T13:47:00+00:00\",\"description\":\"La reputaci\u00f3n empresarial es un factor que puede afectar a la relaci\u00f3n de la empresa con clientes, pero tambi\u00e9n a los trabajadores. \u00a1Mej\u00f3rala!\",\"breadcrumb\":{\"@id\":\"https:\/\/empresas.infoempleo.com\/hrtrends\/mala-reputacion-afecta-empresa\/#breadcrumb\"},\"inLanguage\":\"es\",\"potentialAction\":[{\"@type\":\"ReadAction\",\"target\":[\"https:\/\/empresas.infoempleo.com\/hrtrends\/mala-reputacion-afecta-empresa\/\"]}]},{\"@type\":\"ImageObject\",\"inLanguage\":\"es\",\"@id\":\"https:\/\/empresas.infoempleo.com\/hrtrends\/mala-reputacion-afecta-empresa\/#primaryimage\",\"url\":\"https:\/\/empresas.infoempleo.com\/hrtrends\/media\/2018\/01\/reputacion-empresa-150x150.jpg\",\"contentUrl\":\"https:\/\/empresas.infoempleo.com\/hrtrends\/media\/2018\/01\/reputacion-empresa-150x150.jpg\",\"width\":150,\"height\":150,\"caption\":\"Descubre todos los problemas que te puede generar una mala reputaci\u00f3n empresarial.\"},{\"@type\":\"BreadcrumbList\",\"@id\":\"https:\/\/empresas.infoempleo.com\/hrtrends\/mala-reputacion-afecta-empresa\/#breadcrumb\",\"itemListElement\":[{\"@type\":\"ListItem\",\"position\":1,\"name\":\"Portada\",\"item\":\"https:\/\/empresas.infoempleo.com\/hrtrends\/\"},{\"@type\":\"ListItem\",\"position\":2,\"name\":\"Mala reputaci\u00f3n empresarial: \u00bfc\u00f3mo puede afectar a la empresa?\"}]},{\"@type\":\"WebSite\",\"@id\":\"https:\/\/empresas.infoempleo.com\/hrtrends\/#website\",\"url\":\"https:\/\/empresas.infoempleo.com\/hrtrends\",\"name\":\"HRTrends by Infoempleo\",\"description\":\"\",\"publisher\":{\"@id\":\"https:\/\/empresas.infoempleo.com\/hrtrends\/#organization\"},\"potentialAction\":{\"@type\":\"SearchAction\",\"target\":\"https:\/\/empresas.infoempleo.com\/hrtrends\/?s={search_term_string}\",\"query-input\":\"required name=search_term_string\"},\"inLanguage\":\"es\"},{\"@type\":\"Organization\",\"@id\":\"https:\/\/empresas.infoempleo.com\/hrtrends\/#organization\",\"name\":\"Infoempleo\",\"url\":\"https:\/\/www.infoempleo.com\/\",\"logo\":{\"@type\":\"ImageObject\",\"@id\":\"https:\/\/empresas.infoempleo.com\/hrtrends\/#logo\",\"inLanguage\":\"es\",\"url\":\"https:\/\/cdnazure.infoempleo.com\/infoempleo\/assets\/style\/gfx\/logo.svg\",\"contentUrl\":\"https:\/\/cdnazure.infoempleo.com\/infoempleo\/assets\/style\/gfx\/logo.svg\",\"width\":150,\"height\":40,\"caption\":\"Infoempleo\"},\"image\":{\"@id\":\"https:\/\/empresas.infoempleo.com\/hrtrends\/#logo\"},\"sameAs\":[\"https:\/\/www.facebook.com\/Infoempleo\",\"https:\/\/x.com\/infoempleo\",\"http:\/\/instagram.com\/infoempleo\/\",\"http:\/\/www.linkedin.com\/groups\/Empleo-Espa\u00f1a-Infoempleocom-111276\",\"http:\/\/pinterest.com\/infoempleo\/\"],\"address\":{\"@type\":\"PostalAddress\",\"addressLocality\":\"Madrid\",\"postalCode\":\"28050\",\"streetAddress\":\"Avenida de Burgos 114\"},\"brand\":[\"Infoempleo\"]},{\"@type\":\"Person\",\"@id\":\"https:\/\/empresas.infoempleo.com\/hrtrends\/#\/schema\/person\/1c7930ffee854c1dcf3720d91d5e15a1\",\"name\":\"Sandra Mons\u00e1lvez\",\"image\":{\"@type\":\"ImageObject\",\"inLanguage\":\"es\",\"@id\":\"https:\/\/empresas.infoempleo.com\/hrtrends\/#\/schema\/person\/image\/\",\"url\":\"https:\/\/secure.gravatar.com\/avatar\/9d376cec215bd55d37036331ee5f3d0f61ccde4bf13c374c53d9caf779508f96?s=96&d=mm&r=g\",\"contentUrl\":\"https:\/\/secure.gravatar.com\/avatar\/9d376cec215bd55d37036331ee5f3d0f61ccde4bf13c374c53d9caf779508f96?s=96&d=mm&r=g\",\"caption\":\"Sandra Mons\u00e1lvez\"},\"description\":\"Periodista, redactora y especialista en Comunicaci\u00f3n Audiovisual y Content Marketing. Entusiasta de informar, formar y entretener a las personas.\",\"url\":\"https:\/\/empresas.infoempleo.com\/hrtrends\/author\/skanvas\/\"}]}<\/script>\n<!-- \/ Yoast SEO plugin. -->","yoast_head_json":{"title":"Mala reputaci\u00f3n empresarial: \u00bfc\u00f3mo puede afectar a la empresa?","description":"La reputaci\u00f3n empresarial es un factor que puede afectar a la relaci\u00f3n de la empresa con clientes, pero tambi\u00e9n a los trabajadores. \u00a1Mej\u00f3rala!","robots":{"index":"index","follow":"follow","max-snippet":"max-snippet:-1","max-image-preview":"max-image-preview:large","max-video-preview":"max-video-preview:-1"},"canonical":"https:\/\/empresas.infoempleo.com\/hrtrends\/mala-reputacion-afecta-empresa\/","og_locale":"es_ES","og_type":"article","og_title":"Mala reputaci\u00f3n empresarial: \u00bfc\u00f3mo puede afectar a la empresa?","og_description":"La reputaci\u00f3n empresarial es un factor que puede afectar a la relaci\u00f3n de la empresa con clientes, pero tambi\u00e9n a los trabajadores. \u00a1Mej\u00f3rala!","og_url":"https:\/\/empresas.infoempleo.com\/hrtrends\/mala-reputacion-afecta-empresa\/","og_site_name":"HRTRENDS","article_publisher":"https:\/\/www.facebook.com\/Infoempleo","article_published_time":"2018-01-24T06:00:13+00:00","article_modified_time":"2022-11-18T13:47:00+00:00","og_image":[{"width":1140,"height":760,"url":"https:\/\/empresas.infoempleo.com\/hrtrends\/media\/2018\/01\/reputacion-empresa.jpg","type":"image\/jpeg"}],"author":"Sandra Mons\u00e1lvez","twitter_card":"summary_large_image","twitter_creator":"@infoempleo","twitter_site":"@infoempleo","twitter_misc":{"Escrito por":"Sandra Mons\u00e1lvez","Tiempo de lectura":"3 minutos"},"schema":{"@context":"https:\/\/schema.org","@graph":[{"@type":"NewsArticle","@id":"https:\/\/empresas.infoempleo.com\/hrtrends\/mala-reputacion-afecta-empresa\/#article","isPartOf":{"@id":"https:\/\/empresas.infoempleo.com\/hrtrends\/mala-reputacion-afecta-empresa\/"},"author":{"name":"Sandra Mons\u00e1lvez","@id":"https:\/\/empresas.infoempleo.com\/hrtrends\/#\/schema\/person\/1c7930ffee854c1dcf3720d91d5e15a1"},"headline":"Mala reputaci\u00f3n empresarial: \u00bfc\u00f3mo puede afectar a la empresa?","datePublished":"2018-01-24T06:00:13+00:00","dateModified":"2022-11-18T13:47:00+00:00","mainEntityOfPage":{"@id":"https:\/\/empresas.infoempleo.com\/hrtrends\/mala-reputacion-afecta-empresa\/"},"wordCount":549,"publisher":{"@id":"https:\/\/empresas.infoempleo.com\/hrtrends\/#organization"},"image":{"@id":"https:\/\/empresas.infoempleo.com\/hrtrends\/mala-reputacion-afecta-empresa\/#primaryimage"},"thumbnailUrl":"https:\/\/empresas.infoempleo.com\/hrtrends\/media\/2018\/01\/reputacion-empresa.jpg","keywords":["reputaci\u00f3n empresarial"],"articleSection":["Reclutamiento"],"inLanguage":"es","copyrightYear":"2018","copyrightHolder":{"@id":"https:\/\/empresas.infoempleo.com\/hrtrends\/#organization"}},{"@type":"WebPage","@id":"https:\/\/empresas.infoempleo.com\/hrtrends\/mala-reputacion-afecta-empresa\/","url":"https:\/\/empresas.infoempleo.com\/hrtrends\/mala-reputacion-afecta-empresa\/","name":"Mala reputaci\u00f3n empresarial: \u00bfc\u00f3mo puede afectar a la empresa?","isPartOf":{"@id":"https:\/\/empresas.infoempleo.com\/hrtrends\/#website"},"primaryImageOfPage":{"@id":"https:\/\/empresas.infoempleo.com\/hrtrends\/mala-reputacion-afecta-empresa\/#primaryimage"},"image":{"@id":"https:\/\/empresas.infoempleo.com\/hrtrends\/mala-reputacion-afecta-empresa\/#primaryimage"},"thumbnailUrl":"https:\/\/empresas.infoempleo.com\/hrtrends\/media\/2018\/01\/reputacion-empresa.jpg","datePublished":"2018-01-24T06:00:13+00:00","dateModified":"2022-11-18T13:47:00+00:00","description":"La reputaci\u00f3n empresarial es un factor que puede afectar a la relaci\u00f3n de la empresa con clientes, pero tambi\u00e9n a los trabajadores. \u00a1Mej\u00f3rala!","breadcrumb":{"@id":"https:\/\/empresas.infoempleo.com\/hrtrends\/mala-reputacion-afecta-empresa\/#breadcrumb"},"inLanguage":"es","potentialAction":[{"@type":"ReadAction","target":["https:\/\/empresas.infoempleo.com\/hrtrends\/mala-reputacion-afecta-empresa\/"]}]},{"@type":"ImageObject","inLanguage":"es","@id":"https:\/\/empresas.infoempleo.com\/hrtrends\/mala-reputacion-afecta-empresa\/#primaryimage","url":"https:\/\/empresas.infoempleo.com\/hrtrends\/media\/2018\/01\/reputacion-empresa-150x150.jpg","contentUrl":"https:\/\/empresas.infoempleo.com\/hrtrends\/media\/2018\/01\/reputacion-empresa-150x150.jpg","width":150,"height":150,"caption":"Descubre todos los problemas que te puede generar una mala reputaci\u00f3n empresarial."},{"@type":"BreadcrumbList","@id":"https:\/\/empresas.infoempleo.com\/hrtrends\/mala-reputacion-afecta-empresa\/#breadcrumb","itemListElement":[{"@type":"ListItem","position":1,"name":"Portada","item":"https:\/\/empresas.infoempleo.com\/hrtrends\/"},{"@type":"ListItem","position":2,"name":"Mala reputaci\u00f3n empresarial: \u00bfc\u00f3mo puede afectar a la empresa?"}]},{"@type":"WebSite","@id":"https:\/\/empresas.infoempleo.com\/hrtrends\/#website","url":"https:\/\/empresas.infoempleo.com\/hrtrends","name":"HRTrends by Infoempleo","description":"","publisher":{"@id":"https:\/\/empresas.infoempleo.com\/hrtrends\/#organization"},"potentialAction":{"@type":"SearchAction","target":"https:\/\/empresas.infoempleo.com\/hrtrends\/?s={search_term_string}","query-input":"required name=search_term_string"},"inLanguage":"es"},{"@type":"Organization","@id":"https:\/\/empresas.infoempleo.com\/hrtrends\/#organization","name":"Infoempleo","url":"https:\/\/www.infoempleo.com\/","logo":{"@type":"ImageObject","@id":"https:\/\/empresas.infoempleo.com\/hrtrends\/#logo","inLanguage":"es","url":"https:\/\/cdnazure.infoempleo.com\/infoempleo\/assets\/style\/gfx\/logo.svg","contentUrl":"https:\/\/cdnazure.infoempleo.com\/infoempleo\/assets\/style\/gfx\/logo.svg","width":150,"height":40,"caption":"Infoempleo"},"image":{"@id":"https:\/\/empresas.infoempleo.com\/hrtrends\/#logo"},"sameAs":["https:\/\/www.facebook.com\/Infoempleo","https:\/\/x.com\/infoempleo","http:\/\/instagram.com\/infoempleo\/","http:\/\/www.linkedin.com\/groups\/Empleo-Espa\u00f1a-Infoempleocom-111276","http:\/\/pinterest.com\/infoempleo\/"],"address":{"@type":"PostalAddress","addressLocality":"Madrid","postalCode":"28050","streetAddress":"Avenida de Burgos 114"},"brand":["Infoempleo"]},{"@type":"Person","@id":"https:\/\/empresas.infoempleo.com\/hrtrends\/#\/schema\/person\/1c7930ffee854c1dcf3720d91d5e15a1","name":"Sandra Mons\u00e1lvez","image":{"@type":"ImageObject","inLanguage":"es","@id":"https:\/\/empresas.infoempleo.com\/hrtrends\/#\/schema\/person\/image\/","url":"https:\/\/secure.gravatar.com\/avatar\/9d376cec215bd55d37036331ee5f3d0f61ccde4bf13c374c53d9caf779508f96?s=96&d=mm&r=g","contentUrl":"https:\/\/secure.gravatar.com\/avatar\/9d376cec215bd55d37036331ee5f3d0f61ccde4bf13c374c53d9caf779508f96?s=96&d=mm&r=g","caption":"Sandra Mons\u00e1lvez"},"description":"Periodista, redactora y especialista en Comunicaci\u00f3n Audiovisual y Content Marketing. Entusiasta de informar, formar y entretener a las personas.","url":"https:\/\/empresas.infoempleo.com\/hrtrends\/author\/skanvas\/"}]}},"amp_enabled":true,"_links":{"self":[{"href":"https:\/\/empresas.infoempleo.com\/hrtrends\/wp-json\/wp\/v2\/posts\/31918","targetHints":{"allow":["GET"]}}],"collection":[{"href":"https:\/\/empresas.infoempleo.com\/hrtrends\/wp-json\/wp\/v2\/posts"}],"about":[{"href":"https:\/\/empresas.infoempleo.com\/hrtrends\/wp-json\/wp\/v2\/types\/post"}],"author":[{"embeddable":true,"href":"https:\/\/empresas.infoempleo.com\/hrtrends\/wp-json\/wp\/v2\/users\/118"}],"replies":[{"embeddable":true,"href":"https:\/\/empresas.infoempleo.com\/hrtrends\/wp-json\/wp\/v2\/comments?post=31918"}],"version-history":[{"count":1,"href":"https:\/\/empresas.infoempleo.com\/hrtrends\/wp-json\/wp\/v2\/posts\/31918\/revisions"}],"predecessor-version":[{"id":41525,"href":"https:\/\/empresas.infoempleo.com\/hrtrends\/wp-json\/wp\/v2\/posts\/31918\/revisions\/41525"}],"wp:featuredmedia":[{"embeddable":true,"href":"https:\/\/empresas.infoempleo.com\/hrtrends\/wp-json\/wp\/v2\/media\/31981"}],"wp:attachment":[{"href":"https:\/\/empresas.infoempleo.com\/hrtrends\/wp-json\/wp\/v2\/media?parent=31918"}],"wp:term":[{"taxonomy":"category","embeddable":true,"href":"https:\/\/empresas.infoempleo.com\/hrtrends\/wp-json\/wp\/v2\/categories?post=31918"},{"taxonomy":"post_tag","embeddable":true,"href":"https:\/\/empresas.infoempleo.com\/hrtrends\/wp-json\/wp\/v2\/tags?post=31918"}],"curies":[{"name":"wp","href":"https:\/\/api.w.org\/{rel}","templated":true}]}}