{"id":31729,"date":"2017-12-18T18:05:52","date_gmt":"2017-12-18T16:05:52","guid":{"rendered":"https:\/\/empresas.infoempleo.com\/hrtrends\/?p=31729"},"modified":"2025-07-09T16:53:43","modified_gmt":"2025-07-09T14:53:43","slug":"igualdad-oportunidades-en-empresas","status":"publish","type":"post","link":"https:\/\/empresas.infoempleo.com\/hrtrends\/igualdad-oportunidades-en-empresas\/","title":{"rendered":"\u00bfExiste igualdad de oportunidades en las empresas espa\u00f1olas?"},"content":{"rendered":"<p>\u00bfExiste verdadera igualdad de oportunidades en tu empresa? Puede que\u00a0 los siguientes datos te hagan reflexionar sobre esta premisa. El\u00a0<a href=\"https:\/\/cdnazure.infoempleo.com\/infoempleo\/documentacion\/Desarrollo-profesional-hombres-y-mujeres-en-Espana.pdf\" target=\"_blank\" rel=\"noopener\">Informe\u00a0S=HE: \u00bfIgualdad de oportunidades? Desarrollo profesional de hombres y mujeres en Espa\u00f1a,\u00a0<\/a>\u00a0elaborado de forma conjunta por Infoempleo e IESE Business School, y patrocinado por Gas Natural Fenosa, muestra la situaci\u00f3n actual espa\u00f1ola en referencia a esta cuesti\u00f3n.<\/p>\n<p>Las conclusiones de este documento se han extra\u00eddo a trav\u00e9s de\u00a0<strong>m\u00e1s de dos mil encuestas<\/strong>, una muestra suficientemente representativa como para hablar de un panorama global. Para explicar los resultados, hemos de aclarar que el estudio ha consistido en calificar\u00a0<strong>los entornos laboral, personal y familiar<\/strong>\u00a0como\u00a0<strong>satisfactorios, hostiles o excluyentes<\/strong>, de mayor a menor grado de igualdad de oportunidades respectivamente.<\/p>\n<h2>Un entorno laboral excluyente<\/h2>\n<p>Centr\u00e1ndonos en el\u00a0<strong>\u00e1mbito empresarial<\/strong>, los resultados de este estudio son alarmantes: frente al 4% de encuestados que afirma estar en un entorno laboral satisfactorio y el 9% que lo considera hostil, hay un dominante 87% que lo califica de excluyente. Un asunto que toda empresa deber\u00eda considerar.<\/p>\n<p>En la presentaci\u00f3n del Informe, celebrada el 11 de diciembre, se convoc\u00f3 una mesa redonda moderada por\u00a0<strong>Maite S\u00e1ez<\/strong>,\u00a0<strong>directora del Observatorio de Recursos Humanos<\/strong>\u00a0para debatir sobre esta cuesti\u00f3n. En \u00e9l participaron Mireia de las Heras, directora del\u00a0<strong>Centro Internacional Trabajo y Familia<\/strong>\u00a0de la escuela de negocios IESE,\u00a0<strong>Pilar Feliz<\/strong>, subdirectora de\u00a0<strong>Dise\u00f1o Organizativo de\u00a0Gas Natural Fenosa<\/strong>,\u00a0<strong>Val D\u00edez<\/strong>,<strong>\u00a0<\/strong>presidenta de la<strong>\u00a0Comisi\u00f3n de Igualdad\u00a0<\/strong>de la<strong>\u00a0CEOE<\/strong>\u00a0y\u00a0<strong>Emilia Zaballos<\/strong>, vocal de<strong>\u00a0la Junta Directiva de la Asociaci\u00f3n Madrile\u00f1a de Mujeres Directivas y Empresarias.\u00a0<\/strong>Alguna de las soluciones que se propusieron en el di\u00e1logo hac\u00edan referencia a la transformaci\u00f3n de las pol\u00edticas de la empresa pero, \u00bfsobre qu\u00e9 aspectos merece la pena hacer mayor hincapi\u00e9?<\/p>\n<h2>Pol\u00edticas y pr\u00e1cticas en las empresas<\/h2>\n<p>Existen determinadas pol\u00edticas y pr\u00e1cticas en las empresas que son m\u00e1s influyentes a la hora de construir un entorno laboral que facilite la igualdad de posibilidades. Veamos qu\u00e9 tipo de medidas ayudar\u00edan a crear entornos laborales equitativos para ambos sexos.<\/p>\n<p><img loading=\"lazy\" decoding=\"async\" class=\"aligncenter wp-image-31730 size-full\" src=\"https:\/\/empresas.infoempleo.com\/hrtrends\/media\/2017\/12\/las-Pol\u00edticas-y-pr\u00e1cticas-en-las-empresas-3.png\" alt=\"\u00bfRealmente existe la igualdad de oportunidades?\" width=\"410\" height=\"1024\" srcset=\"https:\/\/empresas.infoempleo.com\/hrtrends\/media\/2017\/12\/las-Pol\u00edticas-y-pr\u00e1cticas-en-las-empresas-3.png 410w, https:\/\/empresas.infoempleo.com\/hrtrends\/media\/2017\/12\/las-Pol\u00edticas-y-pr\u00e1cticas-en-las-empresas-3-120x300.png 120w\" sizes=\"auto, (max-width: 410px) 100vw, 410px\" \/><\/p>\n<h2>Cu\u00e1l es el panorama actual<\/h2>\n<p>Las percepciones de los trabajadores encuestados est\u00e1n\u00a0<strong>muy lejos de conseguir<\/strong>\u00a0unas pol\u00edticas como las que hemos idealizado en la infograf\u00eda. De hecho, el 45% de los hombres y el 43% de las mujeres opinan que los\u00a0<strong>procesos de selecci\u00f3n<\/strong>\u00a0todav\u00eda no est\u00e1n del todo estructurados, lo que tiene como consecuencia mayores\u00a0desigualdades y subjetivismos. Por otro lado, en cuanto a los\u00a0<strong>procesos de formaci\u00f3n<\/strong>, los resultados del\u00a0Informe\u00a0muestran que el porcentaje de trabajadores que consideran justo y equitativo el acceso a la formaci\u00f3n de la empresa dista considerablemente de resultados plenamente satisfactorios.<\/p>\n<p>En cuanto a los\u00a0<a href=\"http:\/\/blog.infoempleo.com\/a\/por-que-promocionan-a-mi-companero-y-a-mi-no\/\" target=\"_blank\" rel=\"noopener\"><strong>procesos de ascenso o promoci\u00f3n<\/strong><\/a>, tan solo un 25% de las mujeres y un 29% de los hombres encuestados consideran que en su empresa se cumplen unos criterios justos y transparentes. En cuanto a\u00a0<strong>la evaluaci\u00f3n<\/strong>, en la que se trata de investigar cu\u00e1les son los puntos fuertes y los d\u00e9biles de los trabajadores para permitirles progresar, solo un 33% de hombres y un 28% de mujeres creen que estos procesos no est\u00e1n ligados a subjetivismos.<\/p>\n<p>Los resultados siguen consolidando esta imagen injusta y esta falta de igualdad de posibilidades en las siguientes pol\u00edticas. En cuanto a las\u00a0<strong>diferencias salariales<\/strong>\u00a0con motivo del sexo de los trabajadores, los porcentajes vuelven a ser preocupantes: el 38% de hombres y el 46% de mujeres encuestadas perciben en su empresa diferencias econ\u00f3micas por raz\u00f3n de sexo. Las <strong>pol\u00edticas de conciliaci\u00f3n<\/strong> siguen sin estar plenamente implantadas en las empresas.<\/p>\n<h2>\u00bfCu\u00e1les son las consecuencias?<\/h2>\n<p>Las conclusiones que se han extra\u00eddo de la investigaci\u00f3n, sin duda, est\u00e1n lejos de crear un\u00a0<strong>entorno laboral equilibrado<\/strong>\u00a0para ambos sexos, \u00bfd\u00f3nde se encuentra la soluci\u00f3n? La posibilidad de lograr un cambio transformacional reside en el\u00a0<strong>seno de las empresas<\/strong>, que han de invertir en la mejora de sus pol\u00edticas para garantizar un\u00a0<strong>entorno laboral basado en la igualdad<\/strong>\u00a0salarial, formativa, conciliadora\u2026 fundamentado en un equilibrio que permita ocupar cargos directivos a hombres y mujeres por igual, donde los criterios de selecci\u00f3n sean justos y la rivalidad de sexos se convierta en la complementaci\u00f3n que realmente deber\u00eda ser.<\/p>\n<p>El\u00a0<strong>compromiso moral y \u00e9tico<\/strong>\u00a0por parte de las empresas no es la \u00fanica raz\u00f3n para impulsar esta evoluci\u00f3n, sino que tambi\u00e9n podemos hacer referencia a ventajas palpables y \u00fatiles a nivel empresarial.\u00a0 De hecho, igualar las condiciones laborales de las mujeres a las de los hombres se traducir\u00eda en una\u00a0<strong>subida del PIB mundial en un 26%<\/strong>\u00a0para el a\u00f1o 2025, seg\u00fan una informaci\u00f3n publicada por el\u00a0<strong>Instituto McKinsey<\/strong>\u00a0y respaldada por la ONU, el FMI o la OCDE entre otros.<\/p>\n<p>El\u00a0<strong>rendimiento de los trabajadores<\/strong>\u00a0dentro de una empresa, as\u00ed como su\u00a0<strong>compromiso<\/strong>\u00a0con la misma, guarda una extensa relaci\u00f3n con la satisfacci\u00f3n del entorno en el que se encuentran. Fortalecer estos cimientos, es decir, a los empleados, es, por tanto, el reto principal para alcanzar esta\u00a0<strong>igualdad de posibilidades<\/strong>.<\/p>\n","protected":false},"excerpt":{"rendered":"<p>\u00bfExiste verdadera igualdad de oportunidades en tu empresa? Puede que\u00a0 los siguientes datos te hagan reflexionar sobre esta<a class=\"moretag\" href=\"https:\/\/empresas.infoempleo.com\/hrtrends\/igualdad-oportunidades-en-empresas\/\"> Leer m\u00e1s<\/a><\/p>\n","protected":false},"author":117,"featured_media":31732,"comment_status":"closed","ping_status":"open","sticky":false,"template":"","format":"standard","meta":{"footnotes":""},"categories":[3033],"tags":[409,1554,1300],"class_list":["post-31729","post","type-post","status-publish","format-standard","has-post-thumbnail","hentry","category-novedades","tag-equipo","tag-igualdad","tag-mujeres"],"yoast_head":"<!-- This site is optimized with the Yoast SEO plugin v26.1.1 - https:\/\/yoast.com\/wordpress\/plugins\/seo\/ -->\n<title>\u00bfExiste igualdad de oportunidades en las empresas espa\u00f1olas? | HRTRENDS<\/title>\n<meta name=\"robots\" content=\"index, follow, max-snippet:-1, max-image-preview:large, max-video-preview:-1\" \/>\n<link rel=\"canonical\" href=\"https:\/\/empresas.infoempleo.com\/hrtrends\/igualdad-oportunidades-en-empresas\/\" \/>\n<meta property=\"og:locale\" content=\"es_ES\" \/>\n<meta property=\"og:type\" content=\"article\" \/>\n<meta property=\"og:title\" content=\"\u00bfExiste igualdad de oportunidades en las empresas espa\u00f1olas? | HRTRENDS\" \/>\n<meta property=\"og:description\" content=\"\u00bfExiste verdadera igualdad de oportunidades en tu empresa? Puede que\u00a0 los siguientes datos te hagan reflexionar sobre esta Leer m\u00e1s\" \/>\n<meta property=\"og:url\" content=\"https:\/\/empresas.infoempleo.com\/hrtrends\/igualdad-oportunidades-en-empresas\/\" \/>\n<meta property=\"og:site_name\" content=\"HRTRENDS\" \/>\n<meta property=\"article:publisher\" content=\"https:\/\/www.facebook.com\/Infoempleo\" \/>\n<meta property=\"article:published_time\" content=\"2017-12-18T16:05:52+00:00\" \/>\n<meta property=\"article:modified_time\" content=\"2025-07-09T14:53:43+00:00\" \/>\n<meta property=\"og:image\" content=\"https:\/\/empresas.infoempleo.com\/hrtrends\/media\/2017\/12\/tareas_Capa-1.jpg\" \/>\n\t<meta property=\"og:image:width\" content=\"1140\" \/>\n\t<meta property=\"og:image:height\" content=\"755\" \/>\n\t<meta property=\"og:image:type\" content=\"image\/jpeg\" \/>\n<meta name=\"author\" content=\"Ana Canfr\u00e1n\" \/>\n<meta name=\"twitter:card\" content=\"summary_large_image\" \/>\n<meta name=\"twitter:creator\" content=\"@anacanfran\" \/>\n<meta name=\"twitter:site\" content=\"@infoempleo\" \/>\n<meta name=\"twitter:label1\" content=\"Escrito por\" \/>\n\t<meta name=\"twitter:data1\" content=\"Ana Canfr\u00e1n\" \/>\n\t<meta name=\"twitter:label2\" content=\"Tiempo de lectura\" \/>\n\t<meta name=\"twitter:data2\" content=\"4 minutos\" \/>\n<script type=\"application\/ld+json\" class=\"yoast-schema-graph\">{\"@context\":\"https:\/\/schema.org\",\"@graph\":[{\"@type\":\"NewsArticle\",\"@id\":\"https:\/\/empresas.infoempleo.com\/hrtrends\/igualdad-oportunidades-en-empresas\/#article\",\"isPartOf\":{\"@id\":\"https:\/\/empresas.infoempleo.com\/hrtrends\/igualdad-oportunidades-en-empresas\/\"},\"author\":{\"name\":\"Ana Canfr\u00e1n\",\"@id\":\"https:\/\/empresas.infoempleo.com\/hrtrends\/#\/schema\/person\/0e7558aa706296aaeb6ab73d40029a22\"},\"headline\":\"\u00bfExiste igualdad de oportunidades en las empresas espa\u00f1olas?\",\"datePublished\":\"2017-12-18T16:05:52+00:00\",\"dateModified\":\"2025-07-09T14:53:43+00:00\",\"mainEntityOfPage\":{\"@id\":\"https:\/\/empresas.infoempleo.com\/hrtrends\/igualdad-oportunidades-en-empresas\/\"},\"wordCount\":882,\"publisher\":{\"@id\":\"https:\/\/empresas.infoempleo.com\/hrtrends\/#organization\"},\"image\":{\"@id\":\"https:\/\/empresas.infoempleo.com\/hrtrends\/igualdad-oportunidades-en-empresas\/#primaryimage\"},\"thumbnailUrl\":\"https:\/\/empresas.infoempleo.com\/hrtrends\/media\/2017\/12\/tareas_Capa-1.jpg\",\"keywords\":[\"equipo\",\"Igualdad\",\"mujeres\"],\"articleSection\":{\"1\":\"Novedades Infoempleo\"},\"inLanguage\":\"es\",\"copyrightYear\":\"2017\",\"copyrightHolder\":{\"@id\":\"https:\/\/empresas.infoempleo.com\/hrtrends\/#organization\"}},{\"@type\":\"WebPage\",\"@id\":\"https:\/\/empresas.infoempleo.com\/hrtrends\/igualdad-oportunidades-en-empresas\/\",\"url\":\"https:\/\/empresas.infoempleo.com\/hrtrends\/igualdad-oportunidades-en-empresas\/\",\"name\":\"\u00bfExiste igualdad de oportunidades en las empresas espa\u00f1olas? | HRTRENDS\",\"isPartOf\":{\"@id\":\"https:\/\/empresas.infoempleo.com\/hrtrends\/#website\"},\"primaryImageOfPage\":{\"@id\":\"https:\/\/empresas.infoempleo.com\/hrtrends\/igualdad-oportunidades-en-empresas\/#primaryimage\"},\"image\":{\"@id\":\"https:\/\/empresas.infoempleo.com\/hrtrends\/igualdad-oportunidades-en-empresas\/#primaryimage\"},\"thumbnailUrl\":\"https:\/\/empresas.infoempleo.com\/hrtrends\/media\/2017\/12\/tareas_Capa-1.jpg\",\"datePublished\":\"2017-12-18T16:05:52+00:00\",\"dateModified\":\"2025-07-09T14:53:43+00:00\",\"breadcrumb\":{\"@id\":\"https:\/\/empresas.infoempleo.com\/hrtrends\/igualdad-oportunidades-en-empresas\/#breadcrumb\"},\"inLanguage\":\"es\",\"potentialAction\":[{\"@type\":\"ReadAction\",\"target\":[\"https:\/\/empresas.infoempleo.com\/hrtrends\/igualdad-oportunidades-en-empresas\/\"]}]},{\"@type\":\"ImageObject\",\"inLanguage\":\"es\",\"@id\":\"https:\/\/empresas.infoempleo.com\/hrtrends\/igualdad-oportunidades-en-empresas\/#primaryimage\",\"url\":\"https:\/\/empresas.infoempleo.com\/hrtrends\/media\/2017\/12\/tareas_Capa-1-150x150.jpg\",\"contentUrl\":\"https:\/\/empresas.infoempleo.com\/hrtrends\/media\/2017\/12\/tareas_Capa-1-150x150.jpg\",\"width\":150,\"height\":150,\"caption\":\"Informe S=HE\"},{\"@type\":\"BreadcrumbList\",\"@id\":\"https:\/\/empresas.infoempleo.com\/hrtrends\/igualdad-oportunidades-en-empresas\/#breadcrumb\",\"itemListElement\":[{\"@type\":\"ListItem\",\"position\":1,\"name\":\"Portada\",\"item\":\"https:\/\/empresas.infoempleo.com\/hrtrends\/\"},{\"@type\":\"ListItem\",\"position\":2,\"name\":\"\u00bfExiste igualdad de oportunidades en las empresas espa\u00f1olas?\"}]},{\"@type\":\"WebSite\",\"@id\":\"https:\/\/empresas.infoempleo.com\/hrtrends\/#website\",\"url\":\"https:\/\/empresas.infoempleo.com\/hrtrends\",\"name\":\"HRTrends by Infoempleo\",\"description\":\"\",\"publisher\":{\"@id\":\"https:\/\/empresas.infoempleo.com\/hrtrends\/#organization\"},\"potentialAction\":{\"@type\":\"SearchAction\",\"target\":\"https:\/\/empresas.infoempleo.com\/hrtrends\/?s={search_term_string}\",\"query-input\":\"required name=search_term_string\"},\"inLanguage\":\"es\"},{\"@type\":\"Organization\",\"@id\":\"https:\/\/empresas.infoempleo.com\/hrtrends\/#organization\",\"name\":\"Infoempleo\",\"url\":\"https:\/\/www.infoempleo.com\/\",\"logo\":{\"@type\":\"ImageObject\",\"@id\":\"https:\/\/empresas.infoempleo.com\/hrtrends\/#logo\",\"inLanguage\":\"es\",\"url\":\"https:\/\/cdnazure.infoempleo.com\/infoempleo\/assets\/style\/gfx\/logo.svg\",\"contentUrl\":\"https:\/\/cdnazure.infoempleo.com\/infoempleo\/assets\/style\/gfx\/logo.svg\",\"width\":150,\"height\":40,\"caption\":\"Infoempleo\"},\"image\":{\"@id\":\"https:\/\/empresas.infoempleo.com\/hrtrends\/#logo\"},\"sameAs\":[\"https:\/\/www.facebook.com\/Infoempleo\",\"https:\/\/x.com\/infoempleo\",\"http:\/\/instagram.com\/infoempleo\/\",\"http:\/\/www.linkedin.com\/groups\/Empleo-Espa\u00f1a-Infoempleocom-111276\",\"http:\/\/pinterest.com\/infoempleo\/\"],\"address\":{\"@type\":\"PostalAddress\",\"addressLocality\":\"Madrid\",\"postalCode\":\"28050\",\"streetAddress\":\"Avenida de Burgos 114\"},\"brand\":[\"Infoempleo\"]},{\"@type\":\"Person\",\"@id\":\"https:\/\/empresas.infoempleo.com\/hrtrends\/#\/schema\/person\/0e7558aa706296aaeb6ab73d40029a22\",\"name\":\"Ana Canfr\u00e1n\",\"image\":{\"@type\":\"ImageObject\",\"inLanguage\":\"es\",\"@id\":\"https:\/\/empresas.infoempleo.com\/hrtrends\/#\/schema\/person\/image\/\",\"url\":\"https:\/\/secure.gravatar.com\/avatar\/4eaefdfdc09261e3ee47c65d649c48624180db2f1f0451f030211bec79c76002?s=96&d=mm&r=g\",\"contentUrl\":\"https:\/\/secure.gravatar.com\/avatar\/4eaefdfdc09261e3ee47c65d649c48624180db2f1f0451f030211bec79c76002?s=96&d=mm&r=g\",\"caption\":\"Ana Canfr\u00e1n\"},\"description\":\"Periodista 2.0 con perfil audiovisual. Amante de la comunicaci\u00f3n en todos sus \u00e1mbitos: cine, televisi\u00f3n, radio, prensa... Innovadora, creativa y proactiva.\",\"sameAs\":[\"https:\/\/x.com\/anacanfran\"],\"url\":\"https:\/\/empresas.infoempleo.com\/hrtrends\/author\/amhrtrends\/\"}]}<\/script>\n<!-- \/ Yoast SEO plugin. -->","yoast_head_json":{"title":"\u00bfExiste igualdad de oportunidades en las empresas espa\u00f1olas? | HRTRENDS","robots":{"index":"index","follow":"follow","max-snippet":"max-snippet:-1","max-image-preview":"max-image-preview:large","max-video-preview":"max-video-preview:-1"},"canonical":"https:\/\/empresas.infoempleo.com\/hrtrends\/igualdad-oportunidades-en-empresas\/","og_locale":"es_ES","og_type":"article","og_title":"\u00bfExiste igualdad de oportunidades en las empresas espa\u00f1olas? | HRTRENDS","og_description":"\u00bfExiste verdadera igualdad de oportunidades en tu empresa? Puede que\u00a0 los siguientes datos te hagan reflexionar sobre esta Leer m\u00e1s","og_url":"https:\/\/empresas.infoempleo.com\/hrtrends\/igualdad-oportunidades-en-empresas\/","og_site_name":"HRTRENDS","article_publisher":"https:\/\/www.facebook.com\/Infoempleo","article_published_time":"2017-12-18T16:05:52+00:00","article_modified_time":"2025-07-09T14:53:43+00:00","og_image":[{"width":1140,"height":755,"url":"https:\/\/empresas.infoempleo.com\/hrtrends\/media\/2017\/12\/tareas_Capa-1.jpg","type":"image\/jpeg"}],"author":"Ana Canfr\u00e1n","twitter_card":"summary_large_image","twitter_creator":"@anacanfran","twitter_site":"@infoempleo","twitter_misc":{"Escrito por":"Ana Canfr\u00e1n","Tiempo de lectura":"4 minutos"},"schema":{"@context":"https:\/\/schema.org","@graph":[{"@type":"NewsArticle","@id":"https:\/\/empresas.infoempleo.com\/hrtrends\/igualdad-oportunidades-en-empresas\/#article","isPartOf":{"@id":"https:\/\/empresas.infoempleo.com\/hrtrends\/igualdad-oportunidades-en-empresas\/"},"author":{"name":"Ana Canfr\u00e1n","@id":"https:\/\/empresas.infoempleo.com\/hrtrends\/#\/schema\/person\/0e7558aa706296aaeb6ab73d40029a22"},"headline":"\u00bfExiste igualdad de oportunidades en las empresas espa\u00f1olas?","datePublished":"2017-12-18T16:05:52+00:00","dateModified":"2025-07-09T14:53:43+00:00","mainEntityOfPage":{"@id":"https:\/\/empresas.infoempleo.com\/hrtrends\/igualdad-oportunidades-en-empresas\/"},"wordCount":882,"publisher":{"@id":"https:\/\/empresas.infoempleo.com\/hrtrends\/#organization"},"image":{"@id":"https:\/\/empresas.infoempleo.com\/hrtrends\/igualdad-oportunidades-en-empresas\/#primaryimage"},"thumbnailUrl":"https:\/\/empresas.infoempleo.com\/hrtrends\/media\/2017\/12\/tareas_Capa-1.jpg","keywords":["equipo","Igualdad","mujeres"],"articleSection":{"1":"Novedades Infoempleo"},"inLanguage":"es","copyrightYear":"2017","copyrightHolder":{"@id":"https:\/\/empresas.infoempleo.com\/hrtrends\/#organization"}},{"@type":"WebPage","@id":"https:\/\/empresas.infoempleo.com\/hrtrends\/igualdad-oportunidades-en-empresas\/","url":"https:\/\/empresas.infoempleo.com\/hrtrends\/igualdad-oportunidades-en-empresas\/","name":"\u00bfExiste igualdad de oportunidades en las empresas espa\u00f1olas? | HRTRENDS","isPartOf":{"@id":"https:\/\/empresas.infoempleo.com\/hrtrends\/#website"},"primaryImageOfPage":{"@id":"https:\/\/empresas.infoempleo.com\/hrtrends\/igualdad-oportunidades-en-empresas\/#primaryimage"},"image":{"@id":"https:\/\/empresas.infoempleo.com\/hrtrends\/igualdad-oportunidades-en-empresas\/#primaryimage"},"thumbnailUrl":"https:\/\/empresas.infoempleo.com\/hrtrends\/media\/2017\/12\/tareas_Capa-1.jpg","datePublished":"2017-12-18T16:05:52+00:00","dateModified":"2025-07-09T14:53:43+00:00","breadcrumb":{"@id":"https:\/\/empresas.infoempleo.com\/hrtrends\/igualdad-oportunidades-en-empresas\/#breadcrumb"},"inLanguage":"es","potentialAction":[{"@type":"ReadAction","target":["https:\/\/empresas.infoempleo.com\/hrtrends\/igualdad-oportunidades-en-empresas\/"]}]},{"@type":"ImageObject","inLanguage":"es","@id":"https:\/\/empresas.infoempleo.com\/hrtrends\/igualdad-oportunidades-en-empresas\/#primaryimage","url":"https:\/\/empresas.infoempleo.com\/hrtrends\/media\/2017\/12\/tareas_Capa-1-150x150.jpg","contentUrl":"https:\/\/empresas.infoempleo.com\/hrtrends\/media\/2017\/12\/tareas_Capa-1-150x150.jpg","width":150,"height":150,"caption":"Informe S=HE"},{"@type":"BreadcrumbList","@id":"https:\/\/empresas.infoempleo.com\/hrtrends\/igualdad-oportunidades-en-empresas\/#breadcrumb","itemListElement":[{"@type":"ListItem","position":1,"name":"Portada","item":"https:\/\/empresas.infoempleo.com\/hrtrends\/"},{"@type":"ListItem","position":2,"name":"\u00bfExiste igualdad de oportunidades en las empresas espa\u00f1olas?"}]},{"@type":"WebSite","@id":"https:\/\/empresas.infoempleo.com\/hrtrends\/#website","url":"https:\/\/empresas.infoempleo.com\/hrtrends","name":"HRTrends by Infoempleo","description":"","publisher":{"@id":"https:\/\/empresas.infoempleo.com\/hrtrends\/#organization"},"potentialAction":{"@type":"SearchAction","target":"https:\/\/empresas.infoempleo.com\/hrtrends\/?s={search_term_string}","query-input":"required name=search_term_string"},"inLanguage":"es"},{"@type":"Organization","@id":"https:\/\/empresas.infoempleo.com\/hrtrends\/#organization","name":"Infoempleo","url":"https:\/\/www.infoempleo.com\/","logo":{"@type":"ImageObject","@id":"https:\/\/empresas.infoempleo.com\/hrtrends\/#logo","inLanguage":"es","url":"https:\/\/cdnazure.infoempleo.com\/infoempleo\/assets\/style\/gfx\/logo.svg","contentUrl":"https:\/\/cdnazure.infoempleo.com\/infoempleo\/assets\/style\/gfx\/logo.svg","width":150,"height":40,"caption":"Infoempleo"},"image":{"@id":"https:\/\/empresas.infoempleo.com\/hrtrends\/#logo"},"sameAs":["https:\/\/www.facebook.com\/Infoempleo","https:\/\/x.com\/infoempleo","http:\/\/instagram.com\/infoempleo\/","http:\/\/www.linkedin.com\/groups\/Empleo-Espa\u00f1a-Infoempleocom-111276","http:\/\/pinterest.com\/infoempleo\/"],"address":{"@type":"PostalAddress","addressLocality":"Madrid","postalCode":"28050","streetAddress":"Avenida de Burgos 114"},"brand":["Infoempleo"]},{"@type":"Person","@id":"https:\/\/empresas.infoempleo.com\/hrtrends\/#\/schema\/person\/0e7558aa706296aaeb6ab73d40029a22","name":"Ana Canfr\u00e1n","image":{"@type":"ImageObject","inLanguage":"es","@id":"https:\/\/empresas.infoempleo.com\/hrtrends\/#\/schema\/person\/image\/","url":"https:\/\/secure.gravatar.com\/avatar\/4eaefdfdc09261e3ee47c65d649c48624180db2f1f0451f030211bec79c76002?s=96&d=mm&r=g","contentUrl":"https:\/\/secure.gravatar.com\/avatar\/4eaefdfdc09261e3ee47c65d649c48624180db2f1f0451f030211bec79c76002?s=96&d=mm&r=g","caption":"Ana Canfr\u00e1n"},"description":"Periodista 2.0 con perfil audiovisual. Amante de la comunicaci\u00f3n en todos sus \u00e1mbitos: cine, televisi\u00f3n, radio, prensa... Innovadora, creativa y proactiva.","sameAs":["https:\/\/x.com\/anacanfran"],"url":"https:\/\/empresas.infoempleo.com\/hrtrends\/author\/amhrtrends\/"}]}},"amp_enabled":true,"_links":{"self":[{"href":"https:\/\/empresas.infoempleo.com\/hrtrends\/wp-json\/wp\/v2\/posts\/31729","targetHints":{"allow":["GET"]}}],"collection":[{"href":"https:\/\/empresas.infoempleo.com\/hrtrends\/wp-json\/wp\/v2\/posts"}],"about":[{"href":"https:\/\/empresas.infoempleo.com\/hrtrends\/wp-json\/wp\/v2\/types\/post"}],"author":[{"embeddable":true,"href":"https:\/\/empresas.infoempleo.com\/hrtrends\/wp-json\/wp\/v2\/users\/117"}],"replies":[{"embeddable":true,"href":"https:\/\/empresas.infoempleo.com\/hrtrends\/wp-json\/wp\/v2\/comments?post=31729"}],"version-history":[{"count":3,"href":"https:\/\/empresas.infoempleo.com\/hrtrends\/wp-json\/wp\/v2\/posts\/31729\/revisions"}],"predecessor-version":[{"id":46897,"href":"https:\/\/empresas.infoempleo.com\/hrtrends\/wp-json\/wp\/v2\/posts\/31729\/revisions\/46897"}],"wp:featuredmedia":[{"embeddable":true,"href":"https:\/\/empresas.infoempleo.com\/hrtrends\/wp-json\/wp\/v2\/media\/31732"}],"wp:attachment":[{"href":"https:\/\/empresas.infoempleo.com\/hrtrends\/wp-json\/wp\/v2\/media?parent=31729"}],"wp:term":[{"taxonomy":"category","embeddable":true,"href":"https:\/\/empresas.infoempleo.com\/hrtrends\/wp-json\/wp\/v2\/categories?post=31729"},{"taxonomy":"post_tag","embeddable":true,"href":"https:\/\/empresas.infoempleo.com\/hrtrends\/wp-json\/wp\/v2\/tags?post=31729"}],"curies":[{"name":"wp","href":"https:\/\/api.w.org\/{rel}","templated":true}]}}