{"id":31698,"date":"2017-12-18T08:00:54","date_gmt":"2017-12-18T06:00:54","guid":{"rendered":"https:\/\/empresas.infoempleo.com\/hrtrends\/?p=31698"},"modified":"2018-05-23T16:39:47","modified_gmt":"2018-05-23T14:39:47","slug":"cesta-navidad-empleados","status":"publish","type":"post","link":"https:\/\/empresas.infoempleo.com\/hrtrends\/cesta-navidad-empleados\/","title":{"rendered":"Cesta de Navidad para cuidar a tus empleados: \u00bfs\u00ed o no?"},"content":{"rendered":"<p><span style=\"font-weight: 400;\">Espa\u00f1a es un pa\u00eds que se caracteriza por seguir las tradiciones y la celebraci\u00f3n de la Navidad es un claro ejemplo de ello. De hecho, seguramente sea dif\u00edcil encontrar a alguien que no celebre la Navidad, independientemente que le agrade o no. Pero, <\/span><b>\u00bfa qui\u00e9n no le gusta un regalo o una buena cena?<\/b><\/p>\n<p><span style=\"font-weight: 400;\">La fiesta navide\u00f1a de las empresas es una de las m\u00e1s esperadas por los trabajadores, donde <\/span><b>sienten que su esfuerzo es premiado <\/b><span style=\"font-weight: 400;\">y donde sol\u00eda hacerse la <\/span><b>entrega de la tradicional cesta de navidad, <\/b><span style=\"font-weight: 400;\">aunque cada vez ocurre menos. <\/span><\/p>\n<h2><span style=\"font-weight: 400;\">\u00bfMis empleados esperan un regalo?<\/span><\/h2>\n<p><b>La cesta o el lote navide\u00f1o sigue siendo un regalo esperado por tus empleados y les hace seguir sinti\u00e9ndose especiales y valorados<\/b><span style=\"font-weight: 400;\">. Se trata de un regalo que seguramente compartir\u00e1n con su familia y \u00a0se sentir\u00e1n satisfechos de formar parte de tu empresa. \u00a0<\/span><\/p>\n<p><span style=\"font-weight: 400;\">Muchas son las empresas que han dejado atr\u00e1s esta tradici\u00f3n y otras las que siguen plante\u00e1ndose si realmente es necesario regalar una cesta de Navidad. Pues bien, si est\u00e1s entre una de ellas queremos decirte que aparte de que en 2016 la ley oblig\u00f3 a las empresas a mantenerla si ya la daban anteriormente, <\/span><b>regalar una cesta a tus trabajadores o tener un detalle con ellos por Navidad te ayudar\u00e1 a mantener la relaci\u00f3n con los empleados y \u00a0aumentar su <\/b><a href=\"http:\/\/blog.infoempleo.com\/a\/motivacion-matutina-poema-incluido\/\"><b>motivaci\u00f3n<\/b><\/a><b>. <\/b><span style=\"font-weight: 400;\">Estos son los principales beneficios que deber\u00edan incentivarte ya que van ligados al bienestar en la empresa y a la fidelizaci\u00f3n de tus empleados. <\/span><\/p>\n<p><span style=\"font-weight: 400;\">Seguramente esta felicidad de tus empleados var\u00ede dependiendo de cu\u00e1n original sea tu regalo. Por eso, no es necesario obsequiar con la la misma cesta que hace cinco a\u00f1os: \u00a1S\u00e9 original! <\/span><\/p>\n<p><span style=\"font-weight: 400;\">Muchos son a\u00fan los que reciben una cesta repleta de embutidos y polvorones pero, esto est\u00e1 cambiando y m\u00e1s r\u00e1pidamente si hay millenials en tu plantilla. Aunque puede sorprenderte, ellos dan vital importancia al <\/span><b>salario emocional<\/b><span style=\"font-weight: 400;\"> porque consideran que forma parte de los <\/span><b>valores que una empresa debe aportarles, pero no en forma de cesta tradicional<\/b><span style=\"font-weight: 400;\">. Los Millenials consideran que las empresas deben apostar por otro tipo de regalos como alguna din\u00e1mica fuera del trabajo.<\/span><\/p>\n<p><span style=\"font-weight: 400;\">As\u00ed, para los empleados &#8211; siguiendo la teor\u00eda de Abraham Maslow &#8211; \u00a0<\/span><b>la cesta de Navidad sigue siendo una mezcla entre compensaci\u00f3n y v\u00ednculo emocional, que crea un sentimiento de orgullo y de pertenencia a la empresa,<\/b><span style=\"font-weight: 400;\"> el cual se experimenta sobretodo al compartir la cesta con sus seres queridos. Aunque ahora ya pocos \u00a0empleados desean recibir un lote con una paleta ib\u00e9rica y turrones de almendra.<\/span><\/p>\n<p><img loading=\"lazy\" decoding=\"async\" class=\"aligncenter size-full wp-image-31700\" src=\"https:\/\/empresas.infoempleo.com\/hrtrends\/media\/2017\/12\/Cesta-de-Navidad-2.jpg\" alt=\"Qu\u00e9 regalos hacer en la oficina\" width=\"1140\" height=\"760\" srcset=\"https:\/\/empresas.infoempleo.com\/hrtrends\/media\/2017\/12\/Cesta-de-Navidad-2.jpg 1140w, https:\/\/empresas.infoempleo.com\/hrtrends\/media\/2017\/12\/Cesta-de-Navidad-2-300x200.jpg 300w, https:\/\/empresas.infoempleo.com\/hrtrends\/media\/2017\/12\/Cesta-de-Navidad-2-1024x683.jpg 1024w, https:\/\/empresas.infoempleo.com\/hrtrends\/media\/2017\/12\/Cesta-de-Navidad-2-768x512.jpg 768w\" sizes=\"auto, (max-width: 1140px) 100vw, 1140px\" \/><\/p>\n<h2><span style=\"font-weight: 400;\">\u00bfQu\u00e9 se puede regalar en la cesta de Navidad?<\/span><\/h2>\n<p><span style=\"font-weight: 400;\">Entonces,<\/span><b> \u00bfsabr\u00edas que regalar en tu cesta de Navidad?<\/b><span style=\"font-weight: 400;\"> No se trata de hacer un regalo ostentoso, ni de cometer excesos, sino de seguir ofreciendo un salario emocional con peque\u00f1os detalles, sin perder la esencia de la empresa. <\/span><\/p>\n<p><span style=\"font-weight: 400;\">Cada vez son m\u00e1s las empresas que innovan y transforman su cesta en un regalo m\u00e1s apetecible para sus empleados, como por ejemplo:<\/span><\/p>\n<ul>\n<li><b><em>Roomscape<\/em> para agudizar el ingenio<\/b><\/li>\n<\/ul>\n<p><span style=\"font-weight: 400;\">Las actividades de ingenio en equipo triunfar\u00e1n entre tus empleados. Adem\u00e1s de ser un desaf\u00edo para la mente, <\/span><b>descubrir\u00e1n las habilidades y el pensamiento creativo de los compa\u00f1eros, lo cual tambi\u00e9n se convertir\u00e1 en una actividad de <\/b><b><i>team building<\/i><\/b><span style=\"font-weight: 400;\">. Son muchas ya las empresas que optan por regalar esta experiencia. <\/span><\/p>\n<ul>\n<li><b>Navidad, trabajo, familia: flexibilidad horaria<\/b><\/li>\n<\/ul>\n<p><span style=\"font-weight: 400;\">No es un regalo f\u00edsico pero la mayor\u00eda de tus empleados agradecer\u00e1n la opci\u00f3n de poder <\/span><a href=\"https:\/\/empresas.infoempleo.com\/hrtrends\/teletrabajo-pros-contras\/\/\"><b>teletrabajar desde casa <\/b><\/a><span style=\"font-weight: 400;\">o poder organizar de manera distinta sus horarios en fechas navide\u00f1as, para <\/span><a href=\"https:\/\/empresas.infoempleo.com\/hrtrends\/consejos-conciliacion-laboral-familiar\/\/\"><b>conciliar la vida familiar<\/b><\/a><span style=\"font-weight: 400;\"> con el trabajo con m\u00e1s facilidad. <\/span><\/p>\n<ul>\n<li><b>Pack <em>gourmet<\/em> para los m\u00e1s <em>cool<\/em><\/b><\/li>\n<\/ul>\n<p><span style=\"font-weight: 400;\">Hace tiempo que para muchos qued\u00f3 atr\u00e1s la cesta repleta de embutidos, es por eso que ahora puedes proponer y <\/span><b>regalar una cesta gourmet con menos productos y de m\u00e1s calidad <\/b><span style=\"font-weight: 400;\">como aceite de oliva, considerado oro l\u00edquido y fruta de calidad, lo que <\/span><b>transmitir\u00e1 a tus empleados tambi\u00e9n tu preocupaci\u00f3n por su bienestar y salud. <\/b><\/p>\n<ul>\n<li><b>\u00bfVino o cava? \u00a1Gintonic!<\/b><\/li>\n<\/ul>\n<p><b>El gintonic se ha convertido en el rey de la mesa<\/b><span style=\"font-weight: 400;\">, por lo que regalar una cesta con todos los elementos para preparar uno de estos combinados y disfrutarlo durante las fiestas de Navidad ser\u00e1 un gran acierto y <\/span><b>una cesta de lo m\u00e1s \u201c<\/b><b><i>cool<\/i><\/b><b>\u201d<\/b><span style=\"font-weight: 400;\">.<\/span><\/p>\n<p><span style=\"font-weight: 400;\">Como ves, son muchas las opciones para aprovechar la <\/span><b>Navidad como una oportunidad de mejorar la relaci\u00f3n con tus empleados y trabajar su motivaci\u00f3n<\/b><span style=\"font-weight: 400;\">. No es obligatorio pero les har\u00e1 sentir mejor y tambi\u00e9n tendr\u00e1 beneficios para tu empresa. As\u00ed pues &#8211; sabiendo que es un <\/span><b><i>win-win<\/i><\/b><span style=\"font-weight: 400;\"> -, si no quieres optar por la cesta tradicional, esperamos que hayas tomado nota de las \u00faltimas tendencias. Sabes ya qu\u00e9 vas a regalar a tus empleados, \u00bfno?<\/span><\/p>\n","protected":false},"excerpt":{"rendered":"<p>Espa\u00f1a es un pa\u00eds que se caracteriza por seguir las tradiciones y la celebraci\u00f3n de la Navidad es<a class=\"moretag\" href=\"https:\/\/empresas.infoempleo.com\/hrtrends\/cesta-navidad-empleados\/\"> Leer m\u00e1s<\/a><\/p>\n","protected":false},"author":72,"featured_media":31699,"comment_status":"closed","ping_status":"open","sticky":false,"template":"","format":"standard","meta":{"footnotes":""},"categories":[3035],"tags":[1049,274],"class_list":["post-31698","post","type-post","status-publish","format-standard","has-post-thumbnail","hentry","category-consejos","tag-empleados","tag-motivacion"],"yoast_head":"<!-- This site is optimized with the Yoast SEO plugin v26.1.1 - https:\/\/yoast.com\/wordpress\/plugins\/seo\/ -->\n<title>Cesta de Navidad para cuidar a tus empleados: \u00bfs\u00ed o no? | HRTRENDS<\/title>\n<meta name=\"description\" content=\"La cesta de Navidad sigue siendo un regalo esperado por tus empleados sinti\u00e9ndose especiales y valorados. Te contamos m\u00e1s acerca de este obsequio navide\u00f1o.\u00a0\" \/>\n<meta name=\"robots\" content=\"index, follow, max-snippet:-1, max-image-preview:large, max-video-preview:-1\" \/>\n<link rel=\"canonical\" href=\"https:\/\/empresas.infoempleo.com\/hrtrends\/cesta-navidad-empleados\/\" \/>\n<meta property=\"og:locale\" content=\"es_ES\" \/>\n<meta property=\"og:type\" content=\"article\" \/>\n<meta property=\"og:title\" content=\"Cesta de Navidad para cuidar a tus empleados: \u00bfs\u00ed o no? | HRTRENDS\" \/>\n<meta property=\"og:description\" content=\"La cesta de Navidad sigue siendo un regalo esperado por tus empleados sinti\u00e9ndose especiales y valorados. Te contamos m\u00e1s acerca de este obsequio navide\u00f1o.\u00a0\" \/>\n<meta property=\"og:url\" content=\"https:\/\/empresas.infoempleo.com\/hrtrends\/cesta-navidad-empleados\/\" \/>\n<meta property=\"og:site_name\" content=\"HRTRENDS\" \/>\n<meta property=\"article:publisher\" content=\"https:\/\/www.facebook.com\/Infoempleo\" \/>\n<meta property=\"article:published_time\" content=\"2017-12-18T06:00:54+00:00\" \/>\n<meta property=\"article:modified_time\" content=\"2018-05-23T14:39:47+00:00\" \/>\n<meta property=\"og:image\" content=\"https:\/\/empresas.infoempleo.com\/hrtrends\/media\/2017\/12\/Cesta-de-Navidad.jpg\" \/>\n\t<meta property=\"og:image:width\" content=\"1140\" \/>\n\t<meta property=\"og:image:height\" content=\"760\" \/>\n\t<meta property=\"og:image:type\" content=\"image\/jpeg\" \/>\n<meta name=\"author\" content=\"infoempleo\" \/>\n<meta name=\"twitter:card\" content=\"summary_large_image\" \/>\n<meta name=\"twitter:creator\" content=\"@infoempleo\" \/>\n<meta name=\"twitter:site\" content=\"@infoempleo\" \/>\n<meta name=\"twitter:label1\" content=\"Escrito por\" \/>\n\t<meta name=\"twitter:data1\" content=\"infoempleo\" \/>\n\t<meta name=\"twitter:label2\" content=\"Tiempo de lectura\" \/>\n\t<meta name=\"twitter:data2\" content=\"4 minutos\" \/>\n<script type=\"application\/ld+json\" class=\"yoast-schema-graph\">{\"@context\":\"https:\/\/schema.org\",\"@graph\":[{\"@type\":\"NewsArticle\",\"@id\":\"https:\/\/empresas.infoempleo.com\/hrtrends\/cesta-navidad-empleados\/#article\",\"isPartOf\":{\"@id\":\"https:\/\/empresas.infoempleo.com\/hrtrends\/cesta-navidad-empleados\/\"},\"author\":{\"name\":\"infoempleo\",\"@id\":\"https:\/\/empresas.infoempleo.com\/hrtrends\/#\/schema\/person\/67d3e276ffcc8b3ae0ebec816daf775a\"},\"headline\":\"Cesta de Navidad para cuidar a tus empleados: \u00bfs\u00ed o no?\",\"datePublished\":\"2017-12-18T06:00:54+00:00\",\"dateModified\":\"2018-05-23T14:39:47+00:00\",\"mainEntityOfPage\":{\"@id\":\"https:\/\/empresas.infoempleo.com\/hrtrends\/cesta-navidad-empleados\/\"},\"wordCount\":843,\"publisher\":{\"@id\":\"https:\/\/empresas.infoempleo.com\/hrtrends\/#organization\"},\"image\":{\"@id\":\"https:\/\/empresas.infoempleo.com\/hrtrends\/cesta-navidad-empleados\/#primaryimage\"},\"thumbnailUrl\":\"https:\/\/empresas.infoempleo.com\/hrtrends\/media\/2017\/12\/Cesta-de-Navidad.jpg\",\"keywords\":[\"empleados\",\"motivaci\u00f3n\"],\"articleSection\":[\"Consejos\"],\"inLanguage\":\"es\",\"copyrightYear\":\"2017\",\"copyrightHolder\":{\"@id\":\"https:\/\/empresas.infoempleo.com\/hrtrends\/#organization\"}},{\"@type\":\"WebPage\",\"@id\":\"https:\/\/empresas.infoempleo.com\/hrtrends\/cesta-navidad-empleados\/\",\"url\":\"https:\/\/empresas.infoempleo.com\/hrtrends\/cesta-navidad-empleados\/\",\"name\":\"Cesta de Navidad para cuidar a tus empleados: \u00bfs\u00ed o no? | HRTRENDS\",\"isPartOf\":{\"@id\":\"https:\/\/empresas.infoempleo.com\/hrtrends\/#website\"},\"primaryImageOfPage\":{\"@id\":\"https:\/\/empresas.infoempleo.com\/hrtrends\/cesta-navidad-empleados\/#primaryimage\"},\"image\":{\"@id\":\"https:\/\/empresas.infoempleo.com\/hrtrends\/cesta-navidad-empleados\/#primaryimage\"},\"thumbnailUrl\":\"https:\/\/empresas.infoempleo.com\/hrtrends\/media\/2017\/12\/Cesta-de-Navidad.jpg\",\"datePublished\":\"2017-12-18T06:00:54+00:00\",\"dateModified\":\"2018-05-23T14:39:47+00:00\",\"description\":\"La cesta de Navidad sigue siendo un regalo esperado por tus empleados sinti\u00e9ndose especiales y valorados. Te contamos m\u00e1s acerca de este obsequio navide\u00f1o.\u00a0\",\"breadcrumb\":{\"@id\":\"https:\/\/empresas.infoempleo.com\/hrtrends\/cesta-navidad-empleados\/#breadcrumb\"},\"inLanguage\":\"es\",\"potentialAction\":[{\"@type\":\"ReadAction\",\"target\":[\"https:\/\/empresas.infoempleo.com\/hrtrends\/cesta-navidad-empleados\/\"]}]},{\"@type\":\"ImageObject\",\"inLanguage\":\"es\",\"@id\":\"https:\/\/empresas.infoempleo.com\/hrtrends\/cesta-navidad-empleados\/#primaryimage\",\"url\":\"https:\/\/empresas.infoempleo.com\/hrtrends\/media\/2017\/12\/Cesta-de-Navidad-150x150.jpg\",\"contentUrl\":\"https:\/\/empresas.infoempleo.com\/hrtrends\/media\/2017\/12\/Cesta-de-Navidad-150x150.jpg\",\"width\":150,\"height\":150,\"caption\":\"Qu\u00e9 regalar a los empleados\"},{\"@type\":\"BreadcrumbList\",\"@id\":\"https:\/\/empresas.infoempleo.com\/hrtrends\/cesta-navidad-empleados\/#breadcrumb\",\"itemListElement\":[{\"@type\":\"ListItem\",\"position\":1,\"name\":\"Portada\",\"item\":\"https:\/\/empresas.infoempleo.com\/hrtrends\/\"},{\"@type\":\"ListItem\",\"position\":2,\"name\":\"Cesta de Navidad para cuidar a tus empleados: \u00bfs\u00ed o no?\"}]},{\"@type\":\"WebSite\",\"@id\":\"https:\/\/empresas.infoempleo.com\/hrtrends\/#website\",\"url\":\"https:\/\/empresas.infoempleo.com\/hrtrends\",\"name\":\"HRTrends by Infoempleo\",\"description\":\"\",\"publisher\":{\"@id\":\"https:\/\/empresas.infoempleo.com\/hrtrends\/#organization\"},\"potentialAction\":{\"@type\":\"SearchAction\",\"target\":\"https:\/\/empresas.infoempleo.com\/hrtrends\/?s={search_term_string}\",\"query-input\":\"required name=search_term_string\"},\"inLanguage\":\"es\"},{\"@type\":\"Organization\",\"@id\":\"https:\/\/empresas.infoempleo.com\/hrtrends\/#organization\",\"name\":\"Infoempleo\",\"url\":\"https:\/\/www.infoempleo.com\/\",\"logo\":{\"@type\":\"ImageObject\",\"@id\":\"https:\/\/empresas.infoempleo.com\/hrtrends\/#logo\",\"inLanguage\":\"es\",\"url\":\"https:\/\/cdnazure.infoempleo.com\/infoempleo\/assets\/style\/gfx\/logo.svg\",\"contentUrl\":\"https:\/\/cdnazure.infoempleo.com\/infoempleo\/assets\/style\/gfx\/logo.svg\",\"width\":150,\"height\":40,\"caption\":\"Infoempleo\"},\"image\":{\"@id\":\"https:\/\/empresas.infoempleo.com\/hrtrends\/#logo\"},\"sameAs\":[\"https:\/\/www.facebook.com\/Infoempleo\",\"https:\/\/x.com\/infoempleo\",\"http:\/\/instagram.com\/infoempleo\/\",\"http:\/\/www.linkedin.com\/groups\/Empleo-Espa\u00f1a-Infoempleocom-111276\",\"http:\/\/pinterest.com\/infoempleo\/\"],\"address\":{\"@type\":\"PostalAddress\",\"addressLocality\":\"Madrid\",\"postalCode\":\"28050\",\"streetAddress\":\"Avenida de Burgos 114\"},\"brand\":[\"Infoempleo\"]},{\"@type\":\"Person\",\"@id\":\"https:\/\/empresas.infoempleo.com\/hrtrends\/#\/schema\/person\/67d3e276ffcc8b3ae0ebec816daf775a\",\"name\":\"infoempleo\",\"image\":{\"@type\":\"ImageObject\",\"inLanguage\":\"es\",\"@id\":\"https:\/\/empresas.infoempleo.com\/hrtrends\/#\/schema\/person\/image\/\",\"url\":\"https:\/\/secure.gravatar.com\/avatar\/7b437777242fe67d2473c2a818da2344692d1ee91e91080ccffbd97bcd4a0975?s=96&d=mm&r=g\",\"contentUrl\":\"https:\/\/secure.gravatar.com\/avatar\/7b437777242fe67d2473c2a818da2344692d1ee91e91080ccffbd97bcd4a0975?s=96&d=mm&r=g\",\"caption\":\"infoempleo\"},\"url\":\"https:\/\/empresas.infoempleo.com\/hrtrends\/author\/infoempleo\/\"}]}<\/script>\n<!-- \/ Yoast SEO plugin. -->","yoast_head_json":{"title":"Cesta de Navidad para cuidar a tus empleados: \u00bfs\u00ed o no? | HRTRENDS","description":"La cesta de Navidad sigue siendo un regalo esperado por tus empleados sinti\u00e9ndose especiales y valorados. Te contamos m\u00e1s acerca de este obsequio navide\u00f1o.\u00a0","robots":{"index":"index","follow":"follow","max-snippet":"max-snippet:-1","max-image-preview":"max-image-preview:large","max-video-preview":"max-video-preview:-1"},"canonical":"https:\/\/empresas.infoempleo.com\/hrtrends\/cesta-navidad-empleados\/","og_locale":"es_ES","og_type":"article","og_title":"Cesta de Navidad para cuidar a tus empleados: \u00bfs\u00ed o no? | HRTRENDS","og_description":"La cesta de Navidad sigue siendo un regalo esperado por tus empleados sinti\u00e9ndose especiales y valorados. Te contamos m\u00e1s acerca de este obsequio navide\u00f1o.\u00a0","og_url":"https:\/\/empresas.infoempleo.com\/hrtrends\/cesta-navidad-empleados\/","og_site_name":"HRTRENDS","article_publisher":"https:\/\/www.facebook.com\/Infoempleo","article_published_time":"2017-12-18T06:00:54+00:00","article_modified_time":"2018-05-23T14:39:47+00:00","og_image":[{"width":1140,"height":760,"url":"https:\/\/empresas.infoempleo.com\/hrtrends\/media\/2017\/12\/Cesta-de-Navidad.jpg","type":"image\/jpeg"}],"author":"infoempleo","twitter_card":"summary_large_image","twitter_creator":"@infoempleo","twitter_site":"@infoempleo","twitter_misc":{"Escrito por":"infoempleo","Tiempo de lectura":"4 minutos"},"schema":{"@context":"https:\/\/schema.org","@graph":[{"@type":"NewsArticle","@id":"https:\/\/empresas.infoempleo.com\/hrtrends\/cesta-navidad-empleados\/#article","isPartOf":{"@id":"https:\/\/empresas.infoempleo.com\/hrtrends\/cesta-navidad-empleados\/"},"author":{"name":"infoempleo","@id":"https:\/\/empresas.infoempleo.com\/hrtrends\/#\/schema\/person\/67d3e276ffcc8b3ae0ebec816daf775a"},"headline":"Cesta de Navidad para cuidar a tus empleados: \u00bfs\u00ed o no?","datePublished":"2017-12-18T06:00:54+00:00","dateModified":"2018-05-23T14:39:47+00:00","mainEntityOfPage":{"@id":"https:\/\/empresas.infoempleo.com\/hrtrends\/cesta-navidad-empleados\/"},"wordCount":843,"publisher":{"@id":"https:\/\/empresas.infoempleo.com\/hrtrends\/#organization"},"image":{"@id":"https:\/\/empresas.infoempleo.com\/hrtrends\/cesta-navidad-empleados\/#primaryimage"},"thumbnailUrl":"https:\/\/empresas.infoempleo.com\/hrtrends\/media\/2017\/12\/Cesta-de-Navidad.jpg","keywords":["empleados","motivaci\u00f3n"],"articleSection":["Consejos"],"inLanguage":"es","copyrightYear":"2017","copyrightHolder":{"@id":"https:\/\/empresas.infoempleo.com\/hrtrends\/#organization"}},{"@type":"WebPage","@id":"https:\/\/empresas.infoempleo.com\/hrtrends\/cesta-navidad-empleados\/","url":"https:\/\/empresas.infoempleo.com\/hrtrends\/cesta-navidad-empleados\/","name":"Cesta de Navidad para cuidar a tus empleados: \u00bfs\u00ed o no? | HRTRENDS","isPartOf":{"@id":"https:\/\/empresas.infoempleo.com\/hrtrends\/#website"},"primaryImageOfPage":{"@id":"https:\/\/empresas.infoempleo.com\/hrtrends\/cesta-navidad-empleados\/#primaryimage"},"image":{"@id":"https:\/\/empresas.infoempleo.com\/hrtrends\/cesta-navidad-empleados\/#primaryimage"},"thumbnailUrl":"https:\/\/empresas.infoempleo.com\/hrtrends\/media\/2017\/12\/Cesta-de-Navidad.jpg","datePublished":"2017-12-18T06:00:54+00:00","dateModified":"2018-05-23T14:39:47+00:00","description":"La cesta de Navidad sigue siendo un regalo esperado por tus empleados sinti\u00e9ndose especiales y valorados. Te contamos m\u00e1s acerca de este obsequio navide\u00f1o.\u00a0","breadcrumb":{"@id":"https:\/\/empresas.infoempleo.com\/hrtrends\/cesta-navidad-empleados\/#breadcrumb"},"inLanguage":"es","potentialAction":[{"@type":"ReadAction","target":["https:\/\/empresas.infoempleo.com\/hrtrends\/cesta-navidad-empleados\/"]}]},{"@type":"ImageObject","inLanguage":"es","@id":"https:\/\/empresas.infoempleo.com\/hrtrends\/cesta-navidad-empleados\/#primaryimage","url":"https:\/\/empresas.infoempleo.com\/hrtrends\/media\/2017\/12\/Cesta-de-Navidad-150x150.jpg","contentUrl":"https:\/\/empresas.infoempleo.com\/hrtrends\/media\/2017\/12\/Cesta-de-Navidad-150x150.jpg","width":150,"height":150,"caption":"Qu\u00e9 regalar a los empleados"},{"@type":"BreadcrumbList","@id":"https:\/\/empresas.infoempleo.com\/hrtrends\/cesta-navidad-empleados\/#breadcrumb","itemListElement":[{"@type":"ListItem","position":1,"name":"Portada","item":"https:\/\/empresas.infoempleo.com\/hrtrends\/"},{"@type":"ListItem","position":2,"name":"Cesta de Navidad para cuidar a tus empleados: \u00bfs\u00ed o no?"}]},{"@type":"WebSite","@id":"https:\/\/empresas.infoempleo.com\/hrtrends\/#website","url":"https:\/\/empresas.infoempleo.com\/hrtrends","name":"HRTrends by Infoempleo","description":"","publisher":{"@id":"https:\/\/empresas.infoempleo.com\/hrtrends\/#organization"},"potentialAction":{"@type":"SearchAction","target":"https:\/\/empresas.infoempleo.com\/hrtrends\/?s={search_term_string}","query-input":"required name=search_term_string"},"inLanguage":"es"},{"@type":"Organization","@id":"https:\/\/empresas.infoempleo.com\/hrtrends\/#organization","name":"Infoempleo","url":"https:\/\/www.infoempleo.com\/","logo":{"@type":"ImageObject","@id":"https:\/\/empresas.infoempleo.com\/hrtrends\/#logo","inLanguage":"es","url":"https:\/\/cdnazure.infoempleo.com\/infoempleo\/assets\/style\/gfx\/logo.svg","contentUrl":"https:\/\/cdnazure.infoempleo.com\/infoempleo\/assets\/style\/gfx\/logo.svg","width":150,"height":40,"caption":"Infoempleo"},"image":{"@id":"https:\/\/empresas.infoempleo.com\/hrtrends\/#logo"},"sameAs":["https:\/\/www.facebook.com\/Infoempleo","https:\/\/x.com\/infoempleo","http:\/\/instagram.com\/infoempleo\/","http:\/\/www.linkedin.com\/groups\/Empleo-Espa\u00f1a-Infoempleocom-111276","http:\/\/pinterest.com\/infoempleo\/"],"address":{"@type":"PostalAddress","addressLocality":"Madrid","postalCode":"28050","streetAddress":"Avenida de Burgos 114"},"brand":["Infoempleo"]},{"@type":"Person","@id":"https:\/\/empresas.infoempleo.com\/hrtrends\/#\/schema\/person\/67d3e276ffcc8b3ae0ebec816daf775a","name":"infoempleo","image":{"@type":"ImageObject","inLanguage":"es","@id":"https:\/\/empresas.infoempleo.com\/hrtrends\/#\/schema\/person\/image\/","url":"https:\/\/secure.gravatar.com\/avatar\/7b437777242fe67d2473c2a818da2344692d1ee91e91080ccffbd97bcd4a0975?s=96&d=mm&r=g","contentUrl":"https:\/\/secure.gravatar.com\/avatar\/7b437777242fe67d2473c2a818da2344692d1ee91e91080ccffbd97bcd4a0975?s=96&d=mm&r=g","caption":"infoempleo"},"url":"https:\/\/empresas.infoempleo.com\/hrtrends\/author\/infoempleo\/"}]}},"amp_enabled":true,"_links":{"self":[{"href":"https:\/\/empresas.infoempleo.com\/hrtrends\/wp-json\/wp\/v2\/posts\/31698","targetHints":{"allow":["GET"]}}],"collection":[{"href":"https:\/\/empresas.infoempleo.com\/hrtrends\/wp-json\/wp\/v2\/posts"}],"about":[{"href":"https:\/\/empresas.infoempleo.com\/hrtrends\/wp-json\/wp\/v2\/types\/post"}],"author":[{"embeddable":true,"href":"https:\/\/empresas.infoempleo.com\/hrtrends\/wp-json\/wp\/v2\/users\/72"}],"replies":[{"embeddable":true,"href":"https:\/\/empresas.infoempleo.com\/hrtrends\/wp-json\/wp\/v2\/comments?post=31698"}],"version-history":[{"count":0,"href":"https:\/\/empresas.infoempleo.com\/hrtrends\/wp-json\/wp\/v2\/posts\/31698\/revisions"}],"wp:featuredmedia":[{"embeddable":true,"href":"https:\/\/empresas.infoempleo.com\/hrtrends\/wp-json\/wp\/v2\/media\/31699"}],"wp:attachment":[{"href":"https:\/\/empresas.infoempleo.com\/hrtrends\/wp-json\/wp\/v2\/media?parent=31698"}],"wp:term":[{"taxonomy":"category","embeddable":true,"href":"https:\/\/empresas.infoempleo.com\/hrtrends\/wp-json\/wp\/v2\/categories?post=31698"},{"taxonomy":"post_tag","embeddable":true,"href":"https:\/\/empresas.infoempleo.com\/hrtrends\/wp-json\/wp\/v2\/tags?post=31698"}],"curies":[{"name":"wp","href":"https:\/\/api.w.org\/{rel}","templated":true}]}}