{"id":3167,"date":"2013-05-09T09:00:09","date_gmt":"2013-05-09T07:00:09","guid":{"rendered":"http:\/\/blog.infoempleo.com\/?p=3167"},"modified":"2023-03-13T19:30:50","modified_gmt":"2023-03-13T17:30:50","slug":"oficinas-cool","status":"publish","type":"post","link":"https:\/\/empresas.infoempleo.com\/hrtrends\/oficinas-cool\/","title":{"rendered":"Oficinas cool"},"content":{"rendered":"<p dir=\"ltr\">Ni sillas aburridas, ni flexos y muchos menos esos paneles separadores grises de quita y pon. Las oficinas tambi\u00e9n pueden ser espacios de trabajo inspiradores donde se mezcle innovaci\u00f3n y dise\u00f1o para crear un ambiente en el que los empleados se sientan c\u00f3modos. Muchas compa\u00f1\u00edas, como Google o Pixar, est\u00e1n apostando por este tipo de oficinas cool donde ir a trabajar &#8216;mola&#8217;.<\/p>\n<p dir=\"ltr\"><!--more--><\/p>\n<p dir=\"ltr\">Ser productivo es m\u00e1s f\u00e1cil si te encuentras en un ambiente alegre, colorido, luminoso y divertido; mucho m\u00e1s que en uno gris, lineal y aburrido. Porque, \u00bfqui\u00e9n no quiere ir a trabajar a un oficina con sof\u00e1s, un futbol\u00edn para desestresarte o un tobog\u00e1n para ir de planta en planta?<\/p>\n<p dir=\"ltr\">En realidad es un plan retorcido, una trampa para que trabajemos m\u00e1s horas sin emitir queja alguna pero es, al mismo tiempo, una idea brillante. De este modo, los trabajadores se pegan el madrug\u00f3n pero van m\u00e1s motivados al trabajo y a la hora de irse a casa\u2026 \u00bfpara qu\u00e9, si all\u00ed est\u00e1s a gusto tumbado en la hamaca de una terraza revisando alg\u00fan documento? La implicaci\u00f3n del personal depende, en gran medida, del entorno de trabajo y la decoraci\u00f3n puede ser un factor clave en el \u00e9xito de la empresa.<\/p>\n<p dir=\"ltr\">\n<p dir=\"ltr\">En esto de las oficinas cool las empresas de tecnolog\u00eda y publicidad son las reinas. En lo alto de la lista se encuentra Google, uno de los pioneros, donde los trabajadores se tiran horas en un edificio colorido con toboganes y mesas de billar. En las oficinas de Nueva York trabajan unos 700 empleados a los que les recibe, cada d\u00eda, un oso hinchable que merodea por recibidor con un cartel que recuerda a los empleados el lema de la empresa \u201cDon\u2019t be evil\u201d (no seas malo). Tambi\u00e9n disponen de sillas de masaje japon\u00e9s, aparcamientos de patinetes en los pasillos y una habitaci\u00f3n dedicada al Lego.<\/p>\n<p dir=\"ltr\">Espiando un poco m\u00e1s, otra de esas oficinas guays es la de Adobe en el sur de Salt Lake City, en Estados Unidos, donde trabajan m\u00e1s de mil empleados. Todo el edificio es una muestra del esp\u00edritu innovador y creativo de Adobe; por eso, cuentan con una cancha de baloncesto para ir \u00a0hacer unos mates de vez en cuando, con un gimnasio y una sala de juegos para pasar el rato.<\/p>\n<p dir=\"ltr\">\n<p dir=\"ltr\">Para idear pel\u00edculas tan espectaculares como <em>Toy Story<\/em> o <em>Bichos<\/em>, se necesitan buenas dosis de creatividad y esa ha sido siempre la pol\u00edtica de Pixar a la hora de crear espacios de trabajo. En sus oficinas de Emeryville, en California, existen amplios jardines y plazas donde sus empleados pueden descansar y tomar el aire. En el interior no es raro tropezarse con la imagen de alg\u00fan personaje de Pixar o con alguna clase de yoga, nataci\u00f3n u origami.<\/p>\n<p dir=\"ltr\">La empresa del toro rojo, Reb Bull, apuesta por espacios amplios, techos altos, salones para grupos y enormes pantallas para sus oficinas en Londres. Para la compa\u00f1\u00eda es fundamental contar con instalaciones que motiven a sus trabajadores por eso los colores que prodominan son vivos y variados: blanco, negro, plateado y, por supuesto, rojo.<\/p>\n<p>\u00bfQui\u00e9n no quiere ir a trabajar a una oficina as\u00ed?<\/p>\n<p><em>Foto de portada: <a href=\"https:\/\/www.flickr.com\/photos\/edbierman\/4990128932\/\" target=\"_blank\" rel=\"noopener\">Ed Bierman<\/a> (Flickr) con licencia CC<\/em><\/p>\n<p><em>Foto interior horizontal: <a href=\"https:\/\/www.flickr.com\/photos\/35034363287@N01\/4249731778\/\" target=\"_blank\" rel=\"noopener\">Robert Scoble<\/a> (Flickr) con licencia CC<\/em><\/p>\n<p><em>Foto interior vertical: <a href=\"https:\/\/www.flickr.com\/photos\/mathewingram\/3096420097\/in\/photostream\/\" target=\"_blank\" rel=\"noopener\">mathewingram<\/a> (Flickr) con licnecia CC<\/em><\/p>\n","protected":false},"excerpt":{"rendered":"<p>Ni sillas aburridas, ni flexos y muchos menos esos paneles separadores grises de quita y pon. Las oficinas<a class=\"moretag\" href=\"https:\/\/empresas.infoempleo.com\/hrtrends\/oficinas-cool\/\"> Leer m\u00e1s<\/a><\/p>\n","protected":false},"author":13,"featured_media":29613,"comment_status":"closed","ping_status":"open","sticky":false,"template":"","format":"standard","meta":{"footnotes":""},"categories":[3],"tags":[440,25,441,442],"class_list":["post-3167","post","type-post","status-publish","format-standard","has-post-thumbnail","hentry","category-actualidad","tag-diseno","tag-google","tag-pixar","tag-red-bull"],"yoast_head":"<!-- This site is optimized with the Yoast SEO plugin v26.1.1 - https:\/\/yoast.com\/wordpress\/plugins\/seo\/ -->\n<title>Oficinas cool | HRTRENDS<\/title>\n<meta name=\"robots\" content=\"index, follow, max-snippet:-1, max-image-preview:large, max-video-preview:-1\" \/>\n<link rel=\"canonical\" href=\"https:\/\/empresas.infoempleo.com\/hrtrends\/oficinas-cool\/\" \/>\n<meta property=\"og:locale\" content=\"es_ES\" \/>\n<meta property=\"og:type\" content=\"article\" \/>\n<meta property=\"og:title\" content=\"Oficinas cool | HRTRENDS\" \/>\n<meta property=\"og:description\" content=\"Ni sillas aburridas, ni flexos y muchos menos esos paneles separadores grises de quita y pon. Las oficinas Leer m\u00e1s\" \/>\n<meta property=\"og:url\" content=\"https:\/\/empresas.infoempleo.com\/hrtrends\/oficinas-cool\/\" \/>\n<meta property=\"og:site_name\" content=\"HRTRENDS\" \/>\n<meta property=\"article:publisher\" content=\"https:\/\/www.facebook.com\/Infoempleo\" \/>\n<meta property=\"article:published_time\" content=\"2013-05-09T07:00:09+00:00\" \/>\n<meta property=\"article:modified_time\" content=\"2023-03-13T17:30:50+00:00\" \/>\n<meta property=\"og:image\" content=\"https:\/\/empresas.infoempleo.com\/hrtrends\/media\/2013\/05\/oficinas-cool.jpeg\" \/>\n\t<meta property=\"og:image:width\" content=\"1140\" \/>\n\t<meta property=\"og:image:height\" content=\"641\" \/>\n\t<meta property=\"og:image:type\" content=\"image\/jpeg\" \/>\n<meta name=\"author\" content=\"Eva\" \/>\n<meta name=\"twitter:card\" content=\"summary_large_image\" \/>\n<meta name=\"twitter:creator\" content=\"@infoempleo\" \/>\n<meta name=\"twitter:site\" content=\"@infoempleo\" \/>\n<meta name=\"twitter:label1\" content=\"Escrito por\" \/>\n\t<meta name=\"twitter:data1\" content=\"Eva\" \/>\n\t<meta name=\"twitter:label2\" content=\"Tiempo de lectura\" \/>\n\t<meta name=\"twitter:data2\" content=\"3 minutos\" \/>\n<script type=\"application\/ld+json\" class=\"yoast-schema-graph\">{\"@context\":\"https:\/\/schema.org\",\"@graph\":[{\"@type\":\"NewsArticle\",\"@id\":\"https:\/\/empresas.infoempleo.com\/hrtrends\/oficinas-cool\/#article\",\"isPartOf\":{\"@id\":\"https:\/\/empresas.infoempleo.com\/hrtrends\/oficinas-cool\/\"},\"author\":{\"name\":\"Eva\",\"@id\":\"https:\/\/empresas.infoempleo.com\/hrtrends\/#\/schema\/person\/f4c834a91c343f43810912453f28ffab\"},\"headline\":\"Oficinas cool\",\"datePublished\":\"2013-05-09T07:00:09+00:00\",\"dateModified\":\"2023-03-13T17:30:50+00:00\",\"mainEntityOfPage\":{\"@id\":\"https:\/\/empresas.infoempleo.com\/hrtrends\/oficinas-cool\/\"},\"wordCount\":584,\"publisher\":{\"@id\":\"https:\/\/empresas.infoempleo.com\/hrtrends\/#organization\"},\"image\":{\"@id\":\"https:\/\/empresas.infoempleo.com\/hrtrends\/oficinas-cool\/#primaryimage\"},\"thumbnailUrl\":\"https:\/\/empresas.infoempleo.com\/hrtrends\/media\/2013\/05\/oficinas-cool.jpeg\",\"keywords\":[\"dise\u00f1o\",\"Google\",\"Pixar\",\"Red Bull\"],\"articleSection\":[\"Actualidad\"],\"inLanguage\":\"es\",\"copyrightYear\":\"2013\",\"copyrightHolder\":{\"@id\":\"https:\/\/empresas.infoempleo.com\/hrtrends\/#organization\"}},{\"@type\":\"WebPage\",\"@id\":\"https:\/\/empresas.infoempleo.com\/hrtrends\/oficinas-cool\/\",\"url\":\"https:\/\/empresas.infoempleo.com\/hrtrends\/oficinas-cool\/\",\"name\":\"Oficinas cool | HRTRENDS\",\"isPartOf\":{\"@id\":\"https:\/\/empresas.infoempleo.com\/hrtrends\/#website\"},\"primaryImageOfPage\":{\"@id\":\"https:\/\/empresas.infoempleo.com\/hrtrends\/oficinas-cool\/#primaryimage\"},\"image\":{\"@id\":\"https:\/\/empresas.infoempleo.com\/hrtrends\/oficinas-cool\/#primaryimage\"},\"thumbnailUrl\":\"https:\/\/empresas.infoempleo.com\/hrtrends\/media\/2013\/05\/oficinas-cool.jpeg\",\"datePublished\":\"2013-05-09T07:00:09+00:00\",\"dateModified\":\"2023-03-13T17:30:50+00:00\",\"breadcrumb\":{\"@id\":\"https:\/\/empresas.infoempleo.com\/hrtrends\/oficinas-cool\/#breadcrumb\"},\"inLanguage\":\"es\",\"potentialAction\":[{\"@type\":\"ReadAction\",\"target\":[\"https:\/\/empresas.infoempleo.com\/hrtrends\/oficinas-cool\/\"]}]},{\"@type\":\"ImageObject\",\"inLanguage\":\"es\",\"@id\":\"https:\/\/empresas.infoempleo.com\/hrtrends\/oficinas-cool\/#primaryimage\",\"url\":\"https:\/\/empresas.infoempleo.com\/hrtrends\/media\/2013\/05\/oficinas-cool-150x150.jpeg\",\"contentUrl\":\"https:\/\/empresas.infoempleo.com\/hrtrends\/media\/2013\/05\/oficinas-cool-150x150.jpeg\",\"width\":150,\"height\":150,\"caption\":\"Mejores oficinas para trabajar\"},{\"@type\":\"BreadcrumbList\",\"@id\":\"https:\/\/empresas.infoempleo.com\/hrtrends\/oficinas-cool\/#breadcrumb\",\"itemListElement\":[{\"@type\":\"ListItem\",\"position\":1,\"name\":\"Portada\",\"item\":\"https:\/\/empresas.infoempleo.com\/hrtrends\/\"},{\"@type\":\"ListItem\",\"position\":2,\"name\":\"Oficinas cool\"}]},{\"@type\":\"WebSite\",\"@id\":\"https:\/\/empresas.infoempleo.com\/hrtrends\/#website\",\"url\":\"https:\/\/empresas.infoempleo.com\/hrtrends\",\"name\":\"HRTrends by Infoempleo\",\"description\":\"\",\"publisher\":{\"@id\":\"https:\/\/empresas.infoempleo.com\/hrtrends\/#organization\"},\"potentialAction\":{\"@type\":\"SearchAction\",\"target\":\"https:\/\/empresas.infoempleo.com\/hrtrends\/?s={search_term_string}\",\"query-input\":\"required name=search_term_string\"},\"inLanguage\":\"es\"},{\"@type\":\"Organization\",\"@id\":\"https:\/\/empresas.infoempleo.com\/hrtrends\/#organization\",\"name\":\"Infoempleo\",\"url\":\"https:\/\/www.infoempleo.com\/\",\"logo\":{\"@type\":\"ImageObject\",\"@id\":\"https:\/\/empresas.infoempleo.com\/hrtrends\/#logo\",\"inLanguage\":\"es\",\"url\":\"https:\/\/cdnazure.infoempleo.com\/infoempleo\/assets\/style\/gfx\/logo.svg\",\"contentUrl\":\"https:\/\/cdnazure.infoempleo.com\/infoempleo\/assets\/style\/gfx\/logo.svg\",\"width\":150,\"height\":40,\"caption\":\"Infoempleo\"},\"image\":{\"@id\":\"https:\/\/empresas.infoempleo.com\/hrtrends\/#logo\"},\"sameAs\":[\"https:\/\/www.facebook.com\/Infoempleo\",\"https:\/\/x.com\/infoempleo\",\"http:\/\/instagram.com\/infoempleo\/\",\"http:\/\/www.linkedin.com\/groups\/Empleo-Espa\u00f1a-Infoempleocom-111276\",\"http:\/\/pinterest.com\/infoempleo\/\"],\"address\":{\"@type\":\"PostalAddress\",\"addressLocality\":\"Madrid\",\"postalCode\":\"28050\",\"streetAddress\":\"Avenida de Burgos 114\"},\"brand\":[\"Infoempleo\"]},{\"@type\":\"Person\",\"@id\":\"https:\/\/empresas.infoempleo.com\/hrtrends\/#\/schema\/person\/f4c834a91c343f43810912453f28ffab\",\"name\":\"Eva\",\"image\":{\"@type\":\"ImageObject\",\"inLanguage\":\"es\",\"@id\":\"https:\/\/empresas.infoempleo.com\/hrtrends\/#\/schema\/person\/image\/\",\"url\":\"https:\/\/secure.gravatar.com\/avatar\/5b567308aaebe38d9fc9a9fcb7216ab76b505b019a88494b7476927f59d0f43d?s=96&d=mm&r=g\",\"contentUrl\":\"https:\/\/secure.gravatar.com\/avatar\/5b567308aaebe38d9fc9a9fcb7216ab76b505b019a88494b7476927f59d0f43d?s=96&d=mm&r=g\",\"caption\":\"Eva\"},\"url\":\"https:\/\/empresas.infoempleo.com\/hrtrends\/author\/eva\/\"}]}<\/script>\n<!-- \/ Yoast SEO plugin. -->","yoast_head_json":{"title":"Oficinas cool | HRTRENDS","robots":{"index":"index","follow":"follow","max-snippet":"max-snippet:-1","max-image-preview":"max-image-preview:large","max-video-preview":"max-video-preview:-1"},"canonical":"https:\/\/empresas.infoempleo.com\/hrtrends\/oficinas-cool\/","og_locale":"es_ES","og_type":"article","og_title":"Oficinas cool | HRTRENDS","og_description":"Ni sillas aburridas, ni flexos y muchos menos esos paneles separadores grises de quita y pon. Las oficinas Leer m\u00e1s","og_url":"https:\/\/empresas.infoempleo.com\/hrtrends\/oficinas-cool\/","og_site_name":"HRTRENDS","article_publisher":"https:\/\/www.facebook.com\/Infoempleo","article_published_time":"2013-05-09T07:00:09+00:00","article_modified_time":"2023-03-13T17:30:50+00:00","og_image":[{"width":1140,"height":641,"url":"https:\/\/empresas.infoempleo.com\/hrtrends\/media\/2013\/05\/oficinas-cool.jpeg","type":"image\/jpeg"}],"author":"Eva","twitter_card":"summary_large_image","twitter_creator":"@infoempleo","twitter_site":"@infoempleo","twitter_misc":{"Escrito por":"Eva","Tiempo de lectura":"3 minutos"},"schema":{"@context":"https:\/\/schema.org","@graph":[{"@type":"NewsArticle","@id":"https:\/\/empresas.infoempleo.com\/hrtrends\/oficinas-cool\/#article","isPartOf":{"@id":"https:\/\/empresas.infoempleo.com\/hrtrends\/oficinas-cool\/"},"author":{"name":"Eva","@id":"https:\/\/empresas.infoempleo.com\/hrtrends\/#\/schema\/person\/f4c834a91c343f43810912453f28ffab"},"headline":"Oficinas cool","datePublished":"2013-05-09T07:00:09+00:00","dateModified":"2023-03-13T17:30:50+00:00","mainEntityOfPage":{"@id":"https:\/\/empresas.infoempleo.com\/hrtrends\/oficinas-cool\/"},"wordCount":584,"publisher":{"@id":"https:\/\/empresas.infoempleo.com\/hrtrends\/#organization"},"image":{"@id":"https:\/\/empresas.infoempleo.com\/hrtrends\/oficinas-cool\/#primaryimage"},"thumbnailUrl":"https:\/\/empresas.infoempleo.com\/hrtrends\/media\/2013\/05\/oficinas-cool.jpeg","keywords":["dise\u00f1o","Google","Pixar","Red Bull"],"articleSection":["Actualidad"],"inLanguage":"es","copyrightYear":"2013","copyrightHolder":{"@id":"https:\/\/empresas.infoempleo.com\/hrtrends\/#organization"}},{"@type":"WebPage","@id":"https:\/\/empresas.infoempleo.com\/hrtrends\/oficinas-cool\/","url":"https:\/\/empresas.infoempleo.com\/hrtrends\/oficinas-cool\/","name":"Oficinas cool | HRTRENDS","isPartOf":{"@id":"https:\/\/empresas.infoempleo.com\/hrtrends\/#website"},"primaryImageOfPage":{"@id":"https:\/\/empresas.infoempleo.com\/hrtrends\/oficinas-cool\/#primaryimage"},"image":{"@id":"https:\/\/empresas.infoempleo.com\/hrtrends\/oficinas-cool\/#primaryimage"},"thumbnailUrl":"https:\/\/empresas.infoempleo.com\/hrtrends\/media\/2013\/05\/oficinas-cool.jpeg","datePublished":"2013-05-09T07:00:09+00:00","dateModified":"2023-03-13T17:30:50+00:00","breadcrumb":{"@id":"https:\/\/empresas.infoempleo.com\/hrtrends\/oficinas-cool\/#breadcrumb"},"inLanguage":"es","potentialAction":[{"@type":"ReadAction","target":["https:\/\/empresas.infoempleo.com\/hrtrends\/oficinas-cool\/"]}]},{"@type":"ImageObject","inLanguage":"es","@id":"https:\/\/empresas.infoempleo.com\/hrtrends\/oficinas-cool\/#primaryimage","url":"https:\/\/empresas.infoempleo.com\/hrtrends\/media\/2013\/05\/oficinas-cool-150x150.jpeg","contentUrl":"https:\/\/empresas.infoempleo.com\/hrtrends\/media\/2013\/05\/oficinas-cool-150x150.jpeg","width":150,"height":150,"caption":"Mejores oficinas para trabajar"},{"@type":"BreadcrumbList","@id":"https:\/\/empresas.infoempleo.com\/hrtrends\/oficinas-cool\/#breadcrumb","itemListElement":[{"@type":"ListItem","position":1,"name":"Portada","item":"https:\/\/empresas.infoempleo.com\/hrtrends\/"},{"@type":"ListItem","position":2,"name":"Oficinas cool"}]},{"@type":"WebSite","@id":"https:\/\/empresas.infoempleo.com\/hrtrends\/#website","url":"https:\/\/empresas.infoempleo.com\/hrtrends","name":"HRTrends by Infoempleo","description":"","publisher":{"@id":"https:\/\/empresas.infoempleo.com\/hrtrends\/#organization"},"potentialAction":{"@type":"SearchAction","target":"https:\/\/empresas.infoempleo.com\/hrtrends\/?s={search_term_string}","query-input":"required name=search_term_string"},"inLanguage":"es"},{"@type":"Organization","@id":"https:\/\/empresas.infoempleo.com\/hrtrends\/#organization","name":"Infoempleo","url":"https:\/\/www.infoempleo.com\/","logo":{"@type":"ImageObject","@id":"https:\/\/empresas.infoempleo.com\/hrtrends\/#logo","inLanguage":"es","url":"https:\/\/cdnazure.infoempleo.com\/infoempleo\/assets\/style\/gfx\/logo.svg","contentUrl":"https:\/\/cdnazure.infoempleo.com\/infoempleo\/assets\/style\/gfx\/logo.svg","width":150,"height":40,"caption":"Infoempleo"},"image":{"@id":"https:\/\/empresas.infoempleo.com\/hrtrends\/#logo"},"sameAs":["https:\/\/www.facebook.com\/Infoempleo","https:\/\/x.com\/infoempleo","http:\/\/instagram.com\/infoempleo\/","http:\/\/www.linkedin.com\/groups\/Empleo-Espa\u00f1a-Infoempleocom-111276","http:\/\/pinterest.com\/infoempleo\/"],"address":{"@type":"PostalAddress","addressLocality":"Madrid","postalCode":"28050","streetAddress":"Avenida de Burgos 114"},"brand":["Infoempleo"]},{"@type":"Person","@id":"https:\/\/empresas.infoempleo.com\/hrtrends\/#\/schema\/person\/f4c834a91c343f43810912453f28ffab","name":"Eva","image":{"@type":"ImageObject","inLanguage":"es","@id":"https:\/\/empresas.infoempleo.com\/hrtrends\/#\/schema\/person\/image\/","url":"https:\/\/secure.gravatar.com\/avatar\/5b567308aaebe38d9fc9a9fcb7216ab76b505b019a88494b7476927f59d0f43d?s=96&d=mm&r=g","contentUrl":"https:\/\/secure.gravatar.com\/avatar\/5b567308aaebe38d9fc9a9fcb7216ab76b505b019a88494b7476927f59d0f43d?s=96&d=mm&r=g","caption":"Eva"},"url":"https:\/\/empresas.infoempleo.com\/hrtrends\/author\/eva\/"}]}},"amp_enabled":true,"_links":{"self":[{"href":"https:\/\/empresas.infoempleo.com\/hrtrends\/wp-json\/wp\/v2\/posts\/3167","targetHints":{"allow":["GET"]}}],"collection":[{"href":"https:\/\/empresas.infoempleo.com\/hrtrends\/wp-json\/wp\/v2\/posts"}],"about":[{"href":"https:\/\/empresas.infoempleo.com\/hrtrends\/wp-json\/wp\/v2\/types\/post"}],"author":[{"embeddable":true,"href":"https:\/\/empresas.infoempleo.com\/hrtrends\/wp-json\/wp\/v2\/users\/13"}],"replies":[{"embeddable":true,"href":"https:\/\/empresas.infoempleo.com\/hrtrends\/wp-json\/wp\/v2\/comments?post=3167"}],"version-history":[{"count":4,"href":"https:\/\/empresas.infoempleo.com\/hrtrends\/wp-json\/wp\/v2\/posts\/3167\/revisions"}],"predecessor-version":[{"id":43239,"href":"https:\/\/empresas.infoempleo.com\/hrtrends\/wp-json\/wp\/v2\/posts\/3167\/revisions\/43239"}],"wp:featuredmedia":[{"embeddable":true,"href":"https:\/\/empresas.infoempleo.com\/hrtrends\/wp-json\/wp\/v2\/media\/29613"}],"wp:attachment":[{"href":"https:\/\/empresas.infoempleo.com\/hrtrends\/wp-json\/wp\/v2\/media?parent=3167"}],"wp:term":[{"taxonomy":"category","embeddable":true,"href":"https:\/\/empresas.infoempleo.com\/hrtrends\/wp-json\/wp\/v2\/categories?post=3167"},{"taxonomy":"post_tag","embeddable":true,"href":"https:\/\/empresas.infoempleo.com\/hrtrends\/wp-json\/wp\/v2\/tags?post=3167"}],"curies":[{"name":"wp","href":"https:\/\/api.w.org\/{rel}","templated":true}]}}