{"id":31656,"date":"2017-12-01T11:06:40","date_gmt":"2017-12-01T09:06:40","guid":{"rendered":"https:\/\/empresas.infoempleo.com\/hrtrends\/?p=31656"},"modified":"2018-05-23T16:40:28","modified_gmt":"2018-05-23T14:40:28","slug":"redes-sociales-en-relaciones-empresa","status":"publish","type":"post","link":"https:\/\/empresas.infoempleo.com\/hrtrends\/redes-sociales-en-relaciones-empresa\/","title":{"rendered":"\u00bfC\u00f3mo pueden influir las redes sociales en tu empresa?"},"content":{"rendered":"<p><span style=\"font-weight: 400;\">Las <\/span><b>redes sociales<\/b><span style=\"font-weight: 400;\"> est\u00e1n presentes en tu d\u00eda a d\u00eda, seas quien seas, es un hecho que no se puede negar, ya que estas <\/span><b>herramientas<\/b><span style=\"font-weight: 400;\"> sociales permiten comunicarse y compartir momentos a todo el mundo y desde cualquier lugar, incluso puedes encontrarte con puestos de <\/span><a href=\"https:\/\/www.infoempleo.com\/trabajo\/area-de-empresa_marketing-y-comunicacion\/?utm_source=post&amp;utm_campaign=hrtrends&amp;utm_medium=blogempresas&amp;utm_content=empresas_publicar\"><span style=\"font-weight: 400;\">trabajo que se desempe\u00f1an a partir de las redes sociales. <\/span><\/a><\/p>\n<h2><b>\u00bfC\u00f3mo puede verse afectada tu empresa por las RRSS?<\/b><\/h2>\n<p><span style=\"font-weight: 400;\">No todas las relaciones que se llevan a cabo a trav\u00e9s de las redes sociales son siempre positivas y fruct\u00edferas. A trav\u00e9s de las redes sociales es m\u00e1s f\u00e1cil criticar acciones no tan positivas que las empresas hacen y que a los trabajadores no les gusta y f\u00e1cilmente las publican en internet.<\/span><\/p>\n<p><span style=\"font-weight: 400;\">Las <\/span><b>expectativas<\/b><span style=\"font-weight: 400;\"> de los trabajadores han cambiado debido a la tecnolog\u00eda y a los <\/span><i><span style=\"font-weight: 400;\">inputs<\/span><\/i><span style=\"font-weight: 400;\"> que reciben diariamente.<\/span><\/p>\n<p><span style=\"font-weight: 400;\">Pero, las redes sociales no solo sirven para compartir y generar contenido en <\/span><i><span style=\"font-weight: 400;\">Instagram<\/span><\/i><span style=\"font-weight: 400;\"> o <\/span><i><span style=\"font-weight: 400;\">Facebook<\/span><\/i><span style=\"font-weight: 400;\">, sino que tambi\u00e9n se utilizan para crear <\/span><b><i>reviews<\/i><\/b><span style=\"font-weight: 400;\"> acerca de las empresas y marcas en las que est\u00e1s o has estado y mostrar tus <\/span><b>satisfacciones e insatisfacciones<\/b><span style=\"font-weight: 400;\">. Como empresa debes gestionar esto y conseguir que tus <\/span><i><span style=\"font-weight: 400;\">reviews <\/span><\/i><span style=\"font-weight: 400;\">sean positivas para mantener una <\/span><b>reputaci\u00f3n online<\/b><span style=\"font-weight: 400;\"> adecuada.<\/span><\/p>\n<p><img loading=\"lazy\" decoding=\"async\" class=\"alignnone size-full wp-image-31657\" src=\"https:\/\/empresas.infoempleo.com\/hrtrends\/media\/2017\/12\/redes-sociales-en-la-empresa.jpeg\" alt=\"\" width=\"1140\" height=\"641\" srcset=\"https:\/\/empresas.infoempleo.com\/hrtrends\/media\/2017\/12\/redes-sociales-en-la-empresa.jpeg 1140w, https:\/\/empresas.infoempleo.com\/hrtrends\/media\/2017\/12\/redes-sociales-en-la-empresa-300x169.jpeg 300w, https:\/\/empresas.infoempleo.com\/hrtrends\/media\/2017\/12\/redes-sociales-en-la-empresa-1024x576.jpeg 1024w, https:\/\/empresas.infoempleo.com\/hrtrends\/media\/2017\/12\/redes-sociales-en-la-empresa-768x432.jpeg 768w\" sizes=\"auto, (max-width: 1140px) 100vw, 1140px\" \/><\/p>\n<h2><b>\u00bfPor qu\u00e9 pueden tener efectos negativos las redes sociales?<\/b><\/h2>\n<ul>\n<li style=\"font-weight: 400;\"><b>Vac\u00edos de comunicaci\u00f3n:<\/b><span style=\"font-weight: 400;\"> algunas empresas no tienen bien preestablecida la <\/span><a href=\"https:\/\/empresas.infoempleo.com\/hrtrends\/por-que-es-importante-la-comunicacion-interna-en-la-empresa\/\"><span style=\"font-weight: 400;\">comunicaci\u00f3n entre diferentes departamentos<\/span><\/a><span style=\"font-weight: 400;\">, y en ocasiones esto crea un efecto negativo.<\/span><\/li>\n<li style=\"font-weight: 400;\"><b>Conflictos:<\/b><span style=\"font-weight: 400;\"> los conflictos que no se resuelven r\u00e1pido y en el<\/span><b> lugar de trabajo<\/b><span style=\"font-weight: 400;\"> pueden desencadenar en <\/span><b>malentendidos<\/b><span style=\"font-weight: 400;\"> que se llevan a las redes y que no favorecen al <\/span><a href=\"https:\/\/empresas.infoempleo.com\/hrtrends\/actuar-evitar-conflictos-laborales-empresa\/\/\"><span style=\"font-weight: 400;\">entendimiento<\/span><\/a><span style=\"font-weight: 400;\"> entre ambas partes. <\/span><\/li>\n<li style=\"font-weight: 400;\"><b>Mentiras:<\/b><span style=\"font-weight: 400;\"> tu empresa puede recibir comentarios fraudulentos de parte de unos trabajadores o ex trabajadores, que han tenido una <\/span><b>mala experiencia<\/b><span style=\"font-weight: 400;\"> y que deciden hablar de forma negativa o inventar cosas para da\u00f1ar la reputaci\u00f3n que la empresa tiene.<\/span><\/li>\n<\/ul>\n<h2><b>\u00bfC\u00f3mo puede tu empresa sacar partido de las RRSS?<\/b><\/h2>\n<ul>\n<li style=\"font-weight: 400;\"><b>Exponer conocimientos:<\/b><span style=\"font-weight: 400;\"> como empresa puedes exponer en la red tus <\/span><b>logros y objetivos obtenidos<\/b><span style=\"font-weight: 400;\"> a la hora de intentar captar clientes nuevos o de intentar mantener tu reputaci\u00f3n.<\/span><\/li>\n<li style=\"font-weight: 400;\"><b>Mantener una relaci\u00f3n entre los trabajadores:<\/b><span style=\"font-weight: 400;\"> establecer redes para para <\/span><b>crear v\u00ednculos<\/b><span style=\"font-weight: 400;\"> entre tus empleados e intenta as\u00ed crear una <\/span><b>relaci\u00f3n positiva<\/b><span style=\"font-weight: 400;\"> que los una.<\/span><\/li>\n<li style=\"font-weight: 400;\"><b>Posibles <\/b><b><i>partners<\/i><\/b><b>:<\/b><span style=\"font-weight: 400;\"> en las redes sociales se dan a conocer <\/span><b>muchas empresas<\/b><span style=\"font-weight: 400;\"> y se pueden <\/span><b>establecer v\u00ednculos<\/b><span style=\"font-weight: 400;\"> y relaciones entre ellas que anteriormente no se conoc\u00edan.<\/span><\/li>\n<\/ul>\n<p><span style=\"font-weight: 400;\">Por lo tanto, las redes sociales pueden <\/span><b>ayudar o empeorar<\/b><span style=\"font-weight: 400;\"> distintas situaciones de tu empresa, pero si se intentan utilizar con un fin positivo se pueden crear v\u00ednculos y relaciones duraderas entre personas y empresas.<\/span><\/p>\n","protected":false},"excerpt":{"rendered":"<p>Las redes sociales est\u00e1n presentes en tu d\u00eda a d\u00eda, seas quien seas, es un hecho que no<a class=\"moretag\" href=\"https:\/\/empresas.infoempleo.com\/hrtrends\/redes-sociales-en-relaciones-empresa\/\"> Leer m\u00e1s<\/a><\/p>\n","protected":false},"author":93,"featured_media":31658,"comment_status":"closed","ping_status":"open","sticky":false,"template":"","format":"standard","meta":{"footnotes":""},"categories":[3],"tags":[],"class_list":["post-31656","post","type-post","status-publish","format-standard","has-post-thumbnail","hentry","category-actualidad"],"yoast_head":"<!-- This site is optimized with the Yoast SEO plugin v26.1.1 - https:\/\/yoast.com\/wordpress\/plugins\/seo\/ -->\n<title>C\u00f3mo pueden influir las redes sociales en la empresa? | HRTrends<\/title>\n<meta name=\"description\" content=\"Las gestiones de los perfiles de redes sociales en la empresa merece un cap\u00edtulo a parte en los recursos humanos. \u00bfQuieres conocer todos los detalles?\" \/>\n<meta name=\"robots\" content=\"index, follow, max-snippet:-1, max-image-preview:large, max-video-preview:-1\" \/>\n<link rel=\"canonical\" href=\"https:\/\/empresas.infoempleo.com\/hrtrends\/redes-sociales-en-relaciones-empresa\/\" \/>\n<meta property=\"og:locale\" content=\"es_ES\" \/>\n<meta property=\"og:type\" content=\"article\" \/>\n<meta property=\"og:title\" content=\"C\u00f3mo pueden influir las redes sociales en la empresa? | HRTrends\" \/>\n<meta property=\"og:description\" content=\"Las gestiones de los perfiles de redes sociales en la empresa merece un cap\u00edtulo a parte en los recursos humanos. \u00bfQuieres conocer todos los detalles?\" \/>\n<meta property=\"og:url\" content=\"https:\/\/empresas.infoempleo.com\/hrtrends\/redes-sociales-en-relaciones-empresa\/\" \/>\n<meta property=\"og:site_name\" content=\"HRTRENDS\" \/>\n<meta property=\"article:publisher\" content=\"https:\/\/www.facebook.com\/Infoempleo\" \/>\n<meta property=\"article:published_time\" content=\"2017-12-01T09:06:40+00:00\" \/>\n<meta property=\"article:modified_time\" content=\"2018-05-23T14:40:28+00:00\" \/>\n<meta property=\"og:image\" content=\"https:\/\/empresas.infoempleo.com\/hrtrends\/media\/2017\/12\/Redes-sociales-en-la-empresa.jpg\" \/>\n\t<meta property=\"og:image:width\" content=\"1140\" \/>\n\t<meta property=\"og:image:height\" content=\"725\" \/>\n\t<meta property=\"og:image:type\" content=\"image\/jpeg\" \/>\n<meta name=\"author\" content=\"Laura Soler\" \/>\n<meta name=\"twitter:card\" content=\"summary_large_image\" \/>\n<meta name=\"twitter:creator\" content=\"@infoempleo\" \/>\n<meta name=\"twitter:site\" content=\"@infoempleo\" \/>\n<meta name=\"twitter:label1\" content=\"Escrito por\" \/>\n\t<meta name=\"twitter:data1\" content=\"Laura Soler\" \/>\n\t<meta name=\"twitter:label2\" content=\"Tiempo de lectura\" \/>\n\t<meta name=\"twitter:data2\" content=\"2 minutos\" \/>\n<script type=\"application\/ld+json\" class=\"yoast-schema-graph\">{\"@context\":\"https:\/\/schema.org\",\"@graph\":[{\"@type\":\"NewsArticle\",\"@id\":\"https:\/\/empresas.infoempleo.com\/hrtrends\/redes-sociales-en-relaciones-empresa\/#article\",\"isPartOf\":{\"@id\":\"https:\/\/empresas.infoempleo.com\/hrtrends\/redes-sociales-en-relaciones-empresa\/\"},\"author\":{\"name\":\"Laura Soler\",\"@id\":\"https:\/\/empresas.infoempleo.com\/hrtrends\/#\/schema\/person\/a87831bdb31f0ef865cda025cfa8363d\"},\"headline\":\"\u00bfC\u00f3mo pueden influir las redes sociales en tu empresa?\",\"datePublished\":\"2017-12-01T09:06:40+00:00\",\"dateModified\":\"2018-05-23T14:40:28+00:00\",\"mainEntityOfPage\":{\"@id\":\"https:\/\/empresas.infoempleo.com\/hrtrends\/redes-sociales-en-relaciones-empresa\/\"},\"wordCount\":460,\"publisher\":{\"@id\":\"https:\/\/empresas.infoempleo.com\/hrtrends\/#organization\"},\"image\":{\"@id\":\"https:\/\/empresas.infoempleo.com\/hrtrends\/redes-sociales-en-relaciones-empresa\/#primaryimage\"},\"thumbnailUrl\":\"https:\/\/empresas.infoempleo.com\/hrtrends\/media\/2017\/12\/Redes-sociales-en-la-empresa.jpg\",\"articleSection\":[\"Actualidad\"],\"inLanguage\":\"es\",\"copyrightYear\":\"2017\",\"copyrightHolder\":{\"@id\":\"https:\/\/empresas.infoempleo.com\/hrtrends\/#organization\"}},{\"@type\":\"WebPage\",\"@id\":\"https:\/\/empresas.infoempleo.com\/hrtrends\/redes-sociales-en-relaciones-empresa\/\",\"url\":\"https:\/\/empresas.infoempleo.com\/hrtrends\/redes-sociales-en-relaciones-empresa\/\",\"name\":\"C\u00f3mo pueden influir las redes sociales en la empresa? | HRTrends\",\"isPartOf\":{\"@id\":\"https:\/\/empresas.infoempleo.com\/hrtrends\/#website\"},\"primaryImageOfPage\":{\"@id\":\"https:\/\/empresas.infoempleo.com\/hrtrends\/redes-sociales-en-relaciones-empresa\/#primaryimage\"},\"image\":{\"@id\":\"https:\/\/empresas.infoempleo.com\/hrtrends\/redes-sociales-en-relaciones-empresa\/#primaryimage\"},\"thumbnailUrl\":\"https:\/\/empresas.infoempleo.com\/hrtrends\/media\/2017\/12\/Redes-sociales-en-la-empresa.jpg\",\"datePublished\":\"2017-12-01T09:06:40+00:00\",\"dateModified\":\"2018-05-23T14:40:28+00:00\",\"description\":\"Las gestiones de los perfiles de redes sociales en la empresa merece un cap\u00edtulo a parte en los recursos humanos. \u00bfQuieres conocer todos los detalles?\",\"breadcrumb\":{\"@id\":\"https:\/\/empresas.infoempleo.com\/hrtrends\/redes-sociales-en-relaciones-empresa\/#breadcrumb\"},\"inLanguage\":\"es\",\"potentialAction\":[{\"@type\":\"ReadAction\",\"target\":[\"https:\/\/empresas.infoempleo.com\/hrtrends\/redes-sociales-en-relaciones-empresa\/\"]}]},{\"@type\":\"ImageObject\",\"inLanguage\":\"es\",\"@id\":\"https:\/\/empresas.infoempleo.com\/hrtrends\/redes-sociales-en-relaciones-empresa\/#primaryimage\",\"url\":\"https:\/\/empresas.infoempleo.com\/hrtrends\/media\/2017\/12\/Redes-sociales-en-la-empresa-150x150.jpg\",\"contentUrl\":\"https:\/\/empresas.infoempleo.com\/hrtrends\/media\/2017\/12\/Redes-sociales-en-la-empresa-150x150.jpg\",\"width\":150,\"height\":150,\"caption\":\"Young girl using smart phone,Social media concept.\"},{\"@type\":\"BreadcrumbList\",\"@id\":\"https:\/\/empresas.infoempleo.com\/hrtrends\/redes-sociales-en-relaciones-empresa\/#breadcrumb\",\"itemListElement\":[{\"@type\":\"ListItem\",\"position\":1,\"name\":\"Portada\",\"item\":\"https:\/\/empresas.infoempleo.com\/hrtrends\/\"},{\"@type\":\"ListItem\",\"position\":2,\"name\":\"\u00bfC\u00f3mo pueden influir las redes sociales en tu empresa?\"}]},{\"@type\":\"WebSite\",\"@id\":\"https:\/\/empresas.infoempleo.com\/hrtrends\/#website\",\"url\":\"https:\/\/empresas.infoempleo.com\/hrtrends\",\"name\":\"HRTrends by Infoempleo\",\"description\":\"\",\"publisher\":{\"@id\":\"https:\/\/empresas.infoempleo.com\/hrtrends\/#organization\"},\"potentialAction\":{\"@type\":\"SearchAction\",\"target\":\"https:\/\/empresas.infoempleo.com\/hrtrends\/?s={search_term_string}\",\"query-input\":\"required name=search_term_string\"},\"inLanguage\":\"es\"},{\"@type\":\"Organization\",\"@id\":\"https:\/\/empresas.infoempleo.com\/hrtrends\/#organization\",\"name\":\"Infoempleo\",\"url\":\"https:\/\/www.infoempleo.com\/\",\"logo\":{\"@type\":\"ImageObject\",\"@id\":\"https:\/\/empresas.infoempleo.com\/hrtrends\/#logo\",\"inLanguage\":\"es\",\"url\":\"https:\/\/cdnazure.infoempleo.com\/infoempleo\/assets\/style\/gfx\/logo.svg\",\"contentUrl\":\"https:\/\/cdnazure.infoempleo.com\/infoempleo\/assets\/style\/gfx\/logo.svg\",\"width\":150,\"height\":40,\"caption\":\"Infoempleo\"},\"image\":{\"@id\":\"https:\/\/empresas.infoempleo.com\/hrtrends\/#logo\"},\"sameAs\":[\"https:\/\/www.facebook.com\/Infoempleo\",\"https:\/\/x.com\/infoempleo\",\"http:\/\/instagram.com\/infoempleo\/\",\"http:\/\/www.linkedin.com\/groups\/Empleo-Espa\u00f1a-Infoempleocom-111276\",\"http:\/\/pinterest.com\/infoempleo\/\"],\"address\":{\"@type\":\"PostalAddress\",\"addressLocality\":\"Madrid\",\"postalCode\":\"28050\",\"streetAddress\":\"Avenida de Burgos 114\"},\"brand\":[\"Infoempleo\"]},{\"@type\":\"Person\",\"@id\":\"https:\/\/empresas.infoempleo.com\/hrtrends\/#\/schema\/person\/a87831bdb31f0ef865cda025cfa8363d\",\"name\":\"Laura Soler\",\"image\":{\"@type\":\"ImageObject\",\"inLanguage\":\"es\",\"@id\":\"https:\/\/empresas.infoempleo.com\/hrtrends\/#\/schema\/person\/image\/\",\"url\":\"https:\/\/secure.gravatar.com\/avatar\/a849b9e29c141525eaf83f6f13a6c1442db43088835ada5a24322f59598e8fb5?s=96&d=mm&r=g\",\"contentUrl\":\"https:\/\/secure.gravatar.com\/avatar\/a849b9e29c141525eaf83f6f13a6c1442db43088835ada5a24322f59598e8fb5?s=96&d=mm&r=g\",\"caption\":\"Laura Soler\"},\"description\":\"Redactora, estudiante de m\u00e1ster en Relaciones Laborales y apasionada del coaching empresarial.\",\"url\":\"https:\/\/empresas.infoempleo.com\/hrtrends\/author\/laura-soler\/\"}]}<\/script>\n<!-- \/ Yoast SEO plugin. -->","yoast_head_json":{"title":"C\u00f3mo pueden influir las redes sociales en la empresa? | HRTrends","description":"Las gestiones de los perfiles de redes sociales en la empresa merece un cap\u00edtulo a parte en los recursos humanos. \u00bfQuieres conocer todos los detalles?","robots":{"index":"index","follow":"follow","max-snippet":"max-snippet:-1","max-image-preview":"max-image-preview:large","max-video-preview":"max-video-preview:-1"},"canonical":"https:\/\/empresas.infoempleo.com\/hrtrends\/redes-sociales-en-relaciones-empresa\/","og_locale":"es_ES","og_type":"article","og_title":"C\u00f3mo pueden influir las redes sociales en la empresa? | HRTrends","og_description":"Las gestiones de los perfiles de redes sociales en la empresa merece un cap\u00edtulo a parte en los recursos humanos. \u00bfQuieres conocer todos los detalles?","og_url":"https:\/\/empresas.infoempleo.com\/hrtrends\/redes-sociales-en-relaciones-empresa\/","og_site_name":"HRTRENDS","article_publisher":"https:\/\/www.facebook.com\/Infoempleo","article_published_time":"2017-12-01T09:06:40+00:00","article_modified_time":"2018-05-23T14:40:28+00:00","og_image":[{"width":1140,"height":725,"url":"https:\/\/empresas.infoempleo.com\/hrtrends\/media\/2017\/12\/Redes-sociales-en-la-empresa.jpg","type":"image\/jpeg"}],"author":"Laura Soler","twitter_card":"summary_large_image","twitter_creator":"@infoempleo","twitter_site":"@infoempleo","twitter_misc":{"Escrito por":"Laura Soler","Tiempo de lectura":"2 minutos"},"schema":{"@context":"https:\/\/schema.org","@graph":[{"@type":"NewsArticle","@id":"https:\/\/empresas.infoempleo.com\/hrtrends\/redes-sociales-en-relaciones-empresa\/#article","isPartOf":{"@id":"https:\/\/empresas.infoempleo.com\/hrtrends\/redes-sociales-en-relaciones-empresa\/"},"author":{"name":"Laura Soler","@id":"https:\/\/empresas.infoempleo.com\/hrtrends\/#\/schema\/person\/a87831bdb31f0ef865cda025cfa8363d"},"headline":"\u00bfC\u00f3mo pueden influir las redes sociales en tu empresa?","datePublished":"2017-12-01T09:06:40+00:00","dateModified":"2018-05-23T14:40:28+00:00","mainEntityOfPage":{"@id":"https:\/\/empresas.infoempleo.com\/hrtrends\/redes-sociales-en-relaciones-empresa\/"},"wordCount":460,"publisher":{"@id":"https:\/\/empresas.infoempleo.com\/hrtrends\/#organization"},"image":{"@id":"https:\/\/empresas.infoempleo.com\/hrtrends\/redes-sociales-en-relaciones-empresa\/#primaryimage"},"thumbnailUrl":"https:\/\/empresas.infoempleo.com\/hrtrends\/media\/2017\/12\/Redes-sociales-en-la-empresa.jpg","articleSection":["Actualidad"],"inLanguage":"es","copyrightYear":"2017","copyrightHolder":{"@id":"https:\/\/empresas.infoempleo.com\/hrtrends\/#organization"}},{"@type":"WebPage","@id":"https:\/\/empresas.infoempleo.com\/hrtrends\/redes-sociales-en-relaciones-empresa\/","url":"https:\/\/empresas.infoempleo.com\/hrtrends\/redes-sociales-en-relaciones-empresa\/","name":"C\u00f3mo pueden influir las redes sociales en la empresa? | HRTrends","isPartOf":{"@id":"https:\/\/empresas.infoempleo.com\/hrtrends\/#website"},"primaryImageOfPage":{"@id":"https:\/\/empresas.infoempleo.com\/hrtrends\/redes-sociales-en-relaciones-empresa\/#primaryimage"},"image":{"@id":"https:\/\/empresas.infoempleo.com\/hrtrends\/redes-sociales-en-relaciones-empresa\/#primaryimage"},"thumbnailUrl":"https:\/\/empresas.infoempleo.com\/hrtrends\/media\/2017\/12\/Redes-sociales-en-la-empresa.jpg","datePublished":"2017-12-01T09:06:40+00:00","dateModified":"2018-05-23T14:40:28+00:00","description":"Las gestiones de los perfiles de redes sociales en la empresa merece un cap\u00edtulo a parte en los recursos humanos. \u00bfQuieres conocer todos los detalles?","breadcrumb":{"@id":"https:\/\/empresas.infoempleo.com\/hrtrends\/redes-sociales-en-relaciones-empresa\/#breadcrumb"},"inLanguage":"es","potentialAction":[{"@type":"ReadAction","target":["https:\/\/empresas.infoempleo.com\/hrtrends\/redes-sociales-en-relaciones-empresa\/"]}]},{"@type":"ImageObject","inLanguage":"es","@id":"https:\/\/empresas.infoempleo.com\/hrtrends\/redes-sociales-en-relaciones-empresa\/#primaryimage","url":"https:\/\/empresas.infoempleo.com\/hrtrends\/media\/2017\/12\/Redes-sociales-en-la-empresa-150x150.jpg","contentUrl":"https:\/\/empresas.infoempleo.com\/hrtrends\/media\/2017\/12\/Redes-sociales-en-la-empresa-150x150.jpg","width":150,"height":150,"caption":"Young girl using smart phone,Social media concept."},{"@type":"BreadcrumbList","@id":"https:\/\/empresas.infoempleo.com\/hrtrends\/redes-sociales-en-relaciones-empresa\/#breadcrumb","itemListElement":[{"@type":"ListItem","position":1,"name":"Portada","item":"https:\/\/empresas.infoempleo.com\/hrtrends\/"},{"@type":"ListItem","position":2,"name":"\u00bfC\u00f3mo pueden influir las redes sociales en tu empresa?"}]},{"@type":"WebSite","@id":"https:\/\/empresas.infoempleo.com\/hrtrends\/#website","url":"https:\/\/empresas.infoempleo.com\/hrtrends","name":"HRTrends by Infoempleo","description":"","publisher":{"@id":"https:\/\/empresas.infoempleo.com\/hrtrends\/#organization"},"potentialAction":{"@type":"SearchAction","target":"https:\/\/empresas.infoempleo.com\/hrtrends\/?s={search_term_string}","query-input":"required name=search_term_string"},"inLanguage":"es"},{"@type":"Organization","@id":"https:\/\/empresas.infoempleo.com\/hrtrends\/#organization","name":"Infoempleo","url":"https:\/\/www.infoempleo.com\/","logo":{"@type":"ImageObject","@id":"https:\/\/empresas.infoempleo.com\/hrtrends\/#logo","inLanguage":"es","url":"https:\/\/cdnazure.infoempleo.com\/infoempleo\/assets\/style\/gfx\/logo.svg","contentUrl":"https:\/\/cdnazure.infoempleo.com\/infoempleo\/assets\/style\/gfx\/logo.svg","width":150,"height":40,"caption":"Infoempleo"},"image":{"@id":"https:\/\/empresas.infoempleo.com\/hrtrends\/#logo"},"sameAs":["https:\/\/www.facebook.com\/Infoempleo","https:\/\/x.com\/infoempleo","http:\/\/instagram.com\/infoempleo\/","http:\/\/www.linkedin.com\/groups\/Empleo-Espa\u00f1a-Infoempleocom-111276","http:\/\/pinterest.com\/infoempleo\/"],"address":{"@type":"PostalAddress","addressLocality":"Madrid","postalCode":"28050","streetAddress":"Avenida de Burgos 114"},"brand":["Infoempleo"]},{"@type":"Person","@id":"https:\/\/empresas.infoempleo.com\/hrtrends\/#\/schema\/person\/a87831bdb31f0ef865cda025cfa8363d","name":"Laura Soler","image":{"@type":"ImageObject","inLanguage":"es","@id":"https:\/\/empresas.infoempleo.com\/hrtrends\/#\/schema\/person\/image\/","url":"https:\/\/secure.gravatar.com\/avatar\/a849b9e29c141525eaf83f6f13a6c1442db43088835ada5a24322f59598e8fb5?s=96&d=mm&r=g","contentUrl":"https:\/\/secure.gravatar.com\/avatar\/a849b9e29c141525eaf83f6f13a6c1442db43088835ada5a24322f59598e8fb5?s=96&d=mm&r=g","caption":"Laura Soler"},"description":"Redactora, estudiante de m\u00e1ster en Relaciones Laborales y apasionada del coaching empresarial.","url":"https:\/\/empresas.infoempleo.com\/hrtrends\/author\/laura-soler\/"}]}},"amp_enabled":true,"_links":{"self":[{"href":"https:\/\/empresas.infoempleo.com\/hrtrends\/wp-json\/wp\/v2\/posts\/31656","targetHints":{"allow":["GET"]}}],"collection":[{"href":"https:\/\/empresas.infoempleo.com\/hrtrends\/wp-json\/wp\/v2\/posts"}],"about":[{"href":"https:\/\/empresas.infoempleo.com\/hrtrends\/wp-json\/wp\/v2\/types\/post"}],"author":[{"embeddable":true,"href":"https:\/\/empresas.infoempleo.com\/hrtrends\/wp-json\/wp\/v2\/users\/93"}],"replies":[{"embeddable":true,"href":"https:\/\/empresas.infoempleo.com\/hrtrends\/wp-json\/wp\/v2\/comments?post=31656"}],"version-history":[{"count":0,"href":"https:\/\/empresas.infoempleo.com\/hrtrends\/wp-json\/wp\/v2\/posts\/31656\/revisions"}],"wp:featuredmedia":[{"embeddable":true,"href":"https:\/\/empresas.infoempleo.com\/hrtrends\/wp-json\/wp\/v2\/media\/31658"}],"wp:attachment":[{"href":"https:\/\/empresas.infoempleo.com\/hrtrends\/wp-json\/wp\/v2\/media?parent=31656"}],"wp:term":[{"taxonomy":"category","embeddable":true,"href":"https:\/\/empresas.infoempleo.com\/hrtrends\/wp-json\/wp\/v2\/categories?post=31656"},{"taxonomy":"post_tag","embeddable":true,"href":"https:\/\/empresas.infoempleo.com\/hrtrends\/wp-json\/wp\/v2\/tags?post=31656"}],"curies":[{"name":"wp","href":"https:\/\/api.w.org\/{rel}","templated":true}]}}