{"id":3163,"date":"2013-05-07T09:00:48","date_gmt":"2013-05-07T07:00:48","guid":{"rendered":"http:\/\/blog.infoempleo.com\/?p=3163"},"modified":"2025-07-01T16:39:17","modified_gmt":"2025-07-01T14:39:17","slug":"artista-bohemio-y-empresario","status":"publish","type":"post","link":"https:\/\/empresas.infoempleo.com\/hrtrends\/artista-bohemio-y-empresario\/","title":{"rendered":"Artista, bohemio  y empresario"},"content":{"rendered":"<p dir=\"ltr\">Al parecer la imagen de un pintor apasionado o un actor bohemio est\u00e1 peleada con la de un empresario exitoso. El inconsciente colectivo cree que el arte y la cultura son opuestos al dinero y, por eso, pocos se atreven a emprender en este nicho. Pero es posible tenerlo todo sabiendo montar un negocio.<\/p>\n<p dir=\"ltr\"><!--more--><\/p>\n<p dir=\"ltr\">Espacio Empresarial es una consultor\u00eda mexicana especializada en formar y capacitar a emprendedores y recientemente se ha enfocado en el emprendimiento cultural. \u00a0Al trabajar en distintos giros como gastronom\u00eda, artesan\u00edas, artes pl\u00e1sticas, notaron que la mayor parte de los empresarios \u00a0tienen problemas en la gesti\u00f3n de su compa\u00f1\u00eda. \u00a0\u201cEl emprendedor normalmente es un artista que quiere dar a conocer su arte y difundir la cultura pero que no estudi\u00f3 para ser empresario, as\u00ed que necesita apoyo en administraci\u00f3n, mercadotecnia, personal, operaciones, contabilidad, finanzas, aspectos legales, etc\u00e9tera\u201d, afirma Rosalina Pizarro, directora de Espacio Empresarial.<\/p>\n<p dir=\"ltr\">El a\u00f1o pasado empezaron a trabajar con otras instituciones privadas y p\u00fablicas como el Consejo Nacional para la Cultura y las Artes (CONACULTA) para crear un comit\u00e9 que atiendiera a todos aquellos proyectos emprendedores en temas culturales, que en M\u00e9xico representan el 7,3 % del producto interno bruto.<\/p>\n<p dir=\"ltr\">\u201cLo que distingue al emprendedor cultural del resto es \u00a0que tiene una motivaci\u00f3n que supera el solo ganar \u00a0dinero. Su inter\u00e9s principal es el de mostrar su trabajo, dar a conocer su cultura, conservar su patrimonio cultural, ser reconocido por su talento, cuestionar a la sociedad a partir del arte, as\u00ed como generar productos innovadores y \u00fatiles\u201d, apunta Pizarro.<\/p>\n<p dir=\"ltr\">Algunos proyectos culturales han cambiado la forma de hacer negocios en M\u00e9xico. Bandtastic, por ejemplo, es una web que se dedica al fanfunding para lograr que bandas poco conocidas o que no tienen dinero para ir a M\u00e9xico puedan presentarse gracias a la financiaci\u00f3n de sus admiradores. Es uno de los proyectos m\u00e1s ambiciosos y exitosos en el \u00fatilmo a\u00f1o y que seg\u00fan sus creadores, se logr\u00f3 gracias a la falta de oferta cultural alternativa e independiente en el pa\u00eds.<\/p>\n<p dir=\"ltr\">Este tipo de ejemplos exitosos se pueden lograr con una buena idea y un buen plan de negocio. Los laboratorios de emprendimiento cultural buscan justo que el joven que ha salido de la universidad y quiera montar su propia editorial y el pintor que quiere abrir su galer\u00eda, puedan hacerlo con las herramientas necesarias.<\/p>\n<p>A pesar de los contras de este tipo de negocio (el alto riesgo, que no son sujetos de la banca comercial, sus procesos de producci\u00f3n son muy cambiantes, la inestabilidad en el flujo de efectivo y el hecho de que muchos algunos ni siquiera son reconocidos como empresas), casos como el de Bandastic muestran que hay todo una industria por explotar. Seg\u00fan la clasificaci\u00f3n de las Industrias Culturales del Ministerio de Colombia, existen siete nichos\u00a0 -editorial, artes pl\u00e1sticas, esc\u00e9nicas, audiovisual, turismo cultural, multimedia \u00a0e interdisciplinarias\u2014 que a su vez tienen unas 42 ramas para emprender dentro del mundo de la cultura. Solo falta la capacitaci\u00f3n.<\/p>\n<p><em>Foto: <a href=\"https:\/\/www.flickr.com\/photos\/tijszwinkels\/3852639904\/\" target=\"_blank\" rel=\"noopener\">Tijs Zwinkels<\/a> (Flickr) con licencia CC<\/em><\/p>\n","protected":false},"excerpt":{"rendered":"<p>Al parecer la imagen de un pintor apasionado o un actor bohemio est\u00e1 peleada con la de un<a class=\"moretag\" href=\"https:\/\/empresas.infoempleo.com\/hrtrends\/artista-bohemio-y-empresario\/\"> Leer m\u00e1s<\/a><\/p>\n","protected":false},"author":17,"featured_media":29616,"comment_status":"closed","ping_status":"open","sticky":false,"template":"","format":"standard","meta":{"footnotes":""},"categories":[3],"tags":[437],"class_list":["post-3163","post","type-post","status-publish","format-standard","has-post-thumbnail","hentry","category-actualidad","tag-bandtastic"],"yoast_head":"<!-- This site is optimized with the Yoast SEO plugin v26.1.1 - https:\/\/yoast.com\/wordpress\/plugins\/seo\/ -->\n<title>Artista, bohemio y empresario | HRTRENDS<\/title>\n<meta name=\"robots\" content=\"index, follow, max-snippet:-1, max-image-preview:large, max-video-preview:-1\" \/>\n<link rel=\"canonical\" href=\"https:\/\/empresas.infoempleo.com\/hrtrends\/artista-bohemio-y-empresario\/\" \/>\n<meta property=\"og:locale\" content=\"es_ES\" \/>\n<meta property=\"og:type\" content=\"article\" \/>\n<meta property=\"og:title\" content=\"Artista, bohemio y empresario | HRTRENDS\" \/>\n<meta property=\"og:description\" content=\"Al parecer la imagen de un pintor apasionado o un actor bohemio est\u00e1 peleada con la de un Leer m\u00e1s\" \/>\n<meta property=\"og:url\" content=\"https:\/\/empresas.infoempleo.com\/hrtrends\/artista-bohemio-y-empresario\/\" \/>\n<meta property=\"og:site_name\" content=\"HRTRENDS\" \/>\n<meta property=\"article:publisher\" content=\"https:\/\/www.facebook.com\/Infoempleo\" \/>\n<meta property=\"article:published_time\" content=\"2013-05-07T07:00:48+00:00\" \/>\n<meta property=\"article:modified_time\" content=\"2025-07-01T14:39:17+00:00\" \/>\n<meta property=\"og:image\" content=\"https:\/\/empresas.infoempleo.com\/hrtrends\/media\/2013\/05\/jefe-hipster.jpg\" \/>\n\t<meta property=\"og:image:width\" content=\"1125\" \/>\n\t<meta property=\"og:image:height\" content=\"750\" \/>\n\t<meta property=\"og:image:type\" content=\"image\/jpeg\" \/>\n<meta name=\"author\" content=\"Alejandra S\u00e1nchez\" \/>\n<meta name=\"twitter:card\" content=\"summary_large_image\" \/>\n<meta name=\"twitter:creator\" content=\"@infoempleo\" \/>\n<meta name=\"twitter:site\" content=\"@infoempleo\" \/>\n<meta name=\"twitter:label1\" content=\"Escrito por\" \/>\n\t<meta name=\"twitter:data1\" content=\"Alejandra S\u00e1nchez\" \/>\n\t<meta name=\"twitter:label2\" content=\"Tiempo de lectura\" \/>\n\t<meta name=\"twitter:data2\" content=\"3 minutos\" \/>\n<script type=\"application\/ld+json\" class=\"yoast-schema-graph\">{\"@context\":\"https:\/\/schema.org\",\"@graph\":[{\"@type\":\"NewsArticle\",\"@id\":\"https:\/\/empresas.infoempleo.com\/hrtrends\/artista-bohemio-y-empresario\/#article\",\"isPartOf\":{\"@id\":\"https:\/\/empresas.infoempleo.com\/hrtrends\/artista-bohemio-y-empresario\/\"},\"author\":{\"name\":\"Alejandra S\u00e1nchez\",\"@id\":\"https:\/\/empresas.infoempleo.com\/hrtrends\/#\/schema\/person\/ca53f34fa29b8f414b8eb42517c36572\"},\"headline\":\"Artista, bohemio y empresario\",\"datePublished\":\"2013-05-07T07:00:48+00:00\",\"dateModified\":\"2025-07-01T14:39:17+00:00\",\"mainEntityOfPage\":{\"@id\":\"https:\/\/empresas.infoempleo.com\/hrtrends\/artista-bohemio-y-empresario\/\"},\"wordCount\":528,\"publisher\":{\"@id\":\"https:\/\/empresas.infoempleo.com\/hrtrends\/#organization\"},\"image\":{\"@id\":\"https:\/\/empresas.infoempleo.com\/hrtrends\/artista-bohemio-y-empresario\/#primaryimage\"},\"thumbnailUrl\":\"https:\/\/empresas.infoempleo.com\/hrtrends\/media\/2013\/05\/jefe-hipster.jpg\",\"keywords\":[\"Bandtastic\"],\"articleSection\":[\"Actualidad\"],\"inLanguage\":\"es\",\"copyrightYear\":\"2013\",\"copyrightHolder\":{\"@id\":\"https:\/\/empresas.infoempleo.com\/hrtrends\/#organization\"}},{\"@type\":\"WebPage\",\"@id\":\"https:\/\/empresas.infoempleo.com\/hrtrends\/artista-bohemio-y-empresario\/\",\"url\":\"https:\/\/empresas.infoempleo.com\/hrtrends\/artista-bohemio-y-empresario\/\",\"name\":\"Artista, bohemio y empresario | HRTRENDS\",\"isPartOf\":{\"@id\":\"https:\/\/empresas.infoempleo.com\/hrtrends\/#website\"},\"primaryImageOfPage\":{\"@id\":\"https:\/\/empresas.infoempleo.com\/hrtrends\/artista-bohemio-y-empresario\/#primaryimage\"},\"image\":{\"@id\":\"https:\/\/empresas.infoempleo.com\/hrtrends\/artista-bohemio-y-empresario\/#primaryimage\"},\"thumbnailUrl\":\"https:\/\/empresas.infoempleo.com\/hrtrends\/media\/2013\/05\/jefe-hipster.jpg\",\"datePublished\":\"2013-05-07T07:00:48+00:00\",\"dateModified\":\"2025-07-01T14:39:17+00:00\",\"breadcrumb\":{\"@id\":\"https:\/\/empresas.infoempleo.com\/hrtrends\/artista-bohemio-y-empresario\/#breadcrumb\"},\"inLanguage\":\"es\",\"potentialAction\":[{\"@type\":\"ReadAction\",\"target\":[\"https:\/\/empresas.infoempleo.com\/hrtrends\/artista-bohemio-y-empresario\/\"]}]},{\"@type\":\"ImageObject\",\"inLanguage\":\"es\",\"@id\":\"https:\/\/empresas.infoempleo.com\/hrtrends\/artista-bohemio-y-empresario\/#primaryimage\",\"url\":\"https:\/\/empresas.infoempleo.com\/hrtrends\/media\/2013\/05\/jefe-hipster-150x150.jpg\",\"contentUrl\":\"https:\/\/empresas.infoempleo.com\/hrtrends\/media\/2013\/05\/jefe-hipster-150x150.jpg\",\"width\":150,\"height\":150,\"caption\":\"C\u00f3mo ser un empresario moderno\"},{\"@type\":\"BreadcrumbList\",\"@id\":\"https:\/\/empresas.infoempleo.com\/hrtrends\/artista-bohemio-y-empresario\/#breadcrumb\",\"itemListElement\":[{\"@type\":\"ListItem\",\"position\":1,\"name\":\"Portada\",\"item\":\"https:\/\/empresas.infoempleo.com\/hrtrends\/\"},{\"@type\":\"ListItem\",\"position\":2,\"name\":\"Artista, bohemio y empresario\"}]},{\"@type\":\"WebSite\",\"@id\":\"https:\/\/empresas.infoempleo.com\/hrtrends\/#website\",\"url\":\"https:\/\/empresas.infoempleo.com\/hrtrends\",\"name\":\"HRTrends by Infoempleo\",\"description\":\"\",\"publisher\":{\"@id\":\"https:\/\/empresas.infoempleo.com\/hrtrends\/#organization\"},\"potentialAction\":{\"@type\":\"SearchAction\",\"target\":\"https:\/\/empresas.infoempleo.com\/hrtrends\/?s={search_term_string}\",\"query-input\":\"required name=search_term_string\"},\"inLanguage\":\"es\"},{\"@type\":\"Organization\",\"@id\":\"https:\/\/empresas.infoempleo.com\/hrtrends\/#organization\",\"name\":\"Infoempleo\",\"url\":\"https:\/\/www.infoempleo.com\/\",\"logo\":{\"@type\":\"ImageObject\",\"@id\":\"https:\/\/empresas.infoempleo.com\/hrtrends\/#logo\",\"inLanguage\":\"es\",\"url\":\"https:\/\/cdnazure.infoempleo.com\/infoempleo\/assets\/style\/gfx\/logo.svg\",\"contentUrl\":\"https:\/\/cdnazure.infoempleo.com\/infoempleo\/assets\/style\/gfx\/logo.svg\",\"width\":150,\"height\":40,\"caption\":\"Infoempleo\"},\"image\":{\"@id\":\"https:\/\/empresas.infoempleo.com\/hrtrends\/#logo\"},\"sameAs\":[\"https:\/\/www.facebook.com\/Infoempleo\",\"https:\/\/x.com\/infoempleo\",\"http:\/\/instagram.com\/infoempleo\/\",\"http:\/\/www.linkedin.com\/groups\/Empleo-Espa\u00f1a-Infoempleocom-111276\",\"http:\/\/pinterest.com\/infoempleo\/\"],\"address\":{\"@type\":\"PostalAddress\",\"addressLocality\":\"Madrid\",\"postalCode\":\"28050\",\"streetAddress\":\"Avenida de Burgos 114\"},\"brand\":[\"Infoempleo\"]},{\"@type\":\"Person\",\"@id\":\"https:\/\/empresas.infoempleo.com\/hrtrends\/#\/schema\/person\/ca53f34fa29b8f414b8eb42517c36572\",\"name\":\"Alejandra S\u00e1nchez\",\"image\":{\"@type\":\"ImageObject\",\"inLanguage\":\"es\",\"@id\":\"https:\/\/empresas.infoempleo.com\/hrtrends\/#\/schema\/person\/image\/\",\"url\":\"https:\/\/secure.gravatar.com\/avatar\/4f7590a7cf23d6e4d84c906442d833400364f0e0db1066a5cd733b9d656d7a01?s=96&d=mm&r=g\",\"contentUrl\":\"https:\/\/secure.gravatar.com\/avatar\/4f7590a7cf23d6e4d84c906442d833400364f0e0db1066a5cd733b9d656d7a01?s=96&d=mm&r=g\",\"caption\":\"Alejandra S\u00e1nchez\"},\"url\":\"https:\/\/empresas.infoempleo.com\/hrtrends\/author\/alejandra\/\"}]}<\/script>\n<!-- \/ Yoast SEO plugin. -->","yoast_head_json":{"title":"Artista, bohemio y empresario | HRTRENDS","robots":{"index":"index","follow":"follow","max-snippet":"max-snippet:-1","max-image-preview":"max-image-preview:large","max-video-preview":"max-video-preview:-1"},"canonical":"https:\/\/empresas.infoempleo.com\/hrtrends\/artista-bohemio-y-empresario\/","og_locale":"es_ES","og_type":"article","og_title":"Artista, bohemio y empresario | HRTRENDS","og_description":"Al parecer la imagen de un pintor apasionado o un actor bohemio est\u00e1 peleada con la de un Leer m\u00e1s","og_url":"https:\/\/empresas.infoempleo.com\/hrtrends\/artista-bohemio-y-empresario\/","og_site_name":"HRTRENDS","article_publisher":"https:\/\/www.facebook.com\/Infoempleo","article_published_time":"2013-05-07T07:00:48+00:00","article_modified_time":"2025-07-01T14:39:17+00:00","og_image":[{"width":1125,"height":750,"url":"https:\/\/empresas.infoempleo.com\/hrtrends\/media\/2013\/05\/jefe-hipster.jpg","type":"image\/jpeg"}],"author":"Alejandra S\u00e1nchez","twitter_card":"summary_large_image","twitter_creator":"@infoempleo","twitter_site":"@infoempleo","twitter_misc":{"Escrito por":"Alejandra S\u00e1nchez","Tiempo de lectura":"3 minutos"},"schema":{"@context":"https:\/\/schema.org","@graph":[{"@type":"NewsArticle","@id":"https:\/\/empresas.infoempleo.com\/hrtrends\/artista-bohemio-y-empresario\/#article","isPartOf":{"@id":"https:\/\/empresas.infoempleo.com\/hrtrends\/artista-bohemio-y-empresario\/"},"author":{"name":"Alejandra S\u00e1nchez","@id":"https:\/\/empresas.infoempleo.com\/hrtrends\/#\/schema\/person\/ca53f34fa29b8f414b8eb42517c36572"},"headline":"Artista, bohemio y empresario","datePublished":"2013-05-07T07:00:48+00:00","dateModified":"2025-07-01T14:39:17+00:00","mainEntityOfPage":{"@id":"https:\/\/empresas.infoempleo.com\/hrtrends\/artista-bohemio-y-empresario\/"},"wordCount":528,"publisher":{"@id":"https:\/\/empresas.infoempleo.com\/hrtrends\/#organization"},"image":{"@id":"https:\/\/empresas.infoempleo.com\/hrtrends\/artista-bohemio-y-empresario\/#primaryimage"},"thumbnailUrl":"https:\/\/empresas.infoempleo.com\/hrtrends\/media\/2013\/05\/jefe-hipster.jpg","keywords":["Bandtastic"],"articleSection":["Actualidad"],"inLanguage":"es","copyrightYear":"2013","copyrightHolder":{"@id":"https:\/\/empresas.infoempleo.com\/hrtrends\/#organization"}},{"@type":"WebPage","@id":"https:\/\/empresas.infoempleo.com\/hrtrends\/artista-bohemio-y-empresario\/","url":"https:\/\/empresas.infoempleo.com\/hrtrends\/artista-bohemio-y-empresario\/","name":"Artista, bohemio y empresario | HRTRENDS","isPartOf":{"@id":"https:\/\/empresas.infoempleo.com\/hrtrends\/#website"},"primaryImageOfPage":{"@id":"https:\/\/empresas.infoempleo.com\/hrtrends\/artista-bohemio-y-empresario\/#primaryimage"},"image":{"@id":"https:\/\/empresas.infoempleo.com\/hrtrends\/artista-bohemio-y-empresario\/#primaryimage"},"thumbnailUrl":"https:\/\/empresas.infoempleo.com\/hrtrends\/media\/2013\/05\/jefe-hipster.jpg","datePublished":"2013-05-07T07:00:48+00:00","dateModified":"2025-07-01T14:39:17+00:00","breadcrumb":{"@id":"https:\/\/empresas.infoempleo.com\/hrtrends\/artista-bohemio-y-empresario\/#breadcrumb"},"inLanguage":"es","potentialAction":[{"@type":"ReadAction","target":["https:\/\/empresas.infoempleo.com\/hrtrends\/artista-bohemio-y-empresario\/"]}]},{"@type":"ImageObject","inLanguage":"es","@id":"https:\/\/empresas.infoempleo.com\/hrtrends\/artista-bohemio-y-empresario\/#primaryimage","url":"https:\/\/empresas.infoempleo.com\/hrtrends\/media\/2013\/05\/jefe-hipster-150x150.jpg","contentUrl":"https:\/\/empresas.infoempleo.com\/hrtrends\/media\/2013\/05\/jefe-hipster-150x150.jpg","width":150,"height":150,"caption":"C\u00f3mo ser un empresario moderno"},{"@type":"BreadcrumbList","@id":"https:\/\/empresas.infoempleo.com\/hrtrends\/artista-bohemio-y-empresario\/#breadcrumb","itemListElement":[{"@type":"ListItem","position":1,"name":"Portada","item":"https:\/\/empresas.infoempleo.com\/hrtrends\/"},{"@type":"ListItem","position":2,"name":"Artista, bohemio y empresario"}]},{"@type":"WebSite","@id":"https:\/\/empresas.infoempleo.com\/hrtrends\/#website","url":"https:\/\/empresas.infoempleo.com\/hrtrends","name":"HRTrends by Infoempleo","description":"","publisher":{"@id":"https:\/\/empresas.infoempleo.com\/hrtrends\/#organization"},"potentialAction":{"@type":"SearchAction","target":"https:\/\/empresas.infoempleo.com\/hrtrends\/?s={search_term_string}","query-input":"required name=search_term_string"},"inLanguage":"es"},{"@type":"Organization","@id":"https:\/\/empresas.infoempleo.com\/hrtrends\/#organization","name":"Infoempleo","url":"https:\/\/www.infoempleo.com\/","logo":{"@type":"ImageObject","@id":"https:\/\/empresas.infoempleo.com\/hrtrends\/#logo","inLanguage":"es","url":"https:\/\/cdnazure.infoempleo.com\/infoempleo\/assets\/style\/gfx\/logo.svg","contentUrl":"https:\/\/cdnazure.infoempleo.com\/infoempleo\/assets\/style\/gfx\/logo.svg","width":150,"height":40,"caption":"Infoempleo"},"image":{"@id":"https:\/\/empresas.infoempleo.com\/hrtrends\/#logo"},"sameAs":["https:\/\/www.facebook.com\/Infoempleo","https:\/\/x.com\/infoempleo","http:\/\/instagram.com\/infoempleo\/","http:\/\/www.linkedin.com\/groups\/Empleo-Espa\u00f1a-Infoempleocom-111276","http:\/\/pinterest.com\/infoempleo\/"],"address":{"@type":"PostalAddress","addressLocality":"Madrid","postalCode":"28050","streetAddress":"Avenida de Burgos 114"},"brand":["Infoempleo"]},{"@type":"Person","@id":"https:\/\/empresas.infoempleo.com\/hrtrends\/#\/schema\/person\/ca53f34fa29b8f414b8eb42517c36572","name":"Alejandra S\u00e1nchez","image":{"@type":"ImageObject","inLanguage":"es","@id":"https:\/\/empresas.infoempleo.com\/hrtrends\/#\/schema\/person\/image\/","url":"https:\/\/secure.gravatar.com\/avatar\/4f7590a7cf23d6e4d84c906442d833400364f0e0db1066a5cd733b9d656d7a01?s=96&d=mm&r=g","contentUrl":"https:\/\/secure.gravatar.com\/avatar\/4f7590a7cf23d6e4d84c906442d833400364f0e0db1066a5cd733b9d656d7a01?s=96&d=mm&r=g","caption":"Alejandra S\u00e1nchez"},"url":"https:\/\/empresas.infoempleo.com\/hrtrends\/author\/alejandra\/"}]}},"amp_enabled":true,"_links":{"self":[{"href":"https:\/\/empresas.infoempleo.com\/hrtrends\/wp-json\/wp\/v2\/posts\/3163","targetHints":{"allow":["GET"]}}],"collection":[{"href":"https:\/\/empresas.infoempleo.com\/hrtrends\/wp-json\/wp\/v2\/posts"}],"about":[{"href":"https:\/\/empresas.infoempleo.com\/hrtrends\/wp-json\/wp\/v2\/types\/post"}],"author":[{"embeddable":true,"href":"https:\/\/empresas.infoempleo.com\/hrtrends\/wp-json\/wp\/v2\/users\/17"}],"replies":[{"embeddable":true,"href":"https:\/\/empresas.infoempleo.com\/hrtrends\/wp-json\/wp\/v2\/comments?post=3163"}],"version-history":[{"count":2,"href":"https:\/\/empresas.infoempleo.com\/hrtrends\/wp-json\/wp\/v2\/posts\/3163\/revisions"}],"predecessor-version":[{"id":46855,"href":"https:\/\/empresas.infoempleo.com\/hrtrends\/wp-json\/wp\/v2\/posts\/3163\/revisions\/46855"}],"wp:featuredmedia":[{"embeddable":true,"href":"https:\/\/empresas.infoempleo.com\/hrtrends\/wp-json\/wp\/v2\/media\/29616"}],"wp:attachment":[{"href":"https:\/\/empresas.infoempleo.com\/hrtrends\/wp-json\/wp\/v2\/media?parent=3163"}],"wp:term":[{"taxonomy":"category","embeddable":true,"href":"https:\/\/empresas.infoempleo.com\/hrtrends\/wp-json\/wp\/v2\/categories?post=3163"},{"taxonomy":"post_tag","embeddable":true,"href":"https:\/\/empresas.infoempleo.com\/hrtrends\/wp-json\/wp\/v2\/tags?post=3163"}],"curies":[{"name":"wp","href":"https:\/\/api.w.org\/{rel}","templated":true}]}}