{"id":31590,"date":"2017-11-22T11:02:30","date_gmt":"2017-11-22T09:02:30","guid":{"rendered":"https:\/\/empresas.infoempleo.com\/hrtrends\/?p=31590"},"modified":"2024-08-29T17:49:54","modified_gmt":"2024-08-29T15:49:54","slug":"gestionar-delegar-las-funciones-vitales-responsable","status":"publish","type":"post","link":"https:\/\/empresas.infoempleo.com\/hrtrends\/gestionar-delegar-las-funciones-vitales-responsable\/","title":{"rendered":"Gestionar y delegar: Las funciones vitales de un responsable"},"content":{"rendered":"<p><span style=\"font-weight: 400;\">Ser <\/span><b>responsable de una empresa<\/b><span style=\"font-weight: 400;\"> implica mucho m\u00e1s que desempe\u00f1ar unas funciones, normalmente los encargados tienen que sobrellevar distintas labores a lo largo del d\u00eda. La <\/span><b>clave del \u00e9xito para un responsable<\/b><span style=\"font-weight: 400;\"> es saber delegar funciones a sus compa\u00f1eros y poder as\u00ed <\/span><a href=\"https:\/\/empresas.infoempleo.com\/hrtrends\/reclutamiento\/talento-la-gestion-equipo\/\"><b>gestionar equipos<\/b><\/a><span style=\"font-weight: 400;\"> para cumplir con todos los objetivos.<\/span><\/p>\n<p><span style=\"font-weight: 400;\">Por lo general, las <\/span><b>empresas suelen establecer una <\/b><a href=\"https:\/\/empresas.infoempleo.com\/hrtrends\/huir-la-estructura-jerarquica-la-empresa\/\/\"><b>estructura interna<\/b><\/a><span style=\"font-weight: 400;\"> que se basa en la superposici\u00f3n de responsabilidades y directrices. Es decir, el perfil del responsable es lo que podremos incluir en nuestra estructura independientemente de si se trata de una tienda f\u00edsica en el sector retail, una cadena de comida r\u00e1pida o una oficina. Sirve de punto de equilibrio para <\/span><b>delegar y gestionar la actividad<\/b><span style=\"font-weight: 400;\"> que se est\u00e9 llevando a cabo.<\/span><\/p>\n<h2><b>\u00bfQu\u00e9 funciones tiene un responsable?<\/b><\/h2>\n<p><span style=\"font-weight: 400;\">Un jefe, un manager, o cualquier otro<\/span><b> perfil de responsable tiene varias funciones <\/b><span style=\"font-weight: 400;\">en un mismo rol, tanto generales como espec\u00edficas. Aunque las espec\u00edficas pueden variar por completo dependiendo de la especialidad de cada caso, a nivel m\u00e1s general, las tareas de todo responsable son dos: gestionar y delegar.<\/span><\/p>\n<h3><b>Gestionar un equipo:<\/b><\/h3>\n<p><span style=\"font-weight: 400;\">La <\/span><b>capacidad de gesti\u00f3n<\/b><span style=\"font-weight: 400;\"> es por definici\u00f3n, la <\/span><b>habilidad de dirigir la ejecuci\u00f3n de tareas y procesos con el fin de lograr unos resultados concretos<\/b><span style=\"font-weight: 400;\">. Como responsable de departamento, equipo o grupo de personas, se debe saber atribuir distintas tareas a cada miembro del equipo con el fin de poder trabajar conjuntamente y sacar adelante los proyectos establecidos. Es importante que a la hora de gestionar se tenga en cuenta el perfil de cada persona para poder darle las tareas que <\/span><b>mejor se adapten a sus capacidades y habilidades.<\/b><\/p>\n<h3><b>Delegar tareas:<\/b><\/h3>\n<p><span style=\"font-weight: 400;\">Cuando se <\/span><a href=\"https:\/\/empresas.infoempleo.com\/hrtrends\/por-que-es-importante-para-un-lider-saber-delegar\/\/?utm_source=post&amp;utm_campaign=hrtrends&amp;utm_medium=blogempresas&amp;utm_content=contenido\"><span style=\"font-weight: 400;\">delegan tareas<\/span><\/a><span style=\"font-weight: 400;\"> es importante hacer \u00e9nfasis en que el responsable del equipo prefiere repartir el trabajo que hay con el fin de<\/span><b> dar m\u00e1s responsabilidades<\/b><span style=\"font-weight: 400;\"> a otras personas y poder construir un equipo donde todos colaboren en los proyectos y trabajos pendientes por hacer. El responsable tiene como tarea principal identificar qu\u00e9 perfiles son los adecuados para realizar cada tarea y observar qu\u00e9 perfil tiene cada trabajador para asignarle qu\u00e9 hacer.<\/span><\/p>\n<p><span style=\"font-weight: 400;\">En ocasiones, los responsables tienen tanta cantidad de trabajo que no dan lugar a poder hacer todo y es por eso que prefieren repartir tareas entre los compa\u00f1eros y poder dedicar su tiempo a labores concretas.<\/span><\/p>\n<p><img loading=\"lazy\" decoding=\"async\" class=\"aligncenter size-full wp-image-31623\" src=\"https:\/\/empresas.infoempleo.com\/hrtrends\/media\/2017\/11\/delegar-responsabilidades.jpeg\" alt=\"\" width=\"1140\" height=\"760\" srcset=\"https:\/\/empresas.infoempleo.com\/hrtrends\/media\/2017\/11\/delegar-responsabilidades.jpeg 1140w, https:\/\/empresas.infoempleo.com\/hrtrends\/media\/2017\/11\/delegar-responsabilidades-300x200.jpeg 300w, https:\/\/empresas.infoempleo.com\/hrtrends\/media\/2017\/11\/delegar-responsabilidades-1024x683.jpeg 1024w, https:\/\/empresas.infoempleo.com\/hrtrends\/media\/2017\/11\/delegar-responsabilidades-768x512.jpeg 768w\" sizes=\"auto, (max-width: 1140px) 100vw, 1140px\" \/><\/p>\n<h2><b>\u00bfQu\u00e9 beneficios obtiene el equipo cuando se gestiona y se delega?<\/b><\/h2>\n<p><span style=\"font-weight: 400;\">&#8211;<\/span><span style=\"font-weight: 400;\"> \u00a0\u00a0<\/span> <b>Aprendizaje:<\/b><span style=\"font-weight: 400;\"> todos los integrantes del equipo aprender\u00e1n a trabajar con distintas tareas, donde tienen la oportunidad de desarrollar habilidades y realizar actividades que quiz\u00e1s anteriormente no hab\u00edan desempe\u00f1ado nunca.<\/span><\/p>\n<p><span style=\"font-weight: 400;\">&#8211;<\/span><span style=\"font-weight: 400;\"> \u00a0\u00a0<\/span> <b>Organizaci\u00f3n:<\/b><span style=\"font-weight: 400;\"> cuando un responsable de equipo delega tareas ha de saber organizar los equipos para que todo el mundo tenga tareas acordes con sus necesidades, mejorando la eficiencia, productividad y el bienestar del equipo.<\/span><\/p>\n<p><span style=\"font-weight: 400;\">&#8211;<\/span><span style=\"font-weight: 400;\"> \u00a0\u00a0<\/span> <b>Progreso y objetivos logrados: <\/b><span style=\"font-weight: 400;\">con el aprendizaje y el trabajo se obtienen y se logran los objetivos propuestos por cada persona.<\/span><\/p>\n<p><span style=\"font-weight: 400;\">&#8211;<\/span><span style=\"font-weight: 400;\"> \u00a0\u00a0<\/span> <b>Motivaci\u00f3n: <\/b><span style=\"font-weight: 400;\">emprender nuevos retos ayuda a mantener al trabajador siempre con <\/span><span style=\"font-weight: 400;\">ganas de descubrir nuevas competencias,<\/span><span style=\"font-weight: 400;\"> capacidades y tener la oportunidad de abarcar m\u00e1s funciones en la empresa y progresar a nivel profesional.<\/span><\/p>\n<p><span style=\"font-weight: 400;\">Por lo tanto, es imprescindible que el responsable sea capaz de dedicar una gran cantidad de motivaci\u00f3n y proactividad en los proyectos, sabiendo gestionar los equipos para darles el valor necesario a cada uno de sus integrantes y ser capaz de delegar las tareas necesarias para que entre todos <\/span><b>se alcancen los objetivos propuestos.<\/b><\/p>\n","protected":false},"excerpt":{"rendered":"<p>Ser responsable de una empresa implica mucho m\u00e1s que desempe\u00f1ar unas funciones, normalmente los encargados tienen que sobrellevar<a class=\"moretag\" href=\"https:\/\/empresas.infoempleo.com\/hrtrends\/gestionar-delegar-las-funciones-vitales-responsable\/\"> Leer m\u00e1s<\/a><\/p>\n","protected":false},"author":93,"featured_media":31593,"comment_status":"closed","ping_status":"open","sticky":false,"template":"","format":"standard","meta":{"footnotes":""},"categories":[3035],"tags":[2904,3140],"class_list":["post-31590","post","type-post","status-publish","format-standard","has-post-thumbnail","hentry","category-consejos","tag-delegar","tag-delegar-funciones"],"yoast_head":"<!-- This site is optimized with the Yoast SEO plugin v26.1.1 - https:\/\/yoast.com\/wordpress\/plugins\/seo\/ -->\n<title>Gestionar y delegar: Funciones vitales de un responsable | HRTRENDS<\/title>\n<meta name=\"description\" content=\"Ser responsable de una empresa implica mucho m\u00e1s que desempe\u00f1ar unas funciones, normalmente deberemos delegar y hacerlo de forma eficaz no es sencillo.\" \/>\n<meta name=\"robots\" content=\"index, follow, max-snippet:-1, max-image-preview:large, max-video-preview:-1\" \/>\n<link rel=\"canonical\" href=\"https:\/\/empresas.infoempleo.com\/hrtrends\/gestionar-delegar-las-funciones-vitales-responsable\/\" \/>\n<meta property=\"og:locale\" content=\"es_ES\" \/>\n<meta property=\"og:type\" content=\"article\" \/>\n<meta property=\"og:title\" content=\"Gestionar y delegar: Funciones vitales de un responsable | HRTRENDS\" \/>\n<meta property=\"og:description\" content=\"Ser responsable de una empresa implica mucho m\u00e1s que desempe\u00f1ar unas funciones, normalmente deberemos delegar y hacerlo de forma eficaz no es sencillo.\" \/>\n<meta property=\"og:url\" content=\"https:\/\/empresas.infoempleo.com\/hrtrends\/gestionar-delegar-las-funciones-vitales-responsable\/\" \/>\n<meta property=\"og:site_name\" content=\"HRTRENDS\" \/>\n<meta property=\"article:publisher\" content=\"https:\/\/www.facebook.com\/Infoempleo\" \/>\n<meta property=\"article:published_time\" content=\"2017-11-22T09:02:30+00:00\" \/>\n<meta property=\"article:modified_time\" content=\"2024-08-29T15:49:54+00:00\" \/>\n<meta property=\"og:image\" content=\"https:\/\/empresas.infoempleo.com\/hrtrends\/media\/2017\/11\/workplace-1245776_640.jpg\" \/>\n\t<meta property=\"og:image:width\" content=\"640\" \/>\n\t<meta property=\"og:image:height\" content=\"426\" \/>\n\t<meta property=\"og:image:type\" content=\"image\/jpeg\" \/>\n<meta name=\"author\" content=\"Laura Soler\" \/>\n<meta name=\"twitter:card\" content=\"summary_large_image\" \/>\n<meta name=\"twitter:creator\" content=\"@infoempleo\" \/>\n<meta name=\"twitter:site\" content=\"@infoempleo\" \/>\n<meta name=\"twitter:label1\" content=\"Escrito por\" \/>\n\t<meta name=\"twitter:data1\" content=\"Laura Soler\" \/>\n\t<meta name=\"twitter:label2\" content=\"Tiempo de lectura\" \/>\n\t<meta name=\"twitter:data2\" content=\"3 minutos\" \/>\n<script type=\"application\/ld+json\" class=\"yoast-schema-graph\">{\"@context\":\"https:\/\/schema.org\",\"@graph\":[{\"@type\":\"NewsArticle\",\"@id\":\"https:\/\/empresas.infoempleo.com\/hrtrends\/gestionar-delegar-las-funciones-vitales-responsable\/#article\",\"isPartOf\":{\"@id\":\"https:\/\/empresas.infoempleo.com\/hrtrends\/gestionar-delegar-las-funciones-vitales-responsable\/\"},\"author\":{\"name\":\"Laura Soler\",\"@id\":\"https:\/\/empresas.infoempleo.com\/hrtrends\/#\/schema\/person\/a87831bdb31f0ef865cda025cfa8363d\"},\"headline\":\"Gestionar y delegar: Las funciones vitales de un responsable\",\"datePublished\":\"2017-11-22T09:02:30+00:00\",\"dateModified\":\"2024-08-29T15:49:54+00:00\",\"mainEntityOfPage\":{\"@id\":\"https:\/\/empresas.infoempleo.com\/hrtrends\/gestionar-delegar-las-funciones-vitales-responsable\/\"},\"wordCount\":597,\"publisher\":{\"@id\":\"https:\/\/empresas.infoempleo.com\/hrtrends\/#organization\"},\"image\":{\"@id\":\"https:\/\/empresas.infoempleo.com\/hrtrends\/gestionar-delegar-las-funciones-vitales-responsable\/#primaryimage\"},\"thumbnailUrl\":\"https:\/\/empresas.infoempleo.com\/hrtrends\/media\/2017\/11\/workplace-1245776_640.jpg\",\"keywords\":[\"delegar\",\"delegar funciones\"],\"articleSection\":[\"Consejos\"],\"inLanguage\":\"es\",\"copyrightYear\":\"2017\",\"copyrightHolder\":{\"@id\":\"https:\/\/empresas.infoempleo.com\/hrtrends\/#organization\"}},{\"@type\":\"WebPage\",\"@id\":\"https:\/\/empresas.infoempleo.com\/hrtrends\/gestionar-delegar-las-funciones-vitales-responsable\/\",\"url\":\"https:\/\/empresas.infoempleo.com\/hrtrends\/gestionar-delegar-las-funciones-vitales-responsable\/\",\"name\":\"Gestionar y delegar: Funciones vitales de un responsable | HRTRENDS\",\"isPartOf\":{\"@id\":\"https:\/\/empresas.infoempleo.com\/hrtrends\/#website\"},\"primaryImageOfPage\":{\"@id\":\"https:\/\/empresas.infoempleo.com\/hrtrends\/gestionar-delegar-las-funciones-vitales-responsable\/#primaryimage\"},\"image\":{\"@id\":\"https:\/\/empresas.infoempleo.com\/hrtrends\/gestionar-delegar-las-funciones-vitales-responsable\/#primaryimage\"},\"thumbnailUrl\":\"https:\/\/empresas.infoempleo.com\/hrtrends\/media\/2017\/11\/workplace-1245776_640.jpg\",\"datePublished\":\"2017-11-22T09:02:30+00:00\",\"dateModified\":\"2024-08-29T15:49:54+00:00\",\"description\":\"Ser responsable de una empresa implica mucho m\u00e1s que desempe\u00f1ar unas funciones, normalmente deberemos delegar y hacerlo de forma eficaz no es sencillo.\",\"breadcrumb\":{\"@id\":\"https:\/\/empresas.infoempleo.com\/hrtrends\/gestionar-delegar-las-funciones-vitales-responsable\/#breadcrumb\"},\"inLanguage\":\"es\",\"potentialAction\":[{\"@type\":\"ReadAction\",\"target\":[\"https:\/\/empresas.infoempleo.com\/hrtrends\/gestionar-delegar-las-funciones-vitales-responsable\/\"]}]},{\"@type\":\"ImageObject\",\"inLanguage\":\"es\",\"@id\":\"https:\/\/empresas.infoempleo.com\/hrtrends\/gestionar-delegar-las-funciones-vitales-responsable\/#primaryimage\",\"url\":\"https:\/\/empresas.infoempleo.com\/hrtrends\/media\/2017\/11\/workplace-1245776_640-150x150.jpg\",\"contentUrl\":\"https:\/\/empresas.infoempleo.com\/hrtrends\/media\/2017\/11\/workplace-1245776_640-150x150.jpg\",\"width\":150,\"height\":150,\"caption\":\"delegar responsabilidades\"},{\"@type\":\"BreadcrumbList\",\"@id\":\"https:\/\/empresas.infoempleo.com\/hrtrends\/gestionar-delegar-las-funciones-vitales-responsable\/#breadcrumb\",\"itemListElement\":[{\"@type\":\"ListItem\",\"position\":1,\"name\":\"Portada\",\"item\":\"https:\/\/empresas.infoempleo.com\/hrtrends\/\"},{\"@type\":\"ListItem\",\"position\":2,\"name\":\"Gestionar y delegar: Las funciones vitales de un responsable\"}]},{\"@type\":\"WebSite\",\"@id\":\"https:\/\/empresas.infoempleo.com\/hrtrends\/#website\",\"url\":\"https:\/\/empresas.infoempleo.com\/hrtrends\",\"name\":\"HRTrends by Infoempleo\",\"description\":\"\",\"publisher\":{\"@id\":\"https:\/\/empresas.infoempleo.com\/hrtrends\/#organization\"},\"potentialAction\":{\"@type\":\"SearchAction\",\"target\":\"https:\/\/empresas.infoempleo.com\/hrtrends\/?s={search_term_string}\",\"query-input\":\"required name=search_term_string\"},\"inLanguage\":\"es\"},{\"@type\":\"Organization\",\"@id\":\"https:\/\/empresas.infoempleo.com\/hrtrends\/#organization\",\"name\":\"Infoempleo\",\"url\":\"https:\/\/www.infoempleo.com\/\",\"logo\":{\"@type\":\"ImageObject\",\"@id\":\"https:\/\/empresas.infoempleo.com\/hrtrends\/#logo\",\"inLanguage\":\"es\",\"url\":\"https:\/\/cdnazure.infoempleo.com\/infoempleo\/assets\/style\/gfx\/logo.svg\",\"contentUrl\":\"https:\/\/cdnazure.infoempleo.com\/infoempleo\/assets\/style\/gfx\/logo.svg\",\"width\":150,\"height\":40,\"caption\":\"Infoempleo\"},\"image\":{\"@id\":\"https:\/\/empresas.infoempleo.com\/hrtrends\/#logo\"},\"sameAs\":[\"https:\/\/www.facebook.com\/Infoempleo\",\"https:\/\/x.com\/infoempleo\",\"http:\/\/instagram.com\/infoempleo\/\",\"http:\/\/www.linkedin.com\/groups\/Empleo-Espa\u00f1a-Infoempleocom-111276\",\"http:\/\/pinterest.com\/infoempleo\/\"],\"address\":{\"@type\":\"PostalAddress\",\"addressLocality\":\"Madrid\",\"postalCode\":\"28050\",\"streetAddress\":\"Avenida de Burgos 114\"},\"brand\":[\"Infoempleo\"]},{\"@type\":\"Person\",\"@id\":\"https:\/\/empresas.infoempleo.com\/hrtrends\/#\/schema\/person\/a87831bdb31f0ef865cda025cfa8363d\",\"name\":\"Laura Soler\",\"image\":{\"@type\":\"ImageObject\",\"inLanguage\":\"es\",\"@id\":\"https:\/\/empresas.infoempleo.com\/hrtrends\/#\/schema\/person\/image\/\",\"url\":\"https:\/\/secure.gravatar.com\/avatar\/a849b9e29c141525eaf83f6f13a6c1442db43088835ada5a24322f59598e8fb5?s=96&d=mm&r=g\",\"contentUrl\":\"https:\/\/secure.gravatar.com\/avatar\/a849b9e29c141525eaf83f6f13a6c1442db43088835ada5a24322f59598e8fb5?s=96&d=mm&r=g\",\"caption\":\"Laura Soler\"},\"description\":\"Redactora, estudiante de m\u00e1ster en Relaciones Laborales y apasionada del coaching empresarial.\",\"url\":\"https:\/\/empresas.infoempleo.com\/hrtrends\/author\/laura-soler\/\"}]}<\/script>\n<!-- \/ Yoast SEO plugin. -->","yoast_head_json":{"title":"Gestionar y delegar: Funciones vitales de un responsable | HRTRENDS","description":"Ser responsable de una empresa implica mucho m\u00e1s que desempe\u00f1ar unas funciones, normalmente deberemos delegar y hacerlo de forma eficaz no es sencillo.","robots":{"index":"index","follow":"follow","max-snippet":"max-snippet:-1","max-image-preview":"max-image-preview:large","max-video-preview":"max-video-preview:-1"},"canonical":"https:\/\/empresas.infoempleo.com\/hrtrends\/gestionar-delegar-las-funciones-vitales-responsable\/","og_locale":"es_ES","og_type":"article","og_title":"Gestionar y delegar: Funciones vitales de un responsable | HRTRENDS","og_description":"Ser responsable de una empresa implica mucho m\u00e1s que desempe\u00f1ar unas funciones, normalmente deberemos delegar y hacerlo de forma eficaz no es sencillo.","og_url":"https:\/\/empresas.infoempleo.com\/hrtrends\/gestionar-delegar-las-funciones-vitales-responsable\/","og_site_name":"HRTRENDS","article_publisher":"https:\/\/www.facebook.com\/Infoempleo","article_published_time":"2017-11-22T09:02:30+00:00","article_modified_time":"2024-08-29T15:49:54+00:00","og_image":[{"width":640,"height":426,"url":"https:\/\/empresas.infoempleo.com\/hrtrends\/media\/2017\/11\/workplace-1245776_640.jpg","type":"image\/jpeg"}],"author":"Laura Soler","twitter_card":"summary_large_image","twitter_creator":"@infoempleo","twitter_site":"@infoempleo","twitter_misc":{"Escrito por":"Laura Soler","Tiempo de lectura":"3 minutos"},"schema":{"@context":"https:\/\/schema.org","@graph":[{"@type":"NewsArticle","@id":"https:\/\/empresas.infoempleo.com\/hrtrends\/gestionar-delegar-las-funciones-vitales-responsable\/#article","isPartOf":{"@id":"https:\/\/empresas.infoempleo.com\/hrtrends\/gestionar-delegar-las-funciones-vitales-responsable\/"},"author":{"name":"Laura Soler","@id":"https:\/\/empresas.infoempleo.com\/hrtrends\/#\/schema\/person\/a87831bdb31f0ef865cda025cfa8363d"},"headline":"Gestionar y delegar: Las funciones vitales de un responsable","datePublished":"2017-11-22T09:02:30+00:00","dateModified":"2024-08-29T15:49:54+00:00","mainEntityOfPage":{"@id":"https:\/\/empresas.infoempleo.com\/hrtrends\/gestionar-delegar-las-funciones-vitales-responsable\/"},"wordCount":597,"publisher":{"@id":"https:\/\/empresas.infoempleo.com\/hrtrends\/#organization"},"image":{"@id":"https:\/\/empresas.infoempleo.com\/hrtrends\/gestionar-delegar-las-funciones-vitales-responsable\/#primaryimage"},"thumbnailUrl":"https:\/\/empresas.infoempleo.com\/hrtrends\/media\/2017\/11\/workplace-1245776_640.jpg","keywords":["delegar","delegar funciones"],"articleSection":["Consejos"],"inLanguage":"es","copyrightYear":"2017","copyrightHolder":{"@id":"https:\/\/empresas.infoempleo.com\/hrtrends\/#organization"}},{"@type":"WebPage","@id":"https:\/\/empresas.infoempleo.com\/hrtrends\/gestionar-delegar-las-funciones-vitales-responsable\/","url":"https:\/\/empresas.infoempleo.com\/hrtrends\/gestionar-delegar-las-funciones-vitales-responsable\/","name":"Gestionar y delegar: Funciones vitales de un responsable | HRTRENDS","isPartOf":{"@id":"https:\/\/empresas.infoempleo.com\/hrtrends\/#website"},"primaryImageOfPage":{"@id":"https:\/\/empresas.infoempleo.com\/hrtrends\/gestionar-delegar-las-funciones-vitales-responsable\/#primaryimage"},"image":{"@id":"https:\/\/empresas.infoempleo.com\/hrtrends\/gestionar-delegar-las-funciones-vitales-responsable\/#primaryimage"},"thumbnailUrl":"https:\/\/empresas.infoempleo.com\/hrtrends\/media\/2017\/11\/workplace-1245776_640.jpg","datePublished":"2017-11-22T09:02:30+00:00","dateModified":"2024-08-29T15:49:54+00:00","description":"Ser responsable de una empresa implica mucho m\u00e1s que desempe\u00f1ar unas funciones, normalmente deberemos delegar y hacerlo de forma eficaz no es sencillo.","breadcrumb":{"@id":"https:\/\/empresas.infoempleo.com\/hrtrends\/gestionar-delegar-las-funciones-vitales-responsable\/#breadcrumb"},"inLanguage":"es","potentialAction":[{"@type":"ReadAction","target":["https:\/\/empresas.infoempleo.com\/hrtrends\/gestionar-delegar-las-funciones-vitales-responsable\/"]}]},{"@type":"ImageObject","inLanguage":"es","@id":"https:\/\/empresas.infoempleo.com\/hrtrends\/gestionar-delegar-las-funciones-vitales-responsable\/#primaryimage","url":"https:\/\/empresas.infoempleo.com\/hrtrends\/media\/2017\/11\/workplace-1245776_640-150x150.jpg","contentUrl":"https:\/\/empresas.infoempleo.com\/hrtrends\/media\/2017\/11\/workplace-1245776_640-150x150.jpg","width":150,"height":150,"caption":"delegar responsabilidades"},{"@type":"BreadcrumbList","@id":"https:\/\/empresas.infoempleo.com\/hrtrends\/gestionar-delegar-las-funciones-vitales-responsable\/#breadcrumb","itemListElement":[{"@type":"ListItem","position":1,"name":"Portada","item":"https:\/\/empresas.infoempleo.com\/hrtrends\/"},{"@type":"ListItem","position":2,"name":"Gestionar y delegar: Las funciones vitales de un responsable"}]},{"@type":"WebSite","@id":"https:\/\/empresas.infoempleo.com\/hrtrends\/#website","url":"https:\/\/empresas.infoempleo.com\/hrtrends","name":"HRTrends by Infoempleo","description":"","publisher":{"@id":"https:\/\/empresas.infoempleo.com\/hrtrends\/#organization"},"potentialAction":{"@type":"SearchAction","target":"https:\/\/empresas.infoempleo.com\/hrtrends\/?s={search_term_string}","query-input":"required name=search_term_string"},"inLanguage":"es"},{"@type":"Organization","@id":"https:\/\/empresas.infoempleo.com\/hrtrends\/#organization","name":"Infoempleo","url":"https:\/\/www.infoempleo.com\/","logo":{"@type":"ImageObject","@id":"https:\/\/empresas.infoempleo.com\/hrtrends\/#logo","inLanguage":"es","url":"https:\/\/cdnazure.infoempleo.com\/infoempleo\/assets\/style\/gfx\/logo.svg","contentUrl":"https:\/\/cdnazure.infoempleo.com\/infoempleo\/assets\/style\/gfx\/logo.svg","width":150,"height":40,"caption":"Infoempleo"},"image":{"@id":"https:\/\/empresas.infoempleo.com\/hrtrends\/#logo"},"sameAs":["https:\/\/www.facebook.com\/Infoempleo","https:\/\/x.com\/infoempleo","http:\/\/instagram.com\/infoempleo\/","http:\/\/www.linkedin.com\/groups\/Empleo-Espa\u00f1a-Infoempleocom-111276","http:\/\/pinterest.com\/infoempleo\/"],"address":{"@type":"PostalAddress","addressLocality":"Madrid","postalCode":"28050","streetAddress":"Avenida de Burgos 114"},"brand":["Infoempleo"]},{"@type":"Person","@id":"https:\/\/empresas.infoempleo.com\/hrtrends\/#\/schema\/person\/a87831bdb31f0ef865cda025cfa8363d","name":"Laura Soler","image":{"@type":"ImageObject","inLanguage":"es","@id":"https:\/\/empresas.infoempleo.com\/hrtrends\/#\/schema\/person\/image\/","url":"https:\/\/secure.gravatar.com\/avatar\/a849b9e29c141525eaf83f6f13a6c1442db43088835ada5a24322f59598e8fb5?s=96&d=mm&r=g","contentUrl":"https:\/\/secure.gravatar.com\/avatar\/a849b9e29c141525eaf83f6f13a6c1442db43088835ada5a24322f59598e8fb5?s=96&d=mm&r=g","caption":"Laura Soler"},"description":"Redactora, estudiante de m\u00e1ster en Relaciones Laborales y apasionada del coaching empresarial.","url":"https:\/\/empresas.infoempleo.com\/hrtrends\/author\/laura-soler\/"}]}},"amp_enabled":true,"_links":{"self":[{"href":"https:\/\/empresas.infoempleo.com\/hrtrends\/wp-json\/wp\/v2\/posts\/31590","targetHints":{"allow":["GET"]}}],"collection":[{"href":"https:\/\/empresas.infoempleo.com\/hrtrends\/wp-json\/wp\/v2\/posts"}],"about":[{"href":"https:\/\/empresas.infoempleo.com\/hrtrends\/wp-json\/wp\/v2\/types\/post"}],"author":[{"embeddable":true,"href":"https:\/\/empresas.infoempleo.com\/hrtrends\/wp-json\/wp\/v2\/users\/93"}],"replies":[{"embeddable":true,"href":"https:\/\/empresas.infoempleo.com\/hrtrends\/wp-json\/wp\/v2\/comments?post=31590"}],"version-history":[{"count":3,"href":"https:\/\/empresas.infoempleo.com\/hrtrends\/wp-json\/wp\/v2\/posts\/31590\/revisions"}],"predecessor-version":[{"id":45406,"href":"https:\/\/empresas.infoempleo.com\/hrtrends\/wp-json\/wp\/v2\/posts\/31590\/revisions\/45406"}],"wp:featuredmedia":[{"embeddable":true,"href":"https:\/\/empresas.infoempleo.com\/hrtrends\/wp-json\/wp\/v2\/media\/31593"}],"wp:attachment":[{"href":"https:\/\/empresas.infoempleo.com\/hrtrends\/wp-json\/wp\/v2\/media?parent=31590"}],"wp:term":[{"taxonomy":"category","embeddable":true,"href":"https:\/\/empresas.infoempleo.com\/hrtrends\/wp-json\/wp\/v2\/categories?post=31590"},{"taxonomy":"post_tag","embeddable":true,"href":"https:\/\/empresas.infoempleo.com\/hrtrends\/wp-json\/wp\/v2\/tags?post=31590"}],"curies":[{"name":"wp","href":"https:\/\/api.w.org\/{rel}","templated":true}]}}