{"id":31516,"date":"2015-09-15T10:36:57","date_gmt":"2015-09-15T08:36:57","guid":{"rendered":"https:\/\/empresas.infoempleo.com\/hrtrends\/?p=31516"},"modified":"2023-03-13T19:03:16","modified_gmt":"2023-03-13T17:03:16","slug":"como-motivar-a-los-empleados-para-mejorar-su-productividad","status":"publish","type":"post","link":"https:\/\/empresas.infoempleo.com\/hrtrends\/como-motivar-a-los-empleados-para-mejorar-su-productividad\/","title":{"rendered":"C\u00f3mo motivar a los empleados para mejorar su productividad"},"content":{"rendered":"<p>Al trabajo, en principio, uno no va a jugar, \u00bfverdad? Pues no es del todo cierto. Algunos piensan que el juego debe formar parte de determinados procesos en la actividad laboral. Se trata de la <strong>gamificaci\u00f3n<\/strong>, que es el procedimiento mediante el cual una labor se ejecuta de una forma l\u00fadica. Llega la innovaci\u00f3n a la gesti\u00f3n del capital humano.<\/p>\n<p><!--more--><\/p>\n<p>Esta t\u00e9cnica seduce cada vez m\u00e1s a los departamentos de recursos humanos, ya que por esta v\u00eda la <strong>motivaci\u00f3n de la plantilla aumenta considerablemente<\/strong>. Y si la plantilla est\u00e1 motivada todo va bien, todo fluye. Mejora el ambiente, mejoran las ventas y, en definitiva, mejoran los resultados. En las principales empresas tecnol\u00f3gicas del mundo lo saben y nos lo cuentan todos los d\u00edas. \u00bfQui\u00e9n no ha o\u00eddo hablar de c\u00f3mo se lo pasan los empleados de Google?<\/p>\n<p>Con el fin de <strong>avanzar en la difusi\u00f3n de la motivaci\u00f3n <\/strong>a trav\u00e9s de t\u00e9cnicas como esta, se ha creado un encuentro <strong>dirigido a profesionales de los recursos humanos y m\u00e1rketing<\/strong> en el que participa Infoempleo.<\/p>\n<p><a href=\"https:\/\/motivacionymas.com\/\" target=\"_blank\" rel=\"noopener noreferrer\">Motivaci\u00f3n y m\u00e1s<\/a> se encargar\u00e1 de organizar y dinamizar el encuentro <a href=\"https:\/\/motivacionymas.com\/encuentro\/index.php\" target=\"_blank\" rel=\"noopener noreferrer\" class=\"broken_link\">Motivaci\u00f3n<\/a>, del que se cumple ya su cuarta edici\u00f3n. Tendr\u00e1 lugar el d\u00eda 28 de septiembre en el Hotel NH Madrid Ventas en la capital.<\/p>\n<h3><strong>Innovar en la motivaci\u00f3n<\/strong><\/h3>\n<p>El programa estar\u00e1 centrado en acercar las nuevas tecnolog\u00edas a los centros de trabajo como forma para fomentar el compromiso y de motivar. Tambi\u00e9n en c\u00f3mo <strong>implementar el <em>big data<\/em><\/strong> en la gesti\u00f3n del capital humano, de qu\u00e9 forma hacer atractivos los procesos a los <strong>nativos digitales<\/strong>, c\u00f3mo combatir la brecha digital a la que se asoman los m\u00e1s veteranos y que es fuente de insatisfacci\u00f3n y mal ambiente o c\u00f3mo utilizar las <strong>TIC para mejorar los procesos de toma de decisiones. <\/strong><\/p>\n<p>Contar\u00e1\u00a0con ponencias de expertos de prestigio,\u00a0<strong>responsables de innovaci\u00f3n<\/strong>\u00a0y directivos de departamentos de ventas, que hablar\u00e1n de la gamificaci\u00f3n en las transacciones o los procesos de adaptaci\u00f3n a los entornos tecnol\u00f3gicos, el <em>coaching<\/em>, el reclutamiento digital y\u00a0la gesti\u00f3n masiva de datos. Habr\u00e1 tambi\u00e9n\u00a0<strong>mesas redondas con directores de recursos humanos<\/strong> en las que se debatir\u00e1n las formas de integraci\u00f3n en los equipos de las nuevas generaciones de empleados con sus altas habilidades tecnol\u00f3gicas, el papel en <strong>redes sociales de los departamentos de RRHH<\/strong> o c\u00f3mo afecta la irrupci\u00f3n de lo digital en la cultura corporativa y en las distintas \u00e1reas de una compa\u00f1\u00eda.<\/p>\n","protected":false},"excerpt":{"rendered":"<p>Al trabajo, en principio, uno no va a jugar, \u00bfverdad? Pues no es del todo cierto. Algunos piensan<a class=\"moretag\" href=\"https:\/\/empresas.infoempleo.com\/hrtrends\/como-motivar-a-los-empleados-para-mejorar-su-productividad\/\"> Leer m\u00e1s<\/a><\/p>\n","protected":false},"author":29,"featured_media":31518,"comment_status":"closed","ping_status":"open","sticky":false,"template":"","format":"standard","meta":{"footnotes":""},"categories":[3],"tags":[2931,274],"class_list":["post-31516","post","type-post","status-publish","format-standard","has-post-thumbnail","hentry","category-actualidad","tag-big-data","tag-motivacion"],"yoast_head":"<!-- This site is optimized with the Yoast SEO plugin v26.1.1 - https:\/\/yoast.com\/wordpress\/plugins\/seo\/ -->\n<title>C\u00f3mo motivar a los empleados para mejorar su productividad | HRTRENDS<\/title>\n<meta name=\"robots\" content=\"index, follow, max-snippet:-1, max-image-preview:large, max-video-preview:-1\" \/>\n<link rel=\"canonical\" href=\"https:\/\/empresas.infoempleo.com\/hrtrends\/como-motivar-a-los-empleados-para-mejorar-su-productividad\/\" \/>\n<meta property=\"og:locale\" content=\"es_ES\" \/>\n<meta property=\"og:type\" content=\"article\" \/>\n<meta property=\"og:title\" content=\"C\u00f3mo motivar a los empleados para mejorar su productividad | HRTRENDS\" \/>\n<meta property=\"og:description\" content=\"Al trabajo, en principio, uno no va a jugar, \u00bfverdad? Pues no es del todo cierto. Algunos piensan Leer m\u00e1s\" \/>\n<meta property=\"og:url\" content=\"https:\/\/empresas.infoempleo.com\/hrtrends\/como-motivar-a-los-empleados-para-mejorar-su-productividad\/\" \/>\n<meta property=\"og:site_name\" content=\"HRTRENDS\" \/>\n<meta property=\"article:publisher\" content=\"https:\/\/www.facebook.com\/Infoempleo\" \/>\n<meta property=\"article:published_time\" content=\"2015-09-15T08:36:57+00:00\" \/>\n<meta property=\"article:modified_time\" content=\"2023-03-13T17:03:16+00:00\" \/>\n<meta property=\"og:image\" content=\"https:\/\/empresas.infoempleo.com\/hrtrends\/media\/2015\/09\/pexels-photo-347135.jpeg\" \/>\n\t<meta property=\"og:image:width\" content=\"1140\" \/>\n\t<meta property=\"og:image:height\" content=\"761\" \/>\n\t<meta property=\"og:image:type\" content=\"image\/jpeg\" \/>\n<meta name=\"author\" content=\"Luisa Carrasco\" \/>\n<meta name=\"twitter:card\" content=\"summary_large_image\" \/>\n<meta name=\"twitter:creator\" content=\"@infoempleo\" \/>\n<meta name=\"twitter:site\" content=\"@infoempleo\" \/>\n<meta name=\"twitter:label1\" content=\"Escrito por\" \/>\n\t<meta name=\"twitter:data1\" content=\"Luisa Carrasco\" \/>\n\t<meta name=\"twitter:label2\" content=\"Tiempo de lectura\" \/>\n\t<meta name=\"twitter:data2\" content=\"2 minutos\" \/>\n<script type=\"application\/ld+json\" class=\"yoast-schema-graph\">{\"@context\":\"https:\/\/schema.org\",\"@graph\":[{\"@type\":\"NewsArticle\",\"@id\":\"https:\/\/empresas.infoempleo.com\/hrtrends\/como-motivar-a-los-empleados-para-mejorar-su-productividad\/#article\",\"isPartOf\":{\"@id\":\"https:\/\/empresas.infoempleo.com\/hrtrends\/como-motivar-a-los-empleados-para-mejorar-su-productividad\/\"},\"author\":{\"name\":\"Luisa Carrasco\",\"@id\":\"https:\/\/empresas.infoempleo.com\/hrtrends\/#\/schema\/person\/32ca57975913668419d075627a98dafe\"},\"headline\":\"C\u00f3mo motivar a los empleados para mejorar su productividad\",\"datePublished\":\"2015-09-15T08:36:57+00:00\",\"dateModified\":\"2023-03-13T17:03:16+00:00\",\"mainEntityOfPage\":{\"@id\":\"https:\/\/empresas.infoempleo.com\/hrtrends\/como-motivar-a-los-empleados-para-mejorar-su-productividad\/\"},\"wordCount\":455,\"publisher\":{\"@id\":\"https:\/\/empresas.infoempleo.com\/hrtrends\/#organization\"},\"image\":{\"@id\":\"https:\/\/empresas.infoempleo.com\/hrtrends\/como-motivar-a-los-empleados-para-mejorar-su-productividad\/#primaryimage\"},\"thumbnailUrl\":\"https:\/\/empresas.infoempleo.com\/hrtrends\/media\/2015\/09\/pexels-photo-347135.jpeg\",\"keywords\":[\"big data\",\"motivaci\u00f3n\"],\"articleSection\":[\"Actualidad\"],\"inLanguage\":\"es\",\"copyrightYear\":\"2015\",\"copyrightHolder\":{\"@id\":\"https:\/\/empresas.infoempleo.com\/hrtrends\/#organization\"}},{\"@type\":\"WebPage\",\"@id\":\"https:\/\/empresas.infoempleo.com\/hrtrends\/como-motivar-a-los-empleados-para-mejorar-su-productividad\/\",\"url\":\"https:\/\/empresas.infoempleo.com\/hrtrends\/como-motivar-a-los-empleados-para-mejorar-su-productividad\/\",\"name\":\"C\u00f3mo motivar a los empleados para mejorar su productividad | HRTRENDS\",\"isPartOf\":{\"@id\":\"https:\/\/empresas.infoempleo.com\/hrtrends\/#website\"},\"primaryImageOfPage\":{\"@id\":\"https:\/\/empresas.infoempleo.com\/hrtrends\/como-motivar-a-los-empleados-para-mejorar-su-productividad\/#primaryimage\"},\"image\":{\"@id\":\"https:\/\/empresas.infoempleo.com\/hrtrends\/como-motivar-a-los-empleados-para-mejorar-su-productividad\/#primaryimage\"},\"thumbnailUrl\":\"https:\/\/empresas.infoempleo.com\/hrtrends\/media\/2015\/09\/pexels-photo-347135.jpeg\",\"datePublished\":\"2015-09-15T08:36:57+00:00\",\"dateModified\":\"2023-03-13T17:03:16+00:00\",\"breadcrumb\":{\"@id\":\"https:\/\/empresas.infoempleo.com\/hrtrends\/como-motivar-a-los-empleados-para-mejorar-su-productividad\/#breadcrumb\"},\"inLanguage\":\"es\",\"potentialAction\":[{\"@type\":\"ReadAction\",\"target\":[\"https:\/\/empresas.infoempleo.com\/hrtrends\/como-motivar-a-los-empleados-para-mejorar-su-productividad\/\"]}]},{\"@type\":\"ImageObject\",\"inLanguage\":\"es\",\"@id\":\"https:\/\/empresas.infoempleo.com\/hrtrends\/como-motivar-a-los-empleados-para-mejorar-su-productividad\/#primaryimage\",\"url\":\"https:\/\/empresas.infoempleo.com\/hrtrends\/media\/2015\/09\/pexels-photo-347135-150x150.jpeg\",\"contentUrl\":\"https:\/\/empresas.infoempleo.com\/hrtrends\/media\/2015\/09\/pexels-photo-347135-150x150.jpeg\",\"width\":150,\"height\":150,\"caption\":\"c\u00f3mo motivar a los empleados\"},{\"@type\":\"BreadcrumbList\",\"@id\":\"https:\/\/empresas.infoempleo.com\/hrtrends\/como-motivar-a-los-empleados-para-mejorar-su-productividad\/#breadcrumb\",\"itemListElement\":[{\"@type\":\"ListItem\",\"position\":1,\"name\":\"Portada\",\"item\":\"https:\/\/empresas.infoempleo.com\/hrtrends\/\"},{\"@type\":\"ListItem\",\"position\":2,\"name\":\"C\u00f3mo motivar a los empleados para mejorar su productividad\"}]},{\"@type\":\"WebSite\",\"@id\":\"https:\/\/empresas.infoempleo.com\/hrtrends\/#website\",\"url\":\"https:\/\/empresas.infoempleo.com\/hrtrends\",\"name\":\"HRTrends by Infoempleo\",\"description\":\"\",\"publisher\":{\"@id\":\"https:\/\/empresas.infoempleo.com\/hrtrends\/#organization\"},\"potentialAction\":{\"@type\":\"SearchAction\",\"target\":\"https:\/\/empresas.infoempleo.com\/hrtrends\/?s={search_term_string}\",\"query-input\":\"required name=search_term_string\"},\"inLanguage\":\"es\"},{\"@type\":\"Organization\",\"@id\":\"https:\/\/empresas.infoempleo.com\/hrtrends\/#organization\",\"name\":\"Infoempleo\",\"url\":\"https:\/\/www.infoempleo.com\/\",\"logo\":{\"@type\":\"ImageObject\",\"@id\":\"https:\/\/empresas.infoempleo.com\/hrtrends\/#logo\",\"inLanguage\":\"es\",\"url\":\"https:\/\/cdnazure.infoempleo.com\/infoempleo\/assets\/style\/gfx\/logo.svg\",\"contentUrl\":\"https:\/\/cdnazure.infoempleo.com\/infoempleo\/assets\/style\/gfx\/logo.svg\",\"width\":150,\"height\":40,\"caption\":\"Infoempleo\"},\"image\":{\"@id\":\"https:\/\/empresas.infoempleo.com\/hrtrends\/#logo\"},\"sameAs\":[\"https:\/\/www.facebook.com\/Infoempleo\",\"https:\/\/x.com\/infoempleo\",\"http:\/\/instagram.com\/infoempleo\/\",\"http:\/\/www.linkedin.com\/groups\/Empleo-Espa\u00f1a-Infoempleocom-111276\",\"http:\/\/pinterest.com\/infoempleo\/\"],\"address\":{\"@type\":\"PostalAddress\",\"addressLocality\":\"Madrid\",\"postalCode\":\"28050\",\"streetAddress\":\"Avenida de Burgos 114\"},\"brand\":[\"Infoempleo\"]},{\"@type\":\"Person\",\"@id\":\"https:\/\/empresas.infoempleo.com\/hrtrends\/#\/schema\/person\/32ca57975913668419d075627a98dafe\",\"name\":\"Luisa Carrasco\",\"image\":{\"@type\":\"ImageObject\",\"inLanguage\":\"es\",\"@id\":\"https:\/\/empresas.infoempleo.com\/hrtrends\/#\/schema\/person\/image\/\",\"url\":\"https:\/\/secure.gravatar.com\/avatar\/8cc7d7a784a8289007bbfddcef37ed7157c6ae70e89183748ddf5858d9133c86?s=96&d=mm&r=g\",\"contentUrl\":\"https:\/\/secure.gravatar.com\/avatar\/8cc7d7a784a8289007bbfddcef37ed7157c6ae70e89183748ddf5858d9133c86?s=96&d=mm&r=g\",\"caption\":\"Luisa Carrasco\"},\"description\":\"Licenciada en Sociolog\u00eda y posgrado en gesti\u00f3n de la comunicaci\u00f3n para organizaciones culturales. Me interesa todo lo que tiene que ver con la organizaci\u00f3n e integraci\u00f3n de los distintos agentes sociales. El \u00e1mbito laboral y el de la educaci\u00f3n y formaci\u00f3n es el punto de encuentro de gran parte de estos actores. Estoy al tanto de los temas de actualidad laboral, las tendencias en el mercado del trabajo, las nuevas iniciativas en el tejido empresarial y las propuestas de innovaci\u00f3n en materia de educaci\u00f3n y formaci\u00f3n. Por lo general, escribo en el blog de Infoempleo tres veces por semana.\",\"url\":\"https:\/\/empresas.infoempleo.com\/hrtrends\/author\/luisaagenciayerro\/\"}]}<\/script>\n<!-- \/ Yoast SEO plugin. -->","yoast_head_json":{"title":"C\u00f3mo motivar a los empleados para mejorar su productividad | HRTRENDS","robots":{"index":"index","follow":"follow","max-snippet":"max-snippet:-1","max-image-preview":"max-image-preview:large","max-video-preview":"max-video-preview:-1"},"canonical":"https:\/\/empresas.infoempleo.com\/hrtrends\/como-motivar-a-los-empleados-para-mejorar-su-productividad\/","og_locale":"es_ES","og_type":"article","og_title":"C\u00f3mo motivar a los empleados para mejorar su productividad | HRTRENDS","og_description":"Al trabajo, en principio, uno no va a jugar, \u00bfverdad? Pues no es del todo cierto. Algunos piensan Leer m\u00e1s","og_url":"https:\/\/empresas.infoempleo.com\/hrtrends\/como-motivar-a-los-empleados-para-mejorar-su-productividad\/","og_site_name":"HRTRENDS","article_publisher":"https:\/\/www.facebook.com\/Infoempleo","article_published_time":"2015-09-15T08:36:57+00:00","article_modified_time":"2023-03-13T17:03:16+00:00","og_image":[{"width":1140,"height":761,"url":"https:\/\/empresas.infoempleo.com\/hrtrends\/media\/2015\/09\/pexels-photo-347135.jpeg","type":"image\/jpeg"}],"author":"Luisa Carrasco","twitter_card":"summary_large_image","twitter_creator":"@infoempleo","twitter_site":"@infoempleo","twitter_misc":{"Escrito por":"Luisa Carrasco","Tiempo de lectura":"2 minutos"},"schema":{"@context":"https:\/\/schema.org","@graph":[{"@type":"NewsArticle","@id":"https:\/\/empresas.infoempleo.com\/hrtrends\/como-motivar-a-los-empleados-para-mejorar-su-productividad\/#article","isPartOf":{"@id":"https:\/\/empresas.infoempleo.com\/hrtrends\/como-motivar-a-los-empleados-para-mejorar-su-productividad\/"},"author":{"name":"Luisa Carrasco","@id":"https:\/\/empresas.infoempleo.com\/hrtrends\/#\/schema\/person\/32ca57975913668419d075627a98dafe"},"headline":"C\u00f3mo motivar a los empleados para mejorar su productividad","datePublished":"2015-09-15T08:36:57+00:00","dateModified":"2023-03-13T17:03:16+00:00","mainEntityOfPage":{"@id":"https:\/\/empresas.infoempleo.com\/hrtrends\/como-motivar-a-los-empleados-para-mejorar-su-productividad\/"},"wordCount":455,"publisher":{"@id":"https:\/\/empresas.infoempleo.com\/hrtrends\/#organization"},"image":{"@id":"https:\/\/empresas.infoempleo.com\/hrtrends\/como-motivar-a-los-empleados-para-mejorar-su-productividad\/#primaryimage"},"thumbnailUrl":"https:\/\/empresas.infoempleo.com\/hrtrends\/media\/2015\/09\/pexels-photo-347135.jpeg","keywords":["big data","motivaci\u00f3n"],"articleSection":["Actualidad"],"inLanguage":"es","copyrightYear":"2015","copyrightHolder":{"@id":"https:\/\/empresas.infoempleo.com\/hrtrends\/#organization"}},{"@type":"WebPage","@id":"https:\/\/empresas.infoempleo.com\/hrtrends\/como-motivar-a-los-empleados-para-mejorar-su-productividad\/","url":"https:\/\/empresas.infoempleo.com\/hrtrends\/como-motivar-a-los-empleados-para-mejorar-su-productividad\/","name":"C\u00f3mo motivar a los empleados para mejorar su productividad | HRTRENDS","isPartOf":{"@id":"https:\/\/empresas.infoempleo.com\/hrtrends\/#website"},"primaryImageOfPage":{"@id":"https:\/\/empresas.infoempleo.com\/hrtrends\/como-motivar-a-los-empleados-para-mejorar-su-productividad\/#primaryimage"},"image":{"@id":"https:\/\/empresas.infoempleo.com\/hrtrends\/como-motivar-a-los-empleados-para-mejorar-su-productividad\/#primaryimage"},"thumbnailUrl":"https:\/\/empresas.infoempleo.com\/hrtrends\/media\/2015\/09\/pexels-photo-347135.jpeg","datePublished":"2015-09-15T08:36:57+00:00","dateModified":"2023-03-13T17:03:16+00:00","breadcrumb":{"@id":"https:\/\/empresas.infoempleo.com\/hrtrends\/como-motivar-a-los-empleados-para-mejorar-su-productividad\/#breadcrumb"},"inLanguage":"es","potentialAction":[{"@type":"ReadAction","target":["https:\/\/empresas.infoempleo.com\/hrtrends\/como-motivar-a-los-empleados-para-mejorar-su-productividad\/"]}]},{"@type":"ImageObject","inLanguage":"es","@id":"https:\/\/empresas.infoempleo.com\/hrtrends\/como-motivar-a-los-empleados-para-mejorar-su-productividad\/#primaryimage","url":"https:\/\/empresas.infoempleo.com\/hrtrends\/media\/2015\/09\/pexels-photo-347135-150x150.jpeg","contentUrl":"https:\/\/empresas.infoempleo.com\/hrtrends\/media\/2015\/09\/pexels-photo-347135-150x150.jpeg","width":150,"height":150,"caption":"c\u00f3mo motivar a los empleados"},{"@type":"BreadcrumbList","@id":"https:\/\/empresas.infoempleo.com\/hrtrends\/como-motivar-a-los-empleados-para-mejorar-su-productividad\/#breadcrumb","itemListElement":[{"@type":"ListItem","position":1,"name":"Portada","item":"https:\/\/empresas.infoempleo.com\/hrtrends\/"},{"@type":"ListItem","position":2,"name":"C\u00f3mo motivar a los empleados para mejorar su productividad"}]},{"@type":"WebSite","@id":"https:\/\/empresas.infoempleo.com\/hrtrends\/#website","url":"https:\/\/empresas.infoempleo.com\/hrtrends","name":"HRTrends by Infoempleo","description":"","publisher":{"@id":"https:\/\/empresas.infoempleo.com\/hrtrends\/#organization"},"potentialAction":{"@type":"SearchAction","target":"https:\/\/empresas.infoempleo.com\/hrtrends\/?s={search_term_string}","query-input":"required name=search_term_string"},"inLanguage":"es"},{"@type":"Organization","@id":"https:\/\/empresas.infoempleo.com\/hrtrends\/#organization","name":"Infoempleo","url":"https:\/\/www.infoempleo.com\/","logo":{"@type":"ImageObject","@id":"https:\/\/empresas.infoempleo.com\/hrtrends\/#logo","inLanguage":"es","url":"https:\/\/cdnazure.infoempleo.com\/infoempleo\/assets\/style\/gfx\/logo.svg","contentUrl":"https:\/\/cdnazure.infoempleo.com\/infoempleo\/assets\/style\/gfx\/logo.svg","width":150,"height":40,"caption":"Infoempleo"},"image":{"@id":"https:\/\/empresas.infoempleo.com\/hrtrends\/#logo"},"sameAs":["https:\/\/www.facebook.com\/Infoempleo","https:\/\/x.com\/infoempleo","http:\/\/instagram.com\/infoempleo\/","http:\/\/www.linkedin.com\/groups\/Empleo-Espa\u00f1a-Infoempleocom-111276","http:\/\/pinterest.com\/infoempleo\/"],"address":{"@type":"PostalAddress","addressLocality":"Madrid","postalCode":"28050","streetAddress":"Avenida de Burgos 114"},"brand":["Infoempleo"]},{"@type":"Person","@id":"https:\/\/empresas.infoempleo.com\/hrtrends\/#\/schema\/person\/32ca57975913668419d075627a98dafe","name":"Luisa Carrasco","image":{"@type":"ImageObject","inLanguage":"es","@id":"https:\/\/empresas.infoempleo.com\/hrtrends\/#\/schema\/person\/image\/","url":"https:\/\/secure.gravatar.com\/avatar\/8cc7d7a784a8289007bbfddcef37ed7157c6ae70e89183748ddf5858d9133c86?s=96&d=mm&r=g","contentUrl":"https:\/\/secure.gravatar.com\/avatar\/8cc7d7a784a8289007bbfddcef37ed7157c6ae70e89183748ddf5858d9133c86?s=96&d=mm&r=g","caption":"Luisa Carrasco"},"description":"Licenciada en Sociolog\u00eda y posgrado en gesti\u00f3n de la comunicaci\u00f3n para organizaciones culturales. Me interesa todo lo que tiene que ver con la organizaci\u00f3n e integraci\u00f3n de los distintos agentes sociales. El \u00e1mbito laboral y el de la educaci\u00f3n y formaci\u00f3n es el punto de encuentro de gran parte de estos actores. Estoy al tanto de los temas de actualidad laboral, las tendencias en el mercado del trabajo, las nuevas iniciativas en el tejido empresarial y las propuestas de innovaci\u00f3n en materia de educaci\u00f3n y formaci\u00f3n. Por lo general, escribo en el blog de Infoempleo tres veces por semana.","url":"https:\/\/empresas.infoempleo.com\/hrtrends\/author\/luisaagenciayerro\/"}]}},"amp_enabled":true,"_links":{"self":[{"href":"https:\/\/empresas.infoempleo.com\/hrtrends\/wp-json\/wp\/v2\/posts\/31516","targetHints":{"allow":["GET"]}}],"collection":[{"href":"https:\/\/empresas.infoempleo.com\/hrtrends\/wp-json\/wp\/v2\/posts"}],"about":[{"href":"https:\/\/empresas.infoempleo.com\/hrtrends\/wp-json\/wp\/v2\/types\/post"}],"author":[{"embeddable":true,"href":"https:\/\/empresas.infoempleo.com\/hrtrends\/wp-json\/wp\/v2\/users\/29"}],"replies":[{"embeddable":true,"href":"https:\/\/empresas.infoempleo.com\/hrtrends\/wp-json\/wp\/v2\/comments?post=31516"}],"version-history":[{"count":1,"href":"https:\/\/empresas.infoempleo.com\/hrtrends\/wp-json\/wp\/v2\/posts\/31516\/revisions"}],"predecessor-version":[{"id":42789,"href":"https:\/\/empresas.infoempleo.com\/hrtrends\/wp-json\/wp\/v2\/posts\/31516\/revisions\/42789"}],"wp:featuredmedia":[{"embeddable":true,"href":"https:\/\/empresas.infoempleo.com\/hrtrends\/wp-json\/wp\/v2\/media\/31518"}],"wp:attachment":[{"href":"https:\/\/empresas.infoempleo.com\/hrtrends\/wp-json\/wp\/v2\/media?parent=31516"}],"wp:term":[{"taxonomy":"category","embeddable":true,"href":"https:\/\/empresas.infoempleo.com\/hrtrends\/wp-json\/wp\/v2\/categories?post=31516"},{"taxonomy":"post_tag","embeddable":true,"href":"https:\/\/empresas.infoempleo.com\/hrtrends\/wp-json\/wp\/v2\/tags?post=31516"}],"curies":[{"name":"wp","href":"https:\/\/api.w.org\/{rel}","templated":true}]}}