{"id":31411,"date":"2017-10-31T09:00:57","date_gmt":"2017-10-31T07:00:57","guid":{"rendered":"https:\/\/empresas.infoempleo.com\/hrtrends\/?p=31411"},"modified":"2018-05-23T16:40:30","modified_gmt":"2018-05-23T14:40:30","slug":"mejorar-relaciones-interpersonales-trabajo-comunicacion-no-violenta","status":"publish","type":"post","link":"https:\/\/empresas.infoempleo.com\/hrtrends\/mejorar-relaciones-interpersonales-trabajo-comunicacion-no-violenta\/","title":{"rendered":"Mejorar las relaciones interpersonales en el trabajo con la comunicaci\u00f3n no violenta"},"content":{"rendered":"<p>Pasamos entre <strong>9 y 10<\/strong> <strong>horas<\/strong> en el trabajo rodeados de personas que, en general, no hemos elegido y que, sin embargo, vemos m\u00e1s que nuestros amigos, pareja o familia.\u00a0Los <strong>conflictos entre compa\u00f1eros<\/strong> de trabajo constituyen una de las 6 fuentes del <strong>s\u00edndrome de \u201c<em>burn-out<\/em>\u201d<\/strong>.<\/p>\n<p>Casi todos los conflictos vienen por culpa de una<strong> falta de comunicaci\u00f3n aut\u00e9ntica<\/strong> y de una comprensi\u00f3n err\u00f3nea del otro. Filtramos las palabras, el tono o lenguaje corporal del otro a trav\u00e9s de nuestros sentimientos, pensamientos e intenciones, provocando que nuestras interpretaciones no siempre se ajusten a la realidad. Reaccionamos entonces con <strong>agresividad, estrategia o indiferencia<\/strong>, y as\u00ed cortamos la relaci\u00f3n con el otro.<\/p>\n<p>Necesitamos impulsar una nueva forma de comunicar, m\u00e1s <strong>aut\u00e9ntica y transparente<\/strong>, para volver a crear relaciones interpersonales potentes. La <strong>\u00abcomunicaci\u00f3n no violenta\u00bb<\/strong> nos permite llegar a este objetivo.<\/p>\n<h2><b>\u00bfQu\u00e9 es la comunicaci\u00f3n noviolenta?<\/b><\/h2>\n<p>La comunicaci\u00f3n no violenta fue creada por el psic\u00f3logo estadounidense <strong>Marshall Rosenberg<\/strong> en los a\u00f1os 60.\u00a0Est\u00e1 dedicada a establecer una comunicaci\u00f3n \u201cde coraz\u00f3n a coraz\u00f3n\u201d entre las personas, para reconectarse consigo mismo y con el otro. Est\u00e1 basada en la <b>auto-empat\u00eda<\/b> (reconocer y aceptar nuestros sentimientos y necesidades), la <b>empat\u00eda<\/b> (reconocer las emociones del otro) y la <b>auto-expresi\u00f3n honesta<\/b> (capacidad de comunicar sus propios sentimientos).<\/p>\n<h2><b>\u00bfC\u00f3mo ponerla en pr\u00e1ctica?<\/b><\/h2>\n<p>Se compone de 4 etapas:<\/p>\n<h4><b>1.Observar la situaci\u00f3n de manera objetiva, en vez de juzgar<\/b><\/h4>\n<p>Hacer el esfuerzo de <strong>observar los hechos con distancia<\/strong>, como si estuviesen grabados por c\u00e1mara de vigilancia. Es la etapa m\u00e1s dif\u00edcil del proceso: esforzarse en <strong>no introducir ning\u00fan juicio<\/strong>, de detallar los hechos concretos en un tiempo y contexto espec\u00edfico.<\/p>\n<p><b>No:<\/b> <i>\u201cComo siempre, no me has dicho nada de este importante expediente y me dejaste de lado\u201d<\/i><\/p>\n<p>\u2794 Al sentir <strong>cr\u00edtica<\/strong>, el otro resiste a escuchar.<\/p>\n<p><b>S\u00ed:<\/b>\u00a0<i>\u201cNo he recibido de tu parte la informaci\u00f3n necesaria para que pueda involucrarme en el expediente. Observo que es la segunda vez en un mes que ocurre eso\u201d<\/i><\/p>\n<p>\u2794 Usar el <strong>\u201cyo\u201d en vez del \u201ct\u00fa\u201d<\/strong> no hace sentir acusaci\u00f3n.<\/p>\n<p><b>2.Identificar y expresar sus sentimientos, en vez de esconderlos<\/b><\/p>\n<p>Tomar el tiempo de identificar y <strong>detallar sus emociones y sentimientos<\/strong>, sin introducir ning\u00fan pensamiento o juzgamiento.<\/p>\n<p><b>No:<\/b> <i>\u201cMe siento abandonado\u201d<\/i><\/p>\n<p>\u2794 Acusa al otro<\/p>\n<p><b>S\u00ed:<\/b>\u00a0<i>\u201cMe siento solo\u201d<\/i><\/p>\n<p>&nbsp;<\/p>\n<p><b>No:<\/b> <i>\u201cSiento que no recib\u00ed un trato justo. Me siento minusvalorado\u201d<\/i><\/p>\n<p>\u2794 Refleja un pensamiento propio y acusa al otro<\/p>\n<p><b>S\u00ed:<\/b>\u00a0<i>\u201cMe siento desanimado. Y con rabia\u201d<\/i><\/p>\n<p>Una vez hayamos identificado nuestros sentimientos, toca expresarlos al otro. No estamos acostumbrados a poner al desnudo nuestra vulnerabilidad.\u00a0Sin embargo, <strong>mostrarnos vulnerables crea una conexi\u00f3n emp\u00e1tica<\/strong> con el otro y contribuye a<strong> reducir los conflictos<\/strong>.<\/p>\n<p><b>3.Identificar y expresar sus necesidades, en vez de crear estrategias<\/b><\/p>\n<p>Los sentimientos y emociones expresan una <strong>necesidad profunda no satisfecha<\/strong>. Toca identificarla(s) y expresarla(s) desde su propia vulnerabilidad al otro.<\/p>\n<p><strong>Ejemplo<\/strong>: <i>\u201cMe siento desanimado y con rabia. Necesito sentirme parte del equipo, necesito sentir que puedo aportar mi parte al proyecto colectivo\u201d<\/i><\/p>\n<p><b>4.Pedir al otro una acci\u00f3n espec\u00edfica, en vez de exigirle o esperar que el otro lo adivine<\/b><\/p>\n<p>Atreverse a pedir al otro una acci\u00f3n espec\u00edfica que podr\u00eda contribuir a satisfacer la necesidad que tenemos. Ped\u00edrselo en un lenguaje claro, positivo (no empezando por \u201cQue ya no\u2026\u201d \u201cPara de \u2026\u201d). <strong>Pedir en lugar de demandar<\/strong> implica aceptar que el otro pueda decirnos que no.<\/p>\n<p><strong>Ejemplo<\/strong>: <i>\u201c\u00bfPodr\u00edas compartir conmigo por correo toda la informaci\u00f3n que tienes acerca de un expediente?\u201d<\/i><\/p>\n<p>Si el otro dice que \u201cno\u201d, podemos esforzarnos y<strong> ponernos en su situaci\u00f3n<\/strong> para poder volver a hacer una petici\u00f3n m\u00e1s adecuada a las necesidades del otro. A veces el otro no quiere hacer ning\u00fan esfuerzo para resolver la situaci\u00f3n. No se puede hacer nada m\u00e1s porque <strong>solo podemos cambiar lo que nos pertenece<\/strong>. Toca entonces alejarse de esta relaci\u00f3n, implicando a otras personas en la organizaci\u00f3n que nos puedan ayudar en ello.<\/p>\n<h2><b>Ya, pero en la realidad, \u00bfc\u00f3mo aplicarla?<\/b><\/h2>\n<p>Todo muy bonito y muy sencillo, dir\u00e9is. Pero, <strong>\u00bfc\u00f3mo le digo a mi jefe que me siento triste, desanimado?<\/strong> \u00bfQu\u00e9 pinta tendr\u00e9?<\/p>\n<p>Es verdad que por ahora en muchas organizaciones sigue siendo dif\u00edcil introducir un <strong>lenguaje emocional<\/strong>. Aunque las empresas evolucionan hac\u00eda relaciones m\u00e1s aut\u00e9nticas, si os resulta m\u00e1s conveniente pod\u00e9is realizar el ejercicio de las 4 etapas solo en un cuaderno, para poder responder al otro con m\u00e1s conciencia, distancia y mayor eficiencia relacional.<\/p>\n<p>En conclusi\u00f3n, recordaros que en caso de conflicto:<\/p>\n<ul>\n<li>Nunca reaccionar en el momento<\/li>\n<li>Tomarse un <strong>tiempo de auto-empat\u00eda<\/strong> y empat\u00eda hacia el otro<\/li>\n<li>Pedir al otro una <strong>acci\u00f3n concreta<\/strong> para poder salir del bucle<\/li>\n<\/ul>\n","protected":false},"excerpt":{"rendered":"<p>Pasamos entre 9 y 10 horas en el trabajo rodeados de personas que, en general, no hemos elegido<a class=\"moretag\" href=\"https:\/\/empresas.infoempleo.com\/hrtrends\/mejorar-relaciones-interpersonales-trabajo-comunicacion-no-violenta\/\"> Leer m\u00e1s<\/a><\/p>\n","protected":false},"author":112,"featured_media":31427,"comment_status":"closed","ping_status":"open","sticky":false,"template":"","format":"standard","meta":{"footnotes":""},"categories":[3035],"tags":[29,570],"class_list":["post-31411","post","type-post","status-publish","format-standard","has-post-thumbnail","hentry","category-consejos","tag-comunicacion","tag-comunicacion-interna"],"yoast_head":"<!-- This site is optimized with the Yoast SEO plugin v26.1.1 - https:\/\/yoast.com\/wordpress\/plugins\/seo\/ -->\n<title>Mejorar las relaciones interpersonales en el trabajo con la comunicaci\u00f3n no violenta | HRTRENDS<\/title>\n<meta name=\"robots\" content=\"index, follow, max-snippet:-1, max-image-preview:large, max-video-preview:-1\" \/>\n<link rel=\"canonical\" href=\"https:\/\/empresas.infoempleo.com\/hrtrends\/mejorar-relaciones-interpersonales-trabajo-comunicacion-no-violenta\/\" \/>\n<meta property=\"og:locale\" content=\"es_ES\" \/>\n<meta property=\"og:type\" content=\"article\" \/>\n<meta property=\"og:title\" content=\"Mejorar las relaciones interpersonales en el trabajo con la comunicaci\u00f3n no violenta | HRTRENDS\" \/>\n<meta property=\"og:description\" content=\"Pasamos entre 9 y 10 horas en el trabajo rodeados de personas que, en general, no hemos elegido Leer m\u00e1s\" \/>\n<meta property=\"og:url\" content=\"https:\/\/empresas.infoempleo.com\/hrtrends\/mejorar-relaciones-interpersonales-trabajo-comunicacion-no-violenta\/\" \/>\n<meta property=\"og:site_name\" content=\"HRTRENDS\" \/>\n<meta property=\"article:publisher\" content=\"https:\/\/www.facebook.com\/Infoempleo\" \/>\n<meta property=\"article:published_time\" content=\"2017-10-31T07:00:57+00:00\" \/>\n<meta property=\"article:modified_time\" content=\"2018-05-23T14:40:30+00:00\" \/>\n<meta property=\"og:image\" content=\"https:\/\/empresas.infoempleo.com\/hrtrends\/media\/2017\/10\/ThinkstockPhotos-76756624.jpg\" \/>\n\t<meta property=\"og:image:width\" content=\"1140\" \/>\n\t<meta property=\"og:image:height\" content=\"837\" \/>\n\t<meta property=\"og:image:type\" content=\"image\/jpeg\" \/>\n<meta name=\"author\" content=\"Nathalie Huet &amp; Caroline Ladousse\" \/>\n<meta name=\"twitter:card\" content=\"summary_large_image\" \/>\n<meta name=\"twitter:creator\" content=\"@infoempleo\" \/>\n<meta name=\"twitter:site\" content=\"@infoempleo\" \/>\n<meta name=\"twitter:label1\" content=\"Escrito por\" \/>\n\t<meta name=\"twitter:data1\" content=\"Nathalie Huet &amp; Caroline Ladousse\" \/>\n\t<meta name=\"twitter:label2\" content=\"Tiempo de lectura\" \/>\n\t<meta name=\"twitter:data2\" content=\"4 minutos\" \/>\n<script type=\"application\/ld+json\" class=\"yoast-schema-graph\">{\"@context\":\"https:\/\/schema.org\",\"@graph\":[{\"@type\":\"NewsArticle\",\"@id\":\"https:\/\/empresas.infoempleo.com\/hrtrends\/mejorar-relaciones-interpersonales-trabajo-comunicacion-no-violenta\/#article\",\"isPartOf\":{\"@id\":\"https:\/\/empresas.infoempleo.com\/hrtrends\/mejorar-relaciones-interpersonales-trabajo-comunicacion-no-violenta\/\"},\"author\":{\"name\":\"Nathalie Huet &amp; Caroline Ladousse\",\"@id\":\"https:\/\/empresas.infoempleo.com\/hrtrends\/#\/schema\/person\/2907dc396e8ec051d51637f08f09f6ba\"},\"headline\":\"Mejorar las relaciones interpersonales en el trabajo con la comunicaci\u00f3n no violenta\",\"datePublished\":\"2017-10-31T07:00:57+00:00\",\"dateModified\":\"2018-05-23T14:40:30+00:00\",\"mainEntityOfPage\":{\"@id\":\"https:\/\/empresas.infoempleo.com\/hrtrends\/mejorar-relaciones-interpersonales-trabajo-comunicacion-no-violenta\/\"},\"wordCount\":827,\"publisher\":{\"@id\":\"https:\/\/empresas.infoempleo.com\/hrtrends\/#organization\"},\"image\":{\"@id\":\"https:\/\/empresas.infoempleo.com\/hrtrends\/mejorar-relaciones-interpersonales-trabajo-comunicacion-no-violenta\/#primaryimage\"},\"thumbnailUrl\":\"https:\/\/empresas.infoempleo.com\/hrtrends\/media\/2017\/10\/ThinkstockPhotos-76756624.jpg\",\"keywords\":[\"comunicaci\u00f3n\",\"comunicaci\u00f3n interna\"],\"articleSection\":[\"Consejos\"],\"inLanguage\":\"es\",\"copyrightYear\":\"2017\",\"copyrightHolder\":{\"@id\":\"https:\/\/empresas.infoempleo.com\/hrtrends\/#organization\"}},{\"@type\":\"WebPage\",\"@id\":\"https:\/\/empresas.infoempleo.com\/hrtrends\/mejorar-relaciones-interpersonales-trabajo-comunicacion-no-violenta\/\",\"url\":\"https:\/\/empresas.infoempleo.com\/hrtrends\/mejorar-relaciones-interpersonales-trabajo-comunicacion-no-violenta\/\",\"name\":\"Mejorar las relaciones interpersonales en el trabajo con la comunicaci\u00f3n no violenta | HRTRENDS\",\"isPartOf\":{\"@id\":\"https:\/\/empresas.infoempleo.com\/hrtrends\/#website\"},\"primaryImageOfPage\":{\"@id\":\"https:\/\/empresas.infoempleo.com\/hrtrends\/mejorar-relaciones-interpersonales-trabajo-comunicacion-no-violenta\/#primaryimage\"},\"image\":{\"@id\":\"https:\/\/empresas.infoempleo.com\/hrtrends\/mejorar-relaciones-interpersonales-trabajo-comunicacion-no-violenta\/#primaryimage\"},\"thumbnailUrl\":\"https:\/\/empresas.infoempleo.com\/hrtrends\/media\/2017\/10\/ThinkstockPhotos-76756624.jpg\",\"datePublished\":\"2017-10-31T07:00:57+00:00\",\"dateModified\":\"2018-05-23T14:40:30+00:00\",\"breadcrumb\":{\"@id\":\"https:\/\/empresas.infoempleo.com\/hrtrends\/mejorar-relaciones-interpersonales-trabajo-comunicacion-no-violenta\/#breadcrumb\"},\"inLanguage\":\"es\",\"potentialAction\":[{\"@type\":\"ReadAction\",\"target\":[\"https:\/\/empresas.infoempleo.com\/hrtrends\/mejorar-relaciones-interpersonales-trabajo-comunicacion-no-violenta\/\"]}]},{\"@type\":\"ImageObject\",\"inLanguage\":\"es\",\"@id\":\"https:\/\/empresas.infoempleo.com\/hrtrends\/mejorar-relaciones-interpersonales-trabajo-comunicacion-no-violenta\/#primaryimage\",\"url\":\"https:\/\/empresas.infoempleo.com\/hrtrends\/media\/2017\/10\/ThinkstockPhotos-76756624-150x150.jpg\",\"contentUrl\":\"https:\/\/empresas.infoempleo.com\/hrtrends\/media\/2017\/10\/ThinkstockPhotos-76756624-150x150.jpg\",\"width\":150,\"height\":150,\"caption\":\"Comunicaci\u00f3n no violenta en la oficina\"},{\"@type\":\"BreadcrumbList\",\"@id\":\"https:\/\/empresas.infoempleo.com\/hrtrends\/mejorar-relaciones-interpersonales-trabajo-comunicacion-no-violenta\/#breadcrumb\",\"itemListElement\":[{\"@type\":\"ListItem\",\"position\":1,\"name\":\"Portada\",\"item\":\"https:\/\/empresas.infoempleo.com\/hrtrends\/\"},{\"@type\":\"ListItem\",\"position\":2,\"name\":\"Mejorar las relaciones interpersonales en el trabajo con la comunicaci\u00f3n no violenta\"}]},{\"@type\":\"WebSite\",\"@id\":\"https:\/\/empresas.infoempleo.com\/hrtrends\/#website\",\"url\":\"https:\/\/empresas.infoempleo.com\/hrtrends\",\"name\":\"HRTrends by Infoempleo\",\"description\":\"\",\"publisher\":{\"@id\":\"https:\/\/empresas.infoempleo.com\/hrtrends\/#organization\"},\"potentialAction\":{\"@type\":\"SearchAction\",\"target\":\"https:\/\/empresas.infoempleo.com\/hrtrends\/?s={search_term_string}\",\"query-input\":\"required name=search_term_string\"},\"inLanguage\":\"es\"},{\"@type\":\"Organization\",\"@id\":\"https:\/\/empresas.infoempleo.com\/hrtrends\/#organization\",\"name\":\"Infoempleo\",\"url\":\"https:\/\/www.infoempleo.com\/\",\"logo\":{\"@type\":\"ImageObject\",\"@id\":\"https:\/\/empresas.infoempleo.com\/hrtrends\/#logo\",\"inLanguage\":\"es\",\"url\":\"https:\/\/cdnazure.infoempleo.com\/infoempleo\/assets\/style\/gfx\/logo.svg\",\"contentUrl\":\"https:\/\/cdnazure.infoempleo.com\/infoempleo\/assets\/style\/gfx\/logo.svg\",\"width\":150,\"height\":40,\"caption\":\"Infoempleo\"},\"image\":{\"@id\":\"https:\/\/empresas.infoempleo.com\/hrtrends\/#logo\"},\"sameAs\":[\"https:\/\/www.facebook.com\/Infoempleo\",\"https:\/\/x.com\/infoempleo\",\"http:\/\/instagram.com\/infoempleo\/\",\"http:\/\/www.linkedin.com\/groups\/Empleo-Espa\u00f1a-Infoempleocom-111276\",\"http:\/\/pinterest.com\/infoempleo\/\"],\"address\":{\"@type\":\"PostalAddress\",\"addressLocality\":\"Madrid\",\"postalCode\":\"28050\",\"streetAddress\":\"Avenida de Burgos 114\"},\"brand\":[\"Infoempleo\"]},{\"@type\":\"Person\",\"@id\":\"https:\/\/empresas.infoempleo.com\/hrtrends\/#\/schema\/person\/2907dc396e8ec051d51637f08f09f6ba\",\"name\":\"Nathalie Huet &amp; Caroline Ladousse\",\"image\":{\"@type\":\"ImageObject\",\"inLanguage\":\"es\",\"@id\":\"https:\/\/empresas.infoempleo.com\/hrtrends\/#\/schema\/person\/image\/\",\"url\":\"https:\/\/secure.gravatar.com\/avatar\/68f49c45e205914abe6904d48343fc92b3c3581c19faac47a106ee28bb385bcd?s=96&d=mm&r=g\",\"contentUrl\":\"https:\/\/secure.gravatar.com\/avatar\/68f49c45e205914abe6904d48343fc92b3c3581c19faac47a106ee28bb385bcd?s=96&d=mm&r=g\",\"caption\":\"Nathalie Huet &amp; Caroline Ladousse\"},\"description\":\"Caroline Ladousse &amp; Nathalie Huet. - Somos activadoras de \u201cJobfulness\\\" - Cometa. Nuestra misi\u00f3n : empoderar a las personas, tanto fuera como dentro de las empresas, a dise\u00f1ar y disfrutar de una vida profesional con sentido y sinton\u00eda consigo mismo. Nuestro sue\u00f1o : un mundo en el cual cada persona tenga conciencia de sus talentos y les ofrezca al mundo en un proyecto profesional que le aporte sentido, realizaci\u00f3n personal e impulso vital. Somos emprendedoras, co-fundadoras de Cometa. Somos coachs. Somos apasionadas de psicolog\u00eda. Somos curiosas de todo y de todos y todas.\",\"sameAs\":[\"http:\/\/www.joincometa.com\/\"],\"url\":\"https:\/\/empresas.infoempleo.com\/hrtrends\/author\/clnhtrends\/\"}]}<\/script>\n<!-- \/ Yoast SEO plugin. -->","yoast_head_json":{"title":"Mejorar las relaciones interpersonales en el trabajo con la comunicaci\u00f3n no violenta | HRTRENDS","robots":{"index":"index","follow":"follow","max-snippet":"max-snippet:-1","max-image-preview":"max-image-preview:large","max-video-preview":"max-video-preview:-1"},"canonical":"https:\/\/empresas.infoempleo.com\/hrtrends\/mejorar-relaciones-interpersonales-trabajo-comunicacion-no-violenta\/","og_locale":"es_ES","og_type":"article","og_title":"Mejorar las relaciones interpersonales en el trabajo con la comunicaci\u00f3n no violenta | HRTRENDS","og_description":"Pasamos entre 9 y 10 horas en el trabajo rodeados de personas que, en general, no hemos elegido Leer m\u00e1s","og_url":"https:\/\/empresas.infoempleo.com\/hrtrends\/mejorar-relaciones-interpersonales-trabajo-comunicacion-no-violenta\/","og_site_name":"HRTRENDS","article_publisher":"https:\/\/www.facebook.com\/Infoempleo","article_published_time":"2017-10-31T07:00:57+00:00","article_modified_time":"2018-05-23T14:40:30+00:00","og_image":[{"width":1140,"height":837,"url":"https:\/\/empresas.infoempleo.com\/hrtrends\/media\/2017\/10\/ThinkstockPhotos-76756624.jpg","type":"image\/jpeg"}],"author":"Nathalie Huet &amp; Caroline Ladousse","twitter_card":"summary_large_image","twitter_creator":"@infoempleo","twitter_site":"@infoempleo","twitter_misc":{"Escrito por":"Nathalie Huet &amp; Caroline Ladousse","Tiempo de lectura":"4 minutos"},"schema":{"@context":"https:\/\/schema.org","@graph":[{"@type":"NewsArticle","@id":"https:\/\/empresas.infoempleo.com\/hrtrends\/mejorar-relaciones-interpersonales-trabajo-comunicacion-no-violenta\/#article","isPartOf":{"@id":"https:\/\/empresas.infoempleo.com\/hrtrends\/mejorar-relaciones-interpersonales-trabajo-comunicacion-no-violenta\/"},"author":{"name":"Nathalie Huet &amp; Caroline Ladousse","@id":"https:\/\/empresas.infoempleo.com\/hrtrends\/#\/schema\/person\/2907dc396e8ec051d51637f08f09f6ba"},"headline":"Mejorar las relaciones interpersonales en el trabajo con la comunicaci\u00f3n no violenta","datePublished":"2017-10-31T07:00:57+00:00","dateModified":"2018-05-23T14:40:30+00:00","mainEntityOfPage":{"@id":"https:\/\/empresas.infoempleo.com\/hrtrends\/mejorar-relaciones-interpersonales-trabajo-comunicacion-no-violenta\/"},"wordCount":827,"publisher":{"@id":"https:\/\/empresas.infoempleo.com\/hrtrends\/#organization"},"image":{"@id":"https:\/\/empresas.infoempleo.com\/hrtrends\/mejorar-relaciones-interpersonales-trabajo-comunicacion-no-violenta\/#primaryimage"},"thumbnailUrl":"https:\/\/empresas.infoempleo.com\/hrtrends\/media\/2017\/10\/ThinkstockPhotos-76756624.jpg","keywords":["comunicaci\u00f3n","comunicaci\u00f3n interna"],"articleSection":["Consejos"],"inLanguage":"es","copyrightYear":"2017","copyrightHolder":{"@id":"https:\/\/empresas.infoempleo.com\/hrtrends\/#organization"}},{"@type":"WebPage","@id":"https:\/\/empresas.infoempleo.com\/hrtrends\/mejorar-relaciones-interpersonales-trabajo-comunicacion-no-violenta\/","url":"https:\/\/empresas.infoempleo.com\/hrtrends\/mejorar-relaciones-interpersonales-trabajo-comunicacion-no-violenta\/","name":"Mejorar las relaciones interpersonales en el trabajo con la comunicaci\u00f3n no violenta | HRTRENDS","isPartOf":{"@id":"https:\/\/empresas.infoempleo.com\/hrtrends\/#website"},"primaryImageOfPage":{"@id":"https:\/\/empresas.infoempleo.com\/hrtrends\/mejorar-relaciones-interpersonales-trabajo-comunicacion-no-violenta\/#primaryimage"},"image":{"@id":"https:\/\/empresas.infoempleo.com\/hrtrends\/mejorar-relaciones-interpersonales-trabajo-comunicacion-no-violenta\/#primaryimage"},"thumbnailUrl":"https:\/\/empresas.infoempleo.com\/hrtrends\/media\/2017\/10\/ThinkstockPhotos-76756624.jpg","datePublished":"2017-10-31T07:00:57+00:00","dateModified":"2018-05-23T14:40:30+00:00","breadcrumb":{"@id":"https:\/\/empresas.infoempleo.com\/hrtrends\/mejorar-relaciones-interpersonales-trabajo-comunicacion-no-violenta\/#breadcrumb"},"inLanguage":"es","potentialAction":[{"@type":"ReadAction","target":["https:\/\/empresas.infoempleo.com\/hrtrends\/mejorar-relaciones-interpersonales-trabajo-comunicacion-no-violenta\/"]}]},{"@type":"ImageObject","inLanguage":"es","@id":"https:\/\/empresas.infoempleo.com\/hrtrends\/mejorar-relaciones-interpersonales-trabajo-comunicacion-no-violenta\/#primaryimage","url":"https:\/\/empresas.infoempleo.com\/hrtrends\/media\/2017\/10\/ThinkstockPhotos-76756624-150x150.jpg","contentUrl":"https:\/\/empresas.infoempleo.com\/hrtrends\/media\/2017\/10\/ThinkstockPhotos-76756624-150x150.jpg","width":150,"height":150,"caption":"Comunicaci\u00f3n no violenta en la oficina"},{"@type":"BreadcrumbList","@id":"https:\/\/empresas.infoempleo.com\/hrtrends\/mejorar-relaciones-interpersonales-trabajo-comunicacion-no-violenta\/#breadcrumb","itemListElement":[{"@type":"ListItem","position":1,"name":"Portada","item":"https:\/\/empresas.infoempleo.com\/hrtrends\/"},{"@type":"ListItem","position":2,"name":"Mejorar las relaciones interpersonales en el trabajo con la comunicaci\u00f3n no violenta"}]},{"@type":"WebSite","@id":"https:\/\/empresas.infoempleo.com\/hrtrends\/#website","url":"https:\/\/empresas.infoempleo.com\/hrtrends","name":"HRTrends by Infoempleo","description":"","publisher":{"@id":"https:\/\/empresas.infoempleo.com\/hrtrends\/#organization"},"potentialAction":{"@type":"SearchAction","target":"https:\/\/empresas.infoempleo.com\/hrtrends\/?s={search_term_string}","query-input":"required name=search_term_string"},"inLanguage":"es"},{"@type":"Organization","@id":"https:\/\/empresas.infoempleo.com\/hrtrends\/#organization","name":"Infoempleo","url":"https:\/\/www.infoempleo.com\/","logo":{"@type":"ImageObject","@id":"https:\/\/empresas.infoempleo.com\/hrtrends\/#logo","inLanguage":"es","url":"https:\/\/cdnazure.infoempleo.com\/infoempleo\/assets\/style\/gfx\/logo.svg","contentUrl":"https:\/\/cdnazure.infoempleo.com\/infoempleo\/assets\/style\/gfx\/logo.svg","width":150,"height":40,"caption":"Infoempleo"},"image":{"@id":"https:\/\/empresas.infoempleo.com\/hrtrends\/#logo"},"sameAs":["https:\/\/www.facebook.com\/Infoempleo","https:\/\/x.com\/infoempleo","http:\/\/instagram.com\/infoempleo\/","http:\/\/www.linkedin.com\/groups\/Empleo-Espa\u00f1a-Infoempleocom-111276","http:\/\/pinterest.com\/infoempleo\/"],"address":{"@type":"PostalAddress","addressLocality":"Madrid","postalCode":"28050","streetAddress":"Avenida de Burgos 114"},"brand":["Infoempleo"]},{"@type":"Person","@id":"https:\/\/empresas.infoempleo.com\/hrtrends\/#\/schema\/person\/2907dc396e8ec051d51637f08f09f6ba","name":"Nathalie Huet &amp; Caroline Ladousse","image":{"@type":"ImageObject","inLanguage":"es","@id":"https:\/\/empresas.infoempleo.com\/hrtrends\/#\/schema\/person\/image\/","url":"https:\/\/secure.gravatar.com\/avatar\/68f49c45e205914abe6904d48343fc92b3c3581c19faac47a106ee28bb385bcd?s=96&d=mm&r=g","contentUrl":"https:\/\/secure.gravatar.com\/avatar\/68f49c45e205914abe6904d48343fc92b3c3581c19faac47a106ee28bb385bcd?s=96&d=mm&r=g","caption":"Nathalie Huet &amp; Caroline Ladousse"},"description":"Caroline Ladousse &amp; Nathalie Huet. - Somos activadoras de \u201cJobfulness\" - Cometa. Nuestra misi\u00f3n : empoderar a las personas, tanto fuera como dentro de las empresas, a dise\u00f1ar y disfrutar de una vida profesional con sentido y sinton\u00eda consigo mismo. Nuestro sue\u00f1o : un mundo en el cual cada persona tenga conciencia de sus talentos y les ofrezca al mundo en un proyecto profesional que le aporte sentido, realizaci\u00f3n personal e impulso vital. Somos emprendedoras, co-fundadoras de Cometa. Somos coachs. Somos apasionadas de psicolog\u00eda. Somos curiosas de todo y de todos y todas.","sameAs":["http:\/\/www.joincometa.com\/"],"url":"https:\/\/empresas.infoempleo.com\/hrtrends\/author\/clnhtrends\/"}]}},"amp_enabled":true,"_links":{"self":[{"href":"https:\/\/empresas.infoempleo.com\/hrtrends\/wp-json\/wp\/v2\/posts\/31411","targetHints":{"allow":["GET"]}}],"collection":[{"href":"https:\/\/empresas.infoempleo.com\/hrtrends\/wp-json\/wp\/v2\/posts"}],"about":[{"href":"https:\/\/empresas.infoempleo.com\/hrtrends\/wp-json\/wp\/v2\/types\/post"}],"author":[{"embeddable":true,"href":"https:\/\/empresas.infoempleo.com\/hrtrends\/wp-json\/wp\/v2\/users\/112"}],"replies":[{"embeddable":true,"href":"https:\/\/empresas.infoempleo.com\/hrtrends\/wp-json\/wp\/v2\/comments?post=31411"}],"version-history":[{"count":0,"href":"https:\/\/empresas.infoempleo.com\/hrtrends\/wp-json\/wp\/v2\/posts\/31411\/revisions"}],"wp:featuredmedia":[{"embeddable":true,"href":"https:\/\/empresas.infoempleo.com\/hrtrends\/wp-json\/wp\/v2\/media\/31427"}],"wp:attachment":[{"href":"https:\/\/empresas.infoempleo.com\/hrtrends\/wp-json\/wp\/v2\/media?parent=31411"}],"wp:term":[{"taxonomy":"category","embeddable":true,"href":"https:\/\/empresas.infoempleo.com\/hrtrends\/wp-json\/wp\/v2\/categories?post=31411"},{"taxonomy":"post_tag","embeddable":true,"href":"https:\/\/empresas.infoempleo.com\/hrtrends\/wp-json\/wp\/v2\/tags?post=31411"}],"curies":[{"name":"wp","href":"https:\/\/api.w.org\/{rel}","templated":true}]}}