{"id":31379,"date":"2017-10-11T10:00:04","date_gmt":"2017-10-11T08:00:04","guid":{"rendered":"https:\/\/empresas.infoempleo.com\/hrtrends\/?p=31379"},"modified":"2024-08-29T17:49:48","modified_gmt":"2024-08-29T15:49:48","slug":"potenciar-la-cultura-empresarial","status":"publish","type":"post","link":"https:\/\/empresas.infoempleo.com\/hrtrends\/potenciar-la-cultura-empresarial\/","title":{"rendered":"5 Claves para potenciar la cultura empresarial"},"content":{"rendered":"<p><span style=\"font-weight: 400;\">Uno de los objetivos comunes a todas las empresas es lograr diferenciarse positivamente. La <\/span><b>cultura empresarial<\/b><span style=\"font-weight: 400;\"> se ha vuelto clave para ir un paso por delante de tus competidores y llamar la atenci\u00f3n de tu p\u00fablico objetivo. <\/span><\/p>\n<p><b>\u00bfQu\u00e9 es la cultura empresarial? <\/b><\/p>\n<p><span style=\"font-weight: 400;\">Antes de nada, dejemos claro el concepto de <\/span><b>cultura corporativa<\/b><span style=\"font-weight: 400;\"> o <\/span><b>cultura empresarial<\/b><span style=\"font-weight: 400;\">. Se trata de la forma de ser de tu empresa. Pero no solo eso, tambi\u00e9n abarca los medios por los que se manifiesta y las reacciones que se llevan a cabo ante <\/span><b>oportunidades, problemas y cambios<\/b><span style=\"font-weight: 400;\">. Tambi\u00e9n incluye el c\u00f3digo de conducta y el comportamiento de tus miembros. Podr\u00edamos resumirlo como <\/span><b>\u201clas leyes no escritas\u201d<\/b><span style=\"font-weight: 400;\"> de tu organizaci\u00f3n. Visto desde el punto de vista del usuario, la <\/span><b>cultura de empresa <\/b><span style=\"font-weight: 400;\">es el conjunto de valores con los que asocian a tu empresa.<\/span><\/p>\n<p><img loading=\"lazy\" decoding=\"async\" class=\"alignnone wp-image-31381 size-full\" src=\"https:\/\/empresas.infoempleo.com\/hrtrends\/media\/2017\/10\/5-Tips-para-potenciar-la-cultura-empresarial-2-e1507642262996.jpg\" alt=\"\" width=\"640\" height=\"414\" srcset=\"https:\/\/empresas.infoempleo.com\/hrtrends\/media\/2017\/10\/5-Tips-para-potenciar-la-cultura-empresarial-2-e1507642262996.jpg 640w, https:\/\/empresas.infoempleo.com\/hrtrends\/media\/2017\/10\/5-Tips-para-potenciar-la-cultura-empresarial-2-e1507642262996-300x194.jpg 300w\" sizes=\"auto, (max-width: 640px) 100vw, 640px\" \/><\/p>\n<h2><b>Potenciar la cultura de la empresa<\/b><\/h2>\n<p><span style=\"font-weight: 400;\">En ocasiones solo necesitamos peque\u00f1os pasos para conseguir un gran cambio. Hoy te \u00a0damos 5 <\/span><i><span style=\"font-weight: 400;\">tips <\/span><\/i><span style=\"font-weight: 400;\">que potenciar\u00e1n tu <\/span><b>cultura empresarial<\/b><span style=\"font-weight: 400;\"> y te ayudar\u00e1n a construir una compa\u00f1\u00eda m\u00e1s fuerte y positiva, un lugar donde todos se sientan <\/span><a href=\"https:\/\/empresas.infoempleo.com\/hrtrends\/orgullosos-empleados-su-empresa\/\"><span style=\"font-weight: 400;\">orgullosos de trabajar<\/span><\/a><span style=\"font-weight: 400;\"> en \u00e9l. <\/span><\/p>\n<h3><b>1.Define y haz sentir tu cultura empresarial. <\/b><\/h3>\n<p><span style=\"font-weight: 400;\">Muchos empleados ya conocer\u00e1n los <\/span><b>valores de tu empresa<\/b><span style=\"font-weight: 400;\">, pero entre la teor\u00eda y saber llevarla a la pr\u00e1ctica hay un mundo. Trata de actualizar constantemente tu cultura empresarial y los sistemas con los que la dar\u00e1s a conocer. Adem\u00e1s, el objetivo debe ser que se interiorice, no solo que se conozca. Por \u00faltimo y, como se suele decir coloquialmente, <\/span><i><span style=\"font-weight: 400;\">\u201cpredica con el ejemplo\u201d<\/span><\/i><span style=\"font-weight: 400;\">, s\u00e9 el primer transmisor.<\/span><\/p>\n<h3><b>2.Controla el tono comunicativo. <\/b><\/h3>\n<p><span style=\"font-weight: 400;\">Cada contexto marca la comunicaci\u00f3n de cada conversaci\u00f3n. Pero desde recursos humanos, debes transmitir el uso de la <\/span><b>cultura de la empresa <\/b><span style=\"font-weight: 400;\">en cada mensaje corporativo. Pon atenci\u00f3n en los <\/span><b>comunicados internos<\/b><span style=\"font-weight: 400;\"> y facilita unas directrices a todos los empleados (empezando desde los escalafones superiores) para que sus conversaciones vayan alineadas con los valores de la compa\u00f1\u00eda. <\/span><\/p>\n<h3><b>3.<\/b><b>No hace falta que tu empresa sea la que pague mejores sueldos. <\/b><\/h3>\n<p><span style=\"font-weight: 400;\">Realmente lo que queremos transmitir es que no hay que ser radicales en este aspecto. Porque a los empleados les rodean muchas m\u00e1s circunstancias. Lo importante es <\/span><b>valorar al trabajador<\/b><span style=\"font-weight: 400;\">, y aqu\u00ed entran las n\u00f3minas y muchos m\u00e1s factores. Debes ofrecerle un plan de crecimiento profesional, un puesto donde se sienta respetado, reconocido y con motivaci\u00f3n para crecer.<\/span><\/p>\n<h3><b>4.Genera un liderazgo positivo. <\/b><\/h3>\n<p><span style=\"font-weight: 400;\">Las empresas est\u00e1n evolucionando hacia los sistemas circulares y no verticales, pero deben hacerlo inculcando un tipo de <\/span><b>liderazgo integrador<\/b><span style=\"font-weight: 400;\">. Trata de que los l\u00edderes de tu empresa act\u00faen en base a tu cultura empresarial, con honestidad, disciplina y transmitiendo confianza.<\/span><\/p>\n<h3><b>5.Piensa en el impacto de mostrarte agradecido.<\/b><\/h3>\n<p><span style=\"font-weight: 400;\">La gratitud es uno de los valores m\u00e1s olvidados y despreciados. Sin embargo, el \u00e9xito siempre viene de la mano de un <\/span><span style=\"font-weight: 400;\">talento humano<\/span><span style=\"font-weight: 400;\"> que se muestra agradecido. Inculcando y transmitiendo este valor marcar\u00e1s una l\u00ednea de trabajo cooperativa y motivadora. <\/span><br \/>\n<span style=\"font-weight: 400;\">Construir la <\/span><b>cultura empresarial<\/b><span style=\"font-weight: 400;\"> de una empresa no es cuesti\u00f3n de d\u00edas. Es un proceso amplio y que siempre debe estar activo. Con los <\/span><i><span style=\"font-weight: 400;\">tips <\/span><\/i><span style=\"font-weight: 400;\">que hoy te hemos dado podr\u00e1s seguir construy\u00e9ndola y aportando valor diferencial a tu compa\u00f1\u00eda.<\/span><\/p>\n","protected":false},"excerpt":{"rendered":"<p>Uno de los objetivos comunes a todas las empresas es lograr diferenciarse positivamente. La cultura empresarial se ha<a class=\"moretag\" href=\"https:\/\/empresas.infoempleo.com\/hrtrends\/potenciar-la-cultura-empresarial\/\"> Leer m\u00e1s<\/a><\/p>\n","protected":false},"author":95,"featured_media":31380,"comment_status":"closed","ping_status":"open","sticky":false,"template":"","format":"standard","meta":{"footnotes":""},"categories":[3035],"tags":[2926,409],"class_list":["post-31379","post","type-post","status-publish","format-standard","has-post-thumbnail","hentry","category-consejos","tag-cultura-de-empresa","tag-equipo"],"yoast_head":"<!-- This site is optimized with the Yoast SEO plugin v26.1.1 - https:\/\/yoast.com\/wordpress\/plugins\/seo\/ -->\n<title>5 claves para potenciar la cultura empresarial | HR TRENDS<\/title>\n<meta name=\"description\" content=\"Te contamos las 5 claves para potenciar la cultura empresarial y conseguir que todos los trabajadores entiendan en qu\u00e9 consiste y conseguir mejor ambiente.\" \/>\n<meta name=\"robots\" content=\"index, follow, max-snippet:-1, max-image-preview:large, max-video-preview:-1\" \/>\n<link rel=\"canonical\" href=\"https:\/\/empresas.infoempleo.com\/hrtrends\/potenciar-la-cultura-empresarial\/\" \/>\n<meta property=\"og:locale\" content=\"es_ES\" \/>\n<meta property=\"og:type\" content=\"article\" \/>\n<meta property=\"og:title\" content=\"5 claves para potenciar la cultura empresarial | HR TRENDS\" \/>\n<meta property=\"og:description\" content=\"Te contamos las 5 claves para potenciar la cultura empresarial y conseguir que todos los trabajadores entiendan en qu\u00e9 consiste y conseguir mejor ambiente.\" \/>\n<meta property=\"og:url\" content=\"https:\/\/empresas.infoempleo.com\/hrtrends\/potenciar-la-cultura-empresarial\/\" \/>\n<meta property=\"og:site_name\" content=\"HRTRENDS\" \/>\n<meta property=\"article:publisher\" content=\"https:\/\/www.facebook.com\/Infoempleo\" \/>\n<meta property=\"article:published_time\" content=\"2017-10-11T08:00:04+00:00\" \/>\n<meta property=\"article:modified_time\" content=\"2024-08-29T15:49:48+00:00\" \/>\n<meta property=\"og:image\" content=\"https:\/\/empresas.infoempleo.com\/hrtrends\/media\/2017\/10\/5-Tips-para-potenciar-la-cultura-empresarial-e1507642122732.jpg\" \/>\n\t<meta property=\"og:image:width\" content=\"640\" \/>\n\t<meta property=\"og:image:height\" content=\"960\" \/>\n\t<meta property=\"og:image:type\" content=\"image\/jpeg\" \/>\n<meta name=\"author\" content=\"Isabel Garrido\" \/>\n<meta name=\"twitter:card\" content=\"summary_large_image\" \/>\n<meta name=\"twitter:creator\" content=\"@infoempleo\" \/>\n<meta name=\"twitter:site\" content=\"@infoempleo\" \/>\n<meta name=\"twitter:label1\" content=\"Escrito por\" \/>\n\t<meta name=\"twitter:data1\" content=\"Isabel Garrido\" \/>\n\t<meta name=\"twitter:label2\" content=\"Tiempo de lectura\" \/>\n\t<meta name=\"twitter:data2\" content=\"3 minutos\" \/>\n<script type=\"application\/ld+json\" class=\"yoast-schema-graph\">{\"@context\":\"https:\/\/schema.org\",\"@graph\":[{\"@type\":\"NewsArticle\",\"@id\":\"https:\/\/empresas.infoempleo.com\/hrtrends\/potenciar-la-cultura-empresarial\/#article\",\"isPartOf\":{\"@id\":\"https:\/\/empresas.infoempleo.com\/hrtrends\/potenciar-la-cultura-empresarial\/\"},\"author\":{\"name\":\"Isabel Garrido\",\"@id\":\"https:\/\/empresas.infoempleo.com\/hrtrends\/#\/schema\/person\/cf076f877b86c69d64a1f3b0b5584421\"},\"headline\":\"5 Claves para potenciar la cultura empresarial\",\"datePublished\":\"2017-10-11T08:00:04+00:00\",\"dateModified\":\"2024-08-29T15:49:48+00:00\",\"mainEntityOfPage\":{\"@id\":\"https:\/\/empresas.infoempleo.com\/hrtrends\/potenciar-la-cultura-empresarial\/\"},\"wordCount\":566,\"publisher\":{\"@id\":\"https:\/\/empresas.infoempleo.com\/hrtrends\/#organization\"},\"image\":{\"@id\":\"https:\/\/empresas.infoempleo.com\/hrtrends\/potenciar-la-cultura-empresarial\/#primaryimage\"},\"thumbnailUrl\":\"https:\/\/empresas.infoempleo.com\/hrtrends\/media\/2017\/10\/5-Tips-para-potenciar-la-cultura-empresarial-e1507642122732.jpg\",\"keywords\":[\"cultura de empresa\",\"equipo\"],\"articleSection\":[\"Consejos\"],\"inLanguage\":\"es\",\"copyrightYear\":\"2017\",\"copyrightHolder\":{\"@id\":\"https:\/\/empresas.infoempleo.com\/hrtrends\/#organization\"}},{\"@type\":\"WebPage\",\"@id\":\"https:\/\/empresas.infoempleo.com\/hrtrends\/potenciar-la-cultura-empresarial\/\",\"url\":\"https:\/\/empresas.infoempleo.com\/hrtrends\/potenciar-la-cultura-empresarial\/\",\"name\":\"5 claves para potenciar la cultura empresarial | HR TRENDS\",\"isPartOf\":{\"@id\":\"https:\/\/empresas.infoempleo.com\/hrtrends\/#website\"},\"primaryImageOfPage\":{\"@id\":\"https:\/\/empresas.infoempleo.com\/hrtrends\/potenciar-la-cultura-empresarial\/#primaryimage\"},\"image\":{\"@id\":\"https:\/\/empresas.infoempleo.com\/hrtrends\/potenciar-la-cultura-empresarial\/#primaryimage\"},\"thumbnailUrl\":\"https:\/\/empresas.infoempleo.com\/hrtrends\/media\/2017\/10\/5-Tips-para-potenciar-la-cultura-empresarial-e1507642122732.jpg\",\"datePublished\":\"2017-10-11T08:00:04+00:00\",\"dateModified\":\"2024-08-29T15:49:48+00:00\",\"description\":\"Te contamos las 5 claves para potenciar la cultura empresarial y conseguir que todos los trabajadores entiendan en qu\u00e9 consiste y conseguir mejor ambiente.\",\"breadcrumb\":{\"@id\":\"https:\/\/empresas.infoempleo.com\/hrtrends\/potenciar-la-cultura-empresarial\/#breadcrumb\"},\"inLanguage\":\"es\",\"potentialAction\":[{\"@type\":\"ReadAction\",\"target\":[\"https:\/\/empresas.infoempleo.com\/hrtrends\/potenciar-la-cultura-empresarial\/\"]}]},{\"@type\":\"ImageObject\",\"inLanguage\":\"es\",\"@id\":\"https:\/\/empresas.infoempleo.com\/hrtrends\/potenciar-la-cultura-empresarial\/#primaryimage\",\"url\":\"https:\/\/empresas.infoempleo.com\/hrtrends\/media\/2017\/10\/5-Tips-para-potenciar-la-cultura-empresarial-e1507642122732-150x150.jpg\",\"contentUrl\":\"https:\/\/empresas.infoempleo.com\/hrtrends\/media\/2017\/10\/5-Tips-para-potenciar-la-cultura-empresarial-e1507642122732-150x150.jpg\",\"width\":150,\"height\":150},{\"@type\":\"BreadcrumbList\",\"@id\":\"https:\/\/empresas.infoempleo.com\/hrtrends\/potenciar-la-cultura-empresarial\/#breadcrumb\",\"itemListElement\":[{\"@type\":\"ListItem\",\"position\":1,\"name\":\"Portada\",\"item\":\"https:\/\/empresas.infoempleo.com\/hrtrends\/\"},{\"@type\":\"ListItem\",\"position\":2,\"name\":\"5 Claves para potenciar la cultura empresarial\"}]},{\"@type\":\"WebSite\",\"@id\":\"https:\/\/empresas.infoempleo.com\/hrtrends\/#website\",\"url\":\"https:\/\/empresas.infoempleo.com\/hrtrends\",\"name\":\"HRTrends by Infoempleo\",\"description\":\"\",\"publisher\":{\"@id\":\"https:\/\/empresas.infoempleo.com\/hrtrends\/#organization\"},\"potentialAction\":{\"@type\":\"SearchAction\",\"target\":\"https:\/\/empresas.infoempleo.com\/hrtrends\/?s={search_term_string}\",\"query-input\":\"required name=search_term_string\"},\"inLanguage\":\"es\"},{\"@type\":\"Organization\",\"@id\":\"https:\/\/empresas.infoempleo.com\/hrtrends\/#organization\",\"name\":\"Infoempleo\",\"url\":\"https:\/\/www.infoempleo.com\/\",\"logo\":{\"@type\":\"ImageObject\",\"@id\":\"https:\/\/empresas.infoempleo.com\/hrtrends\/#logo\",\"inLanguage\":\"es\",\"url\":\"https:\/\/cdnazure.infoempleo.com\/infoempleo\/assets\/style\/gfx\/logo.svg\",\"contentUrl\":\"https:\/\/cdnazure.infoempleo.com\/infoempleo\/assets\/style\/gfx\/logo.svg\",\"width\":150,\"height\":40,\"caption\":\"Infoempleo\"},\"image\":{\"@id\":\"https:\/\/empresas.infoempleo.com\/hrtrends\/#logo\"},\"sameAs\":[\"https:\/\/www.facebook.com\/Infoempleo\",\"https:\/\/x.com\/infoempleo\",\"http:\/\/instagram.com\/infoempleo\/\",\"http:\/\/www.linkedin.com\/groups\/Empleo-Espa\u00f1a-Infoempleocom-111276\",\"http:\/\/pinterest.com\/infoempleo\/\"],\"address\":{\"@type\":\"PostalAddress\",\"addressLocality\":\"Madrid\",\"postalCode\":\"28050\",\"streetAddress\":\"Avenida de Burgos 114\"},\"brand\":[\"Infoempleo\"]},{\"@type\":\"Person\",\"@id\":\"https:\/\/empresas.infoempleo.com\/hrtrends\/#\/schema\/person\/cf076f877b86c69d64a1f3b0b5584421\",\"name\":\"Isabel Garrido\",\"image\":{\"@type\":\"ImageObject\",\"inLanguage\":\"es\",\"@id\":\"https:\/\/empresas.infoempleo.com\/hrtrends\/#\/schema\/person\/image\/\",\"url\":\"https:\/\/secure.gravatar.com\/avatar\/d469e1179323948c858cc1fd20857a12a521ffd68c0f054b8b3f710c0b429230?s=96&d=mm&r=g\",\"contentUrl\":\"https:\/\/secure.gravatar.com\/avatar\/d469e1179323948c858cc1fd20857a12a521ffd68c0f054b8b3f710c0b429230?s=96&d=mm&r=g\",\"caption\":\"Isabel Garrido\"},\"description\":\"Colaboradora, competencias en optimizaci\u00f3n de la productividad en las empresas.\",\"url\":\"https:\/\/empresas.infoempleo.com\/hrtrends\/author\/isabel-garrido\/\"}]}<\/script>\n<!-- \/ Yoast SEO plugin. -->","yoast_head_json":{"title":"5 claves para potenciar la cultura empresarial | HR TRENDS","description":"Te contamos las 5 claves para potenciar la cultura empresarial y conseguir que todos los trabajadores entiendan en qu\u00e9 consiste y conseguir mejor ambiente.","robots":{"index":"index","follow":"follow","max-snippet":"max-snippet:-1","max-image-preview":"max-image-preview:large","max-video-preview":"max-video-preview:-1"},"canonical":"https:\/\/empresas.infoempleo.com\/hrtrends\/potenciar-la-cultura-empresarial\/","og_locale":"es_ES","og_type":"article","og_title":"5 claves para potenciar la cultura empresarial | HR TRENDS","og_description":"Te contamos las 5 claves para potenciar la cultura empresarial y conseguir que todos los trabajadores entiendan en qu\u00e9 consiste y conseguir mejor ambiente.","og_url":"https:\/\/empresas.infoempleo.com\/hrtrends\/potenciar-la-cultura-empresarial\/","og_site_name":"HRTRENDS","article_publisher":"https:\/\/www.facebook.com\/Infoempleo","article_published_time":"2017-10-11T08:00:04+00:00","article_modified_time":"2024-08-29T15:49:48+00:00","og_image":[{"width":640,"height":960,"url":"https:\/\/empresas.infoempleo.com\/hrtrends\/media\/2017\/10\/5-Tips-para-potenciar-la-cultura-empresarial-e1507642122732.jpg","type":"image\/jpeg"}],"author":"Isabel Garrido","twitter_card":"summary_large_image","twitter_creator":"@infoempleo","twitter_site":"@infoempleo","twitter_misc":{"Escrito por":"Isabel Garrido","Tiempo de lectura":"3 minutos"},"schema":{"@context":"https:\/\/schema.org","@graph":[{"@type":"NewsArticle","@id":"https:\/\/empresas.infoempleo.com\/hrtrends\/potenciar-la-cultura-empresarial\/#article","isPartOf":{"@id":"https:\/\/empresas.infoempleo.com\/hrtrends\/potenciar-la-cultura-empresarial\/"},"author":{"name":"Isabel Garrido","@id":"https:\/\/empresas.infoempleo.com\/hrtrends\/#\/schema\/person\/cf076f877b86c69d64a1f3b0b5584421"},"headline":"5 Claves para potenciar la cultura empresarial","datePublished":"2017-10-11T08:00:04+00:00","dateModified":"2024-08-29T15:49:48+00:00","mainEntityOfPage":{"@id":"https:\/\/empresas.infoempleo.com\/hrtrends\/potenciar-la-cultura-empresarial\/"},"wordCount":566,"publisher":{"@id":"https:\/\/empresas.infoempleo.com\/hrtrends\/#organization"},"image":{"@id":"https:\/\/empresas.infoempleo.com\/hrtrends\/potenciar-la-cultura-empresarial\/#primaryimage"},"thumbnailUrl":"https:\/\/empresas.infoempleo.com\/hrtrends\/media\/2017\/10\/5-Tips-para-potenciar-la-cultura-empresarial-e1507642122732.jpg","keywords":["cultura de empresa","equipo"],"articleSection":["Consejos"],"inLanguage":"es","copyrightYear":"2017","copyrightHolder":{"@id":"https:\/\/empresas.infoempleo.com\/hrtrends\/#organization"}},{"@type":"WebPage","@id":"https:\/\/empresas.infoempleo.com\/hrtrends\/potenciar-la-cultura-empresarial\/","url":"https:\/\/empresas.infoempleo.com\/hrtrends\/potenciar-la-cultura-empresarial\/","name":"5 claves para potenciar la cultura empresarial | HR TRENDS","isPartOf":{"@id":"https:\/\/empresas.infoempleo.com\/hrtrends\/#website"},"primaryImageOfPage":{"@id":"https:\/\/empresas.infoempleo.com\/hrtrends\/potenciar-la-cultura-empresarial\/#primaryimage"},"image":{"@id":"https:\/\/empresas.infoempleo.com\/hrtrends\/potenciar-la-cultura-empresarial\/#primaryimage"},"thumbnailUrl":"https:\/\/empresas.infoempleo.com\/hrtrends\/media\/2017\/10\/5-Tips-para-potenciar-la-cultura-empresarial-e1507642122732.jpg","datePublished":"2017-10-11T08:00:04+00:00","dateModified":"2024-08-29T15:49:48+00:00","description":"Te contamos las 5 claves para potenciar la cultura empresarial y conseguir que todos los trabajadores entiendan en qu\u00e9 consiste y conseguir mejor ambiente.","breadcrumb":{"@id":"https:\/\/empresas.infoempleo.com\/hrtrends\/potenciar-la-cultura-empresarial\/#breadcrumb"},"inLanguage":"es","potentialAction":[{"@type":"ReadAction","target":["https:\/\/empresas.infoempleo.com\/hrtrends\/potenciar-la-cultura-empresarial\/"]}]},{"@type":"ImageObject","inLanguage":"es","@id":"https:\/\/empresas.infoempleo.com\/hrtrends\/potenciar-la-cultura-empresarial\/#primaryimage","url":"https:\/\/empresas.infoempleo.com\/hrtrends\/media\/2017\/10\/5-Tips-para-potenciar-la-cultura-empresarial-e1507642122732-150x150.jpg","contentUrl":"https:\/\/empresas.infoempleo.com\/hrtrends\/media\/2017\/10\/5-Tips-para-potenciar-la-cultura-empresarial-e1507642122732-150x150.jpg","width":150,"height":150},{"@type":"BreadcrumbList","@id":"https:\/\/empresas.infoempleo.com\/hrtrends\/potenciar-la-cultura-empresarial\/#breadcrumb","itemListElement":[{"@type":"ListItem","position":1,"name":"Portada","item":"https:\/\/empresas.infoempleo.com\/hrtrends\/"},{"@type":"ListItem","position":2,"name":"5 Claves para potenciar la cultura empresarial"}]},{"@type":"WebSite","@id":"https:\/\/empresas.infoempleo.com\/hrtrends\/#website","url":"https:\/\/empresas.infoempleo.com\/hrtrends","name":"HRTrends by Infoempleo","description":"","publisher":{"@id":"https:\/\/empresas.infoempleo.com\/hrtrends\/#organization"},"potentialAction":{"@type":"SearchAction","target":"https:\/\/empresas.infoempleo.com\/hrtrends\/?s={search_term_string}","query-input":"required name=search_term_string"},"inLanguage":"es"},{"@type":"Organization","@id":"https:\/\/empresas.infoempleo.com\/hrtrends\/#organization","name":"Infoempleo","url":"https:\/\/www.infoempleo.com\/","logo":{"@type":"ImageObject","@id":"https:\/\/empresas.infoempleo.com\/hrtrends\/#logo","inLanguage":"es","url":"https:\/\/cdnazure.infoempleo.com\/infoempleo\/assets\/style\/gfx\/logo.svg","contentUrl":"https:\/\/cdnazure.infoempleo.com\/infoempleo\/assets\/style\/gfx\/logo.svg","width":150,"height":40,"caption":"Infoempleo"},"image":{"@id":"https:\/\/empresas.infoempleo.com\/hrtrends\/#logo"},"sameAs":["https:\/\/www.facebook.com\/Infoempleo","https:\/\/x.com\/infoempleo","http:\/\/instagram.com\/infoempleo\/","http:\/\/www.linkedin.com\/groups\/Empleo-Espa\u00f1a-Infoempleocom-111276","http:\/\/pinterest.com\/infoempleo\/"],"address":{"@type":"PostalAddress","addressLocality":"Madrid","postalCode":"28050","streetAddress":"Avenida de Burgos 114"},"brand":["Infoempleo"]},{"@type":"Person","@id":"https:\/\/empresas.infoempleo.com\/hrtrends\/#\/schema\/person\/cf076f877b86c69d64a1f3b0b5584421","name":"Isabel Garrido","image":{"@type":"ImageObject","inLanguage":"es","@id":"https:\/\/empresas.infoempleo.com\/hrtrends\/#\/schema\/person\/image\/","url":"https:\/\/secure.gravatar.com\/avatar\/d469e1179323948c858cc1fd20857a12a521ffd68c0f054b8b3f710c0b429230?s=96&d=mm&r=g","contentUrl":"https:\/\/secure.gravatar.com\/avatar\/d469e1179323948c858cc1fd20857a12a521ffd68c0f054b8b3f710c0b429230?s=96&d=mm&r=g","caption":"Isabel Garrido"},"description":"Colaboradora, competencias en optimizaci\u00f3n de la productividad en las empresas.","url":"https:\/\/empresas.infoempleo.com\/hrtrends\/author\/isabel-garrido\/"}]}},"amp_enabled":true,"_links":{"self":[{"href":"https:\/\/empresas.infoempleo.com\/hrtrends\/wp-json\/wp\/v2\/posts\/31379","targetHints":{"allow":["GET"]}}],"collection":[{"href":"https:\/\/empresas.infoempleo.com\/hrtrends\/wp-json\/wp\/v2\/posts"}],"about":[{"href":"https:\/\/empresas.infoempleo.com\/hrtrends\/wp-json\/wp\/v2\/types\/post"}],"author":[{"embeddable":true,"href":"https:\/\/empresas.infoempleo.com\/hrtrends\/wp-json\/wp\/v2\/users\/95"}],"replies":[{"embeddable":true,"href":"https:\/\/empresas.infoempleo.com\/hrtrends\/wp-json\/wp\/v2\/comments?post=31379"}],"version-history":[{"count":1,"href":"https:\/\/empresas.infoempleo.com\/hrtrends\/wp-json\/wp\/v2\/posts\/31379\/revisions"}],"predecessor-version":[{"id":45396,"href":"https:\/\/empresas.infoempleo.com\/hrtrends\/wp-json\/wp\/v2\/posts\/31379\/revisions\/45396"}],"wp:featuredmedia":[{"embeddable":true,"href":"https:\/\/empresas.infoempleo.com\/hrtrends\/wp-json\/wp\/v2\/media\/31380"}],"wp:attachment":[{"href":"https:\/\/empresas.infoempleo.com\/hrtrends\/wp-json\/wp\/v2\/media?parent=31379"}],"wp:term":[{"taxonomy":"category","embeddable":true,"href":"https:\/\/empresas.infoempleo.com\/hrtrends\/wp-json\/wp\/v2\/categories?post=31379"},{"taxonomy":"post_tag","embeddable":true,"href":"https:\/\/empresas.infoempleo.com\/hrtrends\/wp-json\/wp\/v2\/tags?post=31379"}],"curies":[{"name":"wp","href":"https:\/\/api.w.org\/{rel}","templated":true}]}}