{"id":31245,"date":"2017-09-15T09:40:23","date_gmt":"2017-09-15T07:40:23","guid":{"rendered":"https:\/\/empresas.infoempleo.com\/hrtrends\/?p=31245"},"modified":"2018-05-23T16:45:35","modified_gmt":"2018-05-23T14:45:35","slug":"actuar-evitar-conflictos-laborales-empresa","status":"publish","type":"post","link":"https:\/\/empresas.infoempleo.com\/hrtrends\/actuar-evitar-conflictos-laborales-empresa\/","title":{"rendered":"\u00bfC\u00f3mo actuar para evitar conflictos laborales en tu empresa?"},"content":{"rendered":"<p><span style=\"font-weight: 400\">Las empresas son los lugares donde pasas la mayor parte de tu tiempo, a veces es imposible evitar algunos <\/span><b>conflictos entre trabajadores<\/b><span style=\"font-weight: 400\"> o entre los trabajadores y la empresa puesto que pueden surgir posibles desacuerdos a la hora de trabajar.<\/span><\/p>\n<p><span style=\"font-weight: 400\">Las empresas han de intentar evitar que sucedan <\/span><b>conflictos laborales<\/b><span style=\"font-weight: 400\">, puesto que el <\/span><b>ambiente laboral<\/b><span style=\"font-weight: 400\"> y la relaci\u00f3n entre los compa\u00f1eros es b\u00e1sica para aumentar la eficiencia y la <\/span><b>productividad<\/b><span style=\"font-weight: 400\"> de los trabajadores.<\/span><\/p>\n<p><img loading=\"lazy\" decoding=\"async\" class=\"alignnone  wp-image-31247\" src=\"https:\/\/empresas.infoempleo.com\/hrtrends\/media\/2017\/09\/adult-2449725_640-300x200.jpg\" alt=\"\" width=\"332\" height=\"221\" srcset=\"https:\/\/empresas.infoempleo.com\/hrtrends\/media\/2017\/09\/adult-2449725_640-300x200.jpg 300w, https:\/\/empresas.infoempleo.com\/hrtrends\/media\/2017\/09\/adult-2449725_640.jpg 640w\" sizes=\"auto, (max-width: 332px) 100vw, 332px\" \/><\/p>\n<p><b>\u00bfQu\u00e9 pueden hacer las empresas para evitar conflictos laborales?<\/b><\/p>\n<p><b>1.Hacer entrevistas internas<\/b><span style=\"font-weight: 400\">: es importante conocer qu\u00e9 es lo que les preocupa a nuestros empleados y profundizar en las opiniones que tienen acerca de sus compa\u00f1eros. Toda la informaci\u00f3n que podamos obtener se tendr\u00e1 que utilizar para<\/span><b> mejorar los equipos y las relaciones<\/b><span style=\"font-weight: 400\"> entre los empleados.<\/span><\/p>\n<p><b>2.Realizar actividades de <\/b><a href=\"https:\/\/empresas.infoempleo.com\/hrtrends\/potenciar-team-building-empresa\/\/?utm_source=post&amp;utm_campaign=hrtrends&amp;utm_medium=blogempresas&amp;utm_content=contenido\"><b><i>team building<\/i><\/b><\/a><b>:<\/b><span style=\"font-weight: 400\"> las relaciones entre compa\u00f1eros pueden mejorar si se hacen actividades externas donde se intenta mejorar el v\u00ednculo entre trabajadores, como por ejemplo las cenas de empresa o actividades en grupo que pueden ser deportivas o de otras formas de ocio. <\/span><\/p>\n<p><b>3.Poner un<\/b><b><i> team<\/i><\/b> <b><i>leader<\/i><\/b><b>:<\/b><span style=\"font-weight: 400\"> en ocasiones los conflictos entre trabajadores provienen por no tener una figura que pueda organizar tareas a cada trabajador. Si existe un<\/span> <b><i>leader<\/i><\/b> <span style=\"font-weight: 400\">que organice <\/span><b>el equipo <\/b><span style=\"font-weight: 400\">y que priorice e identifique las necesidades que tienen, ser\u00e1 m\u00e1s f\u00e1cil trabajar hacia el mismo <\/span><b>objetivo<\/b><span style=\"font-weight: 400\"> y de manera coordinada.<\/span><\/p>\n<p><b>4.Intentar resolver el problema pronto:<\/b><span style=\"font-weight: 400\"> si un<\/span><b> conflicto laboral <\/b><span style=\"font-weight: 400\">se resuelve cuando surge, es m\u00e1s f\u00e1cil que no pase a mayores y hablando entre ambos se resuelva.<\/span><\/p>\n<p><b>\u00bfC\u00f3mo deben actuar las empresas si el conflicto es real?<\/b><\/p>\n<p><span style=\"font-weight: 400\">A pesar de intentar evitar los <\/span><b>conflictos en el trabajo<\/b><span style=\"font-weight: 400\">, puede ser que una empresa se enfrente a un problema real entre alg\u00fan trabajador. \u00bfQu\u00e9 deben hacer para solucionar el problema?<\/span><\/p>\n<p><b>1.Informarse del problema:<\/b><span style=\"font-weight: 400\"> la clave para <\/span><a href=\"https:\/\/empresas.infoempleo.com\/hrtrends\/actualidad\/resolver-situaciones-criticas-en-las-empresas\/?utm_source=post&amp;utm_campaign=hrtrends&amp;utm_medium=blogempresas&amp;utm_content=contenido\"><b>solucionar un conflicto<\/b><\/a><span style=\"font-weight: 400\"> es estar informado sobre lo que ha pasado y escuchar a ambas partes para tomar una decisi\u00f3n a la hora de resolver el conflicto.<\/span><\/p>\n<p><b>2.Reunir a los participantes del problema:<\/b><span style=\"font-weight: 400\"> una manera de <\/span><b>resolver el problema<\/b><span style=\"font-weight: 400\"> es hablar con ambas partes y que ellos dialoguen en presencia de un responsable de la empresa. Tratar de encontrar la soluci\u00f3n lo antes posible, evitar\u00e1 problemas mayores tanto para ellos como para la otra parte del equipo.<\/span><\/p>\n<p><b>3.Acordar una soluci\u00f3n:<\/b><span style=\"font-weight: 400\"> despu\u00e9s de tratar el problema, la prioridad es encontrar una soluci\u00f3n y que sea aceptada por ambas partes. Ser\u00e1 una de las maneras en las que el conflicto quede solucionado y entendido.<\/span><\/p>\n<p><span style=\"font-weight: 400\">En definitiva,todos los problemas se pueden solucionar si se tratan con tiempo y de una manera educada, intentando entender qu\u00e9 ha pasado y qu\u00e9 piensan los implicados del conflicto laboral. Si se habla de cada asunto con respeto, ser\u00e1 m\u00e1s f\u00e1cil poder solucionar y entender qu\u00e9 ha pasado \u00a0para que no vuelva a ocurrir.<\/span><\/p>\n","protected":false},"excerpt":{"rendered":"<p>Las empresas son los lugares donde pasas la mayor parte de tu tiempo, a veces es imposible evitar<a class=\"moretag\" href=\"https:\/\/empresas.infoempleo.com\/hrtrends\/actuar-evitar-conflictos-laborales-empresa\/\"> Leer m\u00e1s<\/a><\/p>\n","protected":false},"author":95,"featured_media":31246,"comment_status":"closed","ping_status":"open","sticky":false,"template":"","format":"standard","meta":{"footnotes":""},"categories":[3035],"tags":[],"class_list":["post-31245","post","type-post","status-publish","format-standard","has-post-thumbnail","hentry","category-consejos"],"yoast_head":"<!-- This site is optimized with the Yoast SEO plugin v26.1.1 - https:\/\/yoast.com\/wordpress\/plugins\/seo\/ -->\n<title>\u00bfC\u00f3mo actuar para evitar conflictos laborales? | HR TRENDS<\/title>\n<meta name=\"description\" content=\"Los conflictos laborales existen, pero evitarlos es posible si se llevan a cabo ciertos puntos que mejoraran el ambiente laboral en las empresas.\" \/>\n<meta name=\"robots\" content=\"index, follow, max-snippet:-1, max-image-preview:large, max-video-preview:-1\" \/>\n<link rel=\"canonical\" href=\"https:\/\/empresas.infoempleo.com\/hrtrends\/actuar-evitar-conflictos-laborales-empresa\/\" \/>\n<meta property=\"og:locale\" content=\"es_ES\" \/>\n<meta property=\"og:type\" content=\"article\" \/>\n<meta property=\"og:title\" content=\"\u00bfC\u00f3mo actuar para evitar conflictos laborales? | HR TRENDS\" \/>\n<meta property=\"og:description\" content=\"Los conflictos laborales existen, pero evitarlos es posible si se llevan a cabo ciertos puntos que mejoraran el ambiente laboral en las empresas.\" \/>\n<meta property=\"og:url\" content=\"https:\/\/empresas.infoempleo.com\/hrtrends\/actuar-evitar-conflictos-laborales-empresa\/\" \/>\n<meta property=\"og:site_name\" content=\"HRTRENDS\" \/>\n<meta property=\"article:publisher\" content=\"https:\/\/www.facebook.com\/Infoempleo\" \/>\n<meta property=\"article:published_time\" content=\"2017-09-15T07:40:23+00:00\" \/>\n<meta property=\"article:modified_time\" content=\"2018-05-23T14:45:35+00:00\" \/>\n<meta property=\"og:image\" content=\"https:\/\/empresas.infoempleo.com\/hrtrends\/media\/2017\/09\/brick-2449728_640.jpg\" \/>\n\t<meta property=\"og:image:width\" content=\"640\" \/>\n\t<meta property=\"og:image:height\" content=\"426\" \/>\n\t<meta property=\"og:image:type\" content=\"image\/jpeg\" \/>\n<meta name=\"author\" content=\"Isabel Garrido\" \/>\n<meta name=\"twitter:card\" content=\"summary_large_image\" \/>\n<meta name=\"twitter:creator\" content=\"@infoempleo\" \/>\n<meta name=\"twitter:site\" content=\"@infoempleo\" \/>\n<meta name=\"twitter:label1\" content=\"Escrito por\" \/>\n\t<meta name=\"twitter:data1\" content=\"Isabel Garrido\" \/>\n\t<meta name=\"twitter:label2\" content=\"Tiempo de lectura\" \/>\n\t<meta name=\"twitter:data2\" content=\"2 minutos\" \/>\n<script type=\"application\/ld+json\" class=\"yoast-schema-graph\">{\"@context\":\"https:\/\/schema.org\",\"@graph\":[{\"@type\":\"NewsArticle\",\"@id\":\"https:\/\/empresas.infoempleo.com\/hrtrends\/actuar-evitar-conflictos-laborales-empresa\/#article\",\"isPartOf\":{\"@id\":\"https:\/\/empresas.infoempleo.com\/hrtrends\/actuar-evitar-conflictos-laborales-empresa\/\"},\"author\":{\"name\":\"Isabel Garrido\",\"@id\":\"https:\/\/empresas.infoempleo.com\/hrtrends\/#\/schema\/person\/cf076f877b86c69d64a1f3b0b5584421\"},\"headline\":\"\u00bfC\u00f3mo actuar para evitar conflictos laborales en tu empresa?\",\"datePublished\":\"2017-09-15T07:40:23+00:00\",\"dateModified\":\"2018-05-23T14:45:35+00:00\",\"mainEntityOfPage\":{\"@id\":\"https:\/\/empresas.infoempleo.com\/hrtrends\/actuar-evitar-conflictos-laborales-empresa\/\"},\"wordCount\":496,\"publisher\":{\"@id\":\"https:\/\/empresas.infoempleo.com\/hrtrends\/#organization\"},\"image\":{\"@id\":\"https:\/\/empresas.infoempleo.com\/hrtrends\/actuar-evitar-conflictos-laborales-empresa\/#primaryimage\"},\"thumbnailUrl\":\"https:\/\/empresas.infoempleo.com\/hrtrends\/media\/2017\/09\/brick-2449728_640.jpg\",\"articleSection\":[\"Consejos\"],\"inLanguage\":\"es\",\"copyrightYear\":\"2017\",\"copyrightHolder\":{\"@id\":\"https:\/\/empresas.infoempleo.com\/hrtrends\/#organization\"}},{\"@type\":\"WebPage\",\"@id\":\"https:\/\/empresas.infoempleo.com\/hrtrends\/actuar-evitar-conflictos-laborales-empresa\/\",\"url\":\"https:\/\/empresas.infoempleo.com\/hrtrends\/actuar-evitar-conflictos-laborales-empresa\/\",\"name\":\"\u00bfC\u00f3mo actuar para evitar conflictos laborales? | HR TRENDS\",\"isPartOf\":{\"@id\":\"https:\/\/empresas.infoempleo.com\/hrtrends\/#website\"},\"primaryImageOfPage\":{\"@id\":\"https:\/\/empresas.infoempleo.com\/hrtrends\/actuar-evitar-conflictos-laborales-empresa\/#primaryimage\"},\"image\":{\"@id\":\"https:\/\/empresas.infoempleo.com\/hrtrends\/actuar-evitar-conflictos-laborales-empresa\/#primaryimage\"},\"thumbnailUrl\":\"https:\/\/empresas.infoempleo.com\/hrtrends\/media\/2017\/09\/brick-2449728_640.jpg\",\"datePublished\":\"2017-09-15T07:40:23+00:00\",\"dateModified\":\"2018-05-23T14:45:35+00:00\",\"description\":\"Los conflictos laborales existen, pero evitarlos es posible si se llevan a cabo ciertos puntos que mejoraran el ambiente laboral en las empresas.\",\"breadcrumb\":{\"@id\":\"https:\/\/empresas.infoempleo.com\/hrtrends\/actuar-evitar-conflictos-laborales-empresa\/#breadcrumb\"},\"inLanguage\":\"es\",\"potentialAction\":[{\"@type\":\"ReadAction\",\"target\":[\"https:\/\/empresas.infoempleo.com\/hrtrends\/actuar-evitar-conflictos-laborales-empresa\/\"]}]},{\"@type\":\"ImageObject\",\"inLanguage\":\"es\",\"@id\":\"https:\/\/empresas.infoempleo.com\/hrtrends\/actuar-evitar-conflictos-laborales-empresa\/#primaryimage\",\"url\":\"https:\/\/empresas.infoempleo.com\/hrtrends\/media\/2017\/09\/brick-2449728_640-150x150.jpg\",\"contentUrl\":\"https:\/\/empresas.infoempleo.com\/hrtrends\/media\/2017\/09\/brick-2449728_640-150x150.jpg\",\"width\":150,\"height\":150},{\"@type\":\"BreadcrumbList\",\"@id\":\"https:\/\/empresas.infoempleo.com\/hrtrends\/actuar-evitar-conflictos-laborales-empresa\/#breadcrumb\",\"itemListElement\":[{\"@type\":\"ListItem\",\"position\":1,\"name\":\"Portada\",\"item\":\"https:\/\/empresas.infoempleo.com\/hrtrends\/\"},{\"@type\":\"ListItem\",\"position\":2,\"name\":\"\u00bfC\u00f3mo actuar para evitar conflictos laborales en tu empresa?\"}]},{\"@type\":\"WebSite\",\"@id\":\"https:\/\/empresas.infoempleo.com\/hrtrends\/#website\",\"url\":\"https:\/\/empresas.infoempleo.com\/hrtrends\",\"name\":\"HRTrends by Infoempleo\",\"description\":\"\",\"publisher\":{\"@id\":\"https:\/\/empresas.infoempleo.com\/hrtrends\/#organization\"},\"potentialAction\":{\"@type\":\"SearchAction\",\"target\":\"https:\/\/empresas.infoempleo.com\/hrtrends\/?s={search_term_string}\",\"query-input\":\"required name=search_term_string\"},\"inLanguage\":\"es\"},{\"@type\":\"Organization\",\"@id\":\"https:\/\/empresas.infoempleo.com\/hrtrends\/#organization\",\"name\":\"Infoempleo\",\"url\":\"https:\/\/www.infoempleo.com\/\",\"logo\":{\"@type\":\"ImageObject\",\"@id\":\"https:\/\/empresas.infoempleo.com\/hrtrends\/#logo\",\"inLanguage\":\"es\",\"url\":\"https:\/\/cdnazure.infoempleo.com\/infoempleo\/assets\/style\/gfx\/logo.svg\",\"contentUrl\":\"https:\/\/cdnazure.infoempleo.com\/infoempleo\/assets\/style\/gfx\/logo.svg\",\"width\":150,\"height\":40,\"caption\":\"Infoempleo\"},\"image\":{\"@id\":\"https:\/\/empresas.infoempleo.com\/hrtrends\/#logo\"},\"sameAs\":[\"https:\/\/www.facebook.com\/Infoempleo\",\"https:\/\/x.com\/infoempleo\",\"http:\/\/instagram.com\/infoempleo\/\",\"http:\/\/www.linkedin.com\/groups\/Empleo-Espa\u00f1a-Infoempleocom-111276\",\"http:\/\/pinterest.com\/infoempleo\/\"],\"address\":{\"@type\":\"PostalAddress\",\"addressLocality\":\"Madrid\",\"postalCode\":\"28050\",\"streetAddress\":\"Avenida de Burgos 114\"},\"brand\":[\"Infoempleo\"]},{\"@type\":\"Person\",\"@id\":\"https:\/\/empresas.infoempleo.com\/hrtrends\/#\/schema\/person\/cf076f877b86c69d64a1f3b0b5584421\",\"name\":\"Isabel Garrido\",\"image\":{\"@type\":\"ImageObject\",\"inLanguage\":\"es\",\"@id\":\"https:\/\/empresas.infoempleo.com\/hrtrends\/#\/schema\/person\/image\/\",\"url\":\"https:\/\/secure.gravatar.com\/avatar\/d469e1179323948c858cc1fd20857a12a521ffd68c0f054b8b3f710c0b429230?s=96&d=mm&r=g\",\"contentUrl\":\"https:\/\/secure.gravatar.com\/avatar\/d469e1179323948c858cc1fd20857a12a521ffd68c0f054b8b3f710c0b429230?s=96&d=mm&r=g\",\"caption\":\"Isabel Garrido\"},\"description\":\"Colaboradora, competencias en optimizaci\u00f3n de la productividad en las empresas.\",\"url\":\"https:\/\/empresas.infoempleo.com\/hrtrends\/author\/isabel-garrido\/\"}]}<\/script>\n<!-- \/ Yoast SEO plugin. -->","yoast_head_json":{"title":"\u00bfC\u00f3mo actuar para evitar conflictos laborales? | HR TRENDS","description":"Los conflictos laborales existen, pero evitarlos es posible si se llevan a cabo ciertos puntos que mejoraran el ambiente laboral en las empresas.","robots":{"index":"index","follow":"follow","max-snippet":"max-snippet:-1","max-image-preview":"max-image-preview:large","max-video-preview":"max-video-preview:-1"},"canonical":"https:\/\/empresas.infoempleo.com\/hrtrends\/actuar-evitar-conflictos-laborales-empresa\/","og_locale":"es_ES","og_type":"article","og_title":"\u00bfC\u00f3mo actuar para evitar conflictos laborales? | HR TRENDS","og_description":"Los conflictos laborales existen, pero evitarlos es posible si se llevan a cabo ciertos puntos que mejoraran el ambiente laboral en las empresas.","og_url":"https:\/\/empresas.infoempleo.com\/hrtrends\/actuar-evitar-conflictos-laborales-empresa\/","og_site_name":"HRTRENDS","article_publisher":"https:\/\/www.facebook.com\/Infoempleo","article_published_time":"2017-09-15T07:40:23+00:00","article_modified_time":"2018-05-23T14:45:35+00:00","og_image":[{"width":640,"height":426,"url":"https:\/\/empresas.infoempleo.com\/hrtrends\/media\/2017\/09\/brick-2449728_640.jpg","type":"image\/jpeg"}],"author":"Isabel Garrido","twitter_card":"summary_large_image","twitter_creator":"@infoempleo","twitter_site":"@infoempleo","twitter_misc":{"Escrito por":"Isabel Garrido","Tiempo de lectura":"2 minutos"},"schema":{"@context":"https:\/\/schema.org","@graph":[{"@type":"NewsArticle","@id":"https:\/\/empresas.infoempleo.com\/hrtrends\/actuar-evitar-conflictos-laborales-empresa\/#article","isPartOf":{"@id":"https:\/\/empresas.infoempleo.com\/hrtrends\/actuar-evitar-conflictos-laborales-empresa\/"},"author":{"name":"Isabel Garrido","@id":"https:\/\/empresas.infoempleo.com\/hrtrends\/#\/schema\/person\/cf076f877b86c69d64a1f3b0b5584421"},"headline":"\u00bfC\u00f3mo actuar para evitar conflictos laborales en tu empresa?","datePublished":"2017-09-15T07:40:23+00:00","dateModified":"2018-05-23T14:45:35+00:00","mainEntityOfPage":{"@id":"https:\/\/empresas.infoempleo.com\/hrtrends\/actuar-evitar-conflictos-laborales-empresa\/"},"wordCount":496,"publisher":{"@id":"https:\/\/empresas.infoempleo.com\/hrtrends\/#organization"},"image":{"@id":"https:\/\/empresas.infoempleo.com\/hrtrends\/actuar-evitar-conflictos-laborales-empresa\/#primaryimage"},"thumbnailUrl":"https:\/\/empresas.infoempleo.com\/hrtrends\/media\/2017\/09\/brick-2449728_640.jpg","articleSection":["Consejos"],"inLanguage":"es","copyrightYear":"2017","copyrightHolder":{"@id":"https:\/\/empresas.infoempleo.com\/hrtrends\/#organization"}},{"@type":"WebPage","@id":"https:\/\/empresas.infoempleo.com\/hrtrends\/actuar-evitar-conflictos-laborales-empresa\/","url":"https:\/\/empresas.infoempleo.com\/hrtrends\/actuar-evitar-conflictos-laborales-empresa\/","name":"\u00bfC\u00f3mo actuar para evitar conflictos laborales? | HR TRENDS","isPartOf":{"@id":"https:\/\/empresas.infoempleo.com\/hrtrends\/#website"},"primaryImageOfPage":{"@id":"https:\/\/empresas.infoempleo.com\/hrtrends\/actuar-evitar-conflictos-laborales-empresa\/#primaryimage"},"image":{"@id":"https:\/\/empresas.infoempleo.com\/hrtrends\/actuar-evitar-conflictos-laborales-empresa\/#primaryimage"},"thumbnailUrl":"https:\/\/empresas.infoempleo.com\/hrtrends\/media\/2017\/09\/brick-2449728_640.jpg","datePublished":"2017-09-15T07:40:23+00:00","dateModified":"2018-05-23T14:45:35+00:00","description":"Los conflictos laborales existen, pero evitarlos es posible si se llevan a cabo ciertos puntos que mejoraran el ambiente laboral en las empresas.","breadcrumb":{"@id":"https:\/\/empresas.infoempleo.com\/hrtrends\/actuar-evitar-conflictos-laborales-empresa\/#breadcrumb"},"inLanguage":"es","potentialAction":[{"@type":"ReadAction","target":["https:\/\/empresas.infoempleo.com\/hrtrends\/actuar-evitar-conflictos-laborales-empresa\/"]}]},{"@type":"ImageObject","inLanguage":"es","@id":"https:\/\/empresas.infoempleo.com\/hrtrends\/actuar-evitar-conflictos-laborales-empresa\/#primaryimage","url":"https:\/\/empresas.infoempleo.com\/hrtrends\/media\/2017\/09\/brick-2449728_640-150x150.jpg","contentUrl":"https:\/\/empresas.infoempleo.com\/hrtrends\/media\/2017\/09\/brick-2449728_640-150x150.jpg","width":150,"height":150},{"@type":"BreadcrumbList","@id":"https:\/\/empresas.infoempleo.com\/hrtrends\/actuar-evitar-conflictos-laborales-empresa\/#breadcrumb","itemListElement":[{"@type":"ListItem","position":1,"name":"Portada","item":"https:\/\/empresas.infoempleo.com\/hrtrends\/"},{"@type":"ListItem","position":2,"name":"\u00bfC\u00f3mo actuar para evitar conflictos laborales en tu empresa?"}]},{"@type":"WebSite","@id":"https:\/\/empresas.infoempleo.com\/hrtrends\/#website","url":"https:\/\/empresas.infoempleo.com\/hrtrends","name":"HRTrends by Infoempleo","description":"","publisher":{"@id":"https:\/\/empresas.infoempleo.com\/hrtrends\/#organization"},"potentialAction":{"@type":"SearchAction","target":"https:\/\/empresas.infoempleo.com\/hrtrends\/?s={search_term_string}","query-input":"required name=search_term_string"},"inLanguage":"es"},{"@type":"Organization","@id":"https:\/\/empresas.infoempleo.com\/hrtrends\/#organization","name":"Infoempleo","url":"https:\/\/www.infoempleo.com\/","logo":{"@type":"ImageObject","@id":"https:\/\/empresas.infoempleo.com\/hrtrends\/#logo","inLanguage":"es","url":"https:\/\/cdnazure.infoempleo.com\/infoempleo\/assets\/style\/gfx\/logo.svg","contentUrl":"https:\/\/cdnazure.infoempleo.com\/infoempleo\/assets\/style\/gfx\/logo.svg","width":150,"height":40,"caption":"Infoempleo"},"image":{"@id":"https:\/\/empresas.infoempleo.com\/hrtrends\/#logo"},"sameAs":["https:\/\/www.facebook.com\/Infoempleo","https:\/\/x.com\/infoempleo","http:\/\/instagram.com\/infoempleo\/","http:\/\/www.linkedin.com\/groups\/Empleo-Espa\u00f1a-Infoempleocom-111276","http:\/\/pinterest.com\/infoempleo\/"],"address":{"@type":"PostalAddress","addressLocality":"Madrid","postalCode":"28050","streetAddress":"Avenida de Burgos 114"},"brand":["Infoempleo"]},{"@type":"Person","@id":"https:\/\/empresas.infoempleo.com\/hrtrends\/#\/schema\/person\/cf076f877b86c69d64a1f3b0b5584421","name":"Isabel Garrido","image":{"@type":"ImageObject","inLanguage":"es","@id":"https:\/\/empresas.infoempleo.com\/hrtrends\/#\/schema\/person\/image\/","url":"https:\/\/secure.gravatar.com\/avatar\/d469e1179323948c858cc1fd20857a12a521ffd68c0f054b8b3f710c0b429230?s=96&d=mm&r=g","contentUrl":"https:\/\/secure.gravatar.com\/avatar\/d469e1179323948c858cc1fd20857a12a521ffd68c0f054b8b3f710c0b429230?s=96&d=mm&r=g","caption":"Isabel Garrido"},"description":"Colaboradora, competencias en optimizaci\u00f3n de la productividad en las empresas.","url":"https:\/\/empresas.infoempleo.com\/hrtrends\/author\/isabel-garrido\/"}]}},"amp_enabled":true,"_links":{"self":[{"href":"https:\/\/empresas.infoempleo.com\/hrtrends\/wp-json\/wp\/v2\/posts\/31245","targetHints":{"allow":["GET"]}}],"collection":[{"href":"https:\/\/empresas.infoempleo.com\/hrtrends\/wp-json\/wp\/v2\/posts"}],"about":[{"href":"https:\/\/empresas.infoempleo.com\/hrtrends\/wp-json\/wp\/v2\/types\/post"}],"author":[{"embeddable":true,"href":"https:\/\/empresas.infoempleo.com\/hrtrends\/wp-json\/wp\/v2\/users\/95"}],"replies":[{"embeddable":true,"href":"https:\/\/empresas.infoempleo.com\/hrtrends\/wp-json\/wp\/v2\/comments?post=31245"}],"version-history":[{"count":0,"href":"https:\/\/empresas.infoempleo.com\/hrtrends\/wp-json\/wp\/v2\/posts\/31245\/revisions"}],"wp:featuredmedia":[{"embeddable":true,"href":"https:\/\/empresas.infoempleo.com\/hrtrends\/wp-json\/wp\/v2\/media\/31246"}],"wp:attachment":[{"href":"https:\/\/empresas.infoempleo.com\/hrtrends\/wp-json\/wp\/v2\/media?parent=31245"}],"wp:term":[{"taxonomy":"category","embeddable":true,"href":"https:\/\/empresas.infoempleo.com\/hrtrends\/wp-json\/wp\/v2\/categories?post=31245"},{"taxonomy":"post_tag","embeddable":true,"href":"https:\/\/empresas.infoempleo.com\/hrtrends\/wp-json\/wp\/v2\/tags?post=31245"}],"curies":[{"name":"wp","href":"https:\/\/api.w.org\/{rel}","templated":true}]}}