{"id":31171,"date":"2017-08-28T11:05:29","date_gmt":"2017-08-28T09:05:29","guid":{"rendered":"https:\/\/empresas.infoempleo.com\/hrtrends\/?p=31171"},"modified":"2018-05-23T16:45:36","modified_gmt":"2018-05-23T14:45:36","slug":"estres-laboral-aumenta-riesgo-sufrir-accidente-trafico","status":"publish","type":"post","link":"https:\/\/empresas.infoempleo.com\/hrtrends\/estres-laboral-aumenta-riesgo-sufrir-accidente-trafico\/","title":{"rendered":"El estr\u00e9s laboral aumenta el riesgo de sufrir un accidente de tr\u00e1fico"},"content":{"rendered":"<p><span style=\"font-weight: 400;\">El ritmo de vida que tienes en tu d\u00eda a d\u00eda provoca que <\/span><b>vivas estresado y en tensi\u00f3n<\/b><span style=\"font-weight: 400;\"> en cualquier momento. El <\/span><a href=\"https:\/\/empresas.infoempleo.com\/hrtrends\/el-estres-la-epidemia-laboral-del-futuro\/\"><b>estr\u00e9s laboral<\/b><\/a><span style=\"font-weight: 400;\"> que te provocan los horarios, tareas o compromisos repercuten a todas las acciones que desempe\u00f1as, incluido el conducir.<\/span><\/p>\n<p><span style=\"font-weight: 400;\">Si una persona sufre estr\u00e9s diario, es posible que a la hora de conducir pierda alg\u00fan sentido, sufra m\u00e1s distracciones y est\u00e9 m\u00e1s nervioso. Estas causas han provocado en los \u00faltimos a\u00f1os un <\/span><b>aumento de accidentes al volante<\/b><span style=\"font-weight: 400;\">.<\/span><\/p>\n<p><span style=\"font-weight: 400;\">La mayor causa de los accidentes seg\u00fan un estudio del RACE, Castrol y BP es la falta de atenci\u00f3n, distracciones, la manipulaci\u00f3n del tel\u00e9fono m\u00f3vil y el consumo de alcohol. Algunas de estas causas vienen provocadas por el estr\u00e9s sufrido en el trabajo principalmente. Cuando sufres un estr\u00e9s laboral muy elevado, puede verse reflejado de manera negativa en la manera de conducir, estando m\u00e1s irritable o distra\u00eddo.<\/span><\/p>\n<p><img loading=\"lazy\" decoding=\"async\" class=\"alignnone size-full wp-image-31173\" src=\"https:\/\/empresas.infoempleo.com\/hrtrends\/media\/2017\/08\/El-estr\u00e9s-laboral-aumenta-el-riesgo-de-sufrir-un-accidente-de-tr\u00e1fico-e1503910896819.jpeg\" alt=\"\" width=\"600\" height=\"389\" srcset=\"https:\/\/empresas.infoempleo.com\/hrtrends\/media\/2017\/08\/El-estr\u00e9s-laboral-aumenta-el-riesgo-de-sufrir-un-accidente-de-tr\u00e1fico-e1503910896819.jpeg 600w, https:\/\/empresas.infoempleo.com\/hrtrends\/media\/2017\/08\/El-estr\u00e9s-laboral-aumenta-el-riesgo-de-sufrir-un-accidente-de-tr\u00e1fico-e1503910896819-300x195.jpeg 300w\" sizes=\"auto, (max-width: 600px) 100vw, 600px\" \/><\/p>\n<h3><b>\u00bfQu\u00e9 causas te provocan conducir distra\u00eddo?<\/b><\/h3>\n<p><b>-Trabajo:<\/b><span style=\"font-weight: 400;\"> \u00bfSab\u00edas que los efectos del estr\u00e9s al volante aumentan un 28% el riesgo de sufrir un accidente de tr\u00e1fico? Todos los elementos que puedan evitar una situaci\u00f3n de estr\u00e9s en el trabajo, mejorar\u00e1n los h\u00e1bitos de conducci\u00f3n y de estar m\u00e1s concentrado y atento al volante. Cuando conduces de manera relajada y con todos los sentidos en la carretera, prestar\u00e1s m\u00e1s atenci\u00f3n a detalles que en otras situaciones no podr\u00edas controlar y podr\u00e1s evitar as\u00ed gran parte de los accidentes de tr\u00e1fico.<\/span><\/p>\n<p><b>-Vivir en grandes ciudades:<\/b><span style=\"font-weight: 400;\"> Mucha gente vive en grandes urbes donde normalmente las necesitan coger el coche para llegar a los lugares de trabajo provoca estr\u00e9s al volante. As\u00ed, se forman colas en las entradas y salidas a las horas puntas y esto provoca que las personas que viven en las urbes y se tengan que desplazar en coche a sus lugares de trabajo sufran un estr\u00e9s por tener que esperar.<\/span><\/p>\n<p><b>-Tensi\u00f3n muscular:<\/b><span style=\"font-weight: 400;\"> Tambi\u00e9n aumenta mientras conduces <strong>estresado<\/strong> y provoca una fatiga extra en trayectos cortos y largos, haci\u00e9ndote sentir m\u00e1s fatigado y con m\u00e1s ansiedad por llegar antes al destino.<\/span><\/p>\n<p><b>-Problemas personales:<\/b><span style=\"font-weight: 400;\"> las circunstancias personales influyen directamente en el estado de conducci\u00f3n, puesto que es m\u00e1s f\u00e1cil sentirse inmerso en los pensamientos propios y distraerse.<\/span><\/p>\n<p><span style=\"font-weight: 400;\">Cuando se conduce hay que intentar estar pendiente de todos los factores de la conducci\u00f3n, intentando disminuir todas las causas que nos distraigan y poder evitar accidentes.<\/span><\/p>\n<h3><b>Posibles soluciones a esta problem\u00e1tica<\/b><\/h3>\n<p><span style=\"font-weight: 400;\">Hoy en d\u00eda se est\u00e1n poniendo en marchas distintas campa\u00f1as para tratar de evitar esos accidentes que est\u00e1n causado por factores externos y tambi\u00e9n preventivos para evitar estas situaciones. Lo m\u00e1s importante es concienciarse como conductor de que cuando se conduce no se tiene que estar<strong> estresado<\/strong> y se tiene que intentar dejar de lado problemas que afecten directamente a la conducci\u00f3n.<\/span><\/p>\n","protected":false},"excerpt":{"rendered":"<p>El ritmo de vida que tienes en tu d\u00eda a d\u00eda provoca que vivas estresado y en tensi\u00f3n<a class=\"moretag\" href=\"https:\/\/empresas.infoempleo.com\/hrtrends\/estres-laboral-aumenta-riesgo-sufrir-accidente-trafico\/\"> Leer m\u00e1s<\/a><\/p>\n","protected":false},"author":93,"featured_media":31172,"comment_status":"closed","ping_status":"open","sticky":false,"template":"","format":"standard","meta":{"footnotes":""},"categories":[3],"tags":[],"class_list":["post-31171","post","type-post","status-publish","format-standard","has-post-thumbnail","hentry","category-actualidad"],"yoast_head":"<!-- This site is optimized with the Yoast SEO plugin v26.1.1 - https:\/\/yoast.com\/wordpress\/plugins\/seo\/ -->\n<title>El estr\u00e9s laboral aumenta el riesgo de sufrir un accidente | HR TRENDS<\/title>\n<meta name=\"description\" content=\". El estr\u00e9s laboral que te provocan los horarios, tareas o compromisos repercuten a todas las acciones que desempe\u00f1as, incluido el conducir.\" \/>\n<meta name=\"robots\" content=\"index, follow, max-snippet:-1, max-image-preview:large, max-video-preview:-1\" \/>\n<link rel=\"canonical\" href=\"https:\/\/empresas.infoempleo.com\/hrtrends\/estres-laboral-aumenta-riesgo-sufrir-accidente-trafico\/\" \/>\n<meta property=\"og:locale\" content=\"es_ES\" \/>\n<meta property=\"og:type\" content=\"article\" \/>\n<meta property=\"og:title\" content=\"El estr\u00e9s laboral aumenta el riesgo de sufrir un accidente | HR TRENDS\" \/>\n<meta property=\"og:description\" content=\". El estr\u00e9s laboral que te provocan los horarios, tareas o compromisos repercuten a todas las acciones que desempe\u00f1as, incluido el conducir.\" \/>\n<meta property=\"og:url\" content=\"https:\/\/empresas.infoempleo.com\/hrtrends\/estres-laboral-aumenta-riesgo-sufrir-accidente-trafico\/\" \/>\n<meta property=\"og:site_name\" content=\"HRTRENDS\" \/>\n<meta property=\"article:publisher\" content=\"https:\/\/www.facebook.com\/Infoempleo\" \/>\n<meta property=\"article:published_time\" content=\"2017-08-28T09:05:29+00:00\" \/>\n<meta property=\"article:modified_time\" content=\"2018-05-23T14:45:36+00:00\" \/>\n<meta property=\"og:image\" content=\"https:\/\/empresas.infoempleo.com\/hrtrends\/media\/2017\/08\/El-estr\u00e9s-laboral-aumenta-el-riesgo-de-sufrir-un-accidente-de-tr\u00e1fico-2-e1503910784188.jpg\" \/>\n\t<meta property=\"og:image:width\" content=\"600\" \/>\n\t<meta property=\"og:image:height\" content=\"276\" \/>\n\t<meta property=\"og:image:type\" content=\"image\/jpeg\" \/>\n<meta name=\"author\" content=\"Laura Soler\" \/>\n<meta name=\"twitter:card\" content=\"summary_large_image\" \/>\n<meta name=\"twitter:creator\" content=\"@infoempleo\" \/>\n<meta name=\"twitter:site\" content=\"@infoempleo\" \/>\n<meta name=\"twitter:label1\" content=\"Escrito por\" \/>\n\t<meta name=\"twitter:data1\" content=\"Laura Soler\" \/>\n\t<meta name=\"twitter:label2\" content=\"Tiempo de lectura\" \/>\n\t<meta name=\"twitter:data2\" content=\"3 minutos\" \/>\n<script type=\"application\/ld+json\" class=\"yoast-schema-graph\">{\"@context\":\"https:\/\/schema.org\",\"@graph\":[{\"@type\":\"NewsArticle\",\"@id\":\"https:\/\/empresas.infoempleo.com\/hrtrends\/estres-laboral-aumenta-riesgo-sufrir-accidente-trafico\/#article\",\"isPartOf\":{\"@id\":\"https:\/\/empresas.infoempleo.com\/hrtrends\/estres-laboral-aumenta-riesgo-sufrir-accidente-trafico\/\"},\"author\":{\"name\":\"Laura Soler\",\"@id\":\"https:\/\/empresas.infoempleo.com\/hrtrends\/#\/schema\/person\/a87831bdb31f0ef865cda025cfa8363d\"},\"headline\":\"El estr\u00e9s laboral aumenta el riesgo de sufrir un accidente de tr\u00e1fico\",\"datePublished\":\"2017-08-28T09:05:29+00:00\",\"dateModified\":\"2018-05-23T14:45:36+00:00\",\"mainEntityOfPage\":{\"@id\":\"https:\/\/empresas.infoempleo.com\/hrtrends\/estres-laboral-aumenta-riesgo-sufrir-accidente-trafico\/\"},\"wordCount\":523,\"publisher\":{\"@id\":\"https:\/\/empresas.infoempleo.com\/hrtrends\/#organization\"},\"image\":{\"@id\":\"https:\/\/empresas.infoempleo.com\/hrtrends\/estres-laboral-aumenta-riesgo-sufrir-accidente-trafico\/#primaryimage\"},\"thumbnailUrl\":\"https:\/\/empresas.infoempleo.com\/hrtrends\/media\/2017\/08\/El-estr\u00e9s-laboral-aumenta-el-riesgo-de-sufrir-un-accidente-de-tr\u00e1fico-2-e1503910784188.jpg\",\"articleSection\":[\"Actualidad\"],\"inLanguage\":\"es\",\"copyrightYear\":\"2017\",\"copyrightHolder\":{\"@id\":\"https:\/\/empresas.infoempleo.com\/hrtrends\/#organization\"}},{\"@type\":\"WebPage\",\"@id\":\"https:\/\/empresas.infoempleo.com\/hrtrends\/estres-laboral-aumenta-riesgo-sufrir-accidente-trafico\/\",\"url\":\"https:\/\/empresas.infoempleo.com\/hrtrends\/estres-laboral-aumenta-riesgo-sufrir-accidente-trafico\/\",\"name\":\"El estr\u00e9s laboral aumenta el riesgo de sufrir un accidente | HR TRENDS\",\"isPartOf\":{\"@id\":\"https:\/\/empresas.infoempleo.com\/hrtrends\/#website\"},\"primaryImageOfPage\":{\"@id\":\"https:\/\/empresas.infoempleo.com\/hrtrends\/estres-laboral-aumenta-riesgo-sufrir-accidente-trafico\/#primaryimage\"},\"image\":{\"@id\":\"https:\/\/empresas.infoempleo.com\/hrtrends\/estres-laboral-aumenta-riesgo-sufrir-accidente-trafico\/#primaryimage\"},\"thumbnailUrl\":\"https:\/\/empresas.infoempleo.com\/hrtrends\/media\/2017\/08\/El-estr\u00e9s-laboral-aumenta-el-riesgo-de-sufrir-un-accidente-de-tr\u00e1fico-2-e1503910784188.jpg\",\"datePublished\":\"2017-08-28T09:05:29+00:00\",\"dateModified\":\"2018-05-23T14:45:36+00:00\",\"description\":\". El estr\u00e9s laboral que te provocan los horarios, tareas o compromisos repercuten a todas las acciones que desempe\u00f1as, incluido el conducir.\",\"breadcrumb\":{\"@id\":\"https:\/\/empresas.infoempleo.com\/hrtrends\/estres-laboral-aumenta-riesgo-sufrir-accidente-trafico\/#breadcrumb\"},\"inLanguage\":\"es\",\"potentialAction\":[{\"@type\":\"ReadAction\",\"target\":[\"https:\/\/empresas.infoempleo.com\/hrtrends\/estres-laboral-aumenta-riesgo-sufrir-accidente-trafico\/\"]}]},{\"@type\":\"ImageObject\",\"inLanguage\":\"es\",\"@id\":\"https:\/\/empresas.infoempleo.com\/hrtrends\/estres-laboral-aumenta-riesgo-sufrir-accidente-trafico\/#primaryimage\",\"url\":\"https:\/\/empresas.infoempleo.com\/hrtrends\/media\/2017\/08\/El-estr\u00e9s-laboral-aumenta-el-riesgo-de-sufrir-un-accidente-de-tr\u00e1fico-2-e1503910784188-150x150.jpg\",\"contentUrl\":\"https:\/\/empresas.infoempleo.com\/hrtrends\/media\/2017\/08\/El-estr\u00e9s-laboral-aumenta-el-riesgo-de-sufrir-un-accidente-de-tr\u00e1fico-2-e1503910784188-150x150.jpg\",\"width\":150,\"height\":150},{\"@type\":\"BreadcrumbList\",\"@id\":\"https:\/\/empresas.infoempleo.com\/hrtrends\/estres-laboral-aumenta-riesgo-sufrir-accidente-trafico\/#breadcrumb\",\"itemListElement\":[{\"@type\":\"ListItem\",\"position\":1,\"name\":\"Portada\",\"item\":\"https:\/\/empresas.infoempleo.com\/hrtrends\/\"},{\"@type\":\"ListItem\",\"position\":2,\"name\":\"El estr\u00e9s laboral aumenta el riesgo de sufrir un accidente de tr\u00e1fico\"}]},{\"@type\":\"WebSite\",\"@id\":\"https:\/\/empresas.infoempleo.com\/hrtrends\/#website\",\"url\":\"https:\/\/empresas.infoempleo.com\/hrtrends\",\"name\":\"HRTrends by Infoempleo\",\"description\":\"\",\"publisher\":{\"@id\":\"https:\/\/empresas.infoempleo.com\/hrtrends\/#organization\"},\"potentialAction\":{\"@type\":\"SearchAction\",\"target\":\"https:\/\/empresas.infoempleo.com\/hrtrends\/?s={search_term_string}\",\"query-input\":\"required name=search_term_string\"},\"inLanguage\":\"es\"},{\"@type\":\"Organization\",\"@id\":\"https:\/\/empresas.infoempleo.com\/hrtrends\/#organization\",\"name\":\"Infoempleo\",\"url\":\"https:\/\/www.infoempleo.com\/\",\"logo\":{\"@type\":\"ImageObject\",\"@id\":\"https:\/\/empresas.infoempleo.com\/hrtrends\/#logo\",\"inLanguage\":\"es\",\"url\":\"https:\/\/cdnazure.infoempleo.com\/infoempleo\/assets\/style\/gfx\/logo.svg\",\"contentUrl\":\"https:\/\/cdnazure.infoempleo.com\/infoempleo\/assets\/style\/gfx\/logo.svg\",\"width\":150,\"height\":40,\"caption\":\"Infoempleo\"},\"image\":{\"@id\":\"https:\/\/empresas.infoempleo.com\/hrtrends\/#logo\"},\"sameAs\":[\"https:\/\/www.facebook.com\/Infoempleo\",\"https:\/\/x.com\/infoempleo\",\"http:\/\/instagram.com\/infoempleo\/\",\"http:\/\/www.linkedin.com\/groups\/Empleo-Espa\u00f1a-Infoempleocom-111276\",\"http:\/\/pinterest.com\/infoempleo\/\"],\"address\":{\"@type\":\"PostalAddress\",\"addressLocality\":\"Madrid\",\"postalCode\":\"28050\",\"streetAddress\":\"Avenida de Burgos 114\"},\"brand\":[\"Infoempleo\"]},{\"@type\":\"Person\",\"@id\":\"https:\/\/empresas.infoempleo.com\/hrtrends\/#\/schema\/person\/a87831bdb31f0ef865cda025cfa8363d\",\"name\":\"Laura Soler\",\"image\":{\"@type\":\"ImageObject\",\"inLanguage\":\"es\",\"@id\":\"https:\/\/empresas.infoempleo.com\/hrtrends\/#\/schema\/person\/image\/\",\"url\":\"https:\/\/secure.gravatar.com\/avatar\/a849b9e29c141525eaf83f6f13a6c1442db43088835ada5a24322f59598e8fb5?s=96&d=mm&r=g\",\"contentUrl\":\"https:\/\/secure.gravatar.com\/avatar\/a849b9e29c141525eaf83f6f13a6c1442db43088835ada5a24322f59598e8fb5?s=96&d=mm&r=g\",\"caption\":\"Laura Soler\"},\"description\":\"Redactora, estudiante de m\u00e1ster en Relaciones Laborales y apasionada del coaching empresarial.\",\"url\":\"https:\/\/empresas.infoempleo.com\/hrtrends\/author\/laura-soler\/\"}]}<\/script>\n<!-- \/ Yoast SEO plugin. -->","yoast_head_json":{"title":"El estr\u00e9s laboral aumenta el riesgo de sufrir un accidente | HR TRENDS","description":". El estr\u00e9s laboral que te provocan los horarios, tareas o compromisos repercuten a todas las acciones que desempe\u00f1as, incluido el conducir.","robots":{"index":"index","follow":"follow","max-snippet":"max-snippet:-1","max-image-preview":"max-image-preview:large","max-video-preview":"max-video-preview:-1"},"canonical":"https:\/\/empresas.infoempleo.com\/hrtrends\/estres-laboral-aumenta-riesgo-sufrir-accidente-trafico\/","og_locale":"es_ES","og_type":"article","og_title":"El estr\u00e9s laboral aumenta el riesgo de sufrir un accidente | HR TRENDS","og_description":". El estr\u00e9s laboral que te provocan los horarios, tareas o compromisos repercuten a todas las acciones que desempe\u00f1as, incluido el conducir.","og_url":"https:\/\/empresas.infoempleo.com\/hrtrends\/estres-laboral-aumenta-riesgo-sufrir-accidente-trafico\/","og_site_name":"HRTRENDS","article_publisher":"https:\/\/www.facebook.com\/Infoempleo","article_published_time":"2017-08-28T09:05:29+00:00","article_modified_time":"2018-05-23T14:45:36+00:00","og_image":[{"width":600,"height":276,"url":"https:\/\/empresas.infoempleo.com\/hrtrends\/media\/2017\/08\/El-estr\u00e9s-laboral-aumenta-el-riesgo-de-sufrir-un-accidente-de-tr\u00e1fico-2-e1503910784188.jpg","type":"image\/jpeg"}],"author":"Laura Soler","twitter_card":"summary_large_image","twitter_creator":"@infoempleo","twitter_site":"@infoempleo","twitter_misc":{"Escrito por":"Laura Soler","Tiempo de lectura":"3 minutos"},"schema":{"@context":"https:\/\/schema.org","@graph":[{"@type":"NewsArticle","@id":"https:\/\/empresas.infoempleo.com\/hrtrends\/estres-laboral-aumenta-riesgo-sufrir-accidente-trafico\/#article","isPartOf":{"@id":"https:\/\/empresas.infoempleo.com\/hrtrends\/estres-laboral-aumenta-riesgo-sufrir-accidente-trafico\/"},"author":{"name":"Laura Soler","@id":"https:\/\/empresas.infoempleo.com\/hrtrends\/#\/schema\/person\/a87831bdb31f0ef865cda025cfa8363d"},"headline":"El estr\u00e9s laboral aumenta el riesgo de sufrir un accidente de tr\u00e1fico","datePublished":"2017-08-28T09:05:29+00:00","dateModified":"2018-05-23T14:45:36+00:00","mainEntityOfPage":{"@id":"https:\/\/empresas.infoempleo.com\/hrtrends\/estres-laboral-aumenta-riesgo-sufrir-accidente-trafico\/"},"wordCount":523,"publisher":{"@id":"https:\/\/empresas.infoempleo.com\/hrtrends\/#organization"},"image":{"@id":"https:\/\/empresas.infoempleo.com\/hrtrends\/estres-laboral-aumenta-riesgo-sufrir-accidente-trafico\/#primaryimage"},"thumbnailUrl":"https:\/\/empresas.infoempleo.com\/hrtrends\/media\/2017\/08\/El-estr\u00e9s-laboral-aumenta-el-riesgo-de-sufrir-un-accidente-de-tr\u00e1fico-2-e1503910784188.jpg","articleSection":["Actualidad"],"inLanguage":"es","copyrightYear":"2017","copyrightHolder":{"@id":"https:\/\/empresas.infoempleo.com\/hrtrends\/#organization"}},{"@type":"WebPage","@id":"https:\/\/empresas.infoempleo.com\/hrtrends\/estres-laboral-aumenta-riesgo-sufrir-accidente-trafico\/","url":"https:\/\/empresas.infoempleo.com\/hrtrends\/estres-laboral-aumenta-riesgo-sufrir-accidente-trafico\/","name":"El estr\u00e9s laboral aumenta el riesgo de sufrir un accidente | HR TRENDS","isPartOf":{"@id":"https:\/\/empresas.infoempleo.com\/hrtrends\/#website"},"primaryImageOfPage":{"@id":"https:\/\/empresas.infoempleo.com\/hrtrends\/estres-laboral-aumenta-riesgo-sufrir-accidente-trafico\/#primaryimage"},"image":{"@id":"https:\/\/empresas.infoempleo.com\/hrtrends\/estres-laboral-aumenta-riesgo-sufrir-accidente-trafico\/#primaryimage"},"thumbnailUrl":"https:\/\/empresas.infoempleo.com\/hrtrends\/media\/2017\/08\/El-estr\u00e9s-laboral-aumenta-el-riesgo-de-sufrir-un-accidente-de-tr\u00e1fico-2-e1503910784188.jpg","datePublished":"2017-08-28T09:05:29+00:00","dateModified":"2018-05-23T14:45:36+00:00","description":". El estr\u00e9s laboral que te provocan los horarios, tareas o compromisos repercuten a todas las acciones que desempe\u00f1as, incluido el conducir.","breadcrumb":{"@id":"https:\/\/empresas.infoempleo.com\/hrtrends\/estres-laboral-aumenta-riesgo-sufrir-accidente-trafico\/#breadcrumb"},"inLanguage":"es","potentialAction":[{"@type":"ReadAction","target":["https:\/\/empresas.infoempleo.com\/hrtrends\/estres-laboral-aumenta-riesgo-sufrir-accidente-trafico\/"]}]},{"@type":"ImageObject","inLanguage":"es","@id":"https:\/\/empresas.infoempleo.com\/hrtrends\/estres-laboral-aumenta-riesgo-sufrir-accidente-trafico\/#primaryimage","url":"https:\/\/empresas.infoempleo.com\/hrtrends\/media\/2017\/08\/El-estr\u00e9s-laboral-aumenta-el-riesgo-de-sufrir-un-accidente-de-tr\u00e1fico-2-e1503910784188-150x150.jpg","contentUrl":"https:\/\/empresas.infoempleo.com\/hrtrends\/media\/2017\/08\/El-estr\u00e9s-laboral-aumenta-el-riesgo-de-sufrir-un-accidente-de-tr\u00e1fico-2-e1503910784188-150x150.jpg","width":150,"height":150},{"@type":"BreadcrumbList","@id":"https:\/\/empresas.infoempleo.com\/hrtrends\/estres-laboral-aumenta-riesgo-sufrir-accidente-trafico\/#breadcrumb","itemListElement":[{"@type":"ListItem","position":1,"name":"Portada","item":"https:\/\/empresas.infoempleo.com\/hrtrends\/"},{"@type":"ListItem","position":2,"name":"El estr\u00e9s laboral aumenta el riesgo de sufrir un accidente de tr\u00e1fico"}]},{"@type":"WebSite","@id":"https:\/\/empresas.infoempleo.com\/hrtrends\/#website","url":"https:\/\/empresas.infoempleo.com\/hrtrends","name":"HRTrends by Infoempleo","description":"","publisher":{"@id":"https:\/\/empresas.infoempleo.com\/hrtrends\/#organization"},"potentialAction":{"@type":"SearchAction","target":"https:\/\/empresas.infoempleo.com\/hrtrends\/?s={search_term_string}","query-input":"required name=search_term_string"},"inLanguage":"es"},{"@type":"Organization","@id":"https:\/\/empresas.infoempleo.com\/hrtrends\/#organization","name":"Infoempleo","url":"https:\/\/www.infoempleo.com\/","logo":{"@type":"ImageObject","@id":"https:\/\/empresas.infoempleo.com\/hrtrends\/#logo","inLanguage":"es","url":"https:\/\/cdnazure.infoempleo.com\/infoempleo\/assets\/style\/gfx\/logo.svg","contentUrl":"https:\/\/cdnazure.infoempleo.com\/infoempleo\/assets\/style\/gfx\/logo.svg","width":150,"height":40,"caption":"Infoempleo"},"image":{"@id":"https:\/\/empresas.infoempleo.com\/hrtrends\/#logo"},"sameAs":["https:\/\/www.facebook.com\/Infoempleo","https:\/\/x.com\/infoempleo","http:\/\/instagram.com\/infoempleo\/","http:\/\/www.linkedin.com\/groups\/Empleo-Espa\u00f1a-Infoempleocom-111276","http:\/\/pinterest.com\/infoempleo\/"],"address":{"@type":"PostalAddress","addressLocality":"Madrid","postalCode":"28050","streetAddress":"Avenida de Burgos 114"},"brand":["Infoempleo"]},{"@type":"Person","@id":"https:\/\/empresas.infoempleo.com\/hrtrends\/#\/schema\/person\/a87831bdb31f0ef865cda025cfa8363d","name":"Laura Soler","image":{"@type":"ImageObject","inLanguage":"es","@id":"https:\/\/empresas.infoempleo.com\/hrtrends\/#\/schema\/person\/image\/","url":"https:\/\/secure.gravatar.com\/avatar\/a849b9e29c141525eaf83f6f13a6c1442db43088835ada5a24322f59598e8fb5?s=96&d=mm&r=g","contentUrl":"https:\/\/secure.gravatar.com\/avatar\/a849b9e29c141525eaf83f6f13a6c1442db43088835ada5a24322f59598e8fb5?s=96&d=mm&r=g","caption":"Laura Soler"},"description":"Redactora, estudiante de m\u00e1ster en Relaciones Laborales y apasionada del coaching empresarial.","url":"https:\/\/empresas.infoempleo.com\/hrtrends\/author\/laura-soler\/"}]}},"amp_enabled":true,"_links":{"self":[{"href":"https:\/\/empresas.infoempleo.com\/hrtrends\/wp-json\/wp\/v2\/posts\/31171","targetHints":{"allow":["GET"]}}],"collection":[{"href":"https:\/\/empresas.infoempleo.com\/hrtrends\/wp-json\/wp\/v2\/posts"}],"about":[{"href":"https:\/\/empresas.infoempleo.com\/hrtrends\/wp-json\/wp\/v2\/types\/post"}],"author":[{"embeddable":true,"href":"https:\/\/empresas.infoempleo.com\/hrtrends\/wp-json\/wp\/v2\/users\/93"}],"replies":[{"embeddable":true,"href":"https:\/\/empresas.infoempleo.com\/hrtrends\/wp-json\/wp\/v2\/comments?post=31171"}],"version-history":[{"count":0,"href":"https:\/\/empresas.infoempleo.com\/hrtrends\/wp-json\/wp\/v2\/posts\/31171\/revisions"}],"wp:featuredmedia":[{"embeddable":true,"href":"https:\/\/empresas.infoempleo.com\/hrtrends\/wp-json\/wp\/v2\/media\/31172"}],"wp:attachment":[{"href":"https:\/\/empresas.infoempleo.com\/hrtrends\/wp-json\/wp\/v2\/media?parent=31171"}],"wp:term":[{"taxonomy":"category","embeddable":true,"href":"https:\/\/empresas.infoempleo.com\/hrtrends\/wp-json\/wp\/v2\/categories?post=31171"},{"taxonomy":"post_tag","embeddable":true,"href":"https:\/\/empresas.infoempleo.com\/hrtrends\/wp-json\/wp\/v2\/tags?post=31171"}],"curies":[{"name":"wp","href":"https:\/\/api.w.org\/{rel}","templated":true}]}}