{"id":30985,"date":"2017-07-26T09:22:24","date_gmt":"2017-07-26T07:22:24","guid":{"rendered":"https:\/\/empresas.infoempleo.com\/hrtrends\/?p=30985"},"modified":"2025-10-28T18:00:23","modified_gmt":"2025-10-28T16:00:23","slug":"invertir-salud-seguridad-trabajo","status":"publish","type":"post","link":"https:\/\/empresas.infoempleo.com\/hrtrends\/invertir-salud-seguridad-trabajo\/","title":{"rendered":"\u00bfPor qu\u00e9 invertir en salud y seguridad en el trabajo?"},"content":{"rendered":"<p><i><span style=\"font-weight: 400\">\u201cLo esencial es invisible a los ojos\u201d<\/span><\/i><span style=\"font-weight: 400\">, que dec\u00eda El Principito. Una m\u00e1xima que en el \u00e9xito empresarial tambi\u00e9n es aplicable. La seguridad y la salud en el trabajo son conceptos que, muchas veces, se dan por hecho y<\/span><a href=\"https:\/\/empresas.infoempleo.com\/hrtrends\/la-salud-laboral\/\"> <span style=\"font-weight: 400\">realmente son b\u00e1sicos<\/span><\/a><span style=\"font-weight: 400\">.<\/span><\/p>\n<p><span style=\"font-weight: 400\">De hecho, en Espa\u00f1a se regulan por la Ley 31\/1995 de Prevenci\u00f3n de Riesgos Laborales, que busca<\/span><b> garantizar la seguridad en el trabajo <\/b><span style=\"font-weight: 400\">y prevenir los riesgos. Obliga a todas las empresas, sean privadas o p\u00fablicas, multinacionales o pymes, a realizar un <\/span><b>Plan de prevenci\u00f3n<\/b><span style=\"font-weight: 400\"> que debe integrarse en el sistema de gesti\u00f3n de la empresa. Los trabajadores tienen que conocerlo y hacer cumplir las reglas que est\u00e9n relacionadas con su actividad diaria laboral. Adem\u00e1s de informar a los empleados, este Plan se utiliza para aplicar medidas preventivas, formar en materia de seguridad y, especialmente, evaluar los resultados obtenidos. <\/span><\/p>\n<h2><b>Condiciones laborales: lo primero es la persona<\/b><\/h2>\n<p><span style=\"font-weight: 400\">Antes de contratar a un nuevo empleado, su salud no es un factor que se analice en profundidad. Toda la atenci\u00f3n est\u00e1 fijada en su experiencia, sus competencias y otros aspectos m\u00e1s profesionales y menos personales.<\/span><\/p>\n<p><span style=\"font-weight: 400\">Una vez dentro de la empresa, las actividades internas para motivar a los empleados se multiplican: <\/span><b>se invierte en formaci\u00f3n, se realizan actividades de teambuilding, se realizan\u00a0<\/b><a href=\"https:\/\/empresas.infoempleo.com\/hrtrends\/valorar-satisfaccion-de-los-empleados\/\"><span style=\"font-weight: 400\">encuestas para conocer el estado de la plantilla<\/span><\/a><span style=\"font-weight: 400\">\u2026 Y ya no entramos a valorar temas capitales como el salario o el horario. Porque todos estos aspectos son importantes pero lo esencial, <\/span><b>la salud y la seguridad<\/b><span style=\"font-weight: 400\">, en ocasiones se nos escapa. Hemos analizado los beneficios directos de aplicar medidas para mejorar las condiciones higi\u00e9nicas, la salud y la seguridad en el trabajo.<\/span><\/p>\n<h2><b>Ventajas de mejorar la seguridad en el trabajo<\/b><\/h2>\n<p><span style=\"font-weight: 400\">Una de los retos de la Asociaci\u00f3n Internacional de la Seguridad Social es cuantificar la rentabilidad de apostar por la seguridad laboral. Su experiencia prob\u00f3 que por cada euro invertido en salud y seguridad laboral se obten\u00eda el doble. Pero fuera de los n\u00fameros tambi\u00e9n encontramos ventajas objetivas.<\/span><\/p>\n<ul>\n<li><b>Reducir las bajas laborales<\/b><\/li>\n<\/ul>\n<p><b><\/b><b><\/b>El objetivo evidente de las medidas preventivas es reducir los \u00edndices de siniestralidad laboral y los casos de enfermedades profesionales. \u00bfQu\u00e9 beneficios directos nos reportar\u00e1 conseguirlo? Evitaremos alteraciones en la producci\u00f3n, reduciremos las bajas por enfermedad y los costes administrativos y legales ser\u00e1n menores.<\/p>\n<ul>\n<li><b>Eliminar costes evitables<\/b><\/li>\n<\/ul>\n<p><span style=\"font-weight: 400\">Ciertos accidentes laborales pueden implicar costes directos inasumibles o que frenen el crecimiento de nuestra empresa. Invertir en prevenci\u00f3n es eliminar posibles p\u00e9rdidas futuras.<\/span><\/p>\n<ul>\n<li><b>Mejorar la imagen de la empresa <\/b><\/li>\n<\/ul>\n<p><span style=\"font-weight: 400\">Las consecuencias de no contar con medidas preventivas de seguridad pueden ser irreversibles. Seg\u00fan cu\u00e1l sea el incidente, podemos llegar a perder clientes o contratos vitales para la empresa. Activos que podr\u00edan asegurarse actuando con antelaci\u00f3n.<\/span><\/p>\n<ul>\n<li><b>Mejorar la motivaci\u00f3n de los trabajadores<\/b><\/li>\n<\/ul>\n<p><span style=\"font-weight: 400\">Los problemas de salud pueden llegar a duplicar el<\/span><a href=\"https:\/\/www.antena3.com\/noticias\/economia\/cuesta-75000-millones-a-las-empresas_2017041758f4c46c0cf2e7235e5c36b7.html\"> <span style=\"font-weight: 400\">nivel de absentismo por enfermedad<\/span><\/a><span style=\"font-weight: 400\">. Si prestamos atenci\u00f3n las condiciones de higi\u00e9nicas y de seguridad podemos, no s\u00f3lo reducir las ausencias, sino mejorar la implicaci\u00f3n y la motivaci\u00f3n de nuestra plantilla.<\/span><\/p>\n<ul>\n<li><b>Mantener la productividad laboral<\/b><\/li>\n<\/ul>\n<p><span style=\"font-weight: 400\">Hay empresas donde la aportaci\u00f3n de algunos empleados es \u00fanica. Sufrir una baja laboral nos puede impedir realizar nuestra actividad laboral a pleno rendimiento.<\/span><\/p>\n<p><span style=\"font-weight: 400\">En conclusi\u00f3n, si aseguramos unas condiciones de salud y seguridad laboral \u00f3ptimas reduciremos riesgos, ampliando por tanto nuestra productividad. El rendimiento ser\u00e1 mayor, los imprevistos descender\u00e1n y los resultados en los beneficios ser\u00e1n directos.<\/span><\/p>\n","protected":false},"excerpt":{"rendered":"<p>\u201cLo esencial es invisible a los ojos\u201d, que dec\u00eda El Principito. Una m\u00e1xima que en el \u00e9xito empresarial<a class=\"moretag\" href=\"https:\/\/empresas.infoempleo.com\/hrtrends\/invertir-salud-seguridad-trabajo\/\"> Leer m\u00e1s<\/a><\/p>\n","protected":false},"author":95,"featured_media":30987,"comment_status":"closed","ping_status":"open","sticky":false,"template":"","format":"standard","meta":{"footnotes":""},"categories":[3035],"tags":[1931],"class_list":["post-30985","post","type-post","status-publish","format-standard","has-post-thumbnail","hentry","category-consejos","tag-seguridad-en-el-trabajo"],"yoast_head":"<!-- This site is optimized with the Yoast SEO plugin v26.1.1 - https:\/\/yoast.com\/wordpress\/plugins\/seo\/ -->\n<title>\u00bfPor qu\u00e9 invertir en salud y seguridad en el trabajo? | HR TRENDS<\/title>\n<meta name=\"description\" content=\"\u00bfPor qu\u00e9 es un aspecto positivo invertir en salud y seguridad laboral? Explicamos las mejoras que obtiene el trabajador con estas mejoras.\" \/>\n<meta name=\"robots\" content=\"index, follow, max-snippet:-1, max-image-preview:large, max-video-preview:-1\" \/>\n<link rel=\"canonical\" href=\"https:\/\/empresas.infoempleo.com\/hrtrends\/invertir-salud-seguridad-trabajo\/\" \/>\n<meta property=\"og:locale\" content=\"es_ES\" \/>\n<meta property=\"og:type\" content=\"article\" \/>\n<meta property=\"og:title\" content=\"\u00bfPor qu\u00e9 invertir en salud y seguridad en el trabajo? | HR TRENDS\" \/>\n<meta property=\"og:description\" content=\"\u00bfPor qu\u00e9 es un aspecto positivo invertir en salud y seguridad laboral? Explicamos las mejoras que obtiene el trabajador con estas mejoras.\" \/>\n<meta property=\"og:url\" content=\"https:\/\/empresas.infoempleo.com\/hrtrends\/invertir-salud-seguridad-trabajo\/\" \/>\n<meta property=\"og:site_name\" content=\"HRTRENDS\" \/>\n<meta property=\"article:publisher\" content=\"https:\/\/www.facebook.com\/Infoempleo\" \/>\n<meta property=\"article:published_time\" content=\"2017-07-26T07:22:24+00:00\" \/>\n<meta property=\"article:modified_time\" content=\"2025-10-28T16:00:23+00:00\" \/>\n<meta property=\"og:image\" content=\"https:\/\/empresas.infoempleo.com\/hrtrends\/media\/2017\/07\/entrepreneur-593371_640.jpg\" \/>\n\t<meta property=\"og:image:width\" content=\"640\" \/>\n\t<meta property=\"og:image:height\" content=\"426\" \/>\n\t<meta property=\"og:image:type\" content=\"image\/jpeg\" \/>\n<meta name=\"author\" content=\"Isabel Garrido\" \/>\n<meta name=\"twitter:card\" content=\"summary_large_image\" \/>\n<meta name=\"twitter:creator\" content=\"@infoempleo\" \/>\n<meta name=\"twitter:site\" content=\"@infoempleo\" \/>\n<meta name=\"twitter:label1\" content=\"Escrito por\" \/>\n\t<meta name=\"twitter:data1\" content=\"Isabel Garrido\" \/>\n\t<meta name=\"twitter:label2\" content=\"Tiempo de lectura\" \/>\n\t<meta name=\"twitter:data2\" content=\"3 minutos\" \/>\n<script type=\"application\/ld+json\" class=\"yoast-schema-graph\">{\"@context\":\"https:\/\/schema.org\",\"@graph\":[{\"@type\":\"NewsArticle\",\"@id\":\"https:\/\/empresas.infoempleo.com\/hrtrends\/invertir-salud-seguridad-trabajo\/#article\",\"isPartOf\":{\"@id\":\"https:\/\/empresas.infoempleo.com\/hrtrends\/invertir-salud-seguridad-trabajo\/\"},\"author\":{\"name\":\"Isabel Garrido\",\"@id\":\"https:\/\/empresas.infoempleo.com\/hrtrends\/#\/schema\/person\/cf076f877b86c69d64a1f3b0b5584421\"},\"headline\":\"\u00bfPor qu\u00e9 invertir en salud y seguridad en el trabajo?\",\"datePublished\":\"2017-07-26T07:22:24+00:00\",\"dateModified\":\"2025-10-28T16:00:23+00:00\",\"mainEntityOfPage\":{\"@id\":\"https:\/\/empresas.infoempleo.com\/hrtrends\/invertir-salud-seguridad-trabajo\/\"},\"wordCount\":600,\"publisher\":{\"@id\":\"https:\/\/empresas.infoempleo.com\/hrtrends\/#organization\"},\"image\":{\"@id\":\"https:\/\/empresas.infoempleo.com\/hrtrends\/invertir-salud-seguridad-trabajo\/#primaryimage\"},\"thumbnailUrl\":\"https:\/\/empresas.infoempleo.com\/hrtrends\/media\/2017\/07\/entrepreneur-593371_640.jpg\",\"keywords\":[\"seguridad en el trabajo\"],\"articleSection\":[\"Consejos\"],\"inLanguage\":\"es\",\"copyrightYear\":\"2017\",\"copyrightHolder\":{\"@id\":\"https:\/\/empresas.infoempleo.com\/hrtrends\/#organization\"}},{\"@type\":\"WebPage\",\"@id\":\"https:\/\/empresas.infoempleo.com\/hrtrends\/invertir-salud-seguridad-trabajo\/\",\"url\":\"https:\/\/empresas.infoempleo.com\/hrtrends\/invertir-salud-seguridad-trabajo\/\",\"name\":\"\u00bfPor qu\u00e9 invertir en salud y seguridad en el trabajo? | HR TRENDS\",\"isPartOf\":{\"@id\":\"https:\/\/empresas.infoempleo.com\/hrtrends\/#website\"},\"primaryImageOfPage\":{\"@id\":\"https:\/\/empresas.infoempleo.com\/hrtrends\/invertir-salud-seguridad-trabajo\/#primaryimage\"},\"image\":{\"@id\":\"https:\/\/empresas.infoempleo.com\/hrtrends\/invertir-salud-seguridad-trabajo\/#primaryimage\"},\"thumbnailUrl\":\"https:\/\/empresas.infoempleo.com\/hrtrends\/media\/2017\/07\/entrepreneur-593371_640.jpg\",\"datePublished\":\"2017-07-26T07:22:24+00:00\",\"dateModified\":\"2025-10-28T16:00:23+00:00\",\"description\":\"\u00bfPor qu\u00e9 es un aspecto positivo invertir en salud y seguridad laboral? Explicamos las mejoras que obtiene el trabajador con estas mejoras.\",\"breadcrumb\":{\"@id\":\"https:\/\/empresas.infoempleo.com\/hrtrends\/invertir-salud-seguridad-trabajo\/#breadcrumb\"},\"inLanguage\":\"es\",\"potentialAction\":[{\"@type\":\"ReadAction\",\"target\":[\"https:\/\/empresas.infoempleo.com\/hrtrends\/invertir-salud-seguridad-trabajo\/\"]}]},{\"@type\":\"ImageObject\",\"inLanguage\":\"es\",\"@id\":\"https:\/\/empresas.infoempleo.com\/hrtrends\/invertir-salud-seguridad-trabajo\/#primaryimage\",\"url\":\"https:\/\/empresas.infoempleo.com\/hrtrends\/media\/2017\/07\/entrepreneur-593371_640-150x150.jpg\",\"contentUrl\":\"https:\/\/empresas.infoempleo.com\/hrtrends\/media\/2017\/07\/entrepreneur-593371_640-150x150.jpg\",\"width\":150,\"height\":150},{\"@type\":\"BreadcrumbList\",\"@id\":\"https:\/\/empresas.infoempleo.com\/hrtrends\/invertir-salud-seguridad-trabajo\/#breadcrumb\",\"itemListElement\":[{\"@type\":\"ListItem\",\"position\":1,\"name\":\"Portada\",\"item\":\"https:\/\/empresas.infoempleo.com\/hrtrends\/\"},{\"@type\":\"ListItem\",\"position\":2,\"name\":\"\u00bfPor qu\u00e9 invertir en salud y seguridad en el trabajo?\"}]},{\"@type\":\"WebSite\",\"@id\":\"https:\/\/empresas.infoempleo.com\/hrtrends\/#website\",\"url\":\"https:\/\/empresas.infoempleo.com\/hrtrends\",\"name\":\"HRTrends by Infoempleo\",\"description\":\"\",\"publisher\":{\"@id\":\"https:\/\/empresas.infoempleo.com\/hrtrends\/#organization\"},\"potentialAction\":{\"@type\":\"SearchAction\",\"target\":\"https:\/\/empresas.infoempleo.com\/hrtrends\/?s={search_term_string}\",\"query-input\":\"required name=search_term_string\"},\"inLanguage\":\"es\"},{\"@type\":\"Organization\",\"@id\":\"https:\/\/empresas.infoempleo.com\/hrtrends\/#organization\",\"name\":\"Infoempleo\",\"url\":\"https:\/\/www.infoempleo.com\/\",\"logo\":{\"@type\":\"ImageObject\",\"@id\":\"https:\/\/empresas.infoempleo.com\/hrtrends\/#logo\",\"inLanguage\":\"es\",\"url\":\"https:\/\/cdnazure.infoempleo.com\/infoempleo\/assets\/style\/gfx\/logo.svg\",\"contentUrl\":\"https:\/\/cdnazure.infoempleo.com\/infoempleo\/assets\/style\/gfx\/logo.svg\",\"width\":150,\"height\":40,\"caption\":\"Infoempleo\"},\"image\":{\"@id\":\"https:\/\/empresas.infoempleo.com\/hrtrends\/#logo\"},\"sameAs\":[\"https:\/\/www.facebook.com\/Infoempleo\",\"https:\/\/x.com\/infoempleo\",\"http:\/\/instagram.com\/infoempleo\/\",\"http:\/\/www.linkedin.com\/groups\/Empleo-Espa\u00f1a-Infoempleocom-111276\",\"http:\/\/pinterest.com\/infoempleo\/\"],\"address\":{\"@type\":\"PostalAddress\",\"addressLocality\":\"Madrid\",\"postalCode\":\"28050\",\"streetAddress\":\"Avenida de Burgos 114\"},\"brand\":[\"Infoempleo\"]},{\"@type\":\"Person\",\"@id\":\"https:\/\/empresas.infoempleo.com\/hrtrends\/#\/schema\/person\/cf076f877b86c69d64a1f3b0b5584421\",\"name\":\"Isabel Garrido\",\"image\":{\"@type\":\"ImageObject\",\"inLanguage\":\"es\",\"@id\":\"https:\/\/empresas.infoempleo.com\/hrtrends\/#\/schema\/person\/image\/\",\"url\":\"https:\/\/secure.gravatar.com\/avatar\/d469e1179323948c858cc1fd20857a12a521ffd68c0f054b8b3f710c0b429230?s=96&d=mm&r=g\",\"contentUrl\":\"https:\/\/secure.gravatar.com\/avatar\/d469e1179323948c858cc1fd20857a12a521ffd68c0f054b8b3f710c0b429230?s=96&d=mm&r=g\",\"caption\":\"Isabel Garrido\"},\"description\":\"Colaboradora, competencias en optimizaci\u00f3n de la productividad en las empresas.\",\"url\":\"https:\/\/empresas.infoempleo.com\/hrtrends\/author\/isabel-garrido\/\"}]}<\/script>\n<!-- \/ Yoast SEO plugin. -->","yoast_head_json":{"title":"\u00bfPor qu\u00e9 invertir en salud y seguridad en el trabajo? | HR TRENDS","description":"\u00bfPor qu\u00e9 es un aspecto positivo invertir en salud y seguridad laboral? Explicamos las mejoras que obtiene el trabajador con estas mejoras.","robots":{"index":"index","follow":"follow","max-snippet":"max-snippet:-1","max-image-preview":"max-image-preview:large","max-video-preview":"max-video-preview:-1"},"canonical":"https:\/\/empresas.infoempleo.com\/hrtrends\/invertir-salud-seguridad-trabajo\/","og_locale":"es_ES","og_type":"article","og_title":"\u00bfPor qu\u00e9 invertir en salud y seguridad en el trabajo? | HR TRENDS","og_description":"\u00bfPor qu\u00e9 es un aspecto positivo invertir en salud y seguridad laboral? Explicamos las mejoras que obtiene el trabajador con estas mejoras.","og_url":"https:\/\/empresas.infoempleo.com\/hrtrends\/invertir-salud-seguridad-trabajo\/","og_site_name":"HRTRENDS","article_publisher":"https:\/\/www.facebook.com\/Infoempleo","article_published_time":"2017-07-26T07:22:24+00:00","article_modified_time":"2025-10-28T16:00:23+00:00","og_image":[{"width":640,"height":426,"url":"https:\/\/empresas.infoempleo.com\/hrtrends\/media\/2017\/07\/entrepreneur-593371_640.jpg","type":"image\/jpeg"}],"author":"Isabel Garrido","twitter_card":"summary_large_image","twitter_creator":"@infoempleo","twitter_site":"@infoempleo","twitter_misc":{"Escrito por":"Isabel Garrido","Tiempo de lectura":"3 minutos"},"schema":{"@context":"https:\/\/schema.org","@graph":[{"@type":"NewsArticle","@id":"https:\/\/empresas.infoempleo.com\/hrtrends\/invertir-salud-seguridad-trabajo\/#article","isPartOf":{"@id":"https:\/\/empresas.infoempleo.com\/hrtrends\/invertir-salud-seguridad-trabajo\/"},"author":{"name":"Isabel Garrido","@id":"https:\/\/empresas.infoempleo.com\/hrtrends\/#\/schema\/person\/cf076f877b86c69d64a1f3b0b5584421"},"headline":"\u00bfPor qu\u00e9 invertir en salud y seguridad en el trabajo?","datePublished":"2017-07-26T07:22:24+00:00","dateModified":"2025-10-28T16:00:23+00:00","mainEntityOfPage":{"@id":"https:\/\/empresas.infoempleo.com\/hrtrends\/invertir-salud-seguridad-trabajo\/"},"wordCount":600,"publisher":{"@id":"https:\/\/empresas.infoempleo.com\/hrtrends\/#organization"},"image":{"@id":"https:\/\/empresas.infoempleo.com\/hrtrends\/invertir-salud-seguridad-trabajo\/#primaryimage"},"thumbnailUrl":"https:\/\/empresas.infoempleo.com\/hrtrends\/media\/2017\/07\/entrepreneur-593371_640.jpg","keywords":["seguridad en el trabajo"],"articleSection":["Consejos"],"inLanguage":"es","copyrightYear":"2017","copyrightHolder":{"@id":"https:\/\/empresas.infoempleo.com\/hrtrends\/#organization"}},{"@type":"WebPage","@id":"https:\/\/empresas.infoempleo.com\/hrtrends\/invertir-salud-seguridad-trabajo\/","url":"https:\/\/empresas.infoempleo.com\/hrtrends\/invertir-salud-seguridad-trabajo\/","name":"\u00bfPor qu\u00e9 invertir en salud y seguridad en el trabajo? | HR TRENDS","isPartOf":{"@id":"https:\/\/empresas.infoempleo.com\/hrtrends\/#website"},"primaryImageOfPage":{"@id":"https:\/\/empresas.infoempleo.com\/hrtrends\/invertir-salud-seguridad-trabajo\/#primaryimage"},"image":{"@id":"https:\/\/empresas.infoempleo.com\/hrtrends\/invertir-salud-seguridad-trabajo\/#primaryimage"},"thumbnailUrl":"https:\/\/empresas.infoempleo.com\/hrtrends\/media\/2017\/07\/entrepreneur-593371_640.jpg","datePublished":"2017-07-26T07:22:24+00:00","dateModified":"2025-10-28T16:00:23+00:00","description":"\u00bfPor qu\u00e9 es un aspecto positivo invertir en salud y seguridad laboral? Explicamos las mejoras que obtiene el trabajador con estas mejoras.","breadcrumb":{"@id":"https:\/\/empresas.infoempleo.com\/hrtrends\/invertir-salud-seguridad-trabajo\/#breadcrumb"},"inLanguage":"es","potentialAction":[{"@type":"ReadAction","target":["https:\/\/empresas.infoempleo.com\/hrtrends\/invertir-salud-seguridad-trabajo\/"]}]},{"@type":"ImageObject","inLanguage":"es","@id":"https:\/\/empresas.infoempleo.com\/hrtrends\/invertir-salud-seguridad-trabajo\/#primaryimage","url":"https:\/\/empresas.infoempleo.com\/hrtrends\/media\/2017\/07\/entrepreneur-593371_640-150x150.jpg","contentUrl":"https:\/\/empresas.infoempleo.com\/hrtrends\/media\/2017\/07\/entrepreneur-593371_640-150x150.jpg","width":150,"height":150},{"@type":"BreadcrumbList","@id":"https:\/\/empresas.infoempleo.com\/hrtrends\/invertir-salud-seguridad-trabajo\/#breadcrumb","itemListElement":[{"@type":"ListItem","position":1,"name":"Portada","item":"https:\/\/empresas.infoempleo.com\/hrtrends\/"},{"@type":"ListItem","position":2,"name":"\u00bfPor qu\u00e9 invertir en salud y seguridad en el trabajo?"}]},{"@type":"WebSite","@id":"https:\/\/empresas.infoempleo.com\/hrtrends\/#website","url":"https:\/\/empresas.infoempleo.com\/hrtrends","name":"HRTrends by Infoempleo","description":"","publisher":{"@id":"https:\/\/empresas.infoempleo.com\/hrtrends\/#organization"},"potentialAction":{"@type":"SearchAction","target":"https:\/\/empresas.infoempleo.com\/hrtrends\/?s={search_term_string}","query-input":"required name=search_term_string"},"inLanguage":"es"},{"@type":"Organization","@id":"https:\/\/empresas.infoempleo.com\/hrtrends\/#organization","name":"Infoempleo","url":"https:\/\/www.infoempleo.com\/","logo":{"@type":"ImageObject","@id":"https:\/\/empresas.infoempleo.com\/hrtrends\/#logo","inLanguage":"es","url":"https:\/\/cdnazure.infoempleo.com\/infoempleo\/assets\/style\/gfx\/logo.svg","contentUrl":"https:\/\/cdnazure.infoempleo.com\/infoempleo\/assets\/style\/gfx\/logo.svg","width":150,"height":40,"caption":"Infoempleo"},"image":{"@id":"https:\/\/empresas.infoempleo.com\/hrtrends\/#logo"},"sameAs":["https:\/\/www.facebook.com\/Infoempleo","https:\/\/x.com\/infoempleo","http:\/\/instagram.com\/infoempleo\/","http:\/\/www.linkedin.com\/groups\/Empleo-Espa\u00f1a-Infoempleocom-111276","http:\/\/pinterest.com\/infoempleo\/"],"address":{"@type":"PostalAddress","addressLocality":"Madrid","postalCode":"28050","streetAddress":"Avenida de Burgos 114"},"brand":["Infoempleo"]},{"@type":"Person","@id":"https:\/\/empresas.infoempleo.com\/hrtrends\/#\/schema\/person\/cf076f877b86c69d64a1f3b0b5584421","name":"Isabel Garrido","image":{"@type":"ImageObject","inLanguage":"es","@id":"https:\/\/empresas.infoempleo.com\/hrtrends\/#\/schema\/person\/image\/","url":"https:\/\/secure.gravatar.com\/avatar\/d469e1179323948c858cc1fd20857a12a521ffd68c0f054b8b3f710c0b429230?s=96&d=mm&r=g","contentUrl":"https:\/\/secure.gravatar.com\/avatar\/d469e1179323948c858cc1fd20857a12a521ffd68c0f054b8b3f710c0b429230?s=96&d=mm&r=g","caption":"Isabel Garrido"},"description":"Colaboradora, competencias en optimizaci\u00f3n de la productividad en las empresas.","url":"https:\/\/empresas.infoempleo.com\/hrtrends\/author\/isabel-garrido\/"}]}},"amp_enabled":true,"_links":{"self":[{"href":"https:\/\/empresas.infoempleo.com\/hrtrends\/wp-json\/wp\/v2\/posts\/30985","targetHints":{"allow":["GET"]}}],"collection":[{"href":"https:\/\/empresas.infoempleo.com\/hrtrends\/wp-json\/wp\/v2\/posts"}],"about":[{"href":"https:\/\/empresas.infoempleo.com\/hrtrends\/wp-json\/wp\/v2\/types\/post"}],"author":[{"embeddable":true,"href":"https:\/\/empresas.infoempleo.com\/hrtrends\/wp-json\/wp\/v2\/users\/95"}],"replies":[{"embeddable":true,"href":"https:\/\/empresas.infoempleo.com\/hrtrends\/wp-json\/wp\/v2\/comments?post=30985"}],"version-history":[{"count":1,"href":"https:\/\/empresas.infoempleo.com\/hrtrends\/wp-json\/wp\/v2\/posts\/30985\/revisions"}],"predecessor-version":[{"id":47226,"href":"https:\/\/empresas.infoempleo.com\/hrtrends\/wp-json\/wp\/v2\/posts\/30985\/revisions\/47226"}],"wp:featuredmedia":[{"embeddable":true,"href":"https:\/\/empresas.infoempleo.com\/hrtrends\/wp-json\/wp\/v2\/media\/30987"}],"wp:attachment":[{"href":"https:\/\/empresas.infoempleo.com\/hrtrends\/wp-json\/wp\/v2\/media?parent=30985"}],"wp:term":[{"taxonomy":"category","embeddable":true,"href":"https:\/\/empresas.infoempleo.com\/hrtrends\/wp-json\/wp\/v2\/categories?post=30985"},{"taxonomy":"post_tag","embeddable":true,"href":"https:\/\/empresas.infoempleo.com\/hrtrends\/wp-json\/wp\/v2\/tags?post=30985"}],"curies":[{"name":"wp","href":"https:\/\/api.w.org\/{rel}","templated":true}]}}