{"id":30954,"date":"2017-07-21T09:19:29","date_gmt":"2017-07-21T07:19:29","guid":{"rendered":"https:\/\/empresas.infoempleo.com\/hrtrends\/?p=30954"},"modified":"2025-10-28T18:00:23","modified_gmt":"2025-10-28T16:00:23","slug":"optimizar-presencia-los-encuentros-recursos-humanos","status":"publish","type":"post","link":"https:\/\/empresas.infoempleo.com\/hrtrends\/optimizar-presencia-los-encuentros-recursos-humanos\/","title":{"rendered":"\u00bfC\u00f3mo optimizar tu presencia en los encuentros de Recursos Humanos?"},"content":{"rendered":"<p><span style=\"font-weight: 400\">El objetivo de toda feria, seminario, conferencia, evento o encuentro profesional, es la comunicaci<\/span><span style=\"font-weight: 400\">\u00f3<\/span><span style=\"font-weight: 400\">n. Los eventos focalizados en un sector en concreto tienen la finalidad de presentar a los profesionales con la oportunidad de compartir y adquirir informaci<\/span><span style=\"font-weight: 400\">\u00f3<\/span><span style=\"font-weight: 400\">n de su sector atribuible a su propio puesto de trabajo.<\/span><\/p>\n<p><span style=\"font-weight: 400\">Como en cualquier sector, los encuentros de Recursos Humanos est\u00e1n especializados y se dirigen a profesionales con la finalidad de aportar conocimiento e innovaci\u00f3n en diferentes aspectos del d\u00eda a d\u00eda de los departamentos de RRHH. Es importante saber para qu\u00e9 se acude a estos eventos y tener en cuenta una serie de aspectos antes, durante y despu\u00e9s para sacarles el m\u00e1ximo provecho.<\/span><\/p>\n<p><b>Pasos para aprovechar tu presencia en los encuentros RRHH<\/b><\/p>\n<ol>\n<li><b><\/b><span style=\"font-weight: 400\"> \u00a0\u00a0\u00a0\u00a0\u00a0\u00a0<\/span><b>Prep<\/b><b>\u00e1<\/b><b>rate con antelaci<\/b><b>\u00f3<\/b><b>n<\/b><\/li>\n<\/ol>\n<p><span style=\"font-weight: 400\">Si ya sabes que vas a asistir a un congreso de recursos humanos, o si simplemente te lo est<\/span><span style=\"font-weight: 400\">\u00e1<\/span><span style=\"font-weight: 400\">s pensando, es importante prepararse de antemano. Ayuda saber qu<\/span><span style=\"font-weight: 400\">\u00e9<\/span><span style=\"font-weight: 400\"> temas se van a tratar, qui<\/span><span style=\"font-weight: 400\">\u00e9<\/span><span style=\"font-weight: 400\">n va a estar presente, y cu\u00e1ndo podr<\/span><span style=\"font-weight: 400\">\u00e1<\/span><span style=\"font-weight: 400\">s encontrar el momento para cada uno. De esta manera, podr<\/span><span style=\"font-weight: 400\">\u00e1<\/span><span style=\"font-weight: 400\">s valorar tu asistencia y lo que te puede aportar.<\/span><\/p>\n<p><span style=\"font-weight: 400\">Una asistencia a ciegas no permitir<\/span><span style=\"font-weight: 400\">\u00e1<\/span><span style=\"font-weight: 400\"> mentalizarte para saber qu<\/span><span style=\"font-weight: 400\">\u00e9<\/span><span style=\"font-weight: 400\"> es lo que quieres llevarte de esta experiencia. Como sabe todo buen profesional de recursos humanos, la buena gesti<\/span><span style=\"font-weight: 400\">\u00f3<\/span><span style=\"font-weight: 400\">n permitir<\/span><span style=\"font-weight: 400\">\u00e1<\/span><span style=\"font-weight: 400\"> optimizar una oportunidad, como puede ser un congreso de recursos humanos.<\/span><\/p>\n<ol start=\"2\">\n<li><b><\/b><span style=\"font-weight: 400\"> \u00a0\u00a0\u00a0\u00a0\u00a0\u00a0<\/span><b>Planifica para organizarte<\/b><\/li>\n<\/ol>\n<p><span style=\"font-weight: 400\">Con la preparaci<\/span><span style=\"font-weight: 400\">\u00f3<\/span><span style=\"font-weight: 400\">n adecuada, la planificaci<\/span><span style=\"font-weight: 400\">\u00f3<\/span><span style=\"font-weight: 400\">n ser<\/span><span style=\"font-weight: 400\">\u00e1<\/span><span style=\"font-weight: 400\"> m<\/span><span style=\"font-weight: 400\">\u00e1<\/span><span style=\"font-weight: 400\">s sencilla. Si sabes el tiempo del que dispones y la distribuci<\/span><span style=\"font-weight: 400\">\u00f3<\/span><span style=\"font-weight: 400\">n de participantes en la feria o el congreso de rrhh, podr<\/span><span style=\"font-weight: 400\">\u00e1<\/span><span style=\"font-weight: 400\">s organizar tus horarios y recorridos de acuerdo con tus prioridades sin perderte nada de inter<\/span><span style=\"font-weight: 400\">\u00e9<\/span><span style=\"font-weight: 400\">s.<\/span><\/p>\n<ol start=\"3\">\n<li><b><\/b><span style=\"font-weight: 400\"> \u00a0\u00a0\u00a0\u00a0\u00a0\u00a0<\/span><b>Asimila toda la informaci\u00f3n y comp\u00e1rtela<\/b><\/li>\n<\/ol>\n<p><span style=\"font-weight: 400\">Acudir a las charlas o hablar con otros profesionales es un primer paso, pero estar atento para poder asimilar toda la informaci<\/span><span style=\"font-weight: 400\">\u00f3<\/span><span style=\"font-weight: 400\">n que se comparte es imprescindible. Adem<\/span><span style=\"font-weight: 400\">\u00e1<\/span><span style=\"font-weight: 400\">s de ser oyente, eres alumno ante una formaci<\/span><span style=\"font-weight: 400\">\u00f3<\/span><span style=\"font-weight: 400\">n de los m<\/span><span style=\"font-weight: 400\">\u00e1<\/span><span style=\"font-weight: 400\">s expertos en temas aplicables a tus responsabilidades y carrera profesional.<\/span><\/p>\n<p><span style=\"font-weight: 400\">Es importante irte con el conocimiento suficiente para que seas capaz de compartirlo con convicci<\/span><span style=\"font-weight: 400\">\u00f3<\/span><span style=\"font-weight: 400\">n, convirti<\/span><span style=\"font-weight: 400\">\u00e9<\/span><span style=\"font-weight: 400\">ndote en experto de un tema o sabiendo qu<\/span><span style=\"font-weight: 400\">\u00e9<\/span><span style=\"font-weight: 400\"> informaci<\/span><span style=\"font-weight: 400\">\u00f3<\/span><span style=\"font-weight: 400\">n te falta para serlo.<\/span><\/p>\n<ol start=\"4\">\n<li><b><\/b><span style=\"font-weight: 400\"> \u00a0\u00a0\u00a0\u00a0\u00a0\u00a0<\/span><b>Aprovecha las oportunidades de <\/b><a href=\"https:\/\/empresas.infoempleo.com\/hrtrends\/networking-evitar-errores\/\"><b><i>networking<\/i><\/b><\/a><\/li>\n<\/ol>\n<p><span style=\"font-weight: 400\">As<\/span><span style=\"font-weight: 400\">\u00ed<\/span><span style=\"font-weight: 400\"> como los encuentros de RRHH est<\/span><span style=\"font-weight: 400\">\u00e1<\/span><span style=\"font-weight: 400\">n llenos de oportunidades de formaci<\/span><span style=\"font-weight: 400\">\u00f3<\/span><span style=\"font-weight: 400\">n, tambi<\/span><span style=\"font-weight: 400\">\u00e9<\/span><span style=\"font-weight: 400\">n lo est<\/span><span style=\"font-weight: 400\">\u00e1<\/span><span style=\"font-weight: 400\">n de oportunidades de <\/span><a href=\"http:\/\/blog.infoempleo.com\/a\/que-es-el-networking-y-para-que-sirve\/?utm_source=post&amp;utm_campaign=hrtrends&amp;utm_medium=blogempresas&amp;utm_content=contenido\"><i><span style=\"font-weight: 400\">networking<\/span><\/i><\/a><i><span style=\"font-weight: 400\">.<\/span><\/i> <span style=\"font-weight: 400\">Establecer contactos y reforzar relaciones laborales entre el <\/span><span style=\"font-weight: 400\">\u00e1<\/span><span style=\"font-weight: 400\">mbito profesional es imprescindible para todo trabajador y empresa que quiera aumentar las posibilidades profesionales y de negocio.<\/span><\/p>\n<p><span style=\"font-weight: 400\">Conocer a las personas adecuadas, ya sean proveedores, clientes o expertos en determinados temas, puede implicar tener muchas puertas abiertas frente a obst<\/span><span style=\"font-weight: 400\">\u00e1<\/span><span style=\"font-weight: 400\">culos que puedes encontrarte en un futuro, dentro o fuera de tu puesto actual de trabajo. \u00a0Adem<\/span><span style=\"font-weight: 400\">\u00e1<\/span><span style=\"font-weight: 400\">s, en lo que respeta a profesionales y empresas del sector de los Recursos Humanos, la afinidad de los contactos a tus intereses profesionales suele ser mucho mayor.<\/span><\/p>\n<p><b>Despu\u00e9s del evento en RRHH: De la teor\u00eda a la pr\u00e1ctica<\/b><\/div>\n<p><span style=\"font-weight: 400\">Tras asistir a un evento espec\u00edfico en RRHH, jam<\/span><span style=\"font-weight: 400\">\u00e1<\/span><span style=\"font-weight: 400\">s deber<\/span><span style=\"font-weight: 400\">\u00ed<\/span><span style=\"font-weight: 400\">amos guardar la experiencia en el olvido. Nuestro tiempo y esfuerzo dedicado a adquirir conocimiento, contactos y oportunidades es informaci<\/span><span style=\"font-weight: 400\">\u00f3<\/span><span style=\"font-weight: 400\">n valiosa que debe llegar hasta tu oficina. <\/span><\/p>\n<p><span style=\"font-weight: 400\">El conocimiento sin ser capaz de aplicarlo no aporta valor de ning<\/span><span style=\"font-weight: 400\">\u00fa<\/span><span style=\"font-weight: 400\">n modo. S<\/span><span style=\"font-weight: 400\">\u00e9<\/span><span style=\"font-weight: 400\"> capaz de encontrar las posibilidades latentes en tu lugar de trabajo para aplicar mejoras y aportar valor tanto a la empresa como a tu perfil profesional.<\/span><\/p>\n","protected":false},"excerpt":{"rendered":"<p>El objetivo de toda feria, seminario, conferencia, evento o encuentro profesional, es la comunicaci\u00f3n. Los eventos focalizados en<a class=\"moretag\" href=\"https:\/\/empresas.infoempleo.com\/hrtrends\/optimizar-presencia-los-encuentros-recursos-humanos\/\"> Leer m\u00e1s<\/a><\/p>\n","protected":false},"author":95,"featured_media":30955,"comment_status":"closed","ping_status":"open","sticky":false,"template":"","format":"standard","meta":{"footnotes":""},"categories":[3051],"tags":[],"class_list":["post-30954","post","type-post","status-publish","format-standard","has-post-thumbnail","hentry","category-eventos"],"yoast_head":"<!-- This site is optimized with the Yoast SEO plugin v26.1.1 - https:\/\/yoast.com\/wordpress\/plugins\/seo\/ -->\n<title>\u00bfC\u00f3mo optimizar tu presencia en los encuentros de RRHH? |HR TRENDS<\/title>\n<meta name=\"description\" content=\"En este post vamos a explicar c\u00f3mo optimizar la presencia de un recruiter en un encuentro de RRHH, con tal de exprimir la experiencia y aprender.\" \/>\n<meta name=\"robots\" content=\"index, follow, max-snippet:-1, max-image-preview:large, max-video-preview:-1\" \/>\n<link rel=\"canonical\" href=\"https:\/\/empresas.infoempleo.com\/hrtrends\/optimizar-presencia-los-encuentros-recursos-humanos\/\" \/>\n<meta property=\"og:locale\" content=\"es_ES\" \/>\n<meta property=\"og:type\" content=\"article\" \/>\n<meta property=\"og:title\" content=\"\u00bfC\u00f3mo optimizar tu presencia en los encuentros de RRHH? |HR TRENDS\" \/>\n<meta property=\"og:description\" content=\"En este post vamos a explicar c\u00f3mo optimizar la presencia de un recruiter en un encuentro de RRHH, con tal de exprimir la experiencia y aprender.\" \/>\n<meta property=\"og:url\" content=\"https:\/\/empresas.infoempleo.com\/hrtrends\/optimizar-presencia-los-encuentros-recursos-humanos\/\" \/>\n<meta property=\"og:site_name\" content=\"HRTRENDS\" \/>\n<meta property=\"article:publisher\" content=\"https:\/\/www.facebook.com\/Infoempleo\" \/>\n<meta property=\"article:published_time\" content=\"2017-07-21T07:19:29+00:00\" \/>\n<meta property=\"article:modified_time\" content=\"2025-10-28T16:00:23+00:00\" \/>\n<meta property=\"og:image\" content=\"https:\/\/empresas.infoempleo.com\/hrtrends\/media\/2017\/07\/C\u00f3mo-optimizar-tu-presencia-en-los-encuentros-de-Recursos-Humanos-e1500621314345.jpg\" \/>\n\t<meta property=\"og:image:width\" content=\"600\" \/>\n\t<meta property=\"og:image:height\" content=\"299\" \/>\n\t<meta property=\"og:image:type\" content=\"image\/jpeg\" \/>\n<meta name=\"author\" content=\"Isabel Garrido\" \/>\n<meta name=\"twitter:card\" content=\"summary_large_image\" \/>\n<meta name=\"twitter:creator\" content=\"@infoempleo\" \/>\n<meta name=\"twitter:site\" content=\"@infoempleo\" \/>\n<meta name=\"twitter:label1\" content=\"Escrito por\" \/>\n\t<meta name=\"twitter:data1\" content=\"Isabel Garrido\" \/>\n\t<meta name=\"twitter:label2\" content=\"Tiempo de lectura\" \/>\n\t<meta name=\"twitter:data2\" content=\"3 minutos\" \/>\n<script type=\"application\/ld+json\" class=\"yoast-schema-graph\">{\"@context\":\"https:\/\/schema.org\",\"@graph\":[{\"@type\":\"NewsArticle\",\"@id\":\"https:\/\/empresas.infoempleo.com\/hrtrends\/optimizar-presencia-los-encuentros-recursos-humanos\/#article\",\"isPartOf\":{\"@id\":\"https:\/\/empresas.infoempleo.com\/hrtrends\/optimizar-presencia-los-encuentros-recursos-humanos\/\"},\"author\":{\"name\":\"Isabel Garrido\",\"@id\":\"https:\/\/empresas.infoempleo.com\/hrtrends\/#\/schema\/person\/cf076f877b86c69d64a1f3b0b5584421\"},\"headline\":\"\u00bfC\u00f3mo optimizar tu presencia en los encuentros de Recursos Humanos?\",\"datePublished\":\"2017-07-21T07:19:29+00:00\",\"dateModified\":\"2025-10-28T16:00:23+00:00\",\"mainEntityOfPage\":{\"@id\":\"https:\/\/empresas.infoempleo.com\/hrtrends\/optimizar-presencia-los-encuentros-recursos-humanos\/\"},\"wordCount\":615,\"publisher\":{\"@id\":\"https:\/\/empresas.infoempleo.com\/hrtrends\/#organization\"},\"image\":{\"@id\":\"https:\/\/empresas.infoempleo.com\/hrtrends\/optimizar-presencia-los-encuentros-recursos-humanos\/#primaryimage\"},\"thumbnailUrl\":\"https:\/\/empresas.infoempleo.com\/hrtrends\/media\/2017\/07\/C\u00f3mo-optimizar-tu-presencia-en-los-encuentros-de-Recursos-Humanos-e1500621314345.jpg\",\"articleSection\":[\"Eventos\"],\"inLanguage\":\"es\",\"copyrightYear\":\"2017\",\"copyrightHolder\":{\"@id\":\"https:\/\/empresas.infoempleo.com\/hrtrends\/#organization\"}},{\"@type\":\"WebPage\",\"@id\":\"https:\/\/empresas.infoempleo.com\/hrtrends\/optimizar-presencia-los-encuentros-recursos-humanos\/\",\"url\":\"https:\/\/empresas.infoempleo.com\/hrtrends\/optimizar-presencia-los-encuentros-recursos-humanos\/\",\"name\":\"\u00bfC\u00f3mo optimizar tu presencia en los encuentros de RRHH? |HR TRENDS\",\"isPartOf\":{\"@id\":\"https:\/\/empresas.infoempleo.com\/hrtrends\/#website\"},\"primaryImageOfPage\":{\"@id\":\"https:\/\/empresas.infoempleo.com\/hrtrends\/optimizar-presencia-los-encuentros-recursos-humanos\/#primaryimage\"},\"image\":{\"@id\":\"https:\/\/empresas.infoempleo.com\/hrtrends\/optimizar-presencia-los-encuentros-recursos-humanos\/#primaryimage\"},\"thumbnailUrl\":\"https:\/\/empresas.infoempleo.com\/hrtrends\/media\/2017\/07\/C\u00f3mo-optimizar-tu-presencia-en-los-encuentros-de-Recursos-Humanos-e1500621314345.jpg\",\"datePublished\":\"2017-07-21T07:19:29+00:00\",\"dateModified\":\"2025-10-28T16:00:23+00:00\",\"description\":\"En este post vamos a explicar c\u00f3mo optimizar la presencia de un recruiter en un encuentro de RRHH, con tal de exprimir la experiencia y aprender.\",\"breadcrumb\":{\"@id\":\"https:\/\/empresas.infoempleo.com\/hrtrends\/optimizar-presencia-los-encuentros-recursos-humanos\/#breadcrumb\"},\"inLanguage\":\"es\",\"potentialAction\":[{\"@type\":\"ReadAction\",\"target\":[\"https:\/\/empresas.infoempleo.com\/hrtrends\/optimizar-presencia-los-encuentros-recursos-humanos\/\"]}]},{\"@type\":\"ImageObject\",\"inLanguage\":\"es\",\"@id\":\"https:\/\/empresas.infoempleo.com\/hrtrends\/optimizar-presencia-los-encuentros-recursos-humanos\/#primaryimage\",\"url\":\"https:\/\/empresas.infoempleo.com\/hrtrends\/media\/2017\/07\/C\u00f3mo-optimizar-tu-presencia-en-los-encuentros-de-Recursos-Humanos-e1500621314345-150x150.jpg\",\"contentUrl\":\"https:\/\/empresas.infoempleo.com\/hrtrends\/media\/2017\/07\/C\u00f3mo-optimizar-tu-presencia-en-los-encuentros-de-Recursos-Humanos-e1500621314345-150x150.jpg\",\"width\":150,\"height\":150,\"caption\":\"Speaker giving a talk in conference hall at business event. Audience at the conference hall. Business and Entrepreneurship concept.\"},{\"@type\":\"BreadcrumbList\",\"@id\":\"https:\/\/empresas.infoempleo.com\/hrtrends\/optimizar-presencia-los-encuentros-recursos-humanos\/#breadcrumb\",\"itemListElement\":[{\"@type\":\"ListItem\",\"position\":1,\"name\":\"Portada\",\"item\":\"https:\/\/empresas.infoempleo.com\/hrtrends\/\"},{\"@type\":\"ListItem\",\"position\":2,\"name\":\"\u00bfC\u00f3mo optimizar tu presencia en los encuentros de Recursos Humanos?\"}]},{\"@type\":\"WebSite\",\"@id\":\"https:\/\/empresas.infoempleo.com\/hrtrends\/#website\",\"url\":\"https:\/\/empresas.infoempleo.com\/hrtrends\",\"name\":\"HRTrends by Infoempleo\",\"description\":\"\",\"publisher\":{\"@id\":\"https:\/\/empresas.infoempleo.com\/hrtrends\/#organization\"},\"potentialAction\":{\"@type\":\"SearchAction\",\"target\":\"https:\/\/empresas.infoempleo.com\/hrtrends\/?s={search_term_string}\",\"query-input\":\"required name=search_term_string\"},\"inLanguage\":\"es\"},{\"@type\":\"Organization\",\"@id\":\"https:\/\/empresas.infoempleo.com\/hrtrends\/#organization\",\"name\":\"Infoempleo\",\"url\":\"https:\/\/www.infoempleo.com\/\",\"logo\":{\"@type\":\"ImageObject\",\"@id\":\"https:\/\/empresas.infoempleo.com\/hrtrends\/#logo\",\"inLanguage\":\"es\",\"url\":\"https:\/\/cdnazure.infoempleo.com\/infoempleo\/assets\/style\/gfx\/logo.svg\",\"contentUrl\":\"https:\/\/cdnazure.infoempleo.com\/infoempleo\/assets\/style\/gfx\/logo.svg\",\"width\":150,\"height\":40,\"caption\":\"Infoempleo\"},\"image\":{\"@id\":\"https:\/\/empresas.infoempleo.com\/hrtrends\/#logo\"},\"sameAs\":[\"https:\/\/www.facebook.com\/Infoempleo\",\"https:\/\/x.com\/infoempleo\",\"http:\/\/instagram.com\/infoempleo\/\",\"http:\/\/www.linkedin.com\/groups\/Empleo-Espa\u00f1a-Infoempleocom-111276\",\"http:\/\/pinterest.com\/infoempleo\/\"],\"address\":{\"@type\":\"PostalAddress\",\"addressLocality\":\"Madrid\",\"postalCode\":\"28050\",\"streetAddress\":\"Avenida de Burgos 114\"},\"brand\":[\"Infoempleo\"]},{\"@type\":\"Person\",\"@id\":\"https:\/\/empresas.infoempleo.com\/hrtrends\/#\/schema\/person\/cf076f877b86c69d64a1f3b0b5584421\",\"name\":\"Isabel Garrido\",\"image\":{\"@type\":\"ImageObject\",\"inLanguage\":\"es\",\"@id\":\"https:\/\/empresas.infoempleo.com\/hrtrends\/#\/schema\/person\/image\/\",\"url\":\"https:\/\/secure.gravatar.com\/avatar\/d469e1179323948c858cc1fd20857a12a521ffd68c0f054b8b3f710c0b429230?s=96&d=mm&r=g\",\"contentUrl\":\"https:\/\/secure.gravatar.com\/avatar\/d469e1179323948c858cc1fd20857a12a521ffd68c0f054b8b3f710c0b429230?s=96&d=mm&r=g\",\"caption\":\"Isabel Garrido\"},\"description\":\"Colaboradora, competencias en optimizaci\u00f3n de la productividad en las empresas.\",\"url\":\"https:\/\/empresas.infoempleo.com\/hrtrends\/author\/isabel-garrido\/\"}]}<\/script>\n<!-- \/ Yoast SEO plugin. -->","yoast_head_json":{"title":"\u00bfC\u00f3mo optimizar tu presencia en los encuentros de RRHH? |HR TRENDS","description":"En este post vamos a explicar c\u00f3mo optimizar la presencia de un recruiter en un encuentro de RRHH, con tal de exprimir la experiencia y aprender.","robots":{"index":"index","follow":"follow","max-snippet":"max-snippet:-1","max-image-preview":"max-image-preview:large","max-video-preview":"max-video-preview:-1"},"canonical":"https:\/\/empresas.infoempleo.com\/hrtrends\/optimizar-presencia-los-encuentros-recursos-humanos\/","og_locale":"es_ES","og_type":"article","og_title":"\u00bfC\u00f3mo optimizar tu presencia en los encuentros de RRHH? |HR TRENDS","og_description":"En este post vamos a explicar c\u00f3mo optimizar la presencia de un recruiter en un encuentro de RRHH, con tal de exprimir la experiencia y aprender.","og_url":"https:\/\/empresas.infoempleo.com\/hrtrends\/optimizar-presencia-los-encuentros-recursos-humanos\/","og_site_name":"HRTRENDS","article_publisher":"https:\/\/www.facebook.com\/Infoempleo","article_published_time":"2017-07-21T07:19:29+00:00","article_modified_time":"2025-10-28T16:00:23+00:00","og_image":[{"width":600,"height":299,"url":"https:\/\/empresas.infoempleo.com\/hrtrends\/media\/2017\/07\/C\u00f3mo-optimizar-tu-presencia-en-los-encuentros-de-Recursos-Humanos-e1500621314345.jpg","type":"image\/jpeg"}],"author":"Isabel Garrido","twitter_card":"summary_large_image","twitter_creator":"@infoempleo","twitter_site":"@infoempleo","twitter_misc":{"Escrito por":"Isabel Garrido","Tiempo de lectura":"3 minutos"},"schema":{"@context":"https:\/\/schema.org","@graph":[{"@type":"NewsArticle","@id":"https:\/\/empresas.infoempleo.com\/hrtrends\/optimizar-presencia-los-encuentros-recursos-humanos\/#article","isPartOf":{"@id":"https:\/\/empresas.infoempleo.com\/hrtrends\/optimizar-presencia-los-encuentros-recursos-humanos\/"},"author":{"name":"Isabel Garrido","@id":"https:\/\/empresas.infoempleo.com\/hrtrends\/#\/schema\/person\/cf076f877b86c69d64a1f3b0b5584421"},"headline":"\u00bfC\u00f3mo optimizar tu presencia en los encuentros de Recursos Humanos?","datePublished":"2017-07-21T07:19:29+00:00","dateModified":"2025-10-28T16:00:23+00:00","mainEntityOfPage":{"@id":"https:\/\/empresas.infoempleo.com\/hrtrends\/optimizar-presencia-los-encuentros-recursos-humanos\/"},"wordCount":615,"publisher":{"@id":"https:\/\/empresas.infoempleo.com\/hrtrends\/#organization"},"image":{"@id":"https:\/\/empresas.infoempleo.com\/hrtrends\/optimizar-presencia-los-encuentros-recursos-humanos\/#primaryimage"},"thumbnailUrl":"https:\/\/empresas.infoempleo.com\/hrtrends\/media\/2017\/07\/C\u00f3mo-optimizar-tu-presencia-en-los-encuentros-de-Recursos-Humanos-e1500621314345.jpg","articleSection":["Eventos"],"inLanguage":"es","copyrightYear":"2017","copyrightHolder":{"@id":"https:\/\/empresas.infoempleo.com\/hrtrends\/#organization"}},{"@type":"WebPage","@id":"https:\/\/empresas.infoempleo.com\/hrtrends\/optimizar-presencia-los-encuentros-recursos-humanos\/","url":"https:\/\/empresas.infoempleo.com\/hrtrends\/optimizar-presencia-los-encuentros-recursos-humanos\/","name":"\u00bfC\u00f3mo optimizar tu presencia en los encuentros de RRHH? |HR TRENDS","isPartOf":{"@id":"https:\/\/empresas.infoempleo.com\/hrtrends\/#website"},"primaryImageOfPage":{"@id":"https:\/\/empresas.infoempleo.com\/hrtrends\/optimizar-presencia-los-encuentros-recursos-humanos\/#primaryimage"},"image":{"@id":"https:\/\/empresas.infoempleo.com\/hrtrends\/optimizar-presencia-los-encuentros-recursos-humanos\/#primaryimage"},"thumbnailUrl":"https:\/\/empresas.infoempleo.com\/hrtrends\/media\/2017\/07\/C\u00f3mo-optimizar-tu-presencia-en-los-encuentros-de-Recursos-Humanos-e1500621314345.jpg","datePublished":"2017-07-21T07:19:29+00:00","dateModified":"2025-10-28T16:00:23+00:00","description":"En este post vamos a explicar c\u00f3mo optimizar la presencia de un recruiter en un encuentro de RRHH, con tal de exprimir la experiencia y aprender.","breadcrumb":{"@id":"https:\/\/empresas.infoempleo.com\/hrtrends\/optimizar-presencia-los-encuentros-recursos-humanos\/#breadcrumb"},"inLanguage":"es","potentialAction":[{"@type":"ReadAction","target":["https:\/\/empresas.infoempleo.com\/hrtrends\/optimizar-presencia-los-encuentros-recursos-humanos\/"]}]},{"@type":"ImageObject","inLanguage":"es","@id":"https:\/\/empresas.infoempleo.com\/hrtrends\/optimizar-presencia-los-encuentros-recursos-humanos\/#primaryimage","url":"https:\/\/empresas.infoempleo.com\/hrtrends\/media\/2017\/07\/C\u00f3mo-optimizar-tu-presencia-en-los-encuentros-de-Recursos-Humanos-e1500621314345-150x150.jpg","contentUrl":"https:\/\/empresas.infoempleo.com\/hrtrends\/media\/2017\/07\/C\u00f3mo-optimizar-tu-presencia-en-los-encuentros-de-Recursos-Humanos-e1500621314345-150x150.jpg","width":150,"height":150,"caption":"Speaker giving a talk in conference hall at business event. Audience at the conference hall. Business and Entrepreneurship concept."},{"@type":"BreadcrumbList","@id":"https:\/\/empresas.infoempleo.com\/hrtrends\/optimizar-presencia-los-encuentros-recursos-humanos\/#breadcrumb","itemListElement":[{"@type":"ListItem","position":1,"name":"Portada","item":"https:\/\/empresas.infoempleo.com\/hrtrends\/"},{"@type":"ListItem","position":2,"name":"\u00bfC\u00f3mo optimizar tu presencia en los encuentros de Recursos Humanos?"}]},{"@type":"WebSite","@id":"https:\/\/empresas.infoempleo.com\/hrtrends\/#website","url":"https:\/\/empresas.infoempleo.com\/hrtrends","name":"HRTrends by Infoempleo","description":"","publisher":{"@id":"https:\/\/empresas.infoempleo.com\/hrtrends\/#organization"},"potentialAction":{"@type":"SearchAction","target":"https:\/\/empresas.infoempleo.com\/hrtrends\/?s={search_term_string}","query-input":"required name=search_term_string"},"inLanguage":"es"},{"@type":"Organization","@id":"https:\/\/empresas.infoempleo.com\/hrtrends\/#organization","name":"Infoempleo","url":"https:\/\/www.infoempleo.com\/","logo":{"@type":"ImageObject","@id":"https:\/\/empresas.infoempleo.com\/hrtrends\/#logo","inLanguage":"es","url":"https:\/\/cdnazure.infoempleo.com\/infoempleo\/assets\/style\/gfx\/logo.svg","contentUrl":"https:\/\/cdnazure.infoempleo.com\/infoempleo\/assets\/style\/gfx\/logo.svg","width":150,"height":40,"caption":"Infoempleo"},"image":{"@id":"https:\/\/empresas.infoempleo.com\/hrtrends\/#logo"},"sameAs":["https:\/\/www.facebook.com\/Infoempleo","https:\/\/x.com\/infoempleo","http:\/\/instagram.com\/infoempleo\/","http:\/\/www.linkedin.com\/groups\/Empleo-Espa\u00f1a-Infoempleocom-111276","http:\/\/pinterest.com\/infoempleo\/"],"address":{"@type":"PostalAddress","addressLocality":"Madrid","postalCode":"28050","streetAddress":"Avenida de Burgos 114"},"brand":["Infoempleo"]},{"@type":"Person","@id":"https:\/\/empresas.infoempleo.com\/hrtrends\/#\/schema\/person\/cf076f877b86c69d64a1f3b0b5584421","name":"Isabel Garrido","image":{"@type":"ImageObject","inLanguage":"es","@id":"https:\/\/empresas.infoempleo.com\/hrtrends\/#\/schema\/person\/image\/","url":"https:\/\/secure.gravatar.com\/avatar\/d469e1179323948c858cc1fd20857a12a521ffd68c0f054b8b3f710c0b429230?s=96&d=mm&r=g","contentUrl":"https:\/\/secure.gravatar.com\/avatar\/d469e1179323948c858cc1fd20857a12a521ffd68c0f054b8b3f710c0b429230?s=96&d=mm&r=g","caption":"Isabel Garrido"},"description":"Colaboradora, competencias en optimizaci\u00f3n de la productividad en las empresas.","url":"https:\/\/empresas.infoempleo.com\/hrtrends\/author\/isabel-garrido\/"}]}},"amp_enabled":true,"_links":{"self":[{"href":"https:\/\/empresas.infoempleo.com\/hrtrends\/wp-json\/wp\/v2\/posts\/30954","targetHints":{"allow":["GET"]}}],"collection":[{"href":"https:\/\/empresas.infoempleo.com\/hrtrends\/wp-json\/wp\/v2\/posts"}],"about":[{"href":"https:\/\/empresas.infoempleo.com\/hrtrends\/wp-json\/wp\/v2\/types\/post"}],"author":[{"embeddable":true,"href":"https:\/\/empresas.infoempleo.com\/hrtrends\/wp-json\/wp\/v2\/users\/95"}],"replies":[{"embeddable":true,"href":"https:\/\/empresas.infoempleo.com\/hrtrends\/wp-json\/wp\/v2\/comments?post=30954"}],"version-history":[{"count":1,"href":"https:\/\/empresas.infoempleo.com\/hrtrends\/wp-json\/wp\/v2\/posts\/30954\/revisions"}],"predecessor-version":[{"id":47225,"href":"https:\/\/empresas.infoempleo.com\/hrtrends\/wp-json\/wp\/v2\/posts\/30954\/revisions\/47225"}],"wp:featuredmedia":[{"embeddable":true,"href":"https:\/\/empresas.infoempleo.com\/hrtrends\/wp-json\/wp\/v2\/media\/30955"}],"wp:attachment":[{"href":"https:\/\/empresas.infoempleo.com\/hrtrends\/wp-json\/wp\/v2\/media?parent=30954"}],"wp:term":[{"taxonomy":"category","embeddable":true,"href":"https:\/\/empresas.infoempleo.com\/hrtrends\/wp-json\/wp\/v2\/categories?post=30954"},{"taxonomy":"post_tag","embeddable":true,"href":"https:\/\/empresas.infoempleo.com\/hrtrends\/wp-json\/wp\/v2\/tags?post=30954"}],"curies":[{"name":"wp","href":"https:\/\/api.w.org\/{rel}","templated":true}]}}