{"id":30907,"date":"2017-07-12T12:37:00","date_gmt":"2017-07-12T10:37:00","guid":{"rendered":"https:\/\/empresas.infoempleo.com\/hrtrends\/?p=30907"},"modified":"2024-12-04T14:02:28","modified_gmt":"2024-12-04T12:02:28","slug":"womens-summit-espana-mujeres-2020","status":"publish","type":"post","link":"https:\/\/empresas.infoempleo.com\/hrtrends\/womens-summit-espana-mujeres-2020\/","title":{"rendered":"El Women\u2019s Summit llega a Espa\u00f1a como Mujeres 20\/20"},"content":{"rendered":"<p><span style=\"font-weight: 400\">Desde hace ya unos a<\/span><span style=\"font-weight: 400\">\u00f1<\/span><span style=\"font-weight: 400\">os, Forbes organiza un evento al que han bautizado con el nombre <\/span><i><span style=\"font-weight: 400\">Women<\/span><\/i><i><span style=\"font-weight: 400\">\u2019<\/span><\/i><i><span style=\"font-weight: 400\">s Summit<\/span><\/i><span style=\"font-weight: 400\">. Este evento se lleva a cabo con la finalidad de reunir mujeres cuyas trayectorias profesionales las convierten en modelos a seguir, en <\/span><span style=\"font-weight: 400\">\u00e1<\/span><span style=\"font-weight: 400\">mbitos como la pol<\/span><span style=\"font-weight: 400\">\u00ed<\/span><span style=\"font-weight: 400\">tica, la direcci<\/span><span style=\"font-weight: 400\">\u00f3<\/span><span style=\"font-weight: 400\">n de empresas, emprendedur<\/span><span style=\"font-weight: 400\">\u00ed<\/span><span style=\"font-weight: 400\">a, el escenario art<\/span><span style=\"font-weight: 400\">\u00ed<\/span><span style=\"font-weight: 400\">stico y mucho m<\/span><span style=\"font-weight: 400\">\u00e1<\/span><span style=\"font-weight: 400\">s.<\/span><\/p>\n<h3><b><i>Women<\/i><\/b><b><i>\u2019<\/i><\/b><b><i>s Summit<\/i><\/b><b> llega a Espa<\/b><b>\u00f1<\/b><b>a: Mujeres 20\/20<\/b><\/h3>\n<p><span style=\"font-weight: 400\">Este a<\/span><span style=\"font-weight: 400\">\u00f1<\/span><span style=\"font-weight: 400\">o, por primera vez, el acto de <\/span><i><span style=\"font-weight: 400\">Women<\/span><\/i><i><span style=\"font-weight: 400\">\u2019<\/span><\/i><i><span style=\"font-weight: 400\">s Summit<\/span><\/i><span style=\"font-weight: 400\"> de <\/span><i><span style=\"font-weight: 400\">Forbes<\/span><\/i><span style=\"font-weight: 400\"> sali<\/span><span style=\"font-weight: 400\">\u00f3<\/span><span style=\"font-weight: 400\"> de <\/span><i><span style=\"font-weight: 400\">New York City<\/span><\/i><span style=\"font-weight: 400\"> y se lleg\u00f3 hasta Espa<\/span><span style=\"font-weight: 400\">\u00f1<\/span><span style=\"font-weight: 400\">a, aterrizando con el nombre Mujeres 20\/20. En esta primera edici<\/span><span style=\"font-weight: 400\">\u00f3<\/span><span style=\"font-weight: 400\">n se cont<\/span><span style=\"font-weight: 400\">\u00f3<\/span><span style=\"font-weight: 400\"> con la presencia de m<\/span><span style=\"font-weight: 400\">\u00e1<\/span><span style=\"font-weight: 400\">s de 200 participantes y se celebr\u00f3 en el Auditorio 200 del Museo Reina Sof<\/span><span style=\"font-weight: 400\">\u00ed<\/span><span style=\"font-weight: 400\">a de Madrid<\/span><\/p>\n<p><span style=\"font-weight: 400\">Esta actividad de ponencias y<\/span><a href=\"http:\/\/blog.infoempleo.com\/a\/que-es-el-networking-y-para-que-sirve\/?utm_source=post&amp;utm_campaign=hrtrends&amp;utm_medium=blogempresas&amp;utm_content=contenido\"> <i><span style=\"font-weight: 400\">networking<\/span><\/i> <\/a><span style=\"font-weight: 400\">tiene como finalidad reunir profesionales en sectores especializados, juntando talento femenino de sectores variados del pa<\/span><span style=\"font-weight: 400\">\u00ed<\/span><span style=\"font-weight: 400\">s. Estuvieron presentes periodistas, directoras de empresa, e incluso la Ministra de Empleo y Seguridad Social, F<\/span><span style=\"font-weight: 400\">\u00e1<\/span><span style=\"font-weight: 400\">tima B<\/span><span style=\"font-weight: 400\">\u00e1\u00f1<\/span><span style=\"font-weight: 400\">ez, quien realiz<\/span><span style=\"font-weight: 400\">\u00f3<\/span><span style=\"font-weight: 400\"> el acto de inauguraci<\/span><span style=\"font-weight: 400\">\u00f3<\/span><span style=\"font-weight: 400\">n. El evento logr<\/span><span style=\"font-weight: 400\">\u00f3<\/span><span style=\"font-weight: 400\"> juntar profesionales que representaron el poder in crescendo de la mujer en el panorama actual.<\/span><\/p>\n<p><img loading=\"lazy\" decoding=\"async\" class=\"alignnone size-full wp-image-30909\" src=\"https:\/\/empresas.infoempleo.com\/hrtrends\/media\/2017\/07\/Women-Summit-2-e1499855743825.jpeg\" alt=\"\" width=\"600\" height=\"450\" srcset=\"https:\/\/empresas.infoempleo.com\/hrtrends\/media\/2017\/07\/Women-Summit-2-e1499855743825.jpeg 600w, https:\/\/empresas.infoempleo.com\/hrtrends\/media\/2017\/07\/Women-Summit-2-e1499855743825-300x225.jpeg 300w\" sizes=\"auto, (max-width: 600px) 100vw, 600px\" \/><\/p>\n<h3><b>\u00bf<\/b><b>Qu<\/b><b>\u00e9<\/b><b> se hace en este evento?<\/b><\/h3>\n<p><span style=\"font-weight: 400\">Este evento se organiza principalmente para dar reconocimiento a estas mujeres con distintos perfiles profesionales, adem\u00e1s de aportar conocimiento a todos los asistentes e inspirar a todos aquellos que ponen la oreja para aprender del talento y la experiencia de estas grandes profesionales.<\/span><\/p>\n<p><span style=\"font-weight: 400\">Esto se consigui<\/span><span style=\"font-weight: 400\">\u00f3<\/span><span style=\"font-weight: 400\"> mediante una agenda completa que inclu\u00eda charlas, mesas redondas, entrevistas personales para estimular la conversaci<\/span><span style=\"font-weight: 400\">\u00f3<\/span><span style=\"font-weight: 400\">n de estas profesionales de referencia sobre temas actuales y de inter<\/span><span style=\"font-weight: 400\">\u00e9<\/span><span style=\"font-weight: 400\">s, como los objetivos de la Uni<\/span><span style=\"font-weight: 400\">\u00f3<\/span><span style=\"font-weight: 400\">n Europea, el entorno laboral, el futuro de la banca, nuevas tecnolog\u00edas y econom\u00eda sostenible. <\/span><\/p>\n<h3><b>Las mujeres en la lucha de poder<\/b><\/h3>\n<p><span style=\"font-weight: 400\">En el panorama actual de la sociedad, la<\/span><span style=\"font-weight: 400\"> mujer trabajadora <\/span><span style=\"font-weight: 400\">no deja de luchar para demostrar que su voz vale igual o m<\/span><span style=\"font-weight: 400\">\u00e1<\/span><span style=\"font-weight: 400\">s que la de cualquier hombre. El <\/span><b>Mujeres 20\/20<\/b><span style=\"font-weight: 400\"> organizado por Forbes atribuye todo el m<\/span><span style=\"font-weight: 400\">\u00e9<\/span><span style=\"font-weight: 400\">rito a estas ambiciosas y fuertes profesionales, alzando la figura femenina en diferentes sectores para que estas mujeres puedan recibir reconocimiento por su esfuerzo.<\/span><\/p>\n","protected":false},"excerpt":{"rendered":"<p>Desde hace ya unos a\u00f1os, Forbes organiza un evento al que han bautizado con el nombre Women\u2019s Summit.<a class=\"moretag\" href=\"https:\/\/empresas.infoempleo.com\/hrtrends\/womens-summit-espana-mujeres-2020\/\"> Leer m\u00e1s<\/a><\/p>\n","protected":false},"author":93,"featured_media":30908,"comment_status":"closed","ping_status":"open","sticky":false,"template":"","format":"standard","meta":{"footnotes":""},"categories":[3051],"tags":[2332],"class_list":["post-30907","post","type-post","status-publish","format-standard","has-post-thumbnail","hentry","category-eventos","tag-mujer-trabajadora"],"yoast_head":"<!-- This site is optimized with the Yoast SEO plugin v26.1.1 - https:\/\/yoast.com\/wordpress\/plugins\/seo\/ -->\n<title>El Women\u2019s Summit llega a Espa\u00f1a como Mujeres 20\/20<\/title>\n<meta name=\"description\" content=\"Este a\u00f1o, por primera vez, el acto de Women\u2019s Summit de Forbes sali\u00f3 de New York City y se lleg\u00f3 hasta Espa\u00f1a, aterrizando con el nombre Mujeres 20\/20.\" \/>\n<meta name=\"robots\" content=\"index, follow, max-snippet:-1, max-image-preview:large, max-video-preview:-1\" \/>\n<link rel=\"canonical\" href=\"https:\/\/empresas.infoempleo.com\/hrtrends\/womens-summit-espana-mujeres-2020\/\" \/>\n<meta property=\"og:locale\" content=\"es_ES\" \/>\n<meta property=\"og:type\" content=\"article\" \/>\n<meta property=\"og:title\" content=\"El Women\u2019s Summit llega a Espa\u00f1a como Mujeres 20\/20\" \/>\n<meta property=\"og:description\" content=\"Este a\u00f1o, por primera vez, el acto de Women\u2019s Summit de Forbes sali\u00f3 de New York City y se lleg\u00f3 hasta Espa\u00f1a, aterrizando con el nombre Mujeres 20\/20.\" \/>\n<meta property=\"og:url\" content=\"https:\/\/empresas.infoempleo.com\/hrtrends\/womens-summit-espana-mujeres-2020\/\" \/>\n<meta property=\"og:site_name\" content=\"HRTRENDS\" \/>\n<meta property=\"article:publisher\" content=\"https:\/\/www.facebook.com\/Infoempleo\" \/>\n<meta property=\"article:published_time\" content=\"2017-07-12T10:37:00+00:00\" \/>\n<meta property=\"article:modified_time\" content=\"2024-12-04T12:02:28+00:00\" \/>\n<meta property=\"og:image\" content=\"https:\/\/empresas.infoempleo.com\/hrtrends\/media\/2017\/07\/Women-Summit-e1499855447863.jpg\" \/>\n\t<meta property=\"og:image:width\" content=\"600\" \/>\n\t<meta property=\"og:image:height\" content=\"400\" \/>\n\t<meta property=\"og:image:type\" content=\"image\/jpeg\" \/>\n<meta name=\"author\" content=\"Laura Soler\" \/>\n<meta name=\"twitter:card\" content=\"summary_large_image\" \/>\n<meta name=\"twitter:creator\" content=\"@infoempleo\" \/>\n<meta name=\"twitter:site\" content=\"@infoempleo\" \/>\n<meta name=\"twitter:label1\" content=\"Escrito por\" \/>\n\t<meta name=\"twitter:data1\" content=\"Laura Soler\" \/>\n\t<meta name=\"twitter:label2\" content=\"Tiempo de lectura\" \/>\n\t<meta name=\"twitter:data2\" content=\"2 minutos\" \/>\n<script type=\"application\/ld+json\" class=\"yoast-schema-graph\">{\"@context\":\"https:\/\/schema.org\",\"@graph\":[{\"@type\":\"NewsArticle\",\"@id\":\"https:\/\/empresas.infoempleo.com\/hrtrends\/womens-summit-espana-mujeres-2020\/#article\",\"isPartOf\":{\"@id\":\"https:\/\/empresas.infoempleo.com\/hrtrends\/womens-summit-espana-mujeres-2020\/\"},\"author\":{\"name\":\"Laura Soler\",\"@id\":\"https:\/\/empresas.infoempleo.com\/hrtrends\/#\/schema\/person\/a87831bdb31f0ef865cda025cfa8363d\"},\"headline\":\"El Women\u2019s Summit llega a Espa\u00f1a como Mujeres 20\/20\",\"datePublished\":\"2017-07-12T10:37:00+00:00\",\"dateModified\":\"2024-12-04T12:02:28+00:00\",\"mainEntityOfPage\":{\"@id\":\"https:\/\/empresas.infoempleo.com\/hrtrends\/womens-summit-espana-mujeres-2020\/\"},\"wordCount\":379,\"publisher\":{\"@id\":\"https:\/\/empresas.infoempleo.com\/hrtrends\/#organization\"},\"image\":{\"@id\":\"https:\/\/empresas.infoempleo.com\/hrtrends\/womens-summit-espana-mujeres-2020\/#primaryimage\"},\"thumbnailUrl\":\"https:\/\/empresas.infoempleo.com\/hrtrends\/media\/2017\/07\/Women-Summit-e1499855447863.jpg\",\"keywords\":[\"mujer trabajadora\"],\"articleSection\":[\"Eventos\"],\"inLanguage\":\"es\",\"copyrightYear\":\"2017\",\"copyrightHolder\":{\"@id\":\"https:\/\/empresas.infoempleo.com\/hrtrends\/#organization\"}},{\"@type\":\"WebPage\",\"@id\":\"https:\/\/empresas.infoempleo.com\/hrtrends\/womens-summit-espana-mujeres-2020\/\",\"url\":\"https:\/\/empresas.infoempleo.com\/hrtrends\/womens-summit-espana-mujeres-2020\/\",\"name\":\"El Women\u2019s Summit llega a Espa\u00f1a como Mujeres 20\/20\",\"isPartOf\":{\"@id\":\"https:\/\/empresas.infoempleo.com\/hrtrends\/#website\"},\"primaryImageOfPage\":{\"@id\":\"https:\/\/empresas.infoempleo.com\/hrtrends\/womens-summit-espana-mujeres-2020\/#primaryimage\"},\"image\":{\"@id\":\"https:\/\/empresas.infoempleo.com\/hrtrends\/womens-summit-espana-mujeres-2020\/#primaryimage\"},\"thumbnailUrl\":\"https:\/\/empresas.infoempleo.com\/hrtrends\/media\/2017\/07\/Women-Summit-e1499855447863.jpg\",\"datePublished\":\"2017-07-12T10:37:00+00:00\",\"dateModified\":\"2024-12-04T12:02:28+00:00\",\"description\":\"Este a\u00f1o, por primera vez, el acto de Women\u2019s Summit de Forbes sali\u00f3 de New York City y se lleg\u00f3 hasta Espa\u00f1a, aterrizando con el nombre Mujeres 20\/20.\",\"breadcrumb\":{\"@id\":\"https:\/\/empresas.infoempleo.com\/hrtrends\/womens-summit-espana-mujeres-2020\/#breadcrumb\"},\"inLanguage\":\"es\",\"potentialAction\":[{\"@type\":\"ReadAction\",\"target\":[\"https:\/\/empresas.infoempleo.com\/hrtrends\/womens-summit-espana-mujeres-2020\/\"]}]},{\"@type\":\"ImageObject\",\"inLanguage\":\"es\",\"@id\":\"https:\/\/empresas.infoempleo.com\/hrtrends\/womens-summit-espana-mujeres-2020\/#primaryimage\",\"url\":\"https:\/\/empresas.infoempleo.com\/hrtrends\/media\/2017\/07\/Women-Summit-e1499855447863-150x150.jpg\",\"contentUrl\":\"https:\/\/empresas.infoempleo.com\/hrtrends\/media\/2017\/07\/Women-Summit-e1499855447863-150x150.jpg\",\"width\":150,\"height\":150},{\"@type\":\"BreadcrumbList\",\"@id\":\"https:\/\/empresas.infoempleo.com\/hrtrends\/womens-summit-espana-mujeres-2020\/#breadcrumb\",\"itemListElement\":[{\"@type\":\"ListItem\",\"position\":1,\"name\":\"Portada\",\"item\":\"https:\/\/empresas.infoempleo.com\/hrtrends\/\"},{\"@type\":\"ListItem\",\"position\":2,\"name\":\"El Women\u2019s Summit llega a Espa\u00f1a como Mujeres 20\/20\"}]},{\"@type\":\"WebSite\",\"@id\":\"https:\/\/empresas.infoempleo.com\/hrtrends\/#website\",\"url\":\"https:\/\/empresas.infoempleo.com\/hrtrends\",\"name\":\"HRTrends by Infoempleo\",\"description\":\"\",\"publisher\":{\"@id\":\"https:\/\/empresas.infoempleo.com\/hrtrends\/#organization\"},\"potentialAction\":{\"@type\":\"SearchAction\",\"target\":\"https:\/\/empresas.infoempleo.com\/hrtrends\/?s={search_term_string}\",\"query-input\":\"required name=search_term_string\"},\"inLanguage\":\"es\"},{\"@type\":\"Organization\",\"@id\":\"https:\/\/empresas.infoempleo.com\/hrtrends\/#organization\",\"name\":\"Infoempleo\",\"url\":\"https:\/\/www.infoempleo.com\/\",\"logo\":{\"@type\":\"ImageObject\",\"@id\":\"https:\/\/empresas.infoempleo.com\/hrtrends\/#logo\",\"inLanguage\":\"es\",\"url\":\"https:\/\/cdnazure.infoempleo.com\/infoempleo\/assets\/style\/gfx\/logo.svg\",\"contentUrl\":\"https:\/\/cdnazure.infoempleo.com\/infoempleo\/assets\/style\/gfx\/logo.svg\",\"width\":150,\"height\":40,\"caption\":\"Infoempleo\"},\"image\":{\"@id\":\"https:\/\/empresas.infoempleo.com\/hrtrends\/#logo\"},\"sameAs\":[\"https:\/\/www.facebook.com\/Infoempleo\",\"https:\/\/x.com\/infoempleo\",\"http:\/\/instagram.com\/infoempleo\/\",\"http:\/\/www.linkedin.com\/groups\/Empleo-Espa\u00f1a-Infoempleocom-111276\",\"http:\/\/pinterest.com\/infoempleo\/\"],\"address\":{\"@type\":\"PostalAddress\",\"addressLocality\":\"Madrid\",\"postalCode\":\"28050\",\"streetAddress\":\"Avenida de Burgos 114\"},\"brand\":[\"Infoempleo\"]},{\"@type\":\"Person\",\"@id\":\"https:\/\/empresas.infoempleo.com\/hrtrends\/#\/schema\/person\/a87831bdb31f0ef865cda025cfa8363d\",\"name\":\"Laura Soler\",\"image\":{\"@type\":\"ImageObject\",\"inLanguage\":\"es\",\"@id\":\"https:\/\/empresas.infoempleo.com\/hrtrends\/#\/schema\/person\/image\/\",\"url\":\"https:\/\/secure.gravatar.com\/avatar\/a849b9e29c141525eaf83f6f13a6c1442db43088835ada5a24322f59598e8fb5?s=96&d=mm&r=g\",\"contentUrl\":\"https:\/\/secure.gravatar.com\/avatar\/a849b9e29c141525eaf83f6f13a6c1442db43088835ada5a24322f59598e8fb5?s=96&d=mm&r=g\",\"caption\":\"Laura Soler\"},\"description\":\"Redactora, estudiante de m\u00e1ster en Relaciones Laborales y apasionada del coaching empresarial.\",\"url\":\"https:\/\/empresas.infoempleo.com\/hrtrends\/author\/laura-soler\/\"}]}<\/script>\n<!-- \/ Yoast SEO plugin. -->","yoast_head_json":{"title":"El Women\u2019s Summit llega a Espa\u00f1a como Mujeres 20\/20","description":"Este a\u00f1o, por primera vez, el acto de Women\u2019s Summit de Forbes sali\u00f3 de New York City y se lleg\u00f3 hasta Espa\u00f1a, aterrizando con el nombre Mujeres 20\/20.","robots":{"index":"index","follow":"follow","max-snippet":"max-snippet:-1","max-image-preview":"max-image-preview:large","max-video-preview":"max-video-preview:-1"},"canonical":"https:\/\/empresas.infoempleo.com\/hrtrends\/womens-summit-espana-mujeres-2020\/","og_locale":"es_ES","og_type":"article","og_title":"El Women\u2019s Summit llega a Espa\u00f1a como Mujeres 20\/20","og_description":"Este a\u00f1o, por primera vez, el acto de Women\u2019s Summit de Forbes sali\u00f3 de New York City y se lleg\u00f3 hasta Espa\u00f1a, aterrizando con el nombre Mujeres 20\/20.","og_url":"https:\/\/empresas.infoempleo.com\/hrtrends\/womens-summit-espana-mujeres-2020\/","og_site_name":"HRTRENDS","article_publisher":"https:\/\/www.facebook.com\/Infoempleo","article_published_time":"2017-07-12T10:37:00+00:00","article_modified_time":"2024-12-04T12:02:28+00:00","og_image":[{"width":600,"height":400,"url":"https:\/\/empresas.infoempleo.com\/hrtrends\/media\/2017\/07\/Women-Summit-e1499855447863.jpg","type":"image\/jpeg"}],"author":"Laura Soler","twitter_card":"summary_large_image","twitter_creator":"@infoempleo","twitter_site":"@infoempleo","twitter_misc":{"Escrito por":"Laura Soler","Tiempo de lectura":"2 minutos"},"schema":{"@context":"https:\/\/schema.org","@graph":[{"@type":"NewsArticle","@id":"https:\/\/empresas.infoempleo.com\/hrtrends\/womens-summit-espana-mujeres-2020\/#article","isPartOf":{"@id":"https:\/\/empresas.infoempleo.com\/hrtrends\/womens-summit-espana-mujeres-2020\/"},"author":{"name":"Laura Soler","@id":"https:\/\/empresas.infoempleo.com\/hrtrends\/#\/schema\/person\/a87831bdb31f0ef865cda025cfa8363d"},"headline":"El Women\u2019s Summit llega a Espa\u00f1a como Mujeres 20\/20","datePublished":"2017-07-12T10:37:00+00:00","dateModified":"2024-12-04T12:02:28+00:00","mainEntityOfPage":{"@id":"https:\/\/empresas.infoempleo.com\/hrtrends\/womens-summit-espana-mujeres-2020\/"},"wordCount":379,"publisher":{"@id":"https:\/\/empresas.infoempleo.com\/hrtrends\/#organization"},"image":{"@id":"https:\/\/empresas.infoempleo.com\/hrtrends\/womens-summit-espana-mujeres-2020\/#primaryimage"},"thumbnailUrl":"https:\/\/empresas.infoempleo.com\/hrtrends\/media\/2017\/07\/Women-Summit-e1499855447863.jpg","keywords":["mujer trabajadora"],"articleSection":["Eventos"],"inLanguage":"es","copyrightYear":"2017","copyrightHolder":{"@id":"https:\/\/empresas.infoempleo.com\/hrtrends\/#organization"}},{"@type":"WebPage","@id":"https:\/\/empresas.infoempleo.com\/hrtrends\/womens-summit-espana-mujeres-2020\/","url":"https:\/\/empresas.infoempleo.com\/hrtrends\/womens-summit-espana-mujeres-2020\/","name":"El Women\u2019s Summit llega a Espa\u00f1a como Mujeres 20\/20","isPartOf":{"@id":"https:\/\/empresas.infoempleo.com\/hrtrends\/#website"},"primaryImageOfPage":{"@id":"https:\/\/empresas.infoempleo.com\/hrtrends\/womens-summit-espana-mujeres-2020\/#primaryimage"},"image":{"@id":"https:\/\/empresas.infoempleo.com\/hrtrends\/womens-summit-espana-mujeres-2020\/#primaryimage"},"thumbnailUrl":"https:\/\/empresas.infoempleo.com\/hrtrends\/media\/2017\/07\/Women-Summit-e1499855447863.jpg","datePublished":"2017-07-12T10:37:00+00:00","dateModified":"2024-12-04T12:02:28+00:00","description":"Este a\u00f1o, por primera vez, el acto de Women\u2019s Summit de Forbes sali\u00f3 de New York City y se lleg\u00f3 hasta Espa\u00f1a, aterrizando con el nombre Mujeres 20\/20.","breadcrumb":{"@id":"https:\/\/empresas.infoempleo.com\/hrtrends\/womens-summit-espana-mujeres-2020\/#breadcrumb"},"inLanguage":"es","potentialAction":[{"@type":"ReadAction","target":["https:\/\/empresas.infoempleo.com\/hrtrends\/womens-summit-espana-mujeres-2020\/"]}]},{"@type":"ImageObject","inLanguage":"es","@id":"https:\/\/empresas.infoempleo.com\/hrtrends\/womens-summit-espana-mujeres-2020\/#primaryimage","url":"https:\/\/empresas.infoempleo.com\/hrtrends\/media\/2017\/07\/Women-Summit-e1499855447863-150x150.jpg","contentUrl":"https:\/\/empresas.infoempleo.com\/hrtrends\/media\/2017\/07\/Women-Summit-e1499855447863-150x150.jpg","width":150,"height":150},{"@type":"BreadcrumbList","@id":"https:\/\/empresas.infoempleo.com\/hrtrends\/womens-summit-espana-mujeres-2020\/#breadcrumb","itemListElement":[{"@type":"ListItem","position":1,"name":"Portada","item":"https:\/\/empresas.infoempleo.com\/hrtrends\/"},{"@type":"ListItem","position":2,"name":"El Women\u2019s Summit llega a Espa\u00f1a como Mujeres 20\/20"}]},{"@type":"WebSite","@id":"https:\/\/empresas.infoempleo.com\/hrtrends\/#website","url":"https:\/\/empresas.infoempleo.com\/hrtrends","name":"HRTrends by Infoempleo","description":"","publisher":{"@id":"https:\/\/empresas.infoempleo.com\/hrtrends\/#organization"},"potentialAction":{"@type":"SearchAction","target":"https:\/\/empresas.infoempleo.com\/hrtrends\/?s={search_term_string}","query-input":"required name=search_term_string"},"inLanguage":"es"},{"@type":"Organization","@id":"https:\/\/empresas.infoempleo.com\/hrtrends\/#organization","name":"Infoempleo","url":"https:\/\/www.infoempleo.com\/","logo":{"@type":"ImageObject","@id":"https:\/\/empresas.infoempleo.com\/hrtrends\/#logo","inLanguage":"es","url":"https:\/\/cdnazure.infoempleo.com\/infoempleo\/assets\/style\/gfx\/logo.svg","contentUrl":"https:\/\/cdnazure.infoempleo.com\/infoempleo\/assets\/style\/gfx\/logo.svg","width":150,"height":40,"caption":"Infoempleo"},"image":{"@id":"https:\/\/empresas.infoempleo.com\/hrtrends\/#logo"},"sameAs":["https:\/\/www.facebook.com\/Infoempleo","https:\/\/x.com\/infoempleo","http:\/\/instagram.com\/infoempleo\/","http:\/\/www.linkedin.com\/groups\/Empleo-Espa\u00f1a-Infoempleocom-111276","http:\/\/pinterest.com\/infoempleo\/"],"address":{"@type":"PostalAddress","addressLocality":"Madrid","postalCode":"28050","streetAddress":"Avenida de Burgos 114"},"brand":["Infoempleo"]},{"@type":"Person","@id":"https:\/\/empresas.infoempleo.com\/hrtrends\/#\/schema\/person\/a87831bdb31f0ef865cda025cfa8363d","name":"Laura Soler","image":{"@type":"ImageObject","inLanguage":"es","@id":"https:\/\/empresas.infoempleo.com\/hrtrends\/#\/schema\/person\/image\/","url":"https:\/\/secure.gravatar.com\/avatar\/a849b9e29c141525eaf83f6f13a6c1442db43088835ada5a24322f59598e8fb5?s=96&d=mm&r=g","contentUrl":"https:\/\/secure.gravatar.com\/avatar\/a849b9e29c141525eaf83f6f13a6c1442db43088835ada5a24322f59598e8fb5?s=96&d=mm&r=g","caption":"Laura Soler"},"description":"Redactora, estudiante de m\u00e1ster en Relaciones Laborales y apasionada del coaching empresarial.","url":"https:\/\/empresas.infoempleo.com\/hrtrends\/author\/laura-soler\/"}]}},"amp_enabled":true,"_links":{"self":[{"href":"https:\/\/empresas.infoempleo.com\/hrtrends\/wp-json\/wp\/v2\/posts\/30907","targetHints":{"allow":["GET"]}}],"collection":[{"href":"https:\/\/empresas.infoempleo.com\/hrtrends\/wp-json\/wp\/v2\/posts"}],"about":[{"href":"https:\/\/empresas.infoempleo.com\/hrtrends\/wp-json\/wp\/v2\/types\/post"}],"author":[{"embeddable":true,"href":"https:\/\/empresas.infoempleo.com\/hrtrends\/wp-json\/wp\/v2\/users\/93"}],"replies":[{"embeddable":true,"href":"https:\/\/empresas.infoempleo.com\/hrtrends\/wp-json\/wp\/v2\/comments?post=30907"}],"version-history":[{"count":2,"href":"https:\/\/empresas.infoempleo.com\/hrtrends\/wp-json\/wp\/v2\/posts\/30907\/revisions"}],"predecessor-version":[{"id":46071,"href":"https:\/\/empresas.infoempleo.com\/hrtrends\/wp-json\/wp\/v2\/posts\/30907\/revisions\/46071"}],"wp:featuredmedia":[{"embeddable":true,"href":"https:\/\/empresas.infoempleo.com\/hrtrends\/wp-json\/wp\/v2\/media\/30908"}],"wp:attachment":[{"href":"https:\/\/empresas.infoempleo.com\/hrtrends\/wp-json\/wp\/v2\/media?parent=30907"}],"wp:term":[{"taxonomy":"category","embeddable":true,"href":"https:\/\/empresas.infoempleo.com\/hrtrends\/wp-json\/wp\/v2\/categories?post=30907"},{"taxonomy":"post_tag","embeddable":true,"href":"https:\/\/empresas.infoempleo.com\/hrtrends\/wp-json\/wp\/v2\/tags?post=30907"}],"curies":[{"name":"wp","href":"https:\/\/api.w.org\/{rel}","templated":true}]}}