{"id":30883,"date":"2017-07-11T13:16:34","date_gmt":"2017-07-11T11:16:34","guid":{"rendered":"https:\/\/empresas.infoempleo.com\/hrtrends\/?p=30883"},"modified":"2024-08-29T17:49:40","modified_gmt":"2024-08-29T15:49:40","slug":"liderazgo-emocional","status":"publish","type":"post","link":"https:\/\/empresas.infoempleo.com\/hrtrends\/liderazgo-emocional\/","title":{"rendered":"Liderazgo emocional \u00bfc\u00f3mo conseguirlo?"},"content":{"rendered":"<p><span style=\"font-weight: 400;\">Definimos a la emoci\u00f3n como una alteraci\u00f3n del \u00e1nimo intensa y pasajera, ya sea agradable o no, sobre alguna situaci\u00f3n que estamos viviendo en ese preciso instante, que hemos vivido, o que viviremos en el futuro. <\/span><\/p>\n<p><span style=\"font-weight: 400;\">Las emociones no solo est\u00e1n muy presentes en tu vida y en c\u00f3mo act\u00faas, sino tambi\u00e9n en el entorno laboral. Muchas de las decisiones tomadas a nivel personal y profesional son decisiones emocionales que pueden ser impulsivas, tomadas sin contemplar la totalidad de una situaci\u00f3n. Hablamos entonces de <strong>liderazgo emocional<\/strong>. A menudo, esto implica equivocarse, reaccionando por impulso, demostrando una falta de control y tomando una decisi\u00f3n que no se ha valorado lo suficiente para lograr la mejor soluci\u00f3n ante un problema.<\/span><\/p>\n<p><span style=\"font-weight: 400;\">El gran reto para las empresas es trabajar con l\u00edderes que lideren a sus equipos desde el bienestar y no desde el miedo y la imposici\u00f3n y el gran reto para las Universidades y escuelas de negocio es el de ayudar a formarlos en el liderazgo motivacional y no en la ira. Este es el enfoque de los programas del \u00e1rea de inteligencia emocional de la Universidad de Barcelona. Aunque hay personas que nacen con mejor predisposici\u00f3n a desarrollar inteligencia emocional, se puede aprender con educaci\u00f3n y formaci\u00f3n y sobretodo en la edad adulta, as\u00ed que siempre es buen momento para mejorar tus habilidades con<\/span><a href=\"http:\/\/www.il3.ub.edu\/crea\/17\/2\/formacion-inteligencia-emocional\/index.html?utm_source=post&amp;utm_campaign=hrtrends&amp;utm_medium=blogempresas&amp;utm_content=curso\" rel=\"nofollow\"><span style=\"font-weight: 400;\"> formaci\u00f3n en inteligencia emocional<\/span><\/a><span style=\"font-weight: 400;\">.<\/span><\/p>\n<h3><b>\u00bfQu\u00e9 es la el liderazgo emocional?<\/b><\/h3>\n<p><span style=\"font-weight: 400;\">\u00bfNo has trabajado nunca con alguien capaz de gestionar las emociones del grupo, que tiene grandes habilidades sociales, empatiza con el resto y capaz de conseguir que todos vaya a una para alcanzar un mismo objetivo? Eso es la inteligencia emocional.<\/span><\/p>\n<p><span style=\"font-weight: 400;\">Varios autores ya han realizado estudios relacionados con esta tem\u00e1tica, y han aplicado sus resultados a grandes multinacionales con el objetivo de <\/span><a href=\"https:\/\/empresas.infoempleo.com\/hrtrends\/la-salud-laboral\/?utm_source=post&amp;utm_campaign=hrtrends&amp;utm_medium=blogempresas&amp;utm_content=contenido\"><span style=\"font-weight: 400;\">mejorar las capacidades de sus trabajadores<\/span><\/a><span style=\"font-weight: 400;\"> y la rentabilidad de su negocio.<\/span><\/p>\n<p><a href=\"http:\/\/www.il3.ub.edu\/track\/es\/21760?utm_source=infoempleo&amp;utm_campaign=jc-rrhh-formacion-inteligencia-emocional-coaching&amp;utm_medium=display\" rel=\"nofollow\"><img loading=\"lazy\" decoding=\"async\" class=\"aligncenter size-full wp-image-30887\" src=\"https:\/\/empresas.infoempleo.com\/hrtrends\/media\/2017\/07\/inteligencia_emocional_coaching_600x100_infoempleo.png\" alt=\"\" width=\"600\" height=\"100\" srcset=\"https:\/\/empresas.infoempleo.com\/hrtrends\/media\/2017\/07\/inteligencia_emocional_coaching_600x100_infoempleo.png 600w, https:\/\/empresas.infoempleo.com\/hrtrends\/media\/2017\/07\/inteligencia_emocional_coaching_600x100_infoempleo-300x50.png 300w\" sizes=\"auto, (max-width: 600px) 100vw, 600px\" \/><\/a><\/p>\n<h3><b>La relaci\u00f3n entre la inteligencia emocional y liderazgo<\/b><\/h3>\n<p><span style=\"font-weight: 400;\">La <\/span><b>inteligencia emocional<\/b><span style=\"font-weight: 400;\"> es uno de los mejores complementos para ser un <\/span><a href=\"https:\/\/empresas.infoempleo.com\/hrtrends\/creatividad-la-gestion-personas-equipos\/?utm_source=post&amp;utm_campaign=hrtrends&amp;utm_medium=blogempresas&amp;utm_content=contenido\"><span style=\"font-weight: 400;\">buen l\u00edder <\/span><\/a><span style=\"font-weight: 400;\">y conseguir que crezcas en la empresa. Seg\u00fan las bases de liderazgo de Goleman, los principales componentes para conseguir el \u00e9xito y que tienes que tener en cuenta se basan en la autoconciencia, el autocontrol, la motivaci\u00f3n, la empat\u00eda y las habilidades sociales.<\/span><\/p>\n<p><span style=\"font-weight: 400;\">Seg\u00fan este estudio, la importancia que adquiere la relaci\u00f3n entre la inteligencia emocional y el liderazgo aumenta conforme tu cargo en la empresa es m\u00e1s alto, ya que a partir de cierto nivel las diferencias t\u00e9cnicas, que son las que nos hacen destacar frente a nuestros compa\u00f1eros, se hacen menores.<\/span><\/p>\n<h3><b>Formaci\u00f3n en enfocada al liderazgo emocional<\/b><\/h3>\n<p><span style=\"font-weight: 400;\">La <\/span><b>inteligencia emocional<\/b><span style=\"font-weight: 400;\"> ha ido ganando importancia a medida que las empresas se han hecho eco de sus resultados. Por ese motivo, centros como la Universitat de Barcelona es pionera y un referente en ese aspecto. El Instituto de Formaci\u00f3n Continua IL3 de la Universidad de Barcelona apuesta por el <\/span><a href=\"http:\/\/www.il3.ub.edu\/crea\/17\/2\/formacion-inteligencia-emocional\/index.html?utm_source=post&amp;utm_campaign=hrtrends&amp;utm_medium=blogempresas&amp;utm_content=curso\" rel=\"nofollow\"><span style=\"font-weight: 400;\">liderazgo emocional en las organizaciones<\/span><\/a><span style=\"font-weight: 400;\">, por un nuevo estilo de <em>management <\/em>y, al fin y al cabo, una manera distinta de hacer las cosas y crear nuevas organizaciones.<\/span><\/p>\n<p>Adem\u00e1s, acaban de lanzar www.emotionalinsights.es un espacio donde los principales expertos del \u00e1mbito de la consultor\u00eda, formaci\u00f3n y por supuesto profesionales clave en sus organizaciones comparten las <strong>principales tendencias y los proyectos<\/strong> m\u00e1s relevantes relacionados con el \u00e1mbito de la inteligencia emocional.<\/p>\n<p><span style=\"font-weight: 400;\">Desarrollarse en la gesti\u00f3n de equipos desde una perspectiva de gesti\u00f3n emocional y aplicar correctamente teor\u00edas com las de Goleman, son capaces de ayudar a que un equipo alcance al \u00e9xito y supere cualquier dificultad. El impacto de la <\/span><b>inteligencia emocional<\/b><span style=\"font-weight: 400;\"> est\u00e1 creciendo en el sector laboral, y lo bueno para ti es que siempre est\u00e1s a tiempo de seguir con tu formaci\u00f3n.<\/span><\/p>\n","protected":false},"excerpt":{"rendered":"<p>Definimos a la emoci\u00f3n como una alteraci\u00f3n del \u00e1nimo intensa y pasajera, ya sea agradable o no, sobre<a class=\"moretag\" href=\"https:\/\/empresas.infoempleo.com\/hrtrends\/liderazgo-emocional\/\"> Leer m\u00e1s<\/a><\/p>\n","protected":false},"author":94,"featured_media":30891,"comment_status":"closed","ping_status":"open","sticky":false,"template":"","format":"standard","meta":{"footnotes":""},"categories":[3032],"tags":[2320,21],"class_list":["post-30883","post","type-post","status-publish","format-standard","has-post-thumbnail","hentry","category-formacion","tag-inteligencia-emocional","tag-liderazgo"],"yoast_head":"<!-- This site is optimized with the Yoast SEO plugin v26.1.1 - https:\/\/yoast.com\/wordpress\/plugins\/seo\/ -->\n<title>Liderazgo emocional \u00bfc\u00f3mo conseguirlo? | HRTRENDS<\/title>\n<meta name=\"description\" content=\"La inteligencia emocional es uno de los aspectos claves para ser un buen l\u00edder y crecer en la empresa. Adem\u00e1s ayuda a crear nuevos estilos de management.\" \/>\n<meta name=\"robots\" content=\"index, follow, max-snippet:-1, max-image-preview:large, max-video-preview:-1\" \/>\n<link rel=\"canonical\" href=\"https:\/\/empresas.infoempleo.com\/hrtrends\/liderazgo-emocional\/\" \/>\n<meta property=\"og:locale\" content=\"es_ES\" \/>\n<meta property=\"og:type\" content=\"article\" \/>\n<meta property=\"og:title\" content=\"Liderazgo emocional \u00bfc\u00f3mo conseguirlo? | HRTRENDS\" \/>\n<meta property=\"og:description\" content=\"La inteligencia emocional es uno de los aspectos claves para ser un buen l\u00edder y crecer en la empresa. Adem\u00e1s ayuda a crear nuevos estilos de management.\" \/>\n<meta property=\"og:url\" content=\"https:\/\/empresas.infoempleo.com\/hrtrends\/liderazgo-emocional\/\" \/>\n<meta property=\"og:site_name\" content=\"HRTRENDS\" \/>\n<meta property=\"article:publisher\" content=\"https:\/\/www.facebook.com\/Infoempleo\" \/>\n<meta property=\"article:published_time\" content=\"2017-07-11T11:16:34+00:00\" \/>\n<meta property=\"article:modified_time\" content=\"2024-08-29T15:49:40+00:00\" \/>\n<meta property=\"og:image\" content=\"https:\/\/empresas.infoempleo.com\/hrtrends\/media\/2017\/07\/ThinkstockPhotos-602333204.jpg\" \/>\n\t<meta property=\"og:image:width\" content=\"1023\" \/>\n\t<meta property=\"og:image:height\" content=\"1024\" \/>\n\t<meta property=\"og:image:type\" content=\"image\/jpeg\" \/>\n<meta name=\"author\" content=\"Juan Silva\" \/>\n<meta name=\"twitter:card\" content=\"summary_large_image\" \/>\n<meta name=\"twitter:creator\" content=\"@infoempleo\" \/>\n<meta name=\"twitter:site\" content=\"@infoempleo\" \/>\n<meta name=\"twitter:label1\" content=\"Escrito por\" \/>\n\t<meta name=\"twitter:data1\" content=\"Juan Silva\" \/>\n\t<meta name=\"twitter:label2\" content=\"Tiempo de lectura\" \/>\n\t<meta name=\"twitter:data2\" content=\"3 minutos\" \/>\n<script type=\"application\/ld+json\" class=\"yoast-schema-graph\">{\"@context\":\"https:\/\/schema.org\",\"@graph\":[{\"@type\":\"NewsArticle\",\"@id\":\"https:\/\/empresas.infoempleo.com\/hrtrends\/liderazgo-emocional\/#article\",\"isPartOf\":{\"@id\":\"https:\/\/empresas.infoempleo.com\/hrtrends\/liderazgo-emocional\/\"},\"author\":{\"name\":\"Juan Silva\",\"@id\":\"https:\/\/empresas.infoempleo.com\/hrtrends\/#\/schema\/person\/db421ee3257c4320b9bea812e2143547\"},\"headline\":\"Liderazgo emocional \u00bfc\u00f3mo conseguirlo?\",\"datePublished\":\"2017-07-11T11:16:34+00:00\",\"dateModified\":\"2024-08-29T15:49:40+00:00\",\"mainEntityOfPage\":{\"@id\":\"https:\/\/empresas.infoempleo.com\/hrtrends\/liderazgo-emocional\/\"},\"wordCount\":657,\"publisher\":{\"@id\":\"https:\/\/empresas.infoempleo.com\/hrtrends\/#organization\"},\"image\":{\"@id\":\"https:\/\/empresas.infoempleo.com\/hrtrends\/liderazgo-emocional\/#primaryimage\"},\"thumbnailUrl\":\"https:\/\/empresas.infoempleo.com\/hrtrends\/media\/2017\/07\/ThinkstockPhotos-602333204.jpg\",\"keywords\":[\"Inteligencia Emocional\",\"liderazgo\"],\"articleSection\":[\"Formaci\u00f3n\"],\"inLanguage\":\"es\",\"copyrightYear\":\"2017\",\"copyrightHolder\":{\"@id\":\"https:\/\/empresas.infoempleo.com\/hrtrends\/#organization\"}},{\"@type\":\"WebPage\",\"@id\":\"https:\/\/empresas.infoempleo.com\/hrtrends\/liderazgo-emocional\/\",\"url\":\"https:\/\/empresas.infoempleo.com\/hrtrends\/liderazgo-emocional\/\",\"name\":\"Liderazgo emocional \u00bfc\u00f3mo conseguirlo? | HRTRENDS\",\"isPartOf\":{\"@id\":\"https:\/\/empresas.infoempleo.com\/hrtrends\/#website\"},\"primaryImageOfPage\":{\"@id\":\"https:\/\/empresas.infoempleo.com\/hrtrends\/liderazgo-emocional\/#primaryimage\"},\"image\":{\"@id\":\"https:\/\/empresas.infoempleo.com\/hrtrends\/liderazgo-emocional\/#primaryimage\"},\"thumbnailUrl\":\"https:\/\/empresas.infoempleo.com\/hrtrends\/media\/2017\/07\/ThinkstockPhotos-602333204.jpg\",\"datePublished\":\"2017-07-11T11:16:34+00:00\",\"dateModified\":\"2024-08-29T15:49:40+00:00\",\"description\":\"La inteligencia emocional es uno de los aspectos claves para ser un buen l\u00edder y crecer en la empresa. Adem\u00e1s ayuda a crear nuevos estilos de management.\",\"breadcrumb\":{\"@id\":\"https:\/\/empresas.infoempleo.com\/hrtrends\/liderazgo-emocional\/#breadcrumb\"},\"inLanguage\":\"es\",\"potentialAction\":[{\"@type\":\"ReadAction\",\"target\":[\"https:\/\/empresas.infoempleo.com\/hrtrends\/liderazgo-emocional\/\"]}]},{\"@type\":\"ImageObject\",\"inLanguage\":\"es\",\"@id\":\"https:\/\/empresas.infoempleo.com\/hrtrends\/liderazgo-emocional\/#primaryimage\",\"url\":\"https:\/\/empresas.infoempleo.com\/hrtrends\/media\/2017\/07\/ThinkstockPhotos-602333204-150x150.jpg\",\"contentUrl\":\"https:\/\/empresas.infoempleo.com\/hrtrends\/media\/2017\/07\/ThinkstockPhotos-602333204-150x150.jpg\",\"width\":150,\"height\":150},{\"@type\":\"BreadcrumbList\",\"@id\":\"https:\/\/empresas.infoempleo.com\/hrtrends\/liderazgo-emocional\/#breadcrumb\",\"itemListElement\":[{\"@type\":\"ListItem\",\"position\":1,\"name\":\"Portada\",\"item\":\"https:\/\/empresas.infoempleo.com\/hrtrends\/\"},{\"@type\":\"ListItem\",\"position\":2,\"name\":\"Liderazgo emocional \u00bfc\u00f3mo conseguirlo?\"}]},{\"@type\":\"WebSite\",\"@id\":\"https:\/\/empresas.infoempleo.com\/hrtrends\/#website\",\"url\":\"https:\/\/empresas.infoempleo.com\/hrtrends\",\"name\":\"HRTrends by Infoempleo\",\"description\":\"\",\"publisher\":{\"@id\":\"https:\/\/empresas.infoempleo.com\/hrtrends\/#organization\"},\"potentialAction\":{\"@type\":\"SearchAction\",\"target\":\"https:\/\/empresas.infoempleo.com\/hrtrends\/?s={search_term_string}\",\"query-input\":\"required name=search_term_string\"},\"inLanguage\":\"es\"},{\"@type\":\"Organization\",\"@id\":\"https:\/\/empresas.infoempleo.com\/hrtrends\/#organization\",\"name\":\"Infoempleo\",\"url\":\"https:\/\/www.infoempleo.com\/\",\"logo\":{\"@type\":\"ImageObject\",\"@id\":\"https:\/\/empresas.infoempleo.com\/hrtrends\/#logo\",\"inLanguage\":\"es\",\"url\":\"https:\/\/cdnazure.infoempleo.com\/infoempleo\/assets\/style\/gfx\/logo.svg\",\"contentUrl\":\"https:\/\/cdnazure.infoempleo.com\/infoempleo\/assets\/style\/gfx\/logo.svg\",\"width\":150,\"height\":40,\"caption\":\"Infoempleo\"},\"image\":{\"@id\":\"https:\/\/empresas.infoempleo.com\/hrtrends\/#logo\"},\"sameAs\":[\"https:\/\/www.facebook.com\/Infoempleo\",\"https:\/\/x.com\/infoempleo\",\"http:\/\/instagram.com\/infoempleo\/\",\"http:\/\/www.linkedin.com\/groups\/Empleo-Espa\u00f1a-Infoempleocom-111276\",\"http:\/\/pinterest.com\/infoempleo\/\"],\"address\":{\"@type\":\"PostalAddress\",\"addressLocality\":\"Madrid\",\"postalCode\":\"28050\",\"streetAddress\":\"Avenida de Burgos 114\"},\"brand\":[\"Infoempleo\"]},{\"@type\":\"Person\",\"@id\":\"https:\/\/empresas.infoempleo.com\/hrtrends\/#\/schema\/person\/db421ee3257c4320b9bea812e2143547\",\"name\":\"Juan Silva\",\"image\":{\"@type\":\"ImageObject\",\"inLanguage\":\"es\",\"@id\":\"https:\/\/empresas.infoempleo.com\/hrtrends\/#\/schema\/person\/image\/\",\"url\":\"https:\/\/secure.gravatar.com\/avatar\/a3333b5e41c9340508a3d9c4d9433dfdb4dd6da6ac41d9e09833c5bf172321e1?s=96&d=mm&r=g\",\"contentUrl\":\"https:\/\/secure.gravatar.com\/avatar\/a3333b5e41c9340508a3d9c4d9433dfdb4dd6da6ac41d9e09833c5bf172321e1?s=96&d=mm&r=g\",\"caption\":\"Juan Silva\"},\"description\":\"Redactor, especializado en nuevas tecnolog\u00edas y la transformaci\u00f3n digital de las organizaciones.\",\"url\":\"https:\/\/empresas.infoempleo.com\/hrtrends\/author\/juan-silva\/\"}]}<\/script>\n<!-- \/ Yoast SEO plugin. -->","yoast_head_json":{"title":"Liderazgo emocional \u00bfc\u00f3mo conseguirlo? | HRTRENDS","description":"La inteligencia emocional es uno de los aspectos claves para ser un buen l\u00edder y crecer en la empresa. Adem\u00e1s ayuda a crear nuevos estilos de management.","robots":{"index":"index","follow":"follow","max-snippet":"max-snippet:-1","max-image-preview":"max-image-preview:large","max-video-preview":"max-video-preview:-1"},"canonical":"https:\/\/empresas.infoempleo.com\/hrtrends\/liderazgo-emocional\/","og_locale":"es_ES","og_type":"article","og_title":"Liderazgo emocional \u00bfc\u00f3mo conseguirlo? | HRTRENDS","og_description":"La inteligencia emocional es uno de los aspectos claves para ser un buen l\u00edder y crecer en la empresa. Adem\u00e1s ayuda a crear nuevos estilos de management.","og_url":"https:\/\/empresas.infoempleo.com\/hrtrends\/liderazgo-emocional\/","og_site_name":"HRTRENDS","article_publisher":"https:\/\/www.facebook.com\/Infoempleo","article_published_time":"2017-07-11T11:16:34+00:00","article_modified_time":"2024-08-29T15:49:40+00:00","og_image":[{"width":1023,"height":1024,"url":"https:\/\/empresas.infoempleo.com\/hrtrends\/media\/2017\/07\/ThinkstockPhotos-602333204.jpg","type":"image\/jpeg"}],"author":"Juan Silva","twitter_card":"summary_large_image","twitter_creator":"@infoempleo","twitter_site":"@infoempleo","twitter_misc":{"Escrito por":"Juan Silva","Tiempo de lectura":"3 minutos"},"schema":{"@context":"https:\/\/schema.org","@graph":[{"@type":"NewsArticle","@id":"https:\/\/empresas.infoempleo.com\/hrtrends\/liderazgo-emocional\/#article","isPartOf":{"@id":"https:\/\/empresas.infoempleo.com\/hrtrends\/liderazgo-emocional\/"},"author":{"name":"Juan Silva","@id":"https:\/\/empresas.infoempleo.com\/hrtrends\/#\/schema\/person\/db421ee3257c4320b9bea812e2143547"},"headline":"Liderazgo emocional \u00bfc\u00f3mo conseguirlo?","datePublished":"2017-07-11T11:16:34+00:00","dateModified":"2024-08-29T15:49:40+00:00","mainEntityOfPage":{"@id":"https:\/\/empresas.infoempleo.com\/hrtrends\/liderazgo-emocional\/"},"wordCount":657,"publisher":{"@id":"https:\/\/empresas.infoempleo.com\/hrtrends\/#organization"},"image":{"@id":"https:\/\/empresas.infoempleo.com\/hrtrends\/liderazgo-emocional\/#primaryimage"},"thumbnailUrl":"https:\/\/empresas.infoempleo.com\/hrtrends\/media\/2017\/07\/ThinkstockPhotos-602333204.jpg","keywords":["Inteligencia Emocional","liderazgo"],"articleSection":["Formaci\u00f3n"],"inLanguage":"es","copyrightYear":"2017","copyrightHolder":{"@id":"https:\/\/empresas.infoempleo.com\/hrtrends\/#organization"}},{"@type":"WebPage","@id":"https:\/\/empresas.infoempleo.com\/hrtrends\/liderazgo-emocional\/","url":"https:\/\/empresas.infoempleo.com\/hrtrends\/liderazgo-emocional\/","name":"Liderazgo emocional \u00bfc\u00f3mo conseguirlo? | HRTRENDS","isPartOf":{"@id":"https:\/\/empresas.infoempleo.com\/hrtrends\/#website"},"primaryImageOfPage":{"@id":"https:\/\/empresas.infoempleo.com\/hrtrends\/liderazgo-emocional\/#primaryimage"},"image":{"@id":"https:\/\/empresas.infoempleo.com\/hrtrends\/liderazgo-emocional\/#primaryimage"},"thumbnailUrl":"https:\/\/empresas.infoempleo.com\/hrtrends\/media\/2017\/07\/ThinkstockPhotos-602333204.jpg","datePublished":"2017-07-11T11:16:34+00:00","dateModified":"2024-08-29T15:49:40+00:00","description":"La inteligencia emocional es uno de los aspectos claves para ser un buen l\u00edder y crecer en la empresa. Adem\u00e1s ayuda a crear nuevos estilos de management.","breadcrumb":{"@id":"https:\/\/empresas.infoempleo.com\/hrtrends\/liderazgo-emocional\/#breadcrumb"},"inLanguage":"es","potentialAction":[{"@type":"ReadAction","target":["https:\/\/empresas.infoempleo.com\/hrtrends\/liderazgo-emocional\/"]}]},{"@type":"ImageObject","inLanguage":"es","@id":"https:\/\/empresas.infoempleo.com\/hrtrends\/liderazgo-emocional\/#primaryimage","url":"https:\/\/empresas.infoempleo.com\/hrtrends\/media\/2017\/07\/ThinkstockPhotos-602333204-150x150.jpg","contentUrl":"https:\/\/empresas.infoempleo.com\/hrtrends\/media\/2017\/07\/ThinkstockPhotos-602333204-150x150.jpg","width":150,"height":150},{"@type":"BreadcrumbList","@id":"https:\/\/empresas.infoempleo.com\/hrtrends\/liderazgo-emocional\/#breadcrumb","itemListElement":[{"@type":"ListItem","position":1,"name":"Portada","item":"https:\/\/empresas.infoempleo.com\/hrtrends\/"},{"@type":"ListItem","position":2,"name":"Liderazgo emocional \u00bfc\u00f3mo conseguirlo?"}]},{"@type":"WebSite","@id":"https:\/\/empresas.infoempleo.com\/hrtrends\/#website","url":"https:\/\/empresas.infoempleo.com\/hrtrends","name":"HRTrends by Infoempleo","description":"","publisher":{"@id":"https:\/\/empresas.infoempleo.com\/hrtrends\/#organization"},"potentialAction":{"@type":"SearchAction","target":"https:\/\/empresas.infoempleo.com\/hrtrends\/?s={search_term_string}","query-input":"required name=search_term_string"},"inLanguage":"es"},{"@type":"Organization","@id":"https:\/\/empresas.infoempleo.com\/hrtrends\/#organization","name":"Infoempleo","url":"https:\/\/www.infoempleo.com\/","logo":{"@type":"ImageObject","@id":"https:\/\/empresas.infoempleo.com\/hrtrends\/#logo","inLanguage":"es","url":"https:\/\/cdnazure.infoempleo.com\/infoempleo\/assets\/style\/gfx\/logo.svg","contentUrl":"https:\/\/cdnazure.infoempleo.com\/infoempleo\/assets\/style\/gfx\/logo.svg","width":150,"height":40,"caption":"Infoempleo"},"image":{"@id":"https:\/\/empresas.infoempleo.com\/hrtrends\/#logo"},"sameAs":["https:\/\/www.facebook.com\/Infoempleo","https:\/\/x.com\/infoempleo","http:\/\/instagram.com\/infoempleo\/","http:\/\/www.linkedin.com\/groups\/Empleo-Espa\u00f1a-Infoempleocom-111276","http:\/\/pinterest.com\/infoempleo\/"],"address":{"@type":"PostalAddress","addressLocality":"Madrid","postalCode":"28050","streetAddress":"Avenida de Burgos 114"},"brand":["Infoempleo"]},{"@type":"Person","@id":"https:\/\/empresas.infoempleo.com\/hrtrends\/#\/schema\/person\/db421ee3257c4320b9bea812e2143547","name":"Juan Silva","image":{"@type":"ImageObject","inLanguage":"es","@id":"https:\/\/empresas.infoempleo.com\/hrtrends\/#\/schema\/person\/image\/","url":"https:\/\/secure.gravatar.com\/avatar\/a3333b5e41c9340508a3d9c4d9433dfdb4dd6da6ac41d9e09833c5bf172321e1?s=96&d=mm&r=g","contentUrl":"https:\/\/secure.gravatar.com\/avatar\/a3333b5e41c9340508a3d9c4d9433dfdb4dd6da6ac41d9e09833c5bf172321e1?s=96&d=mm&r=g","caption":"Juan Silva"},"description":"Redactor, especializado en nuevas tecnolog\u00edas y la transformaci\u00f3n digital de las organizaciones.","url":"https:\/\/empresas.infoempleo.com\/hrtrends\/author\/juan-silva\/"}]}},"amp_enabled":true,"_links":{"self":[{"href":"https:\/\/empresas.infoempleo.com\/hrtrends\/wp-json\/wp\/v2\/posts\/30883","targetHints":{"allow":["GET"]}}],"collection":[{"href":"https:\/\/empresas.infoempleo.com\/hrtrends\/wp-json\/wp\/v2\/posts"}],"about":[{"href":"https:\/\/empresas.infoempleo.com\/hrtrends\/wp-json\/wp\/v2\/types\/post"}],"author":[{"embeddable":true,"href":"https:\/\/empresas.infoempleo.com\/hrtrends\/wp-json\/wp\/v2\/users\/94"}],"replies":[{"embeddable":true,"href":"https:\/\/empresas.infoempleo.com\/hrtrends\/wp-json\/wp\/v2\/comments?post=30883"}],"version-history":[{"count":1,"href":"https:\/\/empresas.infoempleo.com\/hrtrends\/wp-json\/wp\/v2\/posts\/30883\/revisions"}],"predecessor-version":[{"id":45384,"href":"https:\/\/empresas.infoempleo.com\/hrtrends\/wp-json\/wp\/v2\/posts\/30883\/revisions\/45384"}],"wp:featuredmedia":[{"embeddable":true,"href":"https:\/\/empresas.infoempleo.com\/hrtrends\/wp-json\/wp\/v2\/media\/30891"}],"wp:attachment":[{"href":"https:\/\/empresas.infoempleo.com\/hrtrends\/wp-json\/wp\/v2\/media?parent=30883"}],"wp:term":[{"taxonomy":"category","embeddable":true,"href":"https:\/\/empresas.infoempleo.com\/hrtrends\/wp-json\/wp\/v2\/categories?post=30883"},{"taxonomy":"post_tag","embeddable":true,"href":"https:\/\/empresas.infoempleo.com\/hrtrends\/wp-json\/wp\/v2\/tags?post=30883"}],"curies":[{"name":"wp","href":"https:\/\/api.w.org\/{rel}","templated":true}]}}