{"id":30768,"date":"2017-07-03T09:38:33","date_gmt":"2017-07-03T07:38:33","guid":{"rendered":"https:\/\/empresas.infoempleo.com\/hrtrends\/?p=30768"},"modified":"2023-03-13T19:14:11","modified_gmt":"2023-03-13T17:14:11","slug":"definir-objetivos-aumentar-productividad","status":"publish","type":"post","link":"https:\/\/empresas.infoempleo.com\/hrtrends\/definir-objetivos-aumentar-productividad\/","title":{"rendered":"Definir objetivos para aumentar la productividad de tu empresa"},"content":{"rendered":"<p><span style=\"font-weight: 400\">Trabajar por objetivos implica marcar unas metas para cumplir y desarrollar un m\u00e9todo de trabajo que facilite su consecuci\u00f3n. M\u00e1s all\u00e1 de la evidente motivaci\u00f3n que incita entre los empleados, es una concepci\u00f3n de trabajo con una gran cantidad de beneficios.<\/span><\/p>\n<p><span style=\"font-weight: 400\">Actualmente, <\/span><span style=\"font-weight: 400\">priorizar objetivos antes que horarios <\/span><span style=\"font-weight: 400\">es comprender la realidad laboral del momento. Guiar a los trabajadores para cumplir objetivos supone una delegaci\u00f3n clara de responsabilidad que se asume y una mayor productividad.<\/span><\/p>\n<p><span style=\"font-weight: 400\">Por lo contrario, <\/span><span style=\"font-weight: 400\">obligar por<a href=\"http:\/\/blog.infoempleo.com\/a\/jornada-laboral-en-espana-tenemos-horarios-racionales\/?utm_source=post&amp;utm_campaign=hrtrends&amp;utm_medium=blogempresas&amp;utm_content=contenido\"> horario<\/a><\/span><span style=\"font-weight: 400\"> puede acabar siendo contraproducente a nivel personal y competitividad de la empresa. Aquellas empresas que no sepan adaptarse, al final estar\u00e1n construidas en base a un modelo anticuado.<\/span><\/p>\n<p><span style=\"font-weight: 400\"><img loading=\"lazy\" decoding=\"async\" class=\"alignnone size-full wp-image-30769\" src=\"https:\/\/empresas.infoempleo.com\/hrtrends\/media\/2017\/07\/Definir-objetivos-para-aumentar-la-productividad-de-tu-empresa-2-e1499066840280.jpg\" alt=\"\" width=\"600\" height=\"400\" srcset=\"https:\/\/empresas.infoempleo.com\/hrtrends\/media\/2017\/07\/Definir-objetivos-para-aumentar-la-productividad-de-tu-empresa-2-e1499066840280.jpg 600w, https:\/\/empresas.infoempleo.com\/hrtrends\/media\/2017\/07\/Definir-objetivos-para-aumentar-la-productividad-de-tu-empresa-2-e1499066840280-300x200.jpg 300w\" sizes=\"auto, (max-width: 600px) 100vw, 600px\" \/><\/span><\/p>\n<h3><b>Ventajas de tener objetivos en un trabajo<\/b><\/h3>\n<p><span style=\"font-weight: 400\">La raz\u00f3n de ser de los objetivos en s\u00ed ya es ventajosa. Definir claramente hacia donde se tiene que trabajar clarifica las funciones de un puesto de trabajo y prioriza las tareas a realizar a nivel general.<\/span><\/p>\n<p><span style=\"font-weight: 400\">Cuando un trabajador ya sabe qu\u00e9 tiene que hacer y con qu\u00e9 finalidad, se crea una situaci\u00f3n en la que est\u00e1 m\u00e1s responsabilizado de sus resultados de trabajo, los cuales puede ver en tiempo real. Para la empresa tambi\u00e9n supone poder medir los resultados a nivel general adem\u00e1s de descubrir m\u00e1s sobre sus trabajadores, su productividad, su eficiencia y su talento.<\/span><\/p>\n<h3><b>\u00bfQu\u00e9 debemos tener en cuenta a la hora de definir los objetivos?<\/b><\/h3>\n<p><span style=\"font-weight: 400\">Establecer l\u00edmites a ciegas puede repercutir en la empresa m\u00e1s que ayudarla. Hay que definir concretamente los objetivos laborales, sin perder de vista los objetivos espec\u00edficos de una empresa. Sin embargo, es vital tener consciencia que trabajamos con personas y no m\u00e1quinas, por lo que estos objetivos deben adaptarse tambi\u00e9n a ellos.<\/span><\/p>\n<p><span style=\"font-weight: 400\">\u00bfC\u00f3mo lo hacemos? A continuaci\u00f3n, dejamos algunos consejos para facilitar la estructuraci\u00f3n a la hora de imponer el trabajo por objetivos.<\/span><\/p>\n<ul>\n<li><b>Objetivos manejables<br \/>\n<\/b><span style=\"font-weight: 400\"><span style=\"font-weight: 400\">Hay que ser realistas, no podemos pedir m\u00e1s a un trabajador de lo que puede dar. Si le faltan recursos u horas materiales, no podemos insistir en objetivos idealistas, sino que tenemos que asegurarnos que el empleado tenga la sensaci\u00f3n de tener el control sobre ellos.<\/span><\/span><\/li>\n<\/ul>\n<ul>\n<li><b>Definir Metas espec\u00edficas<br \/>\n<\/b><span style=\"font-weight: 400\"><span style=\"font-weight: 400\"><span style=\"font-weight: 400\">Aquellos objetivos generales de la empresa ya deber\u00edan transmitirse junto a los valores. Cuando se trata de metas dirigidas al empleado directamente, es necesario que sean concisos. Resulta m\u00e1s complicado, pero de igual importancia, cuando se trata de trabajos con resultados no cuantificables. Es el momento en el que, como empresa, hay que ser creativo para establecer metas viables y reales para orientar a la plantilla.<\/span><\/span><\/span><\/li>\n<\/ul>\n<ul>\n<li><b>Timing<br \/>\n<\/b><span style=\"font-weight: 400\">No solo el qu\u00e9 debe de precisarse. El cu\u00e1ndo es igual de relevante. Delimitar el tiempo, ya sea de d\u00eda, semana o mes, es imprescindible para llevar un control y para que el empleado vea que est\u00e1 llegando a la meta claramente. Hay que definir grandes y peque\u00f1as metas a largo y corto plazo, pero con un claro plan de ejecuci\u00f3n.<\/span><\/li>\n<\/ul>\n","protected":false},"excerpt":{"rendered":"<p>Trabajar por objetivos implica marcar unas metas para cumplir y desarrollar un m\u00e9todo de trabajo que facilite su<a class=\"moretag\" href=\"https:\/\/empresas.infoempleo.com\/hrtrends\/definir-objetivos-aumentar-productividad\/\"> Leer m\u00e1s<\/a><\/p>\n","protected":false},"author":93,"featured_media":30771,"comment_status":"closed","ping_status":"open","sticky":false,"template":"","format":"standard","meta":{"footnotes":""},"categories":[3035],"tags":[],"class_list":["post-30768","post","type-post","status-publish","format-standard","has-post-thumbnail","hentry","category-consejos"],"yoast_head":"<!-- This site is optimized with the Yoast SEO plugin v26.1.1 - https:\/\/yoast.com\/wordpress\/plugins\/seo\/ -->\n<title>Definir objetivos para aumentar la productividad | HR TRENDS<\/title>\n<meta name=\"description\" content=\"Trabajar por objetivos implica marcar unas metas para cumplir y desarrollar un m\u00e9todo de trabajo que facilite su consecuci\u00f3n.\" \/>\n<meta name=\"robots\" content=\"index, follow, max-snippet:-1, max-image-preview:large, max-video-preview:-1\" \/>\n<link rel=\"canonical\" href=\"https:\/\/empresas.infoempleo.com\/hrtrends\/definir-objetivos-aumentar-productividad\/\" \/>\n<meta property=\"og:locale\" content=\"es_ES\" \/>\n<meta property=\"og:type\" content=\"article\" \/>\n<meta property=\"og:title\" content=\"Definir objetivos para aumentar la productividad | HR TRENDS\" \/>\n<meta property=\"og:description\" content=\"Trabajar por objetivos implica marcar unas metas para cumplir y desarrollar un m\u00e9todo de trabajo que facilite su consecuci\u00f3n.\" \/>\n<meta property=\"og:url\" content=\"https:\/\/empresas.infoempleo.com\/hrtrends\/definir-objetivos-aumentar-productividad\/\" \/>\n<meta property=\"og:site_name\" content=\"HRTRENDS\" \/>\n<meta property=\"article:publisher\" content=\"https:\/\/www.facebook.com\/Infoempleo\" \/>\n<meta property=\"article:published_time\" content=\"2017-07-03T07:38:33+00:00\" \/>\n<meta property=\"article:modified_time\" content=\"2023-03-13T17:14:11+00:00\" \/>\n<meta property=\"og:image\" content=\"https:\/\/empresas.infoempleo.com\/hrtrends\/media\/2017\/07\/Definir-objetivos-para-aumentar-la-productividad-de-tu-empresa-2-1-e1499066937818.jpg\" \/>\n\t<meta property=\"og:image:width\" content=\"600\" \/>\n\t<meta property=\"og:image:height\" content=\"400\" \/>\n\t<meta property=\"og:image:type\" content=\"image\/jpeg\" \/>\n<meta name=\"author\" content=\"Laura Soler\" \/>\n<meta name=\"twitter:card\" content=\"summary_large_image\" \/>\n<meta name=\"twitter:creator\" content=\"@infoempleo\" \/>\n<meta name=\"twitter:site\" content=\"@infoempleo\" \/>\n<meta name=\"twitter:label1\" content=\"Escrito por\" \/>\n\t<meta name=\"twitter:data1\" content=\"Laura Soler\" \/>\n\t<meta name=\"twitter:label2\" content=\"Tiempo de lectura\" \/>\n\t<meta name=\"twitter:data2\" content=\"3 minutos\" \/>\n<script type=\"application\/ld+json\" class=\"yoast-schema-graph\">{\"@context\":\"https:\/\/schema.org\",\"@graph\":[{\"@type\":\"NewsArticle\",\"@id\":\"https:\/\/empresas.infoempleo.com\/hrtrends\/definir-objetivos-aumentar-productividad\/#article\",\"isPartOf\":{\"@id\":\"https:\/\/empresas.infoempleo.com\/hrtrends\/definir-objetivos-aumentar-productividad\/\"},\"author\":{\"name\":\"Laura Soler\",\"@id\":\"https:\/\/empresas.infoempleo.com\/hrtrends\/#\/schema\/person\/a87831bdb31f0ef865cda025cfa8363d\"},\"headline\":\"Definir objetivos para aumentar la productividad de tu empresa\",\"datePublished\":\"2017-07-03T07:38:33+00:00\",\"dateModified\":\"2023-03-13T17:14:11+00:00\",\"mainEntityOfPage\":{\"@id\":\"https:\/\/empresas.infoempleo.com\/hrtrends\/definir-objetivos-aumentar-productividad\/\"},\"wordCount\":516,\"publisher\":{\"@id\":\"https:\/\/empresas.infoempleo.com\/hrtrends\/#organization\"},\"image\":{\"@id\":\"https:\/\/empresas.infoempleo.com\/hrtrends\/definir-objetivos-aumentar-productividad\/#primaryimage\"},\"thumbnailUrl\":\"https:\/\/empresas.infoempleo.com\/hrtrends\/media\/2017\/07\/Definir-objetivos-para-aumentar-la-productividad-de-tu-empresa-2-1-e1499066937818.jpg\",\"articleSection\":[\"Consejos\"],\"inLanguage\":\"es\",\"copyrightYear\":\"2017\",\"copyrightHolder\":{\"@id\":\"https:\/\/empresas.infoempleo.com\/hrtrends\/#organization\"}},{\"@type\":\"WebPage\",\"@id\":\"https:\/\/empresas.infoempleo.com\/hrtrends\/definir-objetivos-aumentar-productividad\/\",\"url\":\"https:\/\/empresas.infoempleo.com\/hrtrends\/definir-objetivos-aumentar-productividad\/\",\"name\":\"Definir objetivos para aumentar la productividad | HR TRENDS\",\"isPartOf\":{\"@id\":\"https:\/\/empresas.infoempleo.com\/hrtrends\/#website\"},\"primaryImageOfPage\":{\"@id\":\"https:\/\/empresas.infoempleo.com\/hrtrends\/definir-objetivos-aumentar-productividad\/#primaryimage\"},\"image\":{\"@id\":\"https:\/\/empresas.infoempleo.com\/hrtrends\/definir-objetivos-aumentar-productividad\/#primaryimage\"},\"thumbnailUrl\":\"https:\/\/empresas.infoempleo.com\/hrtrends\/media\/2017\/07\/Definir-objetivos-para-aumentar-la-productividad-de-tu-empresa-2-1-e1499066937818.jpg\",\"datePublished\":\"2017-07-03T07:38:33+00:00\",\"dateModified\":\"2023-03-13T17:14:11+00:00\",\"description\":\"Trabajar por objetivos implica marcar unas metas para cumplir y desarrollar un m\u00e9todo de trabajo que facilite su consecuci\u00f3n.\",\"breadcrumb\":{\"@id\":\"https:\/\/empresas.infoempleo.com\/hrtrends\/definir-objetivos-aumentar-productividad\/#breadcrumb\"},\"inLanguage\":\"es\",\"potentialAction\":[{\"@type\":\"ReadAction\",\"target\":[\"https:\/\/empresas.infoempleo.com\/hrtrends\/definir-objetivos-aumentar-productividad\/\"]}]},{\"@type\":\"ImageObject\",\"inLanguage\":\"es\",\"@id\":\"https:\/\/empresas.infoempleo.com\/hrtrends\/definir-objetivos-aumentar-productividad\/#primaryimage\",\"url\":\"https:\/\/empresas.infoempleo.com\/hrtrends\/media\/2017\/07\/Definir-objetivos-para-aumentar-la-productividad-de-tu-empresa-2-1-e1499066937818-150x150.jpg\",\"contentUrl\":\"https:\/\/empresas.infoempleo.com\/hrtrends\/media\/2017\/07\/Definir-objetivos-para-aumentar-la-productividad-de-tu-empresa-2-1-e1499066937818-150x150.jpg\",\"width\":150,\"height\":150},{\"@type\":\"BreadcrumbList\",\"@id\":\"https:\/\/empresas.infoempleo.com\/hrtrends\/definir-objetivos-aumentar-productividad\/#breadcrumb\",\"itemListElement\":[{\"@type\":\"ListItem\",\"position\":1,\"name\":\"Portada\",\"item\":\"https:\/\/empresas.infoempleo.com\/hrtrends\/\"},{\"@type\":\"ListItem\",\"position\":2,\"name\":\"Definir objetivos para aumentar la productividad de tu empresa\"}]},{\"@type\":\"WebSite\",\"@id\":\"https:\/\/empresas.infoempleo.com\/hrtrends\/#website\",\"url\":\"https:\/\/empresas.infoempleo.com\/hrtrends\",\"name\":\"HRTrends by Infoempleo\",\"description\":\"\",\"publisher\":{\"@id\":\"https:\/\/empresas.infoempleo.com\/hrtrends\/#organization\"},\"potentialAction\":{\"@type\":\"SearchAction\",\"target\":\"https:\/\/empresas.infoempleo.com\/hrtrends\/?s={search_term_string}\",\"query-input\":\"required name=search_term_string\"},\"inLanguage\":\"es\"},{\"@type\":\"Organization\",\"@id\":\"https:\/\/empresas.infoempleo.com\/hrtrends\/#organization\",\"name\":\"Infoempleo\",\"url\":\"https:\/\/www.infoempleo.com\/\",\"logo\":{\"@type\":\"ImageObject\",\"@id\":\"https:\/\/empresas.infoempleo.com\/hrtrends\/#logo\",\"inLanguage\":\"es\",\"url\":\"https:\/\/cdnazure.infoempleo.com\/infoempleo\/assets\/style\/gfx\/logo.svg\",\"contentUrl\":\"https:\/\/cdnazure.infoempleo.com\/infoempleo\/assets\/style\/gfx\/logo.svg\",\"width\":150,\"height\":40,\"caption\":\"Infoempleo\"},\"image\":{\"@id\":\"https:\/\/empresas.infoempleo.com\/hrtrends\/#logo\"},\"sameAs\":[\"https:\/\/www.facebook.com\/Infoempleo\",\"https:\/\/x.com\/infoempleo\",\"http:\/\/instagram.com\/infoempleo\/\",\"http:\/\/www.linkedin.com\/groups\/Empleo-Espa\u00f1a-Infoempleocom-111276\",\"http:\/\/pinterest.com\/infoempleo\/\"],\"address\":{\"@type\":\"PostalAddress\",\"addressLocality\":\"Madrid\",\"postalCode\":\"28050\",\"streetAddress\":\"Avenida de Burgos 114\"},\"brand\":[\"Infoempleo\"]},{\"@type\":\"Person\",\"@id\":\"https:\/\/empresas.infoempleo.com\/hrtrends\/#\/schema\/person\/a87831bdb31f0ef865cda025cfa8363d\",\"name\":\"Laura Soler\",\"image\":{\"@type\":\"ImageObject\",\"inLanguage\":\"es\",\"@id\":\"https:\/\/empresas.infoempleo.com\/hrtrends\/#\/schema\/person\/image\/\",\"url\":\"https:\/\/secure.gravatar.com\/avatar\/a849b9e29c141525eaf83f6f13a6c1442db43088835ada5a24322f59598e8fb5?s=96&d=mm&r=g\",\"contentUrl\":\"https:\/\/secure.gravatar.com\/avatar\/a849b9e29c141525eaf83f6f13a6c1442db43088835ada5a24322f59598e8fb5?s=96&d=mm&r=g\",\"caption\":\"Laura Soler\"},\"description\":\"Redactora, estudiante de m\u00e1ster en Relaciones Laborales y apasionada del coaching empresarial.\",\"url\":\"https:\/\/empresas.infoempleo.com\/hrtrends\/author\/laura-soler\/\"}]}<\/script>\n<!-- \/ Yoast SEO plugin. -->","yoast_head_json":{"title":"Definir objetivos para aumentar la productividad | HR TRENDS","description":"Trabajar por objetivos implica marcar unas metas para cumplir y desarrollar un m\u00e9todo de trabajo que facilite su consecuci\u00f3n.","robots":{"index":"index","follow":"follow","max-snippet":"max-snippet:-1","max-image-preview":"max-image-preview:large","max-video-preview":"max-video-preview:-1"},"canonical":"https:\/\/empresas.infoempleo.com\/hrtrends\/definir-objetivos-aumentar-productividad\/","og_locale":"es_ES","og_type":"article","og_title":"Definir objetivos para aumentar la productividad | HR TRENDS","og_description":"Trabajar por objetivos implica marcar unas metas para cumplir y desarrollar un m\u00e9todo de trabajo que facilite su consecuci\u00f3n.","og_url":"https:\/\/empresas.infoempleo.com\/hrtrends\/definir-objetivos-aumentar-productividad\/","og_site_name":"HRTRENDS","article_publisher":"https:\/\/www.facebook.com\/Infoempleo","article_published_time":"2017-07-03T07:38:33+00:00","article_modified_time":"2023-03-13T17:14:11+00:00","og_image":[{"width":600,"height":400,"url":"https:\/\/empresas.infoempleo.com\/hrtrends\/media\/2017\/07\/Definir-objetivos-para-aumentar-la-productividad-de-tu-empresa-2-1-e1499066937818.jpg","type":"image\/jpeg"}],"author":"Laura Soler","twitter_card":"summary_large_image","twitter_creator":"@infoempleo","twitter_site":"@infoempleo","twitter_misc":{"Escrito por":"Laura Soler","Tiempo de lectura":"3 minutos"},"schema":{"@context":"https:\/\/schema.org","@graph":[{"@type":"NewsArticle","@id":"https:\/\/empresas.infoempleo.com\/hrtrends\/definir-objetivos-aumentar-productividad\/#article","isPartOf":{"@id":"https:\/\/empresas.infoempleo.com\/hrtrends\/definir-objetivos-aumentar-productividad\/"},"author":{"name":"Laura Soler","@id":"https:\/\/empresas.infoempleo.com\/hrtrends\/#\/schema\/person\/a87831bdb31f0ef865cda025cfa8363d"},"headline":"Definir objetivos para aumentar la productividad de tu empresa","datePublished":"2017-07-03T07:38:33+00:00","dateModified":"2023-03-13T17:14:11+00:00","mainEntityOfPage":{"@id":"https:\/\/empresas.infoempleo.com\/hrtrends\/definir-objetivos-aumentar-productividad\/"},"wordCount":516,"publisher":{"@id":"https:\/\/empresas.infoempleo.com\/hrtrends\/#organization"},"image":{"@id":"https:\/\/empresas.infoempleo.com\/hrtrends\/definir-objetivos-aumentar-productividad\/#primaryimage"},"thumbnailUrl":"https:\/\/empresas.infoempleo.com\/hrtrends\/media\/2017\/07\/Definir-objetivos-para-aumentar-la-productividad-de-tu-empresa-2-1-e1499066937818.jpg","articleSection":["Consejos"],"inLanguage":"es","copyrightYear":"2017","copyrightHolder":{"@id":"https:\/\/empresas.infoempleo.com\/hrtrends\/#organization"}},{"@type":"WebPage","@id":"https:\/\/empresas.infoempleo.com\/hrtrends\/definir-objetivos-aumentar-productividad\/","url":"https:\/\/empresas.infoempleo.com\/hrtrends\/definir-objetivos-aumentar-productividad\/","name":"Definir objetivos para aumentar la productividad | HR TRENDS","isPartOf":{"@id":"https:\/\/empresas.infoempleo.com\/hrtrends\/#website"},"primaryImageOfPage":{"@id":"https:\/\/empresas.infoempleo.com\/hrtrends\/definir-objetivos-aumentar-productividad\/#primaryimage"},"image":{"@id":"https:\/\/empresas.infoempleo.com\/hrtrends\/definir-objetivos-aumentar-productividad\/#primaryimage"},"thumbnailUrl":"https:\/\/empresas.infoempleo.com\/hrtrends\/media\/2017\/07\/Definir-objetivos-para-aumentar-la-productividad-de-tu-empresa-2-1-e1499066937818.jpg","datePublished":"2017-07-03T07:38:33+00:00","dateModified":"2023-03-13T17:14:11+00:00","description":"Trabajar por objetivos implica marcar unas metas para cumplir y desarrollar un m\u00e9todo de trabajo que facilite su consecuci\u00f3n.","breadcrumb":{"@id":"https:\/\/empresas.infoempleo.com\/hrtrends\/definir-objetivos-aumentar-productividad\/#breadcrumb"},"inLanguage":"es","potentialAction":[{"@type":"ReadAction","target":["https:\/\/empresas.infoempleo.com\/hrtrends\/definir-objetivos-aumentar-productividad\/"]}]},{"@type":"ImageObject","inLanguage":"es","@id":"https:\/\/empresas.infoempleo.com\/hrtrends\/definir-objetivos-aumentar-productividad\/#primaryimage","url":"https:\/\/empresas.infoempleo.com\/hrtrends\/media\/2017\/07\/Definir-objetivos-para-aumentar-la-productividad-de-tu-empresa-2-1-e1499066937818-150x150.jpg","contentUrl":"https:\/\/empresas.infoempleo.com\/hrtrends\/media\/2017\/07\/Definir-objetivos-para-aumentar-la-productividad-de-tu-empresa-2-1-e1499066937818-150x150.jpg","width":150,"height":150},{"@type":"BreadcrumbList","@id":"https:\/\/empresas.infoempleo.com\/hrtrends\/definir-objetivos-aumentar-productividad\/#breadcrumb","itemListElement":[{"@type":"ListItem","position":1,"name":"Portada","item":"https:\/\/empresas.infoempleo.com\/hrtrends\/"},{"@type":"ListItem","position":2,"name":"Definir objetivos para aumentar la productividad de tu empresa"}]},{"@type":"WebSite","@id":"https:\/\/empresas.infoempleo.com\/hrtrends\/#website","url":"https:\/\/empresas.infoempleo.com\/hrtrends","name":"HRTrends by Infoempleo","description":"","publisher":{"@id":"https:\/\/empresas.infoempleo.com\/hrtrends\/#organization"},"potentialAction":{"@type":"SearchAction","target":"https:\/\/empresas.infoempleo.com\/hrtrends\/?s={search_term_string}","query-input":"required name=search_term_string"},"inLanguage":"es"},{"@type":"Organization","@id":"https:\/\/empresas.infoempleo.com\/hrtrends\/#organization","name":"Infoempleo","url":"https:\/\/www.infoempleo.com\/","logo":{"@type":"ImageObject","@id":"https:\/\/empresas.infoempleo.com\/hrtrends\/#logo","inLanguage":"es","url":"https:\/\/cdnazure.infoempleo.com\/infoempleo\/assets\/style\/gfx\/logo.svg","contentUrl":"https:\/\/cdnazure.infoempleo.com\/infoempleo\/assets\/style\/gfx\/logo.svg","width":150,"height":40,"caption":"Infoempleo"},"image":{"@id":"https:\/\/empresas.infoempleo.com\/hrtrends\/#logo"},"sameAs":["https:\/\/www.facebook.com\/Infoempleo","https:\/\/x.com\/infoempleo","http:\/\/instagram.com\/infoempleo\/","http:\/\/www.linkedin.com\/groups\/Empleo-Espa\u00f1a-Infoempleocom-111276","http:\/\/pinterest.com\/infoempleo\/"],"address":{"@type":"PostalAddress","addressLocality":"Madrid","postalCode":"28050","streetAddress":"Avenida de Burgos 114"},"brand":["Infoempleo"]},{"@type":"Person","@id":"https:\/\/empresas.infoempleo.com\/hrtrends\/#\/schema\/person\/a87831bdb31f0ef865cda025cfa8363d","name":"Laura Soler","image":{"@type":"ImageObject","inLanguage":"es","@id":"https:\/\/empresas.infoempleo.com\/hrtrends\/#\/schema\/person\/image\/","url":"https:\/\/secure.gravatar.com\/avatar\/a849b9e29c141525eaf83f6f13a6c1442db43088835ada5a24322f59598e8fb5?s=96&d=mm&r=g","contentUrl":"https:\/\/secure.gravatar.com\/avatar\/a849b9e29c141525eaf83f6f13a6c1442db43088835ada5a24322f59598e8fb5?s=96&d=mm&r=g","caption":"Laura Soler"},"description":"Redactora, estudiante de m\u00e1ster en Relaciones Laborales y apasionada del coaching empresarial.","url":"https:\/\/empresas.infoempleo.com\/hrtrends\/author\/laura-soler\/"}]}},"amp_enabled":true,"_links":{"self":[{"href":"https:\/\/empresas.infoempleo.com\/hrtrends\/wp-json\/wp\/v2\/posts\/30768","targetHints":{"allow":["GET"]}}],"collection":[{"href":"https:\/\/empresas.infoempleo.com\/hrtrends\/wp-json\/wp\/v2\/posts"}],"about":[{"href":"https:\/\/empresas.infoempleo.com\/hrtrends\/wp-json\/wp\/v2\/types\/post"}],"author":[{"embeddable":true,"href":"https:\/\/empresas.infoempleo.com\/hrtrends\/wp-json\/wp\/v2\/users\/93"}],"replies":[{"embeddable":true,"href":"https:\/\/empresas.infoempleo.com\/hrtrends\/wp-json\/wp\/v2\/comments?post=30768"}],"version-history":[{"count":1,"href":"https:\/\/empresas.infoempleo.com\/hrtrends\/wp-json\/wp\/v2\/posts\/30768\/revisions"}],"predecessor-version":[{"id":42863,"href":"https:\/\/empresas.infoempleo.com\/hrtrends\/wp-json\/wp\/v2\/posts\/30768\/revisions\/42863"}],"wp:featuredmedia":[{"embeddable":true,"href":"https:\/\/empresas.infoempleo.com\/hrtrends\/wp-json\/wp\/v2\/media\/30771"}],"wp:attachment":[{"href":"https:\/\/empresas.infoempleo.com\/hrtrends\/wp-json\/wp\/v2\/media?parent=30768"}],"wp:term":[{"taxonomy":"category","embeddable":true,"href":"https:\/\/empresas.infoempleo.com\/hrtrends\/wp-json\/wp\/v2\/categories?post=30768"},{"taxonomy":"post_tag","embeddable":true,"href":"https:\/\/empresas.infoempleo.com\/hrtrends\/wp-json\/wp\/v2\/tags?post=30768"}],"curies":[{"name":"wp","href":"https:\/\/api.w.org\/{rel}","templated":true}]}}