{"id":30642,"date":"2017-06-28T08:30:53","date_gmt":"2017-06-28T06:30:53","guid":{"rendered":"https:\/\/empresas.infoempleo.com\/hrtrends\/?p=30642"},"modified":"2022-12-14T15:40:34","modified_gmt":"2022-12-14T13:40:34","slug":"babyboomers-digital-natives-estuviera-la-ecuacion-perfecta-las-empresas","status":"publish","type":"post","link":"https:\/\/empresas.infoempleo.com\/hrtrends\/babyboomers-digital-natives-estuviera-la-ecuacion-perfecta-las-empresas\/","title":{"rendered":"Babyboomers + Digital natives: \u00bf Y si estuviera la ecuaci\u00f3n perfecta en las empresas?"},"content":{"rendered":"<p>\u00bfY si cambi\u00e1ramos el enfoque? \u00a0\u00bfSi rompi\u00e9ramos el mito? \u00bfY si mir\u00e1ramos m\u00e1s all\u00e1 de los estereotipos de las <a href=\"https:\/\/empresas.infoempleo.com\/hrtrends\/como-gestionar-una-oficina-con-empleados-de-distintas-generaciones\">generaciones en empresas<\/a>?<\/p>\n<p>\u00a1Basta ya con los conflictos intergeneracionales!<br \/>\nPor supuesto personas de <a href=\"https:\/\/empresas.infoempleo.com\/hrtrends\/la-integracion-multigeneracional-trabajo\/\">diferentes generaciones<\/a> tienen diferencias y necesitan algunos ajustes para convivir bien, pero ahora en la mayor\u00eda de las empresas coexisten los babyboomers (nacidos entre 1945-1960) y \u00a0los digital natives (nacidos despu\u00e9s de los a\u00f1os 80) &#8211; y podemos ir m\u00e1s all\u00e1 hablando de la generaci\u00f3n X o Y o Z .<\/p>\n<p>Lo importante es : c\u00f3mo sacar lo mejor partido de estas generaciones para que crezcan juntas, aporten cada una a la otra y generen juntos talento, rendimiento y satisfacci\u00f3n laboral.<\/p>\n<h2><strong>No conflictos sino falta de comprensi\u00f3n<\/strong><\/h2>\n<p>Todos los directivos de recursos humanos y \u00a0managers en alg\u00fan momento han afrontado una situaci\u00f3n delicada \u201cintergeneracional\u201d: \u00bf C\u00f3mo hacer trabajar sobre un mismo proyecto a una persona con experiencia, que lleva muchos a\u00f1os en la empresa, con un joven reci\u00e9n llegado, reci\u00e9n salido de la Universidad? \u00bf C\u00f3mo fomentar un esp\u00edritu de equipo con colaboradores de varias generaciones ? \u00bf C\u00f3mo hacerles compartir los mismos objetivos ?<\/p>\n<p>Ritmos de trabajo, relaci\u00f3n con la jerarqu\u00eda, forma de pensar, compromiso con\u00a0la empresa, utilizaci\u00f3n de las nuevas tecnolog\u00edas, visi\u00f3n del futuro, &#8230;<\/p>\n<p>Los <em>babyboomers<\/em> y los <em>digitalnatives<\/em> tienen una visi\u00f3n de la empresa y del trabajo que difieren. Es como hacer trabajar juntos a un franc\u00e9s y un espa\u00f1ol o un chino y un americano : tienen una relaci\u00f3n al trabajo diferente, se relacionan con el entorno profesional seg\u00fan c\u00f3digos que pertenezcan a su grupo de referencia, que dependen de su cultura.<\/p>\n<p>Para dos generaciones con c\u00f3digos y perspectivas tan diferentes, es lo mismo.<\/p>\n<p>Existen muchas \u00a0formaciones enfocadas a lo intercultural, para ayudar a los managers a trabajar ese entorno; sin embargo, en este caso no hablamos de conflicto, \u00a0\u00bfpor qu\u00e9 hacerlo a nivel de las generaciones ? No se trata de conflicto intergeneracional, sino de <strong>situaciones de falta de comprensi\u00f3n<\/strong>. En las empresas los estereotipos son muy marcados, y este tema no siempre est\u00e1 enfocado de la mejor manera.<\/p>\n<p>Como un chino o un americano, los <em>babyboomers<\/em> como los <em>digitalnatives<\/em> tienen diferencias pero tambi\u00e9n muchas cosas en com\u00fan. La pregunta es: \u00bfCu\u00e1nto tiempo se dedica en las empresas a <strong>entender y comprender el modo de funcionamiento de cada generaci\u00f3n<\/strong> ? \u00bfc\u00f3mo ayudamos a los colaboradores a salir de los estereotipos para abrir las puertas a una comprensi\u00f3n mutua?<\/p>\n<h2><strong>Cambiar el enfoque para resolver la ecuaci\u00f3n<\/strong><\/h2>\n<p>Para que una empresa escriba una historia nueva acerca de las generaciones de sus colaboradores, hay que cambiar de lentes y ver lo positivo ( y sobre todo saber transmitirlo para suscitar adhesi\u00f3n).<\/p>\n<h3>\u00a0<em><u>Aprender a conocerse para conocer al otro<\/u><\/em><\/h3>\n<p>Para aceptar al otro hay que primero conocerse a s\u00ed mismo.<\/p>\n<p>La falta de confianza entre estas generaciones viene sobre todo de una falta de conocimiento del otro.<\/p>\n<p>Los <em>babyboomers<\/em> como los j\u00f3venes se encierran en el falso conocimiento que tienen del otro &#8211; y como frente a lo nuevo el ser humano tiene un instinto natural a desconfiar&#8230;aqu\u00ed empiezan las dudas, los miedos, la agresividad, la falta de comprensi\u00f3n&#8230;y los conflictos.<\/p>\n<ul>\n<li>Un primer paso ser\u00eda <strong>dar la posibilidad a cada generaci\u00f3n de definirse<\/strong>, de reconocer sus zonas de talentos, sus fortalezas, de retomar confianza en sus habilidades y confiar en s\u00ed.<\/li>\n<li>En un segundo paso cada generaci\u00f3n debe aprender a descubrir la otra: ir m\u00e1s all\u00e1 de lo que se dice, de lo que ven.<\/li>\n<\/ul>\n<p>Que sea con din\u00e1micas de grupo, mezclando desarrollo personal y t\u00e9cnicas de juego, con herramientas como \u201cla curva de vida generacional\u201d, as\u00ed \u00a0se puede aprender sobre uno mismo a la vez que se aprende del otro, y \u00a1reconciliarse!<\/p>\n<h3>\u00a0<em><u>Crear espacios de co-construcci\u00f3n<\/u><\/em><\/h3>\n<p>Cuando hablamos de co-construcci\u00f3n hablamos de personas que tienen un mismo objetivo con la motivaci\u00f3n de llevarlo a cabo y que &#8211; sumando sus fortalezas, habilidades, experiencias &#8211; generan juntos un plus de creaci\u00f3n y <strong>logran al mejor resultado posible<\/strong>.<\/p>\n<p>Se puede hacer a 2 niveles:<\/p>\n<ul>\n<li>Desarrollar las <a href=\"https:\/\/empresas.infoempleo.com\/hrtrends\/competencias-interpersonales-crecer\">competencias <\/a>y conocimientos de cada uno con un objetivo Win-win : \u201c<em>Me aprendes algo te aprendo algo\u201d<\/em>. Se trata de hacer <a href=\"https:\/\/empresas.infoempleo.com\/hrtrends\/mentoring-tutores-en-la-empresa\/\">mentoring <\/a>y reverse-mentoring: as\u00ed hay una igualdad en los interacciones entre las generaciones, cada uno da y recibe algo.<\/li>\n<li>Compartir intereses comunes y trabajar voluntariamente en un objetivo com\u00fan. Que sea en el deporte, en temas culturales, sociales, \u00a0en proyectos para la empresa, el primer paso es de hacer posible el encuentro entre las varias generaciones sobre puntos de inter\u00e9s comunes, gracias a una comunicaci\u00f3n abierta siempre se puede encontrar personas que tienen un mismo objetivo, con ideas diferentes de hacerlo y que pueden compartir un inter\u00e9s com\u00fan.<\/li>\n<\/ul>\n<p>Para alcanzar un funcionamiento de co-construcci\u00f3n entre generaciones en una empresa es imprescindible :<\/p>\n<ul>\n<li>Crear espacios f\u00edsicos para que se junten las personas y logren un objetivo com\u00fan. Recomendamos que estos espacios sean informales, seguros, en el cual las personas pueden intercambiar y atreverse a experimentar con espontaneidad y seguridad.<\/li>\n<li>Que la pol\u00edtica de la empresa se dirija a proponer tiempos dedicados a la co-construccion entre los colaboradores: <em>brainstorming<\/em> creativos, <em>challenge<\/em> de ideas, <em><a href=\"https:\/\/empresas.infoempleo.com\/hrtrends\/design-thinking-aplicarlo-empresa\/\">design thinking<\/a>,<\/em>\u00a0\u201cdesayunos abiertos\u201d, acciones sociales&#8230;<\/li>\n<\/ul>\n<h3><em><u>Un management adaptado y consciente<\/u><\/em><\/h3>\n<p>Hablando de seres humanos, no es suficiente dejar espacios de co-construcci\u00f3n y proponer momentos de conocimientos personales, los l\u00edderes que viven el d\u00eda d\u00eda con equipos intergeneracionales deben ser atentos y proactivos con el tema de las generaciones.<\/p>\n<p>Como manager sus objetivos son :<\/p>\n<ul>\n<li>Detectar lo que no se dice: ser atento a la comunicaci\u00f3n no verbal de sus colaboradores.<\/li>\n<li>Escuchar sin juzgar : escuchar las emociones y sensaciones de un colaborador que no se siente a gusto con otro de otra generaci\u00f3n, o escuchar lo que se dice en el equipo sin poner su filtro personal.<\/li>\n<li>Saber dar la importancia suficiente al malestar o las quejas de cada uno para despu\u00e9s proponer planes de acci\u00f3n adaptados.<\/li>\n<li>Adaptar su <em>management<\/em> a las necesidades de cada generaci\u00f3n: por eso es necesario que cada uno en el equipo sea consciente del valor del otro y de sus zonas de desarrollo.<\/li>\n<\/ul>\n<p>Trabajar as\u00ed como manager supone <strong>activar una inteligencia colectiva<\/strong> importante. Utilizando herramientas como la <strong>metodolog\u00eda de la comunicaci\u00f3n no violenta<\/strong> por ejemplo, o la aportaci\u00f3n de las neurociencias comportamentales ayudan mucho a hacer brillar los talentos de un equipo intergeneracional y hacer realidad la ecuaci\u00f3n\u00a0<strong>babyboomer + digital natives = equipo perfecto<\/strong><\/p>\n","protected":false},"excerpt":{"rendered":"<p>\u00bfY si cambi\u00e1ramos el enfoque? \u00a0\u00bfSi rompi\u00e9ramos el mito? \u00bfY si mir\u00e1ramos m\u00e1s all\u00e1 de los estereotipos de<a class=\"moretag\" href=\"https:\/\/empresas.infoempleo.com\/hrtrends\/babyboomers-digital-natives-estuviera-la-ecuacion-perfecta-las-empresas\/\"> Leer m\u00e1s<\/a><\/p>\n","protected":false},"author":112,"featured_media":30645,"comment_status":"closed","ping_status":"open","sticky":false,"template":"","format":"standard","meta":{"footnotes":""},"categories":[3030],"tags":[409,3056],"class_list":["post-30642","post","type-post","status-publish","format-standard","has-post-thumbnail","hentry","category-reclutamiento","tag-equipo","tag-multigeneracional"],"yoast_head":"<!-- This site is optimized with the Yoast SEO plugin v26.1.1 - https:\/\/yoast.com\/wordpress\/plugins\/seo\/ -->\n<title>Babyboomers + Digital natives: La ecuaci\u00f3n perfecta en las empresas<\/title>\n<meta name=\"description\" content=\"\u00bfY si cambi\u00e1ramos el enfoque? \u00a0\u00bfY si rompi\u00e9ramos el mito? \u00bfY si mir\u00e1ramos m\u00e1s all\u00e1 de los estereotipos de las generaciones en empresas?\" \/>\n<meta name=\"robots\" content=\"index, follow, max-snippet:-1, max-image-preview:large, max-video-preview:-1\" \/>\n<link rel=\"canonical\" href=\"https:\/\/empresas.infoempleo.com\/hrtrends\/babyboomers-digital-natives-estuviera-la-ecuacion-perfecta-las-empresas\/\" \/>\n<meta property=\"og:locale\" content=\"es_ES\" \/>\n<meta property=\"og:type\" content=\"article\" \/>\n<meta property=\"og:title\" content=\"Babyboomers + Digital natives: La ecuaci\u00f3n perfecta en las empresas\" \/>\n<meta property=\"og:description\" content=\"\u00bfY si cambi\u00e1ramos el enfoque? \u00a0\u00bfY si rompi\u00e9ramos el mito? \u00bfY si mir\u00e1ramos m\u00e1s all\u00e1 de los estereotipos de las generaciones en empresas?\" \/>\n<meta property=\"og:url\" content=\"https:\/\/empresas.infoempleo.com\/hrtrends\/babyboomers-digital-natives-estuviera-la-ecuacion-perfecta-las-empresas\/\" \/>\n<meta property=\"og:site_name\" content=\"HRTRENDS\" \/>\n<meta property=\"article:publisher\" content=\"https:\/\/www.facebook.com\/Infoempleo\" \/>\n<meta property=\"article:published_time\" content=\"2017-06-28T06:30:53+00:00\" \/>\n<meta property=\"article:modified_time\" content=\"2022-12-14T13:40:34+00:00\" \/>\n<meta property=\"og:image\" content=\"https:\/\/empresas.infoempleo.com\/hrtrends\/media\/2017\/06\/ThinkstockPhotos-103577566-1.jpg\" \/>\n\t<meta property=\"og:image:width\" content=\"719\" \/>\n\t<meta property=\"og:image:height\" content=\"486\" \/>\n\t<meta property=\"og:image:type\" content=\"image\/jpeg\" \/>\n<meta name=\"author\" content=\"Nathalie Huet &amp; Caroline Ladousse\" \/>\n<meta name=\"twitter:card\" content=\"summary_large_image\" \/>\n<meta name=\"twitter:creator\" content=\"@infoempleo\" \/>\n<meta name=\"twitter:site\" content=\"@infoempleo\" \/>\n<meta name=\"twitter:label1\" content=\"Escrito por\" \/>\n\t<meta name=\"twitter:data1\" content=\"Nathalie Huet &amp; Caroline Ladousse\" \/>\n\t<meta name=\"twitter:label2\" content=\"Tiempo de lectura\" \/>\n\t<meta name=\"twitter:data2\" content=\"6 minutos\" \/>\n<script type=\"application\/ld+json\" class=\"yoast-schema-graph\">{\"@context\":\"https:\/\/schema.org\",\"@graph\":[{\"@type\":\"NewsArticle\",\"@id\":\"https:\/\/empresas.infoempleo.com\/hrtrends\/babyboomers-digital-natives-estuviera-la-ecuacion-perfecta-las-empresas\/#article\",\"isPartOf\":{\"@id\":\"https:\/\/empresas.infoempleo.com\/hrtrends\/babyboomers-digital-natives-estuviera-la-ecuacion-perfecta-las-empresas\/\"},\"author\":{\"name\":\"Nathalie Huet &amp; Caroline Ladousse\",\"@id\":\"https:\/\/empresas.infoempleo.com\/hrtrends\/#\/schema\/person\/2907dc396e8ec051d51637f08f09f6ba\"},\"headline\":\"Babyboomers + Digital natives: \u00bf Y si estuviera la ecuaci\u00f3n perfecta en las empresas?\",\"datePublished\":\"2017-06-28T06:30:53+00:00\",\"dateModified\":\"2022-12-14T13:40:34+00:00\",\"mainEntityOfPage\":{\"@id\":\"https:\/\/empresas.infoempleo.com\/hrtrends\/babyboomers-digital-natives-estuviera-la-ecuacion-perfecta-las-empresas\/\"},\"wordCount\":1134,\"publisher\":{\"@id\":\"https:\/\/empresas.infoempleo.com\/hrtrends\/#organization\"},\"image\":{\"@id\":\"https:\/\/empresas.infoempleo.com\/hrtrends\/babyboomers-digital-natives-estuviera-la-ecuacion-perfecta-las-empresas\/#primaryimage\"},\"thumbnailUrl\":\"https:\/\/empresas.infoempleo.com\/hrtrends\/media\/2017\/06\/ThinkstockPhotos-103577566-1.jpg\",\"keywords\":[\"equipo\",\"multigeneracional\"],\"articleSection\":[\"Reclutamiento\"],\"inLanguage\":\"es\",\"copyrightYear\":\"2017\",\"copyrightHolder\":{\"@id\":\"https:\/\/empresas.infoempleo.com\/hrtrends\/#organization\"}},{\"@type\":\"WebPage\",\"@id\":\"https:\/\/empresas.infoempleo.com\/hrtrends\/babyboomers-digital-natives-estuviera-la-ecuacion-perfecta-las-empresas\/\",\"url\":\"https:\/\/empresas.infoempleo.com\/hrtrends\/babyboomers-digital-natives-estuviera-la-ecuacion-perfecta-las-empresas\/\",\"name\":\"Babyboomers + Digital natives: La ecuaci\u00f3n perfecta en las empresas\",\"isPartOf\":{\"@id\":\"https:\/\/empresas.infoempleo.com\/hrtrends\/#website\"},\"primaryImageOfPage\":{\"@id\":\"https:\/\/empresas.infoempleo.com\/hrtrends\/babyboomers-digital-natives-estuviera-la-ecuacion-perfecta-las-empresas\/#primaryimage\"},\"image\":{\"@id\":\"https:\/\/empresas.infoempleo.com\/hrtrends\/babyboomers-digital-natives-estuviera-la-ecuacion-perfecta-las-empresas\/#primaryimage\"},\"thumbnailUrl\":\"https:\/\/empresas.infoempleo.com\/hrtrends\/media\/2017\/06\/ThinkstockPhotos-103577566-1.jpg\",\"datePublished\":\"2017-06-28T06:30:53+00:00\",\"dateModified\":\"2022-12-14T13:40:34+00:00\",\"description\":\"\u00bfY si cambi\u00e1ramos el enfoque? \u00a0\u00bfY si rompi\u00e9ramos el mito? \u00bfY si mir\u00e1ramos m\u00e1s all\u00e1 de los estereotipos de las generaciones en empresas?\",\"breadcrumb\":{\"@id\":\"https:\/\/empresas.infoempleo.com\/hrtrends\/babyboomers-digital-natives-estuviera-la-ecuacion-perfecta-las-empresas\/#breadcrumb\"},\"inLanguage\":\"es\",\"potentialAction\":[{\"@type\":\"ReadAction\",\"target\":[\"https:\/\/empresas.infoempleo.com\/hrtrends\/babyboomers-digital-natives-estuviera-la-ecuacion-perfecta-las-empresas\/\"]}]},{\"@type\":\"ImageObject\",\"inLanguage\":\"es\",\"@id\":\"https:\/\/empresas.infoempleo.com\/hrtrends\/babyboomers-digital-natives-estuviera-la-ecuacion-perfecta-las-empresas\/#primaryimage\",\"url\":\"https:\/\/empresas.infoempleo.com\/hrtrends\/media\/2017\/06\/ThinkstockPhotos-103577566-1-150x150.jpg\",\"contentUrl\":\"https:\/\/empresas.infoempleo.com\/hrtrends\/media\/2017\/06\/ThinkstockPhotos-103577566-1-150x150.jpg\",\"width\":150,\"height\":150,\"caption\":\"Group of business colleugues at office meeting\"},{\"@type\":\"BreadcrumbList\",\"@id\":\"https:\/\/empresas.infoempleo.com\/hrtrends\/babyboomers-digital-natives-estuviera-la-ecuacion-perfecta-las-empresas\/#breadcrumb\",\"itemListElement\":[{\"@type\":\"ListItem\",\"position\":1,\"name\":\"Portada\",\"item\":\"https:\/\/empresas.infoempleo.com\/hrtrends\/\"},{\"@type\":\"ListItem\",\"position\":2,\"name\":\"Babyboomers + Digital natives: \u00bf Y si estuviera la ecuaci\u00f3n perfecta en las empresas?\"}]},{\"@type\":\"WebSite\",\"@id\":\"https:\/\/empresas.infoempleo.com\/hrtrends\/#website\",\"url\":\"https:\/\/empresas.infoempleo.com\/hrtrends\",\"name\":\"HRTrends by Infoempleo\",\"description\":\"\",\"publisher\":{\"@id\":\"https:\/\/empresas.infoempleo.com\/hrtrends\/#organization\"},\"potentialAction\":{\"@type\":\"SearchAction\",\"target\":\"https:\/\/empresas.infoempleo.com\/hrtrends\/?s={search_term_string}\",\"query-input\":\"required name=search_term_string\"},\"inLanguage\":\"es\"},{\"@type\":\"Organization\",\"@id\":\"https:\/\/empresas.infoempleo.com\/hrtrends\/#organization\",\"name\":\"Infoempleo\",\"url\":\"https:\/\/www.infoempleo.com\/\",\"logo\":{\"@type\":\"ImageObject\",\"@id\":\"https:\/\/empresas.infoempleo.com\/hrtrends\/#logo\",\"inLanguage\":\"es\",\"url\":\"https:\/\/cdnazure.infoempleo.com\/infoempleo\/assets\/style\/gfx\/logo.svg\",\"contentUrl\":\"https:\/\/cdnazure.infoempleo.com\/infoempleo\/assets\/style\/gfx\/logo.svg\",\"width\":150,\"height\":40,\"caption\":\"Infoempleo\"},\"image\":{\"@id\":\"https:\/\/empresas.infoempleo.com\/hrtrends\/#logo\"},\"sameAs\":[\"https:\/\/www.facebook.com\/Infoempleo\",\"https:\/\/x.com\/infoempleo\",\"http:\/\/instagram.com\/infoempleo\/\",\"http:\/\/www.linkedin.com\/groups\/Empleo-Espa\u00f1a-Infoempleocom-111276\",\"http:\/\/pinterest.com\/infoempleo\/\"],\"address\":{\"@type\":\"PostalAddress\",\"addressLocality\":\"Madrid\",\"postalCode\":\"28050\",\"streetAddress\":\"Avenida de Burgos 114\"},\"brand\":[\"Infoempleo\"]},{\"@type\":\"Person\",\"@id\":\"https:\/\/empresas.infoempleo.com\/hrtrends\/#\/schema\/person\/2907dc396e8ec051d51637f08f09f6ba\",\"name\":\"Nathalie Huet &amp; Caroline Ladousse\",\"image\":{\"@type\":\"ImageObject\",\"inLanguage\":\"es\",\"@id\":\"https:\/\/empresas.infoempleo.com\/hrtrends\/#\/schema\/person\/image\/\",\"url\":\"https:\/\/secure.gravatar.com\/avatar\/68f49c45e205914abe6904d48343fc92b3c3581c19faac47a106ee28bb385bcd?s=96&d=mm&r=g\",\"contentUrl\":\"https:\/\/secure.gravatar.com\/avatar\/68f49c45e205914abe6904d48343fc92b3c3581c19faac47a106ee28bb385bcd?s=96&d=mm&r=g\",\"caption\":\"Nathalie Huet &amp; Caroline Ladousse\"},\"description\":\"Caroline Ladousse &amp; Nathalie Huet. - Somos activadoras de \u201cJobfulness\\\" - Cometa. Nuestra misi\u00f3n : empoderar a las personas, tanto fuera como dentro de las empresas, a dise\u00f1ar y disfrutar de una vida profesional con sentido y sinton\u00eda consigo mismo. Nuestro sue\u00f1o : un mundo en el cual cada persona tenga conciencia de sus talentos y les ofrezca al mundo en un proyecto profesional que le aporte sentido, realizaci\u00f3n personal e impulso vital. Somos emprendedoras, co-fundadoras de Cometa. Somos coachs. Somos apasionadas de psicolog\u00eda. Somos curiosas de todo y de todos y todas.\",\"sameAs\":[\"http:\/\/www.joincometa.com\/\"],\"url\":\"https:\/\/empresas.infoempleo.com\/hrtrends\/author\/clnhtrends\/\"}]}<\/script>\n<!-- \/ Yoast SEO plugin. -->","yoast_head_json":{"title":"Babyboomers + Digital natives: La ecuaci\u00f3n perfecta en las empresas","description":"\u00bfY si cambi\u00e1ramos el enfoque? \u00a0\u00bfY si rompi\u00e9ramos el mito? \u00bfY si mir\u00e1ramos m\u00e1s all\u00e1 de los estereotipos de las generaciones en empresas?","robots":{"index":"index","follow":"follow","max-snippet":"max-snippet:-1","max-image-preview":"max-image-preview:large","max-video-preview":"max-video-preview:-1"},"canonical":"https:\/\/empresas.infoempleo.com\/hrtrends\/babyboomers-digital-natives-estuviera-la-ecuacion-perfecta-las-empresas\/","og_locale":"es_ES","og_type":"article","og_title":"Babyboomers + Digital natives: La ecuaci\u00f3n perfecta en las empresas","og_description":"\u00bfY si cambi\u00e1ramos el enfoque? \u00a0\u00bfY si rompi\u00e9ramos el mito? \u00bfY si mir\u00e1ramos m\u00e1s all\u00e1 de los estereotipos de las generaciones en empresas?","og_url":"https:\/\/empresas.infoempleo.com\/hrtrends\/babyboomers-digital-natives-estuviera-la-ecuacion-perfecta-las-empresas\/","og_site_name":"HRTRENDS","article_publisher":"https:\/\/www.facebook.com\/Infoempleo","article_published_time":"2017-06-28T06:30:53+00:00","article_modified_time":"2022-12-14T13:40:34+00:00","og_image":[{"width":719,"height":486,"url":"https:\/\/empresas.infoempleo.com\/hrtrends\/media\/2017\/06\/ThinkstockPhotos-103577566-1.jpg","type":"image\/jpeg"}],"author":"Nathalie Huet &amp; Caroline Ladousse","twitter_card":"summary_large_image","twitter_creator":"@infoempleo","twitter_site":"@infoempleo","twitter_misc":{"Escrito por":"Nathalie Huet &amp; Caroline Ladousse","Tiempo de lectura":"6 minutos"},"schema":{"@context":"https:\/\/schema.org","@graph":[{"@type":"NewsArticle","@id":"https:\/\/empresas.infoempleo.com\/hrtrends\/babyboomers-digital-natives-estuviera-la-ecuacion-perfecta-las-empresas\/#article","isPartOf":{"@id":"https:\/\/empresas.infoempleo.com\/hrtrends\/babyboomers-digital-natives-estuviera-la-ecuacion-perfecta-las-empresas\/"},"author":{"name":"Nathalie Huet &amp; Caroline Ladousse","@id":"https:\/\/empresas.infoempleo.com\/hrtrends\/#\/schema\/person\/2907dc396e8ec051d51637f08f09f6ba"},"headline":"Babyboomers + Digital natives: \u00bf Y si estuviera la ecuaci\u00f3n perfecta en las empresas?","datePublished":"2017-06-28T06:30:53+00:00","dateModified":"2022-12-14T13:40:34+00:00","mainEntityOfPage":{"@id":"https:\/\/empresas.infoempleo.com\/hrtrends\/babyboomers-digital-natives-estuviera-la-ecuacion-perfecta-las-empresas\/"},"wordCount":1134,"publisher":{"@id":"https:\/\/empresas.infoempleo.com\/hrtrends\/#organization"},"image":{"@id":"https:\/\/empresas.infoempleo.com\/hrtrends\/babyboomers-digital-natives-estuviera-la-ecuacion-perfecta-las-empresas\/#primaryimage"},"thumbnailUrl":"https:\/\/empresas.infoempleo.com\/hrtrends\/media\/2017\/06\/ThinkstockPhotos-103577566-1.jpg","keywords":["equipo","multigeneracional"],"articleSection":["Reclutamiento"],"inLanguage":"es","copyrightYear":"2017","copyrightHolder":{"@id":"https:\/\/empresas.infoempleo.com\/hrtrends\/#organization"}},{"@type":"WebPage","@id":"https:\/\/empresas.infoempleo.com\/hrtrends\/babyboomers-digital-natives-estuviera-la-ecuacion-perfecta-las-empresas\/","url":"https:\/\/empresas.infoempleo.com\/hrtrends\/babyboomers-digital-natives-estuviera-la-ecuacion-perfecta-las-empresas\/","name":"Babyboomers + Digital natives: La ecuaci\u00f3n perfecta en las empresas","isPartOf":{"@id":"https:\/\/empresas.infoempleo.com\/hrtrends\/#website"},"primaryImageOfPage":{"@id":"https:\/\/empresas.infoempleo.com\/hrtrends\/babyboomers-digital-natives-estuviera-la-ecuacion-perfecta-las-empresas\/#primaryimage"},"image":{"@id":"https:\/\/empresas.infoempleo.com\/hrtrends\/babyboomers-digital-natives-estuviera-la-ecuacion-perfecta-las-empresas\/#primaryimage"},"thumbnailUrl":"https:\/\/empresas.infoempleo.com\/hrtrends\/media\/2017\/06\/ThinkstockPhotos-103577566-1.jpg","datePublished":"2017-06-28T06:30:53+00:00","dateModified":"2022-12-14T13:40:34+00:00","description":"\u00bfY si cambi\u00e1ramos el enfoque? \u00a0\u00bfY si rompi\u00e9ramos el mito? \u00bfY si mir\u00e1ramos m\u00e1s all\u00e1 de los estereotipos de las generaciones en empresas?","breadcrumb":{"@id":"https:\/\/empresas.infoempleo.com\/hrtrends\/babyboomers-digital-natives-estuviera-la-ecuacion-perfecta-las-empresas\/#breadcrumb"},"inLanguage":"es","potentialAction":[{"@type":"ReadAction","target":["https:\/\/empresas.infoempleo.com\/hrtrends\/babyboomers-digital-natives-estuviera-la-ecuacion-perfecta-las-empresas\/"]}]},{"@type":"ImageObject","inLanguage":"es","@id":"https:\/\/empresas.infoempleo.com\/hrtrends\/babyboomers-digital-natives-estuviera-la-ecuacion-perfecta-las-empresas\/#primaryimage","url":"https:\/\/empresas.infoempleo.com\/hrtrends\/media\/2017\/06\/ThinkstockPhotos-103577566-1-150x150.jpg","contentUrl":"https:\/\/empresas.infoempleo.com\/hrtrends\/media\/2017\/06\/ThinkstockPhotos-103577566-1-150x150.jpg","width":150,"height":150,"caption":"Group of business colleugues at office meeting"},{"@type":"BreadcrumbList","@id":"https:\/\/empresas.infoempleo.com\/hrtrends\/babyboomers-digital-natives-estuviera-la-ecuacion-perfecta-las-empresas\/#breadcrumb","itemListElement":[{"@type":"ListItem","position":1,"name":"Portada","item":"https:\/\/empresas.infoempleo.com\/hrtrends\/"},{"@type":"ListItem","position":2,"name":"Babyboomers + Digital natives: \u00bf Y si estuviera la ecuaci\u00f3n perfecta en las empresas?"}]},{"@type":"WebSite","@id":"https:\/\/empresas.infoempleo.com\/hrtrends\/#website","url":"https:\/\/empresas.infoempleo.com\/hrtrends","name":"HRTrends by Infoempleo","description":"","publisher":{"@id":"https:\/\/empresas.infoempleo.com\/hrtrends\/#organization"},"potentialAction":{"@type":"SearchAction","target":"https:\/\/empresas.infoempleo.com\/hrtrends\/?s={search_term_string}","query-input":"required name=search_term_string"},"inLanguage":"es"},{"@type":"Organization","@id":"https:\/\/empresas.infoempleo.com\/hrtrends\/#organization","name":"Infoempleo","url":"https:\/\/www.infoempleo.com\/","logo":{"@type":"ImageObject","@id":"https:\/\/empresas.infoempleo.com\/hrtrends\/#logo","inLanguage":"es","url":"https:\/\/cdnazure.infoempleo.com\/infoempleo\/assets\/style\/gfx\/logo.svg","contentUrl":"https:\/\/cdnazure.infoempleo.com\/infoempleo\/assets\/style\/gfx\/logo.svg","width":150,"height":40,"caption":"Infoempleo"},"image":{"@id":"https:\/\/empresas.infoempleo.com\/hrtrends\/#logo"},"sameAs":["https:\/\/www.facebook.com\/Infoempleo","https:\/\/x.com\/infoempleo","http:\/\/instagram.com\/infoempleo\/","http:\/\/www.linkedin.com\/groups\/Empleo-Espa\u00f1a-Infoempleocom-111276","http:\/\/pinterest.com\/infoempleo\/"],"address":{"@type":"PostalAddress","addressLocality":"Madrid","postalCode":"28050","streetAddress":"Avenida de Burgos 114"},"brand":["Infoempleo"]},{"@type":"Person","@id":"https:\/\/empresas.infoempleo.com\/hrtrends\/#\/schema\/person\/2907dc396e8ec051d51637f08f09f6ba","name":"Nathalie Huet &amp; Caroline Ladousse","image":{"@type":"ImageObject","inLanguage":"es","@id":"https:\/\/empresas.infoempleo.com\/hrtrends\/#\/schema\/person\/image\/","url":"https:\/\/secure.gravatar.com\/avatar\/68f49c45e205914abe6904d48343fc92b3c3581c19faac47a106ee28bb385bcd?s=96&d=mm&r=g","contentUrl":"https:\/\/secure.gravatar.com\/avatar\/68f49c45e205914abe6904d48343fc92b3c3581c19faac47a106ee28bb385bcd?s=96&d=mm&r=g","caption":"Nathalie Huet &amp; Caroline Ladousse"},"description":"Caroline Ladousse &amp; Nathalie Huet. - Somos activadoras de \u201cJobfulness\" - Cometa. Nuestra misi\u00f3n : empoderar a las personas, tanto fuera como dentro de las empresas, a dise\u00f1ar y disfrutar de una vida profesional con sentido y sinton\u00eda consigo mismo. Nuestro sue\u00f1o : un mundo en el cual cada persona tenga conciencia de sus talentos y les ofrezca al mundo en un proyecto profesional que le aporte sentido, realizaci\u00f3n personal e impulso vital. Somos emprendedoras, co-fundadoras de Cometa. Somos coachs. Somos apasionadas de psicolog\u00eda. Somos curiosas de todo y de todos y todas.","sameAs":["http:\/\/www.joincometa.com\/"],"url":"https:\/\/empresas.infoempleo.com\/hrtrends\/author\/clnhtrends\/"}]}},"amp_enabled":true,"_links":{"self":[{"href":"https:\/\/empresas.infoempleo.com\/hrtrends\/wp-json\/wp\/v2\/posts\/30642","targetHints":{"allow":["GET"]}}],"collection":[{"href":"https:\/\/empresas.infoempleo.com\/hrtrends\/wp-json\/wp\/v2\/posts"}],"about":[{"href":"https:\/\/empresas.infoempleo.com\/hrtrends\/wp-json\/wp\/v2\/types\/post"}],"author":[{"embeddable":true,"href":"https:\/\/empresas.infoempleo.com\/hrtrends\/wp-json\/wp\/v2\/users\/112"}],"replies":[{"embeddable":true,"href":"https:\/\/empresas.infoempleo.com\/hrtrends\/wp-json\/wp\/v2\/comments?post=30642"}],"version-history":[{"count":9,"href":"https:\/\/empresas.infoempleo.com\/hrtrends\/wp-json\/wp\/v2\/posts\/30642\/revisions"}],"predecessor-version":[{"id":41722,"href":"https:\/\/empresas.infoempleo.com\/hrtrends\/wp-json\/wp\/v2\/posts\/30642\/revisions\/41722"}],"wp:featuredmedia":[{"embeddable":true,"href":"https:\/\/empresas.infoempleo.com\/hrtrends\/wp-json\/wp\/v2\/media\/30645"}],"wp:attachment":[{"href":"https:\/\/empresas.infoempleo.com\/hrtrends\/wp-json\/wp\/v2\/media?parent=30642"}],"wp:term":[{"taxonomy":"category","embeddable":true,"href":"https:\/\/empresas.infoempleo.com\/hrtrends\/wp-json\/wp\/v2\/categories?post=30642"},{"taxonomy":"post_tag","embeddable":true,"href":"https:\/\/empresas.infoempleo.com\/hrtrends\/wp-json\/wp\/v2\/tags?post=30642"}],"curies":[{"name":"wp","href":"https:\/\/api.w.org\/{rel}","templated":true}]}}