{"id":30583,"date":"2017-06-15T10:47:57","date_gmt":"2017-06-15T08:47:57","guid":{"rendered":"https:\/\/empresas.infoempleo.com\/hrtrends\/?p=30583"},"modified":"2018-12-05T14:12:48","modified_gmt":"2018-12-05T12:12:48","slug":"aumentar-la-motivacion-empleados-hijos","status":"publish","type":"post","link":"https:\/\/empresas.infoempleo.com\/hrtrends\/aumentar-la-motivacion-empleados-hijos\/","title":{"rendered":"C\u00f3mo aumentar la motivaci\u00f3n de los empleados con hijos"},"content":{"rendered":"<p>Siempre tratamos de encontrar esas cosas que aporten valor para la empresa y para los empleados. El buen ambiente, la organizaci\u00f3n de equipos, la comunicaci\u00f3n y muchos m\u00e1s factores son imprescindibles para cualquier empresa y la motivaci\u00f3n de sus empleados. Sin embargo, cada trabajador es un mundo, y como m\u00e1s nos centramos en cada uno de ellos, mejor podemos ver cu\u00e1les son sus necesidades espec\u00edficas y qu\u00e9 capacidad tenemos como profesionales de ofrecerles lo mejor.<\/p>\n<p><span style=\"font-weight: 400\">Una parte de nuestros trabajadores (ser\u00e1n m\u00e1s o ser\u00e1n menos) son pap\u00e1s o mam\u00e1s. A menudo no somos conscientes del sacrificio que supone para ellos dedicar el d\u00eda a d\u00eda \u00a0a su trabajo, renunciando a dedicar m\u00e1s tiempo con sus peque\u00f1os. <\/span><\/p>\n<p><span style=\"font-weight: 400\">\u00bfC\u00f3mo podemos mejorar este aspecto desde la empresa con la finalidad de mantener la motivaci\u00f3n de estos empleados? Al final, como siempre, no es una pregunta con respuesta \u00fanica. No obstante, tenemos algunas ideas y consejos que pueden ayudar.<\/span><\/p>\n<p><img loading=\"lazy\" decoding=\"async\" class=\"wp-image-30585\" src=\"https:\/\/empresas.infoempleo.com\/hrtrends\/media\/2017\/06\/C\u00f3mo-aumentar-la-motivaci\u00f3n-de-los-empleados-con-hijos-.jpg\" alt=\"\" width=\"600\" height=\"452\" srcset=\"https:\/\/empresas.infoempleo.com\/hrtrends\/media\/2017\/06\/C\u00f3mo-aumentar-la-motivaci\u00f3n-de-los-empleados-con-hijos-.jpg 1280w, https:\/\/empresas.infoempleo.com\/hrtrends\/media\/2017\/06\/C\u00f3mo-aumentar-la-motivaci\u00f3n-de-los-empleados-con-hijos--300x226.jpg 300w, https:\/\/empresas.infoempleo.com\/hrtrends\/media\/2017\/06\/C\u00f3mo-aumentar-la-motivaci\u00f3n-de-los-empleados-con-hijos--1024x772.jpg 1024w, https:\/\/empresas.infoempleo.com\/hrtrends\/media\/2017\/06\/C\u00f3mo-aumentar-la-motivaci\u00f3n-de-los-empleados-con-hijos--768x579.jpg 768w\" sizes=\"auto, (max-width: 600px) 100vw, 600px\" \/><\/p>\n<h3><b>4 consejos para aumentar la motivaci\u00f3n de los empleados con hijos <\/b><\/h3>\n<ol>\n<li><b><\/b><span style=\"font-weight: 400\">\u00a0<\/span><b>Ofrecer incentivos laborales <\/b><\/li>\n<\/ol>\n<p><span style=\"font-weight: 400\">Ofrecer ventajas a medida es una forma de mostrar a tus empleados que realmente son valorados dentro de la empresa. Echarles una mano puede suponer tambi\u00e9n un mayor rendimiento por su parte en la empresa, adem\u00e1s de sentir que la empresa valora tambi\u00e9n sus necesidades.<\/span><\/p>\n<p><span style=\"font-weight: 400\">Se pueden ofrecer servicios de guarder\u00eda dentro de la empresa o fuera, mediante un acuerdo con alguna guarder\u00eda cercana. Otra opci\u00f3n es ofrecer un suplemento al sueldo teniendo en cuenta el mayor gasto que tendr\u00e1 que afrontar el empleado por el cuidado diario de los ni\u00f1os.<\/span><\/p>\n<ol start=\"2\">\n<li><b><\/b><span style=\"font-weight: 400\">\u00a0<\/span><b>Ajustar los horarios<\/b><\/li>\n<\/ol>\n<p><span style=\"font-weight: 400\">Sobre todo con aquellos padres trabajadores o madres trabajadoras con hijos peque\u00f1os, ofrecer jornadas reducidas puede acabar siendo un valor a\u00f1adido con mucha fuerza. Esto no implica exigir menos, sino reestructurar la organizaci\u00f3n de los<\/span><a href=\"http:\/\/blog.infoempleo.com\/a\/jornada-laboral-en-espana-tenemos-horarios-racionales\/?utm_source=post&amp;utm_campaign=hrtrends&amp;utm_medium=blogempresas&amp;utm_content=contenido\"><span style=\"font-weight: 400\"> horarios <\/span><\/a><span style=\"font-weight: 400\">y de la gesti\u00f3n con el fin de trabajar por objetivos y permitir que un mayor rendimiento sea premiado con m\u00e1s tiempo con la familia.<\/span><\/p>\n<ol start=\"3\">\n<li><b><\/b><b>Permitir cierta flexibilidad para el trabajo<\/b><\/li>\n<\/ol>\n<p><span style=\"font-weight: 400\">M\u00e1s all\u00e1 de los horarios, la <\/span><a href=\"https:\/\/empresas.infoempleo.com\/hrtrends\/teletrabajo-pros-contras\/\/?utm_source=post&amp;utm_campaign=hrtrends&amp;utm_medium=blogempresas&amp;utm_content=contenido\"><span style=\"font-weight: 400\">flexibilidad<\/span><\/a><span style=\"font-weight: 400\"> de la empresa puede ser una manera de mostrar empat\u00eda hacia los trabajadores. Algunas empresas ya est\u00e1n implementando el trabajo a distancia a tiempo parcial, pudiendo adaptarse as\u00ed a las nuevas necesidades del empleado sin tener que dejar de lado sus responsabilidades del trabajo.<\/span><\/p>\n<ol start=\"4\">\n<li><b><\/b><b>Presentar oportunidades sociales<\/b><\/li>\n<\/ol>\n<p><span style=\"font-weight: 400\">En cuanto a actividades fuera del horario de la oficina, los empleados con hijos suelen ser los primeros en faltas de asistencia. Como empresa, lo que podemos hacer para involucrar e integrar a los padres trabajadores y las madres trabajadoras a la vez que valoremos sus prioridades es ofrecer oportunidades sociales o de<\/span> <a href=\"https:\/\/empresas.infoempleo.com\/hrtrends\/potenciar-team-building-empresa\/\/\"><i><span style=\"font-weight: 400\">team building<\/span><\/i><\/a><span style=\"font-weight: 400\"> con car\u00e1cter familiar. Picnics, comidas con ni\u00f1os u otras actividades de ocio son algunas de las muchas posibilidades para no dejar de lado ni a ellos ni a sus familias.<\/span><\/p>\n<p><span style=\"font-weight: 400\">En definitiva, lo importante no es ceder o hacer que nuestros empleados sean unos privilegiados, sino transmitir la sensaci\u00f3n de pertinencia. La finalidad de casi cualquier mejora desde el \u00e1mbito de recursos humanos es formar equipo preocup\u00e1ndonos por el bienestar de todos los empleados.<\/span><\/p>\n<p><span style=\"font-weight: 400\">Ofrecer algunos incentivos para mantener la motivaci\u00f3n de los empleados siempre es positivo, y si tenemos en cuenta sus necesidades particulares, podremos acertar a\u00fan m\u00e1s. M\u00e1s all\u00e1 de la empat\u00eda, es algo que se ver\u00e1 reflejado directamente en la motivaci\u00f3n de los trabajadores y, por consecuencia, en los resultados de la empresa.<\/span><\/p>\n","protected":false},"excerpt":{"rendered":"<p>Siempre tratamos de encontrar esas cosas que aporten valor para la empresa y para los empleados. El buen<a class=\"moretag\" href=\"https:\/\/empresas.infoempleo.com\/hrtrends\/aumentar-la-motivacion-empleados-hijos\/\"> Leer m\u00e1s<\/a><\/p>\n","protected":false},"author":93,"featured_media":30584,"comment_status":"closed","ping_status":"open","sticky":false,"template":"","format":"standard","meta":{"footnotes":""},"categories":[3035],"tags":[274],"class_list":["post-30583","post","type-post","status-publish","format-standard","has-post-thumbnail","hentry","category-consejos","tag-motivacion"],"yoast_head":"<!-- This site is optimized with the Yoast SEO plugin v26.1.1 - https:\/\/yoast.com\/wordpress\/plugins\/seo\/ -->\n<title>C\u00f3mo aumentar la motivaci\u00f3n de los empleados con hijos<\/title>\n<meta name=\"description\" content=\"Centr\u00e1ndonos en cada trabajador podemos ver cu\u00e1les son sus necesidades espec\u00edficas y qu\u00e9 capacidad tenemos como profesionales de ofrecerles lo mejor.\" \/>\n<meta name=\"robots\" content=\"index, follow, max-snippet:-1, max-image-preview:large, max-video-preview:-1\" \/>\n<link rel=\"canonical\" href=\"https:\/\/empresas.infoempleo.com\/hrtrends\/aumentar-la-motivacion-empleados-hijos\/\" \/>\n<meta property=\"og:locale\" content=\"es_ES\" \/>\n<meta property=\"og:type\" content=\"article\" \/>\n<meta property=\"og:title\" content=\"C\u00f3mo aumentar la motivaci\u00f3n de los empleados con hijos\" \/>\n<meta property=\"og:description\" content=\"Centr\u00e1ndonos en cada trabajador podemos ver cu\u00e1les son sus necesidades espec\u00edficas y qu\u00e9 capacidad tenemos como profesionales de ofrecerles lo mejor.\" \/>\n<meta property=\"og:url\" content=\"https:\/\/empresas.infoempleo.com\/hrtrends\/aumentar-la-motivacion-empleados-hijos\/\" \/>\n<meta property=\"og:site_name\" content=\"HRTRENDS\" \/>\n<meta property=\"article:publisher\" content=\"https:\/\/www.facebook.com\/Infoempleo\" \/>\n<meta property=\"article:published_time\" content=\"2017-06-15T08:47:57+00:00\" \/>\n<meta property=\"article:modified_time\" content=\"2018-12-05T12:12:48+00:00\" \/>\n<meta property=\"og:image\" content=\"https:\/\/empresas.infoempleo.com\/hrtrends\/media\/2017\/06\/C\u00f3mo-aumentar-la-motivaci\u00f3n-de-los-empleados-con-hijos-2-e1497516240815.jpg\" \/>\n\t<meta property=\"og:image:width\" content=\"600\" \/>\n\t<meta property=\"og:image:height\" content=\"450\" \/>\n\t<meta property=\"og:image:type\" content=\"image\/jpeg\" \/>\n<meta name=\"author\" content=\"Laura Soler\" \/>\n<meta name=\"twitter:card\" content=\"summary_large_image\" \/>\n<meta name=\"twitter:creator\" content=\"@infoempleo\" \/>\n<meta name=\"twitter:site\" content=\"@infoempleo\" \/>\n<meta name=\"twitter:label1\" content=\"Escrito por\" \/>\n\t<meta name=\"twitter:data1\" content=\"Laura Soler\" \/>\n\t<meta name=\"twitter:label2\" content=\"Tiempo de lectura\" \/>\n\t<meta name=\"twitter:data2\" content=\"3 minutos\" \/>\n<script type=\"application\/ld+json\" class=\"yoast-schema-graph\">{\"@context\":\"https:\/\/schema.org\",\"@graph\":[{\"@type\":\"NewsArticle\",\"@id\":\"https:\/\/empresas.infoempleo.com\/hrtrends\/aumentar-la-motivacion-empleados-hijos\/#article\",\"isPartOf\":{\"@id\":\"https:\/\/empresas.infoempleo.com\/hrtrends\/aumentar-la-motivacion-empleados-hijos\/\"},\"author\":{\"name\":\"Laura Soler\",\"@id\":\"https:\/\/empresas.infoempleo.com\/hrtrends\/#\/schema\/person\/a87831bdb31f0ef865cda025cfa8363d\"},\"headline\":\"C\u00f3mo aumentar la motivaci\u00f3n de los empleados con hijos\",\"datePublished\":\"2017-06-15T08:47:57+00:00\",\"dateModified\":\"2018-12-05T12:12:48+00:00\",\"mainEntityOfPage\":{\"@id\":\"https:\/\/empresas.infoempleo.com\/hrtrends\/aumentar-la-motivacion-empleados-hijos\/\"},\"wordCount\":619,\"publisher\":{\"@id\":\"https:\/\/empresas.infoempleo.com\/hrtrends\/#organization\"},\"image\":{\"@id\":\"https:\/\/empresas.infoempleo.com\/hrtrends\/aumentar-la-motivacion-empleados-hijos\/#primaryimage\"},\"thumbnailUrl\":\"https:\/\/empresas.infoempleo.com\/hrtrends\/media\/2017\/06\/C\u00f3mo-aumentar-la-motivaci\u00f3n-de-los-empleados-con-hijos-2-e1497516240815.jpg\",\"keywords\":[\"motivaci\u00f3n\"],\"articleSection\":[\"Consejos\"],\"inLanguage\":\"es\",\"copyrightYear\":\"2017\",\"copyrightHolder\":{\"@id\":\"https:\/\/empresas.infoempleo.com\/hrtrends\/#organization\"}},{\"@type\":\"WebPage\",\"@id\":\"https:\/\/empresas.infoempleo.com\/hrtrends\/aumentar-la-motivacion-empleados-hijos\/\",\"url\":\"https:\/\/empresas.infoempleo.com\/hrtrends\/aumentar-la-motivacion-empleados-hijos\/\",\"name\":\"C\u00f3mo aumentar la motivaci\u00f3n de los empleados con hijos\",\"isPartOf\":{\"@id\":\"https:\/\/empresas.infoempleo.com\/hrtrends\/#website\"},\"primaryImageOfPage\":{\"@id\":\"https:\/\/empresas.infoempleo.com\/hrtrends\/aumentar-la-motivacion-empleados-hijos\/#primaryimage\"},\"image\":{\"@id\":\"https:\/\/empresas.infoempleo.com\/hrtrends\/aumentar-la-motivacion-empleados-hijos\/#primaryimage\"},\"thumbnailUrl\":\"https:\/\/empresas.infoempleo.com\/hrtrends\/media\/2017\/06\/C\u00f3mo-aumentar-la-motivaci\u00f3n-de-los-empleados-con-hijos-2-e1497516240815.jpg\",\"datePublished\":\"2017-06-15T08:47:57+00:00\",\"dateModified\":\"2018-12-05T12:12:48+00:00\",\"description\":\"Centr\u00e1ndonos en cada trabajador podemos ver cu\u00e1les son sus necesidades espec\u00edficas y qu\u00e9 capacidad tenemos como profesionales de ofrecerles lo mejor.\",\"breadcrumb\":{\"@id\":\"https:\/\/empresas.infoempleo.com\/hrtrends\/aumentar-la-motivacion-empleados-hijos\/#breadcrumb\"},\"inLanguage\":\"es\",\"potentialAction\":[{\"@type\":\"ReadAction\",\"target\":[\"https:\/\/empresas.infoempleo.com\/hrtrends\/aumentar-la-motivacion-empleados-hijos\/\"]}]},{\"@type\":\"ImageObject\",\"inLanguage\":\"es\",\"@id\":\"https:\/\/empresas.infoempleo.com\/hrtrends\/aumentar-la-motivacion-empleados-hijos\/#primaryimage\",\"url\":\"https:\/\/empresas.infoempleo.com\/hrtrends\/media\/2017\/06\/C\u00f3mo-aumentar-la-motivaci\u00f3n-de-los-empleados-con-hijos-2-e1497516240815-150x150.jpg\",\"contentUrl\":\"https:\/\/empresas.infoempleo.com\/hrtrends\/media\/2017\/06\/C\u00f3mo-aumentar-la-motivaci\u00f3n-de-los-empleados-con-hijos-2-e1497516240815-150x150.jpg\",\"width\":150,\"height\":150},{\"@type\":\"BreadcrumbList\",\"@id\":\"https:\/\/empresas.infoempleo.com\/hrtrends\/aumentar-la-motivacion-empleados-hijos\/#breadcrumb\",\"itemListElement\":[{\"@type\":\"ListItem\",\"position\":1,\"name\":\"Portada\",\"item\":\"https:\/\/empresas.infoempleo.com\/hrtrends\/\"},{\"@type\":\"ListItem\",\"position\":2,\"name\":\"C\u00f3mo aumentar la motivaci\u00f3n de los empleados con hijos\"}]},{\"@type\":\"WebSite\",\"@id\":\"https:\/\/empresas.infoempleo.com\/hrtrends\/#website\",\"url\":\"https:\/\/empresas.infoempleo.com\/hrtrends\",\"name\":\"HRTrends by Infoempleo\",\"description\":\"\",\"publisher\":{\"@id\":\"https:\/\/empresas.infoempleo.com\/hrtrends\/#organization\"},\"potentialAction\":{\"@type\":\"SearchAction\",\"target\":\"https:\/\/empresas.infoempleo.com\/hrtrends\/?s={search_term_string}\",\"query-input\":\"required name=search_term_string\"},\"inLanguage\":\"es\"},{\"@type\":\"Organization\",\"@id\":\"https:\/\/empresas.infoempleo.com\/hrtrends\/#organization\",\"name\":\"Infoempleo\",\"url\":\"https:\/\/www.infoempleo.com\/\",\"logo\":{\"@type\":\"ImageObject\",\"@id\":\"https:\/\/empresas.infoempleo.com\/hrtrends\/#logo\",\"inLanguage\":\"es\",\"url\":\"https:\/\/cdnazure.infoempleo.com\/infoempleo\/assets\/style\/gfx\/logo.svg\",\"contentUrl\":\"https:\/\/cdnazure.infoempleo.com\/infoempleo\/assets\/style\/gfx\/logo.svg\",\"width\":150,\"height\":40,\"caption\":\"Infoempleo\"},\"image\":{\"@id\":\"https:\/\/empresas.infoempleo.com\/hrtrends\/#logo\"},\"sameAs\":[\"https:\/\/www.facebook.com\/Infoempleo\",\"https:\/\/x.com\/infoempleo\",\"http:\/\/instagram.com\/infoempleo\/\",\"http:\/\/www.linkedin.com\/groups\/Empleo-Espa\u00f1a-Infoempleocom-111276\",\"http:\/\/pinterest.com\/infoempleo\/\"],\"address\":{\"@type\":\"PostalAddress\",\"addressLocality\":\"Madrid\",\"postalCode\":\"28050\",\"streetAddress\":\"Avenida de Burgos 114\"},\"brand\":[\"Infoempleo\"]},{\"@type\":\"Person\",\"@id\":\"https:\/\/empresas.infoempleo.com\/hrtrends\/#\/schema\/person\/a87831bdb31f0ef865cda025cfa8363d\",\"name\":\"Laura Soler\",\"image\":{\"@type\":\"ImageObject\",\"inLanguage\":\"es\",\"@id\":\"https:\/\/empresas.infoempleo.com\/hrtrends\/#\/schema\/person\/image\/\",\"url\":\"https:\/\/secure.gravatar.com\/avatar\/a849b9e29c141525eaf83f6f13a6c1442db43088835ada5a24322f59598e8fb5?s=96&d=mm&r=g\",\"contentUrl\":\"https:\/\/secure.gravatar.com\/avatar\/a849b9e29c141525eaf83f6f13a6c1442db43088835ada5a24322f59598e8fb5?s=96&d=mm&r=g\",\"caption\":\"Laura Soler\"},\"description\":\"Redactora, estudiante de m\u00e1ster en Relaciones Laborales y apasionada del coaching empresarial.\",\"url\":\"https:\/\/empresas.infoempleo.com\/hrtrends\/author\/laura-soler\/\"}]}<\/script>\n<!-- \/ Yoast SEO plugin. -->","yoast_head_json":{"title":"C\u00f3mo aumentar la motivaci\u00f3n de los empleados con hijos","description":"Centr\u00e1ndonos en cada trabajador podemos ver cu\u00e1les son sus necesidades espec\u00edficas y qu\u00e9 capacidad tenemos como profesionales de ofrecerles lo mejor.","robots":{"index":"index","follow":"follow","max-snippet":"max-snippet:-1","max-image-preview":"max-image-preview:large","max-video-preview":"max-video-preview:-1"},"canonical":"https:\/\/empresas.infoempleo.com\/hrtrends\/aumentar-la-motivacion-empleados-hijos\/","og_locale":"es_ES","og_type":"article","og_title":"C\u00f3mo aumentar la motivaci\u00f3n de los empleados con hijos","og_description":"Centr\u00e1ndonos en cada trabajador podemos ver cu\u00e1les son sus necesidades espec\u00edficas y qu\u00e9 capacidad tenemos como profesionales de ofrecerles lo mejor.","og_url":"https:\/\/empresas.infoempleo.com\/hrtrends\/aumentar-la-motivacion-empleados-hijos\/","og_site_name":"HRTRENDS","article_publisher":"https:\/\/www.facebook.com\/Infoempleo","article_published_time":"2017-06-15T08:47:57+00:00","article_modified_time":"2018-12-05T12:12:48+00:00","og_image":[{"width":600,"height":450,"url":"https:\/\/empresas.infoempleo.com\/hrtrends\/media\/2017\/06\/C\u00f3mo-aumentar-la-motivaci\u00f3n-de-los-empleados-con-hijos-2-e1497516240815.jpg","type":"image\/jpeg"}],"author":"Laura Soler","twitter_card":"summary_large_image","twitter_creator":"@infoempleo","twitter_site":"@infoempleo","twitter_misc":{"Escrito por":"Laura Soler","Tiempo de lectura":"3 minutos"},"schema":{"@context":"https:\/\/schema.org","@graph":[{"@type":"NewsArticle","@id":"https:\/\/empresas.infoempleo.com\/hrtrends\/aumentar-la-motivacion-empleados-hijos\/#article","isPartOf":{"@id":"https:\/\/empresas.infoempleo.com\/hrtrends\/aumentar-la-motivacion-empleados-hijos\/"},"author":{"name":"Laura Soler","@id":"https:\/\/empresas.infoempleo.com\/hrtrends\/#\/schema\/person\/a87831bdb31f0ef865cda025cfa8363d"},"headline":"C\u00f3mo aumentar la motivaci\u00f3n de los empleados con hijos","datePublished":"2017-06-15T08:47:57+00:00","dateModified":"2018-12-05T12:12:48+00:00","mainEntityOfPage":{"@id":"https:\/\/empresas.infoempleo.com\/hrtrends\/aumentar-la-motivacion-empleados-hijos\/"},"wordCount":619,"publisher":{"@id":"https:\/\/empresas.infoempleo.com\/hrtrends\/#organization"},"image":{"@id":"https:\/\/empresas.infoempleo.com\/hrtrends\/aumentar-la-motivacion-empleados-hijos\/#primaryimage"},"thumbnailUrl":"https:\/\/empresas.infoempleo.com\/hrtrends\/media\/2017\/06\/C\u00f3mo-aumentar-la-motivaci\u00f3n-de-los-empleados-con-hijos-2-e1497516240815.jpg","keywords":["motivaci\u00f3n"],"articleSection":["Consejos"],"inLanguage":"es","copyrightYear":"2017","copyrightHolder":{"@id":"https:\/\/empresas.infoempleo.com\/hrtrends\/#organization"}},{"@type":"WebPage","@id":"https:\/\/empresas.infoempleo.com\/hrtrends\/aumentar-la-motivacion-empleados-hijos\/","url":"https:\/\/empresas.infoempleo.com\/hrtrends\/aumentar-la-motivacion-empleados-hijos\/","name":"C\u00f3mo aumentar la motivaci\u00f3n de los empleados con hijos","isPartOf":{"@id":"https:\/\/empresas.infoempleo.com\/hrtrends\/#website"},"primaryImageOfPage":{"@id":"https:\/\/empresas.infoempleo.com\/hrtrends\/aumentar-la-motivacion-empleados-hijos\/#primaryimage"},"image":{"@id":"https:\/\/empresas.infoempleo.com\/hrtrends\/aumentar-la-motivacion-empleados-hijos\/#primaryimage"},"thumbnailUrl":"https:\/\/empresas.infoempleo.com\/hrtrends\/media\/2017\/06\/C\u00f3mo-aumentar-la-motivaci\u00f3n-de-los-empleados-con-hijos-2-e1497516240815.jpg","datePublished":"2017-06-15T08:47:57+00:00","dateModified":"2018-12-05T12:12:48+00:00","description":"Centr\u00e1ndonos en cada trabajador podemos ver cu\u00e1les son sus necesidades espec\u00edficas y qu\u00e9 capacidad tenemos como profesionales de ofrecerles lo mejor.","breadcrumb":{"@id":"https:\/\/empresas.infoempleo.com\/hrtrends\/aumentar-la-motivacion-empleados-hijos\/#breadcrumb"},"inLanguage":"es","potentialAction":[{"@type":"ReadAction","target":["https:\/\/empresas.infoempleo.com\/hrtrends\/aumentar-la-motivacion-empleados-hijos\/"]}]},{"@type":"ImageObject","inLanguage":"es","@id":"https:\/\/empresas.infoempleo.com\/hrtrends\/aumentar-la-motivacion-empleados-hijos\/#primaryimage","url":"https:\/\/empresas.infoempleo.com\/hrtrends\/media\/2017\/06\/C\u00f3mo-aumentar-la-motivaci\u00f3n-de-los-empleados-con-hijos-2-e1497516240815-150x150.jpg","contentUrl":"https:\/\/empresas.infoempleo.com\/hrtrends\/media\/2017\/06\/C\u00f3mo-aumentar-la-motivaci\u00f3n-de-los-empleados-con-hijos-2-e1497516240815-150x150.jpg","width":150,"height":150},{"@type":"BreadcrumbList","@id":"https:\/\/empresas.infoempleo.com\/hrtrends\/aumentar-la-motivacion-empleados-hijos\/#breadcrumb","itemListElement":[{"@type":"ListItem","position":1,"name":"Portada","item":"https:\/\/empresas.infoempleo.com\/hrtrends\/"},{"@type":"ListItem","position":2,"name":"C\u00f3mo aumentar la motivaci\u00f3n de los empleados con hijos"}]},{"@type":"WebSite","@id":"https:\/\/empresas.infoempleo.com\/hrtrends\/#website","url":"https:\/\/empresas.infoempleo.com\/hrtrends","name":"HRTrends by Infoempleo","description":"","publisher":{"@id":"https:\/\/empresas.infoempleo.com\/hrtrends\/#organization"},"potentialAction":{"@type":"SearchAction","target":"https:\/\/empresas.infoempleo.com\/hrtrends\/?s={search_term_string}","query-input":"required name=search_term_string"},"inLanguage":"es"},{"@type":"Organization","@id":"https:\/\/empresas.infoempleo.com\/hrtrends\/#organization","name":"Infoempleo","url":"https:\/\/www.infoempleo.com\/","logo":{"@type":"ImageObject","@id":"https:\/\/empresas.infoempleo.com\/hrtrends\/#logo","inLanguage":"es","url":"https:\/\/cdnazure.infoempleo.com\/infoempleo\/assets\/style\/gfx\/logo.svg","contentUrl":"https:\/\/cdnazure.infoempleo.com\/infoempleo\/assets\/style\/gfx\/logo.svg","width":150,"height":40,"caption":"Infoempleo"},"image":{"@id":"https:\/\/empresas.infoempleo.com\/hrtrends\/#logo"},"sameAs":["https:\/\/www.facebook.com\/Infoempleo","https:\/\/x.com\/infoempleo","http:\/\/instagram.com\/infoempleo\/","http:\/\/www.linkedin.com\/groups\/Empleo-Espa\u00f1a-Infoempleocom-111276","http:\/\/pinterest.com\/infoempleo\/"],"address":{"@type":"PostalAddress","addressLocality":"Madrid","postalCode":"28050","streetAddress":"Avenida de Burgos 114"},"brand":["Infoempleo"]},{"@type":"Person","@id":"https:\/\/empresas.infoempleo.com\/hrtrends\/#\/schema\/person\/a87831bdb31f0ef865cda025cfa8363d","name":"Laura Soler","image":{"@type":"ImageObject","inLanguage":"es","@id":"https:\/\/empresas.infoempleo.com\/hrtrends\/#\/schema\/person\/image\/","url":"https:\/\/secure.gravatar.com\/avatar\/a849b9e29c141525eaf83f6f13a6c1442db43088835ada5a24322f59598e8fb5?s=96&d=mm&r=g","contentUrl":"https:\/\/secure.gravatar.com\/avatar\/a849b9e29c141525eaf83f6f13a6c1442db43088835ada5a24322f59598e8fb5?s=96&d=mm&r=g","caption":"Laura Soler"},"description":"Redactora, estudiante de m\u00e1ster en Relaciones Laborales y apasionada del coaching empresarial.","url":"https:\/\/empresas.infoempleo.com\/hrtrends\/author\/laura-soler\/"}]}},"amp_enabled":true,"_links":{"self":[{"href":"https:\/\/empresas.infoempleo.com\/hrtrends\/wp-json\/wp\/v2\/posts\/30583","targetHints":{"allow":["GET"]}}],"collection":[{"href":"https:\/\/empresas.infoempleo.com\/hrtrends\/wp-json\/wp\/v2\/posts"}],"about":[{"href":"https:\/\/empresas.infoempleo.com\/hrtrends\/wp-json\/wp\/v2\/types\/post"}],"author":[{"embeddable":true,"href":"https:\/\/empresas.infoempleo.com\/hrtrends\/wp-json\/wp\/v2\/users\/93"}],"replies":[{"embeddable":true,"href":"https:\/\/empresas.infoempleo.com\/hrtrends\/wp-json\/wp\/v2\/comments?post=30583"}],"version-history":[{"count":0,"href":"https:\/\/empresas.infoempleo.com\/hrtrends\/wp-json\/wp\/v2\/posts\/30583\/revisions"}],"wp:featuredmedia":[{"embeddable":true,"href":"https:\/\/empresas.infoempleo.com\/hrtrends\/wp-json\/wp\/v2\/media\/30584"}],"wp:attachment":[{"href":"https:\/\/empresas.infoempleo.com\/hrtrends\/wp-json\/wp\/v2\/media?parent=30583"}],"wp:term":[{"taxonomy":"category","embeddable":true,"href":"https:\/\/empresas.infoempleo.com\/hrtrends\/wp-json\/wp\/v2\/categories?post=30583"},{"taxonomy":"post_tag","embeddable":true,"href":"https:\/\/empresas.infoempleo.com\/hrtrends\/wp-json\/wp\/v2\/tags?post=30583"}],"curies":[{"name":"wp","href":"https:\/\/api.w.org\/{rel}","templated":true}]}}