{"id":30115,"date":"2017-05-30T09:24:50","date_gmt":"2017-05-30T07:24:50","guid":{"rendered":"https:\/\/empresas.infoempleo.com\/hrtrends\/?p=30115"},"modified":"2025-10-28T18:00:22","modified_gmt":"2025-10-28T16:00:22","slug":"disenar-plan-formacion-la-empresa","status":"publish","type":"post","link":"https:\/\/empresas.infoempleo.com\/hrtrends\/disenar-plan-formacion-la-empresa\/","title":{"rendered":"C\u00f3mo dise\u00f1ar un plan de formaci\u00f3n en la empresa"},"content":{"rendered":"<p>Crear e implementar un programa de formaci\u00f3n es algo que supone muchas ventajas para las empresas y para sus empleados. Ofrecer esta posibilidad en el \u00e1mbito de trabajo permite el desarrollo de las habilidades de los empleados. Adem\u00e1s, se estar\u00e1 contribuyendo tambi\u00e9n a la fidelidad de los trabajadores de cara a la empresa.<\/p>\n<h3>Planes de formaci\u00f3n corporativos<\/h3>\n<p><span style=\"font-weight: 400\">Hay muchas maneras de ofrecer <\/span><a href=\"http:\/\/www.avanzaentucarrera.com\/?utm_source=post&amp;utm_campaign=hrtrends&amp;utm_medium=blogempresas&amp;utm_content=curso\"><span style=\"font-weight: 400\">formaci\u00f3n <\/span><\/a><span style=\"font-weight: 400\">a tus empleados. Algunas veces se opta por financiar cursos externos a la empresa. En otras se trabaja la formaci\u00f3n a nivel interno, donde se puede disponer de cursos espec\u00edficos para preparar a los empleados ante un tema de innovaci\u00f3n, integraci\u00f3n u otro muy concreto. Por otro lado, existen los programas de formaci\u00f3n para empresas, estructurados y desarrollados para una formaci\u00f3n interna a largo plazo.<\/span><\/p>\n<p><span style=\"font-weight: 400\">A diferencia de los cursos espec\u00edficos, el plan de formaci\u00f3n de la empresa permite integrar la innovaci\u00f3n y el aprendizaje en la cultura de la empresa. Adem\u00e1s, el conocimiento y la formaci\u00f3n adquieren un valor estrat\u00e9gico en el funcionamiento global del negocio en cuesti\u00f3n. Para que la <\/span><span style=\"font-weight: 400\">formaci\u00f3n para empresas<\/span><span style=\"font-weight: 400\"> rinda de la mejor manera en su ejecuci\u00f3n, es importante implementarla de manera optimizada siguiendo unos pasos.<\/span><\/p>\n<h3>Pasos para dise\u00f1ar un Plan de Formaci\u00f3n en tu empresa<\/h3>\n<ol>\n<li><span style=\"font-weight: 400\">\u00a0<\/span><b>Dise\u00f1o de la estructura.<\/b><\/li>\n<\/ol>\n<p><span style=\"font-weight: 400\">En esta primera fase, los m\u00e1s importante es establecer los objetivos que se pretenden alcanzar con la formaci\u00f3n de manera general y espec\u00edfica. Dise\u00f1ar un plan de formaci\u00f3n para empresas puede llevarse a cabo de manera muy diferente de acuerdo con lo que quiere conseguir con su implementaci\u00f3n.<\/span><\/p>\n<p><span style=\"font-weight: 400\">Para decidir en qu\u00e9 pilares se apoyar\u00e1 el plan de formaci\u00f3n, hay que definir claramente cu\u00e1l es la finalidad. Algunos ejemplos incluir\u00edan el desarrollo de aptitudes y habilidades espec\u00edficas, retener talento, ense\u00f1ar liderazgo, bienvenida e integraci\u00f3n, socializar, fortalecer la cultura de la empresa, mejorar la autonom\u00eda de trabajo, objetivos corporativos, etc.<\/span><\/p>\n<ol start=\"2\">\n<li><b><\/b><span style=\"font-weight: 400\"> \u00a0\u00a0\u00a0\u00a0<\/span><b>Aparejamiento<\/b><\/li>\n<\/ol>\n<p><span style=\"font-weight: 400\">El siguiente paso es decidir c\u00f3mo se llevar\u00e1 a cabo la formaci\u00f3n. Una opci\u00f3n es realizar una formaci\u00f3n en grupo. Tambi\u00e9n se puede optar por grupos reducidos o equipos, o incluso la formaci\u00f3n particular entre compa\u00f1eros para compartir conocimiento y experiencia. Al final, lo importante es asegurarse que entre alumno y mentor existe una viabilidad de crear una relaci\u00f3n de confianza y compromiso.<\/span><\/p>\n<p><span style=\"font-weight: 400\">Esta fase es dif\u00edcil porque con la implementaci\u00f3n y selecci\u00f3n de individuos es c\u00f3mo se fomenta su desarrollo adecuado. No todo el mundo est\u00e1 hecho para involucrarse en una iniciativa as\u00ed, por lo que es importante destacar a aquellas personas con necesidad y voluntad de ser aprendices. De la misma manera, es importante priorizar aptitudes de llevar a cabo la posici\u00f3n de formar ante antig\u00fcedad en la empresa.<\/span><\/p>\n<ol start=\"3\">\n<li><b><\/b><span style=\"font-weight: 400\"> \u00a0\u00a0\u00a0\u00a0<\/span><b>Training<\/b><\/li>\n<\/ol>\n<p><span style=\"font-weight: 400\">Esta fase define la raz\u00f3n de ser del plan de formaci\u00f3n y lo transmite a todas los que toman parte en su realizaci\u00f3n. Es importante hacer entender a todo el mundo los beneficios de implementar la formaci\u00f3n, dejar claras las expectativas y definir la manera de llevarlo a cabo.<\/span><\/p>\n<p><span style=\"font-weight: 400\">Es el momento en el que se pueden dar consejos de actividades o acciones espec\u00edficas de formaci\u00f3n de acuerdo con los objetivos establecidos y el formato de programa de formaci\u00f3n por el que la empresa se ha decidido.<\/span><\/p>\n<ol start=\"4\">\n<li><b>Inicio<\/b><\/li>\n<\/ol>\n<p><span style=\"font-weight: 400\">En el momento de iniciar el plan de formaci\u00f3n empresarial, es importante asegurarse que todo va encaminado de la mejor manera posible. En este momento es imprescindible la buena comunicaci\u00f3n y la incorporaci\u00f3n de la filosof\u00eda de formaci\u00f3n en la cultura de la empresa. Es la fase en la que es m\u00e1s f\u00e1cil perder a los involucrados, por lo que requiere mucha atenci\u00f3n.<\/span><\/p>\n<ol start=\"5\">\n<li><b><\/b><span style=\"font-weight: 400\"> \u00a0\u00a0\u00a0\u00a0<\/span><b>Evaluaci\u00f3n y Seguimiento<\/b><\/li>\n<\/ol>\n<p><span style=\"font-weight: 400\">Como con cualquier innovaci\u00f3n en una empresa, hacer un buen seguimiento es fundamental. A lo largo del desarrollo del programa de formaci\u00f3n, se tiene que evaluar el progreso y el proceso en s\u00ed. \u00bfSe est\u00e1 generando la confianza necesaria por parte de los participantes? Mediante la observaci\u00f3n y la recepci\u00f3n de feedback de los involucrados, se puede ir ajustando el programa que est\u00e9 mejor adaptado sin desviarse de los objetivos iniciales.<\/span><\/p>\n","protected":false},"excerpt":{"rendered":"<p>Crear e implementar un programa de formaci\u00f3n es algo que supone muchas ventajas para las empresas y para<a class=\"moretag\" href=\"https:\/\/empresas.infoempleo.com\/hrtrends\/disenar-plan-formacion-la-empresa\/\"> Leer m\u00e1s<\/a><\/p>\n","protected":false},"author":94,"featured_media":30124,"comment_status":"closed","ping_status":"open","sticky":false,"template":"","format":"standard","meta":{"footnotes":""},"categories":[3032],"tags":[],"class_list":["post-30115","post","type-post","status-publish","format-standard","has-post-thumbnail","hentry","category-formacion"],"yoast_head":"<!-- This site is optimized with the Yoast SEO plugin v26.1.1 - https:\/\/yoast.com\/wordpress\/plugins\/seo\/ -->\n<title>C\u00f3mo dise\u00f1ar un plan de formaci\u00f3n en la empresa | HRTRENDS<\/title>\n<meta name=\"description\" content=\"La formaci\u00f3n es un aspecto muy positivo en el \u00e1mbito corporativo y aqu\u00ed aprender\u00e1s c\u00f3mo dise\u00f1arlo para lograr un resultado productivo y eficaz\" \/>\n<meta name=\"robots\" content=\"index, follow, max-snippet:-1, max-image-preview:large, max-video-preview:-1\" \/>\n<link rel=\"canonical\" href=\"https:\/\/empresas.infoempleo.com\/hrtrends\/disenar-plan-formacion-la-empresa\/\" \/>\n<meta property=\"og:locale\" content=\"es_ES\" \/>\n<meta property=\"og:type\" content=\"article\" \/>\n<meta property=\"og:title\" content=\"C\u00f3mo dise\u00f1ar un plan de formaci\u00f3n en la empresa | HRTRENDS\" \/>\n<meta property=\"og:description\" content=\"La formaci\u00f3n es un aspecto muy positivo en el \u00e1mbito corporativo y aqu\u00ed aprender\u00e1s c\u00f3mo dise\u00f1arlo para lograr un resultado productivo y eficaz\" \/>\n<meta property=\"og:url\" content=\"https:\/\/empresas.infoempleo.com\/hrtrends\/disenar-plan-formacion-la-empresa\/\" \/>\n<meta property=\"og:site_name\" content=\"HRTRENDS\" \/>\n<meta property=\"article:publisher\" content=\"https:\/\/www.facebook.com\/Infoempleo\" \/>\n<meta property=\"article:published_time\" content=\"2017-05-30T07:24:50+00:00\" \/>\n<meta property=\"article:modified_time\" content=\"2025-10-28T16:00:22+00:00\" \/>\n<meta property=\"og:image\" content=\"https:\/\/empresas.infoempleo.com\/hrtrends\/media\/2017\/05\/C\u00f3mo-dise\u00f1ar-un-plan-de-formaci\u00f3n-en-la-empresa-2-e1496128451443.jpg\" \/>\n\t<meta property=\"og:image:width\" content=\"600\" \/>\n\t<meta property=\"og:image:height\" content=\"400\" \/>\n\t<meta property=\"og:image:type\" content=\"image\/jpeg\" \/>\n<meta name=\"author\" content=\"Juan Silva\" \/>\n<meta name=\"twitter:card\" content=\"summary_large_image\" \/>\n<meta name=\"twitter:creator\" content=\"@infoempleo\" \/>\n<meta name=\"twitter:site\" content=\"@infoempleo\" \/>\n<meta name=\"twitter:label1\" content=\"Escrito por\" \/>\n\t<meta name=\"twitter:data1\" content=\"Juan Silva\" \/>\n\t<meta name=\"twitter:label2\" content=\"Tiempo de lectura\" \/>\n\t<meta name=\"twitter:data2\" content=\"4 minutos\" \/>\n<script type=\"application\/ld+json\" class=\"yoast-schema-graph\">{\"@context\":\"https:\/\/schema.org\",\"@graph\":[{\"@type\":\"NewsArticle\",\"@id\":\"https:\/\/empresas.infoempleo.com\/hrtrends\/disenar-plan-formacion-la-empresa\/#article\",\"isPartOf\":{\"@id\":\"https:\/\/empresas.infoempleo.com\/hrtrends\/disenar-plan-formacion-la-empresa\/\"},\"author\":{\"name\":\"Juan Silva\",\"@id\":\"https:\/\/empresas.infoempleo.com\/hrtrends\/#\/schema\/person\/db421ee3257c4320b9bea812e2143547\"},\"headline\":\"C\u00f3mo dise\u00f1ar un plan de formaci\u00f3n en la empresa\",\"datePublished\":\"2017-05-30T07:24:50+00:00\",\"dateModified\":\"2025-10-28T16:00:22+00:00\",\"mainEntityOfPage\":{\"@id\":\"https:\/\/empresas.infoempleo.com\/hrtrends\/disenar-plan-formacion-la-empresa\/\"},\"wordCount\":748,\"publisher\":{\"@id\":\"https:\/\/empresas.infoempleo.com\/hrtrends\/#organization\"},\"image\":{\"@id\":\"https:\/\/empresas.infoempleo.com\/hrtrends\/disenar-plan-formacion-la-empresa\/#primaryimage\"},\"thumbnailUrl\":\"https:\/\/empresas.infoempleo.com\/hrtrends\/media\/2017\/05\/C\u00f3mo-dise\u00f1ar-un-plan-de-formaci\u00f3n-en-la-empresa-2-e1496128451443.jpg\",\"articleSection\":[\"Formaci\u00f3n\"],\"inLanguage\":\"es\",\"copyrightYear\":\"2017\",\"copyrightHolder\":{\"@id\":\"https:\/\/empresas.infoempleo.com\/hrtrends\/#organization\"}},{\"@type\":\"WebPage\",\"@id\":\"https:\/\/empresas.infoempleo.com\/hrtrends\/disenar-plan-formacion-la-empresa\/\",\"url\":\"https:\/\/empresas.infoempleo.com\/hrtrends\/disenar-plan-formacion-la-empresa\/\",\"name\":\"C\u00f3mo dise\u00f1ar un plan de formaci\u00f3n en la empresa | HRTRENDS\",\"isPartOf\":{\"@id\":\"https:\/\/empresas.infoempleo.com\/hrtrends\/#website\"},\"primaryImageOfPage\":{\"@id\":\"https:\/\/empresas.infoempleo.com\/hrtrends\/disenar-plan-formacion-la-empresa\/#primaryimage\"},\"image\":{\"@id\":\"https:\/\/empresas.infoempleo.com\/hrtrends\/disenar-plan-formacion-la-empresa\/#primaryimage\"},\"thumbnailUrl\":\"https:\/\/empresas.infoempleo.com\/hrtrends\/media\/2017\/05\/C\u00f3mo-dise\u00f1ar-un-plan-de-formaci\u00f3n-en-la-empresa-2-e1496128451443.jpg\",\"datePublished\":\"2017-05-30T07:24:50+00:00\",\"dateModified\":\"2025-10-28T16:00:22+00:00\",\"description\":\"La formaci\u00f3n es un aspecto muy positivo en el \u00e1mbito corporativo y aqu\u00ed aprender\u00e1s c\u00f3mo dise\u00f1arlo para lograr un resultado productivo y eficaz\",\"breadcrumb\":{\"@id\":\"https:\/\/empresas.infoempleo.com\/hrtrends\/disenar-plan-formacion-la-empresa\/#breadcrumb\"},\"inLanguage\":\"es\",\"potentialAction\":[{\"@type\":\"ReadAction\",\"target\":[\"https:\/\/empresas.infoempleo.com\/hrtrends\/disenar-plan-formacion-la-empresa\/\"]}]},{\"@type\":\"ImageObject\",\"inLanguage\":\"es\",\"@id\":\"https:\/\/empresas.infoempleo.com\/hrtrends\/disenar-plan-formacion-la-empresa\/#primaryimage\",\"url\":\"https:\/\/empresas.infoempleo.com\/hrtrends\/media\/2017\/05\/C\u00f3mo-dise\u00f1ar-un-plan-de-formaci\u00f3n-en-la-empresa-2-e1496128451443-150x150.jpg\",\"contentUrl\":\"https:\/\/empresas.infoempleo.com\/hrtrends\/media\/2017\/05\/C\u00f3mo-dise\u00f1ar-un-plan-de-formaci\u00f3n-en-la-empresa-2-e1496128451443-150x150.jpg\",\"width\":150,\"height\":150},{\"@type\":\"BreadcrumbList\",\"@id\":\"https:\/\/empresas.infoempleo.com\/hrtrends\/disenar-plan-formacion-la-empresa\/#breadcrumb\",\"itemListElement\":[{\"@type\":\"ListItem\",\"position\":1,\"name\":\"Portada\",\"item\":\"https:\/\/empresas.infoempleo.com\/hrtrends\/\"},{\"@type\":\"ListItem\",\"position\":2,\"name\":\"C\u00f3mo dise\u00f1ar un plan de formaci\u00f3n en la empresa\"}]},{\"@type\":\"WebSite\",\"@id\":\"https:\/\/empresas.infoempleo.com\/hrtrends\/#website\",\"url\":\"https:\/\/empresas.infoempleo.com\/hrtrends\",\"name\":\"HRTrends by Infoempleo\",\"description\":\"\",\"publisher\":{\"@id\":\"https:\/\/empresas.infoempleo.com\/hrtrends\/#organization\"},\"potentialAction\":{\"@type\":\"SearchAction\",\"target\":\"https:\/\/empresas.infoempleo.com\/hrtrends\/?s={search_term_string}\",\"query-input\":\"required name=search_term_string\"},\"inLanguage\":\"es\"},{\"@type\":\"Organization\",\"@id\":\"https:\/\/empresas.infoempleo.com\/hrtrends\/#organization\",\"name\":\"Infoempleo\",\"url\":\"https:\/\/www.infoempleo.com\/\",\"logo\":{\"@type\":\"ImageObject\",\"@id\":\"https:\/\/empresas.infoempleo.com\/hrtrends\/#logo\",\"inLanguage\":\"es\",\"url\":\"https:\/\/cdnazure.infoempleo.com\/infoempleo\/assets\/style\/gfx\/logo.svg\",\"contentUrl\":\"https:\/\/cdnazure.infoempleo.com\/infoempleo\/assets\/style\/gfx\/logo.svg\",\"width\":150,\"height\":40,\"caption\":\"Infoempleo\"},\"image\":{\"@id\":\"https:\/\/empresas.infoempleo.com\/hrtrends\/#logo\"},\"sameAs\":[\"https:\/\/www.facebook.com\/Infoempleo\",\"https:\/\/x.com\/infoempleo\",\"http:\/\/instagram.com\/infoempleo\/\",\"http:\/\/www.linkedin.com\/groups\/Empleo-Espa\u00f1a-Infoempleocom-111276\",\"http:\/\/pinterest.com\/infoempleo\/\"],\"address\":{\"@type\":\"PostalAddress\",\"addressLocality\":\"Madrid\",\"postalCode\":\"28050\",\"streetAddress\":\"Avenida de Burgos 114\"},\"brand\":[\"Infoempleo\"]},{\"@type\":\"Person\",\"@id\":\"https:\/\/empresas.infoempleo.com\/hrtrends\/#\/schema\/person\/db421ee3257c4320b9bea812e2143547\",\"name\":\"Juan Silva\",\"image\":{\"@type\":\"ImageObject\",\"inLanguage\":\"es\",\"@id\":\"https:\/\/empresas.infoempleo.com\/hrtrends\/#\/schema\/person\/image\/\",\"url\":\"https:\/\/secure.gravatar.com\/avatar\/a3333b5e41c9340508a3d9c4d9433dfdb4dd6da6ac41d9e09833c5bf172321e1?s=96&d=mm&r=g\",\"contentUrl\":\"https:\/\/secure.gravatar.com\/avatar\/a3333b5e41c9340508a3d9c4d9433dfdb4dd6da6ac41d9e09833c5bf172321e1?s=96&d=mm&r=g\",\"caption\":\"Juan Silva\"},\"description\":\"Redactor, especializado en nuevas tecnolog\u00edas y la transformaci\u00f3n digital de las organizaciones.\",\"url\":\"https:\/\/empresas.infoempleo.com\/hrtrends\/author\/juan-silva\/\"}]}<\/script>\n<!-- \/ Yoast SEO plugin. -->","yoast_head_json":{"title":"C\u00f3mo dise\u00f1ar un plan de formaci\u00f3n en la empresa | HRTRENDS","description":"La formaci\u00f3n es un aspecto muy positivo en el \u00e1mbito corporativo y aqu\u00ed aprender\u00e1s c\u00f3mo dise\u00f1arlo para lograr un resultado productivo y eficaz","robots":{"index":"index","follow":"follow","max-snippet":"max-snippet:-1","max-image-preview":"max-image-preview:large","max-video-preview":"max-video-preview:-1"},"canonical":"https:\/\/empresas.infoempleo.com\/hrtrends\/disenar-plan-formacion-la-empresa\/","og_locale":"es_ES","og_type":"article","og_title":"C\u00f3mo dise\u00f1ar un plan de formaci\u00f3n en la empresa | HRTRENDS","og_description":"La formaci\u00f3n es un aspecto muy positivo en el \u00e1mbito corporativo y aqu\u00ed aprender\u00e1s c\u00f3mo dise\u00f1arlo para lograr un resultado productivo y eficaz","og_url":"https:\/\/empresas.infoempleo.com\/hrtrends\/disenar-plan-formacion-la-empresa\/","og_site_name":"HRTRENDS","article_publisher":"https:\/\/www.facebook.com\/Infoempleo","article_published_time":"2017-05-30T07:24:50+00:00","article_modified_time":"2025-10-28T16:00:22+00:00","og_image":[{"width":600,"height":400,"url":"https:\/\/empresas.infoempleo.com\/hrtrends\/media\/2017\/05\/C\u00f3mo-dise\u00f1ar-un-plan-de-formaci\u00f3n-en-la-empresa-2-e1496128451443.jpg","type":"image\/jpeg"}],"author":"Juan Silva","twitter_card":"summary_large_image","twitter_creator":"@infoempleo","twitter_site":"@infoempleo","twitter_misc":{"Escrito por":"Juan Silva","Tiempo de lectura":"4 minutos"},"schema":{"@context":"https:\/\/schema.org","@graph":[{"@type":"NewsArticle","@id":"https:\/\/empresas.infoempleo.com\/hrtrends\/disenar-plan-formacion-la-empresa\/#article","isPartOf":{"@id":"https:\/\/empresas.infoempleo.com\/hrtrends\/disenar-plan-formacion-la-empresa\/"},"author":{"name":"Juan Silva","@id":"https:\/\/empresas.infoempleo.com\/hrtrends\/#\/schema\/person\/db421ee3257c4320b9bea812e2143547"},"headline":"C\u00f3mo dise\u00f1ar un plan de formaci\u00f3n en la empresa","datePublished":"2017-05-30T07:24:50+00:00","dateModified":"2025-10-28T16:00:22+00:00","mainEntityOfPage":{"@id":"https:\/\/empresas.infoempleo.com\/hrtrends\/disenar-plan-formacion-la-empresa\/"},"wordCount":748,"publisher":{"@id":"https:\/\/empresas.infoempleo.com\/hrtrends\/#organization"},"image":{"@id":"https:\/\/empresas.infoempleo.com\/hrtrends\/disenar-plan-formacion-la-empresa\/#primaryimage"},"thumbnailUrl":"https:\/\/empresas.infoempleo.com\/hrtrends\/media\/2017\/05\/C\u00f3mo-dise\u00f1ar-un-plan-de-formaci\u00f3n-en-la-empresa-2-e1496128451443.jpg","articleSection":["Formaci\u00f3n"],"inLanguage":"es","copyrightYear":"2017","copyrightHolder":{"@id":"https:\/\/empresas.infoempleo.com\/hrtrends\/#organization"}},{"@type":"WebPage","@id":"https:\/\/empresas.infoempleo.com\/hrtrends\/disenar-plan-formacion-la-empresa\/","url":"https:\/\/empresas.infoempleo.com\/hrtrends\/disenar-plan-formacion-la-empresa\/","name":"C\u00f3mo dise\u00f1ar un plan de formaci\u00f3n en la empresa | HRTRENDS","isPartOf":{"@id":"https:\/\/empresas.infoempleo.com\/hrtrends\/#website"},"primaryImageOfPage":{"@id":"https:\/\/empresas.infoempleo.com\/hrtrends\/disenar-plan-formacion-la-empresa\/#primaryimage"},"image":{"@id":"https:\/\/empresas.infoempleo.com\/hrtrends\/disenar-plan-formacion-la-empresa\/#primaryimage"},"thumbnailUrl":"https:\/\/empresas.infoempleo.com\/hrtrends\/media\/2017\/05\/C\u00f3mo-dise\u00f1ar-un-plan-de-formaci\u00f3n-en-la-empresa-2-e1496128451443.jpg","datePublished":"2017-05-30T07:24:50+00:00","dateModified":"2025-10-28T16:00:22+00:00","description":"La formaci\u00f3n es un aspecto muy positivo en el \u00e1mbito corporativo y aqu\u00ed aprender\u00e1s c\u00f3mo dise\u00f1arlo para lograr un resultado productivo y eficaz","breadcrumb":{"@id":"https:\/\/empresas.infoempleo.com\/hrtrends\/disenar-plan-formacion-la-empresa\/#breadcrumb"},"inLanguage":"es","potentialAction":[{"@type":"ReadAction","target":["https:\/\/empresas.infoempleo.com\/hrtrends\/disenar-plan-formacion-la-empresa\/"]}]},{"@type":"ImageObject","inLanguage":"es","@id":"https:\/\/empresas.infoempleo.com\/hrtrends\/disenar-plan-formacion-la-empresa\/#primaryimage","url":"https:\/\/empresas.infoempleo.com\/hrtrends\/media\/2017\/05\/C\u00f3mo-dise\u00f1ar-un-plan-de-formaci\u00f3n-en-la-empresa-2-e1496128451443-150x150.jpg","contentUrl":"https:\/\/empresas.infoempleo.com\/hrtrends\/media\/2017\/05\/C\u00f3mo-dise\u00f1ar-un-plan-de-formaci\u00f3n-en-la-empresa-2-e1496128451443-150x150.jpg","width":150,"height":150},{"@type":"BreadcrumbList","@id":"https:\/\/empresas.infoempleo.com\/hrtrends\/disenar-plan-formacion-la-empresa\/#breadcrumb","itemListElement":[{"@type":"ListItem","position":1,"name":"Portada","item":"https:\/\/empresas.infoempleo.com\/hrtrends\/"},{"@type":"ListItem","position":2,"name":"C\u00f3mo dise\u00f1ar un plan de formaci\u00f3n en la empresa"}]},{"@type":"WebSite","@id":"https:\/\/empresas.infoempleo.com\/hrtrends\/#website","url":"https:\/\/empresas.infoempleo.com\/hrtrends","name":"HRTrends by Infoempleo","description":"","publisher":{"@id":"https:\/\/empresas.infoempleo.com\/hrtrends\/#organization"},"potentialAction":{"@type":"SearchAction","target":"https:\/\/empresas.infoempleo.com\/hrtrends\/?s={search_term_string}","query-input":"required name=search_term_string"},"inLanguage":"es"},{"@type":"Organization","@id":"https:\/\/empresas.infoempleo.com\/hrtrends\/#organization","name":"Infoempleo","url":"https:\/\/www.infoempleo.com\/","logo":{"@type":"ImageObject","@id":"https:\/\/empresas.infoempleo.com\/hrtrends\/#logo","inLanguage":"es","url":"https:\/\/cdnazure.infoempleo.com\/infoempleo\/assets\/style\/gfx\/logo.svg","contentUrl":"https:\/\/cdnazure.infoempleo.com\/infoempleo\/assets\/style\/gfx\/logo.svg","width":150,"height":40,"caption":"Infoempleo"},"image":{"@id":"https:\/\/empresas.infoempleo.com\/hrtrends\/#logo"},"sameAs":["https:\/\/www.facebook.com\/Infoempleo","https:\/\/x.com\/infoempleo","http:\/\/instagram.com\/infoempleo\/","http:\/\/www.linkedin.com\/groups\/Empleo-Espa\u00f1a-Infoempleocom-111276","http:\/\/pinterest.com\/infoempleo\/"],"address":{"@type":"PostalAddress","addressLocality":"Madrid","postalCode":"28050","streetAddress":"Avenida de Burgos 114"},"brand":["Infoempleo"]},{"@type":"Person","@id":"https:\/\/empresas.infoempleo.com\/hrtrends\/#\/schema\/person\/db421ee3257c4320b9bea812e2143547","name":"Juan Silva","image":{"@type":"ImageObject","inLanguage":"es","@id":"https:\/\/empresas.infoempleo.com\/hrtrends\/#\/schema\/person\/image\/","url":"https:\/\/secure.gravatar.com\/avatar\/a3333b5e41c9340508a3d9c4d9433dfdb4dd6da6ac41d9e09833c5bf172321e1?s=96&d=mm&r=g","contentUrl":"https:\/\/secure.gravatar.com\/avatar\/a3333b5e41c9340508a3d9c4d9433dfdb4dd6da6ac41d9e09833c5bf172321e1?s=96&d=mm&r=g","caption":"Juan Silva"},"description":"Redactor, especializado en nuevas tecnolog\u00edas y la transformaci\u00f3n digital de las organizaciones.","url":"https:\/\/empresas.infoempleo.com\/hrtrends\/author\/juan-silva\/"}]}},"amp_enabled":true,"_links":{"self":[{"href":"https:\/\/empresas.infoempleo.com\/hrtrends\/wp-json\/wp\/v2\/posts\/30115","targetHints":{"allow":["GET"]}}],"collection":[{"href":"https:\/\/empresas.infoempleo.com\/hrtrends\/wp-json\/wp\/v2\/posts"}],"about":[{"href":"https:\/\/empresas.infoempleo.com\/hrtrends\/wp-json\/wp\/v2\/types\/post"}],"author":[{"embeddable":true,"href":"https:\/\/empresas.infoempleo.com\/hrtrends\/wp-json\/wp\/v2\/users\/94"}],"replies":[{"embeddable":true,"href":"https:\/\/empresas.infoempleo.com\/hrtrends\/wp-json\/wp\/v2\/comments?post=30115"}],"version-history":[{"count":2,"href":"https:\/\/empresas.infoempleo.com\/hrtrends\/wp-json\/wp\/v2\/posts\/30115\/revisions"}],"predecessor-version":[{"id":47218,"href":"https:\/\/empresas.infoempleo.com\/hrtrends\/wp-json\/wp\/v2\/posts\/30115\/revisions\/47218"}],"wp:featuredmedia":[{"embeddable":true,"href":"https:\/\/empresas.infoempleo.com\/hrtrends\/wp-json\/wp\/v2\/media\/30124"}],"wp:attachment":[{"href":"https:\/\/empresas.infoempleo.com\/hrtrends\/wp-json\/wp\/v2\/media?parent=30115"}],"wp:term":[{"taxonomy":"category","embeddable":true,"href":"https:\/\/empresas.infoempleo.com\/hrtrends\/wp-json\/wp\/v2\/categories?post=30115"},{"taxonomy":"post_tag","embeddable":true,"href":"https:\/\/empresas.infoempleo.com\/hrtrends\/wp-json\/wp\/v2\/tags?post=30115"}],"curies":[{"name":"wp","href":"https:\/\/api.w.org\/{rel}","templated":true}]}}