{"id":30023,"date":"2017-05-24T09:21:00","date_gmt":"2017-05-24T07:21:00","guid":{"rendered":"https:\/\/empresas.infoempleo.com\/hrtrends\/?p=30023"},"modified":"2018-05-23T16:48:22","modified_gmt":"2018-05-23T14:48:22","slug":"desmotivacion-laboral","status":"publish","type":"post","link":"https:\/\/empresas.infoempleo.com\/hrtrends\/desmotivacion-laboral\/","title":{"rendered":"Desmotivaci\u00f3n laboral, causas y soluciones"},"content":{"rendered":"<p><span style=\"font-weight: 400;\">Hace unos a\u00f1os el concepto de desmotivaci\u00f3n laboral nos har\u00eda pensar \u00fanicamente en los trabajadores. Hoy en d\u00eda, es un aspecto que preocupa tanto a las empresas como a sus empleados. <\/span><\/p>\n<p><span style=\"font-weight: 400;\">Las compa\u00f1\u00edas son conscientes del efecto negativo que tiene en la productividad contar con una <\/span><b>plantilla desmotivada<\/b><span style=\"font-weight: 400;\">. Los signos de esta falta de motivaci\u00f3n (m\u00e1s cansancio, peor car\u00e1cter con los compa\u00f1eros, bajo rendimiento\u2026) no siempre son detectables a corto plazo, pero es evidente que afectar\u00e1 a la productividad individual y colectiva. Por este motivo las entidades se han propuesto cuidar tanto el talento como las emociones que le rodean.<\/span><\/p>\n<p>Seg\u00fan diversos estudios realizados,<b> 7 de cada 10 trabajadores se muestran descontentos<\/b> con su situaci\u00f3n. Las razones no s\u00f3lo giran\u00a0sobre la remuneraci\u00f3n salarial, aunque \u00e9sta es una de las principales causas.<\/p>\n<h3><img loading=\"lazy\" decoding=\"async\" class=\"aligncenter wp-image-30025\" src=\"https:\/\/empresas.infoempleo.com\/hrtrends\/media\/2017\/05\/La-desmotivaci\u00f3n-laboral-causas-y-soluciones.jpg\" alt=\"\" width=\"600\" height=\"423\" \/><br \/>\n<b>Causas y soluciones de la desmotivaci\u00f3n laboral<\/b><\/h3>\n<p><span style=\"font-weight: 400;\">Estas son las 4 principales causas de la desmotivaci\u00f3n laboral de los trabajadores y las posibles soluciones:<\/span><\/p>\n<p><strong>1. Logros que pasan desapercibidos <\/strong><span style=\"font-weight: 400;\"><strong>\u00a0<\/strong><br \/>\n<\/span><span style=\"font-weight: 400;\">Alcanzar un objetivo no siempre es suficiente motivaci\u00f3n, en ocasiones debe acompa\u00f1arse de una felicitaci\u00f3n o compensaci\u00f3n a\u00f1adida. Casi 1 de cada 5 empleados sienten que sus buenos resultados no son valorados. Las empresas deben apreciar el trabajo de su plantilla mir\u00e1ndolo con perspectiva. Es decir, para <\/span><b>solventar este problema y recompensarles <\/b><span style=\"font-weight: 400;\">podr\u00e1n actuar sobre m\u00faltiples condiciones laborales: mayor comunicaci\u00f3n, poder de decisi\u00f3n, flexibilidad en el horario, remuneraci\u00f3n, facilidades de transporte y\/o comida, etc.<\/span><\/p>\n<p><span style=\"font-weight: 400;\"><strong>2. Mal clima laboral<\/strong><br \/>\n<\/span><span style=\"font-weight: 400;\">El ambiente laboral no s\u00f3lo lo conforman los propios trabajadores, tambi\u00e9n el espacio de trabajo ha cobrado una importancia vital. Las emociones se contagian, por lo que <\/span><b>crear entornos positivos <\/b><span style=\"font-weight: 400;\">y un ambiente distendido repercutir\u00e1 positivamente generando mejores resultados. <\/span><\/p>\n<p><span style=\"font-weight: 400;\"><strong>3. Desajuste entre las perspectivas y la realidad<\/strong><br \/>\n<\/span><span style=\"font-weight: 400;\">Otro gran grupo de empleados desmotivados lo achacan a una falta de <\/span><b>desaf\u00edos laborales<\/b><span style=\"font-weight: 400;\">. Por culpa de la crisis, muchas empresas han tenido que reestructurarse. Muchos empleados han tenido que asumir tareas de diferentes rangos o se han visto superados por competencias antes desconocidas (multitasking, nuevas tecnolog\u00edas, comunicaci\u00f3n, etc.). En muchas ocasiones son los propios profesionales los que tienen en su mano revertir una situaci\u00f3n negativa. Una <\/span><b>actitud proactiva<\/b><span style=\"font-weight: 400;\"> y una predisposici\u00f3n abierta mejorar\u00e1 el \u00e1nimo con el que se acude al puesto de trabajo. <\/span><\/p>\n<p><span style=\"font-weight: 400;\"><strong>4. Otras limitaciones comunicativas<\/strong><br \/>\n<\/span><span style=\"font-weight: 400;\">Uno de cada diez empleados ve limitadas\u00a0sus posibilidades de ascenso, mientras que un 5% se siente incapacitado para aportar nuevas ideas. Muchas soluciones pasan por <\/span><b>mejorar y facilitar la comunicaci\u00f3n interna<\/b><span style=\"font-weight: 400;\">. Las empresas del futuro avanzan hacia jerarqu\u00edas m\u00e1s horizontales donde todas las opiniones cuentan para sumar. Hay que evolucionar los canales comunicativos verticales, porque frustran y limitan las expectativas de los trabajadores. Adem\u00e1s, los l\u00edderes tienen que tener empat\u00eda y <\/span><b>transmitir motivaci\u00f3n<\/b><span style=\"font-weight: 400;\"> entre sus compa\u00f1eros. Deben ser los primeros en asumir los fracasos y compartir los \u00e9xitos.<\/span><\/p>\n<p><span style=\"font-weight: 400;\">La desmotivaci\u00f3n laboral ataca directamente al talento que posee nuestra empresa. Aunque cada situaci\u00f3n es diferente, la comunicaci\u00f3n interna y la valoraci\u00f3n correcta de nuestros trabajadores son bases para erradicar este problema.<\/span><\/p>\n","protected":false},"excerpt":{"rendered":"<p>Hace unos a\u00f1os el concepto de desmotivaci\u00f3n laboral nos har\u00eda pensar \u00fanicamente en los trabajadores. Hoy en d\u00eda,<a class=\"moretag\" href=\"https:\/\/empresas.infoempleo.com\/hrtrends\/desmotivacion-laboral\/\"> Leer m\u00e1s<\/a><\/p>\n","protected":false},"author":92,"featured_media":30026,"comment_status":"closed","ping_status":"open","sticky":false,"template":"","format":"standard","meta":{"footnotes":""},"categories":[3035],"tags":[272,162,482,2011],"class_list":["post-30023","post","type-post","status-publish","format-standard","has-post-thumbnail","hentry","category-consejos","tag-desmotivacion","tag-empleo","tag-infoempleo","tag-infoempleo-soluciones"],"yoast_head":"<!-- This site is optimized with the Yoast SEO plugin v26.1.1 - https:\/\/yoast.com\/wordpress\/plugins\/seo\/ -->\n<title>La desmotivaci\u00f3n laboral, las causas y sus soluciones<\/title>\n<meta name=\"description\" content=\"El concepto de desmotivaci\u00f3n laboral nos har\u00eda pensar \u00fanicamente en los trabajadores, pero hoy en d\u00eda es un aspecto que tambi\u00e9n preocupa a las empresas.\" \/>\n<meta name=\"robots\" content=\"index, follow, max-snippet:-1, max-image-preview:large, max-video-preview:-1\" \/>\n<link rel=\"canonical\" href=\"https:\/\/empresas.infoempleo.com\/hrtrends\/desmotivacion-laboral\/\" \/>\n<meta property=\"og:locale\" content=\"es_ES\" \/>\n<meta property=\"og:type\" content=\"article\" \/>\n<meta property=\"og:title\" content=\"La desmotivaci\u00f3n laboral, las causas y sus soluciones\" \/>\n<meta property=\"og:description\" content=\"El concepto de desmotivaci\u00f3n laboral nos har\u00eda pensar \u00fanicamente en los trabajadores, pero hoy en d\u00eda es un aspecto que tambi\u00e9n preocupa a las empresas.\" \/>\n<meta property=\"og:url\" content=\"https:\/\/empresas.infoempleo.com\/hrtrends\/desmotivacion-laboral\/\" \/>\n<meta property=\"og:site_name\" content=\"HRTRENDS\" \/>\n<meta property=\"article:publisher\" content=\"https:\/\/www.facebook.com\/Infoempleo\" \/>\n<meta property=\"article:published_time\" content=\"2017-05-24T07:21:00+00:00\" \/>\n<meta property=\"article:modified_time\" content=\"2018-05-23T14:48:22+00:00\" \/>\n<meta property=\"og:image\" content=\"https:\/\/empresas.infoempleo.com\/hrtrends\/media\/2017\/05\/La-desmotivaci\u00f3n-laboral-causas-y-soluciones-2-e1495702263798.jpg\" \/>\n\t<meta property=\"og:image:width\" content=\"800\" \/>\n\t<meta property=\"og:image:height\" content=\"533\" \/>\n\t<meta property=\"og:image:type\" content=\"image\/jpeg\" \/>\n<meta name=\"author\" content=\"Roberto N\u00fa\u00f1ez\" \/>\n<meta name=\"twitter:card\" content=\"summary_large_image\" \/>\n<meta name=\"twitter:creator\" content=\"@infoempleo\" \/>\n<meta name=\"twitter:site\" content=\"@infoempleo\" \/>\n<meta name=\"twitter:label1\" content=\"Escrito por\" \/>\n\t<meta name=\"twitter:data1\" content=\"Roberto N\u00fa\u00f1ez\" \/>\n\t<meta name=\"twitter:label2\" content=\"Tiempo de lectura\" \/>\n\t<meta name=\"twitter:data2\" content=\"3 minutos\" \/>\n<script type=\"application\/ld+json\" class=\"yoast-schema-graph\">{\"@context\":\"https:\/\/schema.org\",\"@graph\":[{\"@type\":\"NewsArticle\",\"@id\":\"https:\/\/empresas.infoempleo.com\/hrtrends\/desmotivacion-laboral\/#article\",\"isPartOf\":{\"@id\":\"https:\/\/empresas.infoempleo.com\/hrtrends\/desmotivacion-laboral\/\"},\"author\":{\"name\":\"Roberto N\u00fa\u00f1ez\",\"@id\":\"https:\/\/empresas.infoempleo.com\/hrtrends\/#\/schema\/person\/f0862a502c6b4e3842715cb537613c17\"},\"headline\":\"Desmotivaci\u00f3n laboral, causas y soluciones\",\"datePublished\":\"2017-05-24T07:21:00+00:00\",\"dateModified\":\"2018-05-23T14:48:22+00:00\",\"mainEntityOfPage\":{\"@id\":\"https:\/\/empresas.infoempleo.com\/hrtrends\/desmotivacion-laboral\/\"},\"wordCount\":538,\"publisher\":{\"@id\":\"https:\/\/empresas.infoempleo.com\/hrtrends\/#organization\"},\"image\":{\"@id\":\"https:\/\/empresas.infoempleo.com\/hrtrends\/desmotivacion-laboral\/#primaryimage\"},\"thumbnailUrl\":\"https:\/\/empresas.infoempleo.com\/hrtrends\/media\/2017\/05\/La-desmotivaci\u00f3n-laboral-causas-y-soluciones-2-e1495702263798.jpg\",\"keywords\":[\"desmotivaci\u00f3n\",\"Empleo\",\"infoempleo\",\"Infoempleo Soluciones\"],\"articleSection\":[\"Consejos\"],\"inLanguage\":\"es\",\"copyrightYear\":\"2017\",\"copyrightHolder\":{\"@id\":\"https:\/\/empresas.infoempleo.com\/hrtrends\/#organization\"}},{\"@type\":\"WebPage\",\"@id\":\"https:\/\/empresas.infoempleo.com\/hrtrends\/desmotivacion-laboral\/\",\"url\":\"https:\/\/empresas.infoempleo.com\/hrtrends\/desmotivacion-laboral\/\",\"name\":\"La desmotivaci\u00f3n laboral, las causas y sus soluciones\",\"isPartOf\":{\"@id\":\"https:\/\/empresas.infoempleo.com\/hrtrends\/#website\"},\"primaryImageOfPage\":{\"@id\":\"https:\/\/empresas.infoempleo.com\/hrtrends\/desmotivacion-laboral\/#primaryimage\"},\"image\":{\"@id\":\"https:\/\/empresas.infoempleo.com\/hrtrends\/desmotivacion-laboral\/#primaryimage\"},\"thumbnailUrl\":\"https:\/\/empresas.infoempleo.com\/hrtrends\/media\/2017\/05\/La-desmotivaci\u00f3n-laboral-causas-y-soluciones-2-e1495702263798.jpg\",\"datePublished\":\"2017-05-24T07:21:00+00:00\",\"dateModified\":\"2018-05-23T14:48:22+00:00\",\"description\":\"El concepto de desmotivaci\u00f3n laboral nos har\u00eda pensar \u00fanicamente en los trabajadores, pero hoy en d\u00eda es un aspecto que tambi\u00e9n preocupa a las empresas.\",\"breadcrumb\":{\"@id\":\"https:\/\/empresas.infoempleo.com\/hrtrends\/desmotivacion-laboral\/#breadcrumb\"},\"inLanguage\":\"es\",\"potentialAction\":[{\"@type\":\"ReadAction\",\"target\":[\"https:\/\/empresas.infoempleo.com\/hrtrends\/desmotivacion-laboral\/\"]}]},{\"@type\":\"ImageObject\",\"inLanguage\":\"es\",\"@id\":\"https:\/\/empresas.infoempleo.com\/hrtrends\/desmotivacion-laboral\/#primaryimage\",\"url\":\"https:\/\/empresas.infoempleo.com\/hrtrends\/media\/2017\/05\/La-desmotivaci\u00f3n-laboral-causas-y-soluciones-2-e1495702263798-150x150.jpg\",\"contentUrl\":\"https:\/\/empresas.infoempleo.com\/hrtrends\/media\/2017\/05\/La-desmotivaci\u00f3n-laboral-causas-y-soluciones-2-e1495702263798-150x150.jpg\",\"width\":150,\"height\":150,\"caption\":\"Distressed young manager man holds her head with hand. Modern office man at working place, depression and crisis concept\"},{\"@type\":\"BreadcrumbList\",\"@id\":\"https:\/\/empresas.infoempleo.com\/hrtrends\/desmotivacion-laboral\/#breadcrumb\",\"itemListElement\":[{\"@type\":\"ListItem\",\"position\":1,\"name\":\"Portada\",\"item\":\"https:\/\/empresas.infoempleo.com\/hrtrends\/\"},{\"@type\":\"ListItem\",\"position\":2,\"name\":\"Desmotivaci\u00f3n laboral, causas y soluciones\"}]},{\"@type\":\"WebSite\",\"@id\":\"https:\/\/empresas.infoempleo.com\/hrtrends\/#website\",\"url\":\"https:\/\/empresas.infoempleo.com\/hrtrends\",\"name\":\"HRTrends by Infoempleo\",\"description\":\"\",\"publisher\":{\"@id\":\"https:\/\/empresas.infoempleo.com\/hrtrends\/#organization\"},\"potentialAction\":{\"@type\":\"SearchAction\",\"target\":\"https:\/\/empresas.infoempleo.com\/hrtrends\/?s={search_term_string}\",\"query-input\":\"required name=search_term_string\"},\"inLanguage\":\"es\"},{\"@type\":\"Organization\",\"@id\":\"https:\/\/empresas.infoempleo.com\/hrtrends\/#organization\",\"name\":\"Infoempleo\",\"url\":\"https:\/\/www.infoempleo.com\/\",\"logo\":{\"@type\":\"ImageObject\",\"@id\":\"https:\/\/empresas.infoempleo.com\/hrtrends\/#logo\",\"inLanguage\":\"es\",\"url\":\"https:\/\/cdnazure.infoempleo.com\/infoempleo\/assets\/style\/gfx\/logo.svg\",\"contentUrl\":\"https:\/\/cdnazure.infoempleo.com\/infoempleo\/assets\/style\/gfx\/logo.svg\",\"width\":150,\"height\":40,\"caption\":\"Infoempleo\"},\"image\":{\"@id\":\"https:\/\/empresas.infoempleo.com\/hrtrends\/#logo\"},\"sameAs\":[\"https:\/\/www.facebook.com\/Infoempleo\",\"https:\/\/x.com\/infoempleo\",\"http:\/\/instagram.com\/infoempleo\/\",\"http:\/\/www.linkedin.com\/groups\/Empleo-Espa\u00f1a-Infoempleocom-111276\",\"http:\/\/pinterest.com\/infoempleo\/\"],\"address\":{\"@type\":\"PostalAddress\",\"addressLocality\":\"Madrid\",\"postalCode\":\"28050\",\"streetAddress\":\"Avenida de Burgos 114\"},\"brand\":[\"Infoempleo\"]},{\"@type\":\"Person\",\"@id\":\"https:\/\/empresas.infoempleo.com\/hrtrends\/#\/schema\/person\/f0862a502c6b4e3842715cb537613c17\",\"name\":\"Roberto N\u00fa\u00f1ez\",\"image\":{\"@type\":\"ImageObject\",\"inLanguage\":\"es\",\"@id\":\"https:\/\/empresas.infoempleo.com\/hrtrends\/#\/schema\/person\/image\/\",\"url\":\"https:\/\/secure.gravatar.com\/avatar\/1f218e0f5ac29cc9a94ed13c3d31190a7a858bc62d2e91a7522d8a354dd1f59b?s=96&d=mm&r=g\",\"contentUrl\":\"https:\/\/secure.gravatar.com\/avatar\/1f218e0f5ac29cc9a94ed13c3d31190a7a858bc62d2e91a7522d8a354dd1f59b?s=96&d=mm&r=g\",\"caption\":\"Roberto N\u00fa\u00f1ez\"},\"description\":\"Periodista, apasionado de los Recursos Humanos y la comunicaci\u00f3n interna en las empresas.\",\"url\":\"https:\/\/empresas.infoempleo.com\/hrtrends\/author\/roberto-nunez\/\"}]}<\/script>\n<!-- \/ Yoast SEO plugin. -->","yoast_head_json":{"title":"La desmotivaci\u00f3n laboral, las causas y sus soluciones","description":"El concepto de desmotivaci\u00f3n laboral nos har\u00eda pensar \u00fanicamente en los trabajadores, pero hoy en d\u00eda es un aspecto que tambi\u00e9n preocupa a las empresas.","robots":{"index":"index","follow":"follow","max-snippet":"max-snippet:-1","max-image-preview":"max-image-preview:large","max-video-preview":"max-video-preview:-1"},"canonical":"https:\/\/empresas.infoempleo.com\/hrtrends\/desmotivacion-laboral\/","og_locale":"es_ES","og_type":"article","og_title":"La desmotivaci\u00f3n laboral, las causas y sus soluciones","og_description":"El concepto de desmotivaci\u00f3n laboral nos har\u00eda pensar \u00fanicamente en los trabajadores, pero hoy en d\u00eda es un aspecto que tambi\u00e9n preocupa a las empresas.","og_url":"https:\/\/empresas.infoempleo.com\/hrtrends\/desmotivacion-laboral\/","og_site_name":"HRTRENDS","article_publisher":"https:\/\/www.facebook.com\/Infoempleo","article_published_time":"2017-05-24T07:21:00+00:00","article_modified_time":"2018-05-23T14:48:22+00:00","og_image":[{"width":800,"height":533,"url":"https:\/\/empresas.infoempleo.com\/hrtrends\/media\/2017\/05\/La-desmotivaci\u00f3n-laboral-causas-y-soluciones-2-e1495702263798.jpg","type":"image\/jpeg"}],"author":"Roberto N\u00fa\u00f1ez","twitter_card":"summary_large_image","twitter_creator":"@infoempleo","twitter_site":"@infoempleo","twitter_misc":{"Escrito por":"Roberto N\u00fa\u00f1ez","Tiempo de lectura":"3 minutos"},"schema":{"@context":"https:\/\/schema.org","@graph":[{"@type":"NewsArticle","@id":"https:\/\/empresas.infoempleo.com\/hrtrends\/desmotivacion-laboral\/#article","isPartOf":{"@id":"https:\/\/empresas.infoempleo.com\/hrtrends\/desmotivacion-laboral\/"},"author":{"name":"Roberto N\u00fa\u00f1ez","@id":"https:\/\/empresas.infoempleo.com\/hrtrends\/#\/schema\/person\/f0862a502c6b4e3842715cb537613c17"},"headline":"Desmotivaci\u00f3n laboral, causas y soluciones","datePublished":"2017-05-24T07:21:00+00:00","dateModified":"2018-05-23T14:48:22+00:00","mainEntityOfPage":{"@id":"https:\/\/empresas.infoempleo.com\/hrtrends\/desmotivacion-laboral\/"},"wordCount":538,"publisher":{"@id":"https:\/\/empresas.infoempleo.com\/hrtrends\/#organization"},"image":{"@id":"https:\/\/empresas.infoempleo.com\/hrtrends\/desmotivacion-laboral\/#primaryimage"},"thumbnailUrl":"https:\/\/empresas.infoempleo.com\/hrtrends\/media\/2017\/05\/La-desmotivaci\u00f3n-laboral-causas-y-soluciones-2-e1495702263798.jpg","keywords":["desmotivaci\u00f3n","Empleo","infoempleo","Infoempleo Soluciones"],"articleSection":["Consejos"],"inLanguage":"es","copyrightYear":"2017","copyrightHolder":{"@id":"https:\/\/empresas.infoempleo.com\/hrtrends\/#organization"}},{"@type":"WebPage","@id":"https:\/\/empresas.infoempleo.com\/hrtrends\/desmotivacion-laboral\/","url":"https:\/\/empresas.infoempleo.com\/hrtrends\/desmotivacion-laboral\/","name":"La desmotivaci\u00f3n laboral, las causas y sus soluciones","isPartOf":{"@id":"https:\/\/empresas.infoempleo.com\/hrtrends\/#website"},"primaryImageOfPage":{"@id":"https:\/\/empresas.infoempleo.com\/hrtrends\/desmotivacion-laboral\/#primaryimage"},"image":{"@id":"https:\/\/empresas.infoempleo.com\/hrtrends\/desmotivacion-laboral\/#primaryimage"},"thumbnailUrl":"https:\/\/empresas.infoempleo.com\/hrtrends\/media\/2017\/05\/La-desmotivaci\u00f3n-laboral-causas-y-soluciones-2-e1495702263798.jpg","datePublished":"2017-05-24T07:21:00+00:00","dateModified":"2018-05-23T14:48:22+00:00","description":"El concepto de desmotivaci\u00f3n laboral nos har\u00eda pensar \u00fanicamente en los trabajadores, pero hoy en d\u00eda es un aspecto que tambi\u00e9n preocupa a las empresas.","breadcrumb":{"@id":"https:\/\/empresas.infoempleo.com\/hrtrends\/desmotivacion-laboral\/#breadcrumb"},"inLanguage":"es","potentialAction":[{"@type":"ReadAction","target":["https:\/\/empresas.infoempleo.com\/hrtrends\/desmotivacion-laboral\/"]}]},{"@type":"ImageObject","inLanguage":"es","@id":"https:\/\/empresas.infoempleo.com\/hrtrends\/desmotivacion-laboral\/#primaryimage","url":"https:\/\/empresas.infoempleo.com\/hrtrends\/media\/2017\/05\/La-desmotivaci\u00f3n-laboral-causas-y-soluciones-2-e1495702263798-150x150.jpg","contentUrl":"https:\/\/empresas.infoempleo.com\/hrtrends\/media\/2017\/05\/La-desmotivaci\u00f3n-laboral-causas-y-soluciones-2-e1495702263798-150x150.jpg","width":150,"height":150,"caption":"Distressed young manager man holds her head with hand. Modern office man at working place, depression and crisis concept"},{"@type":"BreadcrumbList","@id":"https:\/\/empresas.infoempleo.com\/hrtrends\/desmotivacion-laboral\/#breadcrumb","itemListElement":[{"@type":"ListItem","position":1,"name":"Portada","item":"https:\/\/empresas.infoempleo.com\/hrtrends\/"},{"@type":"ListItem","position":2,"name":"Desmotivaci\u00f3n laboral, causas y soluciones"}]},{"@type":"WebSite","@id":"https:\/\/empresas.infoempleo.com\/hrtrends\/#website","url":"https:\/\/empresas.infoempleo.com\/hrtrends","name":"HRTrends by Infoempleo","description":"","publisher":{"@id":"https:\/\/empresas.infoempleo.com\/hrtrends\/#organization"},"potentialAction":{"@type":"SearchAction","target":"https:\/\/empresas.infoempleo.com\/hrtrends\/?s={search_term_string}","query-input":"required name=search_term_string"},"inLanguage":"es"},{"@type":"Organization","@id":"https:\/\/empresas.infoempleo.com\/hrtrends\/#organization","name":"Infoempleo","url":"https:\/\/www.infoempleo.com\/","logo":{"@type":"ImageObject","@id":"https:\/\/empresas.infoempleo.com\/hrtrends\/#logo","inLanguage":"es","url":"https:\/\/cdnazure.infoempleo.com\/infoempleo\/assets\/style\/gfx\/logo.svg","contentUrl":"https:\/\/cdnazure.infoempleo.com\/infoempleo\/assets\/style\/gfx\/logo.svg","width":150,"height":40,"caption":"Infoempleo"},"image":{"@id":"https:\/\/empresas.infoempleo.com\/hrtrends\/#logo"},"sameAs":["https:\/\/www.facebook.com\/Infoempleo","https:\/\/x.com\/infoempleo","http:\/\/instagram.com\/infoempleo\/","http:\/\/www.linkedin.com\/groups\/Empleo-Espa\u00f1a-Infoempleocom-111276","http:\/\/pinterest.com\/infoempleo\/"],"address":{"@type":"PostalAddress","addressLocality":"Madrid","postalCode":"28050","streetAddress":"Avenida de Burgos 114"},"brand":["Infoempleo"]},{"@type":"Person","@id":"https:\/\/empresas.infoempleo.com\/hrtrends\/#\/schema\/person\/f0862a502c6b4e3842715cb537613c17","name":"Roberto N\u00fa\u00f1ez","image":{"@type":"ImageObject","inLanguage":"es","@id":"https:\/\/empresas.infoempleo.com\/hrtrends\/#\/schema\/person\/image\/","url":"https:\/\/secure.gravatar.com\/avatar\/1f218e0f5ac29cc9a94ed13c3d31190a7a858bc62d2e91a7522d8a354dd1f59b?s=96&d=mm&r=g","contentUrl":"https:\/\/secure.gravatar.com\/avatar\/1f218e0f5ac29cc9a94ed13c3d31190a7a858bc62d2e91a7522d8a354dd1f59b?s=96&d=mm&r=g","caption":"Roberto N\u00fa\u00f1ez"},"description":"Periodista, apasionado de los Recursos Humanos y la comunicaci\u00f3n interna en las empresas.","url":"https:\/\/empresas.infoempleo.com\/hrtrends\/author\/roberto-nunez\/"}]}},"amp_enabled":true,"_links":{"self":[{"href":"https:\/\/empresas.infoempleo.com\/hrtrends\/wp-json\/wp\/v2\/posts\/30023","targetHints":{"allow":["GET"]}}],"collection":[{"href":"https:\/\/empresas.infoempleo.com\/hrtrends\/wp-json\/wp\/v2\/posts"}],"about":[{"href":"https:\/\/empresas.infoempleo.com\/hrtrends\/wp-json\/wp\/v2\/types\/post"}],"author":[{"embeddable":true,"href":"https:\/\/empresas.infoempleo.com\/hrtrends\/wp-json\/wp\/v2\/users\/92"}],"replies":[{"embeddable":true,"href":"https:\/\/empresas.infoempleo.com\/hrtrends\/wp-json\/wp\/v2\/comments?post=30023"}],"version-history":[{"count":0,"href":"https:\/\/empresas.infoempleo.com\/hrtrends\/wp-json\/wp\/v2\/posts\/30023\/revisions"}],"wp:featuredmedia":[{"embeddable":true,"href":"https:\/\/empresas.infoempleo.com\/hrtrends\/wp-json\/wp\/v2\/media\/30026"}],"wp:attachment":[{"href":"https:\/\/empresas.infoempleo.com\/hrtrends\/wp-json\/wp\/v2\/media?parent=30023"}],"wp:term":[{"taxonomy":"category","embeddable":true,"href":"https:\/\/empresas.infoempleo.com\/hrtrends\/wp-json\/wp\/v2\/categories?post=30023"},{"taxonomy":"post_tag","embeddable":true,"href":"https:\/\/empresas.infoempleo.com\/hrtrends\/wp-json\/wp\/v2\/tags?post=30023"}],"curies":[{"name":"wp","href":"https:\/\/api.w.org\/{rel}","templated":true}]}}