{"id":29970,"date":"2017-05-19T09:59:31","date_gmt":"2017-05-19T07:59:31","guid":{"rendered":"https:\/\/empresas.infoempleo.com\/hrtrends\/?p=29970"},"modified":"2025-10-28T18:00:22","modified_gmt":"2025-10-28T16:00:22","slug":"5-claves-fortalecer-equipo-trabajo","status":"publish","type":"post","link":"https:\/\/empresas.infoempleo.com\/hrtrends\/5-claves-fortalecer-equipo-trabajo\/","title":{"rendered":"5 claves para construir y fortalecer un equipo de trabajo"},"content":{"rendered":"<p><span style=\"font-weight: 400;\">Tener empleados conformistas en cuanto a su puesto de trabajo no es suficiente para que un equipo tenga un buen rendimiento. Una de las responsabilidades principales del departamento de recursos humanos es asegurarse que cada pieza del engranaje que es la plantilla est\u00e9 cuidada y trabajando hacia un objetivo final y com\u00fan, empezando por la gesti\u00f3n del equipo de trabajo.<\/span><\/p>\n<p><span style=\"font-weight: 400;\">Para conseguirlo, lo m\u00e1s importante es aplicar una actitud estrat\u00e9gica al desarrollo de la actividad interna de la empresa. Para hacerlo, al final es mantener una filosof\u00eda de colaboraci\u00f3n. De las mil y una maneras de hacerlo, compartimos algunos puntos fuertes para construir y fortalecer un equipo de trabajo.<\/span><\/p>\n<ol>\n<li><span style=\"font-weight: 400;\">El <\/span><b><i>team building,<\/i><\/b> <span style=\"font-weight: 400;\">o construcci\u00f3n de equipos, es una pr\u00e1ctica que se lleva a cabo de forma ajena al trabajo. Las actividades dentro o fuera de la empresa tienen como finalidad potenciar el esp\u00edritu de equipo y mejorar considerablemente la comunicaci\u00f3n entre todos los implicados.<\/span><\/li>\n<li><span style=\"font-weight: 400;\">Favorecer un <\/span><b>ambiente de <\/b><a href=\"https:\/\/empresas.infoempleo.com\/hrtrends\/como-recuperar-la-confianza-de-los-empleados\/\/?utm_source=post&amp;utm_campaign=hrtrends&amp;utm_medium=blogempresas&amp;utm_content=contenido\"><b>confianza<\/b><\/a> <span style=\"font-weight: 400;\">es fundamental para generar comodidad total en los trabajadores. Conseguir esto implica promover las ideas y opiniones compartidas, impulsando de nuevo la comunicaci\u00f3n interpersonal y transparencia de la situaci\u00f3n en la que se puede encontrar la empresa o persona en cuesti\u00f3n.<\/span><\/li>\n<li><span style=\"font-weight: 400;\">Definir una <\/span><b>cultura colaborativa<\/b><span style=\"font-weight: 400;\"> para que todos puedan tener en mente las metas y los objetivos conjuntos. Se trata de alejarse del concepto de individuo y focalizar el de equipo a todos los niveles.<\/span><\/li>\n<li><span style=\"font-weight: 400;\">Emplear y transmitir siempre una <\/span><b>mentalidad constructiva<\/b><span style=\"font-weight: 400;\">. Mirar hacia adelante, implicar a los trabajadores en la visi\u00f3n de futuro y mantenerlos motivados para adaptar e innovar es clave para que sus aportaciones sean v\u00e1lidas a nivel individual y de equipo.<\/span><\/li>\n<li><span style=\"font-weight: 400;\">Quiz\u00e1 parezca redundante y un tema omnipresente, sin embargo, <\/span><b>la capacidad de liderazgo <\/b><span style=\"font-weight: 400;\">es vital para una gesti\u00f3n estrat\u00e9gica optimizada de los equipos, sean de 2 personas o de 200. <\/span><a href=\"https:\/\/empresas.infoempleo.com\/hrtrends\/como-ser-mejor-lider\/\"><span style=\"font-weight: 400;\">Saber liderar<\/span><\/a><span style=\"font-weight: 400;\"> no implica ser capaz de delegar y repartir la faena, supone eficiencia, \u00e9tica y responsabilidad hablando en nombre de los trabajadores y de la empresa.<\/span><\/li>\n<\/ol>\n<p><span style=\"font-weight: 400;\">Saber gestionar y liderar correctamente un equipo es beneficioso para todas las partes implicadas. Mejorar la situaci\u00f3n individual de cada trabajador implica un mayor rendimiento hacia unos objetivos m\u00e1s claros, que claramente tienes unas repercusiones positivas en el funcionamiento de la empresa.<\/span><\/p>\n<p><span style=\"font-weight: 400;\">El <\/span><a href=\"https:\/\/empresas.infoempleo.com\/hrtrends\/el-factor-h-las-claves-reales-del-liderazgo\/\/\"><span style=\"font-weight: 400;\">liderazgo<\/span><\/a><span style=\"font-weight: 400;\">, como siempre, es b\u00e1sico para poder llevar a cabo dicha gesti\u00f3n y alcanzar los objetivos deseados. No obstante, no es el \u00fanico factor a tener en cuenta ya que al final se trata de actuar de acuerdo con ideolog\u00eda estrat\u00e9gica y eficiente que se desarrolla en base a los intereses de la empresa y de los trabajadores.<\/span><\/p>\n","protected":false},"excerpt":{"rendered":"<p>Tener empleados conformistas en cuanto a su puesto de trabajo no es suficiente para que un equipo tenga<a class=\"moretag\" href=\"https:\/\/empresas.infoempleo.com\/hrtrends\/5-claves-fortalecer-equipo-trabajo\/\"> Leer m\u00e1s<\/a><\/p>\n","protected":false},"author":92,"featured_media":30054,"comment_status":"closed","ping_status":"open","sticky":false,"template":"","format":"standard","meta":{"footnotes":""},"categories":[3035],"tags":[5],"class_list":["post-29970","post","type-post","status-publish","format-standard","has-post-thumbnail","hentry","category-consejos","tag-trabajo-en-equipo"],"yoast_head":"<!-- This site is optimized with the Yoast SEO plugin v26.1.1 - https:\/\/yoast.com\/wordpress\/plugins\/seo\/ -->\n<title>5 claves para construir y fortalecer un equipo de trabajo | HR TRENDS<\/title>\n<meta name=\"description\" content=\"De las mil y una maneras de hacerlo, compartimos algunos puntos fuertes para construir y fortalecer un equipo de trabajo.\" \/>\n<meta name=\"robots\" content=\"index, follow, max-snippet:-1, max-image-preview:large, max-video-preview:-1\" \/>\n<link rel=\"canonical\" href=\"https:\/\/empresas.infoempleo.com\/hrtrends\/5-claves-fortalecer-equipo-trabajo\/\" \/>\n<meta property=\"og:locale\" content=\"es_ES\" \/>\n<meta property=\"og:type\" content=\"article\" \/>\n<meta property=\"og:title\" content=\"5 claves para construir y fortalecer un equipo de trabajo | HR TRENDS\" \/>\n<meta property=\"og:description\" content=\"De las mil y una maneras de hacerlo, compartimos algunos puntos fuertes para construir y fortalecer un equipo de trabajo.\" \/>\n<meta property=\"og:url\" content=\"https:\/\/empresas.infoempleo.com\/hrtrends\/5-claves-fortalecer-equipo-trabajo\/\" \/>\n<meta property=\"og:site_name\" content=\"HRTRENDS\" \/>\n<meta property=\"article:publisher\" content=\"https:\/\/www.facebook.com\/Infoempleo\" \/>\n<meta property=\"article:published_time\" content=\"2017-05-19T07:59:31+00:00\" \/>\n<meta property=\"article:modified_time\" content=\"2025-10-28T16:00:22+00:00\" \/>\n<meta property=\"og:image\" content=\"https:\/\/empresas.infoempleo.com\/hrtrends\/media\/2017\/05\/5-claves-para-construir-y-fortalecer-un-equipo-de-trabajo-1-e1495701275791.jpg\" \/>\n\t<meta property=\"og:image:width\" content=\"600\" \/>\n\t<meta property=\"og:image:height\" content=\"446\" \/>\n\t<meta property=\"og:image:type\" content=\"image\/jpeg\" \/>\n<meta name=\"author\" content=\"Roberto N\u00fa\u00f1ez\" \/>\n<meta name=\"twitter:card\" content=\"summary_large_image\" \/>\n<meta name=\"twitter:creator\" content=\"@infoempleo\" \/>\n<meta name=\"twitter:site\" content=\"@infoempleo\" \/>\n<meta name=\"twitter:label1\" content=\"Escrito por\" \/>\n\t<meta name=\"twitter:data1\" content=\"Roberto N\u00fa\u00f1ez\" \/>\n\t<meta name=\"twitter:label2\" content=\"Tiempo de lectura\" \/>\n\t<meta name=\"twitter:data2\" content=\"2 minutos\" \/>\n<script type=\"application\/ld+json\" class=\"yoast-schema-graph\">{\"@context\":\"https:\/\/schema.org\",\"@graph\":[{\"@type\":\"NewsArticle\",\"@id\":\"https:\/\/empresas.infoempleo.com\/hrtrends\/5-claves-fortalecer-equipo-trabajo\/#article\",\"isPartOf\":{\"@id\":\"https:\/\/empresas.infoempleo.com\/hrtrends\/5-claves-fortalecer-equipo-trabajo\/\"},\"author\":{\"name\":\"Roberto N\u00fa\u00f1ez\",\"@id\":\"https:\/\/empresas.infoempleo.com\/hrtrends\/#\/schema\/person\/f0862a502c6b4e3842715cb537613c17\"},\"headline\":\"5 claves para construir y fortalecer un equipo de trabajo\",\"datePublished\":\"2017-05-19T07:59:31+00:00\",\"dateModified\":\"2025-10-28T16:00:22+00:00\",\"mainEntityOfPage\":{\"@id\":\"https:\/\/empresas.infoempleo.com\/hrtrends\/5-claves-fortalecer-equipo-trabajo\/\"},\"wordCount\":462,\"publisher\":{\"@id\":\"https:\/\/empresas.infoempleo.com\/hrtrends\/#organization\"},\"image\":{\"@id\":\"https:\/\/empresas.infoempleo.com\/hrtrends\/5-claves-fortalecer-equipo-trabajo\/#primaryimage\"},\"thumbnailUrl\":\"https:\/\/empresas.infoempleo.com\/hrtrends\/media\/2017\/05\/5-claves-para-construir-y-fortalecer-un-equipo-de-trabajo-1-e1495701275791.jpg\",\"keywords\":[\"trabajo en equipo\"],\"articleSection\":[\"Consejos\"],\"inLanguage\":\"es\",\"copyrightYear\":\"2017\",\"copyrightHolder\":{\"@id\":\"https:\/\/empresas.infoempleo.com\/hrtrends\/#organization\"}},{\"@type\":\"WebPage\",\"@id\":\"https:\/\/empresas.infoempleo.com\/hrtrends\/5-claves-fortalecer-equipo-trabajo\/\",\"url\":\"https:\/\/empresas.infoempleo.com\/hrtrends\/5-claves-fortalecer-equipo-trabajo\/\",\"name\":\"5 claves para construir y fortalecer un equipo de trabajo | HR TRENDS\",\"isPartOf\":{\"@id\":\"https:\/\/empresas.infoempleo.com\/hrtrends\/#website\"},\"primaryImageOfPage\":{\"@id\":\"https:\/\/empresas.infoempleo.com\/hrtrends\/5-claves-fortalecer-equipo-trabajo\/#primaryimage\"},\"image\":{\"@id\":\"https:\/\/empresas.infoempleo.com\/hrtrends\/5-claves-fortalecer-equipo-trabajo\/#primaryimage\"},\"thumbnailUrl\":\"https:\/\/empresas.infoempleo.com\/hrtrends\/media\/2017\/05\/5-claves-para-construir-y-fortalecer-un-equipo-de-trabajo-1-e1495701275791.jpg\",\"datePublished\":\"2017-05-19T07:59:31+00:00\",\"dateModified\":\"2025-10-28T16:00:22+00:00\",\"description\":\"De las mil y una maneras de hacerlo, compartimos algunos puntos fuertes para construir y fortalecer un equipo de trabajo.\",\"breadcrumb\":{\"@id\":\"https:\/\/empresas.infoempleo.com\/hrtrends\/5-claves-fortalecer-equipo-trabajo\/#breadcrumb\"},\"inLanguage\":\"es\",\"potentialAction\":[{\"@type\":\"ReadAction\",\"target\":[\"https:\/\/empresas.infoempleo.com\/hrtrends\/5-claves-fortalecer-equipo-trabajo\/\"]}]},{\"@type\":\"ImageObject\",\"inLanguage\":\"es\",\"@id\":\"https:\/\/empresas.infoempleo.com\/hrtrends\/5-claves-fortalecer-equipo-trabajo\/#primaryimage\",\"url\":\"https:\/\/empresas.infoempleo.com\/hrtrends\/media\/2017\/05\/5-claves-para-construir-y-fortalecer-un-equipo-de-trabajo-1-e1495701275791-150x150.jpg\",\"contentUrl\":\"https:\/\/empresas.infoempleo.com\/hrtrends\/media\/2017\/05\/5-claves-para-construir-y-fortalecer-un-equipo-de-trabajo-1-e1495701275791-150x150.jpg\",\"width\":150,\"height\":150,\"caption\":\"ayudar al equipo\"},{\"@type\":\"BreadcrumbList\",\"@id\":\"https:\/\/empresas.infoempleo.com\/hrtrends\/5-claves-fortalecer-equipo-trabajo\/#breadcrumb\",\"itemListElement\":[{\"@type\":\"ListItem\",\"position\":1,\"name\":\"Portada\",\"item\":\"https:\/\/empresas.infoempleo.com\/hrtrends\/\"},{\"@type\":\"ListItem\",\"position\":2,\"name\":\"5 claves para construir y fortalecer un equipo de trabajo\"}]},{\"@type\":\"WebSite\",\"@id\":\"https:\/\/empresas.infoempleo.com\/hrtrends\/#website\",\"url\":\"https:\/\/empresas.infoempleo.com\/hrtrends\",\"name\":\"HRTrends by Infoempleo\",\"description\":\"\",\"publisher\":{\"@id\":\"https:\/\/empresas.infoempleo.com\/hrtrends\/#organization\"},\"potentialAction\":{\"@type\":\"SearchAction\",\"target\":\"https:\/\/empresas.infoempleo.com\/hrtrends\/?s={search_term_string}\",\"query-input\":\"required name=search_term_string\"},\"inLanguage\":\"es\"},{\"@type\":\"Organization\",\"@id\":\"https:\/\/empresas.infoempleo.com\/hrtrends\/#organization\",\"name\":\"Infoempleo\",\"url\":\"https:\/\/www.infoempleo.com\/\",\"logo\":{\"@type\":\"ImageObject\",\"@id\":\"https:\/\/empresas.infoempleo.com\/hrtrends\/#logo\",\"inLanguage\":\"es\",\"url\":\"https:\/\/cdnazure.infoempleo.com\/infoempleo\/assets\/style\/gfx\/logo.svg\",\"contentUrl\":\"https:\/\/cdnazure.infoempleo.com\/infoempleo\/assets\/style\/gfx\/logo.svg\",\"width\":150,\"height\":40,\"caption\":\"Infoempleo\"},\"image\":{\"@id\":\"https:\/\/empresas.infoempleo.com\/hrtrends\/#logo\"},\"sameAs\":[\"https:\/\/www.facebook.com\/Infoempleo\",\"https:\/\/x.com\/infoempleo\",\"http:\/\/instagram.com\/infoempleo\/\",\"http:\/\/www.linkedin.com\/groups\/Empleo-Espa\u00f1a-Infoempleocom-111276\",\"http:\/\/pinterest.com\/infoempleo\/\"],\"address\":{\"@type\":\"PostalAddress\",\"addressLocality\":\"Madrid\",\"postalCode\":\"28050\",\"streetAddress\":\"Avenida de Burgos 114\"},\"brand\":[\"Infoempleo\"]},{\"@type\":\"Person\",\"@id\":\"https:\/\/empresas.infoempleo.com\/hrtrends\/#\/schema\/person\/f0862a502c6b4e3842715cb537613c17\",\"name\":\"Roberto N\u00fa\u00f1ez\",\"image\":{\"@type\":\"ImageObject\",\"inLanguage\":\"es\",\"@id\":\"https:\/\/empresas.infoempleo.com\/hrtrends\/#\/schema\/person\/image\/\",\"url\":\"https:\/\/secure.gravatar.com\/avatar\/1f218e0f5ac29cc9a94ed13c3d31190a7a858bc62d2e91a7522d8a354dd1f59b?s=96&d=mm&r=g\",\"contentUrl\":\"https:\/\/secure.gravatar.com\/avatar\/1f218e0f5ac29cc9a94ed13c3d31190a7a858bc62d2e91a7522d8a354dd1f59b?s=96&d=mm&r=g\",\"caption\":\"Roberto N\u00fa\u00f1ez\"},\"description\":\"Periodista, apasionado de los Recursos Humanos y la comunicaci\u00f3n interna en las empresas.\",\"url\":\"https:\/\/empresas.infoempleo.com\/hrtrends\/author\/roberto-nunez\/\"}]}<\/script>\n<!-- \/ Yoast SEO plugin. -->","yoast_head_json":{"title":"5 claves para construir y fortalecer un equipo de trabajo | HR TRENDS","description":"De las mil y una maneras de hacerlo, compartimos algunos puntos fuertes para construir y fortalecer un equipo de trabajo.","robots":{"index":"index","follow":"follow","max-snippet":"max-snippet:-1","max-image-preview":"max-image-preview:large","max-video-preview":"max-video-preview:-1"},"canonical":"https:\/\/empresas.infoempleo.com\/hrtrends\/5-claves-fortalecer-equipo-trabajo\/","og_locale":"es_ES","og_type":"article","og_title":"5 claves para construir y fortalecer un equipo de trabajo | HR TRENDS","og_description":"De las mil y una maneras de hacerlo, compartimos algunos puntos fuertes para construir y fortalecer un equipo de trabajo.","og_url":"https:\/\/empresas.infoempleo.com\/hrtrends\/5-claves-fortalecer-equipo-trabajo\/","og_site_name":"HRTRENDS","article_publisher":"https:\/\/www.facebook.com\/Infoempleo","article_published_time":"2017-05-19T07:59:31+00:00","article_modified_time":"2025-10-28T16:00:22+00:00","og_image":[{"width":600,"height":446,"url":"https:\/\/empresas.infoempleo.com\/hrtrends\/media\/2017\/05\/5-claves-para-construir-y-fortalecer-un-equipo-de-trabajo-1-e1495701275791.jpg","type":"image\/jpeg"}],"author":"Roberto N\u00fa\u00f1ez","twitter_card":"summary_large_image","twitter_creator":"@infoempleo","twitter_site":"@infoempleo","twitter_misc":{"Escrito por":"Roberto N\u00fa\u00f1ez","Tiempo de lectura":"2 minutos"},"schema":{"@context":"https:\/\/schema.org","@graph":[{"@type":"NewsArticle","@id":"https:\/\/empresas.infoempleo.com\/hrtrends\/5-claves-fortalecer-equipo-trabajo\/#article","isPartOf":{"@id":"https:\/\/empresas.infoempleo.com\/hrtrends\/5-claves-fortalecer-equipo-trabajo\/"},"author":{"name":"Roberto N\u00fa\u00f1ez","@id":"https:\/\/empresas.infoempleo.com\/hrtrends\/#\/schema\/person\/f0862a502c6b4e3842715cb537613c17"},"headline":"5 claves para construir y fortalecer un equipo de trabajo","datePublished":"2017-05-19T07:59:31+00:00","dateModified":"2025-10-28T16:00:22+00:00","mainEntityOfPage":{"@id":"https:\/\/empresas.infoempleo.com\/hrtrends\/5-claves-fortalecer-equipo-trabajo\/"},"wordCount":462,"publisher":{"@id":"https:\/\/empresas.infoempleo.com\/hrtrends\/#organization"},"image":{"@id":"https:\/\/empresas.infoempleo.com\/hrtrends\/5-claves-fortalecer-equipo-trabajo\/#primaryimage"},"thumbnailUrl":"https:\/\/empresas.infoempleo.com\/hrtrends\/media\/2017\/05\/5-claves-para-construir-y-fortalecer-un-equipo-de-trabajo-1-e1495701275791.jpg","keywords":["trabajo en equipo"],"articleSection":["Consejos"],"inLanguage":"es","copyrightYear":"2017","copyrightHolder":{"@id":"https:\/\/empresas.infoempleo.com\/hrtrends\/#organization"}},{"@type":"WebPage","@id":"https:\/\/empresas.infoempleo.com\/hrtrends\/5-claves-fortalecer-equipo-trabajo\/","url":"https:\/\/empresas.infoempleo.com\/hrtrends\/5-claves-fortalecer-equipo-trabajo\/","name":"5 claves para construir y fortalecer un equipo de trabajo | HR TRENDS","isPartOf":{"@id":"https:\/\/empresas.infoempleo.com\/hrtrends\/#website"},"primaryImageOfPage":{"@id":"https:\/\/empresas.infoempleo.com\/hrtrends\/5-claves-fortalecer-equipo-trabajo\/#primaryimage"},"image":{"@id":"https:\/\/empresas.infoempleo.com\/hrtrends\/5-claves-fortalecer-equipo-trabajo\/#primaryimage"},"thumbnailUrl":"https:\/\/empresas.infoempleo.com\/hrtrends\/media\/2017\/05\/5-claves-para-construir-y-fortalecer-un-equipo-de-trabajo-1-e1495701275791.jpg","datePublished":"2017-05-19T07:59:31+00:00","dateModified":"2025-10-28T16:00:22+00:00","description":"De las mil y una maneras de hacerlo, compartimos algunos puntos fuertes para construir y fortalecer un equipo de trabajo.","breadcrumb":{"@id":"https:\/\/empresas.infoempleo.com\/hrtrends\/5-claves-fortalecer-equipo-trabajo\/#breadcrumb"},"inLanguage":"es","potentialAction":[{"@type":"ReadAction","target":["https:\/\/empresas.infoempleo.com\/hrtrends\/5-claves-fortalecer-equipo-trabajo\/"]}]},{"@type":"ImageObject","inLanguage":"es","@id":"https:\/\/empresas.infoempleo.com\/hrtrends\/5-claves-fortalecer-equipo-trabajo\/#primaryimage","url":"https:\/\/empresas.infoempleo.com\/hrtrends\/media\/2017\/05\/5-claves-para-construir-y-fortalecer-un-equipo-de-trabajo-1-e1495701275791-150x150.jpg","contentUrl":"https:\/\/empresas.infoempleo.com\/hrtrends\/media\/2017\/05\/5-claves-para-construir-y-fortalecer-un-equipo-de-trabajo-1-e1495701275791-150x150.jpg","width":150,"height":150,"caption":"ayudar al equipo"},{"@type":"BreadcrumbList","@id":"https:\/\/empresas.infoempleo.com\/hrtrends\/5-claves-fortalecer-equipo-trabajo\/#breadcrumb","itemListElement":[{"@type":"ListItem","position":1,"name":"Portada","item":"https:\/\/empresas.infoempleo.com\/hrtrends\/"},{"@type":"ListItem","position":2,"name":"5 claves para construir y fortalecer un equipo de trabajo"}]},{"@type":"WebSite","@id":"https:\/\/empresas.infoempleo.com\/hrtrends\/#website","url":"https:\/\/empresas.infoempleo.com\/hrtrends","name":"HRTrends by Infoempleo","description":"","publisher":{"@id":"https:\/\/empresas.infoempleo.com\/hrtrends\/#organization"},"potentialAction":{"@type":"SearchAction","target":"https:\/\/empresas.infoempleo.com\/hrtrends\/?s={search_term_string}","query-input":"required name=search_term_string"},"inLanguage":"es"},{"@type":"Organization","@id":"https:\/\/empresas.infoempleo.com\/hrtrends\/#organization","name":"Infoempleo","url":"https:\/\/www.infoempleo.com\/","logo":{"@type":"ImageObject","@id":"https:\/\/empresas.infoempleo.com\/hrtrends\/#logo","inLanguage":"es","url":"https:\/\/cdnazure.infoempleo.com\/infoempleo\/assets\/style\/gfx\/logo.svg","contentUrl":"https:\/\/cdnazure.infoempleo.com\/infoempleo\/assets\/style\/gfx\/logo.svg","width":150,"height":40,"caption":"Infoempleo"},"image":{"@id":"https:\/\/empresas.infoempleo.com\/hrtrends\/#logo"},"sameAs":["https:\/\/www.facebook.com\/Infoempleo","https:\/\/x.com\/infoempleo","http:\/\/instagram.com\/infoempleo\/","http:\/\/www.linkedin.com\/groups\/Empleo-Espa\u00f1a-Infoempleocom-111276","http:\/\/pinterest.com\/infoempleo\/"],"address":{"@type":"PostalAddress","addressLocality":"Madrid","postalCode":"28050","streetAddress":"Avenida de Burgos 114"},"brand":["Infoempleo"]},{"@type":"Person","@id":"https:\/\/empresas.infoempleo.com\/hrtrends\/#\/schema\/person\/f0862a502c6b4e3842715cb537613c17","name":"Roberto N\u00fa\u00f1ez","image":{"@type":"ImageObject","inLanguage":"es","@id":"https:\/\/empresas.infoempleo.com\/hrtrends\/#\/schema\/person\/image\/","url":"https:\/\/secure.gravatar.com\/avatar\/1f218e0f5ac29cc9a94ed13c3d31190a7a858bc62d2e91a7522d8a354dd1f59b?s=96&d=mm&r=g","contentUrl":"https:\/\/secure.gravatar.com\/avatar\/1f218e0f5ac29cc9a94ed13c3d31190a7a858bc62d2e91a7522d8a354dd1f59b?s=96&d=mm&r=g","caption":"Roberto N\u00fa\u00f1ez"},"description":"Periodista, apasionado de los Recursos Humanos y la comunicaci\u00f3n interna en las empresas.","url":"https:\/\/empresas.infoempleo.com\/hrtrends\/author\/roberto-nunez\/"}]}},"amp_enabled":true,"_links":{"self":[{"href":"https:\/\/empresas.infoempleo.com\/hrtrends\/wp-json\/wp\/v2\/posts\/29970","targetHints":{"allow":["GET"]}}],"collection":[{"href":"https:\/\/empresas.infoempleo.com\/hrtrends\/wp-json\/wp\/v2\/posts"}],"about":[{"href":"https:\/\/empresas.infoempleo.com\/hrtrends\/wp-json\/wp\/v2\/types\/post"}],"author":[{"embeddable":true,"href":"https:\/\/empresas.infoempleo.com\/hrtrends\/wp-json\/wp\/v2\/users\/92"}],"replies":[{"embeddable":true,"href":"https:\/\/empresas.infoempleo.com\/hrtrends\/wp-json\/wp\/v2\/comments?post=29970"}],"version-history":[{"count":1,"href":"https:\/\/empresas.infoempleo.com\/hrtrends\/wp-json\/wp\/v2\/posts\/29970\/revisions"}],"predecessor-version":[{"id":47217,"href":"https:\/\/empresas.infoempleo.com\/hrtrends\/wp-json\/wp\/v2\/posts\/29970\/revisions\/47217"}],"wp:featuredmedia":[{"embeddable":true,"href":"https:\/\/empresas.infoempleo.com\/hrtrends\/wp-json\/wp\/v2\/media\/30054"}],"wp:attachment":[{"href":"https:\/\/empresas.infoempleo.com\/hrtrends\/wp-json\/wp\/v2\/media?parent=29970"}],"wp:term":[{"taxonomy":"category","embeddable":true,"href":"https:\/\/empresas.infoempleo.com\/hrtrends\/wp-json\/wp\/v2\/categories?post=29970"},{"taxonomy":"post_tag","embeddable":true,"href":"https:\/\/empresas.infoempleo.com\/hrtrends\/wp-json\/wp\/v2\/tags?post=29970"}],"curies":[{"name":"wp","href":"https:\/\/api.w.org\/{rel}","templated":true}]}}