{"id":29908,"date":"2017-05-18T09:30:05","date_gmt":"2017-05-18T07:30:05","guid":{"rendered":"https:\/\/empresas.infoempleo.com\/hrtrends\/?p=29908"},"modified":"2022-10-03T17:23:16","modified_gmt":"2022-10-03T15:23:16","slug":"talento-la-gestion-equipo","status":"publish","type":"post","link":"https:\/\/empresas.infoempleo.com\/hrtrends\/talento-la-gestion-equipo\/","title":{"rendered":"Talento en la gesti\u00f3n de tu equipo"},"content":{"rendered":"<p>El talento, gran \u201cpalabro\u201d muy acostumbrados a \u00e9l en los \u00faltimos tiempos gracias a Recursos Humanos, pero tambi\u00e9n a los \u201cTalent Show\u201d. Aunque ya hace mucho a\u00f1os se hablaba de Talento, yo lo escuch\u00e9 la primera vez de un Gran Maestro de esto del <em>talento<\/em>\u2026del que ya he hablado de \u00e9l en alguna ocasi\u00f3n. Cuando lo escucho, lo leo, o lo veo, pienso que hemos avanzado, pero que a\u00fan nos queda mucho por hacer, por trabajar\u2026 para llegar a tener equipos de talento, que nos ayuden a llegar donde nos propongamos. Pero si hablamos de personas y talento, tengo que empezar por el equipo que me toca, el de RRHH, el de Gesti\u00f3n de Personas, el de Gesti\u00f3n del Talento\u2026 o tanto nombres como queramos darle ahora.<\/p>\n<h2>\u00bfCu\u00e1l es el talento que tiene recursos humanos?<\/h2>\n<p>El equipo de RRHH debe ser talento, debe tener talento, o sino, parecerlo\u2026Eso de <em>\u201cNo solo hay que serlo, sino parecerlo\u201d.\u00a0<\/em>Pero para ello, lo primero, que es Talento, pues as\u00ed la RAE lo cuenta, del\u00a0lat\u00edn,\u00a0<em>talentum \u00a0<\/em>&#8216;moneda de cuenta&#8217;, &#8216;unidad de peso&#8217;, y este del\u00a0griego,\u00a0\u03c4\u1f71\u03bb\u03b1\u03bd\u03c4\u03bf\u03bd\u00a0t\u00e1lanton. Capacidad\u00a0de\u00a0entender. Capacidad\u00a0para\u00a0el\u00a0desempe\u00f1o\u00a0de\u00a0algo. Dicho esto, a\u00fan m\u00e1s claro que el equipo de RRHH, debe ser un Equipo con talento, despu\u00e9s est\u00e1 claro, cualquier equipo debe ser y tener talento.<\/p>\n<h2>\u00bfQu\u00e9 hace diferente a un equipo con talento?<\/h2>\n<p>Cuando trabajamos desde el Equipo de RRHH, deber\u00edamos trabajar entre otras cosas fundamentales:<\/p>\n<ol>\n<li><strong>Capacidad para entender: <\/strong>Para comprender a las personas, las que est\u00e1n en la empresa o las que a\u00fan no han llegado, las que se quieren ir, o las que se fueron. Como hacerlo, escuchando, entendiendo y perdiendo el miedo a lo desconocido o a lo nuevo.<\/li>\n<li><strong>Perder el miedo a lo nuevo: <\/strong>Lo aprend\u00ed hace muchos a\u00f1os con <a href=\"https:\/\/twitter.com\/PilarJerico\">Pilar Jeric\u00f3<\/a> , pero ahora sigo teni\u00e9ndolo claro, hacer cosas diferentes no puede dar miedo a los Equipos de Recursos Humanos. Son los que tienen que <a href=\"https:\/\/empresas.infoempleo.com\/hrtrends\/atraer-talento-innovacion-oficinas\/\">adaptarse a lo nuevo<\/a>, a los nuevos tiempos, aspirar a ser Equipos estrella.<\/li>\n<li><strong>Aspirar a ser estrella:<\/strong>\u00a0Lo le\u00ed hace mucho tiempo ya con Tom Peters. Mirar como brillan las estrellas, para iluminar, los equipos de RRHH, tienen que ser estrellas que iluminen, estrellas a las que seguir como ejemplo, siendo diferentes.<\/li>\n<li><strong>Ser diferente: <\/strong>Y no creerse los mejores, de estos sabe mucho mi querido <a href=\"https:\/\/twitter.com\/raykolorenzo\">Rayko Lorenzo<\/a>, ciertamente, diferenciarse es la clave, hacer ver al resto del equipo que somos diferentes, que podemos hacer cosas distintas, aportando el valor que buscan nuestros colaboradores y haciendo marca.<\/li>\n<li><strong>Crear marca: <\/strong>Ahora tan de moda, pero ya son muchos los que llevan trabajando y <a href=\"https:\/\/empresas.infoempleo.com\/hrtrends\/marca-personal-ponte-valor\/\">desarrollando la marca<\/a> desde hace muchos a\u00f1os, <a href=\"https:\/\/twitter.com\/rubenturienzo\">Ruben Turienzo<\/a>, <a href=\"https:\/\/twitter.com\/marcapersonal\">Andr\u00e9s P\u00e9rez Ortega<\/a>, como estrellas a seguir, conseguir que se te conozca, que te encuentre, que el resto de la organizaci\u00f3n sepa que est\u00e1s ah\u00ed, que cuenten con tu equipo, con el equipo de talento.<\/li>\n<li><strong>Contar con el Mejor Talento: <\/strong>As\u00ed es, buscar y seleccionar a los mejores, los que quieren estar en tu Equipo, en el de tu Empresa, es m\u00e1s, pide ayuda a las personas que saben, aprender\u00e1s de ellos, y todos conseguir\u00e9is el \u00e9xito que se espera del \u00c1rea de RRHH, busca a los que saben de estrategia en atracci\u00f3n y selecci\u00f3n, en desarrollo de personas, cod\u00e9ate con los mejores, para finalmente analizar.<\/li>\n<li><strong>Analizar: <\/strong>Siempre atentos a lo que va pasando, dentro de la empresa, fuera, la sociedad, la econom\u00eda, los mercados\u2026 Los datos, hoy en d\u00eda con tanta informaci\u00f3n que puedes conseguir y analizar. Tu equipo, tus colaboradores, tus clientes, todo lo debes analizar y ver cuales son las reacciones a tus acciones para volver a empezar o continuar haci\u00e9ndolo bien, haci\u00e9ndolo mejor, haci\u00e9ndolo diferente.<\/li>\n<\/ol>\n<p>Y todo ello con las <a href=\"https:\/\/empresas.infoempleo.com\/hrtrends\/competencias-interpersonales-crecer\">competencias <\/a>de las personas con las que trabajas, con las que luchas, con las que disfrutas para conseguir lo mejor de cada una de las personas, de tu equipo, del Equipo con Talento. Sin duda, con personas con #Talento, seguro que conseguir\u00e1s un equipo de los que va\u00a0<strong>#DejandoHuella<\/strong><\/p>\n<h3>Nos vemos en la pr\u00f3xima aventura.<\/h3>\n","protected":false},"excerpt":{"rendered":"<p>El talento, gran \u201cpalabro\u201d muy acostumbrados a \u00e9l en los \u00faltimos tiempos gracias a Recursos Humanos, pero tambi\u00e9n<a class=\"moretag\" href=\"https:\/\/empresas.infoempleo.com\/hrtrends\/talento-la-gestion-equipo\/\"> Leer m\u00e1s<\/a><\/p>\n","protected":false},"author":107,"featured_media":29912,"comment_status":"closed","ping_status":"open","sticky":false,"template":"","format":"standard","meta":{"footnotes":""},"categories":[3015],"tags":[409,2919],"class_list":["post-29908","post","type-post","status-publish","format-standard","has-post-thumbnail","hentry","category-recruiter-branding","tag-equipo","tag-gestion-de-talento"],"yoast_head":"<!-- This site is optimized with the Yoast SEO plugin v26.1.1 - https:\/\/yoast.com\/wordpress\/plugins\/seo\/ -->\n<title>\u00bfQu\u00e9 hace diferente a un equipo con talento? | HRTRENDS<\/title>\n<meta name=\"description\" content=\"\u00bfQu\u00e9 hace diferente a un equipo con talento? Cuando trabajamos desde el Equipo de RRHH, deber\u00edamos trabajar algunas cosas fundamentales. Te contamos cu\u00e1les\" \/>\n<meta name=\"robots\" content=\"index, follow, max-snippet:-1, max-image-preview:large, max-video-preview:-1\" \/>\n<link rel=\"canonical\" href=\"https:\/\/empresas.infoempleo.com\/hrtrends\/talento-la-gestion-equipo\/\" \/>\n<meta property=\"og:locale\" content=\"es_ES\" \/>\n<meta property=\"og:type\" content=\"article\" \/>\n<meta property=\"og:title\" content=\"\u00bfQu\u00e9 hace diferente a un equipo con talento? | HRTRENDS\" \/>\n<meta property=\"og:description\" content=\"\u00bfQu\u00e9 hace diferente a un equipo con talento? Cuando trabajamos desde el Equipo de RRHH, deber\u00edamos trabajar algunas cosas fundamentales. Te contamos cu\u00e1les\" \/>\n<meta property=\"og:url\" content=\"https:\/\/empresas.infoempleo.com\/hrtrends\/talento-la-gestion-equipo\/\" \/>\n<meta property=\"og:site_name\" content=\"HRTRENDS\" \/>\n<meta property=\"article:publisher\" content=\"https:\/\/www.facebook.com\/Infoempleo\" \/>\n<meta property=\"article:published_time\" content=\"2017-05-18T07:30:05+00:00\" \/>\n<meta property=\"article:modified_time\" content=\"2022-10-03T15:23:16+00:00\" \/>\n<meta property=\"og:image\" content=\"https:\/\/empresas.infoempleo.com\/hrtrends\/media\/2017\/05\/ThinkstockPhotos-531933576-e1495700745151.jpg\" \/>\n\t<meta property=\"og:image:width\" content=\"600\" \/>\n\t<meta property=\"og:image:height\" content=\"400\" \/>\n\t<meta property=\"og:image:type\" content=\"image\/jpeg\" \/>\n<meta name=\"author\" content=\"Mar\u00eda del Mar Vargas\" \/>\n<meta name=\"twitter:card\" content=\"summary_large_image\" \/>\n<meta name=\"twitter:creator\" content=\"@humanracerh\" \/>\n<meta name=\"twitter:site\" content=\"@infoempleo\" \/>\n<meta name=\"twitter:label1\" content=\"Escrito por\" \/>\n\t<meta name=\"twitter:data1\" content=\"Mar\u00eda del Mar Vargas\" \/>\n\t<meta name=\"twitter:label2\" content=\"Tiempo de lectura\" \/>\n\t<meta name=\"twitter:data2\" content=\"4 minutos\" \/>\n<script type=\"application\/ld+json\" class=\"yoast-schema-graph\">{\"@context\":\"https:\/\/schema.org\",\"@graph\":[{\"@type\":\"NewsArticle\",\"@id\":\"https:\/\/empresas.infoempleo.com\/hrtrends\/talento-la-gestion-equipo\/#article\",\"isPartOf\":{\"@id\":\"https:\/\/empresas.infoempleo.com\/hrtrends\/talento-la-gestion-equipo\/\"},\"author\":{\"name\":\"Mar\u00eda del Mar Vargas\",\"@id\":\"https:\/\/empresas.infoempleo.com\/hrtrends\/#\/schema\/person\/8d194621f74687e0a8c96d946d5a39e8\"},\"headline\":\"Talento en la gesti\u00f3n de tu equipo\",\"datePublished\":\"2017-05-18T07:30:05+00:00\",\"dateModified\":\"2022-10-03T15:23:16+00:00\",\"mainEntityOfPage\":{\"@id\":\"https:\/\/empresas.infoempleo.com\/hrtrends\/talento-la-gestion-equipo\/\"},\"wordCount\":719,\"publisher\":{\"@id\":\"https:\/\/empresas.infoempleo.com\/hrtrends\/#organization\"},\"image\":{\"@id\":\"https:\/\/empresas.infoempleo.com\/hrtrends\/talento-la-gestion-equipo\/#primaryimage\"},\"thumbnailUrl\":\"https:\/\/empresas.infoempleo.com\/hrtrends\/media\/2017\/05\/ThinkstockPhotos-531933576-e1495700745151.jpg\",\"keywords\":[\"equipo\",\"gesti\u00f3n de talento\"],\"articleSection\":[\"Recruiter branding\"],\"inLanguage\":\"es\",\"copyrightYear\":\"2017\",\"copyrightHolder\":{\"@id\":\"https:\/\/empresas.infoempleo.com\/hrtrends\/#organization\"}},{\"@type\":\"WebPage\",\"@id\":\"https:\/\/empresas.infoempleo.com\/hrtrends\/talento-la-gestion-equipo\/\",\"url\":\"https:\/\/empresas.infoempleo.com\/hrtrends\/talento-la-gestion-equipo\/\",\"name\":\"\u00bfQu\u00e9 hace diferente a un equipo con talento? | HRTRENDS\",\"isPartOf\":{\"@id\":\"https:\/\/empresas.infoempleo.com\/hrtrends\/#website\"},\"primaryImageOfPage\":{\"@id\":\"https:\/\/empresas.infoempleo.com\/hrtrends\/talento-la-gestion-equipo\/#primaryimage\"},\"image\":{\"@id\":\"https:\/\/empresas.infoempleo.com\/hrtrends\/talento-la-gestion-equipo\/#primaryimage\"},\"thumbnailUrl\":\"https:\/\/empresas.infoempleo.com\/hrtrends\/media\/2017\/05\/ThinkstockPhotos-531933576-e1495700745151.jpg\",\"datePublished\":\"2017-05-18T07:30:05+00:00\",\"dateModified\":\"2022-10-03T15:23:16+00:00\",\"description\":\"\u00bfQu\u00e9 hace diferente a un equipo con talento? Cuando trabajamos desde el Equipo de RRHH, deber\u00edamos trabajar algunas cosas fundamentales. Te contamos cu\u00e1les\",\"breadcrumb\":{\"@id\":\"https:\/\/empresas.infoempleo.com\/hrtrends\/talento-la-gestion-equipo\/#breadcrumb\"},\"inLanguage\":\"es\",\"potentialAction\":[{\"@type\":\"ReadAction\",\"target\":[\"https:\/\/empresas.infoempleo.com\/hrtrends\/talento-la-gestion-equipo\/\"]}]},{\"@type\":\"ImageObject\",\"inLanguage\":\"es\",\"@id\":\"https:\/\/empresas.infoempleo.com\/hrtrends\/talento-la-gestion-equipo\/#primaryimage\",\"url\":\"https:\/\/empresas.infoempleo.com\/hrtrends\/media\/2017\/05\/ThinkstockPhotos-531933576-e1495700745151-150x150.jpg\",\"contentUrl\":\"https:\/\/empresas.infoempleo.com\/hrtrends\/media\/2017\/05\/ThinkstockPhotos-531933576-e1495700745151-150x150.jpg\",\"width\":150,\"height\":150,\"caption\":\"Presentation and collaboration by business people in office\"},{\"@type\":\"BreadcrumbList\",\"@id\":\"https:\/\/empresas.infoempleo.com\/hrtrends\/talento-la-gestion-equipo\/#breadcrumb\",\"itemListElement\":[{\"@type\":\"ListItem\",\"position\":1,\"name\":\"Portada\",\"item\":\"https:\/\/empresas.infoempleo.com\/hrtrends\/\"},{\"@type\":\"ListItem\",\"position\":2,\"name\":\"Talento en la gesti\u00f3n de tu equipo\"}]},{\"@type\":\"WebSite\",\"@id\":\"https:\/\/empresas.infoempleo.com\/hrtrends\/#website\",\"url\":\"https:\/\/empresas.infoempleo.com\/hrtrends\",\"name\":\"HRTrends by Infoempleo\",\"description\":\"\",\"publisher\":{\"@id\":\"https:\/\/empresas.infoempleo.com\/hrtrends\/#organization\"},\"potentialAction\":{\"@type\":\"SearchAction\",\"target\":\"https:\/\/empresas.infoempleo.com\/hrtrends\/?s={search_term_string}\",\"query-input\":\"required name=search_term_string\"},\"inLanguage\":\"es\"},{\"@type\":\"Organization\",\"@id\":\"https:\/\/empresas.infoempleo.com\/hrtrends\/#organization\",\"name\":\"Infoempleo\",\"url\":\"https:\/\/www.infoempleo.com\/\",\"logo\":{\"@type\":\"ImageObject\",\"@id\":\"https:\/\/empresas.infoempleo.com\/hrtrends\/#logo\",\"inLanguage\":\"es\",\"url\":\"https:\/\/cdnazure.infoempleo.com\/infoempleo\/assets\/style\/gfx\/logo.svg\",\"contentUrl\":\"https:\/\/cdnazure.infoempleo.com\/infoempleo\/assets\/style\/gfx\/logo.svg\",\"width\":150,\"height\":40,\"caption\":\"Infoempleo\"},\"image\":{\"@id\":\"https:\/\/empresas.infoempleo.com\/hrtrends\/#logo\"},\"sameAs\":[\"https:\/\/www.facebook.com\/Infoempleo\",\"https:\/\/x.com\/infoempleo\",\"http:\/\/instagram.com\/infoempleo\/\",\"http:\/\/www.linkedin.com\/groups\/Empleo-Espa\u00f1a-Infoempleocom-111276\",\"http:\/\/pinterest.com\/infoempleo\/\"],\"address\":{\"@type\":\"PostalAddress\",\"addressLocality\":\"Madrid\",\"postalCode\":\"28050\",\"streetAddress\":\"Avenida de Burgos 114\"},\"brand\":[\"Infoempleo\"]},{\"@type\":\"Person\",\"@id\":\"https:\/\/empresas.infoempleo.com\/hrtrends\/#\/schema\/person\/8d194621f74687e0a8c96d946d5a39e8\",\"name\":\"Mar\u00eda del Mar Vargas\",\"image\":{\"@type\":\"ImageObject\",\"inLanguage\":\"es\",\"@id\":\"https:\/\/empresas.infoempleo.com\/hrtrends\/#\/schema\/person\/image\/\",\"url\":\"https:\/\/secure.gravatar.com\/avatar\/698166613cefa983ffc6622b55909c22cd35559fdfc8d2bc87af7e43f1bda9b0?s=96&d=mm&r=g\",\"contentUrl\":\"https:\/\/secure.gravatar.com\/avatar\/698166613cefa983ffc6622b55909c22cd35559fdfc8d2bc87af7e43f1bda9b0?s=96&d=mm&r=g\",\"caption\":\"Mar\u00eda del Mar Vargas\"},\"description\":\"Trabajando desde hace m\u00e1s de 15 a\u00f1os con las Personas y las Organizaciones a trav\u00e9s de la Estrategia, mediante la Formaci\u00f3n, la Captaci\u00f3n, Selecci\u00f3n y el Desarrollo Profesional. Siempre buscando nuevos Retos. Mi objetivo no es m\u00e1s que trabajar con pasi\u00f3n, profesionalmente, aportar mi experiencia con las personas que conf\u00edan en mi y seguir dejando huella, ya que todos dejamos la nuestra en nuestro camino. Los proyectos actuales en los que trabajo est\u00e1n centrados en La Persona: Estrategia, Desarrollo de RRHH, Desarrollo de Talento, Formaci\u00f3n, B\u00fasqueda y captaci\u00f3n de Personas, Social Media y 2.0. que desde siempre me ha apasionado, adem\u00e1s la pasi\u00f3n por el Vino, la Gastronom\u00eda, los Viajes, el Pan y el Running son entre otras \u00e1reas en las que me siento c\u00f3moda trabajando y aprendiendo. En LinkedIn: https:\/\/es.linkedin.com\/in\/mariadelmarvargas En Twitter: @humanracerh En mi web: www.humanracerh.com Un mail: mmv@humanracerh.com\",\"sameAs\":[\"http:\/\/www.humanracerh.com\",\"https:\/\/x.com\/humanracerh\"],\"url\":\"https:\/\/empresas.infoempleo.com\/hrtrends\/author\/mmhrtrends\/\"}]}<\/script>\n<!-- \/ Yoast SEO plugin. -->","yoast_head_json":{"title":"\u00bfQu\u00e9 hace diferente a un equipo con talento? | HRTRENDS","description":"\u00bfQu\u00e9 hace diferente a un equipo con talento? Cuando trabajamos desde el Equipo de RRHH, deber\u00edamos trabajar algunas cosas fundamentales. Te contamos cu\u00e1les","robots":{"index":"index","follow":"follow","max-snippet":"max-snippet:-1","max-image-preview":"max-image-preview:large","max-video-preview":"max-video-preview:-1"},"canonical":"https:\/\/empresas.infoempleo.com\/hrtrends\/talento-la-gestion-equipo\/","og_locale":"es_ES","og_type":"article","og_title":"\u00bfQu\u00e9 hace diferente a un equipo con talento? | HRTRENDS","og_description":"\u00bfQu\u00e9 hace diferente a un equipo con talento? Cuando trabajamos desde el Equipo de RRHH, deber\u00edamos trabajar algunas cosas fundamentales. Te contamos cu\u00e1les","og_url":"https:\/\/empresas.infoempleo.com\/hrtrends\/talento-la-gestion-equipo\/","og_site_name":"HRTRENDS","article_publisher":"https:\/\/www.facebook.com\/Infoempleo","article_published_time":"2017-05-18T07:30:05+00:00","article_modified_time":"2022-10-03T15:23:16+00:00","og_image":[{"width":600,"height":400,"url":"https:\/\/empresas.infoempleo.com\/hrtrends\/media\/2017\/05\/ThinkstockPhotos-531933576-e1495700745151.jpg","type":"image\/jpeg"}],"author":"Mar\u00eda del Mar Vargas","twitter_card":"summary_large_image","twitter_creator":"@humanracerh","twitter_site":"@infoempleo","twitter_misc":{"Escrito por":"Mar\u00eda del Mar Vargas","Tiempo de lectura":"4 minutos"},"schema":{"@context":"https:\/\/schema.org","@graph":[{"@type":"NewsArticle","@id":"https:\/\/empresas.infoempleo.com\/hrtrends\/talento-la-gestion-equipo\/#article","isPartOf":{"@id":"https:\/\/empresas.infoempleo.com\/hrtrends\/talento-la-gestion-equipo\/"},"author":{"name":"Mar\u00eda del Mar Vargas","@id":"https:\/\/empresas.infoempleo.com\/hrtrends\/#\/schema\/person\/8d194621f74687e0a8c96d946d5a39e8"},"headline":"Talento en la gesti\u00f3n de tu equipo","datePublished":"2017-05-18T07:30:05+00:00","dateModified":"2022-10-03T15:23:16+00:00","mainEntityOfPage":{"@id":"https:\/\/empresas.infoempleo.com\/hrtrends\/talento-la-gestion-equipo\/"},"wordCount":719,"publisher":{"@id":"https:\/\/empresas.infoempleo.com\/hrtrends\/#organization"},"image":{"@id":"https:\/\/empresas.infoempleo.com\/hrtrends\/talento-la-gestion-equipo\/#primaryimage"},"thumbnailUrl":"https:\/\/empresas.infoempleo.com\/hrtrends\/media\/2017\/05\/ThinkstockPhotos-531933576-e1495700745151.jpg","keywords":["equipo","gesti\u00f3n de talento"],"articleSection":["Recruiter branding"],"inLanguage":"es","copyrightYear":"2017","copyrightHolder":{"@id":"https:\/\/empresas.infoempleo.com\/hrtrends\/#organization"}},{"@type":"WebPage","@id":"https:\/\/empresas.infoempleo.com\/hrtrends\/talento-la-gestion-equipo\/","url":"https:\/\/empresas.infoempleo.com\/hrtrends\/talento-la-gestion-equipo\/","name":"\u00bfQu\u00e9 hace diferente a un equipo con talento? | HRTRENDS","isPartOf":{"@id":"https:\/\/empresas.infoempleo.com\/hrtrends\/#website"},"primaryImageOfPage":{"@id":"https:\/\/empresas.infoempleo.com\/hrtrends\/talento-la-gestion-equipo\/#primaryimage"},"image":{"@id":"https:\/\/empresas.infoempleo.com\/hrtrends\/talento-la-gestion-equipo\/#primaryimage"},"thumbnailUrl":"https:\/\/empresas.infoempleo.com\/hrtrends\/media\/2017\/05\/ThinkstockPhotos-531933576-e1495700745151.jpg","datePublished":"2017-05-18T07:30:05+00:00","dateModified":"2022-10-03T15:23:16+00:00","description":"\u00bfQu\u00e9 hace diferente a un equipo con talento? Cuando trabajamos desde el Equipo de RRHH, deber\u00edamos trabajar algunas cosas fundamentales. Te contamos cu\u00e1les","breadcrumb":{"@id":"https:\/\/empresas.infoempleo.com\/hrtrends\/talento-la-gestion-equipo\/#breadcrumb"},"inLanguage":"es","potentialAction":[{"@type":"ReadAction","target":["https:\/\/empresas.infoempleo.com\/hrtrends\/talento-la-gestion-equipo\/"]}]},{"@type":"ImageObject","inLanguage":"es","@id":"https:\/\/empresas.infoempleo.com\/hrtrends\/talento-la-gestion-equipo\/#primaryimage","url":"https:\/\/empresas.infoempleo.com\/hrtrends\/media\/2017\/05\/ThinkstockPhotos-531933576-e1495700745151-150x150.jpg","contentUrl":"https:\/\/empresas.infoempleo.com\/hrtrends\/media\/2017\/05\/ThinkstockPhotos-531933576-e1495700745151-150x150.jpg","width":150,"height":150,"caption":"Presentation and collaboration by business people in office"},{"@type":"BreadcrumbList","@id":"https:\/\/empresas.infoempleo.com\/hrtrends\/talento-la-gestion-equipo\/#breadcrumb","itemListElement":[{"@type":"ListItem","position":1,"name":"Portada","item":"https:\/\/empresas.infoempleo.com\/hrtrends\/"},{"@type":"ListItem","position":2,"name":"Talento en la gesti\u00f3n de tu equipo"}]},{"@type":"WebSite","@id":"https:\/\/empresas.infoempleo.com\/hrtrends\/#website","url":"https:\/\/empresas.infoempleo.com\/hrtrends","name":"HRTrends by Infoempleo","description":"","publisher":{"@id":"https:\/\/empresas.infoempleo.com\/hrtrends\/#organization"},"potentialAction":{"@type":"SearchAction","target":"https:\/\/empresas.infoempleo.com\/hrtrends\/?s={search_term_string}","query-input":"required name=search_term_string"},"inLanguage":"es"},{"@type":"Organization","@id":"https:\/\/empresas.infoempleo.com\/hrtrends\/#organization","name":"Infoempleo","url":"https:\/\/www.infoempleo.com\/","logo":{"@type":"ImageObject","@id":"https:\/\/empresas.infoempleo.com\/hrtrends\/#logo","inLanguage":"es","url":"https:\/\/cdnazure.infoempleo.com\/infoempleo\/assets\/style\/gfx\/logo.svg","contentUrl":"https:\/\/cdnazure.infoempleo.com\/infoempleo\/assets\/style\/gfx\/logo.svg","width":150,"height":40,"caption":"Infoempleo"},"image":{"@id":"https:\/\/empresas.infoempleo.com\/hrtrends\/#logo"},"sameAs":["https:\/\/www.facebook.com\/Infoempleo","https:\/\/x.com\/infoempleo","http:\/\/instagram.com\/infoempleo\/","http:\/\/www.linkedin.com\/groups\/Empleo-Espa\u00f1a-Infoempleocom-111276","http:\/\/pinterest.com\/infoempleo\/"],"address":{"@type":"PostalAddress","addressLocality":"Madrid","postalCode":"28050","streetAddress":"Avenida de Burgos 114"},"brand":["Infoempleo"]},{"@type":"Person","@id":"https:\/\/empresas.infoempleo.com\/hrtrends\/#\/schema\/person\/8d194621f74687e0a8c96d946d5a39e8","name":"Mar\u00eda del Mar Vargas","image":{"@type":"ImageObject","inLanguage":"es","@id":"https:\/\/empresas.infoempleo.com\/hrtrends\/#\/schema\/person\/image\/","url":"https:\/\/secure.gravatar.com\/avatar\/698166613cefa983ffc6622b55909c22cd35559fdfc8d2bc87af7e43f1bda9b0?s=96&d=mm&r=g","contentUrl":"https:\/\/secure.gravatar.com\/avatar\/698166613cefa983ffc6622b55909c22cd35559fdfc8d2bc87af7e43f1bda9b0?s=96&d=mm&r=g","caption":"Mar\u00eda del Mar Vargas"},"description":"Trabajando desde hace m\u00e1s de 15 a\u00f1os con las Personas y las Organizaciones a trav\u00e9s de la Estrategia, mediante la Formaci\u00f3n, la Captaci\u00f3n, Selecci\u00f3n y el Desarrollo Profesional. Siempre buscando nuevos Retos. Mi objetivo no es m\u00e1s que trabajar con pasi\u00f3n, profesionalmente, aportar mi experiencia con las personas que conf\u00edan en mi y seguir dejando huella, ya que todos dejamos la nuestra en nuestro camino. Los proyectos actuales en los que trabajo est\u00e1n centrados en La Persona: Estrategia, Desarrollo de RRHH, Desarrollo de Talento, Formaci\u00f3n, B\u00fasqueda y captaci\u00f3n de Personas, Social Media y 2.0. que desde siempre me ha apasionado, adem\u00e1s la pasi\u00f3n por el Vino, la Gastronom\u00eda, los Viajes, el Pan y el Running son entre otras \u00e1reas en las que me siento c\u00f3moda trabajando y aprendiendo. En LinkedIn: https:\/\/es.linkedin.com\/in\/mariadelmarvargas En Twitter: @humanracerh En mi web: www.humanracerh.com Un mail: mmv@humanracerh.com","sameAs":["http:\/\/www.humanracerh.com","https:\/\/x.com\/humanracerh"],"url":"https:\/\/empresas.infoempleo.com\/hrtrends\/author\/mmhrtrends\/"}]}},"amp_enabled":true,"_links":{"self":[{"href":"https:\/\/empresas.infoempleo.com\/hrtrends\/wp-json\/wp\/v2\/posts\/29908","targetHints":{"allow":["GET"]}}],"collection":[{"href":"https:\/\/empresas.infoempleo.com\/hrtrends\/wp-json\/wp\/v2\/posts"}],"about":[{"href":"https:\/\/empresas.infoempleo.com\/hrtrends\/wp-json\/wp\/v2\/types\/post"}],"author":[{"embeddable":true,"href":"https:\/\/empresas.infoempleo.com\/hrtrends\/wp-json\/wp\/v2\/users\/107"}],"replies":[{"embeddable":true,"href":"https:\/\/empresas.infoempleo.com\/hrtrends\/wp-json\/wp\/v2\/comments?post=29908"}],"version-history":[{"count":7,"href":"https:\/\/empresas.infoempleo.com\/hrtrends\/wp-json\/wp\/v2\/posts\/29908\/revisions"}],"predecessor-version":[{"id":41089,"href":"https:\/\/empresas.infoempleo.com\/hrtrends\/wp-json\/wp\/v2\/posts\/29908\/revisions\/41089"}],"wp:featuredmedia":[{"embeddable":true,"href":"https:\/\/empresas.infoempleo.com\/hrtrends\/wp-json\/wp\/v2\/media\/29912"}],"wp:attachment":[{"href":"https:\/\/empresas.infoempleo.com\/hrtrends\/wp-json\/wp\/v2\/media?parent=29908"}],"wp:term":[{"taxonomy":"category","embeddable":true,"href":"https:\/\/empresas.infoempleo.com\/hrtrends\/wp-json\/wp\/v2\/categories?post=29908"},{"taxonomy":"post_tag","embeddable":true,"href":"https:\/\/empresas.infoempleo.com\/hrtrends\/wp-json\/wp\/v2\/tags?post=29908"}],"curies":[{"name":"wp","href":"https:\/\/api.w.org\/{rel}","templated":true}]}}