{"id":29793,"date":"2017-05-11T11:32:27","date_gmt":"2017-05-11T09:32:27","guid":{"rendered":"https:\/\/empresas.infoempleo.com\/hrtrends\/?p=29793"},"modified":"2023-03-13T19:14:11","modified_gmt":"2023-03-13T17:14:11","slug":"la-salud-laboral","status":"publish","type":"post","link":"https:\/\/empresas.infoempleo.com\/hrtrends\/la-salud-laboral\/","title":{"rendered":"La salud de tus trabajadores, un activo fundamental"},"content":{"rendered":"<p><span style=\"font-weight: 400;\">La <\/span><b>salud <\/b><span style=\"font-weight: 400;\">y el <\/span><b>bienestar <\/b><span style=\"font-weight: 400;\">de los trabajadores\u00a0son unos factores\u00a0cada vez\u00a0m\u00e1s importantes para las empresas. Las organizaciones empiezan a valorar cada vez m\u00e1s el confort y la salud mental de sus trabajadores. <\/span><\/p>\n<p><span style=\"font-weight: 400;\">Seg\u00fan la OMS, la salud mental es un estado de bienestar en el que la persona realiza sus capacidades y es capaz de hacer frente al estr\u00e9s normal de la vida, de trabajar de forma productiva y de contribuir a su comunidad. Uno de los beneficios espec\u00edficos de promover la salud mental es reducir el estr\u00e9s, uno de los mayores problemas de salud causados por el trabajo en la Uni\u00f3n Europea.<\/span><\/p>\n<h3><b>Empresas que ya invierten directamente en la felicidad de sus trabajadores<\/b><\/h3>\n<p><span style=\"font-weight: 400;\">Empresas americanas como PepsiCo, Johnson&amp;Johnson o incluso la propia NASA son conocidas por tener implementadas actividades para reducir la <\/span><b>tensi\u00f3n <\/b><span style=\"font-weight: 400;\">de sus trabajadores y as\u00ed poder gestionar mejor la atm\u00f3sfera laboral. Son conscientes del poder que hay detr\u00e1s de tener a sus empleados contentos y como al final tambi\u00e9n beneficia a la empresa.<\/span><\/p>\n<p><span style=\"font-weight: 400;\">En Espa\u00f1a tambi\u00e9n hay algunos ejemplos de empresas que disponen de <\/span><b>programas balance entre vida profesional y personal. <\/b><span style=\"font-weight: 400;\">Endesa, Nestl\u00e9, Siemens o Telef\u00f3nica ponen a disposici\u00f3n de sus trabajadores una serie de acciones que facilitan la integraci\u00f3n de sus trabajadores al <\/span><b>ambiente laboral, <\/b><span style=\"font-weight: 400;\">como por ejemplo \u201cEntr\u00e9nate\u201d de Endesa, destinado a fomentar la actividad deportiva del empleado.<\/span><\/p>\n<p><img loading=\"lazy\" decoding=\"async\" class=\"wp-image-29795 aligncenter\" src=\"https:\/\/empresas.infoempleo.com\/hrtrends\/media\/2017\/05\/La-Salud-de-tus-Trabajadores-un-Activo-fundamental-2.jpg\" alt=\"\" width=\"600\" height=\"400\" srcset=\"https:\/\/empresas.infoempleo.com\/hrtrends\/media\/2017\/05\/La-Salud-de-tus-Trabajadores-un-Activo-fundamental-2.jpg 1280w, https:\/\/empresas.infoempleo.com\/hrtrends\/media\/2017\/05\/La-Salud-de-tus-Trabajadores-un-Activo-fundamental-2-300x200.jpg 300w, https:\/\/empresas.infoempleo.com\/hrtrends\/media\/2017\/05\/La-Salud-de-tus-Trabajadores-un-Activo-fundamental-2-1024x683.jpg 1024w, https:\/\/empresas.infoempleo.com\/hrtrends\/media\/2017\/05\/La-Salud-de-tus-Trabajadores-un-Activo-fundamental-2-768x512.jpg 768w\" sizes=\"auto, (max-width: 600px) 100vw, 600px\" \/><\/p>\n<h3><b>\u00bfC\u00f3mo evaluamos el bienestar de los trabajadores?<\/b><\/h3>\n<p><span style=\"font-weight: 400;\">Esta es, quiz\u00e1s, la parte m\u00e1s complicada. Hay una serie de factores que nos pueden ayudar a identificar el estado de \u00e1nimo de los trabajadores y evitar el <\/span><span style=\"font-weight: 400;\">mal ambiente en el trabajo<\/span><span style=\"font-weight: 400;\">, juntamente con otros que tambi\u00e9n nos pueden ayudar a reforzar su d\u00eda a d\u00eda:<\/span><\/p>\n<ol>\n<li style=\"font-weight: 400;\"><span style=\"font-weight: 400;\">Evaluar el optimismo y las emociones positivas. Podemos evaluarlo mediante encuestas aleatorias que nos permitan saber la opini\u00f3n y recolectar informaci\u00f3n para mejorar la comunicaci\u00f3n interna.<\/span><\/li>\n<li style=\"font-weight: 400;\"><span style=\"font-weight: 400;\">Trabajar la inteligencia emocional, la empat\u00eda, el autoconocimiento, el autocontrol y la autoconciencia. Actividades internas que no necesariamente tienen que tener un coste muy elevado. Aqu\u00ed lo importante es ayudar a que el equipo se conozca y que aprenda de las virtudes de sus compa\u00f1eros.<\/span><\/li>\n<li style=\"font-weight: 400;\"><span style=\"font-weight: 400;\">Confianza en los propios recursos para hacer frente a los desaf\u00edos.<\/span><\/li>\n<li style=\"font-weight: 400;\"><span style=\"font-weight: 400;\">Definir los horizontes de cada trabajador. Tener claros los objetivos a los que queremos llegar y definir el camino a seguir para conseguirlos.<\/span><\/li>\n<li style=\"font-weight: 400;\"><span style=\"font-weight: 400;\">Escuchar y valorar la opini\u00f3n de nuestros trabajadores. El error forma parte del d\u00eda a d\u00eda del trabajador y es el modo en el que m\u00e1s se aprende.<\/span><\/li>\n<li style=\"font-weight: 400;\"><span style=\"font-weight: 400;\">Saber identificar los comportamientos positivos para consolidarlos en el futuro. Tenemos que destacar tambi\u00e9n aquellos procesos bien definidos en los que el trabajador se siente c\u00f3modo y que aporta un plus a su puesto de trabajo.<\/span><\/li>\n<\/ol>\n<p><span style=\"font-weight: 400;\">En definitiva, el trabajador optimista, seguro, motivado y feliz rinde m\u00e1s que el que padece los efectos producidos por el estr\u00e9s. Seg\u00fan un estudio del Opener Institute de Oxford, este tipo de perfiles permanecen m\u00e1s en las empresas y se vinculan m\u00e1s a ellas. \u00a1Invirtamos en nuestros trabajadores!<\/span><\/p>\n","protected":false},"excerpt":{"rendered":"<p>La salud y el bienestar de los trabajadores\u00a0son unos factores\u00a0cada vez\u00a0m\u00e1s importantes para las empresas. Las organizaciones empiezan<a class=\"moretag\" href=\"https:\/\/empresas.infoempleo.com\/hrtrends\/la-salud-laboral\/\"> Leer m\u00e1s<\/a><\/p>\n","protected":false},"author":93,"featured_media":30068,"comment_status":"closed","ping_status":"open","sticky":false,"template":"","format":"standard","meta":{"footnotes":""},"categories":[3035],"tags":[2314,3067,3068],"class_list":["post-29793","post","type-post","status-publish","format-standard","has-post-thumbnail","hentry","category-consejos","tag-ambiente-laboral","tag-salud-laboral","tag-salud-trabajadores"],"yoast_head":"<!-- This site is optimized with the Yoast SEO plugin v26.1.1 - https:\/\/yoast.com\/wordpress\/plugins\/seo\/ -->\n<title>La salud de tus trabajadores, un activo fundamental<\/title>\n<meta name=\"description\" content=\"La salud laboral y el bienestar de nuestros trabajadores es uno de los motivos m\u00e1s importantes para las empresas.\" \/>\n<meta name=\"robots\" content=\"index, follow, max-snippet:-1, max-image-preview:large, max-video-preview:-1\" \/>\n<link rel=\"canonical\" href=\"https:\/\/empresas.infoempleo.com\/hrtrends\/la-salud-laboral\/\" \/>\n<meta property=\"og:locale\" content=\"es_ES\" \/>\n<meta property=\"og:type\" content=\"article\" \/>\n<meta property=\"og:title\" content=\"La salud de tus trabajadores, un activo fundamental\" \/>\n<meta property=\"og:description\" content=\"La salud laboral y el bienestar de nuestros trabajadores es uno de los motivos m\u00e1s importantes para las empresas.\" \/>\n<meta property=\"og:url\" content=\"https:\/\/empresas.infoempleo.com\/hrtrends\/la-salud-laboral\/\" \/>\n<meta property=\"og:site_name\" content=\"HRTRENDS\" \/>\n<meta property=\"article:publisher\" content=\"https:\/\/www.facebook.com\/Infoempleo\" \/>\n<meta property=\"article:published_time\" content=\"2017-05-11T09:32:27+00:00\" \/>\n<meta property=\"article:modified_time\" content=\"2023-03-13T17:14:11+00:00\" \/>\n<meta property=\"og:image\" content=\"https:\/\/empresas.infoempleo.com\/hrtrends\/media\/2017\/05\/La-Salud-de-tus-Trabajadores-un-Activo-fundamental-3.jpg\" \/>\n\t<meta property=\"og:image:width\" content=\"698\" \/>\n\t<meta property=\"og:image:height\" content=\"448\" \/>\n\t<meta property=\"og:image:type\" content=\"image\/jpeg\" \/>\n<meta name=\"author\" content=\"Laura Soler\" \/>\n<meta name=\"twitter:card\" content=\"summary_large_image\" \/>\n<meta name=\"twitter:creator\" content=\"@infoempleo\" \/>\n<meta name=\"twitter:site\" content=\"@infoempleo\" \/>\n<meta name=\"twitter:label1\" content=\"Escrito por\" \/>\n\t<meta name=\"twitter:data1\" content=\"Laura Soler\" \/>\n\t<meta name=\"twitter:label2\" content=\"Tiempo de lectura\" \/>\n\t<meta name=\"twitter:data2\" content=\"3 minutos\" \/>\n<script type=\"application\/ld+json\" class=\"yoast-schema-graph\">{\"@context\":\"https:\/\/schema.org\",\"@graph\":[{\"@type\":\"NewsArticle\",\"@id\":\"https:\/\/empresas.infoempleo.com\/hrtrends\/la-salud-laboral\/#article\",\"isPartOf\":{\"@id\":\"https:\/\/empresas.infoempleo.com\/hrtrends\/la-salud-laboral\/\"},\"author\":{\"name\":\"Laura Soler\",\"@id\":\"https:\/\/empresas.infoempleo.com\/hrtrends\/#\/schema\/person\/a87831bdb31f0ef865cda025cfa8363d\"},\"headline\":\"La salud de tus trabajadores, un activo fundamental\",\"datePublished\":\"2017-05-11T09:32:27+00:00\",\"dateModified\":\"2023-03-13T17:14:11+00:00\",\"mainEntityOfPage\":{\"@id\":\"https:\/\/empresas.infoempleo.com\/hrtrends\/la-salud-laboral\/\"},\"wordCount\":548,\"publisher\":{\"@id\":\"https:\/\/empresas.infoempleo.com\/hrtrends\/#organization\"},\"image\":{\"@id\":\"https:\/\/empresas.infoempleo.com\/hrtrends\/la-salud-laboral\/#primaryimage\"},\"thumbnailUrl\":\"https:\/\/empresas.infoempleo.com\/hrtrends\/media\/2017\/05\/La-Salud-de-tus-Trabajadores-un-Activo-fundamental-3.jpg\",\"keywords\":[\"ambiente laboral\",\"Salud laboral\",\"salud trabajadores\"],\"articleSection\":[\"Consejos\"],\"inLanguage\":\"es\",\"copyrightYear\":\"2017\",\"copyrightHolder\":{\"@id\":\"https:\/\/empresas.infoempleo.com\/hrtrends\/#organization\"}},{\"@type\":\"WebPage\",\"@id\":\"https:\/\/empresas.infoempleo.com\/hrtrends\/la-salud-laboral\/\",\"url\":\"https:\/\/empresas.infoempleo.com\/hrtrends\/la-salud-laboral\/\",\"name\":\"La salud de tus trabajadores, un activo fundamental\",\"isPartOf\":{\"@id\":\"https:\/\/empresas.infoempleo.com\/hrtrends\/#website\"},\"primaryImageOfPage\":{\"@id\":\"https:\/\/empresas.infoempleo.com\/hrtrends\/la-salud-laboral\/#primaryimage\"},\"image\":{\"@id\":\"https:\/\/empresas.infoempleo.com\/hrtrends\/la-salud-laboral\/#primaryimage\"},\"thumbnailUrl\":\"https:\/\/empresas.infoempleo.com\/hrtrends\/media\/2017\/05\/La-Salud-de-tus-Trabajadores-un-Activo-fundamental-3.jpg\",\"datePublished\":\"2017-05-11T09:32:27+00:00\",\"dateModified\":\"2023-03-13T17:14:11+00:00\",\"description\":\"La salud laboral y el bienestar de nuestros trabajadores es uno de los motivos m\u00e1s importantes para las empresas.\",\"breadcrumb\":{\"@id\":\"https:\/\/empresas.infoempleo.com\/hrtrends\/la-salud-laboral\/#breadcrumb\"},\"inLanguage\":\"es\",\"potentialAction\":[{\"@type\":\"ReadAction\",\"target\":[\"https:\/\/empresas.infoempleo.com\/hrtrends\/la-salud-laboral\/\"]}]},{\"@type\":\"ImageObject\",\"inLanguage\":\"es\",\"@id\":\"https:\/\/empresas.infoempleo.com\/hrtrends\/la-salud-laboral\/#primaryimage\",\"url\":\"https:\/\/empresas.infoempleo.com\/hrtrends\/media\/2017\/05\/La-Salud-de-tus-Trabajadores-un-Activo-fundamental-3-150x150.jpg\",\"contentUrl\":\"https:\/\/empresas.infoempleo.com\/hrtrends\/media\/2017\/05\/La-Salud-de-tus-Trabajadores-un-Activo-fundamental-3-150x150.jpg\",\"width\":150,\"height\":150},{\"@type\":\"BreadcrumbList\",\"@id\":\"https:\/\/empresas.infoempleo.com\/hrtrends\/la-salud-laboral\/#breadcrumb\",\"itemListElement\":[{\"@type\":\"ListItem\",\"position\":1,\"name\":\"Portada\",\"item\":\"https:\/\/empresas.infoempleo.com\/hrtrends\/\"},{\"@type\":\"ListItem\",\"position\":2,\"name\":\"La salud de tus trabajadores, un activo fundamental\"}]},{\"@type\":\"WebSite\",\"@id\":\"https:\/\/empresas.infoempleo.com\/hrtrends\/#website\",\"url\":\"https:\/\/empresas.infoempleo.com\/hrtrends\",\"name\":\"HRTrends by Infoempleo\",\"description\":\"\",\"publisher\":{\"@id\":\"https:\/\/empresas.infoempleo.com\/hrtrends\/#organization\"},\"potentialAction\":{\"@type\":\"SearchAction\",\"target\":\"https:\/\/empresas.infoempleo.com\/hrtrends\/?s={search_term_string}\",\"query-input\":\"required name=search_term_string\"},\"inLanguage\":\"es\"},{\"@type\":\"Organization\",\"@id\":\"https:\/\/empresas.infoempleo.com\/hrtrends\/#organization\",\"name\":\"Infoempleo\",\"url\":\"https:\/\/www.infoempleo.com\/\",\"logo\":{\"@type\":\"ImageObject\",\"@id\":\"https:\/\/empresas.infoempleo.com\/hrtrends\/#logo\",\"inLanguage\":\"es\",\"url\":\"https:\/\/cdnazure.infoempleo.com\/infoempleo\/assets\/style\/gfx\/logo.svg\",\"contentUrl\":\"https:\/\/cdnazure.infoempleo.com\/infoempleo\/assets\/style\/gfx\/logo.svg\",\"width\":150,\"height\":40,\"caption\":\"Infoempleo\"},\"image\":{\"@id\":\"https:\/\/empresas.infoempleo.com\/hrtrends\/#logo\"},\"sameAs\":[\"https:\/\/www.facebook.com\/Infoempleo\",\"https:\/\/x.com\/infoempleo\",\"http:\/\/instagram.com\/infoempleo\/\",\"http:\/\/www.linkedin.com\/groups\/Empleo-Espa\u00f1a-Infoempleocom-111276\",\"http:\/\/pinterest.com\/infoempleo\/\"],\"address\":{\"@type\":\"PostalAddress\",\"addressLocality\":\"Madrid\",\"postalCode\":\"28050\",\"streetAddress\":\"Avenida de Burgos 114\"},\"brand\":[\"Infoempleo\"]},{\"@type\":\"Person\",\"@id\":\"https:\/\/empresas.infoempleo.com\/hrtrends\/#\/schema\/person\/a87831bdb31f0ef865cda025cfa8363d\",\"name\":\"Laura Soler\",\"image\":{\"@type\":\"ImageObject\",\"inLanguage\":\"es\",\"@id\":\"https:\/\/empresas.infoempleo.com\/hrtrends\/#\/schema\/person\/image\/\",\"url\":\"https:\/\/secure.gravatar.com\/avatar\/a849b9e29c141525eaf83f6f13a6c1442db43088835ada5a24322f59598e8fb5?s=96&d=mm&r=g\",\"contentUrl\":\"https:\/\/secure.gravatar.com\/avatar\/a849b9e29c141525eaf83f6f13a6c1442db43088835ada5a24322f59598e8fb5?s=96&d=mm&r=g\",\"caption\":\"Laura Soler\"},\"description\":\"Redactora, estudiante de m\u00e1ster en Relaciones Laborales y apasionada del coaching empresarial.\",\"url\":\"https:\/\/empresas.infoempleo.com\/hrtrends\/author\/laura-soler\/\"}]}<\/script>\n<!-- \/ Yoast SEO plugin. -->","yoast_head_json":{"title":"La salud de tus trabajadores, un activo fundamental","description":"La salud laboral y el bienestar de nuestros trabajadores es uno de los motivos m\u00e1s importantes para las empresas.","robots":{"index":"index","follow":"follow","max-snippet":"max-snippet:-1","max-image-preview":"max-image-preview:large","max-video-preview":"max-video-preview:-1"},"canonical":"https:\/\/empresas.infoempleo.com\/hrtrends\/la-salud-laboral\/","og_locale":"es_ES","og_type":"article","og_title":"La salud de tus trabajadores, un activo fundamental","og_description":"La salud laboral y el bienestar de nuestros trabajadores es uno de los motivos m\u00e1s importantes para las empresas.","og_url":"https:\/\/empresas.infoempleo.com\/hrtrends\/la-salud-laboral\/","og_site_name":"HRTRENDS","article_publisher":"https:\/\/www.facebook.com\/Infoempleo","article_published_time":"2017-05-11T09:32:27+00:00","article_modified_time":"2023-03-13T17:14:11+00:00","og_image":[{"width":698,"height":448,"url":"https:\/\/empresas.infoempleo.com\/hrtrends\/media\/2017\/05\/La-Salud-de-tus-Trabajadores-un-Activo-fundamental-3.jpg","type":"image\/jpeg"}],"author":"Laura Soler","twitter_card":"summary_large_image","twitter_creator":"@infoempleo","twitter_site":"@infoempleo","twitter_misc":{"Escrito por":"Laura Soler","Tiempo de lectura":"3 minutos"},"schema":{"@context":"https:\/\/schema.org","@graph":[{"@type":"NewsArticle","@id":"https:\/\/empresas.infoempleo.com\/hrtrends\/la-salud-laboral\/#article","isPartOf":{"@id":"https:\/\/empresas.infoempleo.com\/hrtrends\/la-salud-laboral\/"},"author":{"name":"Laura Soler","@id":"https:\/\/empresas.infoempleo.com\/hrtrends\/#\/schema\/person\/a87831bdb31f0ef865cda025cfa8363d"},"headline":"La salud de tus trabajadores, un activo fundamental","datePublished":"2017-05-11T09:32:27+00:00","dateModified":"2023-03-13T17:14:11+00:00","mainEntityOfPage":{"@id":"https:\/\/empresas.infoempleo.com\/hrtrends\/la-salud-laboral\/"},"wordCount":548,"publisher":{"@id":"https:\/\/empresas.infoempleo.com\/hrtrends\/#organization"},"image":{"@id":"https:\/\/empresas.infoempleo.com\/hrtrends\/la-salud-laboral\/#primaryimage"},"thumbnailUrl":"https:\/\/empresas.infoempleo.com\/hrtrends\/media\/2017\/05\/La-Salud-de-tus-Trabajadores-un-Activo-fundamental-3.jpg","keywords":["ambiente laboral","Salud laboral","salud trabajadores"],"articleSection":["Consejos"],"inLanguage":"es","copyrightYear":"2017","copyrightHolder":{"@id":"https:\/\/empresas.infoempleo.com\/hrtrends\/#organization"}},{"@type":"WebPage","@id":"https:\/\/empresas.infoempleo.com\/hrtrends\/la-salud-laboral\/","url":"https:\/\/empresas.infoempleo.com\/hrtrends\/la-salud-laboral\/","name":"La salud de tus trabajadores, un activo fundamental","isPartOf":{"@id":"https:\/\/empresas.infoempleo.com\/hrtrends\/#website"},"primaryImageOfPage":{"@id":"https:\/\/empresas.infoempleo.com\/hrtrends\/la-salud-laboral\/#primaryimage"},"image":{"@id":"https:\/\/empresas.infoempleo.com\/hrtrends\/la-salud-laboral\/#primaryimage"},"thumbnailUrl":"https:\/\/empresas.infoempleo.com\/hrtrends\/media\/2017\/05\/La-Salud-de-tus-Trabajadores-un-Activo-fundamental-3.jpg","datePublished":"2017-05-11T09:32:27+00:00","dateModified":"2023-03-13T17:14:11+00:00","description":"La salud laboral y el bienestar de nuestros trabajadores es uno de los motivos m\u00e1s importantes para las empresas.","breadcrumb":{"@id":"https:\/\/empresas.infoempleo.com\/hrtrends\/la-salud-laboral\/#breadcrumb"},"inLanguage":"es","potentialAction":[{"@type":"ReadAction","target":["https:\/\/empresas.infoempleo.com\/hrtrends\/la-salud-laboral\/"]}]},{"@type":"ImageObject","inLanguage":"es","@id":"https:\/\/empresas.infoempleo.com\/hrtrends\/la-salud-laboral\/#primaryimage","url":"https:\/\/empresas.infoempleo.com\/hrtrends\/media\/2017\/05\/La-Salud-de-tus-Trabajadores-un-Activo-fundamental-3-150x150.jpg","contentUrl":"https:\/\/empresas.infoempleo.com\/hrtrends\/media\/2017\/05\/La-Salud-de-tus-Trabajadores-un-Activo-fundamental-3-150x150.jpg","width":150,"height":150},{"@type":"BreadcrumbList","@id":"https:\/\/empresas.infoempleo.com\/hrtrends\/la-salud-laboral\/#breadcrumb","itemListElement":[{"@type":"ListItem","position":1,"name":"Portada","item":"https:\/\/empresas.infoempleo.com\/hrtrends\/"},{"@type":"ListItem","position":2,"name":"La salud de tus trabajadores, un activo fundamental"}]},{"@type":"WebSite","@id":"https:\/\/empresas.infoempleo.com\/hrtrends\/#website","url":"https:\/\/empresas.infoempleo.com\/hrtrends","name":"HRTrends by Infoempleo","description":"","publisher":{"@id":"https:\/\/empresas.infoempleo.com\/hrtrends\/#organization"},"potentialAction":{"@type":"SearchAction","target":"https:\/\/empresas.infoempleo.com\/hrtrends\/?s={search_term_string}","query-input":"required name=search_term_string"},"inLanguage":"es"},{"@type":"Organization","@id":"https:\/\/empresas.infoempleo.com\/hrtrends\/#organization","name":"Infoempleo","url":"https:\/\/www.infoempleo.com\/","logo":{"@type":"ImageObject","@id":"https:\/\/empresas.infoempleo.com\/hrtrends\/#logo","inLanguage":"es","url":"https:\/\/cdnazure.infoempleo.com\/infoempleo\/assets\/style\/gfx\/logo.svg","contentUrl":"https:\/\/cdnazure.infoempleo.com\/infoempleo\/assets\/style\/gfx\/logo.svg","width":150,"height":40,"caption":"Infoempleo"},"image":{"@id":"https:\/\/empresas.infoempleo.com\/hrtrends\/#logo"},"sameAs":["https:\/\/www.facebook.com\/Infoempleo","https:\/\/x.com\/infoempleo","http:\/\/instagram.com\/infoempleo\/","http:\/\/www.linkedin.com\/groups\/Empleo-Espa\u00f1a-Infoempleocom-111276","http:\/\/pinterest.com\/infoempleo\/"],"address":{"@type":"PostalAddress","addressLocality":"Madrid","postalCode":"28050","streetAddress":"Avenida de Burgos 114"},"brand":["Infoempleo"]},{"@type":"Person","@id":"https:\/\/empresas.infoempleo.com\/hrtrends\/#\/schema\/person\/a87831bdb31f0ef865cda025cfa8363d","name":"Laura Soler","image":{"@type":"ImageObject","inLanguage":"es","@id":"https:\/\/empresas.infoempleo.com\/hrtrends\/#\/schema\/person\/image\/","url":"https:\/\/secure.gravatar.com\/avatar\/a849b9e29c141525eaf83f6f13a6c1442db43088835ada5a24322f59598e8fb5?s=96&d=mm&r=g","contentUrl":"https:\/\/secure.gravatar.com\/avatar\/a849b9e29c141525eaf83f6f13a6c1442db43088835ada5a24322f59598e8fb5?s=96&d=mm&r=g","caption":"Laura Soler"},"description":"Redactora, estudiante de m\u00e1ster en Relaciones Laborales y apasionada del coaching empresarial.","url":"https:\/\/empresas.infoempleo.com\/hrtrends\/author\/laura-soler\/"}]}},"amp_enabled":true,"_links":{"self":[{"href":"https:\/\/empresas.infoempleo.com\/hrtrends\/wp-json\/wp\/v2\/posts\/29793","targetHints":{"allow":["GET"]}}],"collection":[{"href":"https:\/\/empresas.infoempleo.com\/hrtrends\/wp-json\/wp\/v2\/posts"}],"about":[{"href":"https:\/\/empresas.infoempleo.com\/hrtrends\/wp-json\/wp\/v2\/types\/post"}],"author":[{"embeddable":true,"href":"https:\/\/empresas.infoempleo.com\/hrtrends\/wp-json\/wp\/v2\/users\/93"}],"replies":[{"embeddable":true,"href":"https:\/\/empresas.infoempleo.com\/hrtrends\/wp-json\/wp\/v2\/comments?post=29793"}],"version-history":[{"count":1,"href":"https:\/\/empresas.infoempleo.com\/hrtrends\/wp-json\/wp\/v2\/posts\/29793\/revisions"}],"predecessor-version":[{"id":42855,"href":"https:\/\/empresas.infoempleo.com\/hrtrends\/wp-json\/wp\/v2\/posts\/29793\/revisions\/42855"}],"wp:featuredmedia":[{"embeddable":true,"href":"https:\/\/empresas.infoempleo.com\/hrtrends\/wp-json\/wp\/v2\/media\/30068"}],"wp:attachment":[{"href":"https:\/\/empresas.infoempleo.com\/hrtrends\/wp-json\/wp\/v2\/media?parent=29793"}],"wp:term":[{"taxonomy":"category","embeddable":true,"href":"https:\/\/empresas.infoempleo.com\/hrtrends\/wp-json\/wp\/v2\/categories?post=29793"},{"taxonomy":"post_tag","embeddable":true,"href":"https:\/\/empresas.infoempleo.com\/hrtrends\/wp-json\/wp\/v2\/tags?post=29793"}],"curies":[{"name":"wp","href":"https:\/\/api.w.org\/{rel}","templated":true}]}}