{"id":29714,"date":"2017-05-17T09:00:40","date_gmt":"2017-05-17T07:00:40","guid":{"rendered":"https:\/\/empresas.infoempleo.com\/hrtrends\/?p=29714"},"modified":"2025-10-28T18:00:22","modified_gmt":"2025-10-28T16:00:22","slug":"grupo-cosentino","status":"publish","type":"post","link":"https:\/\/empresas.infoempleo.com\/hrtrends\/grupo-cosentino\/","title":{"rendered":"Dentro de RRHH: Grupo Cosentino"},"content":{"rendered":"<p>Una<strong> empresa familiar<\/strong> que acaba distribuyendo sus productos en m\u00e1s de 80 pa\u00edses. Desde Almer\u00eda, el <strong>Grupo Cosentino<\/strong> dirige una compa\u00f1\u00eda l\u00edder en el sector del dise\u00f1o de<strong> superficies y arquitectura<\/strong>, y que cuenta con m\u00e1s de 3.700 empleados. Tal n\u00famero de personas hace que gestionar el <strong>\u00e1rea de recursos humanos<\/strong> se convierte en una tarea indispensable. En Espa\u00f1a,<strong> Lidia Berbel<\/strong> es la responsable de <strong>Atracci\u00f3n de Talento<\/strong> en el departamento <em>People<\/em> del Grupo Cosentino, es decir la persona encargada de conseguir que los <strong>mejores profesionales<\/strong> trabajen en la compa\u00f1\u00eda. En esta entrevista nos cuenta cu\u00e1les son las principales <strong>dificultades a la hora de reclutar talento<\/strong> y la forma de subsanarlas, adem\u00e1s de qu\u00e9 estrategias son las mejores para conseguir una <strong>internacionalizaci\u00f3n<\/strong> tan importante como la que ha realizado la compa\u00f1\u00eda.<\/p>\n<h4>\u00bfQu\u00e9 significa para una empresa tan grande una buena gesti\u00f3n del talento? \u00bfC\u00f3mo se coordinan las diferentes \u00e1reas de RRHH en los diferentes pa\u00edses?<\/h4>\n<p>La <strong>gesti\u00f3n del talento<\/strong> es un pilar fundamental de la estrategia de nuestra compa\u00f1\u00eda: contar con las personas con <strong>mejores capacidades y habilidades<\/strong> para estar preparados para el futuro y hacer que <strong>disfruten con su trabajo<\/strong>; \u00a0sin este elemento dentro de nuestra planificaci\u00f3n de futuro no conseguiremos el \u00e9xito.<\/p>\n<p>Damos cobertura en materia de recursos humanos a nuestra compa\u00f1\u00eda desde los <em>headquarters<\/em> de Cantoria (Almer\u00eda), Miami (USA) y Vitoria (Brasil) a todas las unidades de negocio; a\u00fan as\u00ed, la <strong>figura de los mandos<\/strong> es la clave en todo lo que tiene que ver con la gesti\u00f3n del talento.<\/p>\n<h4>De entre todos los valores que forman el <em>ADN Cosentino<\/em>, \u00bfcu\u00e1l es el m\u00e1s importante en el \u00e1rea de RRHH? \u00bfCu\u00e1l es la marca y los valores que quer\u00e9is ofrecer como empleadores?<\/h4>\n<p>Lo m\u00e1s importante es la mezcla en su adecuada proporci\u00f3n entre nuestras <strong>se\u00f1as de identidad<\/strong> y que las personas cuenten con un poco de cada una de ellas: el <strong>equilibrio<\/strong> es la virtud. <strong>Nuestra marca es innovaci\u00f3n, marketing y pasi\u00f3n<\/strong>. Nuestros valores son los que nos han llevado hasta aqu\u00ed, el <strong>esp\u00edritu familiar<\/strong> que nos han transmitido a lo largo de estos a\u00f1os.<\/p>\n<h4>\u00bfQu\u00e9 se consigue al eliminar barreras entre las diferentes \u00e1reas?<\/h4>\n<p>El <a href=\"https:\/\/empresas.infoempleo.com\/hrtrends\/coaching-herramienta-desarrollo-personas-y-equipos\/\" target=\"_blank\" rel=\"noopener noreferrer\"><strong>trabajo en equipo<\/strong><\/a> es la clave, lograr la confianza y conexi\u00f3n entre las personas es la \u00fanica v\u00eda para ser realmente eficiente en una organizaci\u00f3n. Los procesos y la tecnolog\u00eda te ordenan y hacen mejor, pero si existen barreras, nada por muy innovador que sea, funciona.<\/p>\n<h4>\u00bfQu\u00e9 estrategia de b\u00fasqueda y gesti\u00f3n del talento fue la que mejor funcion\u00f3 en la internacionalizaci\u00f3n de la empresa? \u00bfDe qu\u00e9 forma convence <em>Cosentino<\/em> al talento indeciso?<\/h4>\n<p>Incluir<strong> nuevas herramientas y tecnolog\u00edas<\/strong> de b\u00fasqueda y atracci\u00f3n del talento desde hace muchos a\u00f1os combin\u00e1ndolo con una apuesta muy decidida por la <strong>formaci\u00f3n y promoci\u00f3n interna<\/strong>.<\/p>\n<p>Contamos con un proyecto de crecimiento muy s\u00f3lido, un entorno profesional totalmente internacional, una <strong>pol\u00edtica de responsabilidad<\/strong> y visibilidad de cada persona a todos los niveles y grandes oportunidades de promoci\u00f3n y crecimiento; estar en un momento de expansi\u00f3n y desarrollo de negocio nos permite ofrecer muchos aspectos positivos a los profesionales.<\/p>\n Fachada de la sede de Cosentino City en Montreal\n<h4>Actualmente, \u00bfen qu\u00e9 pa\u00edses est\u00e1is reclutando talento? \u00bfCu\u00e1les son las mayores dificultades?<\/h4>\n<p>En m\u00e1s de 30 pa\u00edses con m\u00e1s de 200 posiciones en b\u00fasqueda en los <strong>cinco continentes<\/strong>. Estamos trabajando para mejorar nuestra marca empleadora en aqu\u00e9llos pa\u00edses en los que a\u00fan nuestra compa\u00f1\u00eda no est\u00e1 conocida; por otro lado, tenemos que ser muy flexibles para adaptarnos a\u00a0<a href=\"http:\/\/blog.infoempleo.com\/a\/comparaciones-odiosas-horario-trabajo-otros-paises\/?utm_source=post&amp;utm_campaign=hrtrends&amp;utm_medium=blogempresas&amp;utm_content=contenido\" target=\"_blank\" rel=\"noopener noreferrer\"><strong>diferencias en horario<\/strong><\/a> en todas las localizaciones.<\/p>\n<h4>\u00bfDe qu\u00e9 forma os ha ayudado <em>Infoempleo<\/em> en esta tarea? \u00bfCu\u00e1l es vuestra experiencia como clientes?<\/h4>\n<p>Infoempleo es uno de nuestros <em>partners<\/em> en la <strong>b\u00fasqueda de talento<\/strong>, cada vez con mayor presencia en nuestra estrategia dado que hemos encontrado la posibilidad de<strong> localizar fuentes de empleo<\/strong> claves para cada punto geogr\u00e1fico a trav\u00e9s de su red de contactos; de ah\u00ed que estemos valorando la posibilidad de establecer una <strong>colaboraci\u00f3n a nivel mundial <\/strong>a trav\u00e9s del\u00a0<a href=\"https:\/\/empresas.infoempleo.com\/empleo-internacional\/?utm_source=post&amp;utm_campaign=hrtrends&amp;utm_medium=blogempresas&amp;utm_content=empresa_internacional\" target=\"_blank\" rel=\"noopener noreferrer\">servicio de reclutamiento internacional<\/a>.<\/p>\n<p>Nuestra experiencia con Infoempleo es muy positiva, nos aporta <strong>velocidad<\/strong>, conocimiento de los mercados donde trabajan y estamos buscando talento y una <strong>gesti\u00f3n muy personalizada,<\/strong> que nos permite invertir de manera efectiva en la fuente correcta y la modalidad m\u00e1s ajustada.<\/p>\n<h4>\u00bfC\u00f3mo se superan los problemas a la hora de encontrar ciertos perfiles? \u00bfHay muchas diferencias entre pa\u00edses?<\/h4>\n<p>Contamos con un gran equipo interno, pero para determinados perfiles nos apoyamos en <strong>colaboradores externos<\/strong>, ya sean locales en una determinada localizaci\u00f3n o que trabajen muy bien un colectivo concreto. Si detectamos que un determinado perfil es demasiado complicado para nosotros, elaboramos<strong> programas de desarrollo<\/strong> que nos ayuden a solucionar esta carencia.<\/p>\n<h4>\u00bfCu\u00e1l es la mejor forma de retener el talento en la empresa?<\/h4>\n<p>Valoramos como una de nuestras principales premisas dar a cada uno de nuestros colaboradores <strong>autonom\u00eda y capacidad de mejorar<\/strong> su trabajo cada d\u00eda, contamos con una cultura muy fuerte de mejora continua y de intentar poner en pr\u00e1ctica todas las propuestas que nos sirvan para crecer. Ofrecemos diferentes v\u00edas para que nuestros colaboradores se desarrollen en sus funciones actuales o asuman <strong>nuevas y mayores responsabilidades<\/strong> que los lleven a nuevas posiciones en nuestras diferentes localizaciones.<\/p>\n<p><strong>Somos transparentes<\/strong>: si la persona y la compa\u00f1\u00eda comparten el <strong>mismo ADN<\/strong> es f\u00e1cil disfrutar en <em>Cosentino<\/em>.<\/p>\n<h4>\u00bfQu\u00e9 os diferencia de otras empresas del sector?<\/h4>\n<p>Somos una empresa con una<strong> orientaci\u00f3n internacional<\/strong> muy fuerte (menos del 10% de nuestra facturaci\u00f3n es en Espa\u00f1a). Nuestro modelo de negocio abarca desde la <strong>producci\u00f3n hasta distribuci\u00f3n<\/strong> a cliente final; esto junto con un foco constante en la innovaci\u00f3n y una admiraci\u00f3n profunda por el factor personas en la organizaci\u00f3n nos hace diferentes. Son elementos clave dentro de nuestra estrategia a todos los niveles<strong>: querer \u201chacer\u201d<\/strong>, pensar que las cosas pueden suceder y apoyarnos en los mejores profesionales son herramientas de \u00e9xito en <em>Cosentino<\/em>.<\/p>\n<h4>\u00bfC\u00f3mo se consigue que los empleados se sientan identificados con la marca que la empresa quiere transmitir? \u00bfQu\u00e9 canales utiliz\u00e1is para dar visibilidad a esa marca de empleador?<\/h4>\n<p>Hacemos<strong> part\u00edcipes a nuestros empleados del proyecto<\/strong> y buscamos v\u00edas intensamente para que ellos se sientan involucrados en nuestros proyectos: si una persona siente que est\u00e1 aportando su granito de arena a conseguir grandes resultados, siempre ser\u00e1 el mejor <strong>embajador de la marca<\/strong>.<\/p>\n<p>Nuestro equipo de <strong>Comunicaci\u00f3n Interna<\/strong> tiene un papel fundamental en esto; es clave que la<strong> comunicaci\u00f3n sea bidireccional.<\/strong><\/p>\n Trabajadores de Cosentino en la sede central de Cantoria (Almer\u00eda)\n<h4>\u00bfQu\u00e9 significa exactamente \u201cformar a los l\u00edderes del futuro\u201d? \u00bfPara qu\u00e9 sirve?<\/h4>\n<p>Es una de las contribuciones de la compa\u00f1\u00eda a la sociedad; contar con<strong> personas motivadas, con valores y con esp\u00edritu emprendedor<\/strong> son los cimientos para que el mundo sea cada d\u00eda mejor.<\/p>\n<h4>\u00bfCu\u00e1l es vuestra apuesta en temas como conciliaci\u00f3n laboral, formaci\u00f3n continua o convergencia de diferentes edades?<\/h4>\n<p>En un<strong> entorno tan internacional y multicultural,<\/strong> es importante adaptarse a las particularidades culturales variopintas. Desde el <em>\u00c1rea People<\/em> somos facilitadores del cambio para que los mandos sean desarrolladores de personas. Hemos revisado todos los procesos en materia de personas para que el desarrollo sea el epicentro:<a href=\"http:\/\/blog.infoempleo.com\/a\/planes-de-carrera-y-trayectoria-profesional\/?utm_source=post&amp;utm_campaign=hrtrends&amp;utm_medium=blogempresas&amp;utm_content=contenido\" target=\"_blank\" rel=\"noopener noreferrer\"><strong> planes de desarrollo<\/strong> <\/a>muy pr\u00e1cticos y centrados en la actividad diaria de la persona, menos programas formativos, pero muy potentes y asegur\u00e1ndonos que hay una aplicaci\u00f3n posterior al \u201cd\u00eda a d\u00eda\u00bb\u2026<\/p>\n<h4>\u00bfHay alguna experiencia de \u00e9xito en el \u00e1rea de los RRHH que quieras compartir con nosotros?<\/h4>\n<p>Estamos orgullosos de que en nuestros programas de atracci\u00f3n del talento combinados con desarrollo m\u00e1s del 80% de los participantes contin\u00faan su carrera como empleados de <em>Cosentino<\/em>; de hecho, los estamos extendiendo a <strong>m\u00faltiples colectivos<\/strong>:<\/p>\n<ul>\n<li><strong>Programa Impulsa<\/strong>: dirigido a<strong> reci\u00e9n titulados y j\u00f3venes<\/strong> con corta experiencia profesional. La clave del \u00e9xito es que exista una alta inversi\u00f3n buscando la permanencia y continuidad de la compa\u00f1\u00eda: no queremos que estos perfiles se formen con nosotros y tengan que salir de la compa\u00f1\u00eda.<\/li>\n<\/ul>\n<ul>\n<li><strong>Programa Cantera<\/strong>: dirigido a <strong>profesionales del entorno industrial<\/strong>. Reciclamos profesionalmente a personas que aunque no hayan trabajado antes en una f\u00e1brica, puedan incorporarse a hacerlo tras un per\u00edodo de formaci\u00f3n con nosotros.<\/li>\n<\/ul>\n","protected":false},"excerpt":{"rendered":"<p>Una empresa familiar que acaba distribuyendo sus productos en m\u00e1s de 80 pa\u00edses. Desde Almer\u00eda, el Grupo Cosentino<a class=\"moretag\" href=\"https:\/\/empresas.infoempleo.com\/hrtrends\/grupo-cosentino\/\"> Leer m\u00e1s<\/a><\/p>\n","protected":false},"author":88,"featured_media":29891,"comment_status":"closed","ping_status":"open","sticky":false,"template":"","format":"standard","meta":{"footnotes":""},"categories":[2978,3031],"tags":[2980,2962,70],"class_list":["post-29714","post","type-post","status-publish","format-standard","has-post-thumbnail","hentry","category-directores-rrhh","category-entrevistas","tag-directores-rrhh","tag-estrategias-rrhh","tag-rrhh"],"yoast_head":"<!-- This site is optimized with the Yoast SEO plugin v26.1.1 - https:\/\/yoast.com\/wordpress\/plugins\/seo\/ -->\n<title>Dentro de RRHH: Grupo Cosentino | HRTRENDS<\/title>\n<meta name=\"robots\" content=\"index, follow, max-snippet:-1, max-image-preview:large, max-video-preview:-1\" \/>\n<link rel=\"canonical\" href=\"https:\/\/empresas.infoempleo.com\/hrtrends\/grupo-cosentino\/\" \/>\n<meta property=\"og:locale\" content=\"es_ES\" \/>\n<meta property=\"og:type\" content=\"article\" \/>\n<meta property=\"og:title\" content=\"Dentro de RRHH: Grupo Cosentino | HRTRENDS\" \/>\n<meta property=\"og:description\" content=\"Una empresa familiar que acaba distribuyendo sus productos en m\u00e1s de 80 pa\u00edses. Desde Almer\u00eda, el Grupo Cosentino Leer m\u00e1s\" \/>\n<meta property=\"og:url\" content=\"https:\/\/empresas.infoempleo.com\/hrtrends\/grupo-cosentino\/\" \/>\n<meta property=\"og:site_name\" content=\"HRTRENDS\" \/>\n<meta property=\"article:publisher\" content=\"https:\/\/www.facebook.com\/Infoempleo\" \/>\n<meta property=\"article:published_time\" content=\"2017-05-17T07:00:40+00:00\" \/>\n<meta property=\"article:modified_time\" content=\"2025-10-28T16:00:22+00:00\" \/>\n<meta property=\"og:image\" content=\"https:\/\/empresas.infoempleo.com\/hrtrends\/media\/2017\/05\/plantilla.directores-hrtrends-e1495701247522.jpg\" \/>\n\t<meta property=\"og:image:width\" content=\"880\" \/>\n\t<meta property=\"og:image:height\" content=\"539\" \/>\n\t<meta property=\"og:image:type\" content=\"image\/jpeg\" \/>\n<meta name=\"author\" content=\"Dani Dom\u00ednguez\" \/>\n<meta name=\"twitter:card\" content=\"summary_large_image\" \/>\n<meta name=\"twitter:creator\" content=\"@infoempleo\" \/>\n<meta name=\"twitter:site\" content=\"@infoempleo\" \/>\n<meta name=\"twitter:label1\" content=\"Escrito por\" \/>\n\t<meta name=\"twitter:data1\" content=\"Dani Dom\u00ednguez\" \/>\n\t<meta name=\"twitter:label2\" content=\"Tiempo de lectura\" \/>\n\t<meta name=\"twitter:data2\" content=\"7 minutos\" \/>\n<script type=\"application\/ld+json\" class=\"yoast-schema-graph\">{\"@context\":\"https:\/\/schema.org\",\"@graph\":[{\"@type\":\"NewsArticle\",\"@id\":\"https:\/\/empresas.infoempleo.com\/hrtrends\/grupo-cosentino\/#article\",\"isPartOf\":{\"@id\":\"https:\/\/empresas.infoempleo.com\/hrtrends\/grupo-cosentino\/\"},\"author\":{\"name\":\"Dani Dom\u00ednguez\",\"@id\":\"https:\/\/empresas.infoempleo.com\/hrtrends\/#\/schema\/person\/3a9303d91d135a1f448a9fa879541d2b\"},\"headline\":\"Dentro de RRHH: Grupo Cosentino\",\"datePublished\":\"2017-05-17T07:00:40+00:00\",\"dateModified\":\"2025-10-28T16:00:22+00:00\",\"mainEntityOfPage\":{\"@id\":\"https:\/\/empresas.infoempleo.com\/hrtrends\/grupo-cosentino\/\"},\"wordCount\":1472,\"publisher\":{\"@id\":\"https:\/\/empresas.infoempleo.com\/hrtrends\/#organization\"},\"image\":{\"@id\":\"https:\/\/empresas.infoempleo.com\/hrtrends\/grupo-cosentino\/#primaryimage\"},\"thumbnailUrl\":\"https:\/\/empresas.infoempleo.com\/hrtrends\/media\/2017\/05\/plantilla.directores-hrtrends-e1495701247522.jpg\",\"keywords\":[\"directores RRHH\",\"estrategias RRHH\",\"RRHH\"],\"articleSection\":[\"Directores de RRHH\",\"Entrevistas\"],\"inLanguage\":\"es\",\"copyrightYear\":\"2017\",\"copyrightHolder\":{\"@id\":\"https:\/\/empresas.infoempleo.com\/hrtrends\/#organization\"}},{\"@type\":\"WebPage\",\"@id\":\"https:\/\/empresas.infoempleo.com\/hrtrends\/grupo-cosentino\/\",\"url\":\"https:\/\/empresas.infoempleo.com\/hrtrends\/grupo-cosentino\/\",\"name\":\"Dentro de RRHH: Grupo Cosentino | HRTRENDS\",\"isPartOf\":{\"@id\":\"https:\/\/empresas.infoempleo.com\/hrtrends\/#website\"},\"primaryImageOfPage\":{\"@id\":\"https:\/\/empresas.infoempleo.com\/hrtrends\/grupo-cosentino\/#primaryimage\"},\"image\":{\"@id\":\"https:\/\/empresas.infoempleo.com\/hrtrends\/grupo-cosentino\/#primaryimage\"},\"thumbnailUrl\":\"https:\/\/empresas.infoempleo.com\/hrtrends\/media\/2017\/05\/plantilla.directores-hrtrends-e1495701247522.jpg\",\"datePublished\":\"2017-05-17T07:00:40+00:00\",\"dateModified\":\"2025-10-28T16:00:22+00:00\",\"breadcrumb\":{\"@id\":\"https:\/\/empresas.infoempleo.com\/hrtrends\/grupo-cosentino\/#breadcrumb\"},\"inLanguage\":\"es\",\"potentialAction\":[{\"@type\":\"ReadAction\",\"target\":[\"https:\/\/empresas.infoempleo.com\/hrtrends\/grupo-cosentino\/\"]}]},{\"@type\":\"ImageObject\",\"inLanguage\":\"es\",\"@id\":\"https:\/\/empresas.infoempleo.com\/hrtrends\/grupo-cosentino\/#primaryimage\",\"url\":\"https:\/\/empresas.infoempleo.com\/hrtrends\/media\/2017\/05\/plantilla.directores-hrtrends-e1495701247522-150x150.jpg\",\"contentUrl\":\"https:\/\/empresas.infoempleo.com\/hrtrends\/media\/2017\/05\/plantilla.directores-hrtrends-e1495701247522-150x150.jpg\",\"width\":150,\"height\":150,\"caption\":\"Grupo Cosentino RRHH\"},{\"@type\":\"BreadcrumbList\",\"@id\":\"https:\/\/empresas.infoempleo.com\/hrtrends\/grupo-cosentino\/#breadcrumb\",\"itemListElement\":[{\"@type\":\"ListItem\",\"position\":1,\"name\":\"Portada\",\"item\":\"https:\/\/empresas.infoempleo.com\/hrtrends\/\"},{\"@type\":\"ListItem\",\"position\":2,\"name\":\"Dentro de RRHH: Grupo Cosentino\"}]},{\"@type\":\"WebSite\",\"@id\":\"https:\/\/empresas.infoempleo.com\/hrtrends\/#website\",\"url\":\"https:\/\/empresas.infoempleo.com\/hrtrends\",\"name\":\"HRTrends by Infoempleo\",\"description\":\"\",\"publisher\":{\"@id\":\"https:\/\/empresas.infoempleo.com\/hrtrends\/#organization\"},\"potentialAction\":{\"@type\":\"SearchAction\",\"target\":\"https:\/\/empresas.infoempleo.com\/hrtrends\/?s={search_term_string}\",\"query-input\":\"required name=search_term_string\"},\"inLanguage\":\"es\"},{\"@type\":\"Organization\",\"@id\":\"https:\/\/empresas.infoempleo.com\/hrtrends\/#organization\",\"name\":\"Infoempleo\",\"url\":\"https:\/\/www.infoempleo.com\/\",\"logo\":{\"@type\":\"ImageObject\",\"@id\":\"https:\/\/empresas.infoempleo.com\/hrtrends\/#logo\",\"inLanguage\":\"es\",\"url\":\"https:\/\/cdnazure.infoempleo.com\/infoempleo\/assets\/style\/gfx\/logo.svg\",\"contentUrl\":\"https:\/\/cdnazure.infoempleo.com\/infoempleo\/assets\/style\/gfx\/logo.svg\",\"width\":150,\"height\":40,\"caption\":\"Infoempleo\"},\"image\":{\"@id\":\"https:\/\/empresas.infoempleo.com\/hrtrends\/#logo\"},\"sameAs\":[\"https:\/\/www.facebook.com\/Infoempleo\",\"https:\/\/x.com\/infoempleo\",\"http:\/\/instagram.com\/infoempleo\/\",\"http:\/\/www.linkedin.com\/groups\/Empleo-Espa\u00f1a-Infoempleocom-111276\",\"http:\/\/pinterest.com\/infoempleo\/\"],\"address\":{\"@type\":\"PostalAddress\",\"addressLocality\":\"Madrid\",\"postalCode\":\"28050\",\"streetAddress\":\"Avenida de Burgos 114\"},\"brand\":[\"Infoempleo\"]},{\"@type\":\"Person\",\"@id\":\"https:\/\/empresas.infoempleo.com\/hrtrends\/#\/schema\/person\/3a9303d91d135a1f448a9fa879541d2b\",\"name\":\"Dani Dom\u00ednguez\",\"image\":{\"@type\":\"ImageObject\",\"inLanguage\":\"es\",\"@id\":\"https:\/\/empresas.infoempleo.com\/hrtrends\/#\/schema\/person\/image\/\",\"url\":\"https:\/\/secure.gravatar.com\/avatar\/07ae7ada53a4df2b93b26cbddda517b2049679e56db9b34792ca036563d5c2a3?s=96&d=mm&r=g\",\"contentUrl\":\"https:\/\/secure.gravatar.com\/avatar\/07ae7ada53a4df2b93b26cbddda517b2049679e56db9b34792ca036563d5c2a3?s=96&d=mm&r=g\",\"caption\":\"Dani Dom\u00ednguez\"},\"description\":\"Periodista reci\u00e9n salido del horno. Extreme\u00f1o. Entr\u00f3pico y ca\u00f3tico. Aprendiendo en Infoempleo y Avanzaentucarrera.com.\",\"url\":\"https:\/\/empresas.infoempleo.com\/hrtrends\/author\/ddrodriguez\/\"}]}<\/script>\n<!-- \/ Yoast SEO plugin. -->","yoast_head_json":{"title":"Dentro de RRHH: Grupo Cosentino | HRTRENDS","robots":{"index":"index","follow":"follow","max-snippet":"max-snippet:-1","max-image-preview":"max-image-preview:large","max-video-preview":"max-video-preview:-1"},"canonical":"https:\/\/empresas.infoempleo.com\/hrtrends\/grupo-cosentino\/","og_locale":"es_ES","og_type":"article","og_title":"Dentro de RRHH: Grupo Cosentino | HRTRENDS","og_description":"Una empresa familiar que acaba distribuyendo sus productos en m\u00e1s de 80 pa\u00edses. Desde Almer\u00eda, el Grupo Cosentino Leer m\u00e1s","og_url":"https:\/\/empresas.infoempleo.com\/hrtrends\/grupo-cosentino\/","og_site_name":"HRTRENDS","article_publisher":"https:\/\/www.facebook.com\/Infoempleo","article_published_time":"2017-05-17T07:00:40+00:00","article_modified_time":"2025-10-28T16:00:22+00:00","og_image":[{"width":880,"height":539,"url":"https:\/\/empresas.infoempleo.com\/hrtrends\/media\/2017\/05\/plantilla.directores-hrtrends-e1495701247522.jpg","type":"image\/jpeg"}],"author":"Dani Dom\u00ednguez","twitter_card":"summary_large_image","twitter_creator":"@infoempleo","twitter_site":"@infoempleo","twitter_misc":{"Escrito por":"Dani Dom\u00ednguez","Tiempo de lectura":"7 minutos"},"schema":{"@context":"https:\/\/schema.org","@graph":[{"@type":"NewsArticle","@id":"https:\/\/empresas.infoempleo.com\/hrtrends\/grupo-cosentino\/#article","isPartOf":{"@id":"https:\/\/empresas.infoempleo.com\/hrtrends\/grupo-cosentino\/"},"author":{"name":"Dani Dom\u00ednguez","@id":"https:\/\/empresas.infoempleo.com\/hrtrends\/#\/schema\/person\/3a9303d91d135a1f448a9fa879541d2b"},"headline":"Dentro de RRHH: Grupo Cosentino","datePublished":"2017-05-17T07:00:40+00:00","dateModified":"2025-10-28T16:00:22+00:00","mainEntityOfPage":{"@id":"https:\/\/empresas.infoempleo.com\/hrtrends\/grupo-cosentino\/"},"wordCount":1472,"publisher":{"@id":"https:\/\/empresas.infoempleo.com\/hrtrends\/#organization"},"image":{"@id":"https:\/\/empresas.infoempleo.com\/hrtrends\/grupo-cosentino\/#primaryimage"},"thumbnailUrl":"https:\/\/empresas.infoempleo.com\/hrtrends\/media\/2017\/05\/plantilla.directores-hrtrends-e1495701247522.jpg","keywords":["directores RRHH","estrategias RRHH","RRHH"],"articleSection":["Directores de RRHH","Entrevistas"],"inLanguage":"es","copyrightYear":"2017","copyrightHolder":{"@id":"https:\/\/empresas.infoempleo.com\/hrtrends\/#organization"}},{"@type":"WebPage","@id":"https:\/\/empresas.infoempleo.com\/hrtrends\/grupo-cosentino\/","url":"https:\/\/empresas.infoempleo.com\/hrtrends\/grupo-cosentino\/","name":"Dentro de RRHH: Grupo Cosentino | HRTRENDS","isPartOf":{"@id":"https:\/\/empresas.infoempleo.com\/hrtrends\/#website"},"primaryImageOfPage":{"@id":"https:\/\/empresas.infoempleo.com\/hrtrends\/grupo-cosentino\/#primaryimage"},"image":{"@id":"https:\/\/empresas.infoempleo.com\/hrtrends\/grupo-cosentino\/#primaryimage"},"thumbnailUrl":"https:\/\/empresas.infoempleo.com\/hrtrends\/media\/2017\/05\/plantilla.directores-hrtrends-e1495701247522.jpg","datePublished":"2017-05-17T07:00:40+00:00","dateModified":"2025-10-28T16:00:22+00:00","breadcrumb":{"@id":"https:\/\/empresas.infoempleo.com\/hrtrends\/grupo-cosentino\/#breadcrumb"},"inLanguage":"es","potentialAction":[{"@type":"ReadAction","target":["https:\/\/empresas.infoempleo.com\/hrtrends\/grupo-cosentino\/"]}]},{"@type":"ImageObject","inLanguage":"es","@id":"https:\/\/empresas.infoempleo.com\/hrtrends\/grupo-cosentino\/#primaryimage","url":"https:\/\/empresas.infoempleo.com\/hrtrends\/media\/2017\/05\/plantilla.directores-hrtrends-e1495701247522-150x150.jpg","contentUrl":"https:\/\/empresas.infoempleo.com\/hrtrends\/media\/2017\/05\/plantilla.directores-hrtrends-e1495701247522-150x150.jpg","width":150,"height":150,"caption":"Grupo Cosentino RRHH"},{"@type":"BreadcrumbList","@id":"https:\/\/empresas.infoempleo.com\/hrtrends\/grupo-cosentino\/#breadcrumb","itemListElement":[{"@type":"ListItem","position":1,"name":"Portada","item":"https:\/\/empresas.infoempleo.com\/hrtrends\/"},{"@type":"ListItem","position":2,"name":"Dentro de RRHH: Grupo Cosentino"}]},{"@type":"WebSite","@id":"https:\/\/empresas.infoempleo.com\/hrtrends\/#website","url":"https:\/\/empresas.infoempleo.com\/hrtrends","name":"HRTrends by Infoempleo","description":"","publisher":{"@id":"https:\/\/empresas.infoempleo.com\/hrtrends\/#organization"},"potentialAction":{"@type":"SearchAction","target":"https:\/\/empresas.infoempleo.com\/hrtrends\/?s={search_term_string}","query-input":"required name=search_term_string"},"inLanguage":"es"},{"@type":"Organization","@id":"https:\/\/empresas.infoempleo.com\/hrtrends\/#organization","name":"Infoempleo","url":"https:\/\/www.infoempleo.com\/","logo":{"@type":"ImageObject","@id":"https:\/\/empresas.infoempleo.com\/hrtrends\/#logo","inLanguage":"es","url":"https:\/\/cdnazure.infoempleo.com\/infoempleo\/assets\/style\/gfx\/logo.svg","contentUrl":"https:\/\/cdnazure.infoempleo.com\/infoempleo\/assets\/style\/gfx\/logo.svg","width":150,"height":40,"caption":"Infoempleo"},"image":{"@id":"https:\/\/empresas.infoempleo.com\/hrtrends\/#logo"},"sameAs":["https:\/\/www.facebook.com\/Infoempleo","https:\/\/x.com\/infoempleo","http:\/\/instagram.com\/infoempleo\/","http:\/\/www.linkedin.com\/groups\/Empleo-Espa\u00f1a-Infoempleocom-111276","http:\/\/pinterest.com\/infoempleo\/"],"address":{"@type":"PostalAddress","addressLocality":"Madrid","postalCode":"28050","streetAddress":"Avenida de Burgos 114"},"brand":["Infoempleo"]},{"@type":"Person","@id":"https:\/\/empresas.infoempleo.com\/hrtrends\/#\/schema\/person\/3a9303d91d135a1f448a9fa879541d2b","name":"Dani Dom\u00ednguez","image":{"@type":"ImageObject","inLanguage":"es","@id":"https:\/\/empresas.infoempleo.com\/hrtrends\/#\/schema\/person\/image\/","url":"https:\/\/secure.gravatar.com\/avatar\/07ae7ada53a4df2b93b26cbddda517b2049679e56db9b34792ca036563d5c2a3?s=96&d=mm&r=g","contentUrl":"https:\/\/secure.gravatar.com\/avatar\/07ae7ada53a4df2b93b26cbddda517b2049679e56db9b34792ca036563d5c2a3?s=96&d=mm&r=g","caption":"Dani Dom\u00ednguez"},"description":"Periodista reci\u00e9n salido del horno. Extreme\u00f1o. Entr\u00f3pico y ca\u00f3tico. Aprendiendo en Infoempleo y Avanzaentucarrera.com.","url":"https:\/\/empresas.infoempleo.com\/hrtrends\/author\/ddrodriguez\/"}]}},"amp_enabled":true,"_links":{"self":[{"href":"https:\/\/empresas.infoempleo.com\/hrtrends\/wp-json\/wp\/v2\/posts\/29714","targetHints":{"allow":["GET"]}}],"collection":[{"href":"https:\/\/empresas.infoempleo.com\/hrtrends\/wp-json\/wp\/v2\/posts"}],"about":[{"href":"https:\/\/empresas.infoempleo.com\/hrtrends\/wp-json\/wp\/v2\/types\/post"}],"author":[{"embeddable":true,"href":"https:\/\/empresas.infoempleo.com\/hrtrends\/wp-json\/wp\/v2\/users\/88"}],"replies":[{"embeddable":true,"href":"https:\/\/empresas.infoempleo.com\/hrtrends\/wp-json\/wp\/v2\/comments?post=29714"}],"version-history":[{"count":3,"href":"https:\/\/empresas.infoempleo.com\/hrtrends\/wp-json\/wp\/v2\/posts\/29714\/revisions"}],"predecessor-version":[{"id":47215,"href":"https:\/\/empresas.infoempleo.com\/hrtrends\/wp-json\/wp\/v2\/posts\/29714\/revisions\/47215"}],"wp:featuredmedia":[{"embeddable":true,"href":"https:\/\/empresas.infoempleo.com\/hrtrends\/wp-json\/wp\/v2\/media\/29891"}],"wp:attachment":[{"href":"https:\/\/empresas.infoempleo.com\/hrtrends\/wp-json\/wp\/v2\/media?parent=29714"}],"wp:term":[{"taxonomy":"category","embeddable":true,"href":"https:\/\/empresas.infoempleo.com\/hrtrends\/wp-json\/wp\/v2\/categories?post=29714"},{"taxonomy":"post_tag","embeddable":true,"href":"https:\/\/empresas.infoempleo.com\/hrtrends\/wp-json\/wp\/v2\/tags?post=29714"}],"curies":[{"name":"wp","href":"https:\/\/api.w.org\/{rel}","templated":true}]}}