{"id":29710,"date":"2017-05-08T09:22:33","date_gmt":"2017-05-08T07:22:33","guid":{"rendered":"https:\/\/empresas.infoempleo.com\/hrtrends\/?p=29710"},"modified":"2026-01-08T14:51:46","modified_gmt":"2026-01-08T12:51:46","slug":"internet-las-cosas-espana","status":"publish","type":"post","link":"https:\/\/empresas.infoempleo.com\/hrtrends\/internet-las-cosas-espana\/","title":{"rendered":"El Internet de las Cosas: Espa\u00f1a planta cara a los nuevos avances"},"content":{"rendered":"<p><span style=\"font-weight: 400\">El Internet de las Cosas, conocido tambi\u00e9n como IoT por sus siglas en ingl\u00e9s (Internet of Things), es un concepto con el que progresivamente m\u00e1s y m\u00e1s personas se est\u00e1n familiarizando e integrando en su d\u00eda a d\u00eda. Pero, \u00bfqu\u00e9 es exactamente?<\/span><\/p>\n<p><span style=\"font-weight: 400\">Seg\u00fan <a href=\"https:\/\/www.idcspain.com:443\/\" rel=\"nofollow\">IDC Spain<\/a><\/span><span style=\"font-weight: 400\">, el Internet de las Cosas se puede definir como un<\/span><i><span style=\"font-weight: 400\"> \u201cconjunto de cosas o puntos conectados, como sensores, sistemas, productos de forma inal\u00e1mbrica o cables con capacidad de generar datos de forma autom\u00e1tica sin intervenci\u00f3n humana.\u201da.\u201d<\/span><\/i><\/p>\n<p><span style=\"font-weight: 400\">Al final, dicho claro y sencillo, es la noci\u00f3n de conectar pr\u00e1cticamente cualquier dispositivo a internet, desde m\u00f3viles a m\u00e1quinas de lavar, incluyendo esencialmente todo tipo de objeto que podemos llegar a imaginar con posibilidad de encenderse y apagarse.<\/span><\/p>\n<p><img loading=\"lazy\" decoding=\"async\" class=\"alignnone wp-image-29711\" src=\"https:\/\/empresas.infoempleo.com\/hrtrends\/media\/2017\/05\/El-Internet-de-las-Cosas-\u2013-Espa\u00f1a-planta-cara-a-los-nuevos-avances-2.jpg\" alt=\"\" width=\"600\" height=\"557\" srcset=\"https:\/\/empresas.infoempleo.com\/hrtrends\/media\/2017\/05\/El-Internet-de-las-Cosas-\u2013-Espa\u00f1a-planta-cara-a-los-nuevos-avances-2.jpg 1280w, https:\/\/empresas.infoempleo.com\/hrtrends\/media\/2017\/05\/El-Internet-de-las-Cosas-\u2013-Espa\u00f1a-planta-cara-a-los-nuevos-avances-2-300x279.jpg 300w, https:\/\/empresas.infoempleo.com\/hrtrends\/media\/2017\/05\/El-Internet-de-las-Cosas-\u2013-Espa\u00f1a-planta-cara-a-los-nuevos-avances-2-1024x951.jpg 1024w, https:\/\/empresas.infoempleo.com\/hrtrends\/media\/2017\/05\/El-Internet-de-las-Cosas-\u2013-Espa\u00f1a-planta-cara-a-los-nuevos-avances-2-768x713.jpg 768w\" sizes=\"auto, (max-width: 600px) 100vw, 600px\" \/><\/p>\n<h3><b>\u00bfC\u00f3mo avanza el Internet de las Cosas en el entorno actual?<\/b><\/h3>\n<p><span style=\"font-weight: 400\">El IoT est\u00e1 en pleno auge. Su crecimiento anual ya supera el 20%, un aumento gradual \u00a0<\/span><i><span style=\"font-weight: 400\">in crescendo<\/span><\/i><span style=\"font-weight: 400\"> desde ya hace unos a\u00f1os. Con un ascenso progresivo y constante, se prev\u00e9 que este mercado se acerque a un valor de 2 billones de d\u00f3lares en muy poco tiempo. De esta forma, podemos afirmar que este fen\u00f3meno tiene un gran peso y potencial en nuestra realidad.<\/span><\/p>\n<p><span style=\"font-weight: 400\">En la revista Forbes, la proyecci\u00f3n de futuro gira entorno a una sola frase: <\/span><i><span style=\"font-weight: 400\">\u201cCualquier cosa que pueda estar conectada, estar\u00e1 conectada.\u201d <\/span><\/i><span style=\"font-weight: 400\">Los l\u00edmites del IoT pr\u00e1cticamente son inexistentes y es imposible marcar fronteras m\u00e1s all\u00e1 de la imaginaci\u00f3n.<\/span><\/p>\n<h3><b>La situaci\u00f3n del Internet de las cosas en Espa\u00f1a<\/b><\/h3>\n<p><span style=\"font-weight: 400\">Espa\u00f1a es uno de los pa\u00edses con m\u00e1s usuarios conectados a Internet. Recurrimos a la red diariamente para usos sociales, profesionales y una multitud de tareas personales. Adem\u00e1s, Espa\u00f1a ocupa la primera posici\u00f3n en cuanto al despliegue de la fibra \u00f3ptica. <\/span><\/p>\n<p><span style=\"font-weight: 400\">Espa\u00f1a se ha ganado una aut\u00e9ntica reputaci\u00f3n como pionera en el mercado loT y la gran implantaci\u00f3n de Internet en el pa\u00eds ha sido una de los importantes factores que han contribuido a ello.<\/span><\/p>\n<h3><b>\u00bfC\u00f3mo ayudar\u00e1 a las empresas el Internet de las Cosas?<\/b><\/h3>\n<ul>\n<li style=\"font-weight: 400\"><span style=\"font-weight: 400\">An\u00e1lisis de datos. <\/span><span style=\"font-weight: 400\">Aunque no tengamos entre manos un volumen tan grande como para denominarlo Big Data, podremos organizarnos mejor todos los datos que tenemos y<\/span><b> convertirlos en informaci\u00f3n<\/b><span style=\"font-weight: 400\">. Detectaremos antes qu\u00e9 es lo que m\u00e1s nos aporta valor y as\u00ed podremos optimizarlo.<\/span><\/li>\n<li style=\"font-weight: 400\"><span style=\"font-weight: 400\">Interconectividad.<\/span><span style=\"font-weight: 400\"> El Internet de las Cosas nos facilita la comunicaci\u00f3n interna y externa (con clientes, proveedores, etc.) y actualmente este hecho est\u00e1 ejerciendo un<\/span><b> impacto directo aumentando la productividad<\/b><span style=\"font-weight: 400\"> y rentabilidad de las empresas.<\/span><\/li>\n<li style=\"font-weight: 400\"><span style=\"font-weight: 400\">El valor diferencial <\/span><span style=\"font-weight: 400\">que nos aporta el IoT es su capacidad intr\u00ednseca para <\/span><b>unificar y simplificar procesos<\/b><span style=\"font-weight: 400\">.<\/span><\/li>\n<li style=\"font-weight: 400\"><span style=\"font-weight: 400\">Aplicaci\u00f3n por sectores.<\/span><span style=\"font-weight: 400\"> Las ventajas anteriores son v\u00e1lidas para cualquier \u00e1rea. A\u00f1adidas a las anteriores, cada sector encontrar\u00e1 <\/span><b>dispositivos personalizados y especializados a su actividad<\/b><span style=\"font-weight: 400\">. Actualmente no hay una actividad que no haya visto implementada sus funciones, desde la log\u00edstica y el transporte hasta los sectores servicios o digitales. Los propios sectores de Recursos Humanos ya lo utilizan para <\/span><a href=\"https:\/\/empresas.infoempleo.com\/buscar-candidatos\/?utm_source=post&amp;utm_campaign=hrtrends&amp;utm_medium=blogempresas&amp;utm_content=empresas_encontrar\"><span style=\"font-weight: 400\">buscar candidatos<\/span><\/a><span style=\"font-weight: 400\"> y hallar perfiles m\u00e1s exhaustivos.<\/span><\/li>\n<\/ul>\n<p><span style=\"font-weight: 400\">Con el auge del Internet de las Cosas, los costes tecnol\u00f3gicos se reducir\u00e1n y la productividad aumentar\u00e1 enormemente, pero por encima de todo suponen una gran oportunidad. Una conexi\u00f3n universal de elementos impulsa la innovaci\u00f3n y obliga a que cualquier equipo humano aprenda a adaptarse a los nuevos caminos y retos que se presentan en el transcurso de su carrera profesional.<\/span><\/p>\n","protected":false},"excerpt":{"rendered":"<p>El Internet de las Cosas, conocido tambi\u00e9n como IoT por sus siglas en ingl\u00e9s (Internet of Things), es<a class=\"moretag\" href=\"https:\/\/empresas.infoempleo.com\/hrtrends\/internet-las-cosas-espana\/\"> Leer m\u00e1s<\/a><\/p>\n","protected":false},"author":93,"featured_media":29712,"comment_status":"closed","ping_status":"open","sticky":false,"template":"","format":"standard","meta":{"footnotes":""},"categories":[3],"tags":[2931,3060,3061,3062],"class_list":["post-29710","post","type-post","status-publish","format-standard","has-post-thumbnail","hentry","category-actualidad","tag-big-data","tag-internet-de-las-cosas","tag-internet-of-things","tag-iot"],"yoast_head":"<!-- This site is optimized with the Yoast SEO plugin v26.1.1 - https:\/\/yoast.com\/wordpress\/plugins\/seo\/ -->\n<title>El Internet de las Cosas: Espa\u00f1a planta cara a los nuevos avances<\/title>\n<meta name=\"description\" content=\"El Internet de las Cosas es un concepto con el que progresivamente m\u00e1s y m\u00e1s personas se est\u00e1n familiarizando e integrando en su d\u00eda a d\u00eda.\" \/>\n<meta name=\"robots\" content=\"index, follow, max-snippet:-1, max-image-preview:large, max-video-preview:-1\" \/>\n<link rel=\"canonical\" href=\"https:\/\/empresas.infoempleo.com\/hrtrends\/internet-las-cosas-espana\/\" \/>\n<meta property=\"og:locale\" content=\"es_ES\" \/>\n<meta property=\"og:type\" content=\"article\" \/>\n<meta property=\"og:title\" content=\"El Internet de las Cosas: Espa\u00f1a planta cara a los nuevos avances\" \/>\n<meta property=\"og:description\" content=\"El Internet de las Cosas es un concepto con el que progresivamente m\u00e1s y m\u00e1s personas se est\u00e1n familiarizando e integrando en su d\u00eda a d\u00eda.\" \/>\n<meta property=\"og:url\" content=\"https:\/\/empresas.infoempleo.com\/hrtrends\/internet-las-cosas-espana\/\" \/>\n<meta property=\"og:site_name\" content=\"HRTRENDS\" \/>\n<meta property=\"article:publisher\" content=\"https:\/\/www.facebook.com\/Infoempleo\" \/>\n<meta property=\"article:published_time\" content=\"2017-05-08T07:22:33+00:00\" \/>\n<meta property=\"article:modified_time\" content=\"2026-01-08T12:51:46+00:00\" \/>\n<meta property=\"og:image\" content=\"https:\/\/empresas.infoempleo.com\/hrtrends\/media\/2017\/05\/El-Internet-de-las-Cosas-\u2013-Espa\u00f1a-planta-cara-a-los-nuevos-avances-e1496214042481.jpg\" \/>\n\t<meta property=\"og:image:width\" content=\"600\" \/>\n\t<meta property=\"og:image:height\" content=\"338\" \/>\n\t<meta property=\"og:image:type\" content=\"image\/jpeg\" \/>\n<meta name=\"author\" content=\"Laura Soler\" \/>\n<meta name=\"twitter:card\" content=\"summary_large_image\" \/>\n<meta name=\"twitter:creator\" content=\"@infoempleo\" \/>\n<meta name=\"twitter:site\" content=\"@infoempleo\" \/>\n<meta name=\"twitter:label1\" content=\"Escrito por\" \/>\n\t<meta name=\"twitter:data1\" content=\"Laura Soler\" \/>\n\t<meta name=\"twitter:label2\" content=\"Tiempo de lectura\" \/>\n\t<meta name=\"twitter:data2\" content=\"3 minutos\" \/>\n<script type=\"application\/ld+json\" class=\"yoast-schema-graph\">{\"@context\":\"https:\/\/schema.org\",\"@graph\":[{\"@type\":\"NewsArticle\",\"@id\":\"https:\/\/empresas.infoempleo.com\/hrtrends\/internet-las-cosas-espana\/#article\",\"isPartOf\":{\"@id\":\"https:\/\/empresas.infoempleo.com\/hrtrends\/internet-las-cosas-espana\/\"},\"author\":{\"name\":\"Laura Soler\",\"@id\":\"https:\/\/empresas.infoempleo.com\/hrtrends\/#\/schema\/person\/a87831bdb31f0ef865cda025cfa8363d\"},\"headline\":\"El Internet de las Cosas: Espa\u00f1a planta cara a los nuevos avances\",\"datePublished\":\"2017-05-08T07:22:33+00:00\",\"dateModified\":\"2026-01-08T12:51:46+00:00\",\"mainEntityOfPage\":{\"@id\":\"https:\/\/empresas.infoempleo.com\/hrtrends\/internet-las-cosas-espana\/\"},\"wordCount\":614,\"publisher\":{\"@id\":\"https:\/\/empresas.infoempleo.com\/hrtrends\/#organization\"},\"image\":{\"@id\":\"https:\/\/empresas.infoempleo.com\/hrtrends\/internet-las-cosas-espana\/#primaryimage\"},\"thumbnailUrl\":\"https:\/\/empresas.infoempleo.com\/hrtrends\/media\/2017\/05\/El-Internet-de-las-Cosas-\u2013-Espa\u00f1a-planta-cara-a-los-nuevos-avances-e1496214042481.jpg\",\"keywords\":[\"big data\",\"Internet de las cosas\",\"internet of things\",\"IOT\"],\"articleSection\":[\"Actualidad\"],\"inLanguage\":\"es\",\"copyrightYear\":\"2017\",\"copyrightHolder\":{\"@id\":\"https:\/\/empresas.infoempleo.com\/hrtrends\/#organization\"}},{\"@type\":\"WebPage\",\"@id\":\"https:\/\/empresas.infoempleo.com\/hrtrends\/internet-las-cosas-espana\/\",\"url\":\"https:\/\/empresas.infoempleo.com\/hrtrends\/internet-las-cosas-espana\/\",\"name\":\"El Internet de las Cosas: Espa\u00f1a planta cara a los nuevos avances\",\"isPartOf\":{\"@id\":\"https:\/\/empresas.infoempleo.com\/hrtrends\/#website\"},\"primaryImageOfPage\":{\"@id\":\"https:\/\/empresas.infoempleo.com\/hrtrends\/internet-las-cosas-espana\/#primaryimage\"},\"image\":{\"@id\":\"https:\/\/empresas.infoempleo.com\/hrtrends\/internet-las-cosas-espana\/#primaryimage\"},\"thumbnailUrl\":\"https:\/\/empresas.infoempleo.com\/hrtrends\/media\/2017\/05\/El-Internet-de-las-Cosas-\u2013-Espa\u00f1a-planta-cara-a-los-nuevos-avances-e1496214042481.jpg\",\"datePublished\":\"2017-05-08T07:22:33+00:00\",\"dateModified\":\"2026-01-08T12:51:46+00:00\",\"description\":\"El Internet de las Cosas es un concepto con el que progresivamente m\u00e1s y m\u00e1s personas se est\u00e1n familiarizando e integrando en su d\u00eda a d\u00eda.\",\"breadcrumb\":{\"@id\":\"https:\/\/empresas.infoempleo.com\/hrtrends\/internet-las-cosas-espana\/#breadcrumb\"},\"inLanguage\":\"es\",\"potentialAction\":[{\"@type\":\"ReadAction\",\"target\":[\"https:\/\/empresas.infoempleo.com\/hrtrends\/internet-las-cosas-espana\/\"]}]},{\"@type\":\"ImageObject\",\"inLanguage\":\"es\",\"@id\":\"https:\/\/empresas.infoempleo.com\/hrtrends\/internet-las-cosas-espana\/#primaryimage\",\"url\":\"https:\/\/empresas.infoempleo.com\/hrtrends\/media\/2017\/05\/El-Internet-de-las-Cosas-\u2013-Espa\u00f1a-planta-cara-a-los-nuevos-avances-e1496214042481-150x150.jpg\",\"contentUrl\":\"https:\/\/empresas.infoempleo.com\/hrtrends\/media\/2017\/05\/El-Internet-de-las-Cosas-\u2013-Espa\u00f1a-planta-cara-a-los-nuevos-avances-e1496214042481-150x150.jpg\",\"width\":150,\"height\":150},{\"@type\":\"BreadcrumbList\",\"@id\":\"https:\/\/empresas.infoempleo.com\/hrtrends\/internet-las-cosas-espana\/#breadcrumb\",\"itemListElement\":[{\"@type\":\"ListItem\",\"position\":1,\"name\":\"Portada\",\"item\":\"https:\/\/empresas.infoempleo.com\/hrtrends\/\"},{\"@type\":\"ListItem\",\"position\":2,\"name\":\"El Internet de las Cosas: Espa\u00f1a planta cara a los nuevos avances\"}]},{\"@type\":\"WebSite\",\"@id\":\"https:\/\/empresas.infoempleo.com\/hrtrends\/#website\",\"url\":\"https:\/\/empresas.infoempleo.com\/hrtrends\",\"name\":\"HRTrends by Infoempleo\",\"description\":\"\",\"publisher\":{\"@id\":\"https:\/\/empresas.infoempleo.com\/hrtrends\/#organization\"},\"potentialAction\":{\"@type\":\"SearchAction\",\"target\":\"https:\/\/empresas.infoempleo.com\/hrtrends\/?s={search_term_string}\",\"query-input\":\"required name=search_term_string\"},\"inLanguage\":\"es\"},{\"@type\":\"Organization\",\"@id\":\"https:\/\/empresas.infoempleo.com\/hrtrends\/#organization\",\"name\":\"Infoempleo\",\"url\":\"https:\/\/www.infoempleo.com\/\",\"logo\":{\"@type\":\"ImageObject\",\"@id\":\"https:\/\/empresas.infoempleo.com\/hrtrends\/#logo\",\"inLanguage\":\"es\",\"url\":\"https:\/\/cdnazure.infoempleo.com\/infoempleo\/assets\/style\/gfx\/logo.svg\",\"contentUrl\":\"https:\/\/cdnazure.infoempleo.com\/infoempleo\/assets\/style\/gfx\/logo.svg\",\"width\":150,\"height\":40,\"caption\":\"Infoempleo\"},\"image\":{\"@id\":\"https:\/\/empresas.infoempleo.com\/hrtrends\/#logo\"},\"sameAs\":[\"https:\/\/www.facebook.com\/Infoempleo\",\"https:\/\/x.com\/infoempleo\",\"http:\/\/instagram.com\/infoempleo\/\",\"http:\/\/www.linkedin.com\/groups\/Empleo-Espa\u00f1a-Infoempleocom-111276\",\"http:\/\/pinterest.com\/infoempleo\/\"],\"address\":{\"@type\":\"PostalAddress\",\"addressLocality\":\"Madrid\",\"postalCode\":\"28050\",\"streetAddress\":\"Avenida de Burgos 114\"},\"brand\":[\"Infoempleo\"]},{\"@type\":\"Person\",\"@id\":\"https:\/\/empresas.infoempleo.com\/hrtrends\/#\/schema\/person\/a87831bdb31f0ef865cda025cfa8363d\",\"name\":\"Laura Soler\",\"image\":{\"@type\":\"ImageObject\",\"inLanguage\":\"es\",\"@id\":\"https:\/\/empresas.infoempleo.com\/hrtrends\/#\/schema\/person\/image\/\",\"url\":\"https:\/\/secure.gravatar.com\/avatar\/a849b9e29c141525eaf83f6f13a6c1442db43088835ada5a24322f59598e8fb5?s=96&d=mm&r=g\",\"contentUrl\":\"https:\/\/secure.gravatar.com\/avatar\/a849b9e29c141525eaf83f6f13a6c1442db43088835ada5a24322f59598e8fb5?s=96&d=mm&r=g\",\"caption\":\"Laura Soler\"},\"description\":\"Redactora, estudiante de m\u00e1ster en Relaciones Laborales y apasionada del coaching empresarial.\",\"url\":\"https:\/\/empresas.infoempleo.com\/hrtrends\/author\/laura-soler\/\"}]}<\/script>\n<!-- \/ Yoast SEO plugin. -->","yoast_head_json":{"title":"El Internet de las Cosas: Espa\u00f1a planta cara a los nuevos avances","description":"El Internet de las Cosas es un concepto con el que progresivamente m\u00e1s y m\u00e1s personas se est\u00e1n familiarizando e integrando en su d\u00eda a d\u00eda.","robots":{"index":"index","follow":"follow","max-snippet":"max-snippet:-1","max-image-preview":"max-image-preview:large","max-video-preview":"max-video-preview:-1"},"canonical":"https:\/\/empresas.infoempleo.com\/hrtrends\/internet-las-cosas-espana\/","og_locale":"es_ES","og_type":"article","og_title":"El Internet de las Cosas: Espa\u00f1a planta cara a los nuevos avances","og_description":"El Internet de las Cosas es un concepto con el que progresivamente m\u00e1s y m\u00e1s personas se est\u00e1n familiarizando e integrando en su d\u00eda a d\u00eda.","og_url":"https:\/\/empresas.infoempleo.com\/hrtrends\/internet-las-cosas-espana\/","og_site_name":"HRTRENDS","article_publisher":"https:\/\/www.facebook.com\/Infoempleo","article_published_time":"2017-05-08T07:22:33+00:00","article_modified_time":"2026-01-08T12:51:46+00:00","og_image":[{"width":600,"height":338,"url":"https:\/\/empresas.infoempleo.com\/hrtrends\/media\/2017\/05\/El-Internet-de-las-Cosas-\u2013-Espa\u00f1a-planta-cara-a-los-nuevos-avances-e1496214042481.jpg","type":"image\/jpeg"}],"author":"Laura Soler","twitter_card":"summary_large_image","twitter_creator":"@infoempleo","twitter_site":"@infoempleo","twitter_misc":{"Escrito por":"Laura Soler","Tiempo de lectura":"3 minutos"},"schema":{"@context":"https:\/\/schema.org","@graph":[{"@type":"NewsArticle","@id":"https:\/\/empresas.infoempleo.com\/hrtrends\/internet-las-cosas-espana\/#article","isPartOf":{"@id":"https:\/\/empresas.infoempleo.com\/hrtrends\/internet-las-cosas-espana\/"},"author":{"name":"Laura Soler","@id":"https:\/\/empresas.infoempleo.com\/hrtrends\/#\/schema\/person\/a87831bdb31f0ef865cda025cfa8363d"},"headline":"El Internet de las Cosas: Espa\u00f1a planta cara a los nuevos avances","datePublished":"2017-05-08T07:22:33+00:00","dateModified":"2026-01-08T12:51:46+00:00","mainEntityOfPage":{"@id":"https:\/\/empresas.infoempleo.com\/hrtrends\/internet-las-cosas-espana\/"},"wordCount":614,"publisher":{"@id":"https:\/\/empresas.infoempleo.com\/hrtrends\/#organization"},"image":{"@id":"https:\/\/empresas.infoempleo.com\/hrtrends\/internet-las-cosas-espana\/#primaryimage"},"thumbnailUrl":"https:\/\/empresas.infoempleo.com\/hrtrends\/media\/2017\/05\/El-Internet-de-las-Cosas-\u2013-Espa\u00f1a-planta-cara-a-los-nuevos-avances-e1496214042481.jpg","keywords":["big data","Internet de las cosas","internet of things","IOT"],"articleSection":["Actualidad"],"inLanguage":"es","copyrightYear":"2017","copyrightHolder":{"@id":"https:\/\/empresas.infoempleo.com\/hrtrends\/#organization"}},{"@type":"WebPage","@id":"https:\/\/empresas.infoempleo.com\/hrtrends\/internet-las-cosas-espana\/","url":"https:\/\/empresas.infoempleo.com\/hrtrends\/internet-las-cosas-espana\/","name":"El Internet de las Cosas: Espa\u00f1a planta cara a los nuevos avances","isPartOf":{"@id":"https:\/\/empresas.infoempleo.com\/hrtrends\/#website"},"primaryImageOfPage":{"@id":"https:\/\/empresas.infoempleo.com\/hrtrends\/internet-las-cosas-espana\/#primaryimage"},"image":{"@id":"https:\/\/empresas.infoempleo.com\/hrtrends\/internet-las-cosas-espana\/#primaryimage"},"thumbnailUrl":"https:\/\/empresas.infoempleo.com\/hrtrends\/media\/2017\/05\/El-Internet-de-las-Cosas-\u2013-Espa\u00f1a-planta-cara-a-los-nuevos-avances-e1496214042481.jpg","datePublished":"2017-05-08T07:22:33+00:00","dateModified":"2026-01-08T12:51:46+00:00","description":"El Internet de las Cosas es un concepto con el que progresivamente m\u00e1s y m\u00e1s personas se est\u00e1n familiarizando e integrando en su d\u00eda a d\u00eda.","breadcrumb":{"@id":"https:\/\/empresas.infoempleo.com\/hrtrends\/internet-las-cosas-espana\/#breadcrumb"},"inLanguage":"es","potentialAction":[{"@type":"ReadAction","target":["https:\/\/empresas.infoempleo.com\/hrtrends\/internet-las-cosas-espana\/"]}]},{"@type":"ImageObject","inLanguage":"es","@id":"https:\/\/empresas.infoempleo.com\/hrtrends\/internet-las-cosas-espana\/#primaryimage","url":"https:\/\/empresas.infoempleo.com\/hrtrends\/media\/2017\/05\/El-Internet-de-las-Cosas-\u2013-Espa\u00f1a-planta-cara-a-los-nuevos-avances-e1496214042481-150x150.jpg","contentUrl":"https:\/\/empresas.infoempleo.com\/hrtrends\/media\/2017\/05\/El-Internet-de-las-Cosas-\u2013-Espa\u00f1a-planta-cara-a-los-nuevos-avances-e1496214042481-150x150.jpg","width":150,"height":150},{"@type":"BreadcrumbList","@id":"https:\/\/empresas.infoempleo.com\/hrtrends\/internet-las-cosas-espana\/#breadcrumb","itemListElement":[{"@type":"ListItem","position":1,"name":"Portada","item":"https:\/\/empresas.infoempleo.com\/hrtrends\/"},{"@type":"ListItem","position":2,"name":"El Internet de las Cosas: Espa\u00f1a planta cara a los nuevos avances"}]},{"@type":"WebSite","@id":"https:\/\/empresas.infoempleo.com\/hrtrends\/#website","url":"https:\/\/empresas.infoempleo.com\/hrtrends","name":"HRTrends by Infoempleo","description":"","publisher":{"@id":"https:\/\/empresas.infoempleo.com\/hrtrends\/#organization"},"potentialAction":{"@type":"SearchAction","target":"https:\/\/empresas.infoempleo.com\/hrtrends\/?s={search_term_string}","query-input":"required name=search_term_string"},"inLanguage":"es"},{"@type":"Organization","@id":"https:\/\/empresas.infoempleo.com\/hrtrends\/#organization","name":"Infoempleo","url":"https:\/\/www.infoempleo.com\/","logo":{"@type":"ImageObject","@id":"https:\/\/empresas.infoempleo.com\/hrtrends\/#logo","inLanguage":"es","url":"https:\/\/cdnazure.infoempleo.com\/infoempleo\/assets\/style\/gfx\/logo.svg","contentUrl":"https:\/\/cdnazure.infoempleo.com\/infoempleo\/assets\/style\/gfx\/logo.svg","width":150,"height":40,"caption":"Infoempleo"},"image":{"@id":"https:\/\/empresas.infoempleo.com\/hrtrends\/#logo"},"sameAs":["https:\/\/www.facebook.com\/Infoempleo","https:\/\/x.com\/infoempleo","http:\/\/instagram.com\/infoempleo\/","http:\/\/www.linkedin.com\/groups\/Empleo-Espa\u00f1a-Infoempleocom-111276","http:\/\/pinterest.com\/infoempleo\/"],"address":{"@type":"PostalAddress","addressLocality":"Madrid","postalCode":"28050","streetAddress":"Avenida de Burgos 114"},"brand":["Infoempleo"]},{"@type":"Person","@id":"https:\/\/empresas.infoempleo.com\/hrtrends\/#\/schema\/person\/a87831bdb31f0ef865cda025cfa8363d","name":"Laura Soler","image":{"@type":"ImageObject","inLanguage":"es","@id":"https:\/\/empresas.infoempleo.com\/hrtrends\/#\/schema\/person\/image\/","url":"https:\/\/secure.gravatar.com\/avatar\/a849b9e29c141525eaf83f6f13a6c1442db43088835ada5a24322f59598e8fb5?s=96&d=mm&r=g","contentUrl":"https:\/\/secure.gravatar.com\/avatar\/a849b9e29c141525eaf83f6f13a6c1442db43088835ada5a24322f59598e8fb5?s=96&d=mm&r=g","caption":"Laura Soler"},"description":"Redactora, estudiante de m\u00e1ster en Relaciones Laborales y apasionada del coaching empresarial.","url":"https:\/\/empresas.infoempleo.com\/hrtrends\/author\/laura-soler\/"}]}},"amp_enabled":true,"_links":{"self":[{"href":"https:\/\/empresas.infoempleo.com\/hrtrends\/wp-json\/wp\/v2\/posts\/29710","targetHints":{"allow":["GET"]}}],"collection":[{"href":"https:\/\/empresas.infoempleo.com\/hrtrends\/wp-json\/wp\/v2\/posts"}],"about":[{"href":"https:\/\/empresas.infoempleo.com\/hrtrends\/wp-json\/wp\/v2\/types\/post"}],"author":[{"embeddable":true,"href":"https:\/\/empresas.infoempleo.com\/hrtrends\/wp-json\/wp\/v2\/users\/93"}],"replies":[{"embeddable":true,"href":"https:\/\/empresas.infoempleo.com\/hrtrends\/wp-json\/wp\/v2\/comments?post=29710"}],"version-history":[{"count":1,"href":"https:\/\/empresas.infoempleo.com\/hrtrends\/wp-json\/wp\/v2\/posts\/29710\/revisions"}],"predecessor-version":[{"id":47387,"href":"https:\/\/empresas.infoempleo.com\/hrtrends\/wp-json\/wp\/v2\/posts\/29710\/revisions\/47387"}],"wp:featuredmedia":[{"embeddable":true,"href":"https:\/\/empresas.infoempleo.com\/hrtrends\/wp-json\/wp\/v2\/media\/29712"}],"wp:attachment":[{"href":"https:\/\/empresas.infoempleo.com\/hrtrends\/wp-json\/wp\/v2\/media?parent=29710"}],"wp:term":[{"taxonomy":"category","embeddable":true,"href":"https:\/\/empresas.infoempleo.com\/hrtrends\/wp-json\/wp\/v2\/categories?post=29710"},{"taxonomy":"post_tag","embeddable":true,"href":"https:\/\/empresas.infoempleo.com\/hrtrends\/wp-json\/wp\/v2\/tags?post=29710"}],"curies":[{"name":"wp","href":"https:\/\/api.w.org\/{rel}","templated":true}]}}