{"id":29605,"date":"2017-05-04T10:18:55","date_gmt":"2017-05-04T08:18:55","guid":{"rendered":"https:\/\/empresas.infoempleo.com\/hrtrends\/?p=29605"},"modified":"2025-09-01T18:30:30","modified_gmt":"2025-09-01T16:30:30","slug":"consejos-conciliacion-laboral-familiar","status":"publish","type":"post","link":"https:\/\/empresas.infoempleo.com\/hrtrends\/consejos-conciliacion-laboral-familiar\/","title":{"rendered":"Consejos para promover la conciliaci\u00f3n laboral y familiar de tus trabajadores"},"content":{"rendered":"<p><span style=\"font-weight: 400;\">Conciliar la vida laboral y la vida familiar es un concepto que pr\u00e1cticamente todos los trabajadores tienen muy presente. Trabajar es una obligaci\u00f3n y un derecho, pero a veces requiere una implicaci\u00f3n que impide dedicar el tiempo necesario a las otras cosas importantes de cada uno. <\/span><\/p>\n<h3><b>\u00bfQu\u00e9 significa conciliaci\u00f3n laboral y familiar?<\/b><\/h3>\n<p><span style=\"font-weight: 400;\">Este concepto nace de la necesidad de compatibilizar el trabajo con la familia, los amigos y otras actividades de la vida personal y social.<\/span><\/p>\n<p><span style=\"font-weight: 400;\">En Espa\u00f1a, la conciliaci\u00f3n laboral, aunque ha mejorado en los \u00faltimos a\u00f1os, parece todav\u00eda una asignatura pendiente debido a m\u00faltiples factores. En otros pa\u00edses europeos se encuentran m\u00e1s avanzados en esta materia y se ha demostrado un beneficio para los trabajadores y tambi\u00e9n para las empresas en t\u00e9rminos de productividad.<\/span><\/p>\n<p><span style=\"font-weight: 400;\">Desde <\/span><span style=\"font-weight: 400;\">algunas entidades<\/span><span style=\"font-weight: 400;\"> se reivindica que el cambio horario que realizamos en Espa\u00f1a no deber\u00eda hacerse. Defienden que, estableciendo la Hora Europea Occidental, tendr\u00edamos un despertar m\u00e1s natural, los horarios de alimentaci\u00f3n y sue\u00f1o saldr\u00edan beneficiados y dormir\u00edamos m\u00e1s al acercarnos a la hora solar natural.<\/span><\/p>\n<h3><b>Consejos para promover la conciliaci\u00f3n laboral<\/b><\/h3>\n<ol>\n<li><b><\/b> <b>Organizaci\u00f3n de tiempo<\/b><\/li>\n<\/ol>\n<p><span style=\"font-weight: 400;\">Establecer objetivos en vez de marcar horarios es una clave motivacional para mejorar la organizaci\u00f3n de los trabajadores y premiar el esfuerzo. De esta forma, se evitar\u00e1n las obligatorias largas jornadas laborales que impiden disfrutar de un rato en familia<\/span><\/p>\n<p><span style=\"font-weight: 400;\">En algunas empresas se permite recibir entregas, en otras ya se facilita el acceso a taquillas electr\u00f3nicas en espacios compartidos para agilizar la realizaci\u00f3n de recados u otras tareas que suelen llevarse a cabo en horarios de fuera de la oficina. Este servicio permite que las entregas se lleven a cabo en la misma oficina sin interrumpir la jornada laboral garantizando la entrega incluso cuando no se encuentra disponible la persona que lo recibe.<\/span><\/p>\n<p><span style=\"font-weight: 400;\">Como empresa, echar una mano a los trabajadores a veces es un peque\u00f1o esfuerzo que puede tener una gran compensaci\u00f3n a nivel personal del empleado y en lo que es su bienestar en la empresa.<\/span><\/p>\n<ol start=\"2\">\n<li><b><\/b> <b>Separar el trabajo y la vida personal<\/b><\/li>\n<\/ol>\n<p><span style=\"font-weight: 400;\">Las empresas han mejorado notablemente en t\u00e9rminos de movilidad y flexibilidad. No obstante, el uso de los dispositivos m\u00f3viles en el trabajo no facilita la desconexi\u00f3n una vez conclu\u00edda la jornada laboral. <\/span><\/p>\n<p><span style=\"font-weight: 400;\">As\u00ed, respetar el horario y permitir el cambio de chip al salir de la oficina de manera total es necesario. De esta forma, el trabajador podr\u00e1 desconectar y no tendr\u00e1 que estar obligado a dar respuesta inmediata a asuntos que probablemente pueden esperar hasta la ma\u00f1ana siguiente.<\/span><\/p>\n<ol start=\"3\">\n<li><b><\/b> <b>Entender a tus trabajadores<\/b><\/li>\n<\/ol>\n<p><span style=\"font-weight: 400;\">La comunicaci\u00f3n es fundamental en cualquier organizaci\u00f3n. Saber cu\u00e1l ser\u00eda la situaci\u00f3n ideal a nivel individual permitir\u00e1 establecer unas normas comunes de acuerdo con aquellas cosas que preocupan a una mayor\u00eda de los empleados. <\/span><\/p>\n<p><span style=\"font-weight: 400;\">Por supuesto que no podemos ofrecer lo ideal para cada uno, pero ceder algo y encontrarse en un punto medio puede aumentar el bienestar del trabajador y su valoraci\u00f3n del puesto de trabajo .Un buen punto de partida es la flexibilidad horaria que cada vez se est\u00e1 implementando en m\u00e1s y m\u00e1s empresas de forma muy satisfactoria para los trabajadores y tambi\u00e9n para las empresas.<\/span><\/p>\n<ol start=\"4\">\n<li><b><\/b> <b>Ser y dejar ser positivo<\/b><\/li>\n<\/ol>\n<p><span style=\"font-weight: 400;\">Ante todo, debemos ser positivos y contagiar el optimismo al resto. Ayudar a crear un ambiente para valorar al puesto de trabajo sin restar importancia a la <\/span><a href=\"http:\/\/blog.infoempleo.com\/a\/afterwork-poco-ocio-al-salir-del-trabajo\/?utm_source=post&amp;utm_campaign=hrtrends&amp;utm_medium=blogempresas&amp;utm_content=contenido\"><span style=\"font-weight: 400;\">relaci\u00f3n con los compa\u00f1eros<\/span><\/a><span style=\"font-weight: 400;\"> y a la familia de cada uno de ellos.<\/span><\/p>\n<p><span style=\"font-weight: 400;\">En definitiva, el bienestar del empleado siempre es la pieza clave de la motivaci\u00f3n en el trabajo y los responsables de recursos humanos pueden contribuir positivamente a ello.<\/span><\/p>\n","protected":false},"excerpt":{"rendered":"<p>Conciliar la vida laboral y la vida familiar es un concepto que pr\u00e1cticamente todos los trabajadores tienen muy<a class=\"moretag\" href=\"https:\/\/empresas.infoempleo.com\/hrtrends\/consejos-conciliacion-laboral-familiar\/\"> Leer m\u00e1s<\/a><\/p>\n","protected":false},"author":93,"featured_media":30063,"comment_status":"closed","ping_status":"open","sticky":false,"template":"","format":"standard","meta":{"footnotes":""},"categories":[3035],"tags":[3058,540,707,610],"class_list":["post-29605","post","type-post","status-publish","format-standard","has-post-thumbnail","hentry","category-consejos","tag-conciliacion-laboral","tag-consejos-2","tag-familia","tag-vida-laboral"],"yoast_head":"<!-- This site is optimized with the Yoast SEO plugin v26.1.1 - https:\/\/yoast.com\/wordpress\/plugins\/seo\/ -->\n<title>Consejos para promover la conciliaci\u00f3n vida laboral y familiar | HR TRENDS<\/title>\n<meta name=\"description\" content=\"La conciliaci\u00f3n laboral y de la vida familiar es un concepto que pr\u00e1cticamente todos los trabajadores tienen muy presente.\" \/>\n<meta name=\"robots\" content=\"index, follow, max-snippet:-1, max-image-preview:large, max-video-preview:-1\" \/>\n<link rel=\"canonical\" href=\"https:\/\/empresas.infoempleo.com\/hrtrends\/consejos-conciliacion-laboral-familiar\/\" \/>\n<meta property=\"og:locale\" content=\"es_ES\" \/>\n<meta property=\"og:type\" content=\"article\" \/>\n<meta property=\"og:title\" content=\"Consejos para promover la conciliaci\u00f3n vida laboral y familiar | HR TRENDS\" \/>\n<meta property=\"og:description\" content=\"La conciliaci\u00f3n laboral y de la vida familiar es un concepto que pr\u00e1cticamente todos los trabajadores tienen muy presente.\" \/>\n<meta property=\"og:url\" content=\"https:\/\/empresas.infoempleo.com\/hrtrends\/consejos-conciliacion-laboral-familiar\/\" \/>\n<meta property=\"og:site_name\" content=\"HRTRENDS\" \/>\n<meta property=\"article:publisher\" content=\"https:\/\/www.facebook.com\/Infoempleo\" \/>\n<meta property=\"article:published_time\" content=\"2017-05-04T08:18:55+00:00\" \/>\n<meta property=\"article:modified_time\" content=\"2025-09-01T16:30:30+00:00\" \/>\n<meta property=\"og:image\" content=\"https:\/\/empresas.infoempleo.com\/hrtrends\/media\/2017\/05\/Consejos-para-promover-la-conciliaci\u00f3n-laboral-y-familiar-3.jpg\" \/>\n\t<meta property=\"og:image:width\" content=\"700\" \/>\n\t<meta property=\"og:image:height\" content=\"600\" \/>\n\t<meta property=\"og:image:type\" content=\"image\/jpeg\" \/>\n<meta name=\"author\" content=\"Laura Soler\" \/>\n<meta name=\"twitter:card\" content=\"summary_large_image\" \/>\n<meta name=\"twitter:creator\" content=\"@infoempleo\" \/>\n<meta name=\"twitter:site\" content=\"@infoempleo\" \/>\n<meta name=\"twitter:label1\" content=\"Escrito por\" \/>\n\t<meta name=\"twitter:data1\" content=\"Laura Soler\" \/>\n\t<meta name=\"twitter:label2\" content=\"Tiempo de lectura\" \/>\n\t<meta name=\"twitter:data2\" content=\"3 minutos\" \/>\n<script type=\"application\/ld+json\" class=\"yoast-schema-graph\">{\"@context\":\"https:\/\/schema.org\",\"@graph\":[{\"@type\":\"NewsArticle\",\"@id\":\"https:\/\/empresas.infoempleo.com\/hrtrends\/consejos-conciliacion-laboral-familiar\/#article\",\"isPartOf\":{\"@id\":\"https:\/\/empresas.infoempleo.com\/hrtrends\/consejos-conciliacion-laboral-familiar\/\"},\"author\":{\"name\":\"Laura Soler\",\"@id\":\"https:\/\/empresas.infoempleo.com\/hrtrends\/#\/schema\/person\/a87831bdb31f0ef865cda025cfa8363d\"},\"headline\":\"Consejos para promover la conciliaci\u00f3n laboral y familiar de tus trabajadores\",\"datePublished\":\"2017-05-04T08:18:55+00:00\",\"dateModified\":\"2025-09-01T16:30:30+00:00\",\"mainEntityOfPage\":{\"@id\":\"https:\/\/empresas.infoempleo.com\/hrtrends\/consejos-conciliacion-laboral-familiar\/\"},\"wordCount\":652,\"publisher\":{\"@id\":\"https:\/\/empresas.infoempleo.com\/hrtrends\/#organization\"},\"image\":{\"@id\":\"https:\/\/empresas.infoempleo.com\/hrtrends\/consejos-conciliacion-laboral-familiar\/#primaryimage\"},\"thumbnailUrl\":\"https:\/\/empresas.infoempleo.com\/hrtrends\/media\/2017\/05\/Consejos-para-promover-la-conciliaci\u00f3n-laboral-y-familiar-3.jpg\",\"keywords\":[\"conciliaci\u00f3n laboral\",\"consejos\",\"familia\",\"vida laboral\"],\"articleSection\":[\"Consejos\"],\"inLanguage\":\"es\",\"copyrightYear\":\"2017\",\"copyrightHolder\":{\"@id\":\"https:\/\/empresas.infoempleo.com\/hrtrends\/#organization\"}},{\"@type\":\"WebPage\",\"@id\":\"https:\/\/empresas.infoempleo.com\/hrtrends\/consejos-conciliacion-laboral-familiar\/\",\"url\":\"https:\/\/empresas.infoempleo.com\/hrtrends\/consejos-conciliacion-laboral-familiar\/\",\"name\":\"Consejos para promover la conciliaci\u00f3n vida laboral y familiar | HR TRENDS\",\"isPartOf\":{\"@id\":\"https:\/\/empresas.infoempleo.com\/hrtrends\/#website\"},\"primaryImageOfPage\":{\"@id\":\"https:\/\/empresas.infoempleo.com\/hrtrends\/consejos-conciliacion-laboral-familiar\/#primaryimage\"},\"image\":{\"@id\":\"https:\/\/empresas.infoempleo.com\/hrtrends\/consejos-conciliacion-laboral-familiar\/#primaryimage\"},\"thumbnailUrl\":\"https:\/\/empresas.infoempleo.com\/hrtrends\/media\/2017\/05\/Consejos-para-promover-la-conciliaci\u00f3n-laboral-y-familiar-3.jpg\",\"datePublished\":\"2017-05-04T08:18:55+00:00\",\"dateModified\":\"2025-09-01T16:30:30+00:00\",\"description\":\"La conciliaci\u00f3n laboral y de la vida familiar es un concepto que pr\u00e1cticamente todos los trabajadores tienen muy presente.\",\"breadcrumb\":{\"@id\":\"https:\/\/empresas.infoempleo.com\/hrtrends\/consejos-conciliacion-laboral-familiar\/#breadcrumb\"},\"inLanguage\":\"es\",\"potentialAction\":[{\"@type\":\"ReadAction\",\"target\":[\"https:\/\/empresas.infoempleo.com\/hrtrends\/consejos-conciliacion-laboral-familiar\/\"]}]},{\"@type\":\"ImageObject\",\"inLanguage\":\"es\",\"@id\":\"https:\/\/empresas.infoempleo.com\/hrtrends\/consejos-conciliacion-laboral-familiar\/#primaryimage\",\"url\":\"https:\/\/empresas.infoempleo.com\/hrtrends\/media\/2017\/05\/Consejos-para-promover-la-conciliaci\u00f3n-laboral-y-familiar-3-150x150.jpg\",\"contentUrl\":\"https:\/\/empresas.infoempleo.com\/hrtrends\/media\/2017\/05\/Consejos-para-promover-la-conciliaci\u00f3n-laboral-y-familiar-3-150x150.jpg\",\"width\":150,\"height\":150},{\"@type\":\"BreadcrumbList\",\"@id\":\"https:\/\/empresas.infoempleo.com\/hrtrends\/consejos-conciliacion-laboral-familiar\/#breadcrumb\",\"itemListElement\":[{\"@type\":\"ListItem\",\"position\":1,\"name\":\"Portada\",\"item\":\"https:\/\/empresas.infoempleo.com\/hrtrends\/\"},{\"@type\":\"ListItem\",\"position\":2,\"name\":\"Consejos para promover la conciliaci\u00f3n laboral y familiar de tus trabajadores\"}]},{\"@type\":\"WebSite\",\"@id\":\"https:\/\/empresas.infoempleo.com\/hrtrends\/#website\",\"url\":\"https:\/\/empresas.infoempleo.com\/hrtrends\",\"name\":\"HRTrends by Infoempleo\",\"description\":\"\",\"publisher\":{\"@id\":\"https:\/\/empresas.infoempleo.com\/hrtrends\/#organization\"},\"potentialAction\":{\"@type\":\"SearchAction\",\"target\":\"https:\/\/empresas.infoempleo.com\/hrtrends\/?s={search_term_string}\",\"query-input\":\"required name=search_term_string\"},\"inLanguage\":\"es\"},{\"@type\":\"Organization\",\"@id\":\"https:\/\/empresas.infoempleo.com\/hrtrends\/#organization\",\"name\":\"Infoempleo\",\"url\":\"https:\/\/www.infoempleo.com\/\",\"logo\":{\"@type\":\"ImageObject\",\"@id\":\"https:\/\/empresas.infoempleo.com\/hrtrends\/#logo\",\"inLanguage\":\"es\",\"url\":\"https:\/\/cdnazure.infoempleo.com\/infoempleo\/assets\/style\/gfx\/logo.svg\",\"contentUrl\":\"https:\/\/cdnazure.infoempleo.com\/infoempleo\/assets\/style\/gfx\/logo.svg\",\"width\":150,\"height\":40,\"caption\":\"Infoempleo\"},\"image\":{\"@id\":\"https:\/\/empresas.infoempleo.com\/hrtrends\/#logo\"},\"sameAs\":[\"https:\/\/www.facebook.com\/Infoempleo\",\"https:\/\/x.com\/infoempleo\",\"http:\/\/instagram.com\/infoempleo\/\",\"http:\/\/www.linkedin.com\/groups\/Empleo-Espa\u00f1a-Infoempleocom-111276\",\"http:\/\/pinterest.com\/infoempleo\/\"],\"address\":{\"@type\":\"PostalAddress\",\"addressLocality\":\"Madrid\",\"postalCode\":\"28050\",\"streetAddress\":\"Avenida de Burgos 114\"},\"brand\":[\"Infoempleo\"]},{\"@type\":\"Person\",\"@id\":\"https:\/\/empresas.infoempleo.com\/hrtrends\/#\/schema\/person\/a87831bdb31f0ef865cda025cfa8363d\",\"name\":\"Laura Soler\",\"image\":{\"@type\":\"ImageObject\",\"inLanguage\":\"es\",\"@id\":\"https:\/\/empresas.infoempleo.com\/hrtrends\/#\/schema\/person\/image\/\",\"url\":\"https:\/\/secure.gravatar.com\/avatar\/a849b9e29c141525eaf83f6f13a6c1442db43088835ada5a24322f59598e8fb5?s=96&d=mm&r=g\",\"contentUrl\":\"https:\/\/secure.gravatar.com\/avatar\/a849b9e29c141525eaf83f6f13a6c1442db43088835ada5a24322f59598e8fb5?s=96&d=mm&r=g\",\"caption\":\"Laura Soler\"},\"description\":\"Redactora, estudiante de m\u00e1ster en Relaciones Laborales y apasionada del coaching empresarial.\",\"url\":\"https:\/\/empresas.infoempleo.com\/hrtrends\/author\/laura-soler\/\"}]}<\/script>\n<!-- \/ Yoast SEO plugin. -->","yoast_head_json":{"title":"Consejos para promover la conciliaci\u00f3n vida laboral y familiar | HR TRENDS","description":"La conciliaci\u00f3n laboral y de la vida familiar es un concepto que pr\u00e1cticamente todos los trabajadores tienen muy presente.","robots":{"index":"index","follow":"follow","max-snippet":"max-snippet:-1","max-image-preview":"max-image-preview:large","max-video-preview":"max-video-preview:-1"},"canonical":"https:\/\/empresas.infoempleo.com\/hrtrends\/consejos-conciliacion-laboral-familiar\/","og_locale":"es_ES","og_type":"article","og_title":"Consejos para promover la conciliaci\u00f3n vida laboral y familiar | HR TRENDS","og_description":"La conciliaci\u00f3n laboral y de la vida familiar es un concepto que pr\u00e1cticamente todos los trabajadores tienen muy presente.","og_url":"https:\/\/empresas.infoempleo.com\/hrtrends\/consejos-conciliacion-laboral-familiar\/","og_site_name":"HRTRENDS","article_publisher":"https:\/\/www.facebook.com\/Infoempleo","article_published_time":"2017-05-04T08:18:55+00:00","article_modified_time":"2025-09-01T16:30:30+00:00","og_image":[{"width":700,"height":600,"url":"https:\/\/empresas.infoempleo.com\/hrtrends\/media\/2017\/05\/Consejos-para-promover-la-conciliaci\u00f3n-laboral-y-familiar-3.jpg","type":"image\/jpeg"}],"author":"Laura Soler","twitter_card":"summary_large_image","twitter_creator":"@infoempleo","twitter_site":"@infoempleo","twitter_misc":{"Escrito por":"Laura Soler","Tiempo de lectura":"3 minutos"},"schema":{"@context":"https:\/\/schema.org","@graph":[{"@type":"NewsArticle","@id":"https:\/\/empresas.infoempleo.com\/hrtrends\/consejos-conciliacion-laboral-familiar\/#article","isPartOf":{"@id":"https:\/\/empresas.infoempleo.com\/hrtrends\/consejos-conciliacion-laboral-familiar\/"},"author":{"name":"Laura Soler","@id":"https:\/\/empresas.infoempleo.com\/hrtrends\/#\/schema\/person\/a87831bdb31f0ef865cda025cfa8363d"},"headline":"Consejos para promover la conciliaci\u00f3n laboral y familiar de tus trabajadores","datePublished":"2017-05-04T08:18:55+00:00","dateModified":"2025-09-01T16:30:30+00:00","mainEntityOfPage":{"@id":"https:\/\/empresas.infoempleo.com\/hrtrends\/consejos-conciliacion-laboral-familiar\/"},"wordCount":652,"publisher":{"@id":"https:\/\/empresas.infoempleo.com\/hrtrends\/#organization"},"image":{"@id":"https:\/\/empresas.infoempleo.com\/hrtrends\/consejos-conciliacion-laboral-familiar\/#primaryimage"},"thumbnailUrl":"https:\/\/empresas.infoempleo.com\/hrtrends\/media\/2017\/05\/Consejos-para-promover-la-conciliaci\u00f3n-laboral-y-familiar-3.jpg","keywords":["conciliaci\u00f3n laboral","consejos","familia","vida laboral"],"articleSection":["Consejos"],"inLanguage":"es","copyrightYear":"2017","copyrightHolder":{"@id":"https:\/\/empresas.infoempleo.com\/hrtrends\/#organization"}},{"@type":"WebPage","@id":"https:\/\/empresas.infoempleo.com\/hrtrends\/consejos-conciliacion-laboral-familiar\/","url":"https:\/\/empresas.infoempleo.com\/hrtrends\/consejos-conciliacion-laboral-familiar\/","name":"Consejos para promover la conciliaci\u00f3n vida laboral y familiar | HR TRENDS","isPartOf":{"@id":"https:\/\/empresas.infoempleo.com\/hrtrends\/#website"},"primaryImageOfPage":{"@id":"https:\/\/empresas.infoempleo.com\/hrtrends\/consejos-conciliacion-laboral-familiar\/#primaryimage"},"image":{"@id":"https:\/\/empresas.infoempleo.com\/hrtrends\/consejos-conciliacion-laboral-familiar\/#primaryimage"},"thumbnailUrl":"https:\/\/empresas.infoempleo.com\/hrtrends\/media\/2017\/05\/Consejos-para-promover-la-conciliaci\u00f3n-laboral-y-familiar-3.jpg","datePublished":"2017-05-04T08:18:55+00:00","dateModified":"2025-09-01T16:30:30+00:00","description":"La conciliaci\u00f3n laboral y de la vida familiar es un concepto que pr\u00e1cticamente todos los trabajadores tienen muy presente.","breadcrumb":{"@id":"https:\/\/empresas.infoempleo.com\/hrtrends\/consejos-conciliacion-laboral-familiar\/#breadcrumb"},"inLanguage":"es","potentialAction":[{"@type":"ReadAction","target":["https:\/\/empresas.infoempleo.com\/hrtrends\/consejos-conciliacion-laboral-familiar\/"]}]},{"@type":"ImageObject","inLanguage":"es","@id":"https:\/\/empresas.infoempleo.com\/hrtrends\/consejos-conciliacion-laboral-familiar\/#primaryimage","url":"https:\/\/empresas.infoempleo.com\/hrtrends\/media\/2017\/05\/Consejos-para-promover-la-conciliaci\u00f3n-laboral-y-familiar-3-150x150.jpg","contentUrl":"https:\/\/empresas.infoempleo.com\/hrtrends\/media\/2017\/05\/Consejos-para-promover-la-conciliaci\u00f3n-laboral-y-familiar-3-150x150.jpg","width":150,"height":150},{"@type":"BreadcrumbList","@id":"https:\/\/empresas.infoempleo.com\/hrtrends\/consejos-conciliacion-laboral-familiar\/#breadcrumb","itemListElement":[{"@type":"ListItem","position":1,"name":"Portada","item":"https:\/\/empresas.infoempleo.com\/hrtrends\/"},{"@type":"ListItem","position":2,"name":"Consejos para promover la conciliaci\u00f3n laboral y familiar de tus trabajadores"}]},{"@type":"WebSite","@id":"https:\/\/empresas.infoempleo.com\/hrtrends\/#website","url":"https:\/\/empresas.infoempleo.com\/hrtrends","name":"HRTrends by Infoempleo","description":"","publisher":{"@id":"https:\/\/empresas.infoempleo.com\/hrtrends\/#organization"},"potentialAction":{"@type":"SearchAction","target":"https:\/\/empresas.infoempleo.com\/hrtrends\/?s={search_term_string}","query-input":"required name=search_term_string"},"inLanguage":"es"},{"@type":"Organization","@id":"https:\/\/empresas.infoempleo.com\/hrtrends\/#organization","name":"Infoempleo","url":"https:\/\/www.infoempleo.com\/","logo":{"@type":"ImageObject","@id":"https:\/\/empresas.infoempleo.com\/hrtrends\/#logo","inLanguage":"es","url":"https:\/\/cdnazure.infoempleo.com\/infoempleo\/assets\/style\/gfx\/logo.svg","contentUrl":"https:\/\/cdnazure.infoempleo.com\/infoempleo\/assets\/style\/gfx\/logo.svg","width":150,"height":40,"caption":"Infoempleo"},"image":{"@id":"https:\/\/empresas.infoempleo.com\/hrtrends\/#logo"},"sameAs":["https:\/\/www.facebook.com\/Infoempleo","https:\/\/x.com\/infoempleo","http:\/\/instagram.com\/infoempleo\/","http:\/\/www.linkedin.com\/groups\/Empleo-Espa\u00f1a-Infoempleocom-111276","http:\/\/pinterest.com\/infoempleo\/"],"address":{"@type":"PostalAddress","addressLocality":"Madrid","postalCode":"28050","streetAddress":"Avenida de Burgos 114"},"brand":["Infoempleo"]},{"@type":"Person","@id":"https:\/\/empresas.infoempleo.com\/hrtrends\/#\/schema\/person\/a87831bdb31f0ef865cda025cfa8363d","name":"Laura Soler","image":{"@type":"ImageObject","inLanguage":"es","@id":"https:\/\/empresas.infoempleo.com\/hrtrends\/#\/schema\/person\/image\/","url":"https:\/\/secure.gravatar.com\/avatar\/a849b9e29c141525eaf83f6f13a6c1442db43088835ada5a24322f59598e8fb5?s=96&d=mm&r=g","contentUrl":"https:\/\/secure.gravatar.com\/avatar\/a849b9e29c141525eaf83f6f13a6c1442db43088835ada5a24322f59598e8fb5?s=96&d=mm&r=g","caption":"Laura Soler"},"description":"Redactora, estudiante de m\u00e1ster en Relaciones Laborales y apasionada del coaching empresarial.","url":"https:\/\/empresas.infoempleo.com\/hrtrends\/author\/laura-soler\/"}]}},"amp_enabled":true,"_links":{"self":[{"href":"https:\/\/empresas.infoempleo.com\/hrtrends\/wp-json\/wp\/v2\/posts\/29605","targetHints":{"allow":["GET"]}}],"collection":[{"href":"https:\/\/empresas.infoempleo.com\/hrtrends\/wp-json\/wp\/v2\/posts"}],"about":[{"href":"https:\/\/empresas.infoempleo.com\/hrtrends\/wp-json\/wp\/v2\/types\/post"}],"author":[{"embeddable":true,"href":"https:\/\/empresas.infoempleo.com\/hrtrends\/wp-json\/wp\/v2\/users\/93"}],"replies":[{"embeddable":true,"href":"https:\/\/empresas.infoempleo.com\/hrtrends\/wp-json\/wp\/v2\/comments?post=29605"}],"version-history":[{"count":2,"href":"https:\/\/empresas.infoempleo.com\/hrtrends\/wp-json\/wp\/v2\/posts\/29605\/revisions"}],"predecessor-version":[{"id":47009,"href":"https:\/\/empresas.infoempleo.com\/hrtrends\/wp-json\/wp\/v2\/posts\/29605\/revisions\/47009"}],"wp:featuredmedia":[{"embeddable":true,"href":"https:\/\/empresas.infoempleo.com\/hrtrends\/wp-json\/wp\/v2\/media\/30063"}],"wp:attachment":[{"href":"https:\/\/empresas.infoempleo.com\/hrtrends\/wp-json\/wp\/v2\/media?parent=29605"}],"wp:term":[{"taxonomy":"category","embeddable":true,"href":"https:\/\/empresas.infoempleo.com\/hrtrends\/wp-json\/wp\/v2\/categories?post=29605"},{"taxonomy":"post_tag","embeddable":true,"href":"https:\/\/empresas.infoempleo.com\/hrtrends\/wp-json\/wp\/v2\/tags?post=29605"}],"curies":[{"name":"wp","href":"https:\/\/api.w.org\/{rel}","templated":true}]}}