{"id":29555,"date":"2017-04-26T09:00:06","date_gmt":"2017-04-26T07:00:06","guid":{"rendered":"https:\/\/empresas.infoempleo.com\/hrtrends\/?p=29555"},"modified":"2025-10-28T18:00:21","modified_gmt":"2025-10-28T16:00:21","slug":"la-discriminacion-inconsciente-los-procesos-seleccion","status":"publish","type":"post","link":"https:\/\/empresas.infoempleo.com\/hrtrends\/la-discriminacion-inconsciente-los-procesos-seleccion\/","title":{"rendered":"La discriminaci\u00f3n inconsciente en los procesos de selecci\u00f3n"},"content":{"rendered":"<p>\u00bfQu\u00e9 medidas est\u00e1n tomando las empresas para reducir los sesgos inconscientes en los procesos de selecci\u00f3n? Recientemente hemos o\u00eddo hablar del concepto del <strong>CV ciego<\/strong>. Cuyo objetivo es convertir esta herramienta de presentaci\u00f3n en un resumen an\u00f3nimo del candidato, que no incluya nombre y apellidos, g\u00e9nero, edad, y fotograf\u00eda. El Ministerio de Sanidad, Servicios Sociales e Igualdad anunci\u00f3 que preparaba un programa piloto para luchar contra la discriminaci\u00f3n laboral que incluir\u00eda esta medida. Sin embargo, \u00bfhasta qu\u00e9 punto podemos considerar esta medida efectiva?<\/p>\n<p>En febrero del 2017 el <a href=\"https:\/\/www.ft.com\/content\/b6065b00-d340-11e6-b06b-680c49b4b4c0\" target=\"_blank\" rel=\"nofollow noopener noreferrer\" class=\"broken_link\">Financial Times<\/a> publicaba un art\u00edculo sobre este tema y destacaba la importancia de <strong>limitar la oportunidad de que se cree este sesgo inconsciente<\/strong>. La profesora Iris Bohnet-economista del comportamiento de la universidad de Harvard- opinaba que resultaba poco productivo intentar cambiar el comportamiento de las personas.<\/p>\n<p>Empresas relevantes como Vodafone han introducido un programa piloto en el cu\u00e1l se ha aceptado el uso del CV Ciego. En el caso de Vodafone-India-\u00a0 el objetivo es poder incluir m\u00e1s mujeres en los puestos t\u00e9cnicos. Ya que muchas mujeres cualificadas se postulaban para las posiciones, pero no llegaban a la fase de entrevistas por discriminaci\u00f3n. En el Reino Unido, importantes organizaciones (BBC, NHS, KPMG, HSBC y <a href=\"https:\/\/www.infoempleo.com\/colaboradoras\/deloitte\/listadoofertas\/?utm_source=post&amp;utm_campaign=hrtrends&amp;utm_medium=blogempresas&amp;utm_content=oferta\" target=\"_blank\" rel=\"noopener noreferrer\">Deloitte<\/a>) se han decantado por procesos de selecci\u00f3n en los que no se incluye el nombre del candidato \u201cname-blinded CV\u201d, de esta forma llegan a la fase de entrevista m\u00e1s candidatos de minor\u00edas \u00e9tnicas.<\/p>\n<h2>Discriminaci\u00f3n en las entrevistas de trabajo<\/h2>\n<p>Sin embargo, como comparte Azmad Mohammed, director del <a href=\"https:\/\/www.bbc.com\/news\/magazine-34636464\">instituto de reclutadores<\/a> en el Reino Unido, <strong>\u201cLos entrevistadores son seres humanos y lo importante es que se den cuenta de estos sesgos y que las empresas trabajen para resolver este asunto\u201d.<\/strong><\/p>\n<p>La agencia de publicidad DentsuAegis Network lleva a cabo una <strong>formaci\u00f3n, <\/strong>en la que trata de crear una <strong>vinculaci\u00f3n con el trabajador<\/strong> y evitar generar un sentimiento de culpa. La agencia utiliza <strong>actores que recrean historias que suceden en el \u00e1mbito laboral<\/strong>. Se invita al p\u00fablico a discutir lo que est\u00e1 sucediendo y a re-escribir un guion que conduzca a un mejor final. El objetivo principal como indica TheresaMcHenry directora de RRHH de Microsoft en UK es que \u201c<strong>las personas acepten que tienen sesgos inconscientes y hacerles ver sus consecuencias negativas<\/strong>.\u201d<\/p>\n<p>El <strong>avance en supercomputing<\/strong> hace posible el uso de otro tipo de herramientas como <strong>Textio.<\/strong> Vodafone lo utiliza para revisar las ofertas laborales de forma que identifica jerga corporativa o palabras como \u201ccompetitivo\u201d o \u201cdeterminaci\u00f3n\u201d, que disminuyen las candidaturas de mujeres.<\/p>\n<p>Otro aspecto relevante a considerar es el <strong>uso de algoritmos en los procesos de selecci\u00f3n<\/strong>. Cada vez m\u00e1s se extiende su uso. Sin embargo, los cient\u00edficos alertan de que deben ser monitorizados de forma exhaustiva porque pueden estar perpetuando sesgos de discriminaci\u00f3n hacia grupos de minor\u00eda \u00e9tnica, mujeres y trabajadores de m\u00e1s edad.<\/p>\n<p>En resumen<strong>, la introducci\u00f3n de los CV ciegos no soluciona el problema de sesgos de forma 100% efectiva. <\/strong>Pero si ha demostrado tener <strong>efectos positivos<\/strong> en los pa\u00edses donde se ha implementado. Teniendo en cuenta mi experiencia en el Reino Unido, donde he sido parte en diversas ocasiones de equipos multiculturales<strong>, la voluntad de mejorar los procesos de selecci\u00f3n para incluir talento m\u00e1s diverso<\/strong> redunda de forma muy positiva en la productividad y la competitividad del empleador.<\/p>\n<p>&nbsp;<\/p>\n<p><strong>Informaci\u00f3n extra\u00edda de:<\/strong><\/p>\n<ul>\n<li><em>Unconscious bias hinders diversity in recruitment.<\/em><\/li>\n<li><a href=\"https:\/\/www.ft.com\/content\/b6065b00-d340-11e6-b06b-680c49b4b4c0\" class=\"broken_link\">https:\/\/www.ft.com\/content\/b6065b00-d340-11e6-b06b-680c49b4b4c0<\/a><\/li>\n<li><em>Who, what, why: What\u00b4s name-blinded recruitment?<\/em><\/li>\n<li><a href=\"https:\/\/www.bbc.com\/news\/magazine-34636464\">https:\/\/www.bbc.com\/news\/magazine-34636464<\/a><\/li>\n<li><em>Government backs \u2018name-blind CVs\u2019 to end discrimination<\/em>.<\/li>\n<li>\u00a0http:\/\/www2.cipd.co.uk\/pm\/peoplemanagement\/b\/weblog\/archive\/2015\/10\/26\/government-backs-name-blind-cvs-to-end-discrimination.aspx<\/li>\n<\/ul>\n","protected":false},"excerpt":{"rendered":"<p>\u00bfQu\u00e9 medidas est\u00e1n tomando las empresas para reducir los sesgos inconscientes en los procesos de selecci\u00f3n? Recientemente hemos<a class=\"moretag\" href=\"https:\/\/empresas.infoempleo.com\/hrtrends\/la-discriminacion-inconsciente-los-procesos-seleccion\/\"> Leer m\u00e1s<\/a><\/p>\n","protected":false},"author":106,"featured_media":29565,"comment_status":"closed","ping_status":"open","sticky":false,"template":"","format":"standard","meta":{"footnotes":""},"categories":[3],"tags":[3002,937,1155,171],"class_list":["post-29555","post","type-post","status-publish","format-standard","has-post-thumbnail","hentry","category-actualidad","tag-desigualdad","tag-discriminacion","tag-gestion-de-candidatos","tag-seleccion"],"yoast_head":"<!-- This site is optimized with the Yoast SEO plugin v26.1.1 - https:\/\/yoast.com\/wordpress\/plugins\/seo\/ -->\n<title>La discriminaci\u00f3n inconsciente en los procesos de selecci\u00f3n | HRTRENDS<\/title>\n<meta name=\"description\" content=\"El Ministerio de Sanidad anunci\u00f3 que preparaba un programa piloto para luchar contra la discriminaci\u00f3n laboral que incluir\u00eda el CV ciego \u00bfHa funcionado?\" \/>\n<meta name=\"robots\" content=\"index, follow, max-snippet:-1, max-image-preview:large, max-video-preview:-1\" \/>\n<link rel=\"canonical\" href=\"https:\/\/empresas.infoempleo.com\/hrtrends\/la-discriminacion-inconsciente-los-procesos-seleccion\/\" \/>\n<meta property=\"og:locale\" content=\"es_ES\" \/>\n<meta property=\"og:type\" content=\"article\" \/>\n<meta property=\"og:title\" content=\"La discriminaci\u00f3n inconsciente en los procesos de selecci\u00f3n | HRTRENDS\" \/>\n<meta property=\"og:description\" content=\"El Ministerio de Sanidad anunci\u00f3 que preparaba un programa piloto para luchar contra la discriminaci\u00f3n laboral que incluir\u00eda el CV ciego \u00bfHa funcionado?\" \/>\n<meta property=\"og:url\" content=\"https:\/\/empresas.infoempleo.com\/hrtrends\/la-discriminacion-inconsciente-los-procesos-seleccion\/\" \/>\n<meta property=\"og:site_name\" content=\"HRTRENDS\" \/>\n<meta property=\"article:publisher\" content=\"https:\/\/www.facebook.com\/Infoempleo\" \/>\n<meta property=\"article:published_time\" content=\"2017-04-26T07:00:06+00:00\" \/>\n<meta property=\"article:modified_time\" content=\"2025-10-28T16:00:21+00:00\" \/>\n<meta property=\"og:image\" content=\"https:\/\/empresas.infoempleo.com\/hrtrends\/media\/2017\/04\/ThinkstockPhotos-499154136.jpg\" \/>\n\t<meta property=\"og:image:width\" content=\"1280\" \/>\n\t<meta property=\"og:image:height\" content=\"853\" \/>\n\t<meta property=\"og:image:type\" content=\"image\/jpeg\" \/>\n<meta name=\"author\" content=\"Marta Puig-Samper Castro\" \/>\n<meta name=\"twitter:card\" content=\"summary_large_image\" \/>\n<meta name=\"twitter:creator\" content=\"@infoempleo\" \/>\n<meta name=\"twitter:site\" content=\"@infoempleo\" \/>\n<meta name=\"twitter:label1\" content=\"Escrito por\" \/>\n\t<meta name=\"twitter:data1\" content=\"Marta Puig-Samper Castro\" \/>\n\t<meta name=\"twitter:label2\" content=\"Tiempo de lectura\" \/>\n\t<meta name=\"twitter:data2\" content=\"3 minutos\" \/>\n<script type=\"application\/ld+json\" class=\"yoast-schema-graph\">{\"@context\":\"https:\/\/schema.org\",\"@graph\":[{\"@type\":\"NewsArticle\",\"@id\":\"https:\/\/empresas.infoempleo.com\/hrtrends\/la-discriminacion-inconsciente-los-procesos-seleccion\/#article\",\"isPartOf\":{\"@id\":\"https:\/\/empresas.infoempleo.com\/hrtrends\/la-discriminacion-inconsciente-los-procesos-seleccion\/\"},\"author\":{\"name\":\"Marta Puig-Samper Castro\",\"@id\":\"https:\/\/empresas.infoempleo.com\/hrtrends\/#\/schema\/person\/df87688d080bedadc466d14981bcc3ca\"},\"headline\":\"La discriminaci\u00f3n inconsciente en los procesos de selecci\u00f3n\",\"datePublished\":\"2017-04-26T07:00:06+00:00\",\"dateModified\":\"2025-10-28T16:00:21+00:00\",\"mainEntityOfPage\":{\"@id\":\"https:\/\/empresas.infoempleo.com\/hrtrends\/la-discriminacion-inconsciente-los-procesos-seleccion\/\"},\"wordCount\":643,\"publisher\":{\"@id\":\"https:\/\/empresas.infoempleo.com\/hrtrends\/#organization\"},\"image\":{\"@id\":\"https:\/\/empresas.infoempleo.com\/hrtrends\/la-discriminacion-inconsciente-los-procesos-seleccion\/#primaryimage\"},\"thumbnailUrl\":\"https:\/\/empresas.infoempleo.com\/hrtrends\/media\/2017\/04\/ThinkstockPhotos-499154136.jpg\",\"keywords\":[\"desigualdad\",\"discriminaci\u00f3n\",\"Gesti\u00f3n de candidatos\",\"selecci\u00f3n\"],\"articleSection\":[\"Actualidad\"],\"inLanguage\":\"es\",\"copyrightYear\":\"2017\",\"copyrightHolder\":{\"@id\":\"https:\/\/empresas.infoempleo.com\/hrtrends\/#organization\"}},{\"@type\":\"WebPage\",\"@id\":\"https:\/\/empresas.infoempleo.com\/hrtrends\/la-discriminacion-inconsciente-los-procesos-seleccion\/\",\"url\":\"https:\/\/empresas.infoempleo.com\/hrtrends\/la-discriminacion-inconsciente-los-procesos-seleccion\/\",\"name\":\"La discriminaci\u00f3n inconsciente en los procesos de selecci\u00f3n | HRTRENDS\",\"isPartOf\":{\"@id\":\"https:\/\/empresas.infoempleo.com\/hrtrends\/#website\"},\"primaryImageOfPage\":{\"@id\":\"https:\/\/empresas.infoempleo.com\/hrtrends\/la-discriminacion-inconsciente-los-procesos-seleccion\/#primaryimage\"},\"image\":{\"@id\":\"https:\/\/empresas.infoempleo.com\/hrtrends\/la-discriminacion-inconsciente-los-procesos-seleccion\/#primaryimage\"},\"thumbnailUrl\":\"https:\/\/empresas.infoempleo.com\/hrtrends\/media\/2017\/04\/ThinkstockPhotos-499154136.jpg\",\"datePublished\":\"2017-04-26T07:00:06+00:00\",\"dateModified\":\"2025-10-28T16:00:21+00:00\",\"description\":\"El Ministerio de Sanidad anunci\u00f3 que preparaba un programa piloto para luchar contra la discriminaci\u00f3n laboral que incluir\u00eda el CV ciego \u00bfHa funcionado?\",\"breadcrumb\":{\"@id\":\"https:\/\/empresas.infoempleo.com\/hrtrends\/la-discriminacion-inconsciente-los-procesos-seleccion\/#breadcrumb\"},\"inLanguage\":\"es\",\"potentialAction\":[{\"@type\":\"ReadAction\",\"target\":[\"https:\/\/empresas.infoempleo.com\/hrtrends\/la-discriminacion-inconsciente-los-procesos-seleccion\/\"]}]},{\"@type\":\"ImageObject\",\"inLanguage\":\"es\",\"@id\":\"https:\/\/empresas.infoempleo.com\/hrtrends\/la-discriminacion-inconsciente-los-procesos-seleccion\/#primaryimage\",\"url\":\"https:\/\/empresas.infoempleo.com\/hrtrends\/media\/2017\/04\/ThinkstockPhotos-499154136-150x150.jpg\",\"contentUrl\":\"https:\/\/empresas.infoempleo.com\/hrtrends\/media\/2017\/04\/ThinkstockPhotos-499154136-150x150.jpg\",\"width\":150,\"height\":150,\"caption\":\"office work, business man signing documents, paper work\"},{\"@type\":\"BreadcrumbList\",\"@id\":\"https:\/\/empresas.infoempleo.com\/hrtrends\/la-discriminacion-inconsciente-los-procesos-seleccion\/#breadcrumb\",\"itemListElement\":[{\"@type\":\"ListItem\",\"position\":1,\"name\":\"Portada\",\"item\":\"https:\/\/empresas.infoempleo.com\/hrtrends\/\"},{\"@type\":\"ListItem\",\"position\":2,\"name\":\"La discriminaci\u00f3n inconsciente en los procesos de selecci\u00f3n\"}]},{\"@type\":\"WebSite\",\"@id\":\"https:\/\/empresas.infoempleo.com\/hrtrends\/#website\",\"url\":\"https:\/\/empresas.infoempleo.com\/hrtrends\",\"name\":\"HRTrends by Infoempleo\",\"description\":\"\",\"publisher\":{\"@id\":\"https:\/\/empresas.infoempleo.com\/hrtrends\/#organization\"},\"potentialAction\":{\"@type\":\"SearchAction\",\"target\":\"https:\/\/empresas.infoempleo.com\/hrtrends\/?s={search_term_string}\",\"query-input\":\"required name=search_term_string\"},\"inLanguage\":\"es\"},{\"@type\":\"Organization\",\"@id\":\"https:\/\/empresas.infoempleo.com\/hrtrends\/#organization\",\"name\":\"Infoempleo\",\"url\":\"https:\/\/www.infoempleo.com\/\",\"logo\":{\"@type\":\"ImageObject\",\"@id\":\"https:\/\/empresas.infoempleo.com\/hrtrends\/#logo\",\"inLanguage\":\"es\",\"url\":\"https:\/\/cdnazure.infoempleo.com\/infoempleo\/assets\/style\/gfx\/logo.svg\",\"contentUrl\":\"https:\/\/cdnazure.infoempleo.com\/infoempleo\/assets\/style\/gfx\/logo.svg\",\"width\":150,\"height\":40,\"caption\":\"Infoempleo\"},\"image\":{\"@id\":\"https:\/\/empresas.infoempleo.com\/hrtrends\/#logo\"},\"sameAs\":[\"https:\/\/www.facebook.com\/Infoempleo\",\"https:\/\/x.com\/infoempleo\",\"http:\/\/instagram.com\/infoempleo\/\",\"http:\/\/www.linkedin.com\/groups\/Empleo-Espa\u00f1a-Infoempleocom-111276\",\"http:\/\/pinterest.com\/infoempleo\/\"],\"address\":{\"@type\":\"PostalAddress\",\"addressLocality\":\"Madrid\",\"postalCode\":\"28050\",\"streetAddress\":\"Avenida de Burgos 114\"},\"brand\":[\"Infoempleo\"]},{\"@type\":\"Person\",\"@id\":\"https:\/\/empresas.infoempleo.com\/hrtrends\/#\/schema\/person\/df87688d080bedadc466d14981bcc3ca\",\"name\":\"Marta Puig-Samper Castro\",\"image\":{\"@type\":\"ImageObject\",\"inLanguage\":\"es\",\"@id\":\"https:\/\/empresas.infoempleo.com\/hrtrends\/#\/schema\/person\/image\/\",\"url\":\"https:\/\/secure.gravatar.com\/avatar\/72e429e50efdcedbae15c6f723d4cfa38c146b7f371975f5c48a8a902bfeb1cd?s=96&d=mm&r=g\",\"contentUrl\":\"https:\/\/secure.gravatar.com\/avatar\/72e429e50efdcedbae15c6f723d4cfa38c146b7f371975f5c48a8a902bfeb1cd?s=96&d=mm&r=g\",\"caption\":\"Marta Puig-Samper Castro\"},\"url\":\"https:\/\/empresas.infoempleo.com\/hrtrends\/author\/mrhrtrends\/\"}]}<\/script>\n<!-- \/ Yoast SEO plugin. -->","yoast_head_json":{"title":"La discriminaci\u00f3n inconsciente en los procesos de selecci\u00f3n | HRTRENDS","description":"El Ministerio de Sanidad anunci\u00f3 que preparaba un programa piloto para luchar contra la discriminaci\u00f3n laboral que incluir\u00eda el CV ciego \u00bfHa funcionado?","robots":{"index":"index","follow":"follow","max-snippet":"max-snippet:-1","max-image-preview":"max-image-preview:large","max-video-preview":"max-video-preview:-1"},"canonical":"https:\/\/empresas.infoempleo.com\/hrtrends\/la-discriminacion-inconsciente-los-procesos-seleccion\/","og_locale":"es_ES","og_type":"article","og_title":"La discriminaci\u00f3n inconsciente en los procesos de selecci\u00f3n | HRTRENDS","og_description":"El Ministerio de Sanidad anunci\u00f3 que preparaba un programa piloto para luchar contra la discriminaci\u00f3n laboral que incluir\u00eda el CV ciego \u00bfHa funcionado?","og_url":"https:\/\/empresas.infoempleo.com\/hrtrends\/la-discriminacion-inconsciente-los-procesos-seleccion\/","og_site_name":"HRTRENDS","article_publisher":"https:\/\/www.facebook.com\/Infoempleo","article_published_time":"2017-04-26T07:00:06+00:00","article_modified_time":"2025-10-28T16:00:21+00:00","og_image":[{"width":1280,"height":853,"url":"https:\/\/empresas.infoempleo.com\/hrtrends\/media\/2017\/04\/ThinkstockPhotos-499154136.jpg","type":"image\/jpeg"}],"author":"Marta Puig-Samper Castro","twitter_card":"summary_large_image","twitter_creator":"@infoempleo","twitter_site":"@infoempleo","twitter_misc":{"Escrito por":"Marta Puig-Samper Castro","Tiempo de lectura":"3 minutos"},"schema":{"@context":"https:\/\/schema.org","@graph":[{"@type":"NewsArticle","@id":"https:\/\/empresas.infoempleo.com\/hrtrends\/la-discriminacion-inconsciente-los-procesos-seleccion\/#article","isPartOf":{"@id":"https:\/\/empresas.infoempleo.com\/hrtrends\/la-discriminacion-inconsciente-los-procesos-seleccion\/"},"author":{"name":"Marta Puig-Samper Castro","@id":"https:\/\/empresas.infoempleo.com\/hrtrends\/#\/schema\/person\/df87688d080bedadc466d14981bcc3ca"},"headline":"La discriminaci\u00f3n inconsciente en los procesos de selecci\u00f3n","datePublished":"2017-04-26T07:00:06+00:00","dateModified":"2025-10-28T16:00:21+00:00","mainEntityOfPage":{"@id":"https:\/\/empresas.infoempleo.com\/hrtrends\/la-discriminacion-inconsciente-los-procesos-seleccion\/"},"wordCount":643,"publisher":{"@id":"https:\/\/empresas.infoempleo.com\/hrtrends\/#organization"},"image":{"@id":"https:\/\/empresas.infoempleo.com\/hrtrends\/la-discriminacion-inconsciente-los-procesos-seleccion\/#primaryimage"},"thumbnailUrl":"https:\/\/empresas.infoempleo.com\/hrtrends\/media\/2017\/04\/ThinkstockPhotos-499154136.jpg","keywords":["desigualdad","discriminaci\u00f3n","Gesti\u00f3n de candidatos","selecci\u00f3n"],"articleSection":["Actualidad"],"inLanguage":"es","copyrightYear":"2017","copyrightHolder":{"@id":"https:\/\/empresas.infoempleo.com\/hrtrends\/#organization"}},{"@type":"WebPage","@id":"https:\/\/empresas.infoempleo.com\/hrtrends\/la-discriminacion-inconsciente-los-procesos-seleccion\/","url":"https:\/\/empresas.infoempleo.com\/hrtrends\/la-discriminacion-inconsciente-los-procesos-seleccion\/","name":"La discriminaci\u00f3n inconsciente en los procesos de selecci\u00f3n | HRTRENDS","isPartOf":{"@id":"https:\/\/empresas.infoempleo.com\/hrtrends\/#website"},"primaryImageOfPage":{"@id":"https:\/\/empresas.infoempleo.com\/hrtrends\/la-discriminacion-inconsciente-los-procesos-seleccion\/#primaryimage"},"image":{"@id":"https:\/\/empresas.infoempleo.com\/hrtrends\/la-discriminacion-inconsciente-los-procesos-seleccion\/#primaryimage"},"thumbnailUrl":"https:\/\/empresas.infoempleo.com\/hrtrends\/media\/2017\/04\/ThinkstockPhotos-499154136.jpg","datePublished":"2017-04-26T07:00:06+00:00","dateModified":"2025-10-28T16:00:21+00:00","description":"El Ministerio de Sanidad anunci\u00f3 que preparaba un programa piloto para luchar contra la discriminaci\u00f3n laboral que incluir\u00eda el CV ciego \u00bfHa funcionado?","breadcrumb":{"@id":"https:\/\/empresas.infoempleo.com\/hrtrends\/la-discriminacion-inconsciente-los-procesos-seleccion\/#breadcrumb"},"inLanguage":"es","potentialAction":[{"@type":"ReadAction","target":["https:\/\/empresas.infoempleo.com\/hrtrends\/la-discriminacion-inconsciente-los-procesos-seleccion\/"]}]},{"@type":"ImageObject","inLanguage":"es","@id":"https:\/\/empresas.infoempleo.com\/hrtrends\/la-discriminacion-inconsciente-los-procesos-seleccion\/#primaryimage","url":"https:\/\/empresas.infoempleo.com\/hrtrends\/media\/2017\/04\/ThinkstockPhotos-499154136-150x150.jpg","contentUrl":"https:\/\/empresas.infoempleo.com\/hrtrends\/media\/2017\/04\/ThinkstockPhotos-499154136-150x150.jpg","width":150,"height":150,"caption":"office work, business man signing documents, paper work"},{"@type":"BreadcrumbList","@id":"https:\/\/empresas.infoempleo.com\/hrtrends\/la-discriminacion-inconsciente-los-procesos-seleccion\/#breadcrumb","itemListElement":[{"@type":"ListItem","position":1,"name":"Portada","item":"https:\/\/empresas.infoempleo.com\/hrtrends\/"},{"@type":"ListItem","position":2,"name":"La discriminaci\u00f3n inconsciente en los procesos de selecci\u00f3n"}]},{"@type":"WebSite","@id":"https:\/\/empresas.infoempleo.com\/hrtrends\/#website","url":"https:\/\/empresas.infoempleo.com\/hrtrends","name":"HRTrends by Infoempleo","description":"","publisher":{"@id":"https:\/\/empresas.infoempleo.com\/hrtrends\/#organization"},"potentialAction":{"@type":"SearchAction","target":"https:\/\/empresas.infoempleo.com\/hrtrends\/?s={search_term_string}","query-input":"required name=search_term_string"},"inLanguage":"es"},{"@type":"Organization","@id":"https:\/\/empresas.infoempleo.com\/hrtrends\/#organization","name":"Infoempleo","url":"https:\/\/www.infoempleo.com\/","logo":{"@type":"ImageObject","@id":"https:\/\/empresas.infoempleo.com\/hrtrends\/#logo","inLanguage":"es","url":"https:\/\/cdnazure.infoempleo.com\/infoempleo\/assets\/style\/gfx\/logo.svg","contentUrl":"https:\/\/cdnazure.infoempleo.com\/infoempleo\/assets\/style\/gfx\/logo.svg","width":150,"height":40,"caption":"Infoempleo"},"image":{"@id":"https:\/\/empresas.infoempleo.com\/hrtrends\/#logo"},"sameAs":["https:\/\/www.facebook.com\/Infoempleo","https:\/\/x.com\/infoempleo","http:\/\/instagram.com\/infoempleo\/","http:\/\/www.linkedin.com\/groups\/Empleo-Espa\u00f1a-Infoempleocom-111276","http:\/\/pinterest.com\/infoempleo\/"],"address":{"@type":"PostalAddress","addressLocality":"Madrid","postalCode":"28050","streetAddress":"Avenida de Burgos 114"},"brand":["Infoempleo"]},{"@type":"Person","@id":"https:\/\/empresas.infoempleo.com\/hrtrends\/#\/schema\/person\/df87688d080bedadc466d14981bcc3ca","name":"Marta Puig-Samper Castro","image":{"@type":"ImageObject","inLanguage":"es","@id":"https:\/\/empresas.infoempleo.com\/hrtrends\/#\/schema\/person\/image\/","url":"https:\/\/secure.gravatar.com\/avatar\/72e429e50efdcedbae15c6f723d4cfa38c146b7f371975f5c48a8a902bfeb1cd?s=96&d=mm&r=g","contentUrl":"https:\/\/secure.gravatar.com\/avatar\/72e429e50efdcedbae15c6f723d4cfa38c146b7f371975f5c48a8a902bfeb1cd?s=96&d=mm&r=g","caption":"Marta Puig-Samper Castro"},"url":"https:\/\/empresas.infoempleo.com\/hrtrends\/author\/mrhrtrends\/"}]}},"amp_enabled":true,"_links":{"self":[{"href":"https:\/\/empresas.infoempleo.com\/hrtrends\/wp-json\/wp\/v2\/posts\/29555","targetHints":{"allow":["GET"]}}],"collection":[{"href":"https:\/\/empresas.infoempleo.com\/hrtrends\/wp-json\/wp\/v2\/posts"}],"about":[{"href":"https:\/\/empresas.infoempleo.com\/hrtrends\/wp-json\/wp\/v2\/types\/post"}],"author":[{"embeddable":true,"href":"https:\/\/empresas.infoempleo.com\/hrtrends\/wp-json\/wp\/v2\/users\/106"}],"replies":[{"embeddable":true,"href":"https:\/\/empresas.infoempleo.com\/hrtrends\/wp-json\/wp\/v2\/comments?post=29555"}],"version-history":[{"count":7,"href":"https:\/\/empresas.infoempleo.com\/hrtrends\/wp-json\/wp\/v2\/posts\/29555\/revisions"}],"predecessor-version":[{"id":47211,"href":"https:\/\/empresas.infoempleo.com\/hrtrends\/wp-json\/wp\/v2\/posts\/29555\/revisions\/47211"}],"wp:featuredmedia":[{"embeddable":true,"href":"https:\/\/empresas.infoempleo.com\/hrtrends\/wp-json\/wp\/v2\/media\/29565"}],"wp:attachment":[{"href":"https:\/\/empresas.infoempleo.com\/hrtrends\/wp-json\/wp\/v2\/media?parent=29555"}],"wp:term":[{"taxonomy":"category","embeddable":true,"href":"https:\/\/empresas.infoempleo.com\/hrtrends\/wp-json\/wp\/v2\/categories?post=29555"},{"taxonomy":"post_tag","embeddable":true,"href":"https:\/\/empresas.infoempleo.com\/hrtrends\/wp-json\/wp\/v2\/tags?post=29555"}],"curies":[{"name":"wp","href":"https:\/\/api.w.org\/{rel}","templated":true}]}}