{"id":29480,"date":"2017-04-12T09:33:52","date_gmt":"2017-04-12T07:33:52","guid":{"rendered":"https:\/\/empresas.infoempleo.com\/hrtrends\/?p=29480"},"modified":"2018-09-05T10:04:04","modified_gmt":"2018-09-05T08:04:04","slug":"millennials-emigran-busca-empleo","status":"publish","type":"post","link":"https:\/\/empresas.infoempleo.com\/hrtrends\/millennials-emigran-busca-empleo\/","title":{"rendered":"\u00bfPor qu\u00e9 los millennials emigran en busca de empleo?"},"content":{"rendered":"<p><span style=\"font-weight: 400\">En 2016, el Instituto Nacional de Estad\u00edstica afirm\u00f3 que 2,3 millones de espa\u00f1oles viv\u00edan en el extranjero, alcanzando un r\u00e9cord hist\u00f3rico. De esta forma, el n\u00famero de espa\u00f1oles que residen fuera del pa\u00eds ha experimentado un crecimiento del 56% desde el inicio de la crisis. <\/span><\/p>\n<p><span style=\"font-weight: 400\">Hace ya m\u00e1s de una d\u00e9cada que una gran cantidad de j\u00f3venes muy bien preparados acad\u00e9micamente huyen del pa\u00eds en b\u00fasqueda de trabajo. <strong>\u00bfCu\u00e1les son las razones detr\u00e1s de esta fuga de talentos?<\/strong><\/span><\/p>\n<p><img loading=\"lazy\" decoding=\"async\" class=\"aligncenter wp-image-29476 size-large\" src=\"https:\/\/empresas.infoempleo.com\/hrtrends\/media\/2017\/04\/Por-qu\u00e9-los-millennials-emigran-en-busca-de-empleo-1024x684.jpg\" alt=\"millennials\" width=\"1024\" height=\"684\" srcset=\"https:\/\/empresas.infoempleo.com\/hrtrends\/media\/2017\/04\/Por-qu\u00e9-los-millennials-emigran-en-busca-de-empleo-1024x684.jpg 1024w, https:\/\/empresas.infoempleo.com\/hrtrends\/media\/2017\/04\/Por-qu\u00e9-los-millennials-emigran-en-busca-de-empleo-300x200.jpg 300w, https:\/\/empresas.infoempleo.com\/hrtrends\/media\/2017\/04\/Por-qu\u00e9-los-millennials-emigran-en-busca-de-empleo-768x513.jpg 768w, https:\/\/empresas.infoempleo.com\/hrtrends\/media\/2017\/04\/Por-qu\u00e9-los-millennials-emigran-en-busca-de-empleo.jpg 1280w\" sizes=\"auto, (max-width: 1024px) 100vw, 1024px\" \/><\/p>\n<p><span style=\"font-weight: 400\">Para responder a esta pregunta hemos resumido en siete los factores m\u00e1s importantes que entran en juego a la hora de tomar la decisi\u00f3n de \u201cprobar suerte\u201d en otro pa\u00eds, por parte de los millennials espa\u00f1oles.<\/span><\/p>\n<p><strong>1.<\/strong> Han sufrido de lleno las repercusiones de la<strong> crisis econ\u00f3mica<\/strong> que empez\u00f3 en el 2007, a\u00f1o en que la tasa de desempleo de los menores de 25 a\u00f1os lleg\u00f3 al 43,1%. No es la peor cifra en la zona euro pero otros pa\u00edses est\u00e1n mucho mejor posicionados para que estos <strong>millennials<\/strong> empiecen o progresen en sus carreras profesionales.<\/p>\n<p><b>2.<\/b> <span style=\"font-weight: 400\">La integraci\u00f3n en el mercado laboral requiere de un gran esfuerzo y la compensaci\u00f3n que reciben <strong>no cumple sus expectativas<\/strong>. Sabiendo que la situaci\u00f3n cambia radicalmente en otros pa\u00edses, es dif\u00edcil que esta generaci\u00f3n no quiera una mayor valoraci\u00f3n tras <a href=\"http:\/\/www.avanzaentucarrera.com\/?utm_source=post&amp;utm_campaign=hrtrends&amp;utm_medium=blogempresas&amp;utm_content=curso\">muchos a\u00f1os de formaci\u00f3n<\/a>.<\/span><span style=\"font-weight: 400\"><br \/>\n<\/span><span style=\"font-weight: 400\"><br \/>\n<\/span><b>3.<\/b> <span style=\"font-weight: 400\">La mayor\u00eda de estudiantes universitarios posee grandes conocimientos y un buen dominio de los idiomas. Est\u00e1n <strong>muy bien preparados<\/strong> para afrontar retos internacionales y adem\u00e1s tienen iniciativa para llevarlos a cabo.<\/span><span style=\"font-weight: 400\"><br \/>\n<\/span><span style=\"font-weight: 400\"><br \/>\n<\/span><b>4.<\/b> <span style=\"font-weight: 400\">Han crecido creyendo que pueden <strong>cambiar el mundo<\/strong>. Una jornada laboral a cambio de pagar sus gastos no les llena. <a href=\"https:\/\/empresas.infoempleo.com\/hrtrends\/trabajo-millennial-desea\/\">Muchos de los millennials necesitan m\u00e1s<\/a> y lo buscar\u00e1n a cualquier coste.<\/span><span style=\"font-weight: 400\"><br \/>\n<\/span><span style=\"font-weight: 400\"><br \/>\n<\/span><b>5.<\/b> <span style=\"font-weight: 400\">Son una generaci\u00f3n exigente. Desean acceder a buenos cargos a nivel profesional, pero tambi\u00e9n a nivel personal y cultural. Buscan sentir que su d\u00eda a d\u00eda consiste en aportar su grano de arena para mejorar la sociedad.<\/span><span style=\"font-weight: 400\"><br \/>\n<\/span><span style=\"font-weight: 400\"><br \/>\n<\/span><b>6.<\/b> <span style=\"font-weight: 400\">Las empresas espa\u00f1olas valoran a los empleados que hayan residido fuera del pa\u00eds durante un largo per\u00edodo de tiempo, conociendo <strong>mercados internacionales<\/strong> y adapt\u00e1ndose a nuevas situaciones. De esta forma, las estancias en el extranjero aumentan las probabilidades de encontrar trabajo a la vuelta, adornando el curr\u00edculum con experiencias que les diferencian.<\/span><span style=\"font-weight: 400\"><br \/>\n<\/span><span style=\"font-weight: 400\"><br \/>\n<\/span><b>7.<\/b> <span style=\"font-weight: 400\">Debido a algunos de estos factores anteriores, la estabilidad que tienen actualmente los j\u00f3venes espa\u00f1oles es m\u00e1s bien poca. No acostumbran a comprometerse a largo plazo ya que siempre tienen ganas de m\u00e1s. Se aburren con la rutina y no se conforman con un empleo que no les llena.<\/span><\/p>\n<p><span style=\"font-weight: 400\">Estas son las razones que contribuyen a la emigraci\u00f3n de una generaci\u00f3n totalmente necesaria para el futuro de las empresas espa\u00f1olas, tanto por su talento como por su visi\u00f3n innovadora.<\/span><br \/>\n<span style=\"font-weight: 400\">Empiezan a ser mayor\u00eda entre la poblaci\u00f3n y est\u00e1n dispuestos a compartir sus conocimientos de las nuevas tecnolog\u00edas y de la sociedad, a la vez que quieren desarrollar sus habilidades y capacidades de multitasking, tal y como han hecho siempre.<\/span><\/p>\n","protected":false},"excerpt":{"rendered":"<p>En 2016, el Instituto Nacional de Estad\u00edstica afirm\u00f3 que 2,3 millones de espa\u00f1oles viv\u00edan en el extranjero, alcanzando<a class=\"moretag\" href=\"https:\/\/empresas.infoempleo.com\/hrtrends\/millennials-emigran-busca-empleo\/\"> Leer m\u00e1s<\/a><\/p>\n","protected":false},"author":95,"featured_media":29475,"comment_status":"closed","ping_status":"open","sticky":false,"template":"","format":"standard","meta":{"footnotes":""},"categories":[3,3033],"tags":[1199,2942],"class_list":["post-29480","post","type-post","status-publish","format-standard","has-post-thumbnail","hentry","category-actualidad","category-novedades","tag-empleo-en-el-extranjero","tag-millennials"],"yoast_head":"<!-- This site is optimized with the Yoast SEO plugin v26.1.1 - https:\/\/yoast.com\/wordpress\/plugins\/seo\/ -->\n<title>\u00bfPor qu\u00e9 los millennials emigran en busca de empleo?<\/title>\n<meta name=\"description\" content=\"Los millennials son la \u00faltima generaci\u00f3n en llegar a los puestos de trabajo y aqu\u00ed te contamos las causas por las que emigran buscando empleo\" \/>\n<meta name=\"robots\" content=\"index, follow, max-snippet:-1, max-image-preview:large, max-video-preview:-1\" \/>\n<link rel=\"canonical\" href=\"https:\/\/empresas.infoempleo.com\/hrtrends\/millennials-emigran-busca-empleo\/\" \/>\n<meta property=\"og:locale\" content=\"es_ES\" \/>\n<meta property=\"og:type\" content=\"article\" \/>\n<meta property=\"og:title\" content=\"\u00bfPor qu\u00e9 los millennials emigran en busca de empleo?\" \/>\n<meta property=\"og:description\" content=\"Los millennials son la \u00faltima generaci\u00f3n en llegar a los puestos de trabajo y aqu\u00ed te contamos las causas por las que emigran buscando empleo\" \/>\n<meta property=\"og:url\" content=\"https:\/\/empresas.infoempleo.com\/hrtrends\/millennials-emigran-busca-empleo\/\" \/>\n<meta property=\"og:site_name\" content=\"HRTRENDS\" \/>\n<meta property=\"article:publisher\" content=\"https:\/\/www.facebook.com\/Infoempleo\" \/>\n<meta property=\"article:published_time\" content=\"2017-04-12T07:33:52+00:00\" \/>\n<meta property=\"article:modified_time\" content=\"2018-09-05T08:04:04+00:00\" \/>\n<meta property=\"og:image\" content=\"https:\/\/empresas.infoempleo.com\/hrtrends\/media\/2017\/04\/Por-qu\u00e9-los-millennials-emigran-en-busca-de-empleo-2.jpg\" \/>\n\t<meta property=\"og:image:width\" content=\"1280\" \/>\n\t<meta property=\"og:image:height\" content=\"805\" \/>\n\t<meta property=\"og:image:type\" content=\"image\/jpeg\" \/>\n<meta name=\"author\" content=\"Isabel Garrido\" \/>\n<meta name=\"twitter:card\" content=\"summary_large_image\" \/>\n<meta name=\"twitter:creator\" content=\"@infoempleo\" \/>\n<meta name=\"twitter:site\" content=\"@infoempleo\" \/>\n<meta name=\"twitter:label1\" content=\"Escrito por\" \/>\n\t<meta name=\"twitter:data1\" content=\"Isabel Garrido\" \/>\n\t<meta name=\"twitter:label2\" content=\"Tiempo de lectura\" \/>\n\t<meta name=\"twitter:data2\" content=\"3 minutos\" \/>\n<script type=\"application\/ld+json\" class=\"yoast-schema-graph\">{\"@context\":\"https:\/\/schema.org\",\"@graph\":[{\"@type\":\"NewsArticle\",\"@id\":\"https:\/\/empresas.infoempleo.com\/hrtrends\/millennials-emigran-busca-empleo\/#article\",\"isPartOf\":{\"@id\":\"https:\/\/empresas.infoempleo.com\/hrtrends\/millennials-emigran-busca-empleo\/\"},\"author\":{\"name\":\"Isabel Garrido\",\"@id\":\"https:\/\/empresas.infoempleo.com\/hrtrends\/#\/schema\/person\/cf076f877b86c69d64a1f3b0b5584421\"},\"headline\":\"\u00bfPor qu\u00e9 los millennials emigran en busca de empleo?\",\"datePublished\":\"2017-04-12T07:33:52+00:00\",\"dateModified\":\"2018-09-05T08:04:04+00:00\",\"mainEntityOfPage\":{\"@id\":\"https:\/\/empresas.infoempleo.com\/hrtrends\/millennials-emigran-busca-empleo\/\"},\"wordCount\":550,\"publisher\":{\"@id\":\"https:\/\/empresas.infoempleo.com\/hrtrends\/#organization\"},\"image\":{\"@id\":\"https:\/\/empresas.infoempleo.com\/hrtrends\/millennials-emigran-busca-empleo\/#primaryimage\"},\"thumbnailUrl\":\"https:\/\/empresas.infoempleo.com\/hrtrends\/media\/2017\/04\/Por-qu\u00e9-los-millennials-emigran-en-busca-de-empleo-2.jpg\",\"keywords\":[\"empleo en el extranjero\",\"millennials\"],\"articleSection\":[\"Actualidad\",\"Novedades Infoempleo\"],\"inLanguage\":\"es\",\"copyrightYear\":\"2017\",\"copyrightHolder\":{\"@id\":\"https:\/\/empresas.infoempleo.com\/hrtrends\/#organization\"}},{\"@type\":\"WebPage\",\"@id\":\"https:\/\/empresas.infoempleo.com\/hrtrends\/millennials-emigran-busca-empleo\/\",\"url\":\"https:\/\/empresas.infoempleo.com\/hrtrends\/millennials-emigran-busca-empleo\/\",\"name\":\"\u00bfPor qu\u00e9 los millennials emigran en busca de empleo?\",\"isPartOf\":{\"@id\":\"https:\/\/empresas.infoempleo.com\/hrtrends\/#website\"},\"primaryImageOfPage\":{\"@id\":\"https:\/\/empresas.infoempleo.com\/hrtrends\/millennials-emigran-busca-empleo\/#primaryimage\"},\"image\":{\"@id\":\"https:\/\/empresas.infoempleo.com\/hrtrends\/millennials-emigran-busca-empleo\/#primaryimage\"},\"thumbnailUrl\":\"https:\/\/empresas.infoempleo.com\/hrtrends\/media\/2017\/04\/Por-qu\u00e9-los-millennials-emigran-en-busca-de-empleo-2.jpg\",\"datePublished\":\"2017-04-12T07:33:52+00:00\",\"dateModified\":\"2018-09-05T08:04:04+00:00\",\"description\":\"Los millennials son la \u00faltima generaci\u00f3n en llegar a los puestos de trabajo y aqu\u00ed te contamos las causas por las que emigran buscando empleo\",\"breadcrumb\":{\"@id\":\"https:\/\/empresas.infoempleo.com\/hrtrends\/millennials-emigran-busca-empleo\/#breadcrumb\"},\"inLanguage\":\"es\",\"potentialAction\":[{\"@type\":\"ReadAction\",\"target\":[\"https:\/\/empresas.infoempleo.com\/hrtrends\/millennials-emigran-busca-empleo\/\"]}]},{\"@type\":\"ImageObject\",\"inLanguage\":\"es\",\"@id\":\"https:\/\/empresas.infoempleo.com\/hrtrends\/millennials-emigran-busca-empleo\/#primaryimage\",\"url\":\"https:\/\/empresas.infoempleo.com\/hrtrends\/media\/2017\/04\/Por-qu\u00e9-los-millennials-emigran-en-busca-de-empleo-2-150x150.jpg\",\"contentUrl\":\"https:\/\/empresas.infoempleo.com\/hrtrends\/media\/2017\/04\/Por-qu\u00e9-los-millennials-emigran-en-busca-de-empleo-2-150x150.jpg\",\"width\":150,\"height\":150},{\"@type\":\"BreadcrumbList\",\"@id\":\"https:\/\/empresas.infoempleo.com\/hrtrends\/millennials-emigran-busca-empleo\/#breadcrumb\",\"itemListElement\":[{\"@type\":\"ListItem\",\"position\":1,\"name\":\"Portada\",\"item\":\"https:\/\/empresas.infoempleo.com\/hrtrends\/\"},{\"@type\":\"ListItem\",\"position\":2,\"name\":\"\u00bfPor qu\u00e9 los millennials emigran en busca de empleo?\"}]},{\"@type\":\"WebSite\",\"@id\":\"https:\/\/empresas.infoempleo.com\/hrtrends\/#website\",\"url\":\"https:\/\/empresas.infoempleo.com\/hrtrends\",\"name\":\"HRTrends by Infoempleo\",\"description\":\"\",\"publisher\":{\"@id\":\"https:\/\/empresas.infoempleo.com\/hrtrends\/#organization\"},\"potentialAction\":{\"@type\":\"SearchAction\",\"target\":\"https:\/\/empresas.infoempleo.com\/hrtrends\/?s={search_term_string}\",\"query-input\":\"required name=search_term_string\"},\"inLanguage\":\"es\"},{\"@type\":\"Organization\",\"@id\":\"https:\/\/empresas.infoempleo.com\/hrtrends\/#organization\",\"name\":\"Infoempleo\",\"url\":\"https:\/\/www.infoempleo.com\/\",\"logo\":{\"@type\":\"ImageObject\",\"@id\":\"https:\/\/empresas.infoempleo.com\/hrtrends\/#logo\",\"inLanguage\":\"es\",\"url\":\"https:\/\/cdnazure.infoempleo.com\/infoempleo\/assets\/style\/gfx\/logo.svg\",\"contentUrl\":\"https:\/\/cdnazure.infoempleo.com\/infoempleo\/assets\/style\/gfx\/logo.svg\",\"width\":150,\"height\":40,\"caption\":\"Infoempleo\"},\"image\":{\"@id\":\"https:\/\/empresas.infoempleo.com\/hrtrends\/#logo\"},\"sameAs\":[\"https:\/\/www.facebook.com\/Infoempleo\",\"https:\/\/x.com\/infoempleo\",\"http:\/\/instagram.com\/infoempleo\/\",\"http:\/\/www.linkedin.com\/groups\/Empleo-Espa\u00f1a-Infoempleocom-111276\",\"http:\/\/pinterest.com\/infoempleo\/\"],\"address\":{\"@type\":\"PostalAddress\",\"addressLocality\":\"Madrid\",\"postalCode\":\"28050\",\"streetAddress\":\"Avenida de Burgos 114\"},\"brand\":[\"Infoempleo\"]},{\"@type\":\"Person\",\"@id\":\"https:\/\/empresas.infoempleo.com\/hrtrends\/#\/schema\/person\/cf076f877b86c69d64a1f3b0b5584421\",\"name\":\"Isabel Garrido\",\"image\":{\"@type\":\"ImageObject\",\"inLanguage\":\"es\",\"@id\":\"https:\/\/empresas.infoempleo.com\/hrtrends\/#\/schema\/person\/image\/\",\"url\":\"https:\/\/secure.gravatar.com\/avatar\/d469e1179323948c858cc1fd20857a12a521ffd68c0f054b8b3f710c0b429230?s=96&d=mm&r=g\",\"contentUrl\":\"https:\/\/secure.gravatar.com\/avatar\/d469e1179323948c858cc1fd20857a12a521ffd68c0f054b8b3f710c0b429230?s=96&d=mm&r=g\",\"caption\":\"Isabel Garrido\"},\"description\":\"Colaboradora, competencias en optimizaci\u00f3n de la productividad en las empresas.\",\"url\":\"https:\/\/empresas.infoempleo.com\/hrtrends\/author\/isabel-garrido\/\"}]}<\/script>\n<!-- \/ Yoast SEO plugin. -->","yoast_head_json":{"title":"\u00bfPor qu\u00e9 los millennials emigran en busca de empleo?","description":"Los millennials son la \u00faltima generaci\u00f3n en llegar a los puestos de trabajo y aqu\u00ed te contamos las causas por las que emigran buscando empleo","robots":{"index":"index","follow":"follow","max-snippet":"max-snippet:-1","max-image-preview":"max-image-preview:large","max-video-preview":"max-video-preview:-1"},"canonical":"https:\/\/empresas.infoempleo.com\/hrtrends\/millennials-emigran-busca-empleo\/","og_locale":"es_ES","og_type":"article","og_title":"\u00bfPor qu\u00e9 los millennials emigran en busca de empleo?","og_description":"Los millennials son la \u00faltima generaci\u00f3n en llegar a los puestos de trabajo y aqu\u00ed te contamos las causas por las que emigran buscando empleo","og_url":"https:\/\/empresas.infoempleo.com\/hrtrends\/millennials-emigran-busca-empleo\/","og_site_name":"HRTRENDS","article_publisher":"https:\/\/www.facebook.com\/Infoempleo","article_published_time":"2017-04-12T07:33:52+00:00","article_modified_time":"2018-09-05T08:04:04+00:00","og_image":[{"width":1280,"height":805,"url":"https:\/\/empresas.infoempleo.com\/hrtrends\/media\/2017\/04\/Por-qu\u00e9-los-millennials-emigran-en-busca-de-empleo-2.jpg","type":"image\/jpeg"}],"author":"Isabel Garrido","twitter_card":"summary_large_image","twitter_creator":"@infoempleo","twitter_site":"@infoempleo","twitter_misc":{"Escrito por":"Isabel Garrido","Tiempo de lectura":"3 minutos"},"schema":{"@context":"https:\/\/schema.org","@graph":[{"@type":"NewsArticle","@id":"https:\/\/empresas.infoempleo.com\/hrtrends\/millennials-emigran-busca-empleo\/#article","isPartOf":{"@id":"https:\/\/empresas.infoempleo.com\/hrtrends\/millennials-emigran-busca-empleo\/"},"author":{"name":"Isabel Garrido","@id":"https:\/\/empresas.infoempleo.com\/hrtrends\/#\/schema\/person\/cf076f877b86c69d64a1f3b0b5584421"},"headline":"\u00bfPor qu\u00e9 los millennials emigran en busca de empleo?","datePublished":"2017-04-12T07:33:52+00:00","dateModified":"2018-09-05T08:04:04+00:00","mainEntityOfPage":{"@id":"https:\/\/empresas.infoempleo.com\/hrtrends\/millennials-emigran-busca-empleo\/"},"wordCount":550,"publisher":{"@id":"https:\/\/empresas.infoempleo.com\/hrtrends\/#organization"},"image":{"@id":"https:\/\/empresas.infoempleo.com\/hrtrends\/millennials-emigran-busca-empleo\/#primaryimage"},"thumbnailUrl":"https:\/\/empresas.infoempleo.com\/hrtrends\/media\/2017\/04\/Por-qu\u00e9-los-millennials-emigran-en-busca-de-empleo-2.jpg","keywords":["empleo en el extranjero","millennials"],"articleSection":["Actualidad","Novedades Infoempleo"],"inLanguage":"es","copyrightYear":"2017","copyrightHolder":{"@id":"https:\/\/empresas.infoempleo.com\/hrtrends\/#organization"}},{"@type":"WebPage","@id":"https:\/\/empresas.infoempleo.com\/hrtrends\/millennials-emigran-busca-empleo\/","url":"https:\/\/empresas.infoempleo.com\/hrtrends\/millennials-emigran-busca-empleo\/","name":"\u00bfPor qu\u00e9 los millennials emigran en busca de empleo?","isPartOf":{"@id":"https:\/\/empresas.infoempleo.com\/hrtrends\/#website"},"primaryImageOfPage":{"@id":"https:\/\/empresas.infoempleo.com\/hrtrends\/millennials-emigran-busca-empleo\/#primaryimage"},"image":{"@id":"https:\/\/empresas.infoempleo.com\/hrtrends\/millennials-emigran-busca-empleo\/#primaryimage"},"thumbnailUrl":"https:\/\/empresas.infoempleo.com\/hrtrends\/media\/2017\/04\/Por-qu\u00e9-los-millennials-emigran-en-busca-de-empleo-2.jpg","datePublished":"2017-04-12T07:33:52+00:00","dateModified":"2018-09-05T08:04:04+00:00","description":"Los millennials son la \u00faltima generaci\u00f3n en llegar a los puestos de trabajo y aqu\u00ed te contamos las causas por las que emigran buscando empleo","breadcrumb":{"@id":"https:\/\/empresas.infoempleo.com\/hrtrends\/millennials-emigran-busca-empleo\/#breadcrumb"},"inLanguage":"es","potentialAction":[{"@type":"ReadAction","target":["https:\/\/empresas.infoempleo.com\/hrtrends\/millennials-emigran-busca-empleo\/"]}]},{"@type":"ImageObject","inLanguage":"es","@id":"https:\/\/empresas.infoempleo.com\/hrtrends\/millennials-emigran-busca-empleo\/#primaryimage","url":"https:\/\/empresas.infoempleo.com\/hrtrends\/media\/2017\/04\/Por-qu\u00e9-los-millennials-emigran-en-busca-de-empleo-2-150x150.jpg","contentUrl":"https:\/\/empresas.infoempleo.com\/hrtrends\/media\/2017\/04\/Por-qu\u00e9-los-millennials-emigran-en-busca-de-empleo-2-150x150.jpg","width":150,"height":150},{"@type":"BreadcrumbList","@id":"https:\/\/empresas.infoempleo.com\/hrtrends\/millennials-emigran-busca-empleo\/#breadcrumb","itemListElement":[{"@type":"ListItem","position":1,"name":"Portada","item":"https:\/\/empresas.infoempleo.com\/hrtrends\/"},{"@type":"ListItem","position":2,"name":"\u00bfPor qu\u00e9 los millennials emigran en busca de empleo?"}]},{"@type":"WebSite","@id":"https:\/\/empresas.infoempleo.com\/hrtrends\/#website","url":"https:\/\/empresas.infoempleo.com\/hrtrends","name":"HRTrends by Infoempleo","description":"","publisher":{"@id":"https:\/\/empresas.infoempleo.com\/hrtrends\/#organization"},"potentialAction":{"@type":"SearchAction","target":"https:\/\/empresas.infoempleo.com\/hrtrends\/?s={search_term_string}","query-input":"required name=search_term_string"},"inLanguage":"es"},{"@type":"Organization","@id":"https:\/\/empresas.infoempleo.com\/hrtrends\/#organization","name":"Infoempleo","url":"https:\/\/www.infoempleo.com\/","logo":{"@type":"ImageObject","@id":"https:\/\/empresas.infoempleo.com\/hrtrends\/#logo","inLanguage":"es","url":"https:\/\/cdnazure.infoempleo.com\/infoempleo\/assets\/style\/gfx\/logo.svg","contentUrl":"https:\/\/cdnazure.infoempleo.com\/infoempleo\/assets\/style\/gfx\/logo.svg","width":150,"height":40,"caption":"Infoempleo"},"image":{"@id":"https:\/\/empresas.infoempleo.com\/hrtrends\/#logo"},"sameAs":["https:\/\/www.facebook.com\/Infoempleo","https:\/\/x.com\/infoempleo","http:\/\/instagram.com\/infoempleo\/","http:\/\/www.linkedin.com\/groups\/Empleo-Espa\u00f1a-Infoempleocom-111276","http:\/\/pinterest.com\/infoempleo\/"],"address":{"@type":"PostalAddress","addressLocality":"Madrid","postalCode":"28050","streetAddress":"Avenida de Burgos 114"},"brand":["Infoempleo"]},{"@type":"Person","@id":"https:\/\/empresas.infoempleo.com\/hrtrends\/#\/schema\/person\/cf076f877b86c69d64a1f3b0b5584421","name":"Isabel Garrido","image":{"@type":"ImageObject","inLanguage":"es","@id":"https:\/\/empresas.infoempleo.com\/hrtrends\/#\/schema\/person\/image\/","url":"https:\/\/secure.gravatar.com\/avatar\/d469e1179323948c858cc1fd20857a12a521ffd68c0f054b8b3f710c0b429230?s=96&d=mm&r=g","contentUrl":"https:\/\/secure.gravatar.com\/avatar\/d469e1179323948c858cc1fd20857a12a521ffd68c0f054b8b3f710c0b429230?s=96&d=mm&r=g","caption":"Isabel Garrido"},"description":"Colaboradora, competencias en optimizaci\u00f3n de la productividad en las empresas.","url":"https:\/\/empresas.infoempleo.com\/hrtrends\/author\/isabel-garrido\/"}]}},"amp_enabled":true,"_links":{"self":[{"href":"https:\/\/empresas.infoempleo.com\/hrtrends\/wp-json\/wp\/v2\/posts\/29480","targetHints":{"allow":["GET"]}}],"collection":[{"href":"https:\/\/empresas.infoempleo.com\/hrtrends\/wp-json\/wp\/v2\/posts"}],"about":[{"href":"https:\/\/empresas.infoempleo.com\/hrtrends\/wp-json\/wp\/v2\/types\/post"}],"author":[{"embeddable":true,"href":"https:\/\/empresas.infoempleo.com\/hrtrends\/wp-json\/wp\/v2\/users\/95"}],"replies":[{"embeddable":true,"href":"https:\/\/empresas.infoempleo.com\/hrtrends\/wp-json\/wp\/v2\/comments?post=29480"}],"version-history":[{"count":0,"href":"https:\/\/empresas.infoempleo.com\/hrtrends\/wp-json\/wp\/v2\/posts\/29480\/revisions"}],"wp:featuredmedia":[{"embeddable":true,"href":"https:\/\/empresas.infoempleo.com\/hrtrends\/wp-json\/wp\/v2\/media\/29475"}],"wp:attachment":[{"href":"https:\/\/empresas.infoempleo.com\/hrtrends\/wp-json\/wp\/v2\/media?parent=29480"}],"wp:term":[{"taxonomy":"category","embeddable":true,"href":"https:\/\/empresas.infoempleo.com\/hrtrends\/wp-json\/wp\/v2\/categories?post=29480"},{"taxonomy":"post_tag","embeddable":true,"href":"https:\/\/empresas.infoempleo.com\/hrtrends\/wp-json\/wp\/v2\/tags?post=29480"}],"curies":[{"name":"wp","href":"https:\/\/api.w.org\/{rel}","templated":true}]}}