{"id":29445,"date":"2017-04-13T00:01:51","date_gmt":"2017-04-13T00:01:51","guid":{"rendered":"https:\/\/empresas.infoempleo.com\/hrtrends\/?p=29445"},"modified":"2023-03-13T19:14:10","modified_gmt":"2023-03-13T17:14:10","slug":"superar-primer-dia-de-trabajo","status":"publish","type":"post","link":"https:\/\/empresas.infoempleo.com\/hrtrends\/superar-primer-dia-de-trabajo\/","title":{"rendered":"El primer d\u00eda de trabajo: C\u00f3mo superarlo con \u00e9xito"},"content":{"rendered":"<p><span style=\"font-weight: 400\">Existen personas con mayor propensi\u00f3n al cambio y que afrontan con entusiasmo y seguridad el <\/span><b>primer d\u00eda de trabajo<\/b><span style=\"font-weight: 400\"> en un nuevo empleo.<\/span><\/p>\n<p><span style=\"font-weight: 400\">Sin embargo, en general las personas acostumbramos a ser bastante reticentes a salir de nuestra zona de confort y enfrentarnos a cambios que suponen un nuevo proceso de adaptaci\u00f3n ante un <\/span><b>nuevo trabajo<\/b><span style=\"font-weight: 400\">: nuevas responsabilidades, nuevas tareas, un nuevo ambiente, nuevos compa\u00f1eros, nuevas costumbres. En definitiva, demasiadas novedades.<\/span><\/p>\n<h3><b>Consejos para el nuevo empleado<\/b><\/h3>\n<p>Tanto si formas parte del departamento de recursos humanos y tienes que acompa\u00f1ar a los nuevos empleados en el <a href=\"http:\/\/blog.infoempleo.com\/a\/el-primer-dia-de-trabajo-empezar-con-buen-pie\/?utm_source=post&amp;utm_campaign=hrtrends&amp;utm_medium=blogempresas&amp;utm_content=contenido\">primer d\u00eda <\/a>de trabajo,\u00a0como si es tu propio primer d\u00eda en la empresa, te interesar\u00e1 conocer estas recomendaciones:<\/p>\n<ol>\n<li><b><\/b><span style=\"font-weight: 400\"> Ir a dormir pronto y descansar el d\u00eda antes ser\u00e1 la mejor manera de tener la menta activa y el rostro relajado al d\u00eda siguiente.<\/span><\/li>\n<\/ol>\n<ol start=\"2\">\n<li><b><\/b><span style=\"font-weight: 400\"> Levantarse con tiempo suficiente e ir bien arreglado har\u00e1 ganar tranquilidad, confianza y comodidad en uno mismo.<\/span><\/li>\n<\/ol>\n<ol start=\"3\">\n<li><b> <\/b><span style=\"font-weight: 400\">Salir temprano de casa y llegar con tiempo suficiente al trabajo, aunque esto conlleve presentarse al lugar mucho antes Siempre se podr\u00e1 ir a tomar un caf\u00e9 tranquilamente para esperar la hora de inicio.<\/span><\/li>\n<\/ol>\n<ol start=\"4\">\n<li><b><\/b><span style=\"font-weight: 400\"> Superada la primera toma de contacto, ser\u00e1 importante familiarizarse con lo que ser\u00e1 el nuevo puesto y apoyarse en aquellos compa\u00f1eros que puedan ayudar. Ser\u00e1 importante, tambi\u00e9n, ser agradable con ellos pero reservado en las opiniones y primeras impresiones.<\/span><\/li>\n<\/ol>\n<ol start=\"5\">\n<li><b><\/b><span style=\"font-weight: 400\"> Darse tiempo y no angustiarse ser\u00e1 clave en este primer d\u00eda y en los pr\u00f3ximos. Escuchar y aprender del resto, as\u00ed como preguntar las dudas ser\u00e1 la base m\u00e1s importante para superar la adaptaci\u00f3n a un nuevo reto profesional.<\/span><\/li>\n<\/ol>\n<h3><b>El papel de la empresa en el primer d\u00eda del empleado<\/b><\/h3>\n<p><img loading=\"lazy\" decoding=\"async\" class=\"alignnone wp-image-29447\" src=\"https:\/\/empresas.infoempleo.com\/hrtrends\/media\/2017\/04\/nuevo_empleo_infoempleo-300x200.jpg\" alt=\"\" width=\"505\" height=\"336\" srcset=\"https:\/\/empresas.infoempleo.com\/hrtrends\/media\/2017\/04\/nuevo_empleo_infoempleo-300x200.jpg 300w, https:\/\/empresas.infoempleo.com\/hrtrends\/media\/2017\/04\/nuevo_empleo_infoempleo-768x512.jpg 768w, https:\/\/empresas.infoempleo.com\/hrtrends\/media\/2017\/04\/nuevo_empleo_infoempleo.jpg 960w\" sizes=\"auto, (max-width: 505px) 100vw, 505px\" \/><\/p>\n<p><span style=\"font-weight: 400\">Del mismo modo que el nuevo empleado se prepara para dar lo mejor de s\u00ed mismo en su primer d\u00eda, es importante que las empresa colabore gestionando correctamente las nuevas incorporaciones.<\/span><\/p>\n<h3><strong>\u00bfQu\u00e9 puede hacer la empresa para facilitar la adaptaci\u00f3n de un nuevo empleado?<\/strong><\/h3>\n<ol>\n<li><b><\/b><span style=\"font-weight: 400\"> Unos d\u00edas antes de su primer d\u00eda de trabajo, la organizaci\u00f3n deber\u00eda contactar con el nuevo empleado para guiarle en su llegada. Enviarle un correo electr\u00f3nico d\u00e1ndole la bienvenida de parte de todo el equipo o situar a la empresa en un mapa indicando c\u00f3mo llegar es el m\u00ednimo recomendable.<\/span><\/li>\n<\/ol>\n<ol start=\"2\">\n<li><b><\/b><span style=\"font-weight: 400\"> \u00a0En su primer d\u00eda, es importante asociar al nuevo trabajador un compa\u00f1ero que lo reciba y acompa\u00f1e en sus primeras horas dentro de la empresa. Alguien que le presente al resto del personal y muestre las instalaciones y la metodolog\u00eda de trabajo.<\/span><\/li>\n<\/ol>\n<ol start=\"3\">\n<li><b><\/b><span style=\"font-weight: 400\"> Los primeros d\u00edas son cruciales para cualquier persona que inicia un nuevo reto y lugar de trabajo. Es siempre necesario dar tiempo y confianza para su correcta adaptaci\u00f3n. Preguntarle qu\u00e9 tal se siente, si le gusta el puesto y cumple con sus expectativas, puede ayudar a crear un v\u00ednculo de confianza que conllevar\u00e1 una comunicaci\u00f3n m\u00e1s directa, honesta y bidireccional.<\/span><\/li>\n<\/ol>\n","protected":false},"excerpt":{"rendered":"<p>Existen personas con mayor propensi\u00f3n al cambio y que afrontan con entusiasmo y seguridad el primer d\u00eda de<a class=\"moretag\" href=\"https:\/\/empresas.infoempleo.com\/hrtrends\/superar-primer-dia-de-trabajo\/\"> Leer m\u00e1s<\/a><\/p>\n","protected":false},"author":93,"featured_media":29446,"comment_status":"closed","ping_status":"open","sticky":false,"template":"","format":"standard","meta":{"footnotes":""},"categories":[3035],"tags":[3038,3037],"class_list":["post-29445","post","type-post","status-publish","format-standard","has-post-thumbnail","hentry","category-consejos","tag-nuevo-trabajo","tag-primer-dia-de-trabajo"],"yoast_head":"<!-- This site is optimized with the Yoast SEO plugin v26.1.1 - https:\/\/yoast.com\/wordpress\/plugins\/seo\/ -->\n<title>El primer d\u00eda de trabajo: C\u00f3mo superarlo con \u00e9xito | HRTRENDS<\/title>\n<meta name=\"description\" content=\"Existen personas con mayor propensi\u00f3n al cambio y que afrontan con entusiasmo y seguridad el primer d\u00eda de trabajo en un nuevo empleo.\" \/>\n<meta name=\"robots\" content=\"index, follow, max-snippet:-1, max-image-preview:large, max-video-preview:-1\" \/>\n<link rel=\"canonical\" href=\"https:\/\/empresas.infoempleo.com\/hrtrends\/superar-primer-dia-de-trabajo\/\" \/>\n<meta property=\"og:locale\" content=\"es_ES\" \/>\n<meta property=\"og:type\" content=\"article\" \/>\n<meta property=\"og:title\" content=\"El primer d\u00eda de trabajo: C\u00f3mo superarlo con \u00e9xito | HRTRENDS\" \/>\n<meta property=\"og:description\" content=\"Existen personas con mayor propensi\u00f3n al cambio y que afrontan con entusiasmo y seguridad el primer d\u00eda de trabajo en un nuevo empleo.\" \/>\n<meta property=\"og:url\" content=\"https:\/\/empresas.infoempleo.com\/hrtrends\/superar-primer-dia-de-trabajo\/\" \/>\n<meta property=\"og:site_name\" content=\"HRTRENDS\" \/>\n<meta property=\"article:publisher\" content=\"https:\/\/www.facebook.com\/Infoempleo\" \/>\n<meta property=\"article:published_time\" content=\"2017-04-13T00:01:51+00:00\" \/>\n<meta property=\"article:modified_time\" content=\"2023-03-13T17:14:10+00:00\" \/>\n<meta property=\"og:image\" content=\"https:\/\/empresas.infoempleo.com\/hrtrends\/media\/2017\/04\/primer_dia_trabajo_infoempleo-e1496213303738.jpg\" \/>\n\t<meta property=\"og:image:width\" content=\"600\" \/>\n\t<meta property=\"og:image:height\" content=\"449\" \/>\n\t<meta property=\"og:image:type\" content=\"image\/jpeg\" \/>\n<meta name=\"author\" content=\"Laura Soler\" \/>\n<meta name=\"twitter:card\" content=\"summary_large_image\" \/>\n<meta name=\"twitter:creator\" content=\"@infoempleo\" \/>\n<meta name=\"twitter:site\" content=\"@infoempleo\" \/>\n<meta name=\"twitter:label1\" content=\"Escrito por\" \/>\n\t<meta name=\"twitter:data1\" content=\"Laura Soler\" \/>\n\t<meta name=\"twitter:label2\" content=\"Tiempo de lectura\" \/>\n\t<meta name=\"twitter:data2\" content=\"3 minutos\" \/>\n<script type=\"application\/ld+json\" class=\"yoast-schema-graph\">{\"@context\":\"https:\/\/schema.org\",\"@graph\":[{\"@type\":\"NewsArticle\",\"@id\":\"https:\/\/empresas.infoempleo.com\/hrtrends\/superar-primer-dia-de-trabajo\/#article\",\"isPartOf\":{\"@id\":\"https:\/\/empresas.infoempleo.com\/hrtrends\/superar-primer-dia-de-trabajo\/\"},\"author\":{\"name\":\"Laura Soler\",\"@id\":\"https:\/\/empresas.infoempleo.com\/hrtrends\/#\/schema\/person\/a87831bdb31f0ef865cda025cfa8363d\"},\"headline\":\"El primer d\u00eda de trabajo: C\u00f3mo superarlo con \u00e9xito\",\"datePublished\":\"2017-04-13T00:01:51+00:00\",\"dateModified\":\"2023-03-13T17:14:10+00:00\",\"mainEntityOfPage\":{\"@id\":\"https:\/\/empresas.infoempleo.com\/hrtrends\/superar-primer-dia-de-trabajo\/\"},\"wordCount\":521,\"publisher\":{\"@id\":\"https:\/\/empresas.infoempleo.com\/hrtrends\/#organization\"},\"image\":{\"@id\":\"https:\/\/empresas.infoempleo.com\/hrtrends\/superar-primer-dia-de-trabajo\/#primaryimage\"},\"thumbnailUrl\":\"https:\/\/empresas.infoempleo.com\/hrtrends\/media\/2017\/04\/primer_dia_trabajo_infoempleo-e1496213303738.jpg\",\"keywords\":[\"nuevo trabajo\",\"primer d\u00eda de trabajo\"],\"articleSection\":[\"Consejos\"],\"inLanguage\":\"es\",\"copyrightYear\":\"2017\",\"copyrightHolder\":{\"@id\":\"https:\/\/empresas.infoempleo.com\/hrtrends\/#organization\"}},{\"@type\":\"WebPage\",\"@id\":\"https:\/\/empresas.infoempleo.com\/hrtrends\/superar-primer-dia-de-trabajo\/\",\"url\":\"https:\/\/empresas.infoempleo.com\/hrtrends\/superar-primer-dia-de-trabajo\/\",\"name\":\"El primer d\u00eda de trabajo: C\u00f3mo superarlo con \u00e9xito | HRTRENDS\",\"isPartOf\":{\"@id\":\"https:\/\/empresas.infoempleo.com\/hrtrends\/#website\"},\"primaryImageOfPage\":{\"@id\":\"https:\/\/empresas.infoempleo.com\/hrtrends\/superar-primer-dia-de-trabajo\/#primaryimage\"},\"image\":{\"@id\":\"https:\/\/empresas.infoempleo.com\/hrtrends\/superar-primer-dia-de-trabajo\/#primaryimage\"},\"thumbnailUrl\":\"https:\/\/empresas.infoempleo.com\/hrtrends\/media\/2017\/04\/primer_dia_trabajo_infoempleo-e1496213303738.jpg\",\"datePublished\":\"2017-04-13T00:01:51+00:00\",\"dateModified\":\"2023-03-13T17:14:10+00:00\",\"description\":\"Existen personas con mayor propensi\u00f3n al cambio y que afrontan con entusiasmo y seguridad el primer d\u00eda de trabajo en un nuevo empleo.\",\"breadcrumb\":{\"@id\":\"https:\/\/empresas.infoempleo.com\/hrtrends\/superar-primer-dia-de-trabajo\/#breadcrumb\"},\"inLanguage\":\"es\",\"potentialAction\":[{\"@type\":\"ReadAction\",\"target\":[\"https:\/\/empresas.infoempleo.com\/hrtrends\/superar-primer-dia-de-trabajo\/\"]}]},{\"@type\":\"ImageObject\",\"inLanguage\":\"es\",\"@id\":\"https:\/\/empresas.infoempleo.com\/hrtrends\/superar-primer-dia-de-trabajo\/#primaryimage\",\"url\":\"https:\/\/empresas.infoempleo.com\/hrtrends\/media\/2017\/04\/primer_dia_trabajo_infoempleo-e1496213303738-150x150.jpg\",\"contentUrl\":\"https:\/\/empresas.infoempleo.com\/hrtrends\/media\/2017\/04\/primer_dia_trabajo_infoempleo-e1496213303738-150x150.jpg\",\"width\":150,\"height\":150},{\"@type\":\"BreadcrumbList\",\"@id\":\"https:\/\/empresas.infoempleo.com\/hrtrends\/superar-primer-dia-de-trabajo\/#breadcrumb\",\"itemListElement\":[{\"@type\":\"ListItem\",\"position\":1,\"name\":\"Portada\",\"item\":\"https:\/\/empresas.infoempleo.com\/hrtrends\/\"},{\"@type\":\"ListItem\",\"position\":2,\"name\":\"El primer d\u00eda de trabajo: C\u00f3mo superarlo con \u00e9xito\"}]},{\"@type\":\"WebSite\",\"@id\":\"https:\/\/empresas.infoempleo.com\/hrtrends\/#website\",\"url\":\"https:\/\/empresas.infoempleo.com\/hrtrends\",\"name\":\"HRTrends by Infoempleo\",\"description\":\"\",\"publisher\":{\"@id\":\"https:\/\/empresas.infoempleo.com\/hrtrends\/#organization\"},\"potentialAction\":{\"@type\":\"SearchAction\",\"target\":\"https:\/\/empresas.infoempleo.com\/hrtrends\/?s={search_term_string}\",\"query-input\":\"required name=search_term_string\"},\"inLanguage\":\"es\"},{\"@type\":\"Organization\",\"@id\":\"https:\/\/empresas.infoempleo.com\/hrtrends\/#organization\",\"name\":\"Infoempleo\",\"url\":\"https:\/\/www.infoempleo.com\/\",\"logo\":{\"@type\":\"ImageObject\",\"@id\":\"https:\/\/empresas.infoempleo.com\/hrtrends\/#logo\",\"inLanguage\":\"es\",\"url\":\"https:\/\/cdnazure.infoempleo.com\/infoempleo\/assets\/style\/gfx\/logo.svg\",\"contentUrl\":\"https:\/\/cdnazure.infoempleo.com\/infoempleo\/assets\/style\/gfx\/logo.svg\",\"width\":150,\"height\":40,\"caption\":\"Infoempleo\"},\"image\":{\"@id\":\"https:\/\/empresas.infoempleo.com\/hrtrends\/#logo\"},\"sameAs\":[\"https:\/\/www.facebook.com\/Infoempleo\",\"https:\/\/x.com\/infoempleo\",\"http:\/\/instagram.com\/infoempleo\/\",\"http:\/\/www.linkedin.com\/groups\/Empleo-Espa\u00f1a-Infoempleocom-111276\",\"http:\/\/pinterest.com\/infoempleo\/\"],\"address\":{\"@type\":\"PostalAddress\",\"addressLocality\":\"Madrid\",\"postalCode\":\"28050\",\"streetAddress\":\"Avenida de Burgos 114\"},\"brand\":[\"Infoempleo\"]},{\"@type\":\"Person\",\"@id\":\"https:\/\/empresas.infoempleo.com\/hrtrends\/#\/schema\/person\/a87831bdb31f0ef865cda025cfa8363d\",\"name\":\"Laura Soler\",\"image\":{\"@type\":\"ImageObject\",\"inLanguage\":\"es\",\"@id\":\"https:\/\/empresas.infoempleo.com\/hrtrends\/#\/schema\/person\/image\/\",\"url\":\"https:\/\/secure.gravatar.com\/avatar\/a849b9e29c141525eaf83f6f13a6c1442db43088835ada5a24322f59598e8fb5?s=96&d=mm&r=g\",\"contentUrl\":\"https:\/\/secure.gravatar.com\/avatar\/a849b9e29c141525eaf83f6f13a6c1442db43088835ada5a24322f59598e8fb5?s=96&d=mm&r=g\",\"caption\":\"Laura Soler\"},\"description\":\"Redactora, estudiante de m\u00e1ster en Relaciones Laborales y apasionada del coaching empresarial.\",\"url\":\"https:\/\/empresas.infoempleo.com\/hrtrends\/author\/laura-soler\/\"}]}<\/script>\n<!-- \/ Yoast SEO plugin. -->","yoast_head_json":{"title":"El primer d\u00eda de trabajo: C\u00f3mo superarlo con \u00e9xito | HRTRENDS","description":"Existen personas con mayor propensi\u00f3n al cambio y que afrontan con entusiasmo y seguridad el primer d\u00eda de trabajo en un nuevo empleo.","robots":{"index":"index","follow":"follow","max-snippet":"max-snippet:-1","max-image-preview":"max-image-preview:large","max-video-preview":"max-video-preview:-1"},"canonical":"https:\/\/empresas.infoempleo.com\/hrtrends\/superar-primer-dia-de-trabajo\/","og_locale":"es_ES","og_type":"article","og_title":"El primer d\u00eda de trabajo: C\u00f3mo superarlo con \u00e9xito | HRTRENDS","og_description":"Existen personas con mayor propensi\u00f3n al cambio y que afrontan con entusiasmo y seguridad el primer d\u00eda de trabajo en un nuevo empleo.","og_url":"https:\/\/empresas.infoempleo.com\/hrtrends\/superar-primer-dia-de-trabajo\/","og_site_name":"HRTRENDS","article_publisher":"https:\/\/www.facebook.com\/Infoempleo","article_published_time":"2017-04-13T00:01:51+00:00","article_modified_time":"2023-03-13T17:14:10+00:00","og_image":[{"width":600,"height":449,"url":"https:\/\/empresas.infoempleo.com\/hrtrends\/media\/2017\/04\/primer_dia_trabajo_infoempleo-e1496213303738.jpg","type":"image\/jpeg"}],"author":"Laura Soler","twitter_card":"summary_large_image","twitter_creator":"@infoempleo","twitter_site":"@infoempleo","twitter_misc":{"Escrito por":"Laura Soler","Tiempo de lectura":"3 minutos"},"schema":{"@context":"https:\/\/schema.org","@graph":[{"@type":"NewsArticle","@id":"https:\/\/empresas.infoempleo.com\/hrtrends\/superar-primer-dia-de-trabajo\/#article","isPartOf":{"@id":"https:\/\/empresas.infoempleo.com\/hrtrends\/superar-primer-dia-de-trabajo\/"},"author":{"name":"Laura Soler","@id":"https:\/\/empresas.infoempleo.com\/hrtrends\/#\/schema\/person\/a87831bdb31f0ef865cda025cfa8363d"},"headline":"El primer d\u00eda de trabajo: C\u00f3mo superarlo con \u00e9xito","datePublished":"2017-04-13T00:01:51+00:00","dateModified":"2023-03-13T17:14:10+00:00","mainEntityOfPage":{"@id":"https:\/\/empresas.infoempleo.com\/hrtrends\/superar-primer-dia-de-trabajo\/"},"wordCount":521,"publisher":{"@id":"https:\/\/empresas.infoempleo.com\/hrtrends\/#organization"},"image":{"@id":"https:\/\/empresas.infoempleo.com\/hrtrends\/superar-primer-dia-de-trabajo\/#primaryimage"},"thumbnailUrl":"https:\/\/empresas.infoempleo.com\/hrtrends\/media\/2017\/04\/primer_dia_trabajo_infoempleo-e1496213303738.jpg","keywords":["nuevo trabajo","primer d\u00eda de trabajo"],"articleSection":["Consejos"],"inLanguage":"es","copyrightYear":"2017","copyrightHolder":{"@id":"https:\/\/empresas.infoempleo.com\/hrtrends\/#organization"}},{"@type":"WebPage","@id":"https:\/\/empresas.infoempleo.com\/hrtrends\/superar-primer-dia-de-trabajo\/","url":"https:\/\/empresas.infoempleo.com\/hrtrends\/superar-primer-dia-de-trabajo\/","name":"El primer d\u00eda de trabajo: C\u00f3mo superarlo con \u00e9xito | HRTRENDS","isPartOf":{"@id":"https:\/\/empresas.infoempleo.com\/hrtrends\/#website"},"primaryImageOfPage":{"@id":"https:\/\/empresas.infoempleo.com\/hrtrends\/superar-primer-dia-de-trabajo\/#primaryimage"},"image":{"@id":"https:\/\/empresas.infoempleo.com\/hrtrends\/superar-primer-dia-de-trabajo\/#primaryimage"},"thumbnailUrl":"https:\/\/empresas.infoempleo.com\/hrtrends\/media\/2017\/04\/primer_dia_trabajo_infoempleo-e1496213303738.jpg","datePublished":"2017-04-13T00:01:51+00:00","dateModified":"2023-03-13T17:14:10+00:00","description":"Existen personas con mayor propensi\u00f3n al cambio y que afrontan con entusiasmo y seguridad el primer d\u00eda de trabajo en un nuevo empleo.","breadcrumb":{"@id":"https:\/\/empresas.infoempleo.com\/hrtrends\/superar-primer-dia-de-trabajo\/#breadcrumb"},"inLanguage":"es","potentialAction":[{"@type":"ReadAction","target":["https:\/\/empresas.infoempleo.com\/hrtrends\/superar-primer-dia-de-trabajo\/"]}]},{"@type":"ImageObject","inLanguage":"es","@id":"https:\/\/empresas.infoempleo.com\/hrtrends\/superar-primer-dia-de-trabajo\/#primaryimage","url":"https:\/\/empresas.infoempleo.com\/hrtrends\/media\/2017\/04\/primer_dia_trabajo_infoempleo-e1496213303738-150x150.jpg","contentUrl":"https:\/\/empresas.infoempleo.com\/hrtrends\/media\/2017\/04\/primer_dia_trabajo_infoempleo-e1496213303738-150x150.jpg","width":150,"height":150},{"@type":"BreadcrumbList","@id":"https:\/\/empresas.infoempleo.com\/hrtrends\/superar-primer-dia-de-trabajo\/#breadcrumb","itemListElement":[{"@type":"ListItem","position":1,"name":"Portada","item":"https:\/\/empresas.infoempleo.com\/hrtrends\/"},{"@type":"ListItem","position":2,"name":"El primer d\u00eda de trabajo: C\u00f3mo superarlo con \u00e9xito"}]},{"@type":"WebSite","@id":"https:\/\/empresas.infoempleo.com\/hrtrends\/#website","url":"https:\/\/empresas.infoempleo.com\/hrtrends","name":"HRTrends by Infoempleo","description":"","publisher":{"@id":"https:\/\/empresas.infoempleo.com\/hrtrends\/#organization"},"potentialAction":{"@type":"SearchAction","target":"https:\/\/empresas.infoempleo.com\/hrtrends\/?s={search_term_string}","query-input":"required name=search_term_string"},"inLanguage":"es"},{"@type":"Organization","@id":"https:\/\/empresas.infoempleo.com\/hrtrends\/#organization","name":"Infoempleo","url":"https:\/\/www.infoempleo.com\/","logo":{"@type":"ImageObject","@id":"https:\/\/empresas.infoempleo.com\/hrtrends\/#logo","inLanguage":"es","url":"https:\/\/cdnazure.infoempleo.com\/infoempleo\/assets\/style\/gfx\/logo.svg","contentUrl":"https:\/\/cdnazure.infoempleo.com\/infoempleo\/assets\/style\/gfx\/logo.svg","width":150,"height":40,"caption":"Infoempleo"},"image":{"@id":"https:\/\/empresas.infoempleo.com\/hrtrends\/#logo"},"sameAs":["https:\/\/www.facebook.com\/Infoempleo","https:\/\/x.com\/infoempleo","http:\/\/instagram.com\/infoempleo\/","http:\/\/www.linkedin.com\/groups\/Empleo-Espa\u00f1a-Infoempleocom-111276","http:\/\/pinterest.com\/infoempleo\/"],"address":{"@type":"PostalAddress","addressLocality":"Madrid","postalCode":"28050","streetAddress":"Avenida de Burgos 114"},"brand":["Infoempleo"]},{"@type":"Person","@id":"https:\/\/empresas.infoempleo.com\/hrtrends\/#\/schema\/person\/a87831bdb31f0ef865cda025cfa8363d","name":"Laura Soler","image":{"@type":"ImageObject","inLanguage":"es","@id":"https:\/\/empresas.infoempleo.com\/hrtrends\/#\/schema\/person\/image\/","url":"https:\/\/secure.gravatar.com\/avatar\/a849b9e29c141525eaf83f6f13a6c1442db43088835ada5a24322f59598e8fb5?s=96&d=mm&r=g","contentUrl":"https:\/\/secure.gravatar.com\/avatar\/a849b9e29c141525eaf83f6f13a6c1442db43088835ada5a24322f59598e8fb5?s=96&d=mm&r=g","caption":"Laura Soler"},"description":"Redactora, estudiante de m\u00e1ster en Relaciones Laborales y apasionada del coaching empresarial.","url":"https:\/\/empresas.infoempleo.com\/hrtrends\/author\/laura-soler\/"}]}},"amp_enabled":true,"_links":{"self":[{"href":"https:\/\/empresas.infoempleo.com\/hrtrends\/wp-json\/wp\/v2\/posts\/29445","targetHints":{"allow":["GET"]}}],"collection":[{"href":"https:\/\/empresas.infoempleo.com\/hrtrends\/wp-json\/wp\/v2\/posts"}],"about":[{"href":"https:\/\/empresas.infoempleo.com\/hrtrends\/wp-json\/wp\/v2\/types\/post"}],"author":[{"embeddable":true,"href":"https:\/\/empresas.infoempleo.com\/hrtrends\/wp-json\/wp\/v2\/users\/93"}],"replies":[{"embeddable":true,"href":"https:\/\/empresas.infoempleo.com\/hrtrends\/wp-json\/wp\/v2\/comments?post=29445"}],"version-history":[{"count":1,"href":"https:\/\/empresas.infoempleo.com\/hrtrends\/wp-json\/wp\/v2\/posts\/29445\/revisions"}],"predecessor-version":[{"id":42854,"href":"https:\/\/empresas.infoempleo.com\/hrtrends\/wp-json\/wp\/v2\/posts\/29445\/revisions\/42854"}],"wp:featuredmedia":[{"embeddable":true,"href":"https:\/\/empresas.infoempleo.com\/hrtrends\/wp-json\/wp\/v2\/media\/29446"}],"wp:attachment":[{"href":"https:\/\/empresas.infoempleo.com\/hrtrends\/wp-json\/wp\/v2\/media?parent=29445"}],"wp:term":[{"taxonomy":"category","embeddable":true,"href":"https:\/\/empresas.infoempleo.com\/hrtrends\/wp-json\/wp\/v2\/categories?post=29445"},{"taxonomy":"post_tag","embeddable":true,"href":"https:\/\/empresas.infoempleo.com\/hrtrends\/wp-json\/wp\/v2\/tags?post=29445"}],"curies":[{"name":"wp","href":"https:\/\/api.w.org\/{rel}","templated":true}]}}