{"id":29416,"date":"2012-10-17T12:11:57","date_gmt":"2012-10-17T12:11:57","guid":{"rendered":"https:\/\/empresas.infoempleo.com\/hrtrends\/?p=29416"},"modified":"2024-12-09T13:10:33","modified_gmt":"2024-12-09T11:10:33","slug":"marketing-solidario-al-compas-las-redes-sociales","status":"publish","type":"post","link":"https:\/\/empresas.infoempleo.com\/hrtrends\/marketing-solidario-al-compas-las-redes-sociales\/","title":{"rendered":"Marketing solidario al comp\u00e1s de las redes sociales"},"content":{"rendered":"<p>Emprender a beneficio de todos. Esa es la idea en el que se ha basado el proyecto GoGlobalGood para crear su iniciativa de marketing solidario, que arranc\u00f3 el pasado mes de junio. \u00bfQui\u00e9n dijo que el marketing empresarial no es compatible con la actividad solidaria y la participaci\u00f3n social? Este nuevo concepto ha mezclado todos esos elementos en la paleta de las redes sociales. Nace la actividad mercantil comprometida del siglo XXI.<\/p>\n<p><!--more-->Se trata de una iniciativa de marketing para empresas a trav\u00e9s de redes sociales con la que se financian proyectos solidarios destinados a sectores necesitados a escala mundial. Mar\u00eda Caffarena, cerebro del proyecto junto a su socio Jos\u00e9 Ram\u00f3n Anderica, explica c\u00f3mo funciona la idea y desglosa el beneficio que obtiene cada una de las partes implicadas: \u201cPor un lado, acuden a nosotros ONGs o fundaciones que proponen proyectos. Les pedimos que sean planes peque\u00f1os y concretos para que podamos controlar su realizaci\u00f3n.<\/p>\n<h2>Servicio gratuito para los participantes<\/h2>\n<p>Para ellos el servicio es gratuito, lo \u00fanico que deben hacer es comprometerse a presentar pruebas de que todo el dinero recibido se ha invertido en alcanzar el objetivo que han presentado ante nuestra plataforma: facturas, fotos, v\u00eddeos&#8230;\u201d El segundo factor implicado, y el motor del negocio, son las empresas.<\/p>\n<p>Para ellas, GoGlobalGood lo que ofrece un espacio en su plataforma y la posibilidad de utilizar sus canales de noticias, en los que las firmas aparecen ocupando un lugar jerarquizado en funci\u00f3n a la responsabilidad social de cada una, es decir, la cantidad de su aportaci\u00f3n \u2013siempre voluntaria-. \u201cLo m\u00e1s beneficioso para ellos\u201d, a\u00f1ade Caffarena, \u201ces que les activamos una campa\u00f1a de marketing a trav\u00e9s de las redes sociales que se\u00f1ala su perfil solidario\u201d.<\/p>\n<h2>Proyectos de marketing solidario reunidos en una plataforma<\/h2>\n<p>El tercer elemento en esta cadena de favores es el p\u00fablico, que observa y toma partido\u00a0 en esta confluencia de marketing empresarial e iniciativas de cooperaci\u00f3n a trav\u00e9s de las redes sociales. En la plataforma GoGlobalGood aparecen una serie de proyectos solidarios que la gente debe votar en funci\u00f3n de sus gustos y su grado de convencimiento. \u201cLas votaciones se hacen a trav\u00e9s de dichas redes sociales, por lo que cada vez que alguien vote estar\u00e1 difundiendo el mensaje para que sus contactos tambi\u00e9n entren a votar\u201d, indica la ide\u00f3loga. \u201cAl mismo tiempo, los promotores de los proyectos (ONGs y fundaciones) y GoGlobalGood difunden a todos sus contactos un mensaje de agradecimiento a trav\u00e9s de estas plataformas cada vez que una empresa realiza una aportaci\u00f3n, les refleja como \u2018empresa responsable\u2019 y multiplica su visibilidad\u201d.<\/p>\n<p>Por el momento las redes con las que trabaja el proyecto son Facebook y Twitter, aunque piensan aumentar el cat\u00e1logo. El c\u00edrculo queda cerrado. As\u00ed de simbi\u00f3tica es la relaci\u00f3n entre estos tres actores a trav\u00e9s del la iniciativa ideada por Caffarena y Anderica, cuya idea surgi\u00f3 \u201cde repente\u201d.<\/p>\n<p>\u201cNos fijamos que en este tipo de plataformas lo habitual es que se financien proyectos a trav\u00e9s de microdonaciones que hacen los propios usuarios\u201d, explica la socia, \u201cpero se nos ocurri\u00f3 que ser\u00eda innovador que las aportaciones las hiciesen peque\u00f1as empresas a cambio de una campa\u00f1a de marketing\u201d.<\/p>\n<p>Los creadores consideran que estas firmas ganan as\u00ed la simpat\u00eda \u201cdel consumidor de perfil responsable dispuesto a cambiar sus h\u00e1bitos de consumo en pos de un beneficio global\u201d, el verdadero prop\u00f3sito por el que lanzaron su proyecto, seg\u00fan afirman. \u00a0\u201cEl objetivo final es reeducar al consumidor\u201d, explican.<\/p>\n<h2>10.000 seguidores en tres meses<\/h2>\n<p>Por el momento parece que han convencido. En tan solo tres meses ya han conseguido alrededor de 10.000 seguidores y han culminado la financiaci\u00f3n de dos proyectos completos en Marruecos y Ecuador y la cofinanciaci\u00f3n de un tercero, de los que se publica su factura para que los contactos est\u00e9n al corriente de la efectiva utilizaci\u00f3n de los fondos.<\/p>\n<p>Tambi\u00e9n las empresas participantes les han manifestado un aumento considerable de sus ventas y de su nivel de difusi\u00f3n desde que se involucraron con GoGlobalGood.<\/p>\n<p>De la rentabilidad personal a\u00fan no han hecho balance (ellos cobran a las empresas donantes el 30% de la cantidad de su aportaci\u00f3n) pero conf\u00edan en que su iniciativa sea econ\u00f3micamente productiva cuando ampl\u00eden el directorio de firmas participantes. \u201cEl nuevo modelo de emprendedor\u00a0funciona mediante el proceso de prueba y error\u201d, advierte al modo cient\u00edfico Caffarena a futuros emprendedores, \u201cpero lo importante es lanzar ideas y despu\u00e9s definirlas y desarrollarlas para ofrecer el mejor producto\u201d, culmina.<\/p>\n<p>Por el momento, estos dos visionarios ya se han puesto a combinar probetas. Parece que el experimento funciona.<\/p>\n<p>Imagen portada:\u00a0<a href=\"https:\/\/www.flickr.com\/\/photos\/julien_harneis\/\" target=\"_blank\" rel=\"noopener\">Julien Harneis<\/a> bajo <a href=\"https:\/\/creativecommons.org\/licenses\/by-sa\/2.0\/deed.es\" target=\"_blank\" rel=\"noopener\">licencia CC<\/a><\/p>\n","protected":false},"excerpt":{"rendered":"<p>Emprender a beneficio de todos. Esa es la idea en el que se ha basado el proyecto GoGlobalGood<a class=\"moretag\" href=\"https:\/\/empresas.infoempleo.com\/hrtrends\/marketing-solidario-al-compas-las-redes-sociales\/\"> Leer m\u00e1s<\/a><\/p>\n","protected":false},"author":72,"featured_media":29417,"comment_status":"closed","ping_status":"open","sticky":false,"template":"","format":"standard","meta":{"footnotes":""},"categories":[3],"tags":[3569,195,545],"class_list":["post-29416","post","type-post","status-publish","format-standard","has-post-thumbnail","hentry","category-actualidad","tag-marketing-solidario","tag-rsc","tag-solidaridad"],"yoast_head":"<!-- This site is optimized with the Yoast SEO plugin v26.1.1 - https:\/\/yoast.com\/wordpress\/plugins\/seo\/ -->\n<title>Marketing solidario al comp\u00e1s de las redes sociales | HRTRENDS<\/title>\n<meta name=\"description\" content=\"Marketing solidario al comp\u00e1s de las redes sociales. Esa es la idea en el que se ha basado el proyecto GoGlobalGood iniciado el mes de junio\" \/>\n<meta name=\"robots\" content=\"index, follow, max-snippet:-1, max-image-preview:large, max-video-preview:-1\" \/>\n<link rel=\"canonical\" href=\"https:\/\/empresas.infoempleo.com\/hrtrends\/marketing-solidario-al-compas-las-redes-sociales\/\" \/>\n<meta property=\"og:locale\" content=\"es_ES\" \/>\n<meta property=\"og:type\" content=\"article\" \/>\n<meta property=\"og:title\" content=\"Marketing solidario al comp\u00e1s de las redes sociales | HRTRENDS\" \/>\n<meta property=\"og:description\" content=\"Marketing solidario al comp\u00e1s de las redes sociales. Esa es la idea en el que se ha basado el proyecto GoGlobalGood iniciado el mes de junio\" \/>\n<meta property=\"og:url\" content=\"https:\/\/empresas.infoempleo.com\/hrtrends\/marketing-solidario-al-compas-las-redes-sociales\/\" \/>\n<meta property=\"og:site_name\" content=\"HRTRENDS\" \/>\n<meta property=\"article:publisher\" content=\"https:\/\/www.facebook.com\/Infoempleo\" \/>\n<meta property=\"article:published_time\" content=\"2012-10-17T12:11:57+00:00\" \/>\n<meta property=\"article:modified_time\" content=\"2024-12-09T11:10:33+00:00\" \/>\n<meta property=\"og:image\" content=\"https:\/\/empresas.infoempleo.com\/hrtrends\/media\/2017\/04\/3097956754_9b4f1ab2b7_z.jpg\" \/>\n\t<meta property=\"og:image:width\" content=\"549\" \/>\n\t<meta property=\"og:image:height\" content=\"250\" \/>\n\t<meta property=\"og:image:type\" content=\"image\/jpeg\" \/>\n<meta name=\"author\" content=\"infoempleo\" \/>\n<meta name=\"twitter:card\" content=\"summary_large_image\" \/>\n<meta name=\"twitter:creator\" content=\"@infoempleo\" \/>\n<meta name=\"twitter:site\" content=\"@infoempleo\" \/>\n<meta name=\"twitter:label1\" content=\"Escrito por\" \/>\n\t<meta name=\"twitter:data1\" content=\"infoempleo\" \/>\n\t<meta name=\"twitter:label2\" content=\"Tiempo de lectura\" \/>\n\t<meta name=\"twitter:data2\" content=\"4 minutos\" \/>\n<script type=\"application\/ld+json\" class=\"yoast-schema-graph\">{\"@context\":\"https:\/\/schema.org\",\"@graph\":[{\"@type\":\"NewsArticle\",\"@id\":\"https:\/\/empresas.infoempleo.com\/hrtrends\/marketing-solidario-al-compas-las-redes-sociales\/#article\",\"isPartOf\":{\"@id\":\"https:\/\/empresas.infoempleo.com\/hrtrends\/marketing-solidario-al-compas-las-redes-sociales\/\"},\"author\":{\"name\":\"infoempleo\",\"@id\":\"https:\/\/empresas.infoempleo.com\/hrtrends\/#\/schema\/person\/67d3e276ffcc8b3ae0ebec816daf775a\"},\"headline\":\"Marketing solidario al comp\u00e1s de las redes sociales\",\"datePublished\":\"2012-10-17T12:11:57+00:00\",\"dateModified\":\"2024-12-09T11:10:33+00:00\",\"mainEntityOfPage\":{\"@id\":\"https:\/\/empresas.infoempleo.com\/hrtrends\/marketing-solidario-al-compas-las-redes-sociales\/\"},\"wordCount\":818,\"publisher\":{\"@id\":\"https:\/\/empresas.infoempleo.com\/hrtrends\/#organization\"},\"image\":{\"@id\":\"https:\/\/empresas.infoempleo.com\/hrtrends\/marketing-solidario-al-compas-las-redes-sociales\/#primaryimage\"},\"thumbnailUrl\":\"https:\/\/empresas.infoempleo.com\/hrtrends\/media\/2017\/04\/3097956754_9b4f1ab2b7_z.jpg\",\"keywords\":[\"marketing solidario\",\"RSC\",\"solidaridad\"],\"articleSection\":[\"Actualidad\"],\"inLanguage\":\"es\",\"copyrightYear\":\"2012\",\"copyrightHolder\":{\"@id\":\"https:\/\/empresas.infoempleo.com\/hrtrends\/#organization\"}},{\"@type\":\"WebPage\",\"@id\":\"https:\/\/empresas.infoempleo.com\/hrtrends\/marketing-solidario-al-compas-las-redes-sociales\/\",\"url\":\"https:\/\/empresas.infoempleo.com\/hrtrends\/marketing-solidario-al-compas-las-redes-sociales\/\",\"name\":\"Marketing solidario al comp\u00e1s de las redes sociales | HRTRENDS\",\"isPartOf\":{\"@id\":\"https:\/\/empresas.infoempleo.com\/hrtrends\/#website\"},\"primaryImageOfPage\":{\"@id\":\"https:\/\/empresas.infoempleo.com\/hrtrends\/marketing-solidario-al-compas-las-redes-sociales\/#primaryimage\"},\"image\":{\"@id\":\"https:\/\/empresas.infoempleo.com\/hrtrends\/marketing-solidario-al-compas-las-redes-sociales\/#primaryimage\"},\"thumbnailUrl\":\"https:\/\/empresas.infoempleo.com\/hrtrends\/media\/2017\/04\/3097956754_9b4f1ab2b7_z.jpg\",\"datePublished\":\"2012-10-17T12:11:57+00:00\",\"dateModified\":\"2024-12-09T11:10:33+00:00\",\"description\":\"Marketing solidario al comp\u00e1s de las redes sociales. Esa es la idea en el que se ha basado el proyecto GoGlobalGood iniciado el mes de junio\",\"breadcrumb\":{\"@id\":\"https:\/\/empresas.infoempleo.com\/hrtrends\/marketing-solidario-al-compas-las-redes-sociales\/#breadcrumb\"},\"inLanguage\":\"es\",\"potentialAction\":[{\"@type\":\"ReadAction\",\"target\":[\"https:\/\/empresas.infoempleo.com\/hrtrends\/marketing-solidario-al-compas-las-redes-sociales\/\"]}]},{\"@type\":\"ImageObject\",\"inLanguage\":\"es\",\"@id\":\"https:\/\/empresas.infoempleo.com\/hrtrends\/marketing-solidario-al-compas-las-redes-sociales\/#primaryimage\",\"url\":\"https:\/\/empresas.infoempleo.com\/hrtrends\/media\/2017\/04\/3097956754_9b4f1ab2b7_z-150x150.jpg\",\"contentUrl\":\"https:\/\/empresas.infoempleo.com\/hrtrends\/media\/2017\/04\/3097956754_9b4f1ab2b7_z-150x150.jpg\",\"width\":150,\"height\":150},{\"@type\":\"BreadcrumbList\",\"@id\":\"https:\/\/empresas.infoempleo.com\/hrtrends\/marketing-solidario-al-compas-las-redes-sociales\/#breadcrumb\",\"itemListElement\":[{\"@type\":\"ListItem\",\"position\":1,\"name\":\"Portada\",\"item\":\"https:\/\/empresas.infoempleo.com\/hrtrends\/\"},{\"@type\":\"ListItem\",\"position\":2,\"name\":\"Marketing solidario al comp\u00e1s de las redes sociales\"}]},{\"@type\":\"WebSite\",\"@id\":\"https:\/\/empresas.infoempleo.com\/hrtrends\/#website\",\"url\":\"https:\/\/empresas.infoempleo.com\/hrtrends\",\"name\":\"HRTrends by Infoempleo\",\"description\":\"\",\"publisher\":{\"@id\":\"https:\/\/empresas.infoempleo.com\/hrtrends\/#organization\"},\"potentialAction\":{\"@type\":\"SearchAction\",\"target\":\"https:\/\/empresas.infoempleo.com\/hrtrends\/?s={search_term_string}\",\"query-input\":\"required name=search_term_string\"},\"inLanguage\":\"es\"},{\"@type\":\"Organization\",\"@id\":\"https:\/\/empresas.infoempleo.com\/hrtrends\/#organization\",\"name\":\"Infoempleo\",\"url\":\"https:\/\/www.infoempleo.com\/\",\"logo\":{\"@type\":\"ImageObject\",\"@id\":\"https:\/\/empresas.infoempleo.com\/hrtrends\/#logo\",\"inLanguage\":\"es\",\"url\":\"https:\/\/cdnazure.infoempleo.com\/infoempleo\/assets\/style\/gfx\/logo.svg\",\"contentUrl\":\"https:\/\/cdnazure.infoempleo.com\/infoempleo\/assets\/style\/gfx\/logo.svg\",\"width\":150,\"height\":40,\"caption\":\"Infoempleo\"},\"image\":{\"@id\":\"https:\/\/empresas.infoempleo.com\/hrtrends\/#logo\"},\"sameAs\":[\"https:\/\/www.facebook.com\/Infoempleo\",\"https:\/\/x.com\/infoempleo\",\"http:\/\/instagram.com\/infoempleo\/\",\"http:\/\/www.linkedin.com\/groups\/Empleo-Espa\u00f1a-Infoempleocom-111276\",\"http:\/\/pinterest.com\/infoempleo\/\"],\"address\":{\"@type\":\"PostalAddress\",\"addressLocality\":\"Madrid\",\"postalCode\":\"28050\",\"streetAddress\":\"Avenida de Burgos 114\"},\"brand\":[\"Infoempleo\"]},{\"@type\":\"Person\",\"@id\":\"https:\/\/empresas.infoempleo.com\/hrtrends\/#\/schema\/person\/67d3e276ffcc8b3ae0ebec816daf775a\",\"name\":\"infoempleo\",\"image\":{\"@type\":\"ImageObject\",\"inLanguage\":\"es\",\"@id\":\"https:\/\/empresas.infoempleo.com\/hrtrends\/#\/schema\/person\/image\/\",\"url\":\"https:\/\/secure.gravatar.com\/avatar\/7b437777242fe67d2473c2a818da2344692d1ee91e91080ccffbd97bcd4a0975?s=96&d=mm&r=g\",\"contentUrl\":\"https:\/\/secure.gravatar.com\/avatar\/7b437777242fe67d2473c2a818da2344692d1ee91e91080ccffbd97bcd4a0975?s=96&d=mm&r=g\",\"caption\":\"infoempleo\"},\"url\":\"https:\/\/empresas.infoempleo.com\/hrtrends\/author\/infoempleo\/\"}]}<\/script>\n<!-- \/ Yoast SEO plugin. -->","yoast_head_json":{"title":"Marketing solidario al comp\u00e1s de las redes sociales | HRTRENDS","description":"Marketing solidario al comp\u00e1s de las redes sociales. Esa es la idea en el que se ha basado el proyecto GoGlobalGood iniciado el mes de junio","robots":{"index":"index","follow":"follow","max-snippet":"max-snippet:-1","max-image-preview":"max-image-preview:large","max-video-preview":"max-video-preview:-1"},"canonical":"https:\/\/empresas.infoempleo.com\/hrtrends\/marketing-solidario-al-compas-las-redes-sociales\/","og_locale":"es_ES","og_type":"article","og_title":"Marketing solidario al comp\u00e1s de las redes sociales | HRTRENDS","og_description":"Marketing solidario al comp\u00e1s de las redes sociales. Esa es la idea en el que se ha basado el proyecto GoGlobalGood iniciado el mes de junio","og_url":"https:\/\/empresas.infoempleo.com\/hrtrends\/marketing-solidario-al-compas-las-redes-sociales\/","og_site_name":"HRTRENDS","article_publisher":"https:\/\/www.facebook.com\/Infoempleo","article_published_time":"2012-10-17T12:11:57+00:00","article_modified_time":"2024-12-09T11:10:33+00:00","og_image":[{"width":549,"height":250,"url":"https:\/\/empresas.infoempleo.com\/hrtrends\/media\/2017\/04\/3097956754_9b4f1ab2b7_z.jpg","type":"image\/jpeg"}],"author":"infoempleo","twitter_card":"summary_large_image","twitter_creator":"@infoempleo","twitter_site":"@infoempleo","twitter_misc":{"Escrito por":"infoempleo","Tiempo de lectura":"4 minutos"},"schema":{"@context":"https:\/\/schema.org","@graph":[{"@type":"NewsArticle","@id":"https:\/\/empresas.infoempleo.com\/hrtrends\/marketing-solidario-al-compas-las-redes-sociales\/#article","isPartOf":{"@id":"https:\/\/empresas.infoempleo.com\/hrtrends\/marketing-solidario-al-compas-las-redes-sociales\/"},"author":{"name":"infoempleo","@id":"https:\/\/empresas.infoempleo.com\/hrtrends\/#\/schema\/person\/67d3e276ffcc8b3ae0ebec816daf775a"},"headline":"Marketing solidario al comp\u00e1s de las redes sociales","datePublished":"2012-10-17T12:11:57+00:00","dateModified":"2024-12-09T11:10:33+00:00","mainEntityOfPage":{"@id":"https:\/\/empresas.infoempleo.com\/hrtrends\/marketing-solidario-al-compas-las-redes-sociales\/"},"wordCount":818,"publisher":{"@id":"https:\/\/empresas.infoempleo.com\/hrtrends\/#organization"},"image":{"@id":"https:\/\/empresas.infoempleo.com\/hrtrends\/marketing-solidario-al-compas-las-redes-sociales\/#primaryimage"},"thumbnailUrl":"https:\/\/empresas.infoempleo.com\/hrtrends\/media\/2017\/04\/3097956754_9b4f1ab2b7_z.jpg","keywords":["marketing solidario","RSC","solidaridad"],"articleSection":["Actualidad"],"inLanguage":"es","copyrightYear":"2012","copyrightHolder":{"@id":"https:\/\/empresas.infoempleo.com\/hrtrends\/#organization"}},{"@type":"WebPage","@id":"https:\/\/empresas.infoempleo.com\/hrtrends\/marketing-solidario-al-compas-las-redes-sociales\/","url":"https:\/\/empresas.infoempleo.com\/hrtrends\/marketing-solidario-al-compas-las-redes-sociales\/","name":"Marketing solidario al comp\u00e1s de las redes sociales | HRTRENDS","isPartOf":{"@id":"https:\/\/empresas.infoempleo.com\/hrtrends\/#website"},"primaryImageOfPage":{"@id":"https:\/\/empresas.infoempleo.com\/hrtrends\/marketing-solidario-al-compas-las-redes-sociales\/#primaryimage"},"image":{"@id":"https:\/\/empresas.infoempleo.com\/hrtrends\/marketing-solidario-al-compas-las-redes-sociales\/#primaryimage"},"thumbnailUrl":"https:\/\/empresas.infoempleo.com\/hrtrends\/media\/2017\/04\/3097956754_9b4f1ab2b7_z.jpg","datePublished":"2012-10-17T12:11:57+00:00","dateModified":"2024-12-09T11:10:33+00:00","description":"Marketing solidario al comp\u00e1s de las redes sociales. Esa es la idea en el que se ha basado el proyecto GoGlobalGood iniciado el mes de junio","breadcrumb":{"@id":"https:\/\/empresas.infoempleo.com\/hrtrends\/marketing-solidario-al-compas-las-redes-sociales\/#breadcrumb"},"inLanguage":"es","potentialAction":[{"@type":"ReadAction","target":["https:\/\/empresas.infoempleo.com\/hrtrends\/marketing-solidario-al-compas-las-redes-sociales\/"]}]},{"@type":"ImageObject","inLanguage":"es","@id":"https:\/\/empresas.infoempleo.com\/hrtrends\/marketing-solidario-al-compas-las-redes-sociales\/#primaryimage","url":"https:\/\/empresas.infoempleo.com\/hrtrends\/media\/2017\/04\/3097956754_9b4f1ab2b7_z-150x150.jpg","contentUrl":"https:\/\/empresas.infoempleo.com\/hrtrends\/media\/2017\/04\/3097956754_9b4f1ab2b7_z-150x150.jpg","width":150,"height":150},{"@type":"BreadcrumbList","@id":"https:\/\/empresas.infoempleo.com\/hrtrends\/marketing-solidario-al-compas-las-redes-sociales\/#breadcrumb","itemListElement":[{"@type":"ListItem","position":1,"name":"Portada","item":"https:\/\/empresas.infoempleo.com\/hrtrends\/"},{"@type":"ListItem","position":2,"name":"Marketing solidario al comp\u00e1s de las redes sociales"}]},{"@type":"WebSite","@id":"https:\/\/empresas.infoempleo.com\/hrtrends\/#website","url":"https:\/\/empresas.infoempleo.com\/hrtrends","name":"HRTrends by Infoempleo","description":"","publisher":{"@id":"https:\/\/empresas.infoempleo.com\/hrtrends\/#organization"},"potentialAction":{"@type":"SearchAction","target":"https:\/\/empresas.infoempleo.com\/hrtrends\/?s={search_term_string}","query-input":"required name=search_term_string"},"inLanguage":"es"},{"@type":"Organization","@id":"https:\/\/empresas.infoempleo.com\/hrtrends\/#organization","name":"Infoempleo","url":"https:\/\/www.infoempleo.com\/","logo":{"@type":"ImageObject","@id":"https:\/\/empresas.infoempleo.com\/hrtrends\/#logo","inLanguage":"es","url":"https:\/\/cdnazure.infoempleo.com\/infoempleo\/assets\/style\/gfx\/logo.svg","contentUrl":"https:\/\/cdnazure.infoempleo.com\/infoempleo\/assets\/style\/gfx\/logo.svg","width":150,"height":40,"caption":"Infoempleo"},"image":{"@id":"https:\/\/empresas.infoempleo.com\/hrtrends\/#logo"},"sameAs":["https:\/\/www.facebook.com\/Infoempleo","https:\/\/x.com\/infoempleo","http:\/\/instagram.com\/infoempleo\/","http:\/\/www.linkedin.com\/groups\/Empleo-Espa\u00f1a-Infoempleocom-111276","http:\/\/pinterest.com\/infoempleo\/"],"address":{"@type":"PostalAddress","addressLocality":"Madrid","postalCode":"28050","streetAddress":"Avenida de Burgos 114"},"brand":["Infoempleo"]},{"@type":"Person","@id":"https:\/\/empresas.infoempleo.com\/hrtrends\/#\/schema\/person\/67d3e276ffcc8b3ae0ebec816daf775a","name":"infoempleo","image":{"@type":"ImageObject","inLanguage":"es","@id":"https:\/\/empresas.infoempleo.com\/hrtrends\/#\/schema\/person\/image\/","url":"https:\/\/secure.gravatar.com\/avatar\/7b437777242fe67d2473c2a818da2344692d1ee91e91080ccffbd97bcd4a0975?s=96&d=mm&r=g","contentUrl":"https:\/\/secure.gravatar.com\/avatar\/7b437777242fe67d2473c2a818da2344692d1ee91e91080ccffbd97bcd4a0975?s=96&d=mm&r=g","caption":"infoempleo"},"url":"https:\/\/empresas.infoempleo.com\/hrtrends\/author\/infoempleo\/"}]}},"amp_enabled":true,"_links":{"self":[{"href":"https:\/\/empresas.infoempleo.com\/hrtrends\/wp-json\/wp\/v2\/posts\/29416","targetHints":{"allow":["GET"]}}],"collection":[{"href":"https:\/\/empresas.infoempleo.com\/hrtrends\/wp-json\/wp\/v2\/posts"}],"about":[{"href":"https:\/\/empresas.infoempleo.com\/hrtrends\/wp-json\/wp\/v2\/types\/post"}],"author":[{"embeddable":true,"href":"https:\/\/empresas.infoempleo.com\/hrtrends\/wp-json\/wp\/v2\/users\/72"}],"replies":[{"embeddable":true,"href":"https:\/\/empresas.infoempleo.com\/hrtrends\/wp-json\/wp\/v2\/comments?post=29416"}],"version-history":[{"count":3,"href":"https:\/\/empresas.infoempleo.com\/hrtrends\/wp-json\/wp\/v2\/posts\/29416\/revisions"}],"predecessor-version":[{"id":46149,"href":"https:\/\/empresas.infoempleo.com\/hrtrends\/wp-json\/wp\/v2\/posts\/29416\/revisions\/46149"}],"wp:featuredmedia":[{"embeddable":true,"href":"https:\/\/empresas.infoempleo.com\/hrtrends\/wp-json\/wp\/v2\/media\/29417"}],"wp:attachment":[{"href":"https:\/\/empresas.infoempleo.com\/hrtrends\/wp-json\/wp\/v2\/media?parent=29416"}],"wp:term":[{"taxonomy":"category","embeddable":true,"href":"https:\/\/empresas.infoempleo.com\/hrtrends\/wp-json\/wp\/v2\/categories?post=29416"},{"taxonomy":"post_tag","embeddable":true,"href":"https:\/\/empresas.infoempleo.com\/hrtrends\/wp-json\/wp\/v2\/tags?post=29416"}],"curies":[{"name":"wp","href":"https:\/\/api.w.org\/{rel}","templated":true}]}}