{"id":29313,"date":"2017-04-04T09:51:42","date_gmt":"2017-04-04T09:51:42","guid":{"rendered":"https:\/\/empresas.infoempleo.com\/hrtrends\/?p=29313"},"modified":"2018-05-23T16:49:50","modified_gmt":"2018-05-23T14:49:50","slug":"mirando-hacia-la-diversidad","status":"publish","type":"post","link":"https:\/\/empresas.infoempleo.com\/hrtrends\/mirando-hacia-la-diversidad\/","title":{"rendered":"Mirando hacia la diversidad"},"content":{"rendered":"<p>\u00bfTe has preguntado alguna vez de qu\u00e9 color es el talento o en qu\u00e9 franja de edad se encuentra? \u00bfSabes si el talento lleva falda, pantal\u00f3n, zapatos de tac\u00f3n o deportivas?<\/p>\n<p>La respuesta es bastante obvia cuando te encuentras unas preguntas como estas: el talento no tiene nada que ver con eso. El talento puede estar en cualquier persona independientemente de su sexo, de su raza, de su condici\u00f3n sexual o de cualquier circunstancia personal.<\/p>\n<p>Por esto es tan importante la diversidad, porque rompiendo moldes y potenciando lo mejor de cada persona podemos contar con los mejores profesionales entre nuestros colaboradores. Pero\u2026 \u00bfc\u00f3mo conseguir que personas tan diferentes colaboren entre s\u00ed y alcancemos los resultados propuestos? Y aqu\u00ed es donde reside la clave del \u00e9xito de la gesti\u00f3n de la diversidad.<\/p>\n<p>&nbsp;<\/p>\n<h2>Respeto a lo diferente<\/h2>\n<p>Es cierto que colectivos diferentes presentan caracter\u00edsticas y necesidades diversas, por eso es tan importante<strong> fomentar una cultura de respeto<\/strong> e <strong>inclusi\u00f3n<\/strong> donde se valoren las diferencias por lo que aportan y complementan al conjunto. Esta cultura debe ser promovida desde la direcci\u00f3n con la colaboraci\u00f3n de todos los l\u00edderes de la organizaci\u00f3n. Debe ser parte del ADN de la compa\u00f1\u00eda para que todos los empleados tengan una actitud de apertura ante la diversidad.<\/p>\n<p>Algunas de las labores principales de Recursos Humanos son fomentar, dise\u00f1ar y proponer esos rasgos culturales y pol\u00edticas que potencien la atracci\u00f3n de talento diverso y la cultura de inclusi\u00f3n. Trabajar de la mano de la alta direcci\u00f3n para que esto no se entienda como una iniciativa de Recursos Humanos sino como un <strong>compromiso corporativo<\/strong>. Apoyar a los l\u00edderes en una transici\u00f3n hacia un estilo de <strong>liderazgo inclusivo<\/strong> ser\u00e1 tambi\u00e9n una de las responsabilidades clave de los profesionales que nos dedicamos a los Recursos Humanos.<\/p>\n<p>Este estilo de liderazgo se basa en hacer sentir que cada uno de los colaboradores son piezas fundamentales dentro del sistema. Que sepan que son valorados por su trabajo y por sus aportaciones. Que las diferencias entre ellos, lejos de suponer un problema, son consideradas como un valor a\u00f1adido dentro de la organizaci\u00f3n.<\/p>\n<p>Como comentaba antes, cuando se cuenta con colectivos diferentes nos encontramos con necesidades y preferencias diferentes. Ante esta situaci\u00f3n podemos tener dos enfoques:<\/p>\n<p>Centrarnos en las minor\u00edas y establecer pol\u00edticas concretas para esos colectivos. Por ejemplo, un horario adaptado para padres y madres con hijos menores de una determinada edad; o flexibilizar los d\u00edas festivos en funci\u00f3n de la cultura y la religi\u00f3n.<\/p>\n<h2>Hacia una cultura\u00a0convergente<\/h2>\n<p>Por otro lado, que es por el que yo apuesto, es generar una cultura de flexibilidad para todos los colaboradores. Potenciar el equilibrio entre la vida profesional y la vida personal y que cada trabajador se sienta empoderado para que, dentro de un marco, puedan elegir aquellas condiciones que se adaptan mejor a sus necesidades y preferencias personales. Empoderarles de esta manera es muy beneficioso porque est\u00e1 generando una relaci\u00f3n de confianza y respeto mutuo que es muy positivo tanto para la empresa como para el trabajador.<\/p>\n<p>Las situaciones de desequilibrio donde el beneficio de uno implica un perjuicio del otro no llevan a ning\u00fan sitio. No promueve la diversidad ni fomenta la inclusi\u00f3n. S\u00f3lo generan tensiones, sufrimiento y desgaste y la relaci\u00f3n profesional terminar\u00e1 rompi\u00e9ndose antes o despu\u00e9s.<\/p>\n<p>En un mundo cada vez m\u00e1s globalizado y competitivo como en el que vivimos debemos aprovechar los mejores recursos que est\u00e1n a nuestro alcance. Por eso la diversidad es una oportunidad que tenemos que aprovechar ya que las personas son el recurso m\u00e1s valioso que cualquier organizaci\u00f3n puede tener.<\/p>\n","protected":false},"excerpt":{"rendered":"<p>\u00bfTe has preguntado alguna vez de qu\u00e9 color es el talento o en qu\u00e9 franja de edad se<a class=\"moretag\" href=\"https:\/\/empresas.infoempleo.com\/hrtrends\/mirando-hacia-la-diversidad\/\"> Leer m\u00e1s<\/a><\/p>\n","protected":false},"author":100,"featured_media":29314,"comment_status":"closed","ping_status":"open","sticky":false,"template":"","format":"standard","meta":{"footnotes":""},"categories":[3],"tags":[1238,409],"class_list":["post-29313","post","type-post","status-publish","format-standard","has-post-thumbnail","hentry","category-actualidad","tag-diversidad","tag-equipo"],"yoast_head":"<!-- This site is optimized with the Yoast SEO plugin v26.1.1 - https:\/\/yoast.com\/wordpress\/plugins\/seo\/ -->\n<title>Mirando hacia la diversidad<\/title>\n<meta name=\"description\" content=\"Las labores de RRHH son fomentar, dise\u00f1ar y proponer esos rasgos culturales y pol\u00edticas que potencien la atracci\u00f3n de talento diverso y la inclusi\u00f3n\" \/>\n<meta name=\"robots\" content=\"index, follow, max-snippet:-1, max-image-preview:large, max-video-preview:-1\" \/>\n<link rel=\"canonical\" href=\"https:\/\/empresas.infoempleo.com\/hrtrends\/mirando-hacia-la-diversidad\/\" \/>\n<meta property=\"og:locale\" content=\"es_ES\" \/>\n<meta property=\"og:type\" content=\"article\" \/>\n<meta property=\"og:title\" content=\"Mirando hacia la diversidad\" \/>\n<meta property=\"og:description\" content=\"Las labores de RRHH son fomentar, dise\u00f1ar y proponer esos rasgos culturales y pol\u00edticas que potencien la atracci\u00f3n de talento diverso y la inclusi\u00f3n\" \/>\n<meta property=\"og:url\" content=\"https:\/\/empresas.infoempleo.com\/hrtrends\/mirando-hacia-la-diversidad\/\" \/>\n<meta property=\"og:site_name\" content=\"HRTRENDS\" \/>\n<meta property=\"article:publisher\" content=\"https:\/\/www.facebook.com\/Infoempleo\" \/>\n<meta property=\"article:published_time\" content=\"2017-04-04T09:51:42+00:00\" \/>\n<meta property=\"article:modified_time\" content=\"2018-05-23T14:49:50+00:00\" \/>\n<meta property=\"og:image\" content=\"https:\/\/empresas.infoempleo.com\/hrtrends\/media\/2017\/04\/equipo-multicultural-e1495707690809.jpg\" \/>\n\t<meta property=\"og:image:width\" content=\"800\" \/>\n\t<meta property=\"og:image:height\" content=\"533\" \/>\n\t<meta property=\"og:image:type\" content=\"image\/jpeg\" \/>\n<meta name=\"author\" content=\"Marta Rodr\u00edguez\" \/>\n<meta name=\"twitter:card\" content=\"summary_large_image\" \/>\n<meta name=\"twitter:creator\" content=\"@infoempleo\" \/>\n<meta name=\"twitter:site\" content=\"@infoempleo\" \/>\n<meta name=\"twitter:label1\" content=\"Escrito por\" \/>\n\t<meta name=\"twitter:data1\" content=\"Marta Rodr\u00edguez\" \/>\n\t<meta name=\"twitter:label2\" content=\"Tiempo de lectura\" \/>\n\t<meta name=\"twitter:data2\" content=\"3 minutos\" \/>\n<script type=\"application\/ld+json\" class=\"yoast-schema-graph\">{\"@context\":\"https:\/\/schema.org\",\"@graph\":[{\"@type\":\"NewsArticle\",\"@id\":\"https:\/\/empresas.infoempleo.com\/hrtrends\/mirando-hacia-la-diversidad\/#article\",\"isPartOf\":{\"@id\":\"https:\/\/empresas.infoempleo.com\/hrtrends\/mirando-hacia-la-diversidad\/\"},\"author\":{\"name\":\"Marta Rodr\u00edguez\",\"@id\":\"https:\/\/empresas.infoempleo.com\/hrtrends\/#\/schema\/person\/2777477b97018e2fce9d3fa929b09f74\"},\"headline\":\"Mirando hacia la diversidad\",\"datePublished\":\"2017-04-04T09:51:42+00:00\",\"dateModified\":\"2018-05-23T14:49:50+00:00\",\"mainEntityOfPage\":{\"@id\":\"https:\/\/empresas.infoempleo.com\/hrtrends\/mirando-hacia-la-diversidad\/\"},\"wordCount\":636,\"publisher\":{\"@id\":\"https:\/\/empresas.infoempleo.com\/hrtrends\/#organization\"},\"image\":{\"@id\":\"https:\/\/empresas.infoempleo.com\/hrtrends\/mirando-hacia-la-diversidad\/#primaryimage\"},\"thumbnailUrl\":\"https:\/\/empresas.infoempleo.com\/hrtrends\/media\/2017\/04\/equipo-multicultural-e1495707690809.jpg\",\"keywords\":[\"Diversidad\",\"equipo\"],\"articleSection\":[\"Actualidad\"],\"inLanguage\":\"es\",\"copyrightYear\":\"2017\",\"copyrightHolder\":{\"@id\":\"https:\/\/empresas.infoempleo.com\/hrtrends\/#organization\"}},{\"@type\":\"WebPage\",\"@id\":\"https:\/\/empresas.infoempleo.com\/hrtrends\/mirando-hacia-la-diversidad\/\",\"url\":\"https:\/\/empresas.infoempleo.com\/hrtrends\/mirando-hacia-la-diversidad\/\",\"name\":\"Mirando hacia la diversidad\",\"isPartOf\":{\"@id\":\"https:\/\/empresas.infoempleo.com\/hrtrends\/#website\"},\"primaryImageOfPage\":{\"@id\":\"https:\/\/empresas.infoempleo.com\/hrtrends\/mirando-hacia-la-diversidad\/#primaryimage\"},\"image\":{\"@id\":\"https:\/\/empresas.infoempleo.com\/hrtrends\/mirando-hacia-la-diversidad\/#primaryimage\"},\"thumbnailUrl\":\"https:\/\/empresas.infoempleo.com\/hrtrends\/media\/2017\/04\/equipo-multicultural-e1495707690809.jpg\",\"datePublished\":\"2017-04-04T09:51:42+00:00\",\"dateModified\":\"2018-05-23T14:49:50+00:00\",\"description\":\"Las labores de RRHH son fomentar, dise\u00f1ar y proponer esos rasgos culturales y pol\u00edticas que potencien la atracci\u00f3n de talento diverso y la inclusi\u00f3n\",\"breadcrumb\":{\"@id\":\"https:\/\/empresas.infoempleo.com\/hrtrends\/mirando-hacia-la-diversidad\/#breadcrumb\"},\"inLanguage\":\"es\",\"potentialAction\":[{\"@type\":\"ReadAction\",\"target\":[\"https:\/\/empresas.infoempleo.com\/hrtrends\/mirando-hacia-la-diversidad\/\"]}]},{\"@type\":\"ImageObject\",\"inLanguage\":\"es\",\"@id\":\"https:\/\/empresas.infoempleo.com\/hrtrends\/mirando-hacia-la-diversidad\/#primaryimage\",\"url\":\"https:\/\/empresas.infoempleo.com\/hrtrends\/media\/2017\/04\/equipo-multicultural-e1495707690809-150x150.jpg\",\"contentUrl\":\"https:\/\/empresas.infoempleo.com\/hrtrends\/media\/2017\/04\/equipo-multicultural-e1495707690809-150x150.jpg\",\"width\":150,\"height\":150},{\"@type\":\"BreadcrumbList\",\"@id\":\"https:\/\/empresas.infoempleo.com\/hrtrends\/mirando-hacia-la-diversidad\/#breadcrumb\",\"itemListElement\":[{\"@type\":\"ListItem\",\"position\":1,\"name\":\"Portada\",\"item\":\"https:\/\/empresas.infoempleo.com\/hrtrends\/\"},{\"@type\":\"ListItem\",\"position\":2,\"name\":\"Mirando hacia la diversidad\"}]},{\"@type\":\"WebSite\",\"@id\":\"https:\/\/empresas.infoempleo.com\/hrtrends\/#website\",\"url\":\"https:\/\/empresas.infoempleo.com\/hrtrends\",\"name\":\"HRTrends by Infoempleo\",\"description\":\"\",\"publisher\":{\"@id\":\"https:\/\/empresas.infoempleo.com\/hrtrends\/#organization\"},\"potentialAction\":{\"@type\":\"SearchAction\",\"target\":\"https:\/\/empresas.infoempleo.com\/hrtrends\/?s={search_term_string}\",\"query-input\":\"required name=search_term_string\"},\"inLanguage\":\"es\"},{\"@type\":\"Organization\",\"@id\":\"https:\/\/empresas.infoempleo.com\/hrtrends\/#organization\",\"name\":\"Infoempleo\",\"url\":\"https:\/\/www.infoempleo.com\/\",\"logo\":{\"@type\":\"ImageObject\",\"@id\":\"https:\/\/empresas.infoempleo.com\/hrtrends\/#logo\",\"inLanguage\":\"es\",\"url\":\"https:\/\/cdnazure.infoempleo.com\/infoempleo\/assets\/style\/gfx\/logo.svg\",\"contentUrl\":\"https:\/\/cdnazure.infoempleo.com\/infoempleo\/assets\/style\/gfx\/logo.svg\",\"width\":150,\"height\":40,\"caption\":\"Infoempleo\"},\"image\":{\"@id\":\"https:\/\/empresas.infoempleo.com\/hrtrends\/#logo\"},\"sameAs\":[\"https:\/\/www.facebook.com\/Infoempleo\",\"https:\/\/x.com\/infoempleo\",\"http:\/\/instagram.com\/infoempleo\/\",\"http:\/\/www.linkedin.com\/groups\/Empleo-Espa\u00f1a-Infoempleocom-111276\",\"http:\/\/pinterest.com\/infoempleo\/\"],\"address\":{\"@type\":\"PostalAddress\",\"addressLocality\":\"Madrid\",\"postalCode\":\"28050\",\"streetAddress\":\"Avenida de Burgos 114\"},\"brand\":[\"Infoempleo\"]},{\"@type\":\"Person\",\"@id\":\"https:\/\/empresas.infoempleo.com\/hrtrends\/#\/schema\/person\/2777477b97018e2fce9d3fa929b09f74\",\"name\":\"Marta Rodr\u00edguez\",\"image\":{\"@type\":\"ImageObject\",\"inLanguage\":\"es\",\"@id\":\"https:\/\/empresas.infoempleo.com\/hrtrends\/#\/schema\/person\/image\/\",\"url\":\"https:\/\/secure.gravatar.com\/avatar\/e09dc7948ece1200dec8d7ffc4088e8c7da1994d84dccec2d35fd874f9ddcfc3?s=96&d=mm&r=g\",\"contentUrl\":\"https:\/\/secure.gravatar.com\/avatar\/e09dc7948ece1200dec8d7ffc4088e8c7da1994d84dccec2d35fd874f9ddcfc3?s=96&d=mm&r=g\",\"caption\":\"Marta Rodr\u00edguez\"},\"description\":\"Me apasiona del desarrollo profesional y personal, soy coach y formadora en habilidades. Desde 2004 me dedico a los Recursos Humanos, \u00e1rea que defino como un partner estrat\u00e9gico del negocio capaz de potenciar la consecuci\u00f3n de los objetivos corporativos y el desarrollo del talento de los trabajadores. Estudi\u00e9 Turismo y Ciencias del Trabajo en Madrid y curs\u00e9 el Master de Direcci\u00f3n de Recursos Humanos y Desarrollo Internacional en la Universidad de Manchester (UK). Soy fundadora de Ella Coaching (www.ellacoaching.es) y Consultora Asociada de Actit\u00fadine. Colaboro con ESIC y con Infoempleo de manera habitual.\",\"url\":\"https:\/\/empresas.infoempleo.com\/hrtrends\/author\/marta-rodriguez\/\"}]}<\/script>\n<!-- \/ Yoast SEO plugin. -->","yoast_head_json":{"title":"Mirando hacia la diversidad","description":"Las labores de RRHH son fomentar, dise\u00f1ar y proponer esos rasgos culturales y pol\u00edticas que potencien la atracci\u00f3n de talento diverso y la inclusi\u00f3n","robots":{"index":"index","follow":"follow","max-snippet":"max-snippet:-1","max-image-preview":"max-image-preview:large","max-video-preview":"max-video-preview:-1"},"canonical":"https:\/\/empresas.infoempleo.com\/hrtrends\/mirando-hacia-la-diversidad\/","og_locale":"es_ES","og_type":"article","og_title":"Mirando hacia la diversidad","og_description":"Las labores de RRHH son fomentar, dise\u00f1ar y proponer esos rasgos culturales y pol\u00edticas que potencien la atracci\u00f3n de talento diverso y la inclusi\u00f3n","og_url":"https:\/\/empresas.infoempleo.com\/hrtrends\/mirando-hacia-la-diversidad\/","og_site_name":"HRTRENDS","article_publisher":"https:\/\/www.facebook.com\/Infoempleo","article_published_time":"2017-04-04T09:51:42+00:00","article_modified_time":"2018-05-23T14:49:50+00:00","og_image":[{"width":800,"height":533,"url":"https:\/\/empresas.infoempleo.com\/hrtrends\/media\/2017\/04\/equipo-multicultural-e1495707690809.jpg","type":"image\/jpeg"}],"author":"Marta Rodr\u00edguez","twitter_card":"summary_large_image","twitter_creator":"@infoempleo","twitter_site":"@infoempleo","twitter_misc":{"Escrito por":"Marta Rodr\u00edguez","Tiempo de lectura":"3 minutos"},"schema":{"@context":"https:\/\/schema.org","@graph":[{"@type":"NewsArticle","@id":"https:\/\/empresas.infoempleo.com\/hrtrends\/mirando-hacia-la-diversidad\/#article","isPartOf":{"@id":"https:\/\/empresas.infoempleo.com\/hrtrends\/mirando-hacia-la-diversidad\/"},"author":{"name":"Marta Rodr\u00edguez","@id":"https:\/\/empresas.infoempleo.com\/hrtrends\/#\/schema\/person\/2777477b97018e2fce9d3fa929b09f74"},"headline":"Mirando hacia la diversidad","datePublished":"2017-04-04T09:51:42+00:00","dateModified":"2018-05-23T14:49:50+00:00","mainEntityOfPage":{"@id":"https:\/\/empresas.infoempleo.com\/hrtrends\/mirando-hacia-la-diversidad\/"},"wordCount":636,"publisher":{"@id":"https:\/\/empresas.infoempleo.com\/hrtrends\/#organization"},"image":{"@id":"https:\/\/empresas.infoempleo.com\/hrtrends\/mirando-hacia-la-diversidad\/#primaryimage"},"thumbnailUrl":"https:\/\/empresas.infoempleo.com\/hrtrends\/media\/2017\/04\/equipo-multicultural-e1495707690809.jpg","keywords":["Diversidad","equipo"],"articleSection":["Actualidad"],"inLanguage":"es","copyrightYear":"2017","copyrightHolder":{"@id":"https:\/\/empresas.infoempleo.com\/hrtrends\/#organization"}},{"@type":"WebPage","@id":"https:\/\/empresas.infoempleo.com\/hrtrends\/mirando-hacia-la-diversidad\/","url":"https:\/\/empresas.infoempleo.com\/hrtrends\/mirando-hacia-la-diversidad\/","name":"Mirando hacia la diversidad","isPartOf":{"@id":"https:\/\/empresas.infoempleo.com\/hrtrends\/#website"},"primaryImageOfPage":{"@id":"https:\/\/empresas.infoempleo.com\/hrtrends\/mirando-hacia-la-diversidad\/#primaryimage"},"image":{"@id":"https:\/\/empresas.infoempleo.com\/hrtrends\/mirando-hacia-la-diversidad\/#primaryimage"},"thumbnailUrl":"https:\/\/empresas.infoempleo.com\/hrtrends\/media\/2017\/04\/equipo-multicultural-e1495707690809.jpg","datePublished":"2017-04-04T09:51:42+00:00","dateModified":"2018-05-23T14:49:50+00:00","description":"Las labores de RRHH son fomentar, dise\u00f1ar y proponer esos rasgos culturales y pol\u00edticas que potencien la atracci\u00f3n de talento diverso y la inclusi\u00f3n","breadcrumb":{"@id":"https:\/\/empresas.infoempleo.com\/hrtrends\/mirando-hacia-la-diversidad\/#breadcrumb"},"inLanguage":"es","potentialAction":[{"@type":"ReadAction","target":["https:\/\/empresas.infoempleo.com\/hrtrends\/mirando-hacia-la-diversidad\/"]}]},{"@type":"ImageObject","inLanguage":"es","@id":"https:\/\/empresas.infoempleo.com\/hrtrends\/mirando-hacia-la-diversidad\/#primaryimage","url":"https:\/\/empresas.infoempleo.com\/hrtrends\/media\/2017\/04\/equipo-multicultural-e1495707690809-150x150.jpg","contentUrl":"https:\/\/empresas.infoempleo.com\/hrtrends\/media\/2017\/04\/equipo-multicultural-e1495707690809-150x150.jpg","width":150,"height":150},{"@type":"BreadcrumbList","@id":"https:\/\/empresas.infoempleo.com\/hrtrends\/mirando-hacia-la-diversidad\/#breadcrumb","itemListElement":[{"@type":"ListItem","position":1,"name":"Portada","item":"https:\/\/empresas.infoempleo.com\/hrtrends\/"},{"@type":"ListItem","position":2,"name":"Mirando hacia la diversidad"}]},{"@type":"WebSite","@id":"https:\/\/empresas.infoempleo.com\/hrtrends\/#website","url":"https:\/\/empresas.infoempleo.com\/hrtrends","name":"HRTrends by Infoempleo","description":"","publisher":{"@id":"https:\/\/empresas.infoempleo.com\/hrtrends\/#organization"},"potentialAction":{"@type":"SearchAction","target":"https:\/\/empresas.infoempleo.com\/hrtrends\/?s={search_term_string}","query-input":"required name=search_term_string"},"inLanguage":"es"},{"@type":"Organization","@id":"https:\/\/empresas.infoempleo.com\/hrtrends\/#organization","name":"Infoempleo","url":"https:\/\/www.infoempleo.com\/","logo":{"@type":"ImageObject","@id":"https:\/\/empresas.infoempleo.com\/hrtrends\/#logo","inLanguage":"es","url":"https:\/\/cdnazure.infoempleo.com\/infoempleo\/assets\/style\/gfx\/logo.svg","contentUrl":"https:\/\/cdnazure.infoempleo.com\/infoempleo\/assets\/style\/gfx\/logo.svg","width":150,"height":40,"caption":"Infoempleo"},"image":{"@id":"https:\/\/empresas.infoempleo.com\/hrtrends\/#logo"},"sameAs":["https:\/\/www.facebook.com\/Infoempleo","https:\/\/x.com\/infoempleo","http:\/\/instagram.com\/infoempleo\/","http:\/\/www.linkedin.com\/groups\/Empleo-Espa\u00f1a-Infoempleocom-111276","http:\/\/pinterest.com\/infoempleo\/"],"address":{"@type":"PostalAddress","addressLocality":"Madrid","postalCode":"28050","streetAddress":"Avenida de Burgos 114"},"brand":["Infoempleo"]},{"@type":"Person","@id":"https:\/\/empresas.infoempleo.com\/hrtrends\/#\/schema\/person\/2777477b97018e2fce9d3fa929b09f74","name":"Marta Rodr\u00edguez","image":{"@type":"ImageObject","inLanguage":"es","@id":"https:\/\/empresas.infoempleo.com\/hrtrends\/#\/schema\/person\/image\/","url":"https:\/\/secure.gravatar.com\/avatar\/e09dc7948ece1200dec8d7ffc4088e8c7da1994d84dccec2d35fd874f9ddcfc3?s=96&d=mm&r=g","contentUrl":"https:\/\/secure.gravatar.com\/avatar\/e09dc7948ece1200dec8d7ffc4088e8c7da1994d84dccec2d35fd874f9ddcfc3?s=96&d=mm&r=g","caption":"Marta Rodr\u00edguez"},"description":"Me apasiona del desarrollo profesional y personal, soy coach y formadora en habilidades. Desde 2004 me dedico a los Recursos Humanos, \u00e1rea que defino como un partner estrat\u00e9gico del negocio capaz de potenciar la consecuci\u00f3n de los objetivos corporativos y el desarrollo del talento de los trabajadores. Estudi\u00e9 Turismo y Ciencias del Trabajo en Madrid y curs\u00e9 el Master de Direcci\u00f3n de Recursos Humanos y Desarrollo Internacional en la Universidad de Manchester (UK). Soy fundadora de Ella Coaching (www.ellacoaching.es) y Consultora Asociada de Actit\u00fadine. Colaboro con ESIC y con Infoempleo de manera habitual.","url":"https:\/\/empresas.infoempleo.com\/hrtrends\/author\/marta-rodriguez\/"}]}},"amp_enabled":true,"_links":{"self":[{"href":"https:\/\/empresas.infoempleo.com\/hrtrends\/wp-json\/wp\/v2\/posts\/29313","targetHints":{"allow":["GET"]}}],"collection":[{"href":"https:\/\/empresas.infoempleo.com\/hrtrends\/wp-json\/wp\/v2\/posts"}],"about":[{"href":"https:\/\/empresas.infoempleo.com\/hrtrends\/wp-json\/wp\/v2\/types\/post"}],"author":[{"embeddable":true,"href":"https:\/\/empresas.infoempleo.com\/hrtrends\/wp-json\/wp\/v2\/users\/100"}],"replies":[{"embeddable":true,"href":"https:\/\/empresas.infoempleo.com\/hrtrends\/wp-json\/wp\/v2\/comments?post=29313"}],"version-history":[{"count":0,"href":"https:\/\/empresas.infoempleo.com\/hrtrends\/wp-json\/wp\/v2\/posts\/29313\/revisions"}],"wp:featuredmedia":[{"embeddable":true,"href":"https:\/\/empresas.infoempleo.com\/hrtrends\/wp-json\/wp\/v2\/media\/29314"}],"wp:attachment":[{"href":"https:\/\/empresas.infoempleo.com\/hrtrends\/wp-json\/wp\/v2\/media?parent=29313"}],"wp:term":[{"taxonomy":"category","embeddable":true,"href":"https:\/\/empresas.infoempleo.com\/hrtrends\/wp-json\/wp\/v2\/categories?post=29313"},{"taxonomy":"post_tag","embeddable":true,"href":"https:\/\/empresas.infoempleo.com\/hrtrends\/wp-json\/wp\/v2\/tags?post=29313"}],"curies":[{"name":"wp","href":"https:\/\/api.w.org\/{rel}","templated":true}]}}