{"id":29055,"date":"2017-02-24T07:30:51","date_gmt":"2017-02-24T06:30:51","guid":{"rendered":"http:\/\/blog.infoempleo.com\/?post_type=post&#038;p=29055"},"modified":"2023-03-13T19:14:10","modified_gmt":"2023-03-13T17:14:10","slug":"consecuencias-de-reclutar-de-forma-erronea","status":"publish","type":"post","link":"https:\/\/empresas.infoempleo.com\/hrtrends\/consecuencias-de-reclutar-de-forma-erronea\/","title":{"rendered":"Consecuencias de reclutar de forma err\u00f3nea"},"content":{"rendered":"<p>A casi nadie le cabe ya la menor duda de que <strong>el principal valor de la empresa es su capital humano<\/strong>. Y esto es algo que desde Metta Soluciones saben bien. Formar <strong>equipos de trabajo que consiguen objetivos<\/strong> en el tiempo establecido. Tener responsables que sepan <strong>motivar a la plantilla<\/strong> e inculcar los valores de la compa\u00f1\u00eda favoreciendo el <a href=\"https:\/\/empresas.infoempleo.com\/hrtrends\/generar-mas-engagement-tus-empleados\/\"><em>engagement<\/em><\/a>. Empleados que se saben valorados y fidelizan\u00a0 gracias a un <strong>alto grado de satisfacci\u00f3n<\/strong> de la empresa\u2026Sin embargo a la hora de incorporar a una persona en la empresa, \u00bfse hace lo suficiente para evitar las <strong>consecuencias de los errores que se cometen al reclutar<\/strong>?<\/p>\n<p><!--more--><\/p>\n<h2>Principales errores en el proceso de selecci\u00f3n<\/h2>\n<p>No tener un buen m\u00e9todo de selecci\u00f3n y reclutamiento puede desencadenar una serie de errores que conlleven p\u00e9rdidas de tiempo, dinero, imagen y clima laboral, entre otras. En Metta Soluciones llevan a cabo procesos para gestionar candidatos\u00a0para evitar todas estas complicaciones.<\/p>\n<p>Entre los principales errores en los que se incurre se encuentra <strong>no definir bien el perfil<\/strong> para cubrir el puesto que se est\u00e1 buscando. Limitarse a filtrar a los candidatos por el nivel de formaci\u00f3n y la experiencia sin tener en cuenta otras caracter\u00edsticas como las aptitudes, el perfil psicol\u00f3gico, las habilidades sociales, las destrezas en la comunicaci\u00f3n y ver de qu\u00e9 forma encajar\u00e1 en la empresa puede tener consecuencias muy negativas. Desde la <a href=\"https:\/\/empresas.infoempleo.com\/hrtrends\/mas-titulacion-sobrecualificacion\/\">contrataci\u00f3n de personal sobrecualificado<\/a> hasta dar con alguien con serias dificultades para alcanzar el nivel exigido. <strong>La urgencia por encontrar en buen profesional<\/strong> desembocar\u00e1 en una elecci\u00f3n apresurada e improvisada que puede traer desventajas y p\u00e9rdidas. Se tender\u00e1 a\u00a0 acudir a t\u00e9cnicas de reclutamiento muy manidas y poco creativas, sin darle oportunidad a nuevas t\u00e9cnicas que valoran mejor el potencial que tiene un candidato.<\/p>\n<p>Antonio Corrales, Director de zona de Metta Soluciones explica la importancia para la selecci\u00f3n de un candidato de proporcionar el m\u00e1ximo de informaci\u00f3n de tu perfil.\u00a0 \u00ab<em>A la hora de seleccionar un candidato y especialmente con aquellos profesionales de perfil t\u00e9cnico (ingenieros industriales\/inform\u00e1ticos, controller financiero, electromec\u00e1nicos, jefes de proyecto\u2026) desde Metta Soluciones consideramos fundamental la implicaci\u00f3n del candidato con la oferta. \u00bfA qu\u00e9 nos referimos? Valoramos mucho aquellas candidaturas que cuenta con un perfil completo en Infoempleo, totalmente actualizado y que aportan adem\u00e1s de su CV una buena carta de presentaci\u00f3n. Tambi\u00e9n agiliza el proceso y beneficia a todas las partes inscribirse exclusivamente en aquellas ofertas en las que se tiene un inter\u00e9s real, y cuyas condiciones profesionales\/contractuales se adecuan a lo que el candidato busca.<\/em>\u00bb<\/p>\n<p>Otro de los errores comunes es <strong>no rastrear talento en las entra\u00f1as de la empresa<\/strong>. Buscar fuera puede estar bien si ya se han explorado todas las posibilidades entre el personal y no se encuentra el perfil que se necesita. Pero <strong>desaprovechar el talento<\/strong> que pueda haber dentro de la empresa es una equivocaci\u00f3n. La ventaja se produce tanto en\u00a0 el ahorro en costes del proceso de selecci\u00f3n como de la integraci\u00f3n en los valores, misi\u00f3n y visi\u00f3n de la empresa. Un camino que el empleado ya ha recorrido.<\/p>\n<p><img loading=\"lazy\" decoding=\"async\" class=\"aligncenter wp-image-29059\" src=\"https:\/\/empresas.infoempleo.com\/hrtrends\/media\/2017\/02\/ThinkstockPhotos-491115926.jpg\" alt=\"thinkstockphotos-491115926\" width=\"377\" height=\"251\" srcset=\"https:\/\/empresas.infoempleo.com\/hrtrends\/media\/2017\/02\/ThinkstockPhotos-491115926.jpg 881w, https:\/\/empresas.infoempleo.com\/hrtrends\/media\/2017\/02\/ThinkstockPhotos-491115926-300x200.jpg 300w, https:\/\/empresas.infoempleo.com\/hrtrends\/media\/2017\/02\/ThinkstockPhotos-491115926-768x513.jpg 768w\" sizes=\"auto, (max-width: 377px) 100vw, 377px\" \/><\/p>\n<h2>\u00bfQu\u00e9 consecuencias puede tener una mala decisi\u00f3n a la hora de reclutar?<\/h2>\n<p>Equivocarse en la elecci\u00f3n de un nuevo empleado ocasionar\u00e1 p\u00e9rdidas a diferentes niveles. Se producir\u00e1 un <strong>coste econ\u00f3mico<\/strong> que en t\u00e9rminos de\u00a0 retorno de la inversi\u00f3n no ser\u00e1 rentable. Y provocar\u00e1 <strong>crisis en la confianza<\/strong>. Estas ser\u00e1n algunas de los efectos negativos:<\/p>\n<ul>\n<li><strong>P\u00e9rdida de productividad<\/strong> durante el proceso de integraci\u00f3n. Esta p\u00e9rdida es normal en las <a href=\"https:\/\/empresas.infoempleo.com\/hrtrends\/onboarding-comite-bienvenida-nuevo\/\">nuevas incorporaciones<\/a> pero si la <strong>curva de aprendizaje es demasiado lenta<\/strong> porque la integraci\u00f3n est\u00e1 siendo problem\u00e1tica la rentabilidad de la operaci\u00f3n puede verse seriamente da\u00f1ada y provocar un estr\u00e9s adicional en todos los implicados.<\/li>\n<li><strong>Costes administrativos<\/strong> que supone la selecci\u00f3n y contrataci\u00f3n. Adem\u00e1s de los derivados de un eventual despido.<\/li>\n<li><strong>Descenso en la confianza<\/strong> del resto de actores que forman el ecosistema de la compa\u00f1\u00eda. Y la confianza en una empresa afecta tanto a los empleados como a los clientes, proveedores y socios. El descr\u00e9dito est\u00e1 directamente vinculado con el descenso de los beneficios.<\/li>\n<li><strong>Aumento de la rotaci\u00f3n.<\/strong> Si el error no se corrige a tiempo, no se afina en ajustar y mejorar el proceso de selecci\u00f3n de nuevas incorporaciones puede que esta inestabilidad en el personal sea demasiado recurrente. Se ver\u00e1 afectada la productividad y la imagen. La pregunta se producir\u00e1 de forma autom\u00e1tica: \u00bfpor qu\u00e9 cambian tanto de responsables?.<\/li>\n<li><strong>Mal ambiente. <\/strong>La integraci\u00f3n inadecuada de una persona en un tiempo l\u00f3gico a los ritmos de la empresa, a su cultura, provocar\u00e1 de forma inevitable un mal clima laboral. <strong>Se pondr\u00e1 en cuesti\u00f3n las razones para incorporarla<\/strong> alegando enchufismo. Este clima de negatividad afectar\u00e1 tanto al resto de la plantilla como al reci\u00e9n llegado que no se encontrar\u00e1 tampoco c\u00f3modo para dar lo mejor de s\u00ed.<\/li>\n<\/ul>\n<h2>C\u00f3mo evitarlo<\/h2>\n<p>Explorando <strong>nuevas formas de reclutamiento<\/strong> como la b\u00fasqueda de <a href=\"https:\/\/empresas.infoempleo.com\/hrtrends\/porque-las-empresas-se-mueren-por-reclutar-candidatos-pasivos\/\">candidatos pasivos<\/a> a trav\u00e9s del <a href=\"https:\/\/empresas.infoempleo.com\/hrtrends\/tendencias-reclutamiento-inbound-recruiting\/\"><em>inboud recruiting<\/em><\/a>. Establecer un <strong>plan para el reclutamiento<\/strong> sujeto a mejoras conforme se hayan detectado errores en el proceso. Tener un equipo competente para estas labores con conocimientos suficientes que sean expertos en analizar las habilidades y necesidades que requiere el puesto y el tipo de persona que mejor desempe\u00f1o puede obtener. Evitar dejarlo todo a terceros. Aprovechar el talento interno ahorrar\u00e1 en coste de adaptaci\u00f3n a la vez que <strong>incrementar\u00e1 la satisfacci\u00f3n en el resto de empleados<\/strong> que ven un horizonte profesional ampliado dentro de la empresa.<\/p>\n<p>Desde la ETT Metta Soluciones apuestan por agilizar al m\u00e1ximo el proceso, \u00ab<em>desde nuestra compa\u00f1\u00eda procuramos aportar la descripci\u00f3n m\u00e1s exacta posible de la posici\u00f3n, de tal manera que todas las partes implicadas (candidato, empresa finalista y Metta Soluciones) alcancen sus objetivos de contrataci\u00f3n en el menor tiempo posible. Animamos a los candidatos a referir de la forma m\u00e1s exacta posible sus expectativas laborales (posici\u00f3n de inter\u00e9s, disponibilidad horaria\/para viajar, salario, tipo de contrato\u2026). Como herramienta integral de b\u00fasqueda de empleo, Infoempleo permite se\u00f1alar todo ello en unos cuantos clic.<\/em>\u00ab, aclara Antonio Corrales.<\/p>\n","protected":false},"excerpt":{"rendered":"<p>A casi nadie le cabe ya la menor duda de que el principal valor de la empresa es<a class=\"moretag\" href=\"https:\/\/empresas.infoempleo.com\/hrtrends\/consecuencias-de-reclutar-de-forma-erronea\/\"> Leer m\u00e1s<\/a><\/p>\n","protected":false},"author":29,"featured_media":29058,"comment_status":"closed","ping_status":"open","sticky":false,"template":"templates\/fl-post-right-sidebar-promo-one.php","format":"standard","meta":{"footnotes":""},"categories":[3],"tags":[2442,70,89],"class_list":["post-29055","post","type-post","status-publish","format-standard","has-post-thumbnail","hentry","category-actualidad","tag-reclutamiento","tag-rrhh","tag-talento"],"yoast_head":"<!-- This site is optimized with the Yoast SEO plugin v26.1.1 - https:\/\/yoast.com\/wordpress\/plugins\/seo\/ -->\n<title>Consecuencias de reclutar de forma err\u00f3nea | HRTRENDS<\/title>\n<meta name=\"description\" content=\"A la hora de incorporar a una persona en la empresa, \u00bfse hace lo suficiente para evitar las consecuencias de los errores que se cometen al reclutar?\" \/>\n<meta name=\"robots\" content=\"index, follow, max-snippet:-1, max-image-preview:large, max-video-preview:-1\" \/>\n<link rel=\"canonical\" href=\"https:\/\/empresas.infoempleo.com\/hrtrends\/consecuencias-de-reclutar-de-forma-erronea\/\" \/>\n<meta property=\"og:locale\" content=\"es_ES\" \/>\n<meta property=\"og:type\" content=\"article\" \/>\n<meta property=\"og:title\" content=\"Consecuencias de reclutar de forma err\u00f3nea | HRTRENDS\" \/>\n<meta property=\"og:description\" content=\"A la hora de incorporar a una persona en la empresa, \u00bfse hace lo suficiente para evitar las consecuencias de los errores que se cometen al reclutar?\" \/>\n<meta property=\"og:url\" content=\"https:\/\/empresas.infoempleo.com\/hrtrends\/consecuencias-de-reclutar-de-forma-erronea\/\" \/>\n<meta property=\"og:site_name\" content=\"HRTRENDS\" \/>\n<meta property=\"article:publisher\" content=\"https:\/\/www.facebook.com\/Infoempleo\" \/>\n<meta property=\"article:published_time\" content=\"2017-02-24T06:30:51+00:00\" \/>\n<meta property=\"article:modified_time\" content=\"2023-03-13T17:14:10+00:00\" \/>\n<meta property=\"og:image\" content=\"https:\/\/empresas.infoempleo.com\/hrtrends\/media\/2017\/02\/ThinkstockPhotos-482217549.jpg\" \/>\n\t<meta property=\"og:image:width\" content=\"881\" \/>\n\t<meta property=\"og:image:height\" content=\"661\" \/>\n\t<meta property=\"og:image:type\" content=\"image\/jpeg\" \/>\n<meta name=\"author\" content=\"Luisa Carrasco\" \/>\n<meta name=\"twitter:card\" content=\"summary_large_image\" \/>\n<meta name=\"twitter:creator\" content=\"@infoempleo\" \/>\n<meta name=\"twitter:site\" content=\"@infoempleo\" \/>\n<meta name=\"twitter:label1\" content=\"Escrito por\" \/>\n\t<meta name=\"twitter:data1\" content=\"Luisa Carrasco\" \/>\n\t<meta name=\"twitter:label2\" content=\"Tiempo de lectura\" \/>\n\t<meta name=\"twitter:data2\" content=\"5 minutos\" \/>\n<script type=\"application\/ld+json\" class=\"yoast-schema-graph\">{\"@context\":\"https:\/\/schema.org\",\"@graph\":[{\"@type\":\"NewsArticle\",\"@id\":\"https:\/\/empresas.infoempleo.com\/hrtrends\/consecuencias-de-reclutar-de-forma-erronea\/#article\",\"isPartOf\":{\"@id\":\"https:\/\/empresas.infoempleo.com\/hrtrends\/consecuencias-de-reclutar-de-forma-erronea\/\"},\"author\":{\"name\":\"Luisa Carrasco\",\"@id\":\"https:\/\/empresas.infoempleo.com\/hrtrends\/#\/schema\/person\/32ca57975913668419d075627a98dafe\"},\"headline\":\"Consecuencias de reclutar de forma err\u00f3nea\",\"datePublished\":\"2017-02-24T06:30:51+00:00\",\"dateModified\":\"2023-03-13T17:14:10+00:00\",\"mainEntityOfPage\":{\"@id\":\"https:\/\/empresas.infoempleo.com\/hrtrends\/consecuencias-de-reclutar-de-forma-erronea\/\"},\"wordCount\":1078,\"publisher\":{\"@id\":\"https:\/\/empresas.infoempleo.com\/hrtrends\/#organization\"},\"image\":{\"@id\":\"https:\/\/empresas.infoempleo.com\/hrtrends\/consecuencias-de-reclutar-de-forma-erronea\/#primaryimage\"},\"thumbnailUrl\":\"https:\/\/empresas.infoempleo.com\/hrtrends\/media\/2017\/02\/ThinkstockPhotos-482217549.jpg\",\"keywords\":[\"reclutamiento\",\"RRHH\",\"talento\"],\"articleSection\":[\"Actualidad\"],\"inLanguage\":\"es\",\"copyrightYear\":\"2017\",\"copyrightHolder\":{\"@id\":\"https:\/\/empresas.infoempleo.com\/hrtrends\/#organization\"}},{\"@type\":\"WebPage\",\"@id\":\"https:\/\/empresas.infoempleo.com\/hrtrends\/consecuencias-de-reclutar-de-forma-erronea\/\",\"url\":\"https:\/\/empresas.infoempleo.com\/hrtrends\/consecuencias-de-reclutar-de-forma-erronea\/\",\"name\":\"Consecuencias de reclutar de forma err\u00f3nea | HRTRENDS\",\"isPartOf\":{\"@id\":\"https:\/\/empresas.infoempleo.com\/hrtrends\/#website\"},\"primaryImageOfPage\":{\"@id\":\"https:\/\/empresas.infoempleo.com\/hrtrends\/consecuencias-de-reclutar-de-forma-erronea\/#primaryimage\"},\"image\":{\"@id\":\"https:\/\/empresas.infoempleo.com\/hrtrends\/consecuencias-de-reclutar-de-forma-erronea\/#primaryimage\"},\"thumbnailUrl\":\"https:\/\/empresas.infoempleo.com\/hrtrends\/media\/2017\/02\/ThinkstockPhotos-482217549.jpg\",\"datePublished\":\"2017-02-24T06:30:51+00:00\",\"dateModified\":\"2023-03-13T17:14:10+00:00\",\"description\":\"A la hora de incorporar a una persona en la empresa, \u00bfse hace lo suficiente para evitar las consecuencias de los errores que se cometen al reclutar?\",\"breadcrumb\":{\"@id\":\"https:\/\/empresas.infoempleo.com\/hrtrends\/consecuencias-de-reclutar-de-forma-erronea\/#breadcrumb\"},\"inLanguage\":\"es\",\"potentialAction\":[{\"@type\":\"ReadAction\",\"target\":[\"https:\/\/empresas.infoempleo.com\/hrtrends\/consecuencias-de-reclutar-de-forma-erronea\/\"]}]},{\"@type\":\"ImageObject\",\"inLanguage\":\"es\",\"@id\":\"https:\/\/empresas.infoempleo.com\/hrtrends\/consecuencias-de-reclutar-de-forma-erronea\/#primaryimage\",\"url\":\"https:\/\/empresas.infoempleo.com\/hrtrends\/media\/2017\/02\/ThinkstockPhotos-482217549-150x150.jpg\",\"contentUrl\":\"https:\/\/empresas.infoempleo.com\/hrtrends\/media\/2017\/02\/ThinkstockPhotos-482217549-150x150.jpg\",\"width\":150,\"height\":150,\"caption\":\"Consecuencias de reclutar de forma err\u00f3nea\"},{\"@type\":\"BreadcrumbList\",\"@id\":\"https:\/\/empresas.infoempleo.com\/hrtrends\/consecuencias-de-reclutar-de-forma-erronea\/#breadcrumb\",\"itemListElement\":[{\"@type\":\"ListItem\",\"position\":1,\"name\":\"Portada\",\"item\":\"https:\/\/empresas.infoempleo.com\/hrtrends\/\"},{\"@type\":\"ListItem\",\"position\":2,\"name\":\"Consecuencias de reclutar de forma err\u00f3nea\"}]},{\"@type\":\"WebSite\",\"@id\":\"https:\/\/empresas.infoempleo.com\/hrtrends\/#website\",\"url\":\"https:\/\/empresas.infoempleo.com\/hrtrends\",\"name\":\"HRTrends by Infoempleo\",\"description\":\"\",\"publisher\":{\"@id\":\"https:\/\/empresas.infoempleo.com\/hrtrends\/#organization\"},\"potentialAction\":{\"@type\":\"SearchAction\",\"target\":\"https:\/\/empresas.infoempleo.com\/hrtrends\/?s={search_term_string}\",\"query-input\":\"required name=search_term_string\"},\"inLanguage\":\"es\"},{\"@type\":\"Organization\",\"@id\":\"https:\/\/empresas.infoempleo.com\/hrtrends\/#organization\",\"name\":\"Infoempleo\",\"url\":\"https:\/\/www.infoempleo.com\/\",\"logo\":{\"@type\":\"ImageObject\",\"@id\":\"https:\/\/empresas.infoempleo.com\/hrtrends\/#logo\",\"inLanguage\":\"es\",\"url\":\"https:\/\/cdnazure.infoempleo.com\/infoempleo\/assets\/style\/gfx\/logo.svg\",\"contentUrl\":\"https:\/\/cdnazure.infoempleo.com\/infoempleo\/assets\/style\/gfx\/logo.svg\",\"width\":150,\"height\":40,\"caption\":\"Infoempleo\"},\"image\":{\"@id\":\"https:\/\/empresas.infoempleo.com\/hrtrends\/#logo\"},\"sameAs\":[\"https:\/\/www.facebook.com\/Infoempleo\",\"https:\/\/x.com\/infoempleo\",\"http:\/\/instagram.com\/infoempleo\/\",\"http:\/\/www.linkedin.com\/groups\/Empleo-Espa\u00f1a-Infoempleocom-111276\",\"http:\/\/pinterest.com\/infoempleo\/\"],\"address\":{\"@type\":\"PostalAddress\",\"addressLocality\":\"Madrid\",\"postalCode\":\"28050\",\"streetAddress\":\"Avenida de Burgos 114\"},\"brand\":[\"Infoempleo\"]},{\"@type\":\"Person\",\"@id\":\"https:\/\/empresas.infoempleo.com\/hrtrends\/#\/schema\/person\/32ca57975913668419d075627a98dafe\",\"name\":\"Luisa Carrasco\",\"image\":{\"@type\":\"ImageObject\",\"inLanguage\":\"es\",\"@id\":\"https:\/\/empresas.infoempleo.com\/hrtrends\/#\/schema\/person\/image\/\",\"url\":\"https:\/\/secure.gravatar.com\/avatar\/8cc7d7a784a8289007bbfddcef37ed7157c6ae70e89183748ddf5858d9133c86?s=96&d=mm&r=g\",\"contentUrl\":\"https:\/\/secure.gravatar.com\/avatar\/8cc7d7a784a8289007bbfddcef37ed7157c6ae70e89183748ddf5858d9133c86?s=96&d=mm&r=g\",\"caption\":\"Luisa Carrasco\"},\"description\":\"Licenciada en Sociolog\u00eda y posgrado en gesti\u00f3n de la comunicaci\u00f3n para organizaciones culturales. Me interesa todo lo que tiene que ver con la organizaci\u00f3n e integraci\u00f3n de los distintos agentes sociales. El \u00e1mbito laboral y el de la educaci\u00f3n y formaci\u00f3n es el punto de encuentro de gran parte de estos actores. Estoy al tanto de los temas de actualidad laboral, las tendencias en el mercado del trabajo, las nuevas iniciativas en el tejido empresarial y las propuestas de innovaci\u00f3n en materia de educaci\u00f3n y formaci\u00f3n. Por lo general, escribo en el blog de Infoempleo tres veces por semana.\",\"url\":\"https:\/\/empresas.infoempleo.com\/hrtrends\/author\/luisaagenciayerro\/\"}]}<\/script>\n<!-- \/ Yoast SEO plugin. -->","yoast_head_json":{"title":"Consecuencias de reclutar de forma err\u00f3nea | HRTRENDS","description":"A la hora de incorporar a una persona en la empresa, \u00bfse hace lo suficiente para evitar las consecuencias de los errores que se cometen al reclutar?","robots":{"index":"index","follow":"follow","max-snippet":"max-snippet:-1","max-image-preview":"max-image-preview:large","max-video-preview":"max-video-preview:-1"},"canonical":"https:\/\/empresas.infoempleo.com\/hrtrends\/consecuencias-de-reclutar-de-forma-erronea\/","og_locale":"es_ES","og_type":"article","og_title":"Consecuencias de reclutar de forma err\u00f3nea | HRTRENDS","og_description":"A la hora de incorporar a una persona en la empresa, \u00bfse hace lo suficiente para evitar las consecuencias de los errores que se cometen al reclutar?","og_url":"https:\/\/empresas.infoempleo.com\/hrtrends\/consecuencias-de-reclutar-de-forma-erronea\/","og_site_name":"HRTRENDS","article_publisher":"https:\/\/www.facebook.com\/Infoempleo","article_published_time":"2017-02-24T06:30:51+00:00","article_modified_time":"2023-03-13T17:14:10+00:00","og_image":[{"width":881,"height":661,"url":"https:\/\/empresas.infoempleo.com\/hrtrends\/media\/2017\/02\/ThinkstockPhotos-482217549.jpg","type":"image\/jpeg"}],"author":"Luisa Carrasco","twitter_card":"summary_large_image","twitter_creator":"@infoempleo","twitter_site":"@infoempleo","twitter_misc":{"Escrito por":"Luisa Carrasco","Tiempo de lectura":"5 minutos"},"schema":{"@context":"https:\/\/schema.org","@graph":[{"@type":"NewsArticle","@id":"https:\/\/empresas.infoempleo.com\/hrtrends\/consecuencias-de-reclutar-de-forma-erronea\/#article","isPartOf":{"@id":"https:\/\/empresas.infoempleo.com\/hrtrends\/consecuencias-de-reclutar-de-forma-erronea\/"},"author":{"name":"Luisa Carrasco","@id":"https:\/\/empresas.infoempleo.com\/hrtrends\/#\/schema\/person\/32ca57975913668419d075627a98dafe"},"headline":"Consecuencias de reclutar de forma err\u00f3nea","datePublished":"2017-02-24T06:30:51+00:00","dateModified":"2023-03-13T17:14:10+00:00","mainEntityOfPage":{"@id":"https:\/\/empresas.infoempleo.com\/hrtrends\/consecuencias-de-reclutar-de-forma-erronea\/"},"wordCount":1078,"publisher":{"@id":"https:\/\/empresas.infoempleo.com\/hrtrends\/#organization"},"image":{"@id":"https:\/\/empresas.infoempleo.com\/hrtrends\/consecuencias-de-reclutar-de-forma-erronea\/#primaryimage"},"thumbnailUrl":"https:\/\/empresas.infoempleo.com\/hrtrends\/media\/2017\/02\/ThinkstockPhotos-482217549.jpg","keywords":["reclutamiento","RRHH","talento"],"articleSection":["Actualidad"],"inLanguage":"es","copyrightYear":"2017","copyrightHolder":{"@id":"https:\/\/empresas.infoempleo.com\/hrtrends\/#organization"}},{"@type":"WebPage","@id":"https:\/\/empresas.infoempleo.com\/hrtrends\/consecuencias-de-reclutar-de-forma-erronea\/","url":"https:\/\/empresas.infoempleo.com\/hrtrends\/consecuencias-de-reclutar-de-forma-erronea\/","name":"Consecuencias de reclutar de forma err\u00f3nea | HRTRENDS","isPartOf":{"@id":"https:\/\/empresas.infoempleo.com\/hrtrends\/#website"},"primaryImageOfPage":{"@id":"https:\/\/empresas.infoempleo.com\/hrtrends\/consecuencias-de-reclutar-de-forma-erronea\/#primaryimage"},"image":{"@id":"https:\/\/empresas.infoempleo.com\/hrtrends\/consecuencias-de-reclutar-de-forma-erronea\/#primaryimage"},"thumbnailUrl":"https:\/\/empresas.infoempleo.com\/hrtrends\/media\/2017\/02\/ThinkstockPhotos-482217549.jpg","datePublished":"2017-02-24T06:30:51+00:00","dateModified":"2023-03-13T17:14:10+00:00","description":"A la hora de incorporar a una persona en la empresa, \u00bfse hace lo suficiente para evitar las consecuencias de los errores que se cometen al reclutar?","breadcrumb":{"@id":"https:\/\/empresas.infoempleo.com\/hrtrends\/consecuencias-de-reclutar-de-forma-erronea\/#breadcrumb"},"inLanguage":"es","potentialAction":[{"@type":"ReadAction","target":["https:\/\/empresas.infoempleo.com\/hrtrends\/consecuencias-de-reclutar-de-forma-erronea\/"]}]},{"@type":"ImageObject","inLanguage":"es","@id":"https:\/\/empresas.infoempleo.com\/hrtrends\/consecuencias-de-reclutar-de-forma-erronea\/#primaryimage","url":"https:\/\/empresas.infoempleo.com\/hrtrends\/media\/2017\/02\/ThinkstockPhotos-482217549-150x150.jpg","contentUrl":"https:\/\/empresas.infoempleo.com\/hrtrends\/media\/2017\/02\/ThinkstockPhotos-482217549-150x150.jpg","width":150,"height":150,"caption":"Consecuencias de reclutar de forma err\u00f3nea"},{"@type":"BreadcrumbList","@id":"https:\/\/empresas.infoempleo.com\/hrtrends\/consecuencias-de-reclutar-de-forma-erronea\/#breadcrumb","itemListElement":[{"@type":"ListItem","position":1,"name":"Portada","item":"https:\/\/empresas.infoempleo.com\/hrtrends\/"},{"@type":"ListItem","position":2,"name":"Consecuencias de reclutar de forma err\u00f3nea"}]},{"@type":"WebSite","@id":"https:\/\/empresas.infoempleo.com\/hrtrends\/#website","url":"https:\/\/empresas.infoempleo.com\/hrtrends","name":"HRTrends by Infoempleo","description":"","publisher":{"@id":"https:\/\/empresas.infoempleo.com\/hrtrends\/#organization"},"potentialAction":{"@type":"SearchAction","target":"https:\/\/empresas.infoempleo.com\/hrtrends\/?s={search_term_string}","query-input":"required name=search_term_string"},"inLanguage":"es"},{"@type":"Organization","@id":"https:\/\/empresas.infoempleo.com\/hrtrends\/#organization","name":"Infoempleo","url":"https:\/\/www.infoempleo.com\/","logo":{"@type":"ImageObject","@id":"https:\/\/empresas.infoempleo.com\/hrtrends\/#logo","inLanguage":"es","url":"https:\/\/cdnazure.infoempleo.com\/infoempleo\/assets\/style\/gfx\/logo.svg","contentUrl":"https:\/\/cdnazure.infoempleo.com\/infoempleo\/assets\/style\/gfx\/logo.svg","width":150,"height":40,"caption":"Infoempleo"},"image":{"@id":"https:\/\/empresas.infoempleo.com\/hrtrends\/#logo"},"sameAs":["https:\/\/www.facebook.com\/Infoempleo","https:\/\/x.com\/infoempleo","http:\/\/instagram.com\/infoempleo\/","http:\/\/www.linkedin.com\/groups\/Empleo-Espa\u00f1a-Infoempleocom-111276","http:\/\/pinterest.com\/infoempleo\/"],"address":{"@type":"PostalAddress","addressLocality":"Madrid","postalCode":"28050","streetAddress":"Avenida de Burgos 114"},"brand":["Infoempleo"]},{"@type":"Person","@id":"https:\/\/empresas.infoempleo.com\/hrtrends\/#\/schema\/person\/32ca57975913668419d075627a98dafe","name":"Luisa Carrasco","image":{"@type":"ImageObject","inLanguage":"es","@id":"https:\/\/empresas.infoempleo.com\/hrtrends\/#\/schema\/person\/image\/","url":"https:\/\/secure.gravatar.com\/avatar\/8cc7d7a784a8289007bbfddcef37ed7157c6ae70e89183748ddf5858d9133c86?s=96&d=mm&r=g","contentUrl":"https:\/\/secure.gravatar.com\/avatar\/8cc7d7a784a8289007bbfddcef37ed7157c6ae70e89183748ddf5858d9133c86?s=96&d=mm&r=g","caption":"Luisa Carrasco"},"description":"Licenciada en Sociolog\u00eda y posgrado en gesti\u00f3n de la comunicaci\u00f3n para organizaciones culturales. Me interesa todo lo que tiene que ver con la organizaci\u00f3n e integraci\u00f3n de los distintos agentes sociales. El \u00e1mbito laboral y el de la educaci\u00f3n y formaci\u00f3n es el punto de encuentro de gran parte de estos actores. Estoy al tanto de los temas de actualidad laboral, las tendencias en el mercado del trabajo, las nuevas iniciativas en el tejido empresarial y las propuestas de innovaci\u00f3n en materia de educaci\u00f3n y formaci\u00f3n. Por lo general, escribo en el blog de Infoempleo tres veces por semana.","url":"https:\/\/empresas.infoempleo.com\/hrtrends\/author\/luisaagenciayerro\/"}]}},"amp_enabled":false,"_links":{"self":[{"href":"https:\/\/empresas.infoempleo.com\/hrtrends\/wp-json\/wp\/v2\/posts\/29055","targetHints":{"allow":["GET"]}}],"collection":[{"href":"https:\/\/empresas.infoempleo.com\/hrtrends\/wp-json\/wp\/v2\/posts"}],"about":[{"href":"https:\/\/empresas.infoempleo.com\/hrtrends\/wp-json\/wp\/v2\/types\/post"}],"author":[{"embeddable":true,"href":"https:\/\/empresas.infoempleo.com\/hrtrends\/wp-json\/wp\/v2\/users\/29"}],"replies":[{"embeddable":true,"href":"https:\/\/empresas.infoempleo.com\/hrtrends\/wp-json\/wp\/v2\/comments?post=29055"}],"version-history":[{"count":2,"href":"https:\/\/empresas.infoempleo.com\/hrtrends\/wp-json\/wp\/v2\/posts\/29055\/revisions"}],"predecessor-version":[{"id":42851,"href":"https:\/\/empresas.infoempleo.com\/hrtrends\/wp-json\/wp\/v2\/posts\/29055\/revisions\/42851"}],"wp:featuredmedia":[{"embeddable":true,"href":"https:\/\/empresas.infoempleo.com\/hrtrends\/wp-json\/wp\/v2\/media\/29058"}],"wp:attachment":[{"href":"https:\/\/empresas.infoempleo.com\/hrtrends\/wp-json\/wp\/v2\/media?parent=29055"}],"wp:term":[{"taxonomy":"category","embeddable":true,"href":"https:\/\/empresas.infoempleo.com\/hrtrends\/wp-json\/wp\/v2\/categories?post=29055"},{"taxonomy":"post_tag","embeddable":true,"href":"https:\/\/empresas.infoempleo.com\/hrtrends\/wp-json\/wp\/v2\/tags?post=29055"}],"curies":[{"name":"wp","href":"https:\/\/api.w.org\/{rel}","templated":true}]}}