{"id":28886,"date":"2017-02-13T07:30:43","date_gmt":"2017-02-13T06:30:43","guid":{"rendered":"http:\/\/blog.infoempleo.com\/?post_type=post&#038;p=28886"},"modified":"2023-03-13T19:14:10","modified_gmt":"2023-03-13T17:14:10","slug":"directivas-valoradas-pero-con-escasa-presencia-en-los-consejos-de-administracion","status":"publish","type":"post","link":"https:\/\/empresas.infoempleo.com\/hrtrends\/directivas-valoradas-pero-con-escasa-presencia-en-los-consejos-de-administracion\/","title":{"rendered":"Directivas: valoradas pero con escasa presencia en los consejos de administraci\u00f3n"},"content":{"rendered":"<p>Un 60% de las personas que se grad\u00faan en las universidades son mujeres. El 45% del mercado laboral lo forma el sexo femenino. Hay un 22% de directivas de las cuales el 16% forman parte de los consejos de administraci\u00f3n y por \u00faltimo <strong>solo un 5% se convierten finalmente en consejeras delegadas*<\/strong>. \u00bfD\u00f3nde y por qu\u00e9 se produce esta fuga de talento femenino?<\/p>\n<p><!--more--><\/p>\n<h2>El embudo de la igualdad en la toma de decisiones<\/h2>\n<p>El aumento de la presencia de mujeres en sectores y profesiones donde no era habitual encontr\u00e1rselas es una constante. La velocidad a la que se produce ya es otro cantar, sobre todo en puestos de mayor poder. La cosa comienza bien, la presencia femenina en las universidades es mayoritaria, adem\u00e1s destacan con expedientes acad\u00e9micos m\u00e1s brillantes. El siguiente paso, el mercado laboral, <strong>las mujeres suponen pr\u00e1cticamente la mitad<\/strong>. Pero las dificultades comienzan conforme aumenta las responsabilidades y el poder en la toma de decisiones. La presencia de f\u00e9minas se va diluyendo. Catedr\u00e1ticas, CEO, directoras de investigaciones cient\u00edficas son <em>raras avis<\/em> en sus sectores.<\/p>\n<p><img loading=\"lazy\" decoding=\"async\" class=\"aligncenter wp-image-28899\" src=\"https:\/\/empresas.infoempleo.com\/hrtrends\/media\/2017\/02\/ThinkstockPhotos-200341832-001.jpg\" alt=\"thinkstockphotos-200341832-001\" width=\"352\" height=\"234\" srcset=\"https:\/\/empresas.infoempleo.com\/hrtrends\/media\/2017\/02\/ThinkstockPhotos-200341832-001.jpg 881w, https:\/\/empresas.infoempleo.com\/hrtrends\/media\/2017\/02\/ThinkstockPhotos-200341832-001-300x200.jpg 300w, https:\/\/empresas.infoempleo.com\/hrtrends\/media\/2017\/02\/ThinkstockPhotos-200341832-001-768x512.jpg 768w\" sizes=\"auto, (max-width: 352px) 100vw, 352px\" \/><\/p>\n<h2>Techo de cristal, brecha salarial y otras dificultades en el acceso a puestos de responsabilidad de las mujeres<\/h2>\n<p>Los estudios se\u00f1alan varias causas responsables de la minoritaria presencia de mujeres en los puestos de direcci\u00f3n de las compa\u00f1\u00edas. Por a\u00f1adidura, cuando finalmente alcanzan la c\u00faspide se topan con la <strong>brecha salarial<\/strong>. Esta diferencia en la remuneraci\u00f3n se produce sobre todo en los puestos que implican una mayor responsabilidad. Ellas llegan a cobrar un 55% menos que sus colegas varones.<\/p>\n<p>Una de las causas es el peso de la <strong>cultura tradicional de empresas<\/strong>. Buena parte del tejido empresarial de peque\u00f1as y medianas compa\u00f1\u00edas (en las que pertenecen al IBEX se hacen mejor los deberes) todav\u00eda prejuzga a las mujeres atribuy\u00e9ndoles roles donde no se las ve capaces de abordar altos niveles de compromiso que resten tiempo al cuidado de sus familias, cambios de destino, etc.<\/p>\n<p>Por otro lado, existe consenso en que <strong>los sistemas de promoci\u00f3n no son objetivos<\/strong>\u00a0y no est\u00e1n basados en logros y resultados, sino que estas cuestiones se dirimen m\u00e1s en las relaciones extraprofesionales, cuando la jornada se alarga y ellas desaparecen para recoger a los ni\u00f1os. Muchas mujeres reconocen que no se sienten c\u00f3modas en este tipo de situaciones por estar cimentadas en una ambiente que las excluye.<\/p>\n<h2>Conciliaci\u00f3n <em>vs.<\/em> cultura tradicional de empresa<\/h2>\n<p>Por otro lado, est\u00e1 la cuesti\u00f3n de la conciliaci\u00f3n. La \u00e9poca de la crianza de los hijos supone para muchas mujeres un par\u00f3n profesional. Bien porque decidan abordar estos cuidados <strong>asumiendo una mayor responsabilidad<\/strong>, por la presi\u00f3n social o la misma cultura de empresa tradicional donde se penaliza m\u00e1s a los hombres que a las mujeres por contraer las responsabilidades de la crianza. El ejemplo se repite, \u00bfqui\u00e9n acompa\u00f1a a los ni\u00f1os al m\u00e9dico?, \u00bfqui\u00e9n acude a las reuniones del colegio? Principalmente son ellas porque no est\u00e1 tan mal visto que falten por estos motivos. El resultado es que en este punto <strong>muchas mujeres desaceleran<\/strong> o directamente se descuelgan de sus carreras.<\/p>\n<h2>Leyes espec\u00edficas sobre igualdad<\/h2>\n<p>Una mayor concienciaci\u00f3n tanto de la sociedad como de las empresas y exigencias sociales cristaliza en objetivos como la directiva europea de incrementar hasta el 40% en 2020 la presencia del g\u00e9nero menos representado, en la inmensa mayor\u00eda las mujeres, en puestos de responsabilidad en las empresas cotizadas europeas. En Espa\u00f1a tambi\u00e9n existe el respaldo de la Ley de Igualdad del 2007, que recomienda, aunque no obliga, que haya una presencia equilibrada de mujeres y hombres en los consejos de administraci\u00f3n de las empresas. El plazo que se dio para cumplir el objetivo fue de ocho a\u00f1os. En 2015 la presencia de mujeres en estos puestos fue del 14%, objetivo no conseguido.<\/p>\n<p>Pero hay otro tipo de razones que las empresas entienden mejor. Son las cuentas de resultados. Seg\u00fan se afirma en el estudio <em>\u00bfLa diversidad de g\u00e9nero es rentable?<\/em>, del Instituto Peterson para la Econom\u00eda Internacional y el Centro de Estudios EY, <strong>la presencia de mujeres en los puestos de direcci\u00f3n<\/strong> <strong>contribuye<\/strong> a que se incremente la diversidad de competencias y las aptitudes en la empresa, de tal forma que puede <strong>aumentar en un 1%\u00a0el margen neto de beneficio.<\/strong><\/p>\n<p>El an\u00e1lisis que hace el estudio de InformaD&amp;B <em>Las mujeres en los consejos de administraci\u00f3n y organismos de decisi\u00f3n de las empresas espa\u00f1olas<\/em>\u00a0va m\u00e1s all\u00e1. Las empresas donde hay al menos un 40% de mujeres en puestos de responsabilidad ofrecen <strong>mejores resultados en gesti\u00f3n del riesgo, en concreto en cuanto al cr\u00e9dito<\/strong>. Otra cuesti\u00f3n que no se le pasa por alto a las empresas es que las mujeres son las que deciden el 65 % de los principales productos de consumo. Adem\u00e1s de por las razones anteriormente mencionadas, incorporar el talento femenino es una decisi\u00f3n estrat\u00e9gica en s\u00ed.<\/p>\n<p>&nbsp;<\/p>\n<h6>* Estos datos pertenecen al estudio <em>Inspirando, Casos de \u00e9xito en diversidad de g\u00e9nero<\/em>, casos de diversidad publicados por la consultora PwC. El estudio analiza el impacto <strong>que tiene sobre las empresas los <\/strong><a href=\"https:\/\/empresas.infoempleo.com\/hrtrends\/planes-de-igualdad-en-las-empresas\/\"><strong>planes de igualdad<\/strong><\/a> y la apuesta por construir empresas donde hay un compromiso con la igualdad de oportunidades.<\/h6>\n","protected":false},"excerpt":{"rendered":"<p>Un 60% de las personas que se grad\u00faan en las universidades son mujeres. El 45% del mercado laboral<a class=\"moretag\" href=\"https:\/\/empresas.infoempleo.com\/hrtrends\/directivas-valoradas-pero-con-escasa-presencia-en-los-consejos-de-administracion\/\"> Leer m\u00e1s<\/a><\/p>\n","protected":false},"author":29,"featured_media":28898,"comment_status":"closed","ping_status":"open","sticky":false,"template":"","format":"standard","meta":{"footnotes":""},"categories":[3],"tags":[2691,2272,2342],"class_list":["post-28886","post","type-post","status-publish","format-standard","has-post-thumbnail","hentry","category-actualidad","tag-brecha-salarial","tag-liderazgo-femenino","tag-mujeres-directivas"],"yoast_head":"<!-- This site is optimized with the Yoast SEO plugin v26.1.1 - https:\/\/yoast.com\/wordpress\/plugins\/seo\/ -->\n<title>Directivas: valoradas pero con escasa presencia en los consejos de administraci\u00f3n | HRTRENDS<\/title>\n<meta name=\"description\" content=\"Solo un 5% se convierten finalmente en consejeras delegadas o directivas. \u00bfD\u00f3nde y por qu\u00e9 se produce esta fuga de talento femenino?\" \/>\n<meta name=\"robots\" content=\"index, follow, max-snippet:-1, max-image-preview:large, max-video-preview:-1\" \/>\n<link rel=\"canonical\" href=\"https:\/\/empresas.infoempleo.com\/hrtrends\/directivas-valoradas-pero-con-escasa-presencia-en-los-consejos-de-administracion\/\" \/>\n<meta property=\"og:locale\" content=\"es_ES\" \/>\n<meta property=\"og:type\" content=\"article\" \/>\n<meta property=\"og:title\" content=\"Directivas: valoradas pero con escasa presencia en los consejos de administraci\u00f3n | HRTRENDS\" \/>\n<meta property=\"og:description\" content=\"Solo un 5% se convierten finalmente en consejeras delegadas o directivas. \u00bfD\u00f3nde y por qu\u00e9 se produce esta fuga de talento femenino?\" \/>\n<meta property=\"og:url\" content=\"https:\/\/empresas.infoempleo.com\/hrtrends\/directivas-valoradas-pero-con-escasa-presencia-en-los-consejos-de-administracion\/\" \/>\n<meta property=\"og:site_name\" content=\"HRTRENDS\" \/>\n<meta property=\"article:publisher\" content=\"https:\/\/www.facebook.com\/Infoempleo\" \/>\n<meta property=\"article:published_time\" content=\"2017-02-13T06:30:43+00:00\" \/>\n<meta property=\"article:modified_time\" content=\"2023-03-13T17:14:10+00:00\" \/>\n<meta property=\"og:image\" content=\"https:\/\/empresas.infoempleo.com\/hrtrends\/media\/2017\/02\/ThinkstockPhotos-531266212.jpg\" \/>\n\t<meta property=\"og:image:width\" content=\"881\" \/>\n\t<meta property=\"og:image:height\" content=\"588\" \/>\n\t<meta property=\"og:image:type\" content=\"image\/jpeg\" \/>\n<meta name=\"author\" content=\"Luisa Carrasco\" \/>\n<meta name=\"twitter:card\" content=\"summary_large_image\" \/>\n<meta name=\"twitter:creator\" content=\"@infoempleo\" \/>\n<meta name=\"twitter:site\" content=\"@infoempleo\" \/>\n<meta name=\"twitter:label1\" content=\"Escrito por\" \/>\n\t<meta name=\"twitter:data1\" content=\"Luisa Carrasco\" \/>\n\t<meta name=\"twitter:label2\" content=\"Tiempo de lectura\" \/>\n\t<meta name=\"twitter:data2\" content=\"4 minutos\" \/>\n<script type=\"application\/ld+json\" class=\"yoast-schema-graph\">{\"@context\":\"https:\/\/schema.org\",\"@graph\":[{\"@type\":\"NewsArticle\",\"@id\":\"https:\/\/empresas.infoempleo.com\/hrtrends\/directivas-valoradas-pero-con-escasa-presencia-en-los-consejos-de-administracion\/#article\",\"isPartOf\":{\"@id\":\"https:\/\/empresas.infoempleo.com\/hrtrends\/directivas-valoradas-pero-con-escasa-presencia-en-los-consejos-de-administracion\/\"},\"author\":{\"name\":\"Luisa Carrasco\",\"@id\":\"https:\/\/empresas.infoempleo.com\/hrtrends\/#\/schema\/person\/32ca57975913668419d075627a98dafe\"},\"headline\":\"Directivas: valoradas pero con escasa presencia en los consejos de administraci\u00f3n\",\"datePublished\":\"2017-02-13T06:30:43+00:00\",\"dateModified\":\"2023-03-13T17:14:10+00:00\",\"mainEntityOfPage\":{\"@id\":\"https:\/\/empresas.infoempleo.com\/hrtrends\/directivas-valoradas-pero-con-escasa-presencia-en-los-consejos-de-administracion\/\"},\"wordCount\":911,\"publisher\":{\"@id\":\"https:\/\/empresas.infoempleo.com\/hrtrends\/#organization\"},\"image\":{\"@id\":\"https:\/\/empresas.infoempleo.com\/hrtrends\/directivas-valoradas-pero-con-escasa-presencia-en-los-consejos-de-administracion\/#primaryimage\"},\"thumbnailUrl\":\"https:\/\/empresas.infoempleo.com\/hrtrends\/media\/2017\/02\/ThinkstockPhotos-531266212.jpg\",\"keywords\":[\"brecha salarial\",\"liderazgo femenino\",\"mujeres directivas\"],\"articleSection\":[\"Actualidad\"],\"inLanguage\":\"es\",\"copyrightYear\":\"2017\",\"copyrightHolder\":{\"@id\":\"https:\/\/empresas.infoempleo.com\/hrtrends\/#organization\"}},{\"@type\":\"WebPage\",\"@id\":\"https:\/\/empresas.infoempleo.com\/hrtrends\/directivas-valoradas-pero-con-escasa-presencia-en-los-consejos-de-administracion\/\",\"url\":\"https:\/\/empresas.infoempleo.com\/hrtrends\/directivas-valoradas-pero-con-escasa-presencia-en-los-consejos-de-administracion\/\",\"name\":\"Directivas: valoradas pero con escasa presencia en los consejos de administraci\u00f3n | HRTRENDS\",\"isPartOf\":{\"@id\":\"https:\/\/empresas.infoempleo.com\/hrtrends\/#website\"},\"primaryImageOfPage\":{\"@id\":\"https:\/\/empresas.infoempleo.com\/hrtrends\/directivas-valoradas-pero-con-escasa-presencia-en-los-consejos-de-administracion\/#primaryimage\"},\"image\":{\"@id\":\"https:\/\/empresas.infoempleo.com\/hrtrends\/directivas-valoradas-pero-con-escasa-presencia-en-los-consejos-de-administracion\/#primaryimage\"},\"thumbnailUrl\":\"https:\/\/empresas.infoempleo.com\/hrtrends\/media\/2017\/02\/ThinkstockPhotos-531266212.jpg\",\"datePublished\":\"2017-02-13T06:30:43+00:00\",\"dateModified\":\"2023-03-13T17:14:10+00:00\",\"description\":\"Solo un 5% se convierten finalmente en consejeras delegadas o directivas. \u00bfD\u00f3nde y por qu\u00e9 se produce esta fuga de talento femenino?\",\"breadcrumb\":{\"@id\":\"https:\/\/empresas.infoempleo.com\/hrtrends\/directivas-valoradas-pero-con-escasa-presencia-en-los-consejos-de-administracion\/#breadcrumb\"},\"inLanguage\":\"es\",\"potentialAction\":[{\"@type\":\"ReadAction\",\"target\":[\"https:\/\/empresas.infoempleo.com\/hrtrends\/directivas-valoradas-pero-con-escasa-presencia-en-los-consejos-de-administracion\/\"]}]},{\"@type\":\"ImageObject\",\"inLanguage\":\"es\",\"@id\":\"https:\/\/empresas.infoempleo.com\/hrtrends\/directivas-valoradas-pero-con-escasa-presencia-en-los-consejos-de-administracion\/#primaryimage\",\"url\":\"https:\/\/empresas.infoempleo.com\/hrtrends\/media\/2017\/02\/ThinkstockPhotos-531266212-150x150.jpg\",\"contentUrl\":\"https:\/\/empresas.infoempleo.com\/hrtrends\/media\/2017\/02\/ThinkstockPhotos-531266212-150x150.jpg\",\"width\":150,\"height\":150,\"caption\":\"Directivas: muy valoradas pero con escasa presencia en los consejos\"},{\"@type\":\"BreadcrumbList\",\"@id\":\"https:\/\/empresas.infoempleo.com\/hrtrends\/directivas-valoradas-pero-con-escasa-presencia-en-los-consejos-de-administracion\/#breadcrumb\",\"itemListElement\":[{\"@type\":\"ListItem\",\"position\":1,\"name\":\"Portada\",\"item\":\"https:\/\/empresas.infoempleo.com\/hrtrends\/\"},{\"@type\":\"ListItem\",\"position\":2,\"name\":\"Directivas: valoradas pero con escasa presencia en los consejos de administraci\u00f3n\"}]},{\"@type\":\"WebSite\",\"@id\":\"https:\/\/empresas.infoempleo.com\/hrtrends\/#website\",\"url\":\"https:\/\/empresas.infoempleo.com\/hrtrends\",\"name\":\"HRTrends by Infoempleo\",\"description\":\"\",\"publisher\":{\"@id\":\"https:\/\/empresas.infoempleo.com\/hrtrends\/#organization\"},\"potentialAction\":{\"@type\":\"SearchAction\",\"target\":\"https:\/\/empresas.infoempleo.com\/hrtrends\/?s={search_term_string}\",\"query-input\":\"required name=search_term_string\"},\"inLanguage\":\"es\"},{\"@type\":\"Organization\",\"@id\":\"https:\/\/empresas.infoempleo.com\/hrtrends\/#organization\",\"name\":\"Infoempleo\",\"url\":\"https:\/\/www.infoempleo.com\/\",\"logo\":{\"@type\":\"ImageObject\",\"@id\":\"https:\/\/empresas.infoempleo.com\/hrtrends\/#logo\",\"inLanguage\":\"es\",\"url\":\"https:\/\/cdnazure.infoempleo.com\/infoempleo\/assets\/style\/gfx\/logo.svg\",\"contentUrl\":\"https:\/\/cdnazure.infoempleo.com\/infoempleo\/assets\/style\/gfx\/logo.svg\",\"width\":150,\"height\":40,\"caption\":\"Infoempleo\"},\"image\":{\"@id\":\"https:\/\/empresas.infoempleo.com\/hrtrends\/#logo\"},\"sameAs\":[\"https:\/\/www.facebook.com\/Infoempleo\",\"https:\/\/x.com\/infoempleo\",\"http:\/\/instagram.com\/infoempleo\/\",\"http:\/\/www.linkedin.com\/groups\/Empleo-Espa\u00f1a-Infoempleocom-111276\",\"http:\/\/pinterest.com\/infoempleo\/\"],\"address\":{\"@type\":\"PostalAddress\",\"addressLocality\":\"Madrid\",\"postalCode\":\"28050\",\"streetAddress\":\"Avenida de Burgos 114\"},\"brand\":[\"Infoempleo\"]},{\"@type\":\"Person\",\"@id\":\"https:\/\/empresas.infoempleo.com\/hrtrends\/#\/schema\/person\/32ca57975913668419d075627a98dafe\",\"name\":\"Luisa Carrasco\",\"image\":{\"@type\":\"ImageObject\",\"inLanguage\":\"es\",\"@id\":\"https:\/\/empresas.infoempleo.com\/hrtrends\/#\/schema\/person\/image\/\",\"url\":\"https:\/\/secure.gravatar.com\/avatar\/8cc7d7a784a8289007bbfddcef37ed7157c6ae70e89183748ddf5858d9133c86?s=96&d=mm&r=g\",\"contentUrl\":\"https:\/\/secure.gravatar.com\/avatar\/8cc7d7a784a8289007bbfddcef37ed7157c6ae70e89183748ddf5858d9133c86?s=96&d=mm&r=g\",\"caption\":\"Luisa Carrasco\"},\"description\":\"Licenciada en Sociolog\u00eda y posgrado en gesti\u00f3n de la comunicaci\u00f3n para organizaciones culturales. Me interesa todo lo que tiene que ver con la organizaci\u00f3n e integraci\u00f3n de los distintos agentes sociales. El \u00e1mbito laboral y el de la educaci\u00f3n y formaci\u00f3n es el punto de encuentro de gran parte de estos actores. Estoy al tanto de los temas de actualidad laboral, las tendencias en el mercado del trabajo, las nuevas iniciativas en el tejido empresarial y las propuestas de innovaci\u00f3n en materia de educaci\u00f3n y formaci\u00f3n. Por lo general, escribo en el blog de Infoempleo tres veces por semana.\",\"url\":\"https:\/\/empresas.infoempleo.com\/hrtrends\/author\/luisaagenciayerro\/\"}]}<\/script>\n<!-- \/ Yoast SEO plugin. -->","yoast_head_json":{"title":"Directivas: valoradas pero con escasa presencia en los consejos de administraci\u00f3n | HRTRENDS","description":"Solo un 5% se convierten finalmente en consejeras delegadas o directivas. \u00bfD\u00f3nde y por qu\u00e9 se produce esta fuga de talento femenino?","robots":{"index":"index","follow":"follow","max-snippet":"max-snippet:-1","max-image-preview":"max-image-preview:large","max-video-preview":"max-video-preview:-1"},"canonical":"https:\/\/empresas.infoempleo.com\/hrtrends\/directivas-valoradas-pero-con-escasa-presencia-en-los-consejos-de-administracion\/","og_locale":"es_ES","og_type":"article","og_title":"Directivas: valoradas pero con escasa presencia en los consejos de administraci\u00f3n | HRTRENDS","og_description":"Solo un 5% se convierten finalmente en consejeras delegadas o directivas. \u00bfD\u00f3nde y por qu\u00e9 se produce esta fuga de talento femenino?","og_url":"https:\/\/empresas.infoempleo.com\/hrtrends\/directivas-valoradas-pero-con-escasa-presencia-en-los-consejos-de-administracion\/","og_site_name":"HRTRENDS","article_publisher":"https:\/\/www.facebook.com\/Infoempleo","article_published_time":"2017-02-13T06:30:43+00:00","article_modified_time":"2023-03-13T17:14:10+00:00","og_image":[{"width":881,"height":588,"url":"https:\/\/empresas.infoempleo.com\/hrtrends\/media\/2017\/02\/ThinkstockPhotos-531266212.jpg","type":"image\/jpeg"}],"author":"Luisa Carrasco","twitter_card":"summary_large_image","twitter_creator":"@infoempleo","twitter_site":"@infoempleo","twitter_misc":{"Escrito por":"Luisa Carrasco","Tiempo de lectura":"4 minutos"},"schema":{"@context":"https:\/\/schema.org","@graph":[{"@type":"NewsArticle","@id":"https:\/\/empresas.infoempleo.com\/hrtrends\/directivas-valoradas-pero-con-escasa-presencia-en-los-consejos-de-administracion\/#article","isPartOf":{"@id":"https:\/\/empresas.infoempleo.com\/hrtrends\/directivas-valoradas-pero-con-escasa-presencia-en-los-consejos-de-administracion\/"},"author":{"name":"Luisa Carrasco","@id":"https:\/\/empresas.infoempleo.com\/hrtrends\/#\/schema\/person\/32ca57975913668419d075627a98dafe"},"headline":"Directivas: valoradas pero con escasa presencia en los consejos de administraci\u00f3n","datePublished":"2017-02-13T06:30:43+00:00","dateModified":"2023-03-13T17:14:10+00:00","mainEntityOfPage":{"@id":"https:\/\/empresas.infoempleo.com\/hrtrends\/directivas-valoradas-pero-con-escasa-presencia-en-los-consejos-de-administracion\/"},"wordCount":911,"publisher":{"@id":"https:\/\/empresas.infoempleo.com\/hrtrends\/#organization"},"image":{"@id":"https:\/\/empresas.infoempleo.com\/hrtrends\/directivas-valoradas-pero-con-escasa-presencia-en-los-consejos-de-administracion\/#primaryimage"},"thumbnailUrl":"https:\/\/empresas.infoempleo.com\/hrtrends\/media\/2017\/02\/ThinkstockPhotos-531266212.jpg","keywords":["brecha salarial","liderazgo femenino","mujeres directivas"],"articleSection":["Actualidad"],"inLanguage":"es","copyrightYear":"2017","copyrightHolder":{"@id":"https:\/\/empresas.infoempleo.com\/hrtrends\/#organization"}},{"@type":"WebPage","@id":"https:\/\/empresas.infoempleo.com\/hrtrends\/directivas-valoradas-pero-con-escasa-presencia-en-los-consejos-de-administracion\/","url":"https:\/\/empresas.infoempleo.com\/hrtrends\/directivas-valoradas-pero-con-escasa-presencia-en-los-consejos-de-administracion\/","name":"Directivas: valoradas pero con escasa presencia en los consejos de administraci\u00f3n | HRTRENDS","isPartOf":{"@id":"https:\/\/empresas.infoempleo.com\/hrtrends\/#website"},"primaryImageOfPage":{"@id":"https:\/\/empresas.infoempleo.com\/hrtrends\/directivas-valoradas-pero-con-escasa-presencia-en-los-consejos-de-administracion\/#primaryimage"},"image":{"@id":"https:\/\/empresas.infoempleo.com\/hrtrends\/directivas-valoradas-pero-con-escasa-presencia-en-los-consejos-de-administracion\/#primaryimage"},"thumbnailUrl":"https:\/\/empresas.infoempleo.com\/hrtrends\/media\/2017\/02\/ThinkstockPhotos-531266212.jpg","datePublished":"2017-02-13T06:30:43+00:00","dateModified":"2023-03-13T17:14:10+00:00","description":"Solo un 5% se convierten finalmente en consejeras delegadas o directivas. \u00bfD\u00f3nde y por qu\u00e9 se produce esta fuga de talento femenino?","breadcrumb":{"@id":"https:\/\/empresas.infoempleo.com\/hrtrends\/directivas-valoradas-pero-con-escasa-presencia-en-los-consejos-de-administracion\/#breadcrumb"},"inLanguage":"es","potentialAction":[{"@type":"ReadAction","target":["https:\/\/empresas.infoempleo.com\/hrtrends\/directivas-valoradas-pero-con-escasa-presencia-en-los-consejos-de-administracion\/"]}]},{"@type":"ImageObject","inLanguage":"es","@id":"https:\/\/empresas.infoempleo.com\/hrtrends\/directivas-valoradas-pero-con-escasa-presencia-en-los-consejos-de-administracion\/#primaryimage","url":"https:\/\/empresas.infoempleo.com\/hrtrends\/media\/2017\/02\/ThinkstockPhotos-531266212-150x150.jpg","contentUrl":"https:\/\/empresas.infoempleo.com\/hrtrends\/media\/2017\/02\/ThinkstockPhotos-531266212-150x150.jpg","width":150,"height":150,"caption":"Directivas: muy valoradas pero con escasa presencia en los consejos"},{"@type":"BreadcrumbList","@id":"https:\/\/empresas.infoempleo.com\/hrtrends\/directivas-valoradas-pero-con-escasa-presencia-en-los-consejos-de-administracion\/#breadcrumb","itemListElement":[{"@type":"ListItem","position":1,"name":"Portada","item":"https:\/\/empresas.infoempleo.com\/hrtrends\/"},{"@type":"ListItem","position":2,"name":"Directivas: valoradas pero con escasa presencia en los consejos de administraci\u00f3n"}]},{"@type":"WebSite","@id":"https:\/\/empresas.infoempleo.com\/hrtrends\/#website","url":"https:\/\/empresas.infoempleo.com\/hrtrends","name":"HRTrends by Infoempleo","description":"","publisher":{"@id":"https:\/\/empresas.infoempleo.com\/hrtrends\/#organization"},"potentialAction":{"@type":"SearchAction","target":"https:\/\/empresas.infoempleo.com\/hrtrends\/?s={search_term_string}","query-input":"required name=search_term_string"},"inLanguage":"es"},{"@type":"Organization","@id":"https:\/\/empresas.infoempleo.com\/hrtrends\/#organization","name":"Infoempleo","url":"https:\/\/www.infoempleo.com\/","logo":{"@type":"ImageObject","@id":"https:\/\/empresas.infoempleo.com\/hrtrends\/#logo","inLanguage":"es","url":"https:\/\/cdnazure.infoempleo.com\/infoempleo\/assets\/style\/gfx\/logo.svg","contentUrl":"https:\/\/cdnazure.infoempleo.com\/infoempleo\/assets\/style\/gfx\/logo.svg","width":150,"height":40,"caption":"Infoempleo"},"image":{"@id":"https:\/\/empresas.infoempleo.com\/hrtrends\/#logo"},"sameAs":["https:\/\/www.facebook.com\/Infoempleo","https:\/\/x.com\/infoempleo","http:\/\/instagram.com\/infoempleo\/","http:\/\/www.linkedin.com\/groups\/Empleo-Espa\u00f1a-Infoempleocom-111276","http:\/\/pinterest.com\/infoempleo\/"],"address":{"@type":"PostalAddress","addressLocality":"Madrid","postalCode":"28050","streetAddress":"Avenida de Burgos 114"},"brand":["Infoempleo"]},{"@type":"Person","@id":"https:\/\/empresas.infoempleo.com\/hrtrends\/#\/schema\/person\/32ca57975913668419d075627a98dafe","name":"Luisa Carrasco","image":{"@type":"ImageObject","inLanguage":"es","@id":"https:\/\/empresas.infoempleo.com\/hrtrends\/#\/schema\/person\/image\/","url":"https:\/\/secure.gravatar.com\/avatar\/8cc7d7a784a8289007bbfddcef37ed7157c6ae70e89183748ddf5858d9133c86?s=96&d=mm&r=g","contentUrl":"https:\/\/secure.gravatar.com\/avatar\/8cc7d7a784a8289007bbfddcef37ed7157c6ae70e89183748ddf5858d9133c86?s=96&d=mm&r=g","caption":"Luisa Carrasco"},"description":"Licenciada en Sociolog\u00eda y posgrado en gesti\u00f3n de la comunicaci\u00f3n para organizaciones culturales. Me interesa todo lo que tiene que ver con la organizaci\u00f3n e integraci\u00f3n de los distintos agentes sociales. El \u00e1mbito laboral y el de la educaci\u00f3n y formaci\u00f3n es el punto de encuentro de gran parte de estos actores. Estoy al tanto de los temas de actualidad laboral, las tendencias en el mercado del trabajo, las nuevas iniciativas en el tejido empresarial y las propuestas de innovaci\u00f3n en materia de educaci\u00f3n y formaci\u00f3n. Por lo general, escribo en el blog de Infoempleo tres veces por semana.","url":"https:\/\/empresas.infoempleo.com\/hrtrends\/author\/luisaagenciayerro\/"}]}},"amp_enabled":true,"_links":{"self":[{"href":"https:\/\/empresas.infoempleo.com\/hrtrends\/wp-json\/wp\/v2\/posts\/28886","targetHints":{"allow":["GET"]}}],"collection":[{"href":"https:\/\/empresas.infoempleo.com\/hrtrends\/wp-json\/wp\/v2\/posts"}],"about":[{"href":"https:\/\/empresas.infoempleo.com\/hrtrends\/wp-json\/wp\/v2\/types\/post"}],"author":[{"embeddable":true,"href":"https:\/\/empresas.infoempleo.com\/hrtrends\/wp-json\/wp\/v2\/users\/29"}],"replies":[{"embeddable":true,"href":"https:\/\/empresas.infoempleo.com\/hrtrends\/wp-json\/wp\/v2\/comments?post=28886"}],"version-history":[{"count":3,"href":"https:\/\/empresas.infoempleo.com\/hrtrends\/wp-json\/wp\/v2\/posts\/28886\/revisions"}],"predecessor-version":[{"id":42850,"href":"https:\/\/empresas.infoempleo.com\/hrtrends\/wp-json\/wp\/v2\/posts\/28886\/revisions\/42850"}],"wp:featuredmedia":[{"embeddable":true,"href":"https:\/\/empresas.infoempleo.com\/hrtrends\/wp-json\/wp\/v2\/media\/28898"}],"wp:attachment":[{"href":"https:\/\/empresas.infoempleo.com\/hrtrends\/wp-json\/wp\/v2\/media?parent=28886"}],"wp:term":[{"taxonomy":"category","embeddable":true,"href":"https:\/\/empresas.infoempleo.com\/hrtrends\/wp-json\/wp\/v2\/categories?post=28886"},{"taxonomy":"post_tag","embeddable":true,"href":"https:\/\/empresas.infoempleo.com\/hrtrends\/wp-json\/wp\/v2\/tags?post=28886"}],"curies":[{"name":"wp","href":"https:\/\/api.w.org\/{rel}","templated":true}]}}