{"id":27525,"date":"2016-11-22T07:30:16","date_gmt":"2016-11-22T06:30:16","guid":{"rendered":"http:\/\/blog.infoempleo.com\/?post_type=post&#038;p=27525"},"modified":"2018-05-23T16:51:27","modified_gmt":"2018-05-23T14:51:27","slug":"premio-quien-impulse-empleo-juvenil","status":"publish","type":"post","link":"https:\/\/empresas.infoempleo.com\/hrtrends\/premio-quien-impulse-empleo-juvenil\/","title":{"rendered":"Premio para quien impulse el empleo juvenil"},"content":{"rendered":"<p>Apostar por dar empleo a los j\u00f3venes no solo es una excelente medida para ayudar a que consoliden su trayectoria, sino que puede tener su premio. Estos galardones son para <a href=\"https:\/\/empresas.infoempleo.com?utm_source=blogcandidatos&amp;utm_medium=social&amp;utm_campaign=aetc&amp;utm_content=oferta\">empresas y organizaciones<\/a> que se mojan y tratan de que los j\u00f3venes tengan m\u00e1s oportunidades laborales, ellos suponen el activo con el que contamos para las pr\u00f3ximas d\u00e9cadas.<\/p>\n<p><!--more--><\/p>\n<p>El principal objetivo del I Premio al Impulso del Empleo Juvenil es concienciar de que <strong>se necesitan iniciativas que refuercen la empleabilidad de los j\u00f3venes<\/strong>, son las que se est\u00e1n comprometiendo con esta situaci\u00f3n. Todav\u00eda 4 de cada 10 j\u00f3venes menores de 25 a\u00f1os no tienen empleo. Mahou San Miguel, Fundaci\u00f3n Mahou San Miguel y el Club de Excelencia en Sostenibilidad son las entidades que han organizado la primera edici\u00f3n de estos galardones.<\/p>\n<p>No se trata solo de que este colectivo se inserte en el mercado laboral, sino de que mejoren tambi\u00e9n su situaci\u00f3n si est\u00e1n trabajando, que encuentren <strong>oportunidades acordes a su preparaci\u00f3n<\/strong>.<\/p>\n<h2>\u00bfQu\u00e9 tipo de empresas pueden recibir el Premio?<\/h2>\n<p>Para poder optar a los galardones, la empresa puede pertenecer a cualquier territorio del \u00e1mbito nacional. Su proyecto no debe haber finalizado, sino que <strong>tiene que estar en fase de desarrollo<\/strong> en el momento en el que se presenten. Por \u00faltimo, ha de disponer de resultados que se puedan verificar y que entren dentro de los objetivos de los premios.<\/p>\n<p>Teniendo en cuenta todo lo anterior, se han asignado <strong>tres categor\u00edas<\/strong>:<\/p>\n<ul>\n<li>Mejor pr\u00e1ctica de empleo juvenil en la <strong>gran empresa<\/strong>.<\/li>\n<li>Mejor pr\u00e1ctica de empleo juvenil en la <strong>peque\u00f1a y mediana empresa<\/strong>.<\/li>\n<li>Mejor pr\u00e1ctica de empleo juvenil en el <strong>tercer sector<\/strong>. En esta categor\u00eda entrar\u00edan los centros de ense\u00f1anza, asociaciones, fundaciones y otro tipo de colectividades sin \u00e1nimo de lucro.<\/li>\n<\/ul>\n<p>Tambi\u00e9n habr\u00e1 <strong>acc\u00e9sit <\/strong>si el jurado considera oportuno entreg\u00e1rselo a algunas iniciativas dignas de esta menci\u00f3n.<\/p>\n<p><a href=\"https:\/\/empresas.infoempleo.com\/hrtrends\/media\/2016\/11\/ThinkstockPhotos-523690004.jpg\"><img loading=\"lazy\" decoding=\"async\" class=\"wp-image-27567 aligncenter\" src=\"https:\/\/empresas.infoempleo.com\/hrtrends\/media\/2016\/11\/ThinkstockPhotos-523690004.jpg\" alt=\"Empleo juvenil\" width=\"422\" height=\"281\" srcset=\"https:\/\/empresas.infoempleo.com\/hrtrends\/media\/2016\/11\/ThinkstockPhotos-523690004.jpg 881w, https:\/\/empresas.infoempleo.com\/hrtrends\/media\/2016\/11\/ThinkstockPhotos-523690004-300x200.jpg 300w, https:\/\/empresas.infoempleo.com\/hrtrends\/media\/2016\/11\/ThinkstockPhotos-523690004-768x512.jpg 768w\" sizes=\"auto, (max-width: 422px) 100vw, 422px\" \/><\/a><\/p>\n<h2>\u00bfCu\u00e1les ser\u00e1n las iniciativas que destaquen?<\/h2>\n<p><strong>En lo que se va a fijar el jurado<\/strong> a la hora de emitir el fallo ser\u00e1 en aspectos que se puedan observar, como el impacto que han tenido determinadas acciones de la empresa candidata en la creaci\u00f3n de empleo juvenil, que hayan generado puestos de calidad y estables, que el proyecto de la empresa tenga consistencia e intenci\u00f3n de perdurar, que hayan propuesto m\u00e9todos innovadores para conseguir su objetivo, que tengan un alcance geogr\u00e1fico relevante en algunos casos, que cuenten con una cifra de beneficiarios y, por \u00faltimo, se valorar\u00e1 especialmente que las acciones de impulso del empleo se hayan dirigido a colectivos y grupos de j\u00f3venes que se encuentran en una situaci\u00f3n m\u00e1s vulnerable.<\/p>\n<p>Si est\u00e1is pensando en presentaros a estos premios, <a href=\"https:\/\/www.fundacionmahousanmiguel.com:443\/\">enviad vuestra solicitud<\/a> (pero, cuidado, no envi\u00e9is info de m\u00e1s que os penaliza). <strong>Ten\u00e9is hasta el 4 de diciembre<\/strong> para hacerlo.<\/p>\n","protected":false},"excerpt":{"rendered":"<p>Apostar por dar empleo a los j\u00f3venes no solo es una excelente medida para ayudar a que consoliden<a class=\"moretag\" href=\"https:\/\/empresas.infoempleo.com\/hrtrends\/premio-quien-impulse-empleo-juvenil\/\"> Leer m\u00e1s<\/a><\/p>\n","protected":false},"author":28,"featured_media":27526,"comment_status":"closed","ping_status":"open","sticky":false,"template":"","format":"standard","meta":{"footnotes":""},"categories":[3],"tags":[2967,2186,1806],"class_list":["post-27525","post","type-post","status-publish","format-standard","has-post-thumbnail","hentry","category-actualidad","tag-paro-juvenil","tag-premio","tag-tercer-sector"],"yoast_head":"<!-- This site is optimized with the Yoast SEO plugin v26.1.1 - https:\/\/yoast.com\/wordpress\/plugins\/seo\/ -->\n<title>Premio para quien impulse el empleo juvenil | HRTRENDS<\/title>\n<meta name=\"description\" content=\"Apostar por dar empleo a los j\u00f3venes no solo es una excelente medida para ayudar a que consoliden su trayectoria, sino que puede tener su premio.\" \/>\n<meta name=\"robots\" content=\"index, follow, max-snippet:-1, max-image-preview:large, max-video-preview:-1\" \/>\n<link rel=\"canonical\" href=\"https:\/\/empresas.infoempleo.com\/hrtrends\/premio-quien-impulse-empleo-juvenil\/\" \/>\n<meta property=\"og:locale\" content=\"es_ES\" \/>\n<meta property=\"og:type\" content=\"article\" \/>\n<meta property=\"og:title\" content=\"Premio para quien impulse el empleo juvenil | HRTRENDS\" \/>\n<meta property=\"og:description\" content=\"Apostar por dar empleo a los j\u00f3venes no solo es una excelente medida para ayudar a que consoliden su trayectoria, sino que puede tener su premio.\" \/>\n<meta property=\"og:url\" content=\"https:\/\/empresas.infoempleo.com\/hrtrends\/premio-quien-impulse-empleo-juvenil\/\" \/>\n<meta property=\"og:site_name\" content=\"HRTRENDS\" \/>\n<meta property=\"article:publisher\" content=\"https:\/\/www.facebook.com\/Infoempleo\" \/>\n<meta property=\"article:published_time\" content=\"2016-11-22T06:30:16+00:00\" \/>\n<meta property=\"article:modified_time\" content=\"2018-05-23T14:51:27+00:00\" \/>\n<meta property=\"og:image\" content=\"https:\/\/empresas.infoempleo.com\/hrtrends\/media\/2016\/11\/ThinkstockPhotos-510410894.jpg\" \/>\n\t<meta property=\"og:image:width\" content=\"881\" \/>\n\t<meta property=\"og:image:height\" content=\"587\" \/>\n\t<meta property=\"og:image:type\" content=\"image\/jpeg\" \/>\n<meta name=\"author\" content=\"Ester Carrasco\" \/>\n<meta name=\"twitter:card\" content=\"summary_large_image\" \/>\n<meta name=\"twitter:creator\" content=\"@infoempleo\" \/>\n<meta name=\"twitter:site\" content=\"@infoempleo\" \/>\n<meta name=\"twitter:label1\" content=\"Escrito por\" \/>\n\t<meta name=\"twitter:data1\" content=\"Ester Carrasco\" \/>\n\t<meta name=\"twitter:label2\" content=\"Tiempo de lectura\" \/>\n\t<meta name=\"twitter:data2\" content=\"2 minutos\" \/>\n<script type=\"application\/ld+json\" class=\"yoast-schema-graph\">{\"@context\":\"https:\/\/schema.org\",\"@graph\":[{\"@type\":\"NewsArticle\",\"@id\":\"https:\/\/empresas.infoempleo.com\/hrtrends\/premio-quien-impulse-empleo-juvenil\/#article\",\"isPartOf\":{\"@id\":\"https:\/\/empresas.infoempleo.com\/hrtrends\/premio-quien-impulse-empleo-juvenil\/\"},\"author\":{\"name\":\"Ester Carrasco\",\"@id\":\"https:\/\/empresas.infoempleo.com\/hrtrends\/#\/schema\/person\/b5f470bbbcd4f7f0a6b8e4a99fd663a1\"},\"headline\":\"Premio para quien impulse el empleo juvenil\",\"datePublished\":\"2016-11-22T06:30:16+00:00\",\"dateModified\":\"2018-05-23T14:51:27+00:00\",\"mainEntityOfPage\":{\"@id\":\"https:\/\/empresas.infoempleo.com\/hrtrends\/premio-quien-impulse-empleo-juvenil\/\"},\"wordCount\":501,\"publisher\":{\"@id\":\"https:\/\/empresas.infoempleo.com\/hrtrends\/#organization\"},\"image\":{\"@id\":\"https:\/\/empresas.infoempleo.com\/hrtrends\/premio-quien-impulse-empleo-juvenil\/#primaryimage\"},\"thumbnailUrl\":\"https:\/\/empresas.infoempleo.com\/hrtrends\/media\/2016\/11\/ThinkstockPhotos-510410894.jpg\",\"keywords\":[\"paro juvenil\",\"premio\",\"tercer sector\"],\"articleSection\":[\"Actualidad\"],\"inLanguage\":\"es\",\"copyrightYear\":\"2016\",\"copyrightHolder\":{\"@id\":\"https:\/\/empresas.infoempleo.com\/hrtrends\/#organization\"}},{\"@type\":\"WebPage\",\"@id\":\"https:\/\/empresas.infoempleo.com\/hrtrends\/premio-quien-impulse-empleo-juvenil\/\",\"url\":\"https:\/\/empresas.infoempleo.com\/hrtrends\/premio-quien-impulse-empleo-juvenil\/\",\"name\":\"Premio para quien impulse el empleo juvenil | HRTRENDS\",\"isPartOf\":{\"@id\":\"https:\/\/empresas.infoempleo.com\/hrtrends\/#website\"},\"primaryImageOfPage\":{\"@id\":\"https:\/\/empresas.infoempleo.com\/hrtrends\/premio-quien-impulse-empleo-juvenil\/#primaryimage\"},\"image\":{\"@id\":\"https:\/\/empresas.infoempleo.com\/hrtrends\/premio-quien-impulse-empleo-juvenil\/#primaryimage\"},\"thumbnailUrl\":\"https:\/\/empresas.infoempleo.com\/hrtrends\/media\/2016\/11\/ThinkstockPhotos-510410894.jpg\",\"datePublished\":\"2016-11-22T06:30:16+00:00\",\"dateModified\":\"2018-05-23T14:51:27+00:00\",\"description\":\"Apostar por dar empleo a los j\u00f3venes no solo es una excelente medida para ayudar a que consoliden su trayectoria, sino que puede tener su premio.\",\"breadcrumb\":{\"@id\":\"https:\/\/empresas.infoempleo.com\/hrtrends\/premio-quien-impulse-empleo-juvenil\/#breadcrumb\"},\"inLanguage\":\"es\",\"potentialAction\":[{\"@type\":\"ReadAction\",\"target\":[\"https:\/\/empresas.infoempleo.com\/hrtrends\/premio-quien-impulse-empleo-juvenil\/\"]}]},{\"@type\":\"ImageObject\",\"inLanguage\":\"es\",\"@id\":\"https:\/\/empresas.infoempleo.com\/hrtrends\/premio-quien-impulse-empleo-juvenil\/#primaryimage\",\"url\":\"https:\/\/empresas.infoempleo.com\/hrtrends\/media\/2016\/11\/ThinkstockPhotos-510410894-150x150.jpg\",\"contentUrl\":\"https:\/\/empresas.infoempleo.com\/hrtrends\/media\/2016\/11\/ThinkstockPhotos-510410894-150x150.jpg\",\"width\":150,\"height\":150,\"caption\":\"I Premio al Impulso del Empleo Juvenil\"},{\"@type\":\"BreadcrumbList\",\"@id\":\"https:\/\/empresas.infoempleo.com\/hrtrends\/premio-quien-impulse-empleo-juvenil\/#breadcrumb\",\"itemListElement\":[{\"@type\":\"ListItem\",\"position\":1,\"name\":\"Portada\",\"item\":\"https:\/\/empresas.infoempleo.com\/hrtrends\/\"},{\"@type\":\"ListItem\",\"position\":2,\"name\":\"Premio para quien impulse el empleo juvenil\"}]},{\"@type\":\"WebSite\",\"@id\":\"https:\/\/empresas.infoempleo.com\/hrtrends\/#website\",\"url\":\"https:\/\/empresas.infoempleo.com\/hrtrends\",\"name\":\"HRTrends by Infoempleo\",\"description\":\"\",\"publisher\":{\"@id\":\"https:\/\/empresas.infoempleo.com\/hrtrends\/#organization\"},\"potentialAction\":{\"@type\":\"SearchAction\",\"target\":\"https:\/\/empresas.infoempleo.com\/hrtrends\/?s={search_term_string}\",\"query-input\":\"required name=search_term_string\"},\"inLanguage\":\"es\"},{\"@type\":\"Organization\",\"@id\":\"https:\/\/empresas.infoempleo.com\/hrtrends\/#organization\",\"name\":\"Infoempleo\",\"url\":\"https:\/\/www.infoempleo.com\/\",\"logo\":{\"@type\":\"ImageObject\",\"@id\":\"https:\/\/empresas.infoempleo.com\/hrtrends\/#logo\",\"inLanguage\":\"es\",\"url\":\"https:\/\/cdnazure.infoempleo.com\/infoempleo\/assets\/style\/gfx\/logo.svg\",\"contentUrl\":\"https:\/\/cdnazure.infoempleo.com\/infoempleo\/assets\/style\/gfx\/logo.svg\",\"width\":150,\"height\":40,\"caption\":\"Infoempleo\"},\"image\":{\"@id\":\"https:\/\/empresas.infoempleo.com\/hrtrends\/#logo\"},\"sameAs\":[\"https:\/\/www.facebook.com\/Infoempleo\",\"https:\/\/x.com\/infoempleo\",\"http:\/\/instagram.com\/infoempleo\/\",\"http:\/\/www.linkedin.com\/groups\/Empleo-Espa\u00f1a-Infoempleocom-111276\",\"http:\/\/pinterest.com\/infoempleo\/\"],\"address\":{\"@type\":\"PostalAddress\",\"addressLocality\":\"Madrid\",\"postalCode\":\"28050\",\"streetAddress\":\"Avenida de Burgos 114\"},\"brand\":[\"Infoempleo\"]},{\"@type\":\"Person\",\"@id\":\"https:\/\/empresas.infoempleo.com\/hrtrends\/#\/schema\/person\/b5f470bbbcd4f7f0a6b8e4a99fd663a1\",\"name\":\"Ester Carrasco\",\"image\":{\"@type\":\"ImageObject\",\"inLanguage\":\"es\",\"@id\":\"https:\/\/empresas.infoempleo.com\/hrtrends\/#\/schema\/person\/image\/\",\"url\":\"https:\/\/secure.gravatar.com\/avatar\/faf8039f7480ebcd5f937fefead903a7965a3f0af255f45f22a6bfbcbf6f16cf?s=96&d=mm&r=g\",\"contentUrl\":\"https:\/\/secure.gravatar.com\/avatar\/faf8039f7480ebcd5f937fefead903a7965a3f0af255f45f22a6bfbcbf6f16cf?s=96&d=mm&r=g\",\"caption\":\"Ester Carrasco\"},\"description\":\"Licenciada en Filosof\u00eda, cuento con una amplia experiencia en el mundo editorial, en el que he tenido oportunidad de desarrollar mi perfil como editora, redactora y correctora. Me mantengo al d\u00eda de las noticias y novedades relacionadas con el empleo y el \u00e1mbito laboral. Tambi\u00e9n me interesan los temas de orientaci\u00f3n acad\u00e9mica y profesional para el desarrollo y construcci\u00f3n de perfiles laborales, as\u00ed como las formas de reclutar talento y de demostrarlo.\",\"url\":\"https:\/\/empresas.infoempleo.com\/hrtrends\/author\/ecarrascoagenciayerro\/\"}]}<\/script>\n<!-- \/ Yoast SEO plugin. -->","yoast_head_json":{"title":"Premio para quien impulse el empleo juvenil | HRTRENDS","description":"Apostar por dar empleo a los j\u00f3venes no solo es una excelente medida para ayudar a que consoliden su trayectoria, sino que puede tener su premio.","robots":{"index":"index","follow":"follow","max-snippet":"max-snippet:-1","max-image-preview":"max-image-preview:large","max-video-preview":"max-video-preview:-1"},"canonical":"https:\/\/empresas.infoempleo.com\/hrtrends\/premio-quien-impulse-empleo-juvenil\/","og_locale":"es_ES","og_type":"article","og_title":"Premio para quien impulse el empleo juvenil | HRTRENDS","og_description":"Apostar por dar empleo a los j\u00f3venes no solo es una excelente medida para ayudar a que consoliden su trayectoria, sino que puede tener su premio.","og_url":"https:\/\/empresas.infoempleo.com\/hrtrends\/premio-quien-impulse-empleo-juvenil\/","og_site_name":"HRTRENDS","article_publisher":"https:\/\/www.facebook.com\/Infoempleo","article_published_time":"2016-11-22T06:30:16+00:00","article_modified_time":"2018-05-23T14:51:27+00:00","og_image":[{"width":881,"height":587,"url":"https:\/\/empresas.infoempleo.com\/hrtrends\/media\/2016\/11\/ThinkstockPhotos-510410894.jpg","type":"image\/jpeg"}],"author":"Ester Carrasco","twitter_card":"summary_large_image","twitter_creator":"@infoempleo","twitter_site":"@infoempleo","twitter_misc":{"Escrito por":"Ester Carrasco","Tiempo de lectura":"2 minutos"},"schema":{"@context":"https:\/\/schema.org","@graph":[{"@type":"NewsArticle","@id":"https:\/\/empresas.infoempleo.com\/hrtrends\/premio-quien-impulse-empleo-juvenil\/#article","isPartOf":{"@id":"https:\/\/empresas.infoempleo.com\/hrtrends\/premio-quien-impulse-empleo-juvenil\/"},"author":{"name":"Ester Carrasco","@id":"https:\/\/empresas.infoempleo.com\/hrtrends\/#\/schema\/person\/b5f470bbbcd4f7f0a6b8e4a99fd663a1"},"headline":"Premio para quien impulse el empleo juvenil","datePublished":"2016-11-22T06:30:16+00:00","dateModified":"2018-05-23T14:51:27+00:00","mainEntityOfPage":{"@id":"https:\/\/empresas.infoempleo.com\/hrtrends\/premio-quien-impulse-empleo-juvenil\/"},"wordCount":501,"publisher":{"@id":"https:\/\/empresas.infoempleo.com\/hrtrends\/#organization"},"image":{"@id":"https:\/\/empresas.infoempleo.com\/hrtrends\/premio-quien-impulse-empleo-juvenil\/#primaryimage"},"thumbnailUrl":"https:\/\/empresas.infoempleo.com\/hrtrends\/media\/2016\/11\/ThinkstockPhotos-510410894.jpg","keywords":["paro juvenil","premio","tercer sector"],"articleSection":["Actualidad"],"inLanguage":"es","copyrightYear":"2016","copyrightHolder":{"@id":"https:\/\/empresas.infoempleo.com\/hrtrends\/#organization"}},{"@type":"WebPage","@id":"https:\/\/empresas.infoempleo.com\/hrtrends\/premio-quien-impulse-empleo-juvenil\/","url":"https:\/\/empresas.infoempleo.com\/hrtrends\/premio-quien-impulse-empleo-juvenil\/","name":"Premio para quien impulse el empleo juvenil | HRTRENDS","isPartOf":{"@id":"https:\/\/empresas.infoempleo.com\/hrtrends\/#website"},"primaryImageOfPage":{"@id":"https:\/\/empresas.infoempleo.com\/hrtrends\/premio-quien-impulse-empleo-juvenil\/#primaryimage"},"image":{"@id":"https:\/\/empresas.infoempleo.com\/hrtrends\/premio-quien-impulse-empleo-juvenil\/#primaryimage"},"thumbnailUrl":"https:\/\/empresas.infoempleo.com\/hrtrends\/media\/2016\/11\/ThinkstockPhotos-510410894.jpg","datePublished":"2016-11-22T06:30:16+00:00","dateModified":"2018-05-23T14:51:27+00:00","description":"Apostar por dar empleo a los j\u00f3venes no solo es una excelente medida para ayudar a que consoliden su trayectoria, sino que puede tener su premio.","breadcrumb":{"@id":"https:\/\/empresas.infoempleo.com\/hrtrends\/premio-quien-impulse-empleo-juvenil\/#breadcrumb"},"inLanguage":"es","potentialAction":[{"@type":"ReadAction","target":["https:\/\/empresas.infoempleo.com\/hrtrends\/premio-quien-impulse-empleo-juvenil\/"]}]},{"@type":"ImageObject","inLanguage":"es","@id":"https:\/\/empresas.infoempleo.com\/hrtrends\/premio-quien-impulse-empleo-juvenil\/#primaryimage","url":"https:\/\/empresas.infoempleo.com\/hrtrends\/media\/2016\/11\/ThinkstockPhotos-510410894-150x150.jpg","contentUrl":"https:\/\/empresas.infoempleo.com\/hrtrends\/media\/2016\/11\/ThinkstockPhotos-510410894-150x150.jpg","width":150,"height":150,"caption":"I Premio al Impulso del Empleo Juvenil"},{"@type":"BreadcrumbList","@id":"https:\/\/empresas.infoempleo.com\/hrtrends\/premio-quien-impulse-empleo-juvenil\/#breadcrumb","itemListElement":[{"@type":"ListItem","position":1,"name":"Portada","item":"https:\/\/empresas.infoempleo.com\/hrtrends\/"},{"@type":"ListItem","position":2,"name":"Premio para quien impulse el empleo juvenil"}]},{"@type":"WebSite","@id":"https:\/\/empresas.infoempleo.com\/hrtrends\/#website","url":"https:\/\/empresas.infoempleo.com\/hrtrends","name":"HRTrends by Infoempleo","description":"","publisher":{"@id":"https:\/\/empresas.infoempleo.com\/hrtrends\/#organization"},"potentialAction":{"@type":"SearchAction","target":"https:\/\/empresas.infoempleo.com\/hrtrends\/?s={search_term_string}","query-input":"required name=search_term_string"},"inLanguage":"es"},{"@type":"Organization","@id":"https:\/\/empresas.infoempleo.com\/hrtrends\/#organization","name":"Infoempleo","url":"https:\/\/www.infoempleo.com\/","logo":{"@type":"ImageObject","@id":"https:\/\/empresas.infoempleo.com\/hrtrends\/#logo","inLanguage":"es","url":"https:\/\/cdnazure.infoempleo.com\/infoempleo\/assets\/style\/gfx\/logo.svg","contentUrl":"https:\/\/cdnazure.infoempleo.com\/infoempleo\/assets\/style\/gfx\/logo.svg","width":150,"height":40,"caption":"Infoempleo"},"image":{"@id":"https:\/\/empresas.infoempleo.com\/hrtrends\/#logo"},"sameAs":["https:\/\/www.facebook.com\/Infoempleo","https:\/\/x.com\/infoempleo","http:\/\/instagram.com\/infoempleo\/","http:\/\/www.linkedin.com\/groups\/Empleo-Espa\u00f1a-Infoempleocom-111276","http:\/\/pinterest.com\/infoempleo\/"],"address":{"@type":"PostalAddress","addressLocality":"Madrid","postalCode":"28050","streetAddress":"Avenida de Burgos 114"},"brand":["Infoempleo"]},{"@type":"Person","@id":"https:\/\/empresas.infoempleo.com\/hrtrends\/#\/schema\/person\/b5f470bbbcd4f7f0a6b8e4a99fd663a1","name":"Ester Carrasco","image":{"@type":"ImageObject","inLanguage":"es","@id":"https:\/\/empresas.infoempleo.com\/hrtrends\/#\/schema\/person\/image\/","url":"https:\/\/secure.gravatar.com\/avatar\/faf8039f7480ebcd5f937fefead903a7965a3f0af255f45f22a6bfbcbf6f16cf?s=96&d=mm&r=g","contentUrl":"https:\/\/secure.gravatar.com\/avatar\/faf8039f7480ebcd5f937fefead903a7965a3f0af255f45f22a6bfbcbf6f16cf?s=96&d=mm&r=g","caption":"Ester Carrasco"},"description":"Licenciada en Filosof\u00eda, cuento con una amplia experiencia en el mundo editorial, en el que he tenido oportunidad de desarrollar mi perfil como editora, redactora y correctora. Me mantengo al d\u00eda de las noticias y novedades relacionadas con el empleo y el \u00e1mbito laboral. Tambi\u00e9n me interesan los temas de orientaci\u00f3n acad\u00e9mica y profesional para el desarrollo y construcci\u00f3n de perfiles laborales, as\u00ed como las formas de reclutar talento y de demostrarlo.","url":"https:\/\/empresas.infoempleo.com\/hrtrends\/author\/ecarrascoagenciayerro\/"}]}},"amp_enabled":true,"_links":{"self":[{"href":"https:\/\/empresas.infoempleo.com\/hrtrends\/wp-json\/wp\/v2\/posts\/27525","targetHints":{"allow":["GET"]}}],"collection":[{"href":"https:\/\/empresas.infoempleo.com\/hrtrends\/wp-json\/wp\/v2\/posts"}],"about":[{"href":"https:\/\/empresas.infoempleo.com\/hrtrends\/wp-json\/wp\/v2\/types\/post"}],"author":[{"embeddable":true,"href":"https:\/\/empresas.infoempleo.com\/hrtrends\/wp-json\/wp\/v2\/users\/28"}],"replies":[{"embeddable":true,"href":"https:\/\/empresas.infoempleo.com\/hrtrends\/wp-json\/wp\/v2\/comments?post=27525"}],"version-history":[{"count":0,"href":"https:\/\/empresas.infoempleo.com\/hrtrends\/wp-json\/wp\/v2\/posts\/27525\/revisions"}],"wp:featuredmedia":[{"embeddable":true,"href":"https:\/\/empresas.infoempleo.com\/hrtrends\/wp-json\/wp\/v2\/media\/27526"}],"wp:attachment":[{"href":"https:\/\/empresas.infoempleo.com\/hrtrends\/wp-json\/wp\/v2\/media?parent=27525"}],"wp:term":[{"taxonomy":"category","embeddable":true,"href":"https:\/\/empresas.infoempleo.com\/hrtrends\/wp-json\/wp\/v2\/categories?post=27525"},{"taxonomy":"post_tag","embeddable":true,"href":"https:\/\/empresas.infoempleo.com\/hrtrends\/wp-json\/wp\/v2\/tags?post=27525"}],"curies":[{"name":"wp","href":"https:\/\/api.w.org\/{rel}","templated":true}]}}