{"id":27420,"date":"2016-11-11T16:00:42","date_gmt":"2016-11-11T15:00:42","guid":{"rendered":"http:\/\/blog.infoempleo.com\/?post_type=post&#038;p=27420"},"modified":"2024-08-29T17:48:53","modified_gmt":"2024-08-29T15:48:53","slug":"marca-personal-ponte-valor","status":"publish","type":"post","link":"https:\/\/empresas.infoempleo.com\/hrtrends\/marca-personal-ponte-valor\/","title":{"rendered":"Marca personal entre directivos: Ponte en Valor"},"content":{"rendered":"<p>Si todav\u00eda no sabes qu\u00e9 es la<strong> marca personal<\/strong> y <a href=\"http:\/\/blog.infoempleo.com\/tag\/marca-personal\/\">c\u00f3mo puede ayudarte en tu trayectoria profesional<\/a>, es el momento de que te pongas al d\u00eda. Quiz\u00e1s pienses que \u00e9ste es un \u00e1mbito reservado a los profesionales que buscan activamente empleo\u00a0o aquellos perfiles que quieren seguir creciendo en su carrera.\u00a0Pero, \u00bfqu\u00e9 ocurre con los directivos?, \u00bfnecesitan destacar su perfil profesional\u00a0o est\u00e1n exentos de hacerlo por ocupar una posici\u00f3n de liderazgo en una compa\u00f1\u00eda? Lo cierto es que no, \u00a1ellos tambi\u00e9n deben trabajarla! Y es que su\u00a0huella influye, y mucho m\u00e1s de lo que se pueda pensar, ya que todo lo que hacen tiene una importante repercusi\u00f3n entre sus\u00a0empleados y <em>stakeholders.\u00a0<\/em><\/p>\n<h2>Ponte en Valor<\/h2>\n<p>Hoy te contamos en qu\u00e9 consiste este\u00a0proyecto innovador dirigido, seg\u00fan explican sus creadores, \u00aba llevar la marca personal al siguiente nivel con el fin de que los directivos sean un referente en su sector y abanderados de su marca\u00bb. La idea es ayudar a que \u00e9stos comprendan la nueva econom\u00eda en la que ya nos encontramos, y puedan mejorar la manera de liderar a su equipo, aprendiendo a\u00a0gestionar las emociones que son capaces de transmitir y, por ende, la gesti\u00f3n de su marca personal.<\/p>\n<p><img loading=\"lazy\" decoding=\"async\" class=\"aligncenter size-full wp-image-27443\" src=\"https:\/\/empresas.infoempleo.com\/hrtrends\/media\/2016\/11\/Untitled-4-1.png\" alt=\"Proyecto Ponte en Valor\" width=\"600\" height=\"192\" srcset=\"https:\/\/empresas.infoempleo.com\/hrtrends\/media\/2016\/11\/Untitled-4-1.png 600w, https:\/\/empresas.infoempleo.com\/hrtrends\/media\/2016\/11\/Untitled-4-1-300x96.png 300w\" sizes=\"auto, (max-width: 600px) 100vw, 600px\" \/><\/p>\n<p>Para ponerlo en marcha,\u00a0tres\u00a0generaciones se han unido en actitud y conocimientos para crear este\u00a0<em>workshop:\u00a0<\/em><strong>Eva Collado,<\/strong>\u00a0consultora estrat\u00e9gica en innovaci\u00f3n, transformaci\u00f3n y digitalizaci\u00f3n del Capital humano y organizaciones, a quien ya conocimos un poco mejor gracias a su libro <em>\u00abMarca Eres T\u00fa\u00bb<\/em>\u00a0que sorteamos entre todos nuestros seguidores, <strong>Guillem Recolons<\/strong>, publicitario, <em>blogger<\/em> y especialista\u00a0en marca personal, transformaci\u00f3n digital y comunicaci\u00f3n online, y <strong>Fran Segarra<\/strong>,\u00a0psic\u00f3logo, emprendedor, <em>blogger<\/em> y especialista en Marca Personal, Marketing On-Line y comunicaci\u00f3n digital.<\/p>\n<h2>\u00bfQu\u00e9 es la marca personal?<\/h2>\n<p>Estos tres expertos tienen muy claro c\u00f3mo resolver esta cuesti\u00f3n:<\/p>\n<div class=\"su-quote su-quote-style-default su-quote-has-cite\"><div class=\"su-quote-inner su-u-clearfix su-u-trim\">Es todo aquello que somos, hacemos, decimos, compartimos as\u00ed como el valor que somos capaces de generar en los dem\u00e1s. Es la suma de nuestros valores y de c\u00f3mo somos valorados por nuestro entorno, es el impacto de la huella que dejamos en el camino de nuestra vida personal y profesional. Son t<strong>odas aquellas acciones que nos anteceden y nos abren puertas a terceros<\/strong> porque quieren tenernos cerca y contar con nosotros en su vida, entorno y proyectos. <strong>Es una estrategia y un camino<\/strong> a recorrer que nos lleva al futuro en el que deseamos estar.<span class=\"su-quote-cite\">Eva Collado<\/span><\/div><\/div>\n<div class=\"su-quote su-quote-style-default su-quote-has-cite\"><div class=\"su-quote-inner su-u-clearfix su-u-trim\">Necesitamos tener en cuenta tres aspectos fundamentales: 1. Qui\u00e9nes somos y <strong>qu\u00e9 marca dejamos<\/strong> en los dem\u00e1s. 2. Qu\u00e9 objetivos tenemos y c\u00f3mo vamos a llevar a cabo nuestro plan y 3. C\u00f3mo vamos a <strong>comunicar nuestro plan a los mercados<\/strong> para conectar con las personas que queremos y obtener resultados tangibles.<span class=\"su-quote-cite\">Guillem Recolons<\/span><\/div><\/div>\n<div class=\"su-quote su-quote-style-default su-quote-has-cite\"><div class=\"su-quote-inner su-u-clearfix su-u-trim\">Es una de las oportunidades m\u00e1s claras de las que disponemos hoy en d\u00eda para empezar a <strong>tomar las riendas de nuestra vida<\/strong>. No va realmente de visibilidad, ni de red, ni de conexi\u00f3n, ni de imagen, ni de cooperaci\u00f3n&#8230; es todo eso pero mucho m\u00e1s. Va de la toma del control de tus acciones, eso significa que tus \u00e9xitos y tus fracasos ser\u00e1n aplicables a ti. <strong>Es algo que nace de uno mismo y luego, se proyecta en el mundo<\/strong>. El trabajo en marca personal es trabajar para crear nuevas actitudes frente a nosotros mismos y sobre aquello que nos rodea, tanto en la dimensi\u00f3n profesional como personal.<span class=\"su-quote-cite\">Fran Segarra<\/span><\/div><\/div>\n<p><img loading=\"lazy\" decoding=\"async\" class=\"aligncenter size-full wp-image-27435\" src=\"https:\/\/empresas.infoempleo.com\/hrtrends\/media\/2016\/11\/los3.jpg\" alt=\"Eva Collado, Guillem Recolons y Fran Segarra\" width=\"600\" height=\"350\" srcset=\"https:\/\/empresas.infoempleo.com\/hrtrends\/media\/2016\/11\/los3.jpg 600w, https:\/\/empresas.infoempleo.com\/hrtrends\/media\/2016\/11\/los3-300x175.jpg 300w\" sizes=\"auto, (max-width: 600px) 100vw, 600px\" \/><\/p>\n<p>&nbsp;<\/p>\n<h2>Mucho m\u00e1s que una formaci\u00f3n<\/h2>\n<p>El w<em>orkshop<\/em> gira alrededor de varios objetivos, entre los que se encuentran: que los directivos descubran cu\u00e1l es su marca personal, que conozcan los factores de marca que les hacen \u00fanicos y les humanizan, que consigan interiorizar la visi\u00f3n, misi\u00f3n y valores de la organizaci\u00f3n y la marca corporativa como propios o que aprendan a trabajar con entornos personales de aprendizaje que les permitan encontrar los mejores contenidos relacionados con su \u00e1rea de actividad, a\u00f1adiendo su punto de vista y que los compartan en los medios sociales afines.<\/p>\n<p>Seg\u00fan explica Eva Collado, \u00abno existe ahora mismo un producto similar en el mercado, <strong>tras 12 horas de formaci\u00f3n los participantes salen con su lienzo de marca personal<\/strong> y con objetivos a corto, medio y largo plazo bien definidos\u00bb. Adem\u00e1s Guillen Recolons destaca que \u00ab<strong>la experiencia es \u00fanica<\/strong>, por lo pr\u00e1ctico y por lo vivencial\u00bb y Fran Segarra asegura que es un servicio que huye de etiquetas: \u00abNo acuden a una formaci\u00f3n, nos\u00a0<strong>contratan a los tres para trabajar su marca personal<\/strong>. Y vamos poner<em> toda la carne en el asador<\/em>\u00a0para que se vayan con su estrategia de <em>personal branding<\/em> bajo el brazo\u00bb. Adem\u00e1s, como dato curioso, los<em> post-it<\/em>\u00a0juegan un papel fundamental durante las din\u00e1micas: \u00abPermiten\u00a0una mejor gesti\u00f3n de nuestras etiquetas, mejor memorizaci\u00f3n del trabajo realizado y un entorno de trabajo visual, con poca literatura y muchas palabras clave\u00bb.<\/p>\n<h2>Pr\u00f3ximas presentaciones<\/h2>\n<p>Puedes conocer todos los detalles del proyecto en las citas que tienen en Castell\u00f3n los d\u00edas 2 y 3 de Diciembre, en Gij\u00f3n el 13 y 14 de Enero, en Madrid el 20 y 21 de enero y en Mallorca el 10 y 11 de Febrero. Puedes revisar las fechas de futuras presentaciones a\u00a0trav\u00e9s de su\u00a0web\u00a0<a href=\"https:\/\/www.pontenvalor.com\/\">www.pontenvalor.com<\/a><\/p>\n<p>&nbsp;<\/p>\n","protected":false},"excerpt":{"rendered":"<p>Si todav\u00eda no sabes qu\u00e9 es la marca personal y c\u00f3mo puede ayudarte en tu trayectoria profesional, es<a class=\"moretag\" href=\"https:\/\/empresas.infoempleo.com\/hrtrends\/marca-personal-ponte-valor\/\"> Leer m\u00e1s<\/a><\/p>\n","protected":false},"author":83,"featured_media":27445,"comment_status":"closed","ping_status":"open","sticky":false,"template":"","format":"standard","meta":{"footnotes":""},"categories":[3],"tags":[540,2469],"class_list":["post-27420","post","type-post","status-publish","format-standard","has-post-thumbnail","hentry","category-actualidad","tag-consejos-2","tag-marca-personal"],"yoast_head":"<!-- This site is optimized with the Yoast SEO plugin v26.1.1 - https:\/\/yoast.com\/wordpress\/plugins\/seo\/ -->\n<title>Marca personal: Ponte en Valor<\/title>\n<meta name=\"description\" content=\"Si todav\u00eda no sabes qu\u00e9 es la marca personal y c\u00f3mo puede ayudarte en tu trayectoria profesional, es el momento de que te pongas al d\u00eda.\" \/>\n<meta name=\"robots\" content=\"index, follow, max-snippet:-1, max-image-preview:large, max-video-preview:-1\" \/>\n<link rel=\"canonical\" href=\"https:\/\/empresas.infoempleo.com\/hrtrends\/marca-personal-ponte-valor\/\" \/>\n<meta property=\"og:locale\" content=\"es_ES\" \/>\n<meta property=\"og:type\" content=\"article\" \/>\n<meta property=\"og:title\" content=\"Marca personal: Ponte en Valor\" \/>\n<meta property=\"og:description\" content=\"Si todav\u00eda no sabes qu\u00e9 es la marca personal y c\u00f3mo puede ayudarte en tu trayectoria profesional, es el momento de que te pongas al d\u00eda.\" \/>\n<meta property=\"og:url\" content=\"https:\/\/empresas.infoempleo.com\/hrtrends\/marca-personal-ponte-valor\/\" \/>\n<meta property=\"og:site_name\" content=\"HRTRENDS\" \/>\n<meta property=\"article:publisher\" content=\"https:\/\/www.facebook.com\/Infoempleo\" \/>\n<meta property=\"article:published_time\" content=\"2016-11-11T15:00:42+00:00\" \/>\n<meta property=\"article:modified_time\" content=\"2024-08-29T15:48:53+00:00\" \/>\n<meta property=\"og:image\" content=\"https:\/\/empresas.infoempleo.com\/hrtrends\/media\/2016\/11\/ThinkstockPhotos-492386354.jpg\" \/>\n\t<meta property=\"og:image:width\" content=\"1280\" \/>\n\t<meta property=\"og:image:height\" content=\"854\" \/>\n\t<meta property=\"og:image:type\" content=\"image\/jpeg\" \/>\n<meta name=\"author\" content=\"Coral Ja\u00e9n\" \/>\n<meta name=\"twitter:card\" content=\"summary_large_image\" \/>\n<meta name=\"twitter:creator\" content=\"@infoempleo\" \/>\n<meta name=\"twitter:site\" content=\"@infoempleo\" \/>\n<meta name=\"twitter:label1\" content=\"Escrito por\" \/>\n\t<meta name=\"twitter:data1\" content=\"Coral Ja\u00e9n\" \/>\n\t<meta name=\"twitter:label2\" content=\"Tiempo de lectura\" \/>\n\t<meta name=\"twitter:data2\" content=\"5 minutos\" \/>\n<script type=\"application\/ld+json\" class=\"yoast-schema-graph\">{\"@context\":\"https:\/\/schema.org\",\"@graph\":[{\"@type\":\"NewsArticle\",\"@id\":\"https:\/\/empresas.infoempleo.com\/hrtrends\/marca-personal-ponte-valor\/#article\",\"isPartOf\":{\"@id\":\"https:\/\/empresas.infoempleo.com\/hrtrends\/marca-personal-ponte-valor\/\"},\"author\":{\"name\":\"Coral Ja\u00e9n\",\"@id\":\"https:\/\/empresas.infoempleo.com\/hrtrends\/#\/schema\/person\/25f571bd9b66cedb5d1cd4f2d42c270e\"},\"headline\":\"Marca personal entre directivos: Ponte en Valor\",\"datePublished\":\"2016-11-11T15:00:42+00:00\",\"dateModified\":\"2024-08-29T15:48:53+00:00\",\"mainEntityOfPage\":{\"@id\":\"https:\/\/empresas.infoempleo.com\/hrtrends\/marca-personal-ponte-valor\/\"},\"wordCount\":930,\"publisher\":{\"@id\":\"https:\/\/empresas.infoempleo.com\/hrtrends\/#organization\"},\"image\":{\"@id\":\"https:\/\/empresas.infoempleo.com\/hrtrends\/marca-personal-ponte-valor\/#primaryimage\"},\"thumbnailUrl\":\"https:\/\/empresas.infoempleo.com\/hrtrends\/media\/2016\/11\/ThinkstockPhotos-492386354.jpg\",\"keywords\":[\"consejos\",\"marca personal\"],\"articleSection\":[\"Actualidad\"],\"inLanguage\":\"es\",\"copyrightYear\":\"2016\",\"copyrightHolder\":{\"@id\":\"https:\/\/empresas.infoempleo.com\/hrtrends\/#organization\"}},{\"@type\":\"WebPage\",\"@id\":\"https:\/\/empresas.infoempleo.com\/hrtrends\/marca-personal-ponte-valor\/\",\"url\":\"https:\/\/empresas.infoempleo.com\/hrtrends\/marca-personal-ponte-valor\/\",\"name\":\"Marca personal: Ponte en Valor\",\"isPartOf\":{\"@id\":\"https:\/\/empresas.infoempleo.com\/hrtrends\/#website\"},\"primaryImageOfPage\":{\"@id\":\"https:\/\/empresas.infoempleo.com\/hrtrends\/marca-personal-ponte-valor\/#primaryimage\"},\"image\":{\"@id\":\"https:\/\/empresas.infoempleo.com\/hrtrends\/marca-personal-ponte-valor\/#primaryimage\"},\"thumbnailUrl\":\"https:\/\/empresas.infoempleo.com\/hrtrends\/media\/2016\/11\/ThinkstockPhotos-492386354.jpg\",\"datePublished\":\"2016-11-11T15:00:42+00:00\",\"dateModified\":\"2024-08-29T15:48:53+00:00\",\"description\":\"Si todav\u00eda no sabes qu\u00e9 es la marca personal y c\u00f3mo puede ayudarte en tu trayectoria profesional, es el momento de que te pongas al d\u00eda.\",\"breadcrumb\":{\"@id\":\"https:\/\/empresas.infoempleo.com\/hrtrends\/marca-personal-ponte-valor\/#breadcrumb\"},\"inLanguage\":\"es\",\"potentialAction\":[{\"@type\":\"ReadAction\",\"target\":[\"https:\/\/empresas.infoempleo.com\/hrtrends\/marca-personal-ponte-valor\/\"]}]},{\"@type\":\"ImageObject\",\"inLanguage\":\"es\",\"@id\":\"https:\/\/empresas.infoempleo.com\/hrtrends\/marca-personal-ponte-valor\/#primaryimage\",\"url\":\"https:\/\/empresas.infoempleo.com\/hrtrends\/media\/2016\/11\/ThinkstockPhotos-492386354-150x150.jpg\",\"contentUrl\":\"https:\/\/empresas.infoempleo.com\/hrtrends\/media\/2016\/11\/ThinkstockPhotos-492386354-150x150.jpg\",\"width\":150,\"height\":150,\"caption\":\"Brainstorming session with post it notes on desk\"},{\"@type\":\"BreadcrumbList\",\"@id\":\"https:\/\/empresas.infoempleo.com\/hrtrends\/marca-personal-ponte-valor\/#breadcrumb\",\"itemListElement\":[{\"@type\":\"ListItem\",\"position\":1,\"name\":\"Portada\",\"item\":\"https:\/\/empresas.infoempleo.com\/hrtrends\/\"},{\"@type\":\"ListItem\",\"position\":2,\"name\":\"Marca personal entre directivos: Ponte en Valor\"}]},{\"@type\":\"WebSite\",\"@id\":\"https:\/\/empresas.infoempleo.com\/hrtrends\/#website\",\"url\":\"https:\/\/empresas.infoempleo.com\/hrtrends\",\"name\":\"HRTrends by Infoempleo\",\"description\":\"\",\"publisher\":{\"@id\":\"https:\/\/empresas.infoempleo.com\/hrtrends\/#organization\"},\"potentialAction\":{\"@type\":\"SearchAction\",\"target\":\"https:\/\/empresas.infoempleo.com\/hrtrends\/?s={search_term_string}\",\"query-input\":\"required name=search_term_string\"},\"inLanguage\":\"es\"},{\"@type\":\"Organization\",\"@id\":\"https:\/\/empresas.infoempleo.com\/hrtrends\/#organization\",\"name\":\"Infoempleo\",\"url\":\"https:\/\/www.infoempleo.com\/\",\"logo\":{\"@type\":\"ImageObject\",\"@id\":\"https:\/\/empresas.infoempleo.com\/hrtrends\/#logo\",\"inLanguage\":\"es\",\"url\":\"https:\/\/cdnazure.infoempleo.com\/infoempleo\/assets\/style\/gfx\/logo.svg\",\"contentUrl\":\"https:\/\/cdnazure.infoempleo.com\/infoempleo\/assets\/style\/gfx\/logo.svg\",\"width\":150,\"height\":40,\"caption\":\"Infoempleo\"},\"image\":{\"@id\":\"https:\/\/empresas.infoempleo.com\/hrtrends\/#logo\"},\"sameAs\":[\"https:\/\/www.facebook.com\/Infoempleo\",\"https:\/\/x.com\/infoempleo\",\"http:\/\/instagram.com\/infoempleo\/\",\"http:\/\/www.linkedin.com\/groups\/Empleo-Espa\u00f1a-Infoempleocom-111276\",\"http:\/\/pinterest.com\/infoempleo\/\"],\"address\":{\"@type\":\"PostalAddress\",\"addressLocality\":\"Madrid\",\"postalCode\":\"28050\",\"streetAddress\":\"Avenida de Burgos 114\"},\"brand\":[\"Infoempleo\"]},{\"@type\":\"Person\",\"@id\":\"https:\/\/empresas.infoempleo.com\/hrtrends\/#\/schema\/person\/25f571bd9b66cedb5d1cd4f2d42c270e\",\"name\":\"Coral Ja\u00e9n\",\"image\":{\"@type\":\"ImageObject\",\"inLanguage\":\"es\",\"@id\":\"https:\/\/empresas.infoempleo.com\/hrtrends\/#\/schema\/person\/image\/\",\"url\":\"https:\/\/secure.gravatar.com\/avatar\/737427b7165c4101c641c482ffbaee438899e97a1c37d08c3fc19d05ae44aa2d?s=96&d=mm&r=g\",\"contentUrl\":\"https:\/\/secure.gravatar.com\/avatar\/737427b7165c4101c641c482ffbaee438899e97a1c37d08c3fc19d05ae44aa2d?s=96&d=mm&r=g\",\"caption\":\"Coral Ja\u00e9n\"},\"description\":\"Coral Ja\u00e9n es parte del equipo de marketing y comunicaci\u00f3n de Infoempleo (Grupo Vocento).\",\"url\":\"https:\/\/empresas.infoempleo.com\/hrtrends\/author\/coral-jaen\/\"}]}<\/script>\n<!-- \/ Yoast SEO plugin. -->","yoast_head_json":{"title":"Marca personal: Ponte en Valor","description":"Si todav\u00eda no sabes qu\u00e9 es la marca personal y c\u00f3mo puede ayudarte en tu trayectoria profesional, es el momento de que te pongas al d\u00eda.","robots":{"index":"index","follow":"follow","max-snippet":"max-snippet:-1","max-image-preview":"max-image-preview:large","max-video-preview":"max-video-preview:-1"},"canonical":"https:\/\/empresas.infoempleo.com\/hrtrends\/marca-personal-ponte-valor\/","og_locale":"es_ES","og_type":"article","og_title":"Marca personal: Ponte en Valor","og_description":"Si todav\u00eda no sabes qu\u00e9 es la marca personal y c\u00f3mo puede ayudarte en tu trayectoria profesional, es el momento de que te pongas al d\u00eda.","og_url":"https:\/\/empresas.infoempleo.com\/hrtrends\/marca-personal-ponte-valor\/","og_site_name":"HRTRENDS","article_publisher":"https:\/\/www.facebook.com\/Infoempleo","article_published_time":"2016-11-11T15:00:42+00:00","article_modified_time":"2024-08-29T15:48:53+00:00","og_image":[{"width":1280,"height":854,"url":"https:\/\/empresas.infoempleo.com\/hrtrends\/media\/2016\/11\/ThinkstockPhotos-492386354.jpg","type":"image\/jpeg"}],"author":"Coral Ja\u00e9n","twitter_card":"summary_large_image","twitter_creator":"@infoempleo","twitter_site":"@infoempleo","twitter_misc":{"Escrito por":"Coral Ja\u00e9n","Tiempo de lectura":"5 minutos"},"schema":{"@context":"https:\/\/schema.org","@graph":[{"@type":"NewsArticle","@id":"https:\/\/empresas.infoempleo.com\/hrtrends\/marca-personal-ponte-valor\/#article","isPartOf":{"@id":"https:\/\/empresas.infoempleo.com\/hrtrends\/marca-personal-ponte-valor\/"},"author":{"name":"Coral Ja\u00e9n","@id":"https:\/\/empresas.infoempleo.com\/hrtrends\/#\/schema\/person\/25f571bd9b66cedb5d1cd4f2d42c270e"},"headline":"Marca personal entre directivos: Ponte en Valor","datePublished":"2016-11-11T15:00:42+00:00","dateModified":"2024-08-29T15:48:53+00:00","mainEntityOfPage":{"@id":"https:\/\/empresas.infoempleo.com\/hrtrends\/marca-personal-ponte-valor\/"},"wordCount":930,"publisher":{"@id":"https:\/\/empresas.infoempleo.com\/hrtrends\/#organization"},"image":{"@id":"https:\/\/empresas.infoempleo.com\/hrtrends\/marca-personal-ponte-valor\/#primaryimage"},"thumbnailUrl":"https:\/\/empresas.infoempleo.com\/hrtrends\/media\/2016\/11\/ThinkstockPhotos-492386354.jpg","keywords":["consejos","marca personal"],"articleSection":["Actualidad"],"inLanguage":"es","copyrightYear":"2016","copyrightHolder":{"@id":"https:\/\/empresas.infoempleo.com\/hrtrends\/#organization"}},{"@type":"WebPage","@id":"https:\/\/empresas.infoempleo.com\/hrtrends\/marca-personal-ponte-valor\/","url":"https:\/\/empresas.infoempleo.com\/hrtrends\/marca-personal-ponte-valor\/","name":"Marca personal: Ponte en Valor","isPartOf":{"@id":"https:\/\/empresas.infoempleo.com\/hrtrends\/#website"},"primaryImageOfPage":{"@id":"https:\/\/empresas.infoempleo.com\/hrtrends\/marca-personal-ponte-valor\/#primaryimage"},"image":{"@id":"https:\/\/empresas.infoempleo.com\/hrtrends\/marca-personal-ponte-valor\/#primaryimage"},"thumbnailUrl":"https:\/\/empresas.infoempleo.com\/hrtrends\/media\/2016\/11\/ThinkstockPhotos-492386354.jpg","datePublished":"2016-11-11T15:00:42+00:00","dateModified":"2024-08-29T15:48:53+00:00","description":"Si todav\u00eda no sabes qu\u00e9 es la marca personal y c\u00f3mo puede ayudarte en tu trayectoria profesional, es el momento de que te pongas al d\u00eda.","breadcrumb":{"@id":"https:\/\/empresas.infoempleo.com\/hrtrends\/marca-personal-ponte-valor\/#breadcrumb"},"inLanguage":"es","potentialAction":[{"@type":"ReadAction","target":["https:\/\/empresas.infoempleo.com\/hrtrends\/marca-personal-ponte-valor\/"]}]},{"@type":"ImageObject","inLanguage":"es","@id":"https:\/\/empresas.infoempleo.com\/hrtrends\/marca-personal-ponte-valor\/#primaryimage","url":"https:\/\/empresas.infoempleo.com\/hrtrends\/media\/2016\/11\/ThinkstockPhotos-492386354-150x150.jpg","contentUrl":"https:\/\/empresas.infoempleo.com\/hrtrends\/media\/2016\/11\/ThinkstockPhotos-492386354-150x150.jpg","width":150,"height":150,"caption":"Brainstorming session with post it notes on desk"},{"@type":"BreadcrumbList","@id":"https:\/\/empresas.infoempleo.com\/hrtrends\/marca-personal-ponte-valor\/#breadcrumb","itemListElement":[{"@type":"ListItem","position":1,"name":"Portada","item":"https:\/\/empresas.infoempleo.com\/hrtrends\/"},{"@type":"ListItem","position":2,"name":"Marca personal entre directivos: Ponte en Valor"}]},{"@type":"WebSite","@id":"https:\/\/empresas.infoempleo.com\/hrtrends\/#website","url":"https:\/\/empresas.infoempleo.com\/hrtrends","name":"HRTrends by Infoempleo","description":"","publisher":{"@id":"https:\/\/empresas.infoempleo.com\/hrtrends\/#organization"},"potentialAction":{"@type":"SearchAction","target":"https:\/\/empresas.infoempleo.com\/hrtrends\/?s={search_term_string}","query-input":"required name=search_term_string"},"inLanguage":"es"},{"@type":"Organization","@id":"https:\/\/empresas.infoempleo.com\/hrtrends\/#organization","name":"Infoempleo","url":"https:\/\/www.infoempleo.com\/","logo":{"@type":"ImageObject","@id":"https:\/\/empresas.infoempleo.com\/hrtrends\/#logo","inLanguage":"es","url":"https:\/\/cdnazure.infoempleo.com\/infoempleo\/assets\/style\/gfx\/logo.svg","contentUrl":"https:\/\/cdnazure.infoempleo.com\/infoempleo\/assets\/style\/gfx\/logo.svg","width":150,"height":40,"caption":"Infoempleo"},"image":{"@id":"https:\/\/empresas.infoempleo.com\/hrtrends\/#logo"},"sameAs":["https:\/\/www.facebook.com\/Infoempleo","https:\/\/x.com\/infoempleo","http:\/\/instagram.com\/infoempleo\/","http:\/\/www.linkedin.com\/groups\/Empleo-Espa\u00f1a-Infoempleocom-111276","http:\/\/pinterest.com\/infoempleo\/"],"address":{"@type":"PostalAddress","addressLocality":"Madrid","postalCode":"28050","streetAddress":"Avenida de Burgos 114"},"brand":["Infoempleo"]},{"@type":"Person","@id":"https:\/\/empresas.infoempleo.com\/hrtrends\/#\/schema\/person\/25f571bd9b66cedb5d1cd4f2d42c270e","name":"Coral Ja\u00e9n","image":{"@type":"ImageObject","inLanguage":"es","@id":"https:\/\/empresas.infoempleo.com\/hrtrends\/#\/schema\/person\/image\/","url":"https:\/\/secure.gravatar.com\/avatar\/737427b7165c4101c641c482ffbaee438899e97a1c37d08c3fc19d05ae44aa2d?s=96&d=mm&r=g","contentUrl":"https:\/\/secure.gravatar.com\/avatar\/737427b7165c4101c641c482ffbaee438899e97a1c37d08c3fc19d05ae44aa2d?s=96&d=mm&r=g","caption":"Coral Ja\u00e9n"},"description":"Coral Ja\u00e9n es parte del equipo de marketing y comunicaci\u00f3n de Infoempleo (Grupo Vocento).","url":"https:\/\/empresas.infoempleo.com\/hrtrends\/author\/coral-jaen\/"}]}},"amp_enabled":true,"_links":{"self":[{"href":"https:\/\/empresas.infoempleo.com\/hrtrends\/wp-json\/wp\/v2\/posts\/27420","targetHints":{"allow":["GET"]}}],"collection":[{"href":"https:\/\/empresas.infoempleo.com\/hrtrends\/wp-json\/wp\/v2\/posts"}],"about":[{"href":"https:\/\/empresas.infoempleo.com\/hrtrends\/wp-json\/wp\/v2\/types\/post"}],"author":[{"embeddable":true,"href":"https:\/\/empresas.infoempleo.com\/hrtrends\/wp-json\/wp\/v2\/users\/83"}],"replies":[{"embeddable":true,"href":"https:\/\/empresas.infoempleo.com\/hrtrends\/wp-json\/wp\/v2\/comments?post=27420"}],"version-history":[{"count":1,"href":"https:\/\/empresas.infoempleo.com\/hrtrends\/wp-json\/wp\/v2\/posts\/27420\/revisions"}],"predecessor-version":[{"id":45324,"href":"https:\/\/empresas.infoempleo.com\/hrtrends\/wp-json\/wp\/v2\/posts\/27420\/revisions\/45324"}],"wp:featuredmedia":[{"embeddable":true,"href":"https:\/\/empresas.infoempleo.com\/hrtrends\/wp-json\/wp\/v2\/media\/27445"}],"wp:attachment":[{"href":"https:\/\/empresas.infoempleo.com\/hrtrends\/wp-json\/wp\/v2\/media?parent=27420"}],"wp:term":[{"taxonomy":"category","embeddable":true,"href":"https:\/\/empresas.infoempleo.com\/hrtrends\/wp-json\/wp\/v2\/categories?post=27420"},{"taxonomy":"post_tag","embeddable":true,"href":"https:\/\/empresas.infoempleo.com\/hrtrends\/wp-json\/wp\/v2\/tags?post=27420"}],"curies":[{"name":"wp","href":"https:\/\/api.w.org\/{rel}","templated":true}]}}