{"id":27330,"date":"2016-11-08T16:00:45","date_gmt":"2016-11-08T14:00:45","guid":{"rendered":"http:\/\/blog.infoempleo.com\/?post_type=post&#038;p=27330"},"modified":"2025-09-01T18:30:30","modified_gmt":"2025-09-01T16:30:30","slug":"racionalizacion-horarios-conciliacion","status":"publish","type":"post","link":"https:\/\/empresas.infoempleo.com\/hrtrends\/racionalizacion-horarios-conciliacion\/","title":{"rendered":"Racionalizaci\u00f3n de los horarios laborales y conciliaci\u00f3n, a debate"},"content":{"rendered":"<p>Los pr\u00f3ximos <strong>d\u00edas 15 y 16 de noviembre<\/strong> se celebra el <strong>XI Congreso Nacional para Racionalizar los horarios espa\u00f1oles<\/strong>, organizado por la Comisi\u00f3n Nacional para la Racionalizaci\u00f3n de los Horarios Espa\u00f1oles\u00a0(ARHOE) en el Colegio Oficial de Psic\u00f3logos de Madrid. Este a\u00f1o el encuentro tiene el siguiente<em> leiv motiv<\/em> : \u00abHorarios, conciliaci\u00f3n e igualdad: un reto para la sociedad\u00bb. En esta cita se\u00a0promover\u00e1 el debate\u00a0sobre la cuesti\u00f3n de los horarios en nuestro pa\u00eds de mano de algunos profesionales como\u00a0<strong>Elsa Gonz\u00e1lez<\/strong>, presidenta de FAPE; <strong>M\u00f3nica Garc\u00eda Ingelmo<\/strong>, manager de Beneficios y Administraci\u00f3n HR. H&amp;S Orange; <strong>Juan Carlos L\u00f3pez<\/strong>, director de Relaciones Laborales de IBM Espa\u00f1a; <strong>Laura Baena <\/strong>y<strong> Maite Egoscozabal<\/strong>, fundadora y soci\u00f3loga, respectivamente, del Club de Malasmadres; o\u00a0<strong>Rosa Villacast\u00edn<\/strong>, periodista y escritora. Todos ellos participar\u00e1n en diversas mesas redondas para debatir\u00a0sobre algunas tem\u00e1ticas como la conciliaci\u00f3n y c\u00f3mo afecta a las nuevas generaciones, las herramientas que est\u00e1n a disposici\u00f3n de las empresas para fomentar la conciliaci\u00f3n\u00a0en sus organizaciones, la implicaci\u00f3n masculina para que exista una\u00a0corresponsabilidad real y por \u00faltimo, se clausurar\u00e1 con la entrega del XI Premio para Racionalizar los Horarios Espa\u00f1oles a Mensajeros de la Paz (en la categor\u00eda de entidad o instituci\u00f3n), Suez Spain (como gran empresa), Tento (en la parte dedicada a PYMES) y Ellas pueden \u00a0de Radio 5\u2013RNE (en la categor\u00eda medios de comunicaci\u00f3n).<\/p>\n<p>Previo a su celebraci\u00f3n, en Infoempleo hemos querido conocer la opini\u00f3n de algunos de los profesionales que intervendr\u00e1n en estas jornadas para que nos muestren el panorama actual.\u00a0<strong>Nuria Chinchilla,\u00a0<\/strong>directora del Centro Internacional Trabajo y Familia del IESE y de la C\u00e1tedra Mujer y Liderazgo de IESE, que participar\u00e1 en el debate<em>\u00a0o<\/em>rientado a las nuevas generaciones\u00a0y c\u00f3mo perciben estos los horarios, ha se\u00f1alado la importancia de tratar este aspecto desde la etapa infantil:<\/p>\n<div class=\"su-quote su-quote-style-default\"><div class=\"su-quote-inner su-u-clearfix su-u-trim\">\u00ab<strong>Conciliar la vida es una competencia<\/strong>, un h\u00e1bito, que se empieza a desarrollar en la etapa escolar con una buena agenda. Las nuevas generaciones son nativos digitales, <strong>no tienen las barreras mentales<\/strong> de jornadas r\u00edgidas y est\u00e1n exigiendo lo que es factible y natural: m\u00e1s \u00a0flexibilidad de espacio y tiempo\u00bb.\u00a0<\/div><\/div>\n<p>Para\u00a0<strong>Luis Mui\u00f1o<\/strong>,\u00a0psic\u00f3logo psicoterapeuta,<i>\u00a0<\/i><strong>los hombres<\/strong>\u00a0deben tener una implicaci\u00f3n activa y, a pesar de que queda un largo camino por recorrer, considera que se han producido importantes cambios en los \u00faltimos a\u00f1os:<\/p>\n<div class=\"su-quote su-quote-style-default\"><div class=\"su-quote-inner su-u-clearfix su-u-trim\">\u00abCiertos cambios sociales han llevado a un <strong>vuelco en los roles de g\u00e9nero estereotipados en la crianz<\/strong>a. Hoy en d\u00eda pocos se extra\u00f1an de que un padre dedique tanto tiempo y energ\u00eda a los hijos como una madre y trate de conciliar su vida laboral con su vida familiar. Sin embargo, para alcanzar la corresponsabilidad real debemos <strong>cambiar h\u00e1bitos y leyes obsoletos<\/strong> que todav\u00eda siguen ah\u00ed. Plantear esos cambios es un ejercicio de lucidez que ayudar\u00eda a que la implicaci\u00f3n masculina psicol\u00f3gica se convirtiera pronto en hechos indiscutibles\u00bb<\/div><\/div>\n<p>&nbsp;<\/p>\n<p><img loading=\"lazy\" decoding=\"async\" class=\"aligncenter wp-image-27352 size-full\" src=\"https:\/\/empresas.infoempleo.com\/hrtrends\/media\/2016\/11\/1-2.jpg\" alt=\"Hombre trabajando frente a un ordenador. Horarios laborales\" width=\"1497\" height=\"644\" srcset=\"https:\/\/empresas.infoempleo.com\/hrtrends\/media\/2016\/11\/1-2.jpg 1280w, https:\/\/empresas.infoempleo.com\/hrtrends\/media\/2016\/11\/1-2-300x129.jpg 300w, https:\/\/empresas.infoempleo.com\/hrtrends\/media\/2016\/11\/1-2-1024x441.jpg 1024w, https:\/\/empresas.infoempleo.com\/hrtrends\/media\/2016\/11\/1-2-768x331.jpg 768w\" sizes=\"auto, (max-width: 1497px) 100vw, 1497px\" \/><\/p>\n<p>Las empresas tienen un papel fundamental y algunas empresas ya han comenzado a incluir medidas para paliar las jornadas laborales interminables. Es el caso de Reale Seguros que, seg\u00fan indica <strong>C\u00e9sar Mart\u00edn<\/strong>, su Director de Departamento de Satisfacci\u00f3n y Compromiso, est\u00e1 avanzando con el objetivo de lograr ese equilibrio. Habitualmente consultan a sus empleados\u00a0para conocer el uso, conocimiento y satisfacci\u00f3n de las medidas de conciliaci\u00f3n que existen. Seg\u00fan una de estas encuestas\u00a0un 94% de sus trabajadores\u00a0han manifestado que sus pol\u00edticas hacen de esta empresa un excelente lugar para trabajar,<\/p>\n<div class=\"su-quote su-quote-style-default\"><div class=\"su-quote-inner su-u-clearfix su-u-trim\">\u00abLas compa\u00f1\u00edas debemos ser conscientes de la importancia del tiempo, entendiendo que e<strong>s un bien \u00fanico e insustituible. <\/strong>Es fundamental <strong>trabajar sobre una pol\u00edtica de racionalizaci\u00f3n de horarios <\/strong>por eso hemos\u00a0desarrollado un modelo de gesti\u00f3n basado en la<strong> corresponsabilidad empresa-empleado<\/strong>, que hace especial hincapi\u00e9 en el equilibrio entre nuestros valores \u201cPersona\u201d y \u201cResultados\u201d como clave para el mantenimiento del mismo. Disponemos de un abanico de medidas de conciliaci\u00f3n m\u00e1s extenso del sector asegurador, toda una bater\u00eda de ayudas de \u00edndole muy diversa, que tienen como objetivo <strong>permitir a nuestro equipo humano asumir de manera plenamente satisfactoria sus responsabilidades laborales, personales y familiares<\/strong>\u00ab<\/div><\/div>\n<p>&nbsp;<\/p>\n<p><img loading=\"lazy\" decoding=\"async\" class=\"aligncenter wp-image-27356 size-full\" src=\"https:\/\/empresas.infoempleo.com\/hrtrends\/media\/2016\/11\/2v2.jpg\" alt=\"Imagen con dos relojes y un cartel que indica: haz m\u00e1s preguntas. Horarios laborales\" width=\"1500\" height=\"714\" srcset=\"https:\/\/empresas.infoempleo.com\/hrtrends\/media\/2016\/11\/2v2.jpg 1280w, https:\/\/empresas.infoempleo.com\/hrtrends\/media\/2016\/11\/2v2-300x143.jpg 300w, https:\/\/empresas.infoempleo.com\/hrtrends\/media\/2016\/11\/2v2-1024x487.jpg 1024w, https:\/\/empresas.infoempleo.com\/hrtrends\/media\/2016\/11\/2v2-768x365.jpg 768w\" sizes=\"auto, (max-width: 1500px) 100vw, 1500px\" \/><\/p>\n<p>&nbsp;<\/p>\n<p>Otro ejemplo, es el de CaixaBank, que trata de proporcionar <strong>las palancas necesarias para que cada empleado pueda definir su estrategia de conciliaci\u00f3n <\/strong>y que cuenta con una clara vocaci\u00f3n de mejora en la materia. Con su Director de RR. HH. y Organizaci\u00f3n Territorial de Madrid, <strong>Francisco Carrasco<\/strong>, exploramos algunas de las medidas que ya est\u00e1n implantadas en la organizaci\u00f3n:<\/p>\n<div class=\"su-quote su-quote-style-default\"><div class=\"su-quote-inner su-u-clearfix su-u-trim\">La entidad cuenta con un Protocolo de Igualdad y Conciliaci\u00f3n para fomentar la conciliaci\u00f3n de la vida personal, familiar y profesional\u00a0y con un Plan de Igualdad para fomentar y contribuir a la igualdad efectiva entre mujeres y hombres. Esto incluye la flexibilidad en horario de entrada y salida, adaptaci\u00f3n de la duraci\u00f3n de la jornada, mejoras en los permisos de maternidad, paternidad y lactancia, o excedencias por cuidado de hijos, de personas dependientes,\u00a0 estudios, solidarias o personales, entre otras disposiciones.<\/div><\/div>\n<p>La racionalizaci\u00f3n es una demanda un\u00e1nime por parte de las organizaciones, instituciones, empresas, trabajadores y medios de comunicaci\u00f3n. Por ello, con <strong>este encuentro se pretende darle m\u00e1s visibilidad y fuerza al mensaje<\/strong> que aboga por\u00a0la existencia de un equilibrio real que permita conjugar sin impedimentos la vida laboral y la personal.\u00a0Si est\u00e1s interesado en conocer m\u00e1s y quieres \u00a0asistir a este encuentro, puedes inscribirte aqu\u00ed.<\/p>\n","protected":false},"excerpt":{"rendered":"<p>Los pr\u00f3ximos d\u00edas 15 y 16 de noviembre se celebra el XI Congreso Nacional para Racionalizar los horarios<a class=\"moretag\" href=\"https:\/\/empresas.infoempleo.com\/hrtrends\/racionalizacion-horarios-conciliacion\/\"> Leer m\u00e1s<\/a><\/p>\n","protected":false},"author":83,"featured_media":27346,"comment_status":"closed","ping_status":"open","sticky":false,"template":"","format":"standard","meta":{"footnotes":""},"categories":[3],"tags":[76,2579,352,1610],"class_list":["post-27330","post","type-post","status-publish","format-standard","has-post-thumbnail","hentry","category-actualidad","tag-conciliacion","tag-evento","tag-horario","tag-racionalizacion-horarios"],"yoast_head":"<!-- This site is optimized with the Yoast SEO plugin v26.1.1 - https:\/\/yoast.com\/wordpress\/plugins\/seo\/ -->\n<title>Racionalizaci\u00f3n de los horarios laborales y conciliaci\u00f3n, a debate | HRTRENDS<\/title>\n<meta name=\"description\" content=\"Se celebra el Congreso Nacional para Racionalizar los horarios espa\u00f1oles en Madrid. Horarios, conciliaci\u00f3n e igualdad: un reto para la sociedad\" \/>\n<meta name=\"robots\" content=\"index, follow, max-snippet:-1, max-image-preview:large, max-video-preview:-1\" \/>\n<link rel=\"canonical\" href=\"https:\/\/empresas.infoempleo.com\/hrtrends\/racionalizacion-horarios-conciliacion\/\" \/>\n<meta property=\"og:locale\" content=\"es_ES\" \/>\n<meta property=\"og:type\" content=\"article\" \/>\n<meta property=\"og:title\" content=\"Racionalizaci\u00f3n de los horarios laborales y conciliaci\u00f3n, a debate | HRTRENDS\" \/>\n<meta property=\"og:description\" content=\"Se celebra el Congreso Nacional para Racionalizar los horarios espa\u00f1oles en Madrid. Horarios, conciliaci\u00f3n e igualdad: un reto para la sociedad\" \/>\n<meta property=\"og:url\" content=\"https:\/\/empresas.infoempleo.com\/hrtrends\/racionalizacion-horarios-conciliacion\/\" \/>\n<meta property=\"og:site_name\" content=\"HRTRENDS\" \/>\n<meta property=\"article:publisher\" content=\"https:\/\/www.facebook.com\/Infoempleo\" \/>\n<meta property=\"article:published_time\" content=\"2016-11-08T14:00:45+00:00\" \/>\n<meta property=\"article:modified_time\" content=\"2025-09-01T16:30:30+00:00\" \/>\n<meta property=\"og:image\" content=\"https:\/\/empresas.infoempleo.com\/hrtrends\/media\/2016\/11\/3-1.jpg\" \/>\n\t<meta property=\"og:image:width\" content=\"1000\" \/>\n\t<meta property=\"og:image:height\" content=\"666\" \/>\n\t<meta property=\"og:image:type\" content=\"image\/jpeg\" \/>\n<meta name=\"author\" content=\"Coral Ja\u00e9n\" \/>\n<meta name=\"twitter:card\" content=\"summary_large_image\" \/>\n<meta name=\"twitter:creator\" content=\"@infoempleo\" \/>\n<meta name=\"twitter:site\" content=\"@infoempleo\" \/>\n<meta name=\"twitter:label1\" content=\"Escrito por\" \/>\n\t<meta name=\"twitter:data1\" content=\"Coral Ja\u00e9n\" \/>\n\t<meta name=\"twitter:label2\" content=\"Tiempo de lectura\" \/>\n\t<meta name=\"twitter:data2\" content=\"5 minutos\" \/>\n<script type=\"application\/ld+json\" class=\"yoast-schema-graph\">{\"@context\":\"https:\/\/schema.org\",\"@graph\":[{\"@type\":\"NewsArticle\",\"@id\":\"https:\/\/empresas.infoempleo.com\/hrtrends\/racionalizacion-horarios-conciliacion\/#article\",\"isPartOf\":{\"@id\":\"https:\/\/empresas.infoempleo.com\/hrtrends\/racionalizacion-horarios-conciliacion\/\"},\"author\":{\"name\":\"Coral Ja\u00e9n\",\"@id\":\"https:\/\/empresas.infoempleo.com\/hrtrends\/#\/schema\/person\/25f571bd9b66cedb5d1cd4f2d42c270e\"},\"headline\":\"Racionalizaci\u00f3n de los horarios laborales y conciliaci\u00f3n, a debate\",\"datePublished\":\"2016-11-08T14:00:45+00:00\",\"dateModified\":\"2025-09-01T16:30:30+00:00\",\"mainEntityOfPage\":{\"@id\":\"https:\/\/empresas.infoempleo.com\/hrtrends\/racionalizacion-horarios-conciliacion\/\"},\"wordCount\":989,\"publisher\":{\"@id\":\"https:\/\/empresas.infoempleo.com\/hrtrends\/#organization\"},\"image\":{\"@id\":\"https:\/\/empresas.infoempleo.com\/hrtrends\/racionalizacion-horarios-conciliacion\/#primaryimage\"},\"thumbnailUrl\":\"https:\/\/empresas.infoempleo.com\/hrtrends\/media\/2016\/11\/3-1.jpg\",\"keywords\":[\"conciliaci\u00f3n\",\"evento\",\"horario\",\"Racionalizaci\u00f3n horarios\"],\"articleSection\":[\"Actualidad\"],\"inLanguage\":\"es\",\"copyrightYear\":\"2016\",\"copyrightHolder\":{\"@id\":\"https:\/\/empresas.infoempleo.com\/hrtrends\/#organization\"}},{\"@type\":\"WebPage\",\"@id\":\"https:\/\/empresas.infoempleo.com\/hrtrends\/racionalizacion-horarios-conciliacion\/\",\"url\":\"https:\/\/empresas.infoempleo.com\/hrtrends\/racionalizacion-horarios-conciliacion\/\",\"name\":\"Racionalizaci\u00f3n de los horarios laborales y conciliaci\u00f3n, a debate | HRTRENDS\",\"isPartOf\":{\"@id\":\"https:\/\/empresas.infoempleo.com\/hrtrends\/#website\"},\"primaryImageOfPage\":{\"@id\":\"https:\/\/empresas.infoempleo.com\/hrtrends\/racionalizacion-horarios-conciliacion\/#primaryimage\"},\"image\":{\"@id\":\"https:\/\/empresas.infoempleo.com\/hrtrends\/racionalizacion-horarios-conciliacion\/#primaryimage\"},\"thumbnailUrl\":\"https:\/\/empresas.infoempleo.com\/hrtrends\/media\/2016\/11\/3-1.jpg\",\"datePublished\":\"2016-11-08T14:00:45+00:00\",\"dateModified\":\"2025-09-01T16:30:30+00:00\",\"description\":\"Se celebra el Congreso Nacional para Racionalizar los horarios espa\u00f1oles en Madrid. Horarios, conciliaci\u00f3n e igualdad: un reto para la sociedad\",\"breadcrumb\":{\"@id\":\"https:\/\/empresas.infoempleo.com\/hrtrends\/racionalizacion-horarios-conciliacion\/#breadcrumb\"},\"inLanguage\":\"es\",\"potentialAction\":[{\"@type\":\"ReadAction\",\"target\":[\"https:\/\/empresas.infoempleo.com\/hrtrends\/racionalizacion-horarios-conciliacion\/\"]}]},{\"@type\":\"ImageObject\",\"inLanguage\":\"es\",\"@id\":\"https:\/\/empresas.infoempleo.com\/hrtrends\/racionalizacion-horarios-conciliacion\/#primaryimage\",\"url\":\"https:\/\/empresas.infoempleo.com\/hrtrends\/media\/2016\/11\/3-1-150x150.jpg\",\"contentUrl\":\"https:\/\/empresas.infoempleo.com\/hrtrends\/media\/2016\/11\/3-1-150x150.jpg\",\"width\":150,\"height\":150,\"caption\":\"Racionalizaci\u00f3n de los horarios\"},{\"@type\":\"BreadcrumbList\",\"@id\":\"https:\/\/empresas.infoempleo.com\/hrtrends\/racionalizacion-horarios-conciliacion\/#breadcrumb\",\"itemListElement\":[{\"@type\":\"ListItem\",\"position\":1,\"name\":\"Portada\",\"item\":\"https:\/\/empresas.infoempleo.com\/hrtrends\/\"},{\"@type\":\"ListItem\",\"position\":2,\"name\":\"Racionalizaci\u00f3n de los horarios laborales y conciliaci\u00f3n, a debate\"}]},{\"@type\":\"WebSite\",\"@id\":\"https:\/\/empresas.infoempleo.com\/hrtrends\/#website\",\"url\":\"https:\/\/empresas.infoempleo.com\/hrtrends\",\"name\":\"HRTrends by Infoempleo\",\"description\":\"\",\"publisher\":{\"@id\":\"https:\/\/empresas.infoempleo.com\/hrtrends\/#organization\"},\"potentialAction\":{\"@type\":\"SearchAction\",\"target\":\"https:\/\/empresas.infoempleo.com\/hrtrends\/?s={search_term_string}\",\"query-input\":\"required name=search_term_string\"},\"inLanguage\":\"es\"},{\"@type\":\"Organization\",\"@id\":\"https:\/\/empresas.infoempleo.com\/hrtrends\/#organization\",\"name\":\"Infoempleo\",\"url\":\"https:\/\/www.infoempleo.com\/\",\"logo\":{\"@type\":\"ImageObject\",\"@id\":\"https:\/\/empresas.infoempleo.com\/hrtrends\/#logo\",\"inLanguage\":\"es\",\"url\":\"https:\/\/cdnazure.infoempleo.com\/infoempleo\/assets\/style\/gfx\/logo.svg\",\"contentUrl\":\"https:\/\/cdnazure.infoempleo.com\/infoempleo\/assets\/style\/gfx\/logo.svg\",\"width\":150,\"height\":40,\"caption\":\"Infoempleo\"},\"image\":{\"@id\":\"https:\/\/empresas.infoempleo.com\/hrtrends\/#logo\"},\"sameAs\":[\"https:\/\/www.facebook.com\/Infoempleo\",\"https:\/\/x.com\/infoempleo\",\"http:\/\/instagram.com\/infoempleo\/\",\"http:\/\/www.linkedin.com\/groups\/Empleo-Espa\u00f1a-Infoempleocom-111276\",\"http:\/\/pinterest.com\/infoempleo\/\"],\"address\":{\"@type\":\"PostalAddress\",\"addressLocality\":\"Madrid\",\"postalCode\":\"28050\",\"streetAddress\":\"Avenida de Burgos 114\"},\"brand\":[\"Infoempleo\"]},{\"@type\":\"Person\",\"@id\":\"https:\/\/empresas.infoempleo.com\/hrtrends\/#\/schema\/person\/25f571bd9b66cedb5d1cd4f2d42c270e\",\"name\":\"Coral Ja\u00e9n\",\"image\":{\"@type\":\"ImageObject\",\"inLanguage\":\"es\",\"@id\":\"https:\/\/empresas.infoempleo.com\/hrtrends\/#\/schema\/person\/image\/\",\"url\":\"https:\/\/secure.gravatar.com\/avatar\/737427b7165c4101c641c482ffbaee438899e97a1c37d08c3fc19d05ae44aa2d?s=96&d=mm&r=g\",\"contentUrl\":\"https:\/\/secure.gravatar.com\/avatar\/737427b7165c4101c641c482ffbaee438899e97a1c37d08c3fc19d05ae44aa2d?s=96&d=mm&r=g\",\"caption\":\"Coral Ja\u00e9n\"},\"description\":\"Coral Ja\u00e9n es parte del equipo de marketing y comunicaci\u00f3n de Infoempleo (Grupo Vocento).\",\"url\":\"https:\/\/empresas.infoempleo.com\/hrtrends\/author\/coral-jaen\/\"}]}<\/script>\n<!-- \/ Yoast SEO plugin. -->","yoast_head_json":{"title":"Racionalizaci\u00f3n de los horarios laborales y conciliaci\u00f3n, a debate | HRTRENDS","description":"Se celebra el Congreso Nacional para Racionalizar los horarios espa\u00f1oles en Madrid. Horarios, conciliaci\u00f3n e igualdad: un reto para la sociedad","robots":{"index":"index","follow":"follow","max-snippet":"max-snippet:-1","max-image-preview":"max-image-preview:large","max-video-preview":"max-video-preview:-1"},"canonical":"https:\/\/empresas.infoempleo.com\/hrtrends\/racionalizacion-horarios-conciliacion\/","og_locale":"es_ES","og_type":"article","og_title":"Racionalizaci\u00f3n de los horarios laborales y conciliaci\u00f3n, a debate | HRTRENDS","og_description":"Se celebra el Congreso Nacional para Racionalizar los horarios espa\u00f1oles en Madrid. Horarios, conciliaci\u00f3n e igualdad: un reto para la sociedad","og_url":"https:\/\/empresas.infoempleo.com\/hrtrends\/racionalizacion-horarios-conciliacion\/","og_site_name":"HRTRENDS","article_publisher":"https:\/\/www.facebook.com\/Infoempleo","article_published_time":"2016-11-08T14:00:45+00:00","article_modified_time":"2025-09-01T16:30:30+00:00","og_image":[{"width":1000,"height":666,"url":"https:\/\/empresas.infoempleo.com\/hrtrends\/media\/2016\/11\/3-1.jpg","type":"image\/jpeg"}],"author":"Coral Ja\u00e9n","twitter_card":"summary_large_image","twitter_creator":"@infoempleo","twitter_site":"@infoempleo","twitter_misc":{"Escrito por":"Coral Ja\u00e9n","Tiempo de lectura":"5 minutos"},"schema":{"@context":"https:\/\/schema.org","@graph":[{"@type":"NewsArticle","@id":"https:\/\/empresas.infoempleo.com\/hrtrends\/racionalizacion-horarios-conciliacion\/#article","isPartOf":{"@id":"https:\/\/empresas.infoempleo.com\/hrtrends\/racionalizacion-horarios-conciliacion\/"},"author":{"name":"Coral Ja\u00e9n","@id":"https:\/\/empresas.infoempleo.com\/hrtrends\/#\/schema\/person\/25f571bd9b66cedb5d1cd4f2d42c270e"},"headline":"Racionalizaci\u00f3n de los horarios laborales y conciliaci\u00f3n, a debate","datePublished":"2016-11-08T14:00:45+00:00","dateModified":"2025-09-01T16:30:30+00:00","mainEntityOfPage":{"@id":"https:\/\/empresas.infoempleo.com\/hrtrends\/racionalizacion-horarios-conciliacion\/"},"wordCount":989,"publisher":{"@id":"https:\/\/empresas.infoempleo.com\/hrtrends\/#organization"},"image":{"@id":"https:\/\/empresas.infoempleo.com\/hrtrends\/racionalizacion-horarios-conciliacion\/#primaryimage"},"thumbnailUrl":"https:\/\/empresas.infoempleo.com\/hrtrends\/media\/2016\/11\/3-1.jpg","keywords":["conciliaci\u00f3n","evento","horario","Racionalizaci\u00f3n horarios"],"articleSection":["Actualidad"],"inLanguage":"es","copyrightYear":"2016","copyrightHolder":{"@id":"https:\/\/empresas.infoempleo.com\/hrtrends\/#organization"}},{"@type":"WebPage","@id":"https:\/\/empresas.infoempleo.com\/hrtrends\/racionalizacion-horarios-conciliacion\/","url":"https:\/\/empresas.infoempleo.com\/hrtrends\/racionalizacion-horarios-conciliacion\/","name":"Racionalizaci\u00f3n de los horarios laborales y conciliaci\u00f3n, a debate | HRTRENDS","isPartOf":{"@id":"https:\/\/empresas.infoempleo.com\/hrtrends\/#website"},"primaryImageOfPage":{"@id":"https:\/\/empresas.infoempleo.com\/hrtrends\/racionalizacion-horarios-conciliacion\/#primaryimage"},"image":{"@id":"https:\/\/empresas.infoempleo.com\/hrtrends\/racionalizacion-horarios-conciliacion\/#primaryimage"},"thumbnailUrl":"https:\/\/empresas.infoempleo.com\/hrtrends\/media\/2016\/11\/3-1.jpg","datePublished":"2016-11-08T14:00:45+00:00","dateModified":"2025-09-01T16:30:30+00:00","description":"Se celebra el Congreso Nacional para Racionalizar los horarios espa\u00f1oles en Madrid. Horarios, conciliaci\u00f3n e igualdad: un reto para la sociedad","breadcrumb":{"@id":"https:\/\/empresas.infoempleo.com\/hrtrends\/racionalizacion-horarios-conciliacion\/#breadcrumb"},"inLanguage":"es","potentialAction":[{"@type":"ReadAction","target":["https:\/\/empresas.infoempleo.com\/hrtrends\/racionalizacion-horarios-conciliacion\/"]}]},{"@type":"ImageObject","inLanguage":"es","@id":"https:\/\/empresas.infoempleo.com\/hrtrends\/racionalizacion-horarios-conciliacion\/#primaryimage","url":"https:\/\/empresas.infoempleo.com\/hrtrends\/media\/2016\/11\/3-1-150x150.jpg","contentUrl":"https:\/\/empresas.infoempleo.com\/hrtrends\/media\/2016\/11\/3-1-150x150.jpg","width":150,"height":150,"caption":"Racionalizaci\u00f3n de los horarios"},{"@type":"BreadcrumbList","@id":"https:\/\/empresas.infoempleo.com\/hrtrends\/racionalizacion-horarios-conciliacion\/#breadcrumb","itemListElement":[{"@type":"ListItem","position":1,"name":"Portada","item":"https:\/\/empresas.infoempleo.com\/hrtrends\/"},{"@type":"ListItem","position":2,"name":"Racionalizaci\u00f3n de los horarios laborales y conciliaci\u00f3n, a debate"}]},{"@type":"WebSite","@id":"https:\/\/empresas.infoempleo.com\/hrtrends\/#website","url":"https:\/\/empresas.infoempleo.com\/hrtrends","name":"HRTrends by Infoempleo","description":"","publisher":{"@id":"https:\/\/empresas.infoempleo.com\/hrtrends\/#organization"},"potentialAction":{"@type":"SearchAction","target":"https:\/\/empresas.infoempleo.com\/hrtrends\/?s={search_term_string}","query-input":"required name=search_term_string"},"inLanguage":"es"},{"@type":"Organization","@id":"https:\/\/empresas.infoempleo.com\/hrtrends\/#organization","name":"Infoempleo","url":"https:\/\/www.infoempleo.com\/","logo":{"@type":"ImageObject","@id":"https:\/\/empresas.infoempleo.com\/hrtrends\/#logo","inLanguage":"es","url":"https:\/\/cdnazure.infoempleo.com\/infoempleo\/assets\/style\/gfx\/logo.svg","contentUrl":"https:\/\/cdnazure.infoempleo.com\/infoempleo\/assets\/style\/gfx\/logo.svg","width":150,"height":40,"caption":"Infoempleo"},"image":{"@id":"https:\/\/empresas.infoempleo.com\/hrtrends\/#logo"},"sameAs":["https:\/\/www.facebook.com\/Infoempleo","https:\/\/x.com\/infoempleo","http:\/\/instagram.com\/infoempleo\/","http:\/\/www.linkedin.com\/groups\/Empleo-Espa\u00f1a-Infoempleocom-111276","http:\/\/pinterest.com\/infoempleo\/"],"address":{"@type":"PostalAddress","addressLocality":"Madrid","postalCode":"28050","streetAddress":"Avenida de Burgos 114"},"brand":["Infoempleo"]},{"@type":"Person","@id":"https:\/\/empresas.infoempleo.com\/hrtrends\/#\/schema\/person\/25f571bd9b66cedb5d1cd4f2d42c270e","name":"Coral Ja\u00e9n","image":{"@type":"ImageObject","inLanguage":"es","@id":"https:\/\/empresas.infoempleo.com\/hrtrends\/#\/schema\/person\/image\/","url":"https:\/\/secure.gravatar.com\/avatar\/737427b7165c4101c641c482ffbaee438899e97a1c37d08c3fc19d05ae44aa2d?s=96&d=mm&r=g","contentUrl":"https:\/\/secure.gravatar.com\/avatar\/737427b7165c4101c641c482ffbaee438899e97a1c37d08c3fc19d05ae44aa2d?s=96&d=mm&r=g","caption":"Coral Ja\u00e9n"},"description":"Coral Ja\u00e9n es parte del equipo de marketing y comunicaci\u00f3n de Infoempleo (Grupo Vocento).","url":"https:\/\/empresas.infoempleo.com\/hrtrends\/author\/coral-jaen\/"}]}},"amp_enabled":true,"_links":{"self":[{"href":"https:\/\/empresas.infoempleo.com\/hrtrends\/wp-json\/wp\/v2\/posts\/27330","targetHints":{"allow":["GET"]}}],"collection":[{"href":"https:\/\/empresas.infoempleo.com\/hrtrends\/wp-json\/wp\/v2\/posts"}],"about":[{"href":"https:\/\/empresas.infoempleo.com\/hrtrends\/wp-json\/wp\/v2\/types\/post"}],"author":[{"embeddable":true,"href":"https:\/\/empresas.infoempleo.com\/hrtrends\/wp-json\/wp\/v2\/users\/83"}],"replies":[{"embeddable":true,"href":"https:\/\/empresas.infoempleo.com\/hrtrends\/wp-json\/wp\/v2\/comments?post=27330"}],"version-history":[{"count":1,"href":"https:\/\/empresas.infoempleo.com\/hrtrends\/wp-json\/wp\/v2\/posts\/27330\/revisions"}],"predecessor-version":[{"id":47008,"href":"https:\/\/empresas.infoempleo.com\/hrtrends\/wp-json\/wp\/v2\/posts\/27330\/revisions\/47008"}],"wp:featuredmedia":[{"embeddable":true,"href":"https:\/\/empresas.infoempleo.com\/hrtrends\/wp-json\/wp\/v2\/media\/27346"}],"wp:attachment":[{"href":"https:\/\/empresas.infoempleo.com\/hrtrends\/wp-json\/wp\/v2\/media?parent=27330"}],"wp:term":[{"taxonomy":"category","embeddable":true,"href":"https:\/\/empresas.infoempleo.com\/hrtrends\/wp-json\/wp\/v2\/categories?post=27330"},{"taxonomy":"post_tag","embeddable":true,"href":"https:\/\/empresas.infoempleo.com\/hrtrends\/wp-json\/wp\/v2\/tags?post=27330"}],"curies":[{"name":"wp","href":"https:\/\/api.w.org\/{rel}","templated":true}]}}