{"id":27175,"date":"2016-11-03T07:30:54","date_gmt":"2016-11-03T06:30:54","guid":{"rendered":"http:\/\/blog.infoempleo.com\/?post_type=post&#038;p=27175"},"modified":"2023-03-13T19:17:25","modified_gmt":"2023-03-13T17:17:25","slug":"no-te-pierdas-el-nuevo-mooc-sobre-transformacion-digital-para-pymes","status":"publish","type":"post","link":"https:\/\/empresas.infoempleo.com\/hrtrends\/no-te-pierdas-el-nuevo-mooc-sobre-transformacion-digital-para-pymes\/","title":{"rendered":"No te pierdas el nuevo MOOC sobre Transformaci\u00f3n Digital para pymes"},"content":{"rendered":"<p>El nivel de implantaci\u00f3n de las TIC (Tecnolog\u00edas de la informaci\u00f3n y la comunicaci\u00f3n) en las empresas de m\u00e1s de 10 trabajadores se incrementa a\u00f1o tras a\u00f1o. Seg\u00fan los datos de la <em>Encuesta sobre el uso de<\/em> <em>Tecnolog\u00edas de la Informaci\u00f3n y las Comunicaciones (TIC) y del comercio electr\u00f3nico en las empresas<\/em>, que public\u00f3 el INE en el pasado junio, el 98,4% de estas empresas disponen de conexi\u00f3n a internet. De estas, ocho de cada diez tienen p\u00e1gina web.<\/p>\n<p><!--more--><\/p>\n<h2>La escasa implantaci\u00f3n de la digitalizaci\u00f3n en las pymes<\/h2>\n<p>El uso de internet es bastante menor en las empresas de <strong>menos de diez empleados<\/strong>. Solo un 75% dispone de ordenadores y un 31,5% de p\u00e1gina web. Teniendo en cuenta que las empresas de menos de diez trabajadores, incluidas aquellas microempresas sin asalariados, suponen casi el 96% del tejido empresarial espa\u00f1ol es necesario dar un gran salto para superar la brecha tecnol\u00f3gica en las empresas.<\/p>\n<p>Esta <strong>b\u00e1sica dotaci\u00f3n tecnol\u00f3gica<\/strong> ya no es suficiente para la supervivencia en un <strong>mundo plagado de dato<\/strong>s y que trabaja a velocidad exponencial. La capacidad humana para la gesti\u00f3n de la informaci\u00f3n se ha quedado muy insuficiente. Se impone la <strong>transformaci\u00f3n digital<\/strong> si se quiere competir o incluso sobrevivir en el mercado. Si se piensa en cu\u00e1ntas empresas han incorporado ya la digitalizaci\u00f3n en alguno de sus procesos la misma encuesta afirma que solo el 8,5% de las empresas de diez o m\u00e1s empleados realizaron <strong>an\u00e1lisis de <em>big data<\/em><\/strong> en el a\u00f1o 2015. Un 19,3% <strong>compraron soluciones de computaci\u00f3n en la nube<\/strong> (<em>cloud computing<\/em>).<\/p>\n<h2>Aprender online a digitalizar nuestro negocio<\/h2>\n<p>Con este escenario de fondo la escuela de negocios IEBS , en colaboraci\u00f3n con la Fundaci\u00f3n Gas Natural Fenosa y la consultora tthegap se han asociado para ofrecer un <a href=\"https:\/\/www.iebschool.com\/business-tech\/\">MOOC (curso gratuito y online) sobre Transformaci\u00f3n Digital. <\/a>Est\u00e1 dirigido a este segmento del universo empresarial al que urge dotar de herramientas que les permitan competir.<\/p>\n<p>Teniendo en mente la transformaci\u00f3n digital de las iniciativas en el curso se explorar\u00e1 c\u00f3mo pueden <strong>integrarse<\/strong> en el d\u00eda a d\u00eda de las peque\u00f1as y medianas empresas\u00a0 la automatizaci\u00f3n, el <em>big data<\/em>, <em>machine learning<\/em>, Internet de las cosas o la impresi\u00f3n 3D.<\/p>\n<p>El objetivo es adquirir una serie de conocimientos que permitan establecer un <strong>plan de acci\u00f3n<\/strong> para liderar una transformaci\u00f3n digital total. Poniendo como <strong>caso pr\u00e1ctico el propio negocio <\/strong>se aprender\u00e1 a identificar en qu\u00e9 momento se encuentra la organizaci\u00f3n en cuanto a su uso, en qu\u00e9 \u00e1reas se puede empezar a <strong>incorporar<\/strong> estas tecnolog\u00edas y qu\u00e9 oportunidades ofrecen. Se abordar\u00e1 la digitalizaci\u00f3n en todas las \u00e1reas funcionales del negocio: procesos, finanzas, canales de venta y comunicaci\u00f3n, log\u00edstica.<\/p>\n<p>El curso dar\u00e1 comienzo el <strong>10 de noviembre<\/strong> y est\u00e1 dirigido a peque\u00f1as y medianas empresas, directores, aut\u00f3nomos o simplemente a personas \u00a0interesadas en qu\u00e9 posibilidades ofrece a las PYMES esta digitalizaci\u00f3n. Se calcula una dedicaci\u00f3n al curso de <strong>diez horas<\/strong>.<\/p>\n<p>Entre los profesores que lo impartir\u00e1n se encuentran David Alay\u00f3n: Head of Innovation Projects at Inditex o David Tom\u00e1s: Director de Cyberclic y autor de <em>La empresa m\u00e1s feliz del mundo<\/em> al que tuvimos oportunidad de entrevistar.<\/p>\n","protected":false},"excerpt":{"rendered":"<p>El nivel de implantaci\u00f3n de las TIC (Tecnolog\u00edas de la informaci\u00f3n y la comunicaci\u00f3n) en las empresas de<a class=\"moretag\" href=\"https:\/\/empresas.infoempleo.com\/hrtrends\/no-te-pierdas-el-nuevo-mooc-sobre-transformacion-digital-para-pymes\/\"> Leer m\u00e1s<\/a><\/p>\n","protected":false},"author":29,"featured_media":27177,"comment_status":"closed","ping_status":"open","sticky":false,"template":"","format":"standard","meta":{"footnotes":""},"categories":[3023],"tags":[718,3024],"class_list":["post-27175","post","type-post","status-publish","format-standard","has-post-thumbnail","hentry","category-digitalizacion","tag-autonomos","tag-digitalizacion"],"yoast_head":"<!-- This site is optimized with the Yoast SEO plugin v26.1.1 - https:\/\/yoast.com\/wordpress\/plugins\/seo\/ -->\n<title>No te pierdas el nuevo MOOC sobre Transformaci\u00f3n Digital para pymes | HRTRENDS<\/title>\n<meta name=\"description\" content=\"La escuela de negocios IEBS , la Fundaci\u00f3n Gas Natural Fenosa y la consultora tthegap se ofrecen un MOOC sobre Transformaci\u00f3n Digital para pymes\" \/>\n<meta name=\"robots\" content=\"index, follow, max-snippet:-1, max-image-preview:large, max-video-preview:-1\" \/>\n<link rel=\"canonical\" href=\"https:\/\/empresas.infoempleo.com\/hrtrends\/no-te-pierdas-el-nuevo-mooc-sobre-transformacion-digital-para-pymes\/\" \/>\n<meta property=\"og:locale\" content=\"es_ES\" \/>\n<meta property=\"og:type\" content=\"article\" \/>\n<meta property=\"og:title\" content=\"No te pierdas el nuevo MOOC sobre Transformaci\u00f3n Digital para pymes | HRTRENDS\" \/>\n<meta property=\"og:description\" content=\"La escuela de negocios IEBS , la Fundaci\u00f3n Gas Natural Fenosa y la consultora tthegap se ofrecen un MOOC sobre Transformaci\u00f3n Digital para pymes\" \/>\n<meta property=\"og:url\" content=\"https:\/\/empresas.infoempleo.com\/hrtrends\/no-te-pierdas-el-nuevo-mooc-sobre-transformacion-digital-para-pymes\/\" \/>\n<meta property=\"og:site_name\" content=\"HRTRENDS\" \/>\n<meta property=\"article:publisher\" content=\"https:\/\/www.facebook.com\/Infoempleo\" \/>\n<meta property=\"article:published_time\" content=\"2016-11-03T06:30:54+00:00\" \/>\n<meta property=\"article:modified_time\" content=\"2023-03-13T17:17:25+00:00\" \/>\n<meta property=\"og:image\" content=\"https:\/\/empresas.infoempleo.com\/hrtrends\/media\/2016\/10\/ThinkstockPhotos-611788044.jpg\" \/>\n\t<meta property=\"og:image:width\" content=\"881\" \/>\n\t<meta property=\"og:image:height\" content=\"587\" \/>\n\t<meta property=\"og:image:type\" content=\"image\/jpeg\" \/>\n<meta name=\"author\" content=\"Luisa Carrasco\" \/>\n<meta name=\"twitter:card\" content=\"summary_large_image\" \/>\n<meta name=\"twitter:creator\" content=\"@infoempleo\" \/>\n<meta name=\"twitter:site\" content=\"@infoempleo\" \/>\n<meta name=\"twitter:label1\" content=\"Escrito por\" \/>\n\t<meta name=\"twitter:data1\" content=\"Luisa Carrasco\" \/>\n\t<meta name=\"twitter:label2\" content=\"Tiempo de lectura\" \/>\n\t<meta name=\"twitter:data2\" content=\"3 minutos\" \/>\n<script type=\"application\/ld+json\" class=\"yoast-schema-graph\">{\"@context\":\"https:\/\/schema.org\",\"@graph\":[{\"@type\":\"NewsArticle\",\"@id\":\"https:\/\/empresas.infoempleo.com\/hrtrends\/no-te-pierdas-el-nuevo-mooc-sobre-transformacion-digital-para-pymes\/#article\",\"isPartOf\":{\"@id\":\"https:\/\/empresas.infoempleo.com\/hrtrends\/no-te-pierdas-el-nuevo-mooc-sobre-transformacion-digital-para-pymes\/\"},\"author\":{\"name\":\"Luisa Carrasco\",\"@id\":\"https:\/\/empresas.infoempleo.com\/hrtrends\/#\/schema\/person\/32ca57975913668419d075627a98dafe\"},\"headline\":\"No te pierdas el nuevo MOOC sobre Transformaci\u00f3n Digital para pymes\",\"datePublished\":\"2016-11-03T06:30:54+00:00\",\"dateModified\":\"2023-03-13T17:17:25+00:00\",\"mainEntityOfPage\":{\"@id\":\"https:\/\/empresas.infoempleo.com\/hrtrends\/no-te-pierdas-el-nuevo-mooc-sobre-transformacion-digital-para-pymes\/\"},\"wordCount\":574,\"publisher\":{\"@id\":\"https:\/\/empresas.infoempleo.com\/hrtrends\/#organization\"},\"image\":{\"@id\":\"https:\/\/empresas.infoempleo.com\/hrtrends\/no-te-pierdas-el-nuevo-mooc-sobre-transformacion-digital-para-pymes\/#primaryimage\"},\"thumbnailUrl\":\"https:\/\/empresas.infoempleo.com\/hrtrends\/media\/2016\/10\/ThinkstockPhotos-611788044.jpg\",\"keywords\":[\"Aut\u00f3nomos\",\"digitalizaci\u00f3n\"],\"articleSection\":[\"Digitalizaci\u00f3n en RRHH\"],\"inLanguage\":\"es\",\"copyrightYear\":\"2016\",\"copyrightHolder\":{\"@id\":\"https:\/\/empresas.infoempleo.com\/hrtrends\/#organization\"}},{\"@type\":\"WebPage\",\"@id\":\"https:\/\/empresas.infoempleo.com\/hrtrends\/no-te-pierdas-el-nuevo-mooc-sobre-transformacion-digital-para-pymes\/\",\"url\":\"https:\/\/empresas.infoempleo.com\/hrtrends\/no-te-pierdas-el-nuevo-mooc-sobre-transformacion-digital-para-pymes\/\",\"name\":\"No te pierdas el nuevo MOOC sobre Transformaci\u00f3n Digital para pymes | HRTRENDS\",\"isPartOf\":{\"@id\":\"https:\/\/empresas.infoempleo.com\/hrtrends\/#website\"},\"primaryImageOfPage\":{\"@id\":\"https:\/\/empresas.infoempleo.com\/hrtrends\/no-te-pierdas-el-nuevo-mooc-sobre-transformacion-digital-para-pymes\/#primaryimage\"},\"image\":{\"@id\":\"https:\/\/empresas.infoempleo.com\/hrtrends\/no-te-pierdas-el-nuevo-mooc-sobre-transformacion-digital-para-pymes\/#primaryimage\"},\"thumbnailUrl\":\"https:\/\/empresas.infoempleo.com\/hrtrends\/media\/2016\/10\/ThinkstockPhotos-611788044.jpg\",\"datePublished\":\"2016-11-03T06:30:54+00:00\",\"dateModified\":\"2023-03-13T17:17:25+00:00\",\"description\":\"La escuela de negocios IEBS , la Fundaci\u00f3n Gas Natural Fenosa y la consultora tthegap se ofrecen un MOOC sobre Transformaci\u00f3n Digital para pymes\",\"breadcrumb\":{\"@id\":\"https:\/\/empresas.infoempleo.com\/hrtrends\/no-te-pierdas-el-nuevo-mooc-sobre-transformacion-digital-para-pymes\/#breadcrumb\"},\"inLanguage\":\"es\",\"potentialAction\":[{\"@type\":\"ReadAction\",\"target\":[\"https:\/\/empresas.infoempleo.com\/hrtrends\/no-te-pierdas-el-nuevo-mooc-sobre-transformacion-digital-para-pymes\/\"]}]},{\"@type\":\"ImageObject\",\"inLanguage\":\"es\",\"@id\":\"https:\/\/empresas.infoempleo.com\/hrtrends\/no-te-pierdas-el-nuevo-mooc-sobre-transformacion-digital-para-pymes\/#primaryimage\",\"url\":\"https:\/\/empresas.infoempleo.com\/hrtrends\/media\/2016\/10\/ThinkstockPhotos-611788044-150x150.jpg\",\"contentUrl\":\"https:\/\/empresas.infoempleo.com\/hrtrends\/media\/2016\/10\/ThinkstockPhotos-611788044-150x150.jpg\",\"width\":150,\"height\":150,\"caption\":\"No te pierdas el nuevo MOOC sobre Transformaci\u00f3n Digital para Pymes\"},{\"@type\":\"BreadcrumbList\",\"@id\":\"https:\/\/empresas.infoempleo.com\/hrtrends\/no-te-pierdas-el-nuevo-mooc-sobre-transformacion-digital-para-pymes\/#breadcrumb\",\"itemListElement\":[{\"@type\":\"ListItem\",\"position\":1,\"name\":\"Portada\",\"item\":\"https:\/\/empresas.infoempleo.com\/hrtrends\/\"},{\"@type\":\"ListItem\",\"position\":2,\"name\":\"No te pierdas el nuevo MOOC sobre Transformaci\u00f3n Digital para pymes\"}]},{\"@type\":\"WebSite\",\"@id\":\"https:\/\/empresas.infoempleo.com\/hrtrends\/#website\",\"url\":\"https:\/\/empresas.infoempleo.com\/hrtrends\",\"name\":\"HRTrends by Infoempleo\",\"description\":\"\",\"publisher\":{\"@id\":\"https:\/\/empresas.infoempleo.com\/hrtrends\/#organization\"},\"potentialAction\":{\"@type\":\"SearchAction\",\"target\":\"https:\/\/empresas.infoempleo.com\/hrtrends\/?s={search_term_string}\",\"query-input\":\"required name=search_term_string\"},\"inLanguage\":\"es\"},{\"@type\":\"Organization\",\"@id\":\"https:\/\/empresas.infoempleo.com\/hrtrends\/#organization\",\"name\":\"Infoempleo\",\"url\":\"https:\/\/www.infoempleo.com\/\",\"logo\":{\"@type\":\"ImageObject\",\"@id\":\"https:\/\/empresas.infoempleo.com\/hrtrends\/#logo\",\"inLanguage\":\"es\",\"url\":\"https:\/\/cdnazure.infoempleo.com\/infoempleo\/assets\/style\/gfx\/logo.svg\",\"contentUrl\":\"https:\/\/cdnazure.infoempleo.com\/infoempleo\/assets\/style\/gfx\/logo.svg\",\"width\":150,\"height\":40,\"caption\":\"Infoempleo\"},\"image\":{\"@id\":\"https:\/\/empresas.infoempleo.com\/hrtrends\/#logo\"},\"sameAs\":[\"https:\/\/www.facebook.com\/Infoempleo\",\"https:\/\/x.com\/infoempleo\",\"http:\/\/instagram.com\/infoempleo\/\",\"http:\/\/www.linkedin.com\/groups\/Empleo-Espa\u00f1a-Infoempleocom-111276\",\"http:\/\/pinterest.com\/infoempleo\/\"],\"address\":{\"@type\":\"PostalAddress\",\"addressLocality\":\"Madrid\",\"postalCode\":\"28050\",\"streetAddress\":\"Avenida de Burgos 114\"},\"brand\":[\"Infoempleo\"]},{\"@type\":\"Person\",\"@id\":\"https:\/\/empresas.infoempleo.com\/hrtrends\/#\/schema\/person\/32ca57975913668419d075627a98dafe\",\"name\":\"Luisa Carrasco\",\"image\":{\"@type\":\"ImageObject\",\"inLanguage\":\"es\",\"@id\":\"https:\/\/empresas.infoempleo.com\/hrtrends\/#\/schema\/person\/image\/\",\"url\":\"https:\/\/secure.gravatar.com\/avatar\/8cc7d7a784a8289007bbfddcef37ed7157c6ae70e89183748ddf5858d9133c86?s=96&d=mm&r=g\",\"contentUrl\":\"https:\/\/secure.gravatar.com\/avatar\/8cc7d7a784a8289007bbfddcef37ed7157c6ae70e89183748ddf5858d9133c86?s=96&d=mm&r=g\",\"caption\":\"Luisa Carrasco\"},\"description\":\"Licenciada en Sociolog\u00eda y posgrado en gesti\u00f3n de la comunicaci\u00f3n para organizaciones culturales. Me interesa todo lo que tiene que ver con la organizaci\u00f3n e integraci\u00f3n de los distintos agentes sociales. El \u00e1mbito laboral y el de la educaci\u00f3n y formaci\u00f3n es el punto de encuentro de gran parte de estos actores. Estoy al tanto de los temas de actualidad laboral, las tendencias en el mercado del trabajo, las nuevas iniciativas en el tejido empresarial y las propuestas de innovaci\u00f3n en materia de educaci\u00f3n y formaci\u00f3n. Por lo general, escribo en el blog de Infoempleo tres veces por semana.\",\"url\":\"https:\/\/empresas.infoempleo.com\/hrtrends\/author\/luisaagenciayerro\/\"}]}<\/script>\n<!-- \/ Yoast SEO plugin. -->","yoast_head_json":{"title":"No te pierdas el nuevo MOOC sobre Transformaci\u00f3n Digital para pymes | HRTRENDS","description":"La escuela de negocios IEBS , la Fundaci\u00f3n Gas Natural Fenosa y la consultora tthegap se ofrecen un MOOC sobre Transformaci\u00f3n Digital para pymes","robots":{"index":"index","follow":"follow","max-snippet":"max-snippet:-1","max-image-preview":"max-image-preview:large","max-video-preview":"max-video-preview:-1"},"canonical":"https:\/\/empresas.infoempleo.com\/hrtrends\/no-te-pierdas-el-nuevo-mooc-sobre-transformacion-digital-para-pymes\/","og_locale":"es_ES","og_type":"article","og_title":"No te pierdas el nuevo MOOC sobre Transformaci\u00f3n Digital para pymes | HRTRENDS","og_description":"La escuela de negocios IEBS , la Fundaci\u00f3n Gas Natural Fenosa y la consultora tthegap se ofrecen un MOOC sobre Transformaci\u00f3n Digital para pymes","og_url":"https:\/\/empresas.infoempleo.com\/hrtrends\/no-te-pierdas-el-nuevo-mooc-sobre-transformacion-digital-para-pymes\/","og_site_name":"HRTRENDS","article_publisher":"https:\/\/www.facebook.com\/Infoempleo","article_published_time":"2016-11-03T06:30:54+00:00","article_modified_time":"2023-03-13T17:17:25+00:00","og_image":[{"width":881,"height":587,"url":"https:\/\/empresas.infoempleo.com\/hrtrends\/media\/2016\/10\/ThinkstockPhotos-611788044.jpg","type":"image\/jpeg"}],"author":"Luisa Carrasco","twitter_card":"summary_large_image","twitter_creator":"@infoempleo","twitter_site":"@infoempleo","twitter_misc":{"Escrito por":"Luisa Carrasco","Tiempo de lectura":"3 minutos"},"schema":{"@context":"https:\/\/schema.org","@graph":[{"@type":"NewsArticle","@id":"https:\/\/empresas.infoempleo.com\/hrtrends\/no-te-pierdas-el-nuevo-mooc-sobre-transformacion-digital-para-pymes\/#article","isPartOf":{"@id":"https:\/\/empresas.infoempleo.com\/hrtrends\/no-te-pierdas-el-nuevo-mooc-sobre-transformacion-digital-para-pymes\/"},"author":{"name":"Luisa Carrasco","@id":"https:\/\/empresas.infoempleo.com\/hrtrends\/#\/schema\/person\/32ca57975913668419d075627a98dafe"},"headline":"No te pierdas el nuevo MOOC sobre Transformaci\u00f3n Digital para pymes","datePublished":"2016-11-03T06:30:54+00:00","dateModified":"2023-03-13T17:17:25+00:00","mainEntityOfPage":{"@id":"https:\/\/empresas.infoempleo.com\/hrtrends\/no-te-pierdas-el-nuevo-mooc-sobre-transformacion-digital-para-pymes\/"},"wordCount":574,"publisher":{"@id":"https:\/\/empresas.infoempleo.com\/hrtrends\/#organization"},"image":{"@id":"https:\/\/empresas.infoempleo.com\/hrtrends\/no-te-pierdas-el-nuevo-mooc-sobre-transformacion-digital-para-pymes\/#primaryimage"},"thumbnailUrl":"https:\/\/empresas.infoempleo.com\/hrtrends\/media\/2016\/10\/ThinkstockPhotos-611788044.jpg","keywords":["Aut\u00f3nomos","digitalizaci\u00f3n"],"articleSection":["Digitalizaci\u00f3n en RRHH"],"inLanguage":"es","copyrightYear":"2016","copyrightHolder":{"@id":"https:\/\/empresas.infoempleo.com\/hrtrends\/#organization"}},{"@type":"WebPage","@id":"https:\/\/empresas.infoempleo.com\/hrtrends\/no-te-pierdas-el-nuevo-mooc-sobre-transformacion-digital-para-pymes\/","url":"https:\/\/empresas.infoempleo.com\/hrtrends\/no-te-pierdas-el-nuevo-mooc-sobre-transformacion-digital-para-pymes\/","name":"No te pierdas el nuevo MOOC sobre Transformaci\u00f3n Digital para pymes | HRTRENDS","isPartOf":{"@id":"https:\/\/empresas.infoempleo.com\/hrtrends\/#website"},"primaryImageOfPage":{"@id":"https:\/\/empresas.infoempleo.com\/hrtrends\/no-te-pierdas-el-nuevo-mooc-sobre-transformacion-digital-para-pymes\/#primaryimage"},"image":{"@id":"https:\/\/empresas.infoempleo.com\/hrtrends\/no-te-pierdas-el-nuevo-mooc-sobre-transformacion-digital-para-pymes\/#primaryimage"},"thumbnailUrl":"https:\/\/empresas.infoempleo.com\/hrtrends\/media\/2016\/10\/ThinkstockPhotos-611788044.jpg","datePublished":"2016-11-03T06:30:54+00:00","dateModified":"2023-03-13T17:17:25+00:00","description":"La escuela de negocios IEBS , la Fundaci\u00f3n Gas Natural Fenosa y la consultora tthegap se ofrecen un MOOC sobre Transformaci\u00f3n Digital para pymes","breadcrumb":{"@id":"https:\/\/empresas.infoempleo.com\/hrtrends\/no-te-pierdas-el-nuevo-mooc-sobre-transformacion-digital-para-pymes\/#breadcrumb"},"inLanguage":"es","potentialAction":[{"@type":"ReadAction","target":["https:\/\/empresas.infoempleo.com\/hrtrends\/no-te-pierdas-el-nuevo-mooc-sobre-transformacion-digital-para-pymes\/"]}]},{"@type":"ImageObject","inLanguage":"es","@id":"https:\/\/empresas.infoempleo.com\/hrtrends\/no-te-pierdas-el-nuevo-mooc-sobre-transformacion-digital-para-pymes\/#primaryimage","url":"https:\/\/empresas.infoempleo.com\/hrtrends\/media\/2016\/10\/ThinkstockPhotos-611788044-150x150.jpg","contentUrl":"https:\/\/empresas.infoempleo.com\/hrtrends\/media\/2016\/10\/ThinkstockPhotos-611788044-150x150.jpg","width":150,"height":150,"caption":"No te pierdas el nuevo MOOC sobre Transformaci\u00f3n Digital para Pymes"},{"@type":"BreadcrumbList","@id":"https:\/\/empresas.infoempleo.com\/hrtrends\/no-te-pierdas-el-nuevo-mooc-sobre-transformacion-digital-para-pymes\/#breadcrumb","itemListElement":[{"@type":"ListItem","position":1,"name":"Portada","item":"https:\/\/empresas.infoempleo.com\/hrtrends\/"},{"@type":"ListItem","position":2,"name":"No te pierdas el nuevo MOOC sobre Transformaci\u00f3n Digital para pymes"}]},{"@type":"WebSite","@id":"https:\/\/empresas.infoempleo.com\/hrtrends\/#website","url":"https:\/\/empresas.infoempleo.com\/hrtrends","name":"HRTrends by Infoempleo","description":"","publisher":{"@id":"https:\/\/empresas.infoempleo.com\/hrtrends\/#organization"},"potentialAction":{"@type":"SearchAction","target":"https:\/\/empresas.infoempleo.com\/hrtrends\/?s={search_term_string}","query-input":"required name=search_term_string"},"inLanguage":"es"},{"@type":"Organization","@id":"https:\/\/empresas.infoempleo.com\/hrtrends\/#organization","name":"Infoempleo","url":"https:\/\/www.infoempleo.com\/","logo":{"@type":"ImageObject","@id":"https:\/\/empresas.infoempleo.com\/hrtrends\/#logo","inLanguage":"es","url":"https:\/\/cdnazure.infoempleo.com\/infoempleo\/assets\/style\/gfx\/logo.svg","contentUrl":"https:\/\/cdnazure.infoempleo.com\/infoempleo\/assets\/style\/gfx\/logo.svg","width":150,"height":40,"caption":"Infoempleo"},"image":{"@id":"https:\/\/empresas.infoempleo.com\/hrtrends\/#logo"},"sameAs":["https:\/\/www.facebook.com\/Infoempleo","https:\/\/x.com\/infoempleo","http:\/\/instagram.com\/infoempleo\/","http:\/\/www.linkedin.com\/groups\/Empleo-Espa\u00f1a-Infoempleocom-111276","http:\/\/pinterest.com\/infoempleo\/"],"address":{"@type":"PostalAddress","addressLocality":"Madrid","postalCode":"28050","streetAddress":"Avenida de Burgos 114"},"brand":["Infoempleo"]},{"@type":"Person","@id":"https:\/\/empresas.infoempleo.com\/hrtrends\/#\/schema\/person\/32ca57975913668419d075627a98dafe","name":"Luisa Carrasco","image":{"@type":"ImageObject","inLanguage":"es","@id":"https:\/\/empresas.infoempleo.com\/hrtrends\/#\/schema\/person\/image\/","url":"https:\/\/secure.gravatar.com\/avatar\/8cc7d7a784a8289007bbfddcef37ed7157c6ae70e89183748ddf5858d9133c86?s=96&d=mm&r=g","contentUrl":"https:\/\/secure.gravatar.com\/avatar\/8cc7d7a784a8289007bbfddcef37ed7157c6ae70e89183748ddf5858d9133c86?s=96&d=mm&r=g","caption":"Luisa Carrasco"},"description":"Licenciada en Sociolog\u00eda y posgrado en gesti\u00f3n de la comunicaci\u00f3n para organizaciones culturales. Me interesa todo lo que tiene que ver con la organizaci\u00f3n e integraci\u00f3n de los distintos agentes sociales. El \u00e1mbito laboral y el de la educaci\u00f3n y formaci\u00f3n es el punto de encuentro de gran parte de estos actores. Estoy al tanto de los temas de actualidad laboral, las tendencias en el mercado del trabajo, las nuevas iniciativas en el tejido empresarial y las propuestas de innovaci\u00f3n en materia de educaci\u00f3n y formaci\u00f3n. Por lo general, escribo en el blog de Infoempleo tres veces por semana.","url":"https:\/\/empresas.infoempleo.com\/hrtrends\/author\/luisaagenciayerro\/"}]}},"amp_enabled":true,"_links":{"self":[{"href":"https:\/\/empresas.infoempleo.com\/hrtrends\/wp-json\/wp\/v2\/posts\/27175","targetHints":{"allow":["GET"]}}],"collection":[{"href":"https:\/\/empresas.infoempleo.com\/hrtrends\/wp-json\/wp\/v2\/posts"}],"about":[{"href":"https:\/\/empresas.infoempleo.com\/hrtrends\/wp-json\/wp\/v2\/types\/post"}],"author":[{"embeddable":true,"href":"https:\/\/empresas.infoempleo.com\/hrtrends\/wp-json\/wp\/v2\/users\/29"}],"replies":[{"embeddable":true,"href":"https:\/\/empresas.infoempleo.com\/hrtrends\/wp-json\/wp\/v2\/comments?post=27175"}],"version-history":[{"count":2,"href":"https:\/\/empresas.infoempleo.com\/hrtrends\/wp-json\/wp\/v2\/posts\/27175\/revisions"}],"predecessor-version":[{"id":43122,"href":"https:\/\/empresas.infoempleo.com\/hrtrends\/wp-json\/wp\/v2\/posts\/27175\/revisions\/43122"}],"wp:featuredmedia":[{"embeddable":true,"href":"https:\/\/empresas.infoempleo.com\/hrtrends\/wp-json\/wp\/v2\/media\/27177"}],"wp:attachment":[{"href":"https:\/\/empresas.infoempleo.com\/hrtrends\/wp-json\/wp\/v2\/media?parent=27175"}],"wp:term":[{"taxonomy":"category","embeddable":true,"href":"https:\/\/empresas.infoempleo.com\/hrtrends\/wp-json\/wp\/v2\/categories?post=27175"},{"taxonomy":"post_tag","embeddable":true,"href":"https:\/\/empresas.infoempleo.com\/hrtrends\/wp-json\/wp\/v2\/tags?post=27175"}],"curies":[{"name":"wp","href":"https:\/\/api.w.org\/{rel}","templated":true}]}}