{"id":260,"date":"2012-04-30T08:00:14","date_gmt":"2012-04-30T06:00:14","guid":{"rendered":"http:\/\/blog.infoempleo.com\/?p=260"},"modified":"2023-02-03T14:40:51","modified_gmt":"2023-02-03T12:40:51","slug":"cuida-el-lenguaje-corporal","status":"publish","type":"post","link":"https:\/\/empresas.infoempleo.com\/hrtrends\/cuida-el-lenguaje-corporal\/","title":{"rendered":"Cuida el lenguaje corporal"},"content":{"rendered":"<p>El momento clave para conseguir un trabajo est\u00e1 en la entrevista con el responsable de Recursos Humanos o el futuro empleador. Da igual que en el curriculum vitae el adjetivo &#8216;nivel alto&#8217; aparezca al lado de 12 idiomas, que la palabra &#8216;master&#8217; est\u00e9 tres veces y que seas el candidato ideal para el puesto. Si al entrevistador no le entras por los ojos y le convences, sigues sin empleo. \u201cBien, entonces habr\u00e1 que cuidar mucho las palabras\u201d. S\u00ed pero no. Eso no es lo m\u00e1s importante. Seg\u00fan dicen los expertos, solo una peque\u00f1a parte del mensaje que transmitimos al comunicarnos oralmente viene del contenido.<!--more--><\/p>\n<p>Seg\u00fan explican en <a href=\"https:\/\/www.eduvoz.com\/\" target=\"_blank\" rel=\"noopener\">Eduvoz<\/a>, empresa especializada en la formaci\u00f3n y organizaci\u00f3n de cursos sobre t\u00e9cnicas de comunicaci\u00f3n, de lo que transmitimos \u201cel 36% es la voz, la dicci\u00f3n y la entonaci\u00f3n; un 57% es el lenguaje no verbal como actitud, gestos, mirada y postura y un 7% es el contenido del mensaje\u201d.<em> <\/em>Judi James, experta brit\u00e1nica con varios libros publicados sobre el tema, tambi\u00e9n sit\u00faa \u201clos signos no verbales, como el lenguaje corporal\u201d, en m\u00e1s de la mitad del impacto que se hace al comunicar.<\/p>\n<p>\u201cPara dar un mensaje correcto en una entrevista de trabajo\u201d, dicen desde Eduvoz, \u201cla clave est\u00e1 en la preparaci\u00f3n: con\u00f3cete a ti mismo, inf\u00f3rmate bien de la empresa y no des mensajes contradictorios\u201d. \u201cPotenciar los gestos afirmativos, una voz clara y segura, entusiasmo, una cierta seguridad en uno mismo\u00bb, son las actitudes que seg\u00fan este gabinete deben remarcarse, frente a \u201cser prepotente o un listillo, no dejar hablar al entrevistador, contestar con monos\u00edlabos o enrollarse demasiado\u201d como aspectos que deben evitarse. La l\u00ednea que los separa (seguridad en uno mismo \/ prepotencia, voz segura \/ no dejar hablar) es delgada.<\/p>\n<p lang=\"es-ES\">Por su parte, Judi James apunta a la importancia de las primeras impresiones. \u201cPara tener un buen lenguaje corporal en las entrevistas necesitas empezar bien\u201d, asevera. \u201cAntes de entrar a la sala de entrevistas, t\u00f3mate un momento para sacar toda tu altura, echa los hombros atr\u00e1s y abajo y relaja tu expresi\u00f3n facial, especialmente los ojos\u201d, enumera, \u201cdeja la mano derecha libre para saludar y aseg\u00farate que tu apret\u00f3n no sea ni muy fuerte ni muy d\u00e9bil, lo que podr\u00eda sugerir que eres o muy agresivo o muy sumiso\u201d.<\/p>\n<p>\u201cCuando te sientes debes apoyarte en el respaldo de la silla y si esta tiene apoyabrazos, debes dejar descansar tus codos para parecer m\u00e1s confiado\u201d, contin\u00faa. \u201cPuedes cruzar las piernas pero no los brazos\u201d. \u201cLas manos\u201d, explican en Eduvoz, \u201cdeben estar siempre a la vista y hay que moverlas al ritmo de las palabras para apoyar el mensaje, siempre limitando el movimiento entre la cintura y el pecho\u201d.<\/p>\n<p>\u201cNunca se debe enga\u00f1ar\u201d, apuntan finalmente desde Eduvoz. \u201cLas mentiras tienen las patas muy cortas y las preguntas que hacen los entrevistadores tienen trampa y es muy f\u00e1cil contradecirse, aunque tampoco hay que ser tonto y contar cosas que van en tu contra\u201d. Como se ve, la l\u00ednea que las separa es delgada.<\/p>\n","protected":false},"excerpt":{"rendered":"<p>El momento clave para conseguir un trabajo est\u00e1 en la entrevista con el responsable de Recursos Humanos o<a class=\"moretag\" href=\"https:\/\/empresas.infoempleo.com\/hrtrends\/cuida-el-lenguaje-corporal\/\"> Leer m\u00e1s<\/a><\/p>\n","protected":false},"author":7,"featured_media":261,"comment_status":"closed","ping_status":"open","sticky":false,"template":"","format":"standard","meta":{"footnotes":""},"categories":[3],"tags":[],"class_list":["post-260","post","type-post","status-publish","format-standard","has-post-thumbnail","hentry","category-actualidad"],"yoast_head":"<!-- This site is optimized with the Yoast SEO plugin v26.1.1 - https:\/\/yoast.com\/wordpress\/plugins\/seo\/ -->\n<title>Cuida el lenguaje corporal | HRTRENDS<\/title>\n<meta name=\"robots\" content=\"index, follow, max-snippet:-1, max-image-preview:large, max-video-preview:-1\" \/>\n<link rel=\"canonical\" href=\"https:\/\/empresas.infoempleo.com\/hrtrends\/cuida-el-lenguaje-corporal\/\" \/>\n<meta property=\"og:locale\" content=\"es_ES\" \/>\n<meta property=\"og:type\" content=\"article\" \/>\n<meta property=\"og:title\" content=\"Cuida el lenguaje corporal | HRTRENDS\" \/>\n<meta property=\"og:description\" content=\"El momento clave para conseguir un trabajo est\u00e1 en la entrevista con el responsable de Recursos Humanos o Leer m\u00e1s\" \/>\n<meta property=\"og:url\" content=\"https:\/\/empresas.infoempleo.com\/hrtrends\/cuida-el-lenguaje-corporal\/\" \/>\n<meta property=\"og:site_name\" content=\"HRTRENDS\" \/>\n<meta property=\"article:publisher\" content=\"https:\/\/www.facebook.com\/Infoempleo\" \/>\n<meta property=\"article:published_time\" content=\"2012-04-30T06:00:14+00:00\" \/>\n<meta property=\"article:modified_time\" content=\"2023-02-03T12:40:51+00:00\" \/>\n<meta property=\"og:image\" content=\"https:\/\/empresas.infoempleo.com\/hrtrends\/media\/2012\/04\/Lenguaje-Corporal.jpg\" \/>\n\t<meta property=\"og:image:width\" content=\"549\" \/>\n\t<meta property=\"og:image:height\" content=\"250\" \/>\n\t<meta property=\"og:image:type\" content=\"image\/jpeg\" \/>\n<meta name=\"author\" content=\"carlos\" \/>\n<meta name=\"twitter:card\" content=\"summary_large_image\" \/>\n<meta name=\"twitter:creator\" content=\"@infoempleo\" \/>\n<meta name=\"twitter:site\" content=\"@infoempleo\" \/>\n<meta name=\"twitter:label1\" content=\"Escrito por\" \/>\n\t<meta name=\"twitter:data1\" content=\"carlos\" \/>\n\t<meta name=\"twitter:label2\" content=\"Tiempo de lectura\" \/>\n\t<meta name=\"twitter:data2\" content=\"3 minutos\" \/>\n<script type=\"application\/ld+json\" class=\"yoast-schema-graph\">{\"@context\":\"https:\/\/schema.org\",\"@graph\":[{\"@type\":\"NewsArticle\",\"@id\":\"https:\/\/empresas.infoempleo.com\/hrtrends\/cuida-el-lenguaje-corporal\/#article\",\"isPartOf\":{\"@id\":\"https:\/\/empresas.infoempleo.com\/hrtrends\/cuida-el-lenguaje-corporal\/\"},\"author\":{\"name\":\"carlos\",\"@id\":\"https:\/\/empresas.infoempleo.com\/hrtrends\/#\/schema\/person\/f4aae7a8dd41b4086a188ec8262c475f\"},\"headline\":\"Cuida el lenguaje corporal\",\"datePublished\":\"2012-04-30T06:00:14+00:00\",\"dateModified\":\"2023-02-03T12:40:51+00:00\",\"mainEntityOfPage\":{\"@id\":\"https:\/\/empresas.infoempleo.com\/hrtrends\/cuida-el-lenguaje-corporal\/\"},\"wordCount\":529,\"publisher\":{\"@id\":\"https:\/\/empresas.infoempleo.com\/hrtrends\/#organization\"},\"image\":{\"@id\":\"https:\/\/empresas.infoempleo.com\/hrtrends\/cuida-el-lenguaje-corporal\/#primaryimage\"},\"thumbnailUrl\":\"https:\/\/empresas.infoempleo.com\/hrtrends\/media\/2012\/04\/Lenguaje-Corporal.jpg\",\"articleSection\":[\"Actualidad\"],\"inLanguage\":\"es\",\"copyrightYear\":\"2012\",\"copyrightHolder\":{\"@id\":\"https:\/\/empresas.infoempleo.com\/hrtrends\/#organization\"}},{\"@type\":\"WebPage\",\"@id\":\"https:\/\/empresas.infoempleo.com\/hrtrends\/cuida-el-lenguaje-corporal\/\",\"url\":\"https:\/\/empresas.infoempleo.com\/hrtrends\/cuida-el-lenguaje-corporal\/\",\"name\":\"Cuida el lenguaje corporal | HRTRENDS\",\"isPartOf\":{\"@id\":\"https:\/\/empresas.infoempleo.com\/hrtrends\/#website\"},\"primaryImageOfPage\":{\"@id\":\"https:\/\/empresas.infoempleo.com\/hrtrends\/cuida-el-lenguaje-corporal\/#primaryimage\"},\"image\":{\"@id\":\"https:\/\/empresas.infoempleo.com\/hrtrends\/cuida-el-lenguaje-corporal\/#primaryimage\"},\"thumbnailUrl\":\"https:\/\/empresas.infoempleo.com\/hrtrends\/media\/2012\/04\/Lenguaje-Corporal.jpg\",\"datePublished\":\"2012-04-30T06:00:14+00:00\",\"dateModified\":\"2023-02-03T12:40:51+00:00\",\"breadcrumb\":{\"@id\":\"https:\/\/empresas.infoempleo.com\/hrtrends\/cuida-el-lenguaje-corporal\/#breadcrumb\"},\"inLanguage\":\"es\",\"potentialAction\":[{\"@type\":\"ReadAction\",\"target\":[\"https:\/\/empresas.infoempleo.com\/hrtrends\/cuida-el-lenguaje-corporal\/\"]}]},{\"@type\":\"ImageObject\",\"inLanguage\":\"es\",\"@id\":\"https:\/\/empresas.infoempleo.com\/hrtrends\/cuida-el-lenguaje-corporal\/#primaryimage\",\"url\":\"https:\/\/empresas.infoempleo.com\/hrtrends\/media\/2012\/04\/Lenguaje-Corporal-150x150.jpg\",\"contentUrl\":\"https:\/\/empresas.infoempleo.com\/hrtrends\/media\/2012\/04\/Lenguaje-Corporal-150x150.jpg\",\"width\":150,\"height\":150},{\"@type\":\"BreadcrumbList\",\"@id\":\"https:\/\/empresas.infoempleo.com\/hrtrends\/cuida-el-lenguaje-corporal\/#breadcrumb\",\"itemListElement\":[{\"@type\":\"ListItem\",\"position\":1,\"name\":\"Portada\",\"item\":\"https:\/\/empresas.infoempleo.com\/hrtrends\/\"},{\"@type\":\"ListItem\",\"position\":2,\"name\":\"Cuida el lenguaje corporal\"}]},{\"@type\":\"WebSite\",\"@id\":\"https:\/\/empresas.infoempleo.com\/hrtrends\/#website\",\"url\":\"https:\/\/empresas.infoempleo.com\/hrtrends\",\"name\":\"HRTrends by Infoempleo\",\"description\":\"\",\"publisher\":{\"@id\":\"https:\/\/empresas.infoempleo.com\/hrtrends\/#organization\"},\"potentialAction\":{\"@type\":\"SearchAction\",\"target\":\"https:\/\/empresas.infoempleo.com\/hrtrends\/?s={search_term_string}\",\"query-input\":\"required name=search_term_string\"},\"inLanguage\":\"es\"},{\"@type\":\"Organization\",\"@id\":\"https:\/\/empresas.infoempleo.com\/hrtrends\/#organization\",\"name\":\"Infoempleo\",\"url\":\"https:\/\/www.infoempleo.com\/\",\"logo\":{\"@type\":\"ImageObject\",\"@id\":\"https:\/\/empresas.infoempleo.com\/hrtrends\/#logo\",\"inLanguage\":\"es\",\"url\":\"https:\/\/cdnazure.infoempleo.com\/infoempleo\/assets\/style\/gfx\/logo.svg\",\"contentUrl\":\"https:\/\/cdnazure.infoempleo.com\/infoempleo\/assets\/style\/gfx\/logo.svg\",\"width\":150,\"height\":40,\"caption\":\"Infoempleo\"},\"image\":{\"@id\":\"https:\/\/empresas.infoempleo.com\/hrtrends\/#logo\"},\"sameAs\":[\"https:\/\/www.facebook.com\/Infoempleo\",\"https:\/\/x.com\/infoempleo\",\"http:\/\/instagram.com\/infoempleo\/\",\"http:\/\/www.linkedin.com\/groups\/Empleo-Espa\u00f1a-Infoempleocom-111276\",\"http:\/\/pinterest.com\/infoempleo\/\"],\"address\":{\"@type\":\"PostalAddress\",\"addressLocality\":\"Madrid\",\"postalCode\":\"28050\",\"streetAddress\":\"Avenida de Burgos 114\"},\"brand\":[\"Infoempleo\"]},{\"@type\":\"Person\",\"@id\":\"https:\/\/empresas.infoempleo.com\/hrtrends\/#\/schema\/person\/f4aae7a8dd41b4086a188ec8262c475f\",\"name\":\"carlos\",\"image\":{\"@type\":\"ImageObject\",\"inLanguage\":\"es\",\"@id\":\"https:\/\/empresas.infoempleo.com\/hrtrends\/#\/schema\/person\/image\/\",\"url\":\"https:\/\/secure.gravatar.com\/avatar\/35496b1c22dbf36f50f59513511b089e9bf01b88d8a9d4a79549c848fb9a4a6d?s=96&d=mm&r=g\",\"contentUrl\":\"https:\/\/secure.gravatar.com\/avatar\/35496b1c22dbf36f50f59513511b089e9bf01b88d8a9d4a79549c848fb9a4a6d?s=96&d=mm&r=g\",\"caption\":\"carlos\"},\"url\":\"https:\/\/empresas.infoempleo.com\/hrtrends\/author\/carlos\/\"}]}<\/script>\n<!-- \/ Yoast SEO plugin. -->","yoast_head_json":{"title":"Cuida el lenguaje corporal | HRTRENDS","robots":{"index":"index","follow":"follow","max-snippet":"max-snippet:-1","max-image-preview":"max-image-preview:large","max-video-preview":"max-video-preview:-1"},"canonical":"https:\/\/empresas.infoempleo.com\/hrtrends\/cuida-el-lenguaje-corporal\/","og_locale":"es_ES","og_type":"article","og_title":"Cuida el lenguaje corporal | HRTRENDS","og_description":"El momento clave para conseguir un trabajo est\u00e1 en la entrevista con el responsable de Recursos Humanos o Leer m\u00e1s","og_url":"https:\/\/empresas.infoempleo.com\/hrtrends\/cuida-el-lenguaje-corporal\/","og_site_name":"HRTRENDS","article_publisher":"https:\/\/www.facebook.com\/Infoempleo","article_published_time":"2012-04-30T06:00:14+00:00","article_modified_time":"2023-02-03T12:40:51+00:00","og_image":[{"width":549,"height":250,"url":"https:\/\/empresas.infoempleo.com\/hrtrends\/media\/2012\/04\/Lenguaje-Corporal.jpg","type":"image\/jpeg"}],"author":"carlos","twitter_card":"summary_large_image","twitter_creator":"@infoempleo","twitter_site":"@infoempleo","twitter_misc":{"Escrito por":"carlos","Tiempo de lectura":"3 minutos"},"schema":{"@context":"https:\/\/schema.org","@graph":[{"@type":"NewsArticle","@id":"https:\/\/empresas.infoempleo.com\/hrtrends\/cuida-el-lenguaje-corporal\/#article","isPartOf":{"@id":"https:\/\/empresas.infoempleo.com\/hrtrends\/cuida-el-lenguaje-corporal\/"},"author":{"name":"carlos","@id":"https:\/\/empresas.infoempleo.com\/hrtrends\/#\/schema\/person\/f4aae7a8dd41b4086a188ec8262c475f"},"headline":"Cuida el lenguaje corporal","datePublished":"2012-04-30T06:00:14+00:00","dateModified":"2023-02-03T12:40:51+00:00","mainEntityOfPage":{"@id":"https:\/\/empresas.infoempleo.com\/hrtrends\/cuida-el-lenguaje-corporal\/"},"wordCount":529,"publisher":{"@id":"https:\/\/empresas.infoempleo.com\/hrtrends\/#organization"},"image":{"@id":"https:\/\/empresas.infoempleo.com\/hrtrends\/cuida-el-lenguaje-corporal\/#primaryimage"},"thumbnailUrl":"https:\/\/empresas.infoempleo.com\/hrtrends\/media\/2012\/04\/Lenguaje-Corporal.jpg","articleSection":["Actualidad"],"inLanguage":"es","copyrightYear":"2012","copyrightHolder":{"@id":"https:\/\/empresas.infoempleo.com\/hrtrends\/#organization"}},{"@type":"WebPage","@id":"https:\/\/empresas.infoempleo.com\/hrtrends\/cuida-el-lenguaje-corporal\/","url":"https:\/\/empresas.infoempleo.com\/hrtrends\/cuida-el-lenguaje-corporal\/","name":"Cuida el lenguaje corporal | HRTRENDS","isPartOf":{"@id":"https:\/\/empresas.infoempleo.com\/hrtrends\/#website"},"primaryImageOfPage":{"@id":"https:\/\/empresas.infoempleo.com\/hrtrends\/cuida-el-lenguaje-corporal\/#primaryimage"},"image":{"@id":"https:\/\/empresas.infoempleo.com\/hrtrends\/cuida-el-lenguaje-corporal\/#primaryimage"},"thumbnailUrl":"https:\/\/empresas.infoempleo.com\/hrtrends\/media\/2012\/04\/Lenguaje-Corporal.jpg","datePublished":"2012-04-30T06:00:14+00:00","dateModified":"2023-02-03T12:40:51+00:00","breadcrumb":{"@id":"https:\/\/empresas.infoempleo.com\/hrtrends\/cuida-el-lenguaje-corporal\/#breadcrumb"},"inLanguage":"es","potentialAction":[{"@type":"ReadAction","target":["https:\/\/empresas.infoempleo.com\/hrtrends\/cuida-el-lenguaje-corporal\/"]}]},{"@type":"ImageObject","inLanguage":"es","@id":"https:\/\/empresas.infoempleo.com\/hrtrends\/cuida-el-lenguaje-corporal\/#primaryimage","url":"https:\/\/empresas.infoempleo.com\/hrtrends\/media\/2012\/04\/Lenguaje-Corporal-150x150.jpg","contentUrl":"https:\/\/empresas.infoempleo.com\/hrtrends\/media\/2012\/04\/Lenguaje-Corporal-150x150.jpg","width":150,"height":150},{"@type":"BreadcrumbList","@id":"https:\/\/empresas.infoempleo.com\/hrtrends\/cuida-el-lenguaje-corporal\/#breadcrumb","itemListElement":[{"@type":"ListItem","position":1,"name":"Portada","item":"https:\/\/empresas.infoempleo.com\/hrtrends\/"},{"@type":"ListItem","position":2,"name":"Cuida el lenguaje corporal"}]},{"@type":"WebSite","@id":"https:\/\/empresas.infoempleo.com\/hrtrends\/#website","url":"https:\/\/empresas.infoempleo.com\/hrtrends","name":"HRTrends by Infoempleo","description":"","publisher":{"@id":"https:\/\/empresas.infoempleo.com\/hrtrends\/#organization"},"potentialAction":{"@type":"SearchAction","target":"https:\/\/empresas.infoempleo.com\/hrtrends\/?s={search_term_string}","query-input":"required name=search_term_string"},"inLanguage":"es"},{"@type":"Organization","@id":"https:\/\/empresas.infoempleo.com\/hrtrends\/#organization","name":"Infoempleo","url":"https:\/\/www.infoempleo.com\/","logo":{"@type":"ImageObject","@id":"https:\/\/empresas.infoempleo.com\/hrtrends\/#logo","inLanguage":"es","url":"https:\/\/cdnazure.infoempleo.com\/infoempleo\/assets\/style\/gfx\/logo.svg","contentUrl":"https:\/\/cdnazure.infoempleo.com\/infoempleo\/assets\/style\/gfx\/logo.svg","width":150,"height":40,"caption":"Infoempleo"},"image":{"@id":"https:\/\/empresas.infoempleo.com\/hrtrends\/#logo"},"sameAs":["https:\/\/www.facebook.com\/Infoempleo","https:\/\/x.com\/infoempleo","http:\/\/instagram.com\/infoempleo\/","http:\/\/www.linkedin.com\/groups\/Empleo-Espa\u00f1a-Infoempleocom-111276","http:\/\/pinterest.com\/infoempleo\/"],"address":{"@type":"PostalAddress","addressLocality":"Madrid","postalCode":"28050","streetAddress":"Avenida de Burgos 114"},"brand":["Infoempleo"]},{"@type":"Person","@id":"https:\/\/empresas.infoempleo.com\/hrtrends\/#\/schema\/person\/f4aae7a8dd41b4086a188ec8262c475f","name":"carlos","image":{"@type":"ImageObject","inLanguage":"es","@id":"https:\/\/empresas.infoempleo.com\/hrtrends\/#\/schema\/person\/image\/","url":"https:\/\/secure.gravatar.com\/avatar\/35496b1c22dbf36f50f59513511b089e9bf01b88d8a9d4a79549c848fb9a4a6d?s=96&d=mm&r=g","contentUrl":"https:\/\/secure.gravatar.com\/avatar\/35496b1c22dbf36f50f59513511b089e9bf01b88d8a9d4a79549c848fb9a4a6d?s=96&d=mm&r=g","caption":"carlos"},"url":"https:\/\/empresas.infoempleo.com\/hrtrends\/author\/carlos\/"}]}},"amp_enabled":true,"_links":{"self":[{"href":"https:\/\/empresas.infoempleo.com\/hrtrends\/wp-json\/wp\/v2\/posts\/260","targetHints":{"allow":["GET"]}}],"collection":[{"href":"https:\/\/empresas.infoempleo.com\/hrtrends\/wp-json\/wp\/v2\/posts"}],"about":[{"href":"https:\/\/empresas.infoempleo.com\/hrtrends\/wp-json\/wp\/v2\/types\/post"}],"author":[{"embeddable":true,"href":"https:\/\/empresas.infoempleo.com\/hrtrends\/wp-json\/wp\/v2\/users\/7"}],"replies":[{"embeddable":true,"href":"https:\/\/empresas.infoempleo.com\/hrtrends\/wp-json\/wp\/v2\/comments?post=260"}],"version-history":[{"count":1,"href":"https:\/\/empresas.infoempleo.com\/hrtrends\/wp-json\/wp\/v2\/posts\/260\/revisions"}],"predecessor-version":[{"id":42095,"href":"https:\/\/empresas.infoempleo.com\/hrtrends\/wp-json\/wp\/v2\/posts\/260\/revisions\/42095"}],"wp:featuredmedia":[{"embeddable":true,"href":"https:\/\/empresas.infoempleo.com\/hrtrends\/wp-json\/wp\/v2\/media\/261"}],"wp:attachment":[{"href":"https:\/\/empresas.infoempleo.com\/hrtrends\/wp-json\/wp\/v2\/media?parent=260"}],"wp:term":[{"taxonomy":"category","embeddable":true,"href":"https:\/\/empresas.infoempleo.com\/hrtrends\/wp-json\/wp\/v2\/categories?post=260"},{"taxonomy":"post_tag","embeddable":true,"href":"https:\/\/empresas.infoempleo.com\/hrtrends\/wp-json\/wp\/v2\/tags?post=260"}],"curies":[{"name":"wp","href":"https:\/\/api.w.org\/{rel}","templated":true}]}}