{"id":25994,"date":"2016-08-08T07:30:37","date_gmt":"2016-08-08T05:30:37","guid":{"rendered":"http:\/\/blog.infoempleo.com\/?post_type=post&#038;p=25994"},"modified":"2024-08-29T17:49:00","modified_gmt":"2024-08-29T15:49:00","slug":"llamar-la-atencion-headhunter","status":"publish","type":"post","link":"https:\/\/empresas.infoempleo.com\/hrtrends\/llamar-la-atencion-headhunter\/","title":{"rendered":"C\u00f3mo llamar la atenci\u00f3n de un headhunter"},"content":{"rendered":"<p>Trabajan en la sombra, husmean, escudri\u00f1an, investigan hasta el \u00faltimo resquicio, <em>googlean<\/em> tu nombre y quieren saber qu\u00e9 haces, c\u00f3mo eres y de qu\u00e9 forma encajar\u00edas en el puesto que necesitan cubrir. Est\u00e1n <strong>buscando el mejor<\/strong> <strong>candidato<\/strong> a las \u00f3rdenes de su cliente, una empresa u organizaci\u00f3n que necesita incorporar un determinado perfil a su plantilla, generalmente uno ejecutivo o muy especializado. Son los <em>headhunters<\/em> o cazatalentos, personas que se encargan de hacer un trabajo de <strong>reclutamiento muy espec\u00edfico<\/strong>. \u00bfC\u00f3mo podemos atraer su fino olfato profesional?<\/p>\n<p><!--more--><\/p>\n<p>Para allanar el camino en el que se encontrar\u00e1n un <em>headhunter<\/em> y un candidato ambos deben poner a trabajar sus recursos. El headhunter recurrir\u00e1 al <em><a href=\"https:\/\/empresas.infoempleo.com\/hrtrends\/nethunters-reclutando-candidatos-en-un-click\/\">nethunting<\/a> <\/em>y agudizar\u00e1 su ingenio para encontrar un <a href=\"https:\/\/empresas.infoempleo.com\/hrtrends\/porque-las-empresas-se-mueren-por-reclutar-candidatos-pasivos\/\">candidato pasivo<\/a> y propiciar encuentros. El candidato por su parte pondr\u00e1 todo su empe\u00f1o en construir una <strong>marca personal<\/strong> <strong>y profesional<\/strong>, una huella. La huella que seguir\u00e1 el <em>headhunter<\/em>.<\/p>\n<p>Tener una marca personal relevante y trascendente para el entorno pasa por saber contar una buena historia sobre qui\u00e9n se es profesionalmente. Y saber contarla adecuando las expectativas profesionales a las <strong>tendencias en el sector<\/strong>, donde lo que se sabe hacer es imprescindible para la actividad que se desarrolla. Luego, saber apoyarlo con la <strong>experiencia<\/strong> y hacer un aporte de <strong>creatividad<\/strong>. Esa huella puede aparecer en LinkedIn, la red profesional m\u00e1s utilizada y lugar de encuentro entre profesionales o en el CV alojado en un <strong>portal de empleo<\/strong>. Para continuar dejando un suculento rastro en las redes sociales, tanto compartiendo informaci\u00f3n relevante como ofreciendo <strong>contenido<\/strong> <strong>de valor<\/strong>. Una forma de mostrar al mundo las habilidades que se tienen.<\/p>\n<h2>\u00bfQu\u00e9 hacer?<\/h2>\n<p>Una descripci\u00f3n de los <strong>logros<\/strong> <strong>conseguidos<\/strong> seguido de las <strong>aspiraciones<\/strong> y retos que se quieren alcanzar puede ser un buen comienzo para esta historia. Dentro de la enumeraci\u00f3n de empresa en las que se ha ofrecido servicios es interesante detenerse y describir con mayor detalle aquellas que gocen de prestigio.<\/p>\n<p>Las empresas clientes de los <em>headhunters<\/em> tambi\u00e9n son sensibles ante una buena marca y el cazatalentos aprovechar\u00e1 ese dato de tu CV para resaltarlo frente a su cliente. Haber pertenecido a determinadas organizaciones contribuir\u00e1 al prestigio de la historia. \u00bfCu\u00e1l es tu etiqueta profesional, cu\u00e1les son las palabras clave que se utilizan en el sector? Invest\u00edgalo en Google Trends e incl\u00fayelas cuando tengas oportunidad, por ejemplo, en las <em>bios<\/em> de los perfiles de redes sociales y en las conversaciones sociales que establezcas.<\/p>\n<h2>\u00bfC\u00f3mo es de relevante mi talento?<\/h2>\n<p>Plantear la cuesti\u00f3n partiendo desde lo que t\u00fa puedes aportar en vez de desde lo que puedes sacar de provecho dotar\u00e1 de relevancia y trascendencia tu <strong>talento<\/strong>. De este modo se estar\u00e1 ofreciendo una clara orientaci\u00f3n hacia las necesidades. Sugerir o se\u00f1alar las <strong>oportunidades de mejora<\/strong> que tiene la actividad y alinearlas con tus aspiraciones aportando lo que se sabe hacer para generar posibles soluciones ser\u00e1 la manifestaci\u00f3n de un talante proactivo.<\/p>\n<p><strong>Construir la marca personal<\/strong>\u00a0pasa por explorar la posibilidad de que se pueda definir la propia carrera. Se trata de empoderarse y definirse contando lo que se puede ofrecer. Pero esto tambi\u00e9n implica hacer un\u00a0 ejercicio de sinceridad y reflexionar sobre si lo que se sabe es relevante o se necesita formaci\u00f3n o actualizaci\u00f3n de conocimientos, o incluso cambiar de rumbo y dirigir los pasos en otra direcci\u00f3n. Escuchar y saber detectar cu\u00e1l es nuestro p\u00fablico y si eso nos permite seguir viviendo de ello.<\/p>\n<h2>Dise\u00f1ar una estrategia de visibilidad<\/h2>\n<p>Tras definirse profesionalmente hay que abordar la visibilidad. <strong>Participar en redes sociales<\/strong> multiplica la visibilidad de la marca personal. No se trata de estar en todas las redes sociales pero s\u00ed es imprescindible estar en aquellas en las que conversa el sector al que se pertenece.<\/p>\n<ul>\n<li>En un <a href=\"http:\/\/blog.infoempleo.com\/a\/y-si-hago-un-blog-para-buscar-empleo\/\">blog <\/a>se pueden verter tanto los <strong>conocimientos<\/strong> que se tienen sobre la materia como aportar el estilo personal, la marca de la casa, el talante o determinadas cualidades personales como el humor e incluso fusionarlas con otros intereses.<\/li>\n<li><strong>Participar<\/strong> de forma activa y aportando valor en foros tanto de LinkedIn como profesionales.<\/li>\n<li>Asistir a jornadas de <strong><em>networking<\/em><\/strong>.<\/li>\n<li>Participar en <strong>conferencias<\/strong> y mesas redondas y hablar de ello en tus redes sociales. El 70% de las ofertas se mueven entre contactos.<\/li>\n<li><strong>Colaborar<\/strong> en la creaci\u00f3n de contenidos con otros profesionales. Unir tu talento al de quienes comparten tus ideales o visi\u00f3n har\u00e1 que tu mensaje se transmita con mucha m\u00e1s fuerza.<\/li>\n<\/ul>\n<p>Se trata de describirte profesionalmente de forma que la huella se mantenga fresca y provocar el encuentro con un <em>headhunter<\/em> que puede llevarte a una buena oportunidad laboral.<\/p>\n<p>Si os hab\u00e9is quedado con ganas de profundizar un poco sobre marca personal os dejamos un interesante v\u00eddeo TEDex donde la <em>headhunter<\/em> Arantxa Garc\u00eda explica c\u00f3mo se puede empoderar el talento:<\/p>\n<p><iframe loading=\"lazy\" width=\"1140\" height=\"641\" src=\"https:\/\/www.youtube.com\/embed\/Zpr639srPZg?feature=oembed\" frameborder=\"0\" allowfullscreen><\/iframe><\/p>\n","protected":false},"excerpt":{"rendered":"<p>Trabajan en la sombra, husmean, escudri\u00f1an, investigan hasta el \u00faltimo resquicio, googlean tu nombre y quieren saber qu\u00e9<a class=\"moretag\" href=\"https:\/\/empresas.infoempleo.com\/hrtrends\/llamar-la-atencion-headhunter\/\"> Leer m\u00e1s<\/a><\/p>\n","protected":false},"author":29,"featured_media":25997,"comment_status":"closed","ping_status":"open","sticky":false,"template":"","format":"standard","meta":{"footnotes":""},"categories":[2984],"tags":[889,2987,2442,89],"class_list":["post-25994","post","type-post","status-publish","format-standard","has-post-thumbnail","hentry","category-headhunters","tag-candidato","tag-headhunter","tag-reclutamiento","tag-talento"],"yoast_head":"<!-- This site is optimized with the Yoast SEO plugin v26.1.1 - https:\/\/yoast.com\/wordpress\/plugins\/seo\/ -->\n<title>C\u00f3mo llamar la atenci\u00f3n de un headhunter | HRTRENDS<\/title>\n<meta name=\"description\" content=\"Los headhunters, personas que se encargan de hacer un trabajo de reclutamiento muy espec\u00edfico. \u00bfC\u00f3mo podemos atraer su fino olfato profesional?\" \/>\n<meta name=\"robots\" content=\"index, follow, max-snippet:-1, max-image-preview:large, max-video-preview:-1\" \/>\n<link rel=\"canonical\" href=\"https:\/\/empresas.infoempleo.com\/hrtrends\/llamar-la-atencion-headhunter\/\" \/>\n<meta property=\"og:locale\" content=\"es_ES\" \/>\n<meta property=\"og:type\" content=\"article\" \/>\n<meta property=\"og:title\" content=\"C\u00f3mo llamar la atenci\u00f3n de un headhunter | HRTRENDS\" \/>\n<meta property=\"og:description\" content=\"Los headhunters, personas que se encargan de hacer un trabajo de reclutamiento muy espec\u00edfico. \u00bfC\u00f3mo podemos atraer su fino olfato profesional?\" \/>\n<meta property=\"og:url\" content=\"https:\/\/empresas.infoempleo.com\/hrtrends\/llamar-la-atencion-headhunter\/\" \/>\n<meta property=\"og:site_name\" content=\"HRTRENDS\" \/>\n<meta property=\"article:publisher\" content=\"https:\/\/www.facebook.com\/Infoempleo\" \/>\n<meta property=\"article:published_time\" content=\"2016-08-08T05:30:37+00:00\" \/>\n<meta property=\"article:modified_time\" content=\"2024-08-29T15:49:00+00:00\" \/>\n<meta property=\"og:image\" content=\"https:\/\/empresas.infoempleo.com\/hrtrends\/media\/2016\/08\/ThinkstockPhotos-545457630.jpg\" \/>\n\t<meta property=\"og:image:width\" content=\"881\" \/>\n\t<meta property=\"og:image:height\" content=\"587\" \/>\n\t<meta property=\"og:image:type\" content=\"image\/jpeg\" \/>\n<meta name=\"author\" content=\"Luisa Carrasco\" \/>\n<meta name=\"twitter:card\" content=\"summary_large_image\" \/>\n<meta name=\"twitter:creator\" content=\"@infoempleo\" \/>\n<meta name=\"twitter:site\" content=\"@infoempleo\" \/>\n<meta name=\"twitter:label1\" content=\"Escrito por\" \/>\n\t<meta name=\"twitter:data1\" content=\"Luisa Carrasco\" \/>\n\t<meta name=\"twitter:label2\" content=\"Tiempo de lectura\" \/>\n\t<meta name=\"twitter:data2\" content=\"4 minutos\" \/>\n<script type=\"application\/ld+json\" class=\"yoast-schema-graph\">{\"@context\":\"https:\/\/schema.org\",\"@graph\":[{\"@type\":\"NewsArticle\",\"@id\":\"https:\/\/empresas.infoempleo.com\/hrtrends\/llamar-la-atencion-headhunter\/#article\",\"isPartOf\":{\"@id\":\"https:\/\/empresas.infoempleo.com\/hrtrends\/llamar-la-atencion-headhunter\/\"},\"author\":{\"name\":\"Luisa Carrasco\",\"@id\":\"https:\/\/empresas.infoempleo.com\/hrtrends\/#\/schema\/person\/32ca57975913668419d075627a98dafe\"},\"headline\":\"C\u00f3mo llamar la atenci\u00f3n de un headhunter\",\"datePublished\":\"2016-08-08T05:30:37+00:00\",\"dateModified\":\"2024-08-29T15:49:00+00:00\",\"mainEntityOfPage\":{\"@id\":\"https:\/\/empresas.infoempleo.com\/hrtrends\/llamar-la-atencion-headhunter\/\"},\"wordCount\":839,\"publisher\":{\"@id\":\"https:\/\/empresas.infoempleo.com\/hrtrends\/#organization\"},\"image\":{\"@id\":\"https:\/\/empresas.infoempleo.com\/hrtrends\/llamar-la-atencion-headhunter\/#primaryimage\"},\"thumbnailUrl\":\"https:\/\/empresas.infoempleo.com\/hrtrends\/media\/2016\/08\/ThinkstockPhotos-545457630.jpg\",\"keywords\":[\"Candidato\",\"headhunter\",\"reclutamiento\",\"talento\"],\"articleSection\":[\"Headhunters\"],\"inLanguage\":\"es\",\"copyrightYear\":\"2016\",\"copyrightHolder\":{\"@id\":\"https:\/\/empresas.infoempleo.com\/hrtrends\/#organization\"}},{\"@type\":\"WebPage\",\"@id\":\"https:\/\/empresas.infoempleo.com\/hrtrends\/llamar-la-atencion-headhunter\/\",\"url\":\"https:\/\/empresas.infoempleo.com\/hrtrends\/llamar-la-atencion-headhunter\/\",\"name\":\"C\u00f3mo llamar la atenci\u00f3n de un headhunter | HRTRENDS\",\"isPartOf\":{\"@id\":\"https:\/\/empresas.infoempleo.com\/hrtrends\/#website\"},\"primaryImageOfPage\":{\"@id\":\"https:\/\/empresas.infoempleo.com\/hrtrends\/llamar-la-atencion-headhunter\/#primaryimage\"},\"image\":{\"@id\":\"https:\/\/empresas.infoempleo.com\/hrtrends\/llamar-la-atencion-headhunter\/#primaryimage\"},\"thumbnailUrl\":\"https:\/\/empresas.infoempleo.com\/hrtrends\/media\/2016\/08\/ThinkstockPhotos-545457630.jpg\",\"datePublished\":\"2016-08-08T05:30:37+00:00\",\"dateModified\":\"2024-08-29T15:49:00+00:00\",\"description\":\"Los headhunters, personas que se encargan de hacer un trabajo de reclutamiento muy espec\u00edfico. \u00bfC\u00f3mo podemos atraer su fino olfato profesional?\",\"breadcrumb\":{\"@id\":\"https:\/\/empresas.infoempleo.com\/hrtrends\/llamar-la-atencion-headhunter\/#breadcrumb\"},\"inLanguage\":\"es\",\"potentialAction\":[{\"@type\":\"ReadAction\",\"target\":[\"https:\/\/empresas.infoempleo.com\/hrtrends\/llamar-la-atencion-headhunter\/\"]}]},{\"@type\":\"ImageObject\",\"inLanguage\":\"es\",\"@id\":\"https:\/\/empresas.infoempleo.com\/hrtrends\/llamar-la-atencion-headhunter\/#primaryimage\",\"url\":\"https:\/\/empresas.infoempleo.com\/hrtrends\/media\/2016\/08\/ThinkstockPhotos-545457630-150x150.jpg\",\"contentUrl\":\"https:\/\/empresas.infoempleo.com\/hrtrends\/media\/2016\/08\/ThinkstockPhotos-545457630-150x150.jpg\",\"width\":150,\"height\":150,\"caption\":\"C\u00f3mo llamar la atenci\u00f3n de un headhunter\"},{\"@type\":\"BreadcrumbList\",\"@id\":\"https:\/\/empresas.infoempleo.com\/hrtrends\/llamar-la-atencion-headhunter\/#breadcrumb\",\"itemListElement\":[{\"@type\":\"ListItem\",\"position\":1,\"name\":\"Portada\",\"item\":\"https:\/\/empresas.infoempleo.com\/hrtrends\/\"},{\"@type\":\"ListItem\",\"position\":2,\"name\":\"C\u00f3mo llamar la atenci\u00f3n de un headhunter\"}]},{\"@type\":\"WebSite\",\"@id\":\"https:\/\/empresas.infoempleo.com\/hrtrends\/#website\",\"url\":\"https:\/\/empresas.infoempleo.com\/hrtrends\",\"name\":\"HRTrends by Infoempleo\",\"description\":\"\",\"publisher\":{\"@id\":\"https:\/\/empresas.infoempleo.com\/hrtrends\/#organization\"},\"potentialAction\":{\"@type\":\"SearchAction\",\"target\":\"https:\/\/empresas.infoempleo.com\/hrtrends\/?s={search_term_string}\",\"query-input\":\"required name=search_term_string\"},\"inLanguage\":\"es\"},{\"@type\":\"Organization\",\"@id\":\"https:\/\/empresas.infoempleo.com\/hrtrends\/#organization\",\"name\":\"Infoempleo\",\"url\":\"https:\/\/www.infoempleo.com\/\",\"logo\":{\"@type\":\"ImageObject\",\"@id\":\"https:\/\/empresas.infoempleo.com\/hrtrends\/#logo\",\"inLanguage\":\"es\",\"url\":\"https:\/\/cdnazure.infoempleo.com\/infoempleo\/assets\/style\/gfx\/logo.svg\",\"contentUrl\":\"https:\/\/cdnazure.infoempleo.com\/infoempleo\/assets\/style\/gfx\/logo.svg\",\"width\":150,\"height\":40,\"caption\":\"Infoempleo\"},\"image\":{\"@id\":\"https:\/\/empresas.infoempleo.com\/hrtrends\/#logo\"},\"sameAs\":[\"https:\/\/www.facebook.com\/Infoempleo\",\"https:\/\/x.com\/infoempleo\",\"http:\/\/instagram.com\/infoempleo\/\",\"http:\/\/www.linkedin.com\/groups\/Empleo-Espa\u00f1a-Infoempleocom-111276\",\"http:\/\/pinterest.com\/infoempleo\/\"],\"address\":{\"@type\":\"PostalAddress\",\"addressLocality\":\"Madrid\",\"postalCode\":\"28050\",\"streetAddress\":\"Avenida de Burgos 114\"},\"brand\":[\"Infoempleo\"]},{\"@type\":\"Person\",\"@id\":\"https:\/\/empresas.infoempleo.com\/hrtrends\/#\/schema\/person\/32ca57975913668419d075627a98dafe\",\"name\":\"Luisa Carrasco\",\"image\":{\"@type\":\"ImageObject\",\"inLanguage\":\"es\",\"@id\":\"https:\/\/empresas.infoempleo.com\/hrtrends\/#\/schema\/person\/image\/\",\"url\":\"https:\/\/secure.gravatar.com\/avatar\/8cc7d7a784a8289007bbfddcef37ed7157c6ae70e89183748ddf5858d9133c86?s=96&d=mm&r=g\",\"contentUrl\":\"https:\/\/secure.gravatar.com\/avatar\/8cc7d7a784a8289007bbfddcef37ed7157c6ae70e89183748ddf5858d9133c86?s=96&d=mm&r=g\",\"caption\":\"Luisa Carrasco\"},\"description\":\"Licenciada en Sociolog\u00eda y posgrado en gesti\u00f3n de la comunicaci\u00f3n para organizaciones culturales. Me interesa todo lo que tiene que ver con la organizaci\u00f3n e integraci\u00f3n de los distintos agentes sociales. El \u00e1mbito laboral y el de la educaci\u00f3n y formaci\u00f3n es el punto de encuentro de gran parte de estos actores. Estoy al tanto de los temas de actualidad laboral, las tendencias en el mercado del trabajo, las nuevas iniciativas en el tejido empresarial y las propuestas de innovaci\u00f3n en materia de educaci\u00f3n y formaci\u00f3n. Por lo general, escribo en el blog de Infoempleo tres veces por semana.\",\"url\":\"https:\/\/empresas.infoempleo.com\/hrtrends\/author\/luisaagenciayerro\/\"}]}<\/script>\n<!-- \/ Yoast SEO plugin. -->","yoast_head_json":{"title":"C\u00f3mo llamar la atenci\u00f3n de un headhunter | HRTRENDS","description":"Los headhunters, personas que se encargan de hacer un trabajo de reclutamiento muy espec\u00edfico. \u00bfC\u00f3mo podemos atraer su fino olfato profesional?","robots":{"index":"index","follow":"follow","max-snippet":"max-snippet:-1","max-image-preview":"max-image-preview:large","max-video-preview":"max-video-preview:-1"},"canonical":"https:\/\/empresas.infoempleo.com\/hrtrends\/llamar-la-atencion-headhunter\/","og_locale":"es_ES","og_type":"article","og_title":"C\u00f3mo llamar la atenci\u00f3n de un headhunter | HRTRENDS","og_description":"Los headhunters, personas que se encargan de hacer un trabajo de reclutamiento muy espec\u00edfico. \u00bfC\u00f3mo podemos atraer su fino olfato profesional?","og_url":"https:\/\/empresas.infoempleo.com\/hrtrends\/llamar-la-atencion-headhunter\/","og_site_name":"HRTRENDS","article_publisher":"https:\/\/www.facebook.com\/Infoempleo","article_published_time":"2016-08-08T05:30:37+00:00","article_modified_time":"2024-08-29T15:49:00+00:00","og_image":[{"width":881,"height":587,"url":"https:\/\/empresas.infoempleo.com\/hrtrends\/media\/2016\/08\/ThinkstockPhotos-545457630.jpg","type":"image\/jpeg"}],"author":"Luisa Carrasco","twitter_card":"summary_large_image","twitter_creator":"@infoempleo","twitter_site":"@infoempleo","twitter_misc":{"Escrito por":"Luisa Carrasco","Tiempo de lectura":"4 minutos"},"schema":{"@context":"https:\/\/schema.org","@graph":[{"@type":"NewsArticle","@id":"https:\/\/empresas.infoempleo.com\/hrtrends\/llamar-la-atencion-headhunter\/#article","isPartOf":{"@id":"https:\/\/empresas.infoempleo.com\/hrtrends\/llamar-la-atencion-headhunter\/"},"author":{"name":"Luisa Carrasco","@id":"https:\/\/empresas.infoempleo.com\/hrtrends\/#\/schema\/person\/32ca57975913668419d075627a98dafe"},"headline":"C\u00f3mo llamar la atenci\u00f3n de un headhunter","datePublished":"2016-08-08T05:30:37+00:00","dateModified":"2024-08-29T15:49:00+00:00","mainEntityOfPage":{"@id":"https:\/\/empresas.infoempleo.com\/hrtrends\/llamar-la-atencion-headhunter\/"},"wordCount":839,"publisher":{"@id":"https:\/\/empresas.infoempleo.com\/hrtrends\/#organization"},"image":{"@id":"https:\/\/empresas.infoempleo.com\/hrtrends\/llamar-la-atencion-headhunter\/#primaryimage"},"thumbnailUrl":"https:\/\/empresas.infoempleo.com\/hrtrends\/media\/2016\/08\/ThinkstockPhotos-545457630.jpg","keywords":["Candidato","headhunter","reclutamiento","talento"],"articleSection":["Headhunters"],"inLanguage":"es","copyrightYear":"2016","copyrightHolder":{"@id":"https:\/\/empresas.infoempleo.com\/hrtrends\/#organization"}},{"@type":"WebPage","@id":"https:\/\/empresas.infoempleo.com\/hrtrends\/llamar-la-atencion-headhunter\/","url":"https:\/\/empresas.infoempleo.com\/hrtrends\/llamar-la-atencion-headhunter\/","name":"C\u00f3mo llamar la atenci\u00f3n de un headhunter | HRTRENDS","isPartOf":{"@id":"https:\/\/empresas.infoempleo.com\/hrtrends\/#website"},"primaryImageOfPage":{"@id":"https:\/\/empresas.infoempleo.com\/hrtrends\/llamar-la-atencion-headhunter\/#primaryimage"},"image":{"@id":"https:\/\/empresas.infoempleo.com\/hrtrends\/llamar-la-atencion-headhunter\/#primaryimage"},"thumbnailUrl":"https:\/\/empresas.infoempleo.com\/hrtrends\/media\/2016\/08\/ThinkstockPhotos-545457630.jpg","datePublished":"2016-08-08T05:30:37+00:00","dateModified":"2024-08-29T15:49:00+00:00","description":"Los headhunters, personas que se encargan de hacer un trabajo de reclutamiento muy espec\u00edfico. \u00bfC\u00f3mo podemos atraer su fino olfato profesional?","breadcrumb":{"@id":"https:\/\/empresas.infoempleo.com\/hrtrends\/llamar-la-atencion-headhunter\/#breadcrumb"},"inLanguage":"es","potentialAction":[{"@type":"ReadAction","target":["https:\/\/empresas.infoempleo.com\/hrtrends\/llamar-la-atencion-headhunter\/"]}]},{"@type":"ImageObject","inLanguage":"es","@id":"https:\/\/empresas.infoempleo.com\/hrtrends\/llamar-la-atencion-headhunter\/#primaryimage","url":"https:\/\/empresas.infoempleo.com\/hrtrends\/media\/2016\/08\/ThinkstockPhotos-545457630-150x150.jpg","contentUrl":"https:\/\/empresas.infoempleo.com\/hrtrends\/media\/2016\/08\/ThinkstockPhotos-545457630-150x150.jpg","width":150,"height":150,"caption":"C\u00f3mo llamar la atenci\u00f3n de un headhunter"},{"@type":"BreadcrumbList","@id":"https:\/\/empresas.infoempleo.com\/hrtrends\/llamar-la-atencion-headhunter\/#breadcrumb","itemListElement":[{"@type":"ListItem","position":1,"name":"Portada","item":"https:\/\/empresas.infoempleo.com\/hrtrends\/"},{"@type":"ListItem","position":2,"name":"C\u00f3mo llamar la atenci\u00f3n de un headhunter"}]},{"@type":"WebSite","@id":"https:\/\/empresas.infoempleo.com\/hrtrends\/#website","url":"https:\/\/empresas.infoempleo.com\/hrtrends","name":"HRTrends by Infoempleo","description":"","publisher":{"@id":"https:\/\/empresas.infoempleo.com\/hrtrends\/#organization"},"potentialAction":{"@type":"SearchAction","target":"https:\/\/empresas.infoempleo.com\/hrtrends\/?s={search_term_string}","query-input":"required name=search_term_string"},"inLanguage":"es"},{"@type":"Organization","@id":"https:\/\/empresas.infoempleo.com\/hrtrends\/#organization","name":"Infoempleo","url":"https:\/\/www.infoempleo.com\/","logo":{"@type":"ImageObject","@id":"https:\/\/empresas.infoempleo.com\/hrtrends\/#logo","inLanguage":"es","url":"https:\/\/cdnazure.infoempleo.com\/infoempleo\/assets\/style\/gfx\/logo.svg","contentUrl":"https:\/\/cdnazure.infoempleo.com\/infoempleo\/assets\/style\/gfx\/logo.svg","width":150,"height":40,"caption":"Infoempleo"},"image":{"@id":"https:\/\/empresas.infoempleo.com\/hrtrends\/#logo"},"sameAs":["https:\/\/www.facebook.com\/Infoempleo","https:\/\/x.com\/infoempleo","http:\/\/instagram.com\/infoempleo\/","http:\/\/www.linkedin.com\/groups\/Empleo-Espa\u00f1a-Infoempleocom-111276","http:\/\/pinterest.com\/infoempleo\/"],"address":{"@type":"PostalAddress","addressLocality":"Madrid","postalCode":"28050","streetAddress":"Avenida de Burgos 114"},"brand":["Infoempleo"]},{"@type":"Person","@id":"https:\/\/empresas.infoempleo.com\/hrtrends\/#\/schema\/person\/32ca57975913668419d075627a98dafe","name":"Luisa Carrasco","image":{"@type":"ImageObject","inLanguage":"es","@id":"https:\/\/empresas.infoempleo.com\/hrtrends\/#\/schema\/person\/image\/","url":"https:\/\/secure.gravatar.com\/avatar\/8cc7d7a784a8289007bbfddcef37ed7157c6ae70e89183748ddf5858d9133c86?s=96&d=mm&r=g","contentUrl":"https:\/\/secure.gravatar.com\/avatar\/8cc7d7a784a8289007bbfddcef37ed7157c6ae70e89183748ddf5858d9133c86?s=96&d=mm&r=g","caption":"Luisa Carrasco"},"description":"Licenciada en Sociolog\u00eda y posgrado en gesti\u00f3n de la comunicaci\u00f3n para organizaciones culturales. Me interesa todo lo que tiene que ver con la organizaci\u00f3n e integraci\u00f3n de los distintos agentes sociales. El \u00e1mbito laboral y el de la educaci\u00f3n y formaci\u00f3n es el punto de encuentro de gran parte de estos actores. Estoy al tanto de los temas de actualidad laboral, las tendencias en el mercado del trabajo, las nuevas iniciativas en el tejido empresarial y las propuestas de innovaci\u00f3n en materia de educaci\u00f3n y formaci\u00f3n. Por lo general, escribo en el blog de Infoempleo tres veces por semana.","url":"https:\/\/empresas.infoempleo.com\/hrtrends\/author\/luisaagenciayerro\/"}]}},"amp_enabled":true,"_links":{"self":[{"href":"https:\/\/empresas.infoempleo.com\/hrtrends\/wp-json\/wp\/v2\/posts\/25994","targetHints":{"allow":["GET"]}}],"collection":[{"href":"https:\/\/empresas.infoempleo.com\/hrtrends\/wp-json\/wp\/v2\/posts"}],"about":[{"href":"https:\/\/empresas.infoempleo.com\/hrtrends\/wp-json\/wp\/v2\/types\/post"}],"author":[{"embeddable":true,"href":"https:\/\/empresas.infoempleo.com\/hrtrends\/wp-json\/wp\/v2\/users\/29"}],"replies":[{"embeddable":true,"href":"https:\/\/empresas.infoempleo.com\/hrtrends\/wp-json\/wp\/v2\/comments?post=25994"}],"version-history":[{"count":1,"href":"https:\/\/empresas.infoempleo.com\/hrtrends\/wp-json\/wp\/v2\/posts\/25994\/revisions"}],"predecessor-version":[{"id":45338,"href":"https:\/\/empresas.infoempleo.com\/hrtrends\/wp-json\/wp\/v2\/posts\/25994\/revisions\/45338"}],"wp:featuredmedia":[{"embeddable":true,"href":"https:\/\/empresas.infoempleo.com\/hrtrends\/wp-json\/wp\/v2\/media\/25997"}],"wp:attachment":[{"href":"https:\/\/empresas.infoempleo.com\/hrtrends\/wp-json\/wp\/v2\/media?parent=25994"}],"wp:term":[{"taxonomy":"category","embeddable":true,"href":"https:\/\/empresas.infoempleo.com\/hrtrends\/wp-json\/wp\/v2\/categories?post=25994"},{"taxonomy":"post_tag","embeddable":true,"href":"https:\/\/empresas.infoempleo.com\/hrtrends\/wp-json\/wp\/v2\/tags?post=25994"}],"curies":[{"name":"wp","href":"https:\/\/api.w.org\/{rel}","templated":true}]}}