{"id":25818,"date":"2016-07-14T07:30:30","date_gmt":"2016-07-14T05:30:30","guid":{"rendered":"http:\/\/blog.infoempleo.com\/?post_type=post&#038;p=25818"},"modified":"2024-08-29T17:49:00","modified_gmt":"2024-08-29T15:49:00","slug":"los-empleados-toxicos-influencia-tienen-la-empresa","status":"publish","type":"post","link":"https:\/\/empresas.infoempleo.com\/hrtrends\/los-empleados-toxicos-influencia-tienen-la-empresa\/","title":{"rendered":"\u00bfC\u00f3mo son los empleados t\u00f3xicos y qu\u00e9 influencia tienen en la empresa?"},"content":{"rendered":"<p>Trabajar en una organizaci\u00f3n donde haya un <strong>buen clima laboral<\/strong> est\u00e1 dentro del top cinco de caracter\u00edsticas que debe tener\u00a0 una empresa para que sea <strong>atractiva<\/strong> como empleadora. Aunque tambi\u00e9n, el clima en la empresa no solo lo templa el aire acondicionado, sino que es producto de la buena marcha de las relaciones interpersonales dentro de la organizaci\u00f3n.\u00a0En un\u00a0ambiente enrarecido, donde se respira la desconfianza y la negatividad, siempre\u00a0hay\u00a0un epicentro. Se trata de un ecosistema muy nocivo en el que habita plenamente adaptado el <strong>empleado t\u00f3xico.<\/strong><\/p>\n<p><!--more--><\/p>\n<h2>\u00bfC\u00f3mo se envenena el ambiente laboral?<\/h2>\n<p>Se considera un empleado t\u00f3xico a esa persona que genera un mal ambiente en su entorno de trabajo de una forma estudiada e implacable. Manipula las circunstancias lanzando falsos rumores y provoca <strong>actitudes negativas<\/strong> entre quienes est\u00e1n bajo su \u00e1rea de influencia, como el <strong>ocultamiento<\/strong> de informaci\u00f3n, el <em>boicot<\/em> o incluso el acoso laboral hacia otros compa\u00f1eros.<\/p>\n<p>Tiene una influencia muy negativa en los equipos de trabajo, ya que contagian esa actitud nociva entre quienes les siguen y consiguen crear un clima de <strong>desconfianza<\/strong> y <strong>desmotivaci\u00f3n<\/strong>.<\/p>\n<p>Las consecuencias negativas sobre la organizaci\u00f3n que tienen este tipo de personas es mayor cuanto mayor es su responsabilidad en la empresa. El jefe t\u00f3xico hace valer su cota de poder para promover el <strong>acoso laboral<\/strong>.<\/p>\n<h2>Un empleado t\u00f3xico \u00bfnace o se hace en una organizaci\u00f3n?<\/h2>\n<p>Saber detectar al empleado t\u00f3xico pasa por reflexionar sobre cu\u00e1les han sido las <strong>condiciones<\/strong> que se han propiciado en la empresa para que se produzcan estas actitudes. En ocasiones se recurre a este tipo de personas para que ejecuten decisiones inc\u00f3modas que se toman desde la direcci\u00f3n, como pueden ser los <strong>despidos<\/strong>. Despu\u00e9s esas personas permanecen en la organizaci\u00f3n y pueden llegar a ser marca de la casa. El mal ambiente que se crea llega a ser tan letal que se produce una <strong>fuga<\/strong> continua de talento, a la vez que se lanza el mensaje al resto de empleados de que esa conducta es adecuada, multiplic\u00e1ndose el efecto negativo.<\/p>\n<p>Otras veces el empleado t\u00f3xico es fruto de un problema de <strong>encaje<\/strong> con los valores de la empresa. Personas que no saben adaptarse o cuyas expectativas se han visto frustradas o han tenido una mala acogida por parte del resto, debido a que ha generado dudas su val\u00eda o la forma sobre c\u00f3mo han accedido a un puestos de relevancia, como un <strong>enchufe<\/strong>.<\/p>\n<h2>Desincentivando la toxicidad<\/h2>\n<p>Probablemente, detectando a tiempo actitudes irrespetuosas y teniendo una buena pol\u00edtica de <strong>comunicaci\u00f3n interna<\/strong> que desactive la posibilidad de la rumorolog\u00eda negativa de la que se nutre este tipo de personas, se pueda reconducir a un empleado t\u00f3xico hacia una actitud m\u00e1s prosocial que mejore el clima laboral. Una vez detectadas las causas, construir los mecanismos para desactivar este proceder en vez de ignorarlo evitar\u00e1 que se propague. Cuestiones como, por ejemplo:<\/p>\n<ul>\n<li>Hacer frente a este tipo de personas que se nutren de la <strong>cobard\u00eda o el miedo <\/strong>que provocan.<\/li>\n<li><strong>No premiar<\/strong> estos comportamientos negativos.<\/li>\n<li>Programar reuniones peri\u00f3dicas e individuales que sirvan, adem\u00e1s de para evaluar resultados, para <strong>detectar<\/strong> este malestar.<\/li>\n<\/ul>\n<p>El empleado t\u00f3xico existe y lo m\u00e1s beneficioso para una organizaci\u00f3n es descubrirlo y tomar decisiones al respecto. Pero tambi\u00e9n hay que tener en cuenta que las <strong>conductas t\u00f3xicas<\/strong> se instalan en las empresas y las alejan de un buen clima laboral que pueden frenan su buena marcha. Por lo que es importante plantearse: \u00bfse est\u00e1 procurando la felicidad en nuestra empresa?<\/p>\n","protected":false},"excerpt":{"rendered":"<p>Trabajar en una organizaci\u00f3n donde haya un buen clima laboral est\u00e1 dentro del top cinco de caracter\u00edsticas que<a class=\"moretag\" href=\"https:\/\/empresas.infoempleo.com\/hrtrends\/los-empleados-toxicos-influencia-tienen-la-empresa\/\"> Leer m\u00e1s<\/a><\/p>\n","protected":false},"author":29,"featured_media":25819,"comment_status":"closed","ping_status":"open","sticky":false,"template":"","format":"standard","meta":{"footnotes":""},"categories":[3],"tags":[1605,2950,282],"class_list":["post-25818","post","type-post","status-publish","format-standard","has-post-thumbnail","hentry","category-actualidad","tag-clima-laboral","tag-fuga-de-talento","tag-productividad"],"yoast_head":"<!-- This site is optimized with the Yoast SEO plugin v26.1.1 - https:\/\/yoast.com\/wordpress\/plugins\/seo\/ -->\n<title>\u00bfC\u00f3mo son los empleados t\u00f3xicos y qu\u00e9 influencia tienen en la empresa? | HRTRENDS<\/title>\n<meta name=\"description\" content=\"Un ambiente enrarecido. Se respira la desconfianza y la negatividad siempre tiene un epicentro. Se trata de un ecosistema muy nocivo, el del empleado t\u00f3xico\" \/>\n<meta name=\"robots\" content=\"index, follow, max-snippet:-1, max-image-preview:large, max-video-preview:-1\" \/>\n<link rel=\"canonical\" href=\"https:\/\/empresas.infoempleo.com\/hrtrends\/los-empleados-toxicos-influencia-tienen-la-empresa\/\" \/>\n<meta property=\"og:locale\" content=\"es_ES\" \/>\n<meta property=\"og:type\" content=\"article\" \/>\n<meta property=\"og:title\" content=\"\u00bfC\u00f3mo son los empleados t\u00f3xicos y qu\u00e9 influencia tienen en la empresa? | HRTRENDS\" \/>\n<meta property=\"og:description\" content=\"Un ambiente enrarecido. Se respira la desconfianza y la negatividad siempre tiene un epicentro. Se trata de un ecosistema muy nocivo, el del empleado t\u00f3xico\" \/>\n<meta property=\"og:url\" content=\"https:\/\/empresas.infoempleo.com\/hrtrends\/los-empleados-toxicos-influencia-tienen-la-empresa\/\" \/>\n<meta property=\"og:site_name\" content=\"HRTRENDS\" \/>\n<meta property=\"article:publisher\" content=\"https:\/\/www.facebook.com\/Infoempleo\" \/>\n<meta property=\"article:published_time\" content=\"2016-07-14T05:30:30+00:00\" \/>\n<meta property=\"article:modified_time\" content=\"2024-08-29T15:49:00+00:00\" \/>\n<meta property=\"og:image\" content=\"https:\/\/empresas.infoempleo.com\/hrtrends\/media\/2016\/07\/ThinkstockPhotos-160898322.jpg\" \/>\n\t<meta property=\"og:image:width\" content=\"881\" \/>\n\t<meta property=\"og:image:height\" content=\"729\" \/>\n\t<meta property=\"og:image:type\" content=\"image\/jpeg\" \/>\n<meta name=\"author\" content=\"Luisa Carrasco\" \/>\n<meta name=\"twitter:card\" content=\"summary_large_image\" \/>\n<meta name=\"twitter:creator\" content=\"@infoempleo\" \/>\n<meta name=\"twitter:site\" content=\"@infoempleo\" \/>\n<meta name=\"twitter:label1\" content=\"Escrito por\" \/>\n\t<meta name=\"twitter:data1\" content=\"Luisa Carrasco\" \/>\n\t<meta name=\"twitter:label2\" content=\"Tiempo de lectura\" \/>\n\t<meta name=\"twitter:data2\" content=\"3 minutos\" \/>\n<script type=\"application\/ld+json\" class=\"yoast-schema-graph\">{\"@context\":\"https:\/\/schema.org\",\"@graph\":[{\"@type\":\"NewsArticle\",\"@id\":\"https:\/\/empresas.infoempleo.com\/hrtrends\/los-empleados-toxicos-influencia-tienen-la-empresa\/#article\",\"isPartOf\":{\"@id\":\"https:\/\/empresas.infoempleo.com\/hrtrends\/los-empleados-toxicos-influencia-tienen-la-empresa\/\"},\"author\":{\"name\":\"Luisa Carrasco\",\"@id\":\"https:\/\/empresas.infoempleo.com\/hrtrends\/#\/schema\/person\/32ca57975913668419d075627a98dafe\"},\"headline\":\"\u00bfC\u00f3mo son los empleados t\u00f3xicos y qu\u00e9 influencia tienen en la empresa?\",\"datePublished\":\"2016-07-14T05:30:30+00:00\",\"dateModified\":\"2024-08-29T15:49:00+00:00\",\"mainEntityOfPage\":{\"@id\":\"https:\/\/empresas.infoempleo.com\/hrtrends\/los-empleados-toxicos-influencia-tienen-la-empresa\/\"},\"wordCount\":628,\"publisher\":{\"@id\":\"https:\/\/empresas.infoempleo.com\/hrtrends\/#organization\"},\"image\":{\"@id\":\"https:\/\/empresas.infoempleo.com\/hrtrends\/los-empleados-toxicos-influencia-tienen-la-empresa\/#primaryimage\"},\"thumbnailUrl\":\"https:\/\/empresas.infoempleo.com\/hrtrends\/media\/2016\/07\/ThinkstockPhotos-160898322.jpg\",\"keywords\":[\"Clima laboral\",\"fuga de talento\",\"productividad\"],\"articleSection\":[\"Actualidad\"],\"inLanguage\":\"es\",\"copyrightYear\":\"2016\",\"copyrightHolder\":{\"@id\":\"https:\/\/empresas.infoempleo.com\/hrtrends\/#organization\"}},{\"@type\":\"WebPage\",\"@id\":\"https:\/\/empresas.infoempleo.com\/hrtrends\/los-empleados-toxicos-influencia-tienen-la-empresa\/\",\"url\":\"https:\/\/empresas.infoempleo.com\/hrtrends\/los-empleados-toxicos-influencia-tienen-la-empresa\/\",\"name\":\"\u00bfC\u00f3mo son los empleados t\u00f3xicos y qu\u00e9 influencia tienen en la empresa? | HRTRENDS\",\"isPartOf\":{\"@id\":\"https:\/\/empresas.infoempleo.com\/hrtrends\/#website\"},\"primaryImageOfPage\":{\"@id\":\"https:\/\/empresas.infoempleo.com\/hrtrends\/los-empleados-toxicos-influencia-tienen-la-empresa\/#primaryimage\"},\"image\":{\"@id\":\"https:\/\/empresas.infoempleo.com\/hrtrends\/los-empleados-toxicos-influencia-tienen-la-empresa\/#primaryimage\"},\"thumbnailUrl\":\"https:\/\/empresas.infoempleo.com\/hrtrends\/media\/2016\/07\/ThinkstockPhotos-160898322.jpg\",\"datePublished\":\"2016-07-14T05:30:30+00:00\",\"dateModified\":\"2024-08-29T15:49:00+00:00\",\"description\":\"Un ambiente enrarecido. Se respira la desconfianza y la negatividad siempre tiene un epicentro. Se trata de un ecosistema muy nocivo, el del empleado t\u00f3xico\",\"breadcrumb\":{\"@id\":\"https:\/\/empresas.infoempleo.com\/hrtrends\/los-empleados-toxicos-influencia-tienen-la-empresa\/#breadcrumb\"},\"inLanguage\":\"es\",\"potentialAction\":[{\"@type\":\"ReadAction\",\"target\":[\"https:\/\/empresas.infoempleo.com\/hrtrends\/los-empleados-toxicos-influencia-tienen-la-empresa\/\"]}]},{\"@type\":\"ImageObject\",\"inLanguage\":\"es\",\"@id\":\"https:\/\/empresas.infoempleo.com\/hrtrends\/los-empleados-toxicos-influencia-tienen-la-empresa\/#primaryimage\",\"url\":\"https:\/\/empresas.infoempleo.com\/hrtrends\/media\/2016\/07\/ThinkstockPhotos-160898322-150x150.jpg\",\"contentUrl\":\"https:\/\/empresas.infoempleo.com\/hrtrends\/media\/2016\/07\/ThinkstockPhotos-160898322-150x150.jpg\",\"width\":150,\"height\":150,\"caption\":\"\u00bfC\u00f3mo son los empleados t\u00f3xicos y qu\u00e9 influencia tienen en la empresa?\"},{\"@type\":\"BreadcrumbList\",\"@id\":\"https:\/\/empresas.infoempleo.com\/hrtrends\/los-empleados-toxicos-influencia-tienen-la-empresa\/#breadcrumb\",\"itemListElement\":[{\"@type\":\"ListItem\",\"position\":1,\"name\":\"Portada\",\"item\":\"https:\/\/empresas.infoempleo.com\/hrtrends\/\"},{\"@type\":\"ListItem\",\"position\":2,\"name\":\"\u00bfC\u00f3mo son los empleados t\u00f3xicos y qu\u00e9 influencia tienen en la empresa?\"}]},{\"@type\":\"WebSite\",\"@id\":\"https:\/\/empresas.infoempleo.com\/hrtrends\/#website\",\"url\":\"https:\/\/empresas.infoempleo.com\/hrtrends\",\"name\":\"HRTrends by Infoempleo\",\"description\":\"\",\"publisher\":{\"@id\":\"https:\/\/empresas.infoempleo.com\/hrtrends\/#organization\"},\"potentialAction\":{\"@type\":\"SearchAction\",\"target\":\"https:\/\/empresas.infoempleo.com\/hrtrends\/?s={search_term_string}\",\"query-input\":\"required name=search_term_string\"},\"inLanguage\":\"es\"},{\"@type\":\"Organization\",\"@id\":\"https:\/\/empresas.infoempleo.com\/hrtrends\/#organization\",\"name\":\"Infoempleo\",\"url\":\"https:\/\/www.infoempleo.com\/\",\"logo\":{\"@type\":\"ImageObject\",\"@id\":\"https:\/\/empresas.infoempleo.com\/hrtrends\/#logo\",\"inLanguage\":\"es\",\"url\":\"https:\/\/cdnazure.infoempleo.com\/infoempleo\/assets\/style\/gfx\/logo.svg\",\"contentUrl\":\"https:\/\/cdnazure.infoempleo.com\/infoempleo\/assets\/style\/gfx\/logo.svg\",\"width\":150,\"height\":40,\"caption\":\"Infoempleo\"},\"image\":{\"@id\":\"https:\/\/empresas.infoempleo.com\/hrtrends\/#logo\"},\"sameAs\":[\"https:\/\/www.facebook.com\/Infoempleo\",\"https:\/\/x.com\/infoempleo\",\"http:\/\/instagram.com\/infoempleo\/\",\"http:\/\/www.linkedin.com\/groups\/Empleo-Espa\u00f1a-Infoempleocom-111276\",\"http:\/\/pinterest.com\/infoempleo\/\"],\"address\":{\"@type\":\"PostalAddress\",\"addressLocality\":\"Madrid\",\"postalCode\":\"28050\",\"streetAddress\":\"Avenida de Burgos 114\"},\"brand\":[\"Infoempleo\"]},{\"@type\":\"Person\",\"@id\":\"https:\/\/empresas.infoempleo.com\/hrtrends\/#\/schema\/person\/32ca57975913668419d075627a98dafe\",\"name\":\"Luisa Carrasco\",\"image\":{\"@type\":\"ImageObject\",\"inLanguage\":\"es\",\"@id\":\"https:\/\/empresas.infoempleo.com\/hrtrends\/#\/schema\/person\/image\/\",\"url\":\"https:\/\/secure.gravatar.com\/avatar\/8cc7d7a784a8289007bbfddcef37ed7157c6ae70e89183748ddf5858d9133c86?s=96&d=mm&r=g\",\"contentUrl\":\"https:\/\/secure.gravatar.com\/avatar\/8cc7d7a784a8289007bbfddcef37ed7157c6ae70e89183748ddf5858d9133c86?s=96&d=mm&r=g\",\"caption\":\"Luisa Carrasco\"},\"description\":\"Licenciada en Sociolog\u00eda y posgrado en gesti\u00f3n de la comunicaci\u00f3n para organizaciones culturales. Me interesa todo lo que tiene que ver con la organizaci\u00f3n e integraci\u00f3n de los distintos agentes sociales. El \u00e1mbito laboral y el de la educaci\u00f3n y formaci\u00f3n es el punto de encuentro de gran parte de estos actores. Estoy al tanto de los temas de actualidad laboral, las tendencias en el mercado del trabajo, las nuevas iniciativas en el tejido empresarial y las propuestas de innovaci\u00f3n en materia de educaci\u00f3n y formaci\u00f3n. Por lo general, escribo en el blog de Infoempleo tres veces por semana.\",\"url\":\"https:\/\/empresas.infoempleo.com\/hrtrends\/author\/luisaagenciayerro\/\"}]}<\/script>\n<!-- \/ Yoast SEO plugin. -->","yoast_head_json":{"title":"\u00bfC\u00f3mo son los empleados t\u00f3xicos y qu\u00e9 influencia tienen en la empresa? | HRTRENDS","description":"Un ambiente enrarecido. Se respira la desconfianza y la negatividad siempre tiene un epicentro. Se trata de un ecosistema muy nocivo, el del empleado t\u00f3xico","robots":{"index":"index","follow":"follow","max-snippet":"max-snippet:-1","max-image-preview":"max-image-preview:large","max-video-preview":"max-video-preview:-1"},"canonical":"https:\/\/empresas.infoempleo.com\/hrtrends\/los-empleados-toxicos-influencia-tienen-la-empresa\/","og_locale":"es_ES","og_type":"article","og_title":"\u00bfC\u00f3mo son los empleados t\u00f3xicos y qu\u00e9 influencia tienen en la empresa? | HRTRENDS","og_description":"Un ambiente enrarecido. Se respira la desconfianza y la negatividad siempre tiene un epicentro. Se trata de un ecosistema muy nocivo, el del empleado t\u00f3xico","og_url":"https:\/\/empresas.infoempleo.com\/hrtrends\/los-empleados-toxicos-influencia-tienen-la-empresa\/","og_site_name":"HRTRENDS","article_publisher":"https:\/\/www.facebook.com\/Infoempleo","article_published_time":"2016-07-14T05:30:30+00:00","article_modified_time":"2024-08-29T15:49:00+00:00","og_image":[{"width":881,"height":729,"url":"https:\/\/empresas.infoempleo.com\/hrtrends\/media\/2016\/07\/ThinkstockPhotos-160898322.jpg","type":"image\/jpeg"}],"author":"Luisa Carrasco","twitter_card":"summary_large_image","twitter_creator":"@infoempleo","twitter_site":"@infoempleo","twitter_misc":{"Escrito por":"Luisa Carrasco","Tiempo de lectura":"3 minutos"},"schema":{"@context":"https:\/\/schema.org","@graph":[{"@type":"NewsArticle","@id":"https:\/\/empresas.infoempleo.com\/hrtrends\/los-empleados-toxicos-influencia-tienen-la-empresa\/#article","isPartOf":{"@id":"https:\/\/empresas.infoempleo.com\/hrtrends\/los-empleados-toxicos-influencia-tienen-la-empresa\/"},"author":{"name":"Luisa Carrasco","@id":"https:\/\/empresas.infoempleo.com\/hrtrends\/#\/schema\/person\/32ca57975913668419d075627a98dafe"},"headline":"\u00bfC\u00f3mo son los empleados t\u00f3xicos y qu\u00e9 influencia tienen en la empresa?","datePublished":"2016-07-14T05:30:30+00:00","dateModified":"2024-08-29T15:49:00+00:00","mainEntityOfPage":{"@id":"https:\/\/empresas.infoempleo.com\/hrtrends\/los-empleados-toxicos-influencia-tienen-la-empresa\/"},"wordCount":628,"publisher":{"@id":"https:\/\/empresas.infoempleo.com\/hrtrends\/#organization"},"image":{"@id":"https:\/\/empresas.infoempleo.com\/hrtrends\/los-empleados-toxicos-influencia-tienen-la-empresa\/#primaryimage"},"thumbnailUrl":"https:\/\/empresas.infoempleo.com\/hrtrends\/media\/2016\/07\/ThinkstockPhotos-160898322.jpg","keywords":["Clima laboral","fuga de talento","productividad"],"articleSection":["Actualidad"],"inLanguage":"es","copyrightYear":"2016","copyrightHolder":{"@id":"https:\/\/empresas.infoempleo.com\/hrtrends\/#organization"}},{"@type":"WebPage","@id":"https:\/\/empresas.infoempleo.com\/hrtrends\/los-empleados-toxicos-influencia-tienen-la-empresa\/","url":"https:\/\/empresas.infoempleo.com\/hrtrends\/los-empleados-toxicos-influencia-tienen-la-empresa\/","name":"\u00bfC\u00f3mo son los empleados t\u00f3xicos y qu\u00e9 influencia tienen en la empresa? | HRTRENDS","isPartOf":{"@id":"https:\/\/empresas.infoempleo.com\/hrtrends\/#website"},"primaryImageOfPage":{"@id":"https:\/\/empresas.infoempleo.com\/hrtrends\/los-empleados-toxicos-influencia-tienen-la-empresa\/#primaryimage"},"image":{"@id":"https:\/\/empresas.infoempleo.com\/hrtrends\/los-empleados-toxicos-influencia-tienen-la-empresa\/#primaryimage"},"thumbnailUrl":"https:\/\/empresas.infoempleo.com\/hrtrends\/media\/2016\/07\/ThinkstockPhotos-160898322.jpg","datePublished":"2016-07-14T05:30:30+00:00","dateModified":"2024-08-29T15:49:00+00:00","description":"Un ambiente enrarecido. Se respira la desconfianza y la negatividad siempre tiene un epicentro. Se trata de un ecosistema muy nocivo, el del empleado t\u00f3xico","breadcrumb":{"@id":"https:\/\/empresas.infoempleo.com\/hrtrends\/los-empleados-toxicos-influencia-tienen-la-empresa\/#breadcrumb"},"inLanguage":"es","potentialAction":[{"@type":"ReadAction","target":["https:\/\/empresas.infoempleo.com\/hrtrends\/los-empleados-toxicos-influencia-tienen-la-empresa\/"]}]},{"@type":"ImageObject","inLanguage":"es","@id":"https:\/\/empresas.infoempleo.com\/hrtrends\/los-empleados-toxicos-influencia-tienen-la-empresa\/#primaryimage","url":"https:\/\/empresas.infoempleo.com\/hrtrends\/media\/2016\/07\/ThinkstockPhotos-160898322-150x150.jpg","contentUrl":"https:\/\/empresas.infoempleo.com\/hrtrends\/media\/2016\/07\/ThinkstockPhotos-160898322-150x150.jpg","width":150,"height":150,"caption":"\u00bfC\u00f3mo son los empleados t\u00f3xicos y qu\u00e9 influencia tienen en la empresa?"},{"@type":"BreadcrumbList","@id":"https:\/\/empresas.infoempleo.com\/hrtrends\/los-empleados-toxicos-influencia-tienen-la-empresa\/#breadcrumb","itemListElement":[{"@type":"ListItem","position":1,"name":"Portada","item":"https:\/\/empresas.infoempleo.com\/hrtrends\/"},{"@type":"ListItem","position":2,"name":"\u00bfC\u00f3mo son los empleados t\u00f3xicos y qu\u00e9 influencia tienen en la empresa?"}]},{"@type":"WebSite","@id":"https:\/\/empresas.infoempleo.com\/hrtrends\/#website","url":"https:\/\/empresas.infoempleo.com\/hrtrends","name":"HRTrends by Infoempleo","description":"","publisher":{"@id":"https:\/\/empresas.infoempleo.com\/hrtrends\/#organization"},"potentialAction":{"@type":"SearchAction","target":"https:\/\/empresas.infoempleo.com\/hrtrends\/?s={search_term_string}","query-input":"required name=search_term_string"},"inLanguage":"es"},{"@type":"Organization","@id":"https:\/\/empresas.infoempleo.com\/hrtrends\/#organization","name":"Infoempleo","url":"https:\/\/www.infoempleo.com\/","logo":{"@type":"ImageObject","@id":"https:\/\/empresas.infoempleo.com\/hrtrends\/#logo","inLanguage":"es","url":"https:\/\/cdnazure.infoempleo.com\/infoempleo\/assets\/style\/gfx\/logo.svg","contentUrl":"https:\/\/cdnazure.infoempleo.com\/infoempleo\/assets\/style\/gfx\/logo.svg","width":150,"height":40,"caption":"Infoempleo"},"image":{"@id":"https:\/\/empresas.infoempleo.com\/hrtrends\/#logo"},"sameAs":["https:\/\/www.facebook.com\/Infoempleo","https:\/\/x.com\/infoempleo","http:\/\/instagram.com\/infoempleo\/","http:\/\/www.linkedin.com\/groups\/Empleo-Espa\u00f1a-Infoempleocom-111276","http:\/\/pinterest.com\/infoempleo\/"],"address":{"@type":"PostalAddress","addressLocality":"Madrid","postalCode":"28050","streetAddress":"Avenida de Burgos 114"},"brand":["Infoempleo"]},{"@type":"Person","@id":"https:\/\/empresas.infoempleo.com\/hrtrends\/#\/schema\/person\/32ca57975913668419d075627a98dafe","name":"Luisa Carrasco","image":{"@type":"ImageObject","inLanguage":"es","@id":"https:\/\/empresas.infoempleo.com\/hrtrends\/#\/schema\/person\/image\/","url":"https:\/\/secure.gravatar.com\/avatar\/8cc7d7a784a8289007bbfddcef37ed7157c6ae70e89183748ddf5858d9133c86?s=96&d=mm&r=g","contentUrl":"https:\/\/secure.gravatar.com\/avatar\/8cc7d7a784a8289007bbfddcef37ed7157c6ae70e89183748ddf5858d9133c86?s=96&d=mm&r=g","caption":"Luisa Carrasco"},"description":"Licenciada en Sociolog\u00eda y posgrado en gesti\u00f3n de la comunicaci\u00f3n para organizaciones culturales. Me interesa todo lo que tiene que ver con la organizaci\u00f3n e integraci\u00f3n de los distintos agentes sociales. El \u00e1mbito laboral y el de la educaci\u00f3n y formaci\u00f3n es el punto de encuentro de gran parte de estos actores. Estoy al tanto de los temas de actualidad laboral, las tendencias en el mercado del trabajo, las nuevas iniciativas en el tejido empresarial y las propuestas de innovaci\u00f3n en materia de educaci\u00f3n y formaci\u00f3n. Por lo general, escribo en el blog de Infoempleo tres veces por semana.","url":"https:\/\/empresas.infoempleo.com\/hrtrends\/author\/luisaagenciayerro\/"}]}},"amp_enabled":true,"_links":{"self":[{"href":"https:\/\/empresas.infoempleo.com\/hrtrends\/wp-json\/wp\/v2\/posts\/25818","targetHints":{"allow":["GET"]}}],"collection":[{"href":"https:\/\/empresas.infoempleo.com\/hrtrends\/wp-json\/wp\/v2\/posts"}],"about":[{"href":"https:\/\/empresas.infoempleo.com\/hrtrends\/wp-json\/wp\/v2\/types\/post"}],"author":[{"embeddable":true,"href":"https:\/\/empresas.infoempleo.com\/hrtrends\/wp-json\/wp\/v2\/users\/29"}],"replies":[{"embeddable":true,"href":"https:\/\/empresas.infoempleo.com\/hrtrends\/wp-json\/wp\/v2\/comments?post=25818"}],"version-history":[{"count":2,"href":"https:\/\/empresas.infoempleo.com\/hrtrends\/wp-json\/wp\/v2\/posts\/25818\/revisions"}],"predecessor-version":[{"id":45337,"href":"https:\/\/empresas.infoempleo.com\/hrtrends\/wp-json\/wp\/v2\/posts\/25818\/revisions\/45337"}],"wp:featuredmedia":[{"embeddable":true,"href":"https:\/\/empresas.infoempleo.com\/hrtrends\/wp-json\/wp\/v2\/media\/25819"}],"wp:attachment":[{"href":"https:\/\/empresas.infoempleo.com\/hrtrends\/wp-json\/wp\/v2\/media?parent=25818"}],"wp:term":[{"taxonomy":"category","embeddable":true,"href":"https:\/\/empresas.infoempleo.com\/hrtrends\/wp-json\/wp\/v2\/categories?post=25818"},{"taxonomy":"post_tag","embeddable":true,"href":"https:\/\/empresas.infoempleo.com\/hrtrends\/wp-json\/wp\/v2\/tags?post=25818"}],"curies":[{"name":"wp","href":"https:\/\/api.w.org\/{rel}","templated":true}]}}