{"id":2561,"date":"2013-03-11T09:00:50","date_gmt":"2013-03-11T08:00:50","guid":{"rendered":"http:\/\/blog.infoempleo.com\/?p=2561"},"modified":"2018-05-23T17:02:19","modified_gmt":"2018-05-23T15:02:19","slug":"que-diferencia-a-una-persona-con-una-idea-de-una-persona-con-exito","status":"publish","type":"post","link":"https:\/\/empresas.infoempleo.com\/hrtrends\/que-diferencia-a-una-persona-con-una-idea-de-una-persona-con-exito\/","title":{"rendered":"\u00bfQu\u00e9 diferencia a una persona con una idea de una persona con \u00e9xito?"},"content":{"rendered":"<p dir=\"ltr\">Gabriel Sama twitte\u00f3 un d\u00eda que si cobrara un d\u00f3lar por cada vez que alguien le ped\u00eda un consejo sobre emprendimiento, ya tendr\u00eda casi un billete de cien en los bolsillos. Pocas personas en Latinoam\u00e9rica tienen la experiencia en la materia de este periodista mexicano que despu\u00e9s de que cerrara la empresa en la que trabajaba \u2013\u201cque ayud\u00e9 a cerrar\u201d, puntualiza- decidi\u00f3 convertirse en un verdadero representante de lo que se ha dado en llamar periodismo multimedia: lo mismo escribe una cr\u00f3nica de 5.000 palabras, que utiliza twitter para informar, que busca becas y financiaci\u00f3n para proyectos. Y lo que es m\u00e1s extra\u00f1o, lo consigue.<\/p>\n<p dir=\"ltr\"><!--more--><\/p>\n<p dir=\"ltr\">Si algo ha aprendido en sus ocho a\u00f1os viviendo en Silicon Valley, una de las cunas del emprendimiento, es que el mundo est\u00e1 lleno de buenas ideas y de pocas personas capaces de ejecutarlas: \u201cAqu\u00ed hay un desd\u00e9n por las ideas y una admiraci\u00f3n absoluta por la ejecuci\u00f3n y la gente que es capaz de hacer cosas\u201d, asegura. La regla general es que despu\u00e9s del Eureka, de la iluminaci\u00f3n, la gente da palos de ciego en la oscuridad.<\/p>\n<p dir=\"ltr\"><strong>\u00bfCu\u00e1les son los principales errores que cometen las personas que intentan emprender un proyecto propio?<\/strong><\/p>\n<p dir=\"ltr\">Hay tres:\u00a0deficiente elecci\u00f3n de socios o personal, calcular mal la cantidad de dinero necesario para lanzar el proyecto y\u00a0mala planificaci\u00f3n.<\/p>\n<p dir=\"ltr\"><strong>La primera<\/strong> es clave porque esta es la gente con la que el emprendedor va a convivir intensamente durante meses. Es tan importante escoger bien a los otros socios fundadores como a los primeros empleados. No cualquiera aguanta las exigencias de un \u2018startup\u2019. Es una experiencia brutal. Se trabaja m\u00e1s de doce horas diarias, incluyendo los fines de semana.<\/p>\n<p dir=\"ltr\"><strong>En segundo lugar<\/strong>, los fundadores tienden a calcular a la baja la cantidad de dinero que necesitan para echar a andar su proyecto. Esto es psicol\u00f3gico: creen que si piden menos, el dinero llegar\u00e1 m\u00e1s r\u00e1pido. Es un error fundamental, porque los inversores no quieren que les ahorres dinero, sino que lo aproveches para probar un concepto de negocios (sin desperdiciarlo, por supuesto). \u00a0As\u00ed que hay que calcular bien y asegurarse la supervivencia necesaria para confirmar que la idea tiene pies (no necesariamente llegando al punto de equilibrio).<\/p>\n<p dir=\"ltr\"><strong>Tercero,<\/strong> los fundadores tienden a estar tan centrados en el instante y lo que tienen enfrente, que son malos en la planificaci\u00f3n estrat\u00e9gica. Esto es comprensible, porque a veces no saben si vivir\u00e1n un d\u00eda m\u00e1s, literalmente. La consecuencia negativa es que cuando resulta todo un \u00e9xito, no se han dado el tiempo de ver a futuro e imaginarse c\u00f3mo ser\u00e1 la empresa en el corto, medio y largo plazo. Y el tiempo no perdona. Sin planificaci\u00f3n se tiende a tomar decisiones sobre la marcha, a lo loco.<\/p>\n<p dir=\"ltr\"><strong> \u00bfCu\u00e1les son las claves para acceder a becas y atraer el inter\u00e9s de inversores?<\/strong><\/p>\n<p dir=\"ltr\">Son dos temas diferentes, pero se parecen en dos cosas: actualmente, tanto las Fundaciones que dan dinero como los inversores profesionales se fijan mucho en: <strong>a)<\/strong> la calidad del equipo fundador (qui\u00e9nes son, qu\u00e9 han hecho en el pasado e, incluso, cu\u00e1nta qu\u00edmica tienen con la gente que les dar\u00e1 dinero); \u00a0<strong>y b)<\/strong> el modelo de negocio (hace un par de a\u00f1os, el \u00e9nfasis no se pon\u00eda en hacer dinero sino en crecer a escalas monumentales).<\/p>\n<p dir=\"ltr\"><strong>\u00bfQu\u00e9 suelen pedir hoy en d\u00eda las Fundaciones que facilitan el coaching y el dinero para apoyar los nuevos proyectos?<\/strong><\/p>\n<p dir=\"ltr\">Piden una idea clara apoyada en una estrategia de implementaci\u00f3n detallada, realista y sustentable. Se hacen preguntas como: \u00bfesta gente puede hacer lo que dice que va a hacer? \u00bfEs realista el plan? \u00bfEl dinero que est\u00e1n pidiendo es mucho, suficiente o poco? \u00bfCu\u00e1nto tiempo sobrevivir\u00e1n sin nuestro apoyo? \u00bfPara qu\u00e9 quieren usar el dinero y c\u00f3mo piensan gastarlo? \u00bfQui\u00e9n quiere o necesita la herramienta\/plataforma\/idea que est\u00e1n proponiendo? \u00bfTienen apoyo de otras organizaciones? \u00bfC\u00f3mo implementar\u00e1n su idea y en qu\u00e9 plazo? \u00bfQu\u00e9 necesitan para tener \u00e9xito? \u00bfLos plazos son realistas? \u00bfExiste otra idea como \u00e9sta? \u00bfSe puede replicar la idea r\u00e1pidamente? \u00bfPor qu\u00e9 este grupo es el indicado para ejecutar esta idea?<\/p>\n<p dir=\"ltr\"><strong>\u00bfTienes alguna frase, alg\u00fan lema, que siempre repitas en tus charlas y que sirva de resumen para emprender de una forma realista?<\/strong><\/p>\n<p>Como dir\u00eda Nike: \u201cSimplemente, hazlo\u201d. Lo que diferencia a una persona con una idea de una persona con \u00e9xito es la ejecuci\u00f3n.<\/p>\n<p>&nbsp;<\/p>\n","protected":false},"excerpt":{"rendered":"<p>Gabriel Sama twitte\u00f3 un d\u00eda que si cobrara un d\u00f3lar por cada vez que alguien le ped\u00eda un<a class=\"moretag\" href=\"https:\/\/empresas.infoempleo.com\/hrtrends\/que-diferencia-a-una-persona-con-una-idea-de-una-persona-con-exito\/\"> Leer m\u00e1s<\/a><\/p>\n","protected":false},"author":16,"featured_media":30863,"comment_status":"closed","ping_status":"open","sticky":false,"template":"","format":"standard","meta":{"footnotes":""},"categories":[3],"tags":[426],"class_list":["post-2561","post","type-post","status-publish","format-standard","has-post-thumbnail","hentry","category-actualidad","tag-gabriel-sama"],"yoast_head":"<!-- This site is optimized with the Yoast SEO plugin v26.1.1 - https:\/\/yoast.com\/wordpress\/plugins\/seo\/ -->\n<title>\u00bfQu\u00e9 diferencia a una persona con una idea de una persona con \u00e9xito? | HRTRENDS<\/title>\n<meta name=\"robots\" content=\"index, follow, max-snippet:-1, max-image-preview:large, max-video-preview:-1\" \/>\n<link rel=\"canonical\" href=\"https:\/\/empresas.infoempleo.com\/hrtrends\/que-diferencia-a-una-persona-con-una-idea-de-una-persona-con-exito\/\" \/>\n<meta property=\"og:locale\" content=\"es_ES\" \/>\n<meta property=\"og:type\" content=\"article\" \/>\n<meta property=\"og:title\" content=\"\u00bfQu\u00e9 diferencia a una persona con una idea de una persona con \u00e9xito? | HRTRENDS\" \/>\n<meta property=\"og:description\" content=\"Gabriel Sama twitte\u00f3 un d\u00eda que si cobrara un d\u00f3lar por cada vez que alguien le ped\u00eda un Leer m\u00e1s\" \/>\n<meta property=\"og:url\" content=\"https:\/\/empresas.infoempleo.com\/hrtrends\/que-diferencia-a-una-persona-con-una-idea-de-una-persona-con-exito\/\" \/>\n<meta property=\"og:site_name\" content=\"HRTRENDS\" \/>\n<meta property=\"article:publisher\" content=\"https:\/\/www.facebook.com\/Infoempleo\" \/>\n<meta property=\"article:published_time\" content=\"2013-03-11T08:00:50+00:00\" \/>\n<meta property=\"article:modified_time\" content=\"2018-05-23T15:02:19+00:00\" \/>\n<meta property=\"og:image\" content=\"https:\/\/empresas.infoempleo.com\/hrtrends\/media\/2013\/03\/pexels-photo-327533-e1499675290468.jpeg\" \/>\n\t<meta property=\"og:image:width\" content=\"800\" \/>\n\t<meta property=\"og:image:height\" content=\"501\" \/>\n\t<meta property=\"og:image:type\" content=\"image\/jpeg\" \/>\n<meta name=\"author\" content=\"Jose Luis\" \/>\n<meta name=\"twitter:card\" content=\"summary_large_image\" \/>\n<meta name=\"twitter:creator\" content=\"@infoempleo\" \/>\n<meta name=\"twitter:site\" content=\"@infoempleo\" \/>\n<meta name=\"twitter:label1\" content=\"Escrito por\" \/>\n\t<meta name=\"twitter:data1\" content=\"Jose Luis\" \/>\n\t<meta name=\"twitter:label2\" content=\"Tiempo de lectura\" \/>\n\t<meta name=\"twitter:data2\" content=\"4 minutos\" \/>\n<script type=\"application\/ld+json\" class=\"yoast-schema-graph\">{\"@context\":\"https:\/\/schema.org\",\"@graph\":[{\"@type\":\"NewsArticle\",\"@id\":\"https:\/\/empresas.infoempleo.com\/hrtrends\/que-diferencia-a-una-persona-con-una-idea-de-una-persona-con-exito\/#article\",\"isPartOf\":{\"@id\":\"https:\/\/empresas.infoempleo.com\/hrtrends\/que-diferencia-a-una-persona-con-una-idea-de-una-persona-con-exito\/\"},\"author\":{\"name\":\"Jose Luis\",\"@id\":\"https:\/\/empresas.infoempleo.com\/hrtrends\/#\/schema\/person\/0101f2d9bbf9c2ee3ac8bca1c9e242fa\"},\"headline\":\"\u00bfQu\u00e9 diferencia a una persona con una idea de una persona con \u00e9xito?\",\"datePublished\":\"2013-03-11T08:00:50+00:00\",\"dateModified\":\"2018-05-23T15:02:19+00:00\",\"mainEntityOfPage\":{\"@id\":\"https:\/\/empresas.infoempleo.com\/hrtrends\/que-diferencia-a-una-persona-con-una-idea-de-una-persona-con-exito\/\"},\"wordCount\":787,\"publisher\":{\"@id\":\"https:\/\/empresas.infoempleo.com\/hrtrends\/#organization\"},\"image\":{\"@id\":\"https:\/\/empresas.infoempleo.com\/hrtrends\/que-diferencia-a-una-persona-con-una-idea-de-una-persona-con-exito\/#primaryimage\"},\"thumbnailUrl\":\"https:\/\/empresas.infoempleo.com\/hrtrends\/media\/2013\/03\/pexels-photo-327533-e1499675290468.jpeg\",\"keywords\":[\"Gabriel Sama\"],\"articleSection\":[\"Actualidad\"],\"inLanguage\":\"es\",\"copyrightYear\":\"2013\",\"copyrightHolder\":{\"@id\":\"https:\/\/empresas.infoempleo.com\/hrtrends\/#organization\"}},{\"@type\":\"WebPage\",\"@id\":\"https:\/\/empresas.infoempleo.com\/hrtrends\/que-diferencia-a-una-persona-con-una-idea-de-una-persona-con-exito\/\",\"url\":\"https:\/\/empresas.infoempleo.com\/hrtrends\/que-diferencia-a-una-persona-con-una-idea-de-una-persona-con-exito\/\",\"name\":\"\u00bfQu\u00e9 diferencia a una persona con una idea de una persona con \u00e9xito? | HRTRENDS\",\"isPartOf\":{\"@id\":\"https:\/\/empresas.infoempleo.com\/hrtrends\/#website\"},\"primaryImageOfPage\":{\"@id\":\"https:\/\/empresas.infoempleo.com\/hrtrends\/que-diferencia-a-una-persona-con-una-idea-de-una-persona-con-exito\/#primaryimage\"},\"image\":{\"@id\":\"https:\/\/empresas.infoempleo.com\/hrtrends\/que-diferencia-a-una-persona-con-una-idea-de-una-persona-con-exito\/#primaryimage\"},\"thumbnailUrl\":\"https:\/\/empresas.infoempleo.com\/hrtrends\/media\/2013\/03\/pexels-photo-327533-e1499675290468.jpeg\",\"datePublished\":\"2013-03-11T08:00:50+00:00\",\"dateModified\":\"2018-05-23T15:02:19+00:00\",\"breadcrumb\":{\"@id\":\"https:\/\/empresas.infoempleo.com\/hrtrends\/que-diferencia-a-una-persona-con-una-idea-de-una-persona-con-exito\/#breadcrumb\"},\"inLanguage\":\"es\",\"potentialAction\":[{\"@type\":\"ReadAction\",\"target\":[\"https:\/\/empresas.infoempleo.com\/hrtrends\/que-diferencia-a-una-persona-con-una-idea-de-una-persona-con-exito\/\"]}]},{\"@type\":\"ImageObject\",\"inLanguage\":\"es\",\"@id\":\"https:\/\/empresas.infoempleo.com\/hrtrends\/que-diferencia-a-una-persona-con-una-idea-de-una-persona-con-exito\/#primaryimage\",\"url\":\"https:\/\/empresas.infoempleo.com\/hrtrends\/media\/2013\/03\/pexels-photo-327533-e1499675290468-150x150.jpeg\",\"contentUrl\":\"https:\/\/empresas.infoempleo.com\/hrtrends\/media\/2013\/03\/pexels-photo-327533-e1499675290468-150x150.jpeg\",\"width\":150,\"height\":150,\"caption\":\"\u00c9xito en el trabajo\"},{\"@type\":\"BreadcrumbList\",\"@id\":\"https:\/\/empresas.infoempleo.com\/hrtrends\/que-diferencia-a-una-persona-con-una-idea-de-una-persona-con-exito\/#breadcrumb\",\"itemListElement\":[{\"@type\":\"ListItem\",\"position\":1,\"name\":\"Portada\",\"item\":\"https:\/\/empresas.infoempleo.com\/hrtrends\/\"},{\"@type\":\"ListItem\",\"position\":2,\"name\":\"\u00bfQu\u00e9 diferencia a una persona con una idea de una persona con \u00e9xito?\"}]},{\"@type\":\"WebSite\",\"@id\":\"https:\/\/empresas.infoempleo.com\/hrtrends\/#website\",\"url\":\"https:\/\/empresas.infoempleo.com\/hrtrends\",\"name\":\"HRTrends by Infoempleo\",\"description\":\"\",\"publisher\":{\"@id\":\"https:\/\/empresas.infoempleo.com\/hrtrends\/#organization\"},\"potentialAction\":{\"@type\":\"SearchAction\",\"target\":\"https:\/\/empresas.infoempleo.com\/hrtrends\/?s={search_term_string}\",\"query-input\":\"required name=search_term_string\"},\"inLanguage\":\"es\"},{\"@type\":\"Organization\",\"@id\":\"https:\/\/empresas.infoempleo.com\/hrtrends\/#organization\",\"name\":\"Infoempleo\",\"url\":\"https:\/\/www.infoempleo.com\/\",\"logo\":{\"@type\":\"ImageObject\",\"@id\":\"https:\/\/empresas.infoempleo.com\/hrtrends\/#logo\",\"inLanguage\":\"es\",\"url\":\"https:\/\/cdnazure.infoempleo.com\/infoempleo\/assets\/style\/gfx\/logo.svg\",\"contentUrl\":\"https:\/\/cdnazure.infoempleo.com\/infoempleo\/assets\/style\/gfx\/logo.svg\",\"width\":150,\"height\":40,\"caption\":\"Infoempleo\"},\"image\":{\"@id\":\"https:\/\/empresas.infoempleo.com\/hrtrends\/#logo\"},\"sameAs\":[\"https:\/\/www.facebook.com\/Infoempleo\",\"https:\/\/x.com\/infoempleo\",\"http:\/\/instagram.com\/infoempleo\/\",\"http:\/\/www.linkedin.com\/groups\/Empleo-Espa\u00f1a-Infoempleocom-111276\",\"http:\/\/pinterest.com\/infoempleo\/\"],\"address\":{\"@type\":\"PostalAddress\",\"addressLocality\":\"Madrid\",\"postalCode\":\"28050\",\"streetAddress\":\"Avenida de Burgos 114\"},\"brand\":[\"Infoempleo\"]},{\"@type\":\"Person\",\"@id\":\"https:\/\/empresas.infoempleo.com\/hrtrends\/#\/schema\/person\/0101f2d9bbf9c2ee3ac8bca1c9e242fa\",\"name\":\"Jose Luis\",\"image\":{\"@type\":\"ImageObject\",\"inLanguage\":\"es\",\"@id\":\"https:\/\/empresas.infoempleo.com\/hrtrends\/#\/schema\/person\/image\/\",\"url\":\"https:\/\/secure.gravatar.com\/avatar\/aaa0ec1c45a7e890c1431c969414fac92705fc1e13cbec6840b0d52f3688c186?s=96&d=mm&r=g\",\"contentUrl\":\"https:\/\/secure.gravatar.com\/avatar\/aaa0ec1c45a7e890c1431c969414fac92705fc1e13cbec6840b0d52f3688c186?s=96&d=mm&r=g\",\"caption\":\"Jose Luis\"},\"url\":\"https:\/\/empresas.infoempleo.com\/hrtrends\/author\/jose-luis\/\"}]}<\/script>\n<!-- \/ Yoast SEO plugin. -->","yoast_head_json":{"title":"\u00bfQu\u00e9 diferencia a una persona con una idea de una persona con \u00e9xito? | HRTRENDS","robots":{"index":"index","follow":"follow","max-snippet":"max-snippet:-1","max-image-preview":"max-image-preview:large","max-video-preview":"max-video-preview:-1"},"canonical":"https:\/\/empresas.infoempleo.com\/hrtrends\/que-diferencia-a-una-persona-con-una-idea-de-una-persona-con-exito\/","og_locale":"es_ES","og_type":"article","og_title":"\u00bfQu\u00e9 diferencia a una persona con una idea de una persona con \u00e9xito? | HRTRENDS","og_description":"Gabriel Sama twitte\u00f3 un d\u00eda que si cobrara un d\u00f3lar por cada vez que alguien le ped\u00eda un Leer m\u00e1s","og_url":"https:\/\/empresas.infoempleo.com\/hrtrends\/que-diferencia-a-una-persona-con-una-idea-de-una-persona-con-exito\/","og_site_name":"HRTRENDS","article_publisher":"https:\/\/www.facebook.com\/Infoempleo","article_published_time":"2013-03-11T08:00:50+00:00","article_modified_time":"2018-05-23T15:02:19+00:00","og_image":[{"width":800,"height":501,"url":"https:\/\/empresas.infoempleo.com\/hrtrends\/media\/2013\/03\/pexels-photo-327533-e1499675290468.jpeg","type":"image\/jpeg"}],"author":"Jose Luis","twitter_card":"summary_large_image","twitter_creator":"@infoempleo","twitter_site":"@infoempleo","twitter_misc":{"Escrito por":"Jose Luis","Tiempo de lectura":"4 minutos"},"schema":{"@context":"https:\/\/schema.org","@graph":[{"@type":"NewsArticle","@id":"https:\/\/empresas.infoempleo.com\/hrtrends\/que-diferencia-a-una-persona-con-una-idea-de-una-persona-con-exito\/#article","isPartOf":{"@id":"https:\/\/empresas.infoempleo.com\/hrtrends\/que-diferencia-a-una-persona-con-una-idea-de-una-persona-con-exito\/"},"author":{"name":"Jose Luis","@id":"https:\/\/empresas.infoempleo.com\/hrtrends\/#\/schema\/person\/0101f2d9bbf9c2ee3ac8bca1c9e242fa"},"headline":"\u00bfQu\u00e9 diferencia a una persona con una idea de una persona con \u00e9xito?","datePublished":"2013-03-11T08:00:50+00:00","dateModified":"2018-05-23T15:02:19+00:00","mainEntityOfPage":{"@id":"https:\/\/empresas.infoempleo.com\/hrtrends\/que-diferencia-a-una-persona-con-una-idea-de-una-persona-con-exito\/"},"wordCount":787,"publisher":{"@id":"https:\/\/empresas.infoempleo.com\/hrtrends\/#organization"},"image":{"@id":"https:\/\/empresas.infoempleo.com\/hrtrends\/que-diferencia-a-una-persona-con-una-idea-de-una-persona-con-exito\/#primaryimage"},"thumbnailUrl":"https:\/\/empresas.infoempleo.com\/hrtrends\/media\/2013\/03\/pexels-photo-327533-e1499675290468.jpeg","keywords":["Gabriel Sama"],"articleSection":["Actualidad"],"inLanguage":"es","copyrightYear":"2013","copyrightHolder":{"@id":"https:\/\/empresas.infoempleo.com\/hrtrends\/#organization"}},{"@type":"WebPage","@id":"https:\/\/empresas.infoempleo.com\/hrtrends\/que-diferencia-a-una-persona-con-una-idea-de-una-persona-con-exito\/","url":"https:\/\/empresas.infoempleo.com\/hrtrends\/que-diferencia-a-una-persona-con-una-idea-de-una-persona-con-exito\/","name":"\u00bfQu\u00e9 diferencia a una persona con una idea de una persona con \u00e9xito? | HRTRENDS","isPartOf":{"@id":"https:\/\/empresas.infoempleo.com\/hrtrends\/#website"},"primaryImageOfPage":{"@id":"https:\/\/empresas.infoempleo.com\/hrtrends\/que-diferencia-a-una-persona-con-una-idea-de-una-persona-con-exito\/#primaryimage"},"image":{"@id":"https:\/\/empresas.infoempleo.com\/hrtrends\/que-diferencia-a-una-persona-con-una-idea-de-una-persona-con-exito\/#primaryimage"},"thumbnailUrl":"https:\/\/empresas.infoempleo.com\/hrtrends\/media\/2013\/03\/pexels-photo-327533-e1499675290468.jpeg","datePublished":"2013-03-11T08:00:50+00:00","dateModified":"2018-05-23T15:02:19+00:00","breadcrumb":{"@id":"https:\/\/empresas.infoempleo.com\/hrtrends\/que-diferencia-a-una-persona-con-una-idea-de-una-persona-con-exito\/#breadcrumb"},"inLanguage":"es","potentialAction":[{"@type":"ReadAction","target":["https:\/\/empresas.infoempleo.com\/hrtrends\/que-diferencia-a-una-persona-con-una-idea-de-una-persona-con-exito\/"]}]},{"@type":"ImageObject","inLanguage":"es","@id":"https:\/\/empresas.infoempleo.com\/hrtrends\/que-diferencia-a-una-persona-con-una-idea-de-una-persona-con-exito\/#primaryimage","url":"https:\/\/empresas.infoempleo.com\/hrtrends\/media\/2013\/03\/pexels-photo-327533-e1499675290468-150x150.jpeg","contentUrl":"https:\/\/empresas.infoempleo.com\/hrtrends\/media\/2013\/03\/pexels-photo-327533-e1499675290468-150x150.jpeg","width":150,"height":150,"caption":"\u00c9xito en el trabajo"},{"@type":"BreadcrumbList","@id":"https:\/\/empresas.infoempleo.com\/hrtrends\/que-diferencia-a-una-persona-con-una-idea-de-una-persona-con-exito\/#breadcrumb","itemListElement":[{"@type":"ListItem","position":1,"name":"Portada","item":"https:\/\/empresas.infoempleo.com\/hrtrends\/"},{"@type":"ListItem","position":2,"name":"\u00bfQu\u00e9 diferencia a una persona con una idea de una persona con \u00e9xito?"}]},{"@type":"WebSite","@id":"https:\/\/empresas.infoempleo.com\/hrtrends\/#website","url":"https:\/\/empresas.infoempleo.com\/hrtrends","name":"HRTrends by Infoempleo","description":"","publisher":{"@id":"https:\/\/empresas.infoempleo.com\/hrtrends\/#organization"},"potentialAction":{"@type":"SearchAction","target":"https:\/\/empresas.infoempleo.com\/hrtrends\/?s={search_term_string}","query-input":"required name=search_term_string"},"inLanguage":"es"},{"@type":"Organization","@id":"https:\/\/empresas.infoempleo.com\/hrtrends\/#organization","name":"Infoempleo","url":"https:\/\/www.infoempleo.com\/","logo":{"@type":"ImageObject","@id":"https:\/\/empresas.infoempleo.com\/hrtrends\/#logo","inLanguage":"es","url":"https:\/\/cdnazure.infoempleo.com\/infoempleo\/assets\/style\/gfx\/logo.svg","contentUrl":"https:\/\/cdnazure.infoempleo.com\/infoempleo\/assets\/style\/gfx\/logo.svg","width":150,"height":40,"caption":"Infoempleo"},"image":{"@id":"https:\/\/empresas.infoempleo.com\/hrtrends\/#logo"},"sameAs":["https:\/\/www.facebook.com\/Infoempleo","https:\/\/x.com\/infoempleo","http:\/\/instagram.com\/infoempleo\/","http:\/\/www.linkedin.com\/groups\/Empleo-Espa\u00f1a-Infoempleocom-111276","http:\/\/pinterest.com\/infoempleo\/"],"address":{"@type":"PostalAddress","addressLocality":"Madrid","postalCode":"28050","streetAddress":"Avenida de Burgos 114"},"brand":["Infoempleo"]},{"@type":"Person","@id":"https:\/\/empresas.infoempleo.com\/hrtrends\/#\/schema\/person\/0101f2d9bbf9c2ee3ac8bca1c9e242fa","name":"Jose Luis","image":{"@type":"ImageObject","inLanguage":"es","@id":"https:\/\/empresas.infoempleo.com\/hrtrends\/#\/schema\/person\/image\/","url":"https:\/\/secure.gravatar.com\/avatar\/aaa0ec1c45a7e890c1431c969414fac92705fc1e13cbec6840b0d52f3688c186?s=96&d=mm&r=g","contentUrl":"https:\/\/secure.gravatar.com\/avatar\/aaa0ec1c45a7e890c1431c969414fac92705fc1e13cbec6840b0d52f3688c186?s=96&d=mm&r=g","caption":"Jose Luis"},"url":"https:\/\/empresas.infoempleo.com\/hrtrends\/author\/jose-luis\/"}]}},"amp_enabled":true,"_links":{"self":[{"href":"https:\/\/empresas.infoempleo.com\/hrtrends\/wp-json\/wp\/v2\/posts\/2561","targetHints":{"allow":["GET"]}}],"collection":[{"href":"https:\/\/empresas.infoempleo.com\/hrtrends\/wp-json\/wp\/v2\/posts"}],"about":[{"href":"https:\/\/empresas.infoempleo.com\/hrtrends\/wp-json\/wp\/v2\/types\/post"}],"author":[{"embeddable":true,"href":"https:\/\/empresas.infoempleo.com\/hrtrends\/wp-json\/wp\/v2\/users\/16"}],"replies":[{"embeddable":true,"href":"https:\/\/empresas.infoempleo.com\/hrtrends\/wp-json\/wp\/v2\/comments?post=2561"}],"version-history":[{"count":0,"href":"https:\/\/empresas.infoempleo.com\/hrtrends\/wp-json\/wp\/v2\/posts\/2561\/revisions"}],"wp:featuredmedia":[{"embeddable":true,"href":"https:\/\/empresas.infoempleo.com\/hrtrends\/wp-json\/wp\/v2\/media\/30863"}],"wp:attachment":[{"href":"https:\/\/empresas.infoempleo.com\/hrtrends\/wp-json\/wp\/v2\/media?parent=2561"}],"wp:term":[{"taxonomy":"category","embeddable":true,"href":"https:\/\/empresas.infoempleo.com\/hrtrends\/wp-json\/wp\/v2\/categories?post=2561"},{"taxonomy":"post_tag","embeddable":true,"href":"https:\/\/empresas.infoempleo.com\/hrtrends\/wp-json\/wp\/v2\/tags?post=2561"}],"curies":[{"name":"wp","href":"https:\/\/api.w.org\/{rel}","templated":true}]}}