{"id":25538,"date":"2016-06-23T07:30:27","date_gmt":"2016-06-23T05:30:27","guid":{"rendered":"http:\/\/blog.infoempleo.com\/?post_type=post&#038;p=25538"},"modified":"2018-05-23T16:52:12","modified_gmt":"2018-05-23T14:52:12","slug":"las-tecnologicas-buscan-talento-mujeres-quieran-volver-al-mercado-laboral","status":"publish","type":"post","link":"https:\/\/empresas.infoempleo.com\/hrtrends\/las-tecnologicas-buscan-talento-mujeres-quieran-volver-al-mercado-laboral\/","title":{"rendered":"Las tecnol\u00f3gicas buscan talento entre mujeres que quieran volver al mercado laboral"},"content":{"rendered":"<p>Aproximadamente la mitad de las mujeres que dejan sus carreras para dedicarse al cuidado de sus hijos no regresan nunca al mercado laboral. Muchas veces renuncian\u00a0a una carrera profesional exitosa para poder ocuparse de\u00a0su familia a tiempo completo. Y cuando quieren regresar sus conocimientos se han quedado obsoletos, y la reinserci\u00f3n en el mercado laboral supone un gran esfuerzo de puesta a punto y reorganizaci\u00f3n del entorno. Esto supone una gran <strong>p\u00e9rdida de talento femenino<\/strong>.<\/p>\n<p><!--more--><\/p>\n<h2>A la b\u00fasqueda de nuevos yacimientos de talento<\/h2>\n<p>Algunas empresas, en su af\u00e1n de buscar nuevo talento, han querido explorar nichos poco frecuentados. Por ejemplo, las tecnol\u00f3gicas. Acusadas de contar con una baja presencia femenina han movido ficha, y han comenzado a desarrollar programas orientados a capacitar a mujeres que quieren retomar sus carreras tras el par\u00f3n de la maternidad.<\/p>\n<p>Este es el caso de la empresa GSVlabs, que ha desarrollado un programa para ayudar a mujeres que llevan al menos dos a\u00f1os fuera del mercado laboral a volver con habilidades y competencias <strong>actualizadas<\/strong>. El programa, Reeboot Career Acelerator for Women, pretende dotar a las participantes de las competencias tecnol\u00f3gicas necesarias para los nuevos puestos y adem\u00e1s identificar las fortalezas del perfil profesional para potenciarlos y salir de nuevo al mercado laboral con <strong>seguridad y confianza<\/strong>.<\/p>\n<p>La b\u00fasqueda de nuevos yacimientos de talento llev\u00f3 a la tecnol\u00f3gica IBM a desarrollar una red social para exempleados. Fue una oportunidad para que muchas extrabajadoras volvieran para retomar sus carreras y el talento perdido regresara con una <strong>alta motivaci\u00f3n<\/strong>.<\/p>\n<h2>Pol\u00edticas de conciliaci\u00f3n que permitan el igual reparto de responsabilidades<\/h2>\n<p>El <a href=\"http:\/\/blog.infoempleo.com\/a\/como-es-la-situacion-laboral-de-las-mujeres-en-espana-dia-internacional-de-la-mujer\/\">mayor peso en la <strong>crianza<\/strong> de los hijos o el cuidado de dependientes<\/a> que experimentan las mujeres se evidencia en la desigualdad en las pol\u00edticas sobre maternidad\/paternidad. En los pa\u00edses europeos, el grueso de los d\u00edas de este permiso se concede en algunos casos preferentemente, y en la mayor\u00eda exclusivamente a las mujeres, por lo que se obliga por ley a que sean ellas las que pasen m\u00e1s tiempo alejadas de sus carreras.<\/p>\n<p>Como consecuencia, su perfil profesional se resiente. Una <strong>buena pol\u00edtica de conciliaci\u00f3n<\/strong> pasar\u00eda por dar la posibilidad de combinar el periodo de permiso entre la madre y el padre. De esta forma, la responsabilidad ser\u00eda realmente compartida y el perjuicio sobre su carrera resultar\u00eda\u00a0menor para la que quisiera <strong>avanzar<\/strong> en su desarrollo profesional. El caso de Irlanda es un\u00a0ejemplo (por no acudir a los m\u00e1s envidiados en esta materia, los pa\u00edses n\u00f3rdicos). De los 182 d\u00edas que se conceden a la madre de permiso tras el parto, 112 se pueden compartir con el padre.<\/p>\n<h2>Habilidades y competencias del talento femenino<\/h2>\n<p>A pesar de las dificultades que conlleva reincorporarse, la cosa pinta bien. Muchas empresas est\u00e1n empezando a tener en cuenta para su adaptaci\u00f3n a los nuevos entornos <a href=\"http:\/\/blog.infoempleo.com\/a\/habilidades-que-valen-mas-que-el-expediente-academico\/\">ciertas habilidades y competencias<\/a> en las que las <strong>mujeres destacan<\/strong>.<\/p>\n<ul>\n<li><strong>Competencias emocionales, <\/strong>habilidades como la escucha y la empat\u00eda las hace excelentes en equipos de recursos humanos.<\/li>\n<li><strong>Cooperaci\u00f3n y comunicaci\u00f3n<\/strong>, gran capacidad para construir equipos a trav\u00e9s de la creaci\u00f3n de entornos participativos frente a la imposici\u00f3n de criterio.<\/li>\n<li><strong>Soluci\u00f3n de problemas<\/strong> con una visi\u00f3n global y no parcial.<\/li>\n<li><strong>Formaci\u00f3n continua<\/strong>. Por lo general una mujer tiene\u00a0 que justificar permanentemente un puesto de responsabilidad. Se adoptan actitudes de continuo aprendizaje para que su liderazgo no sea cuestionado.<\/li>\n<li><strong>Multitarea y multifoco<\/strong>. Seg\u00fan expertos en talento femenino, en las mujeres se da una mayor pericia a la hora de abordar tareas m\u00faltiples y de tratar los problemas, ampliando el foco para tener en cuenta el contexto.<\/li>\n<li>Se abordan las tareas desde la <strong>rigurosidad y son muy exhaustivas<\/strong>. Tienden a no desanimarse y ser persistentes.<\/li>\n<\/ul>\n<p>Encontrar talento en determinados sectores como el tecnol\u00f3gico, donde escasea, es uno de los nuevos retos que se plantean en los departamentos de recursos humanos. Pero en esto no es pionero. Empresas como JP Morgan o Goldman Sach,\u00a0que pertenecen\u00a0al mundo financiero, ya recurrieron hace unos a\u00f1os a este colectivo yendo a buscar a sus casas a buenas profesionales que hab\u00edan aparcado sus carreras para dedicarse en exclusiva a la crianza de sus hijos, y as\u00ed recuperar un gran talento perdido.<\/p>\n","protected":false},"excerpt":{"rendered":"<p>Aproximadamente la mitad de las mujeres que dejan sus carreras para dedicarse al cuidado de sus hijos no<a class=\"moretag\" href=\"https:\/\/empresas.infoempleo.com\/hrtrends\/las-tecnologicas-buscan-talento-mujeres-quieran-volver-al-mercado-laboral\/\"> Leer m\u00e1s<\/a><\/p>\n","protected":false},"author":29,"featured_media":25559,"comment_status":"closed","ping_status":"open","sticky":false,"template":"","format":"standard","meta":{"footnotes":""},"categories":[3],"tags":[2947,2653,2948],"class_list":["post-25538","post","type-post","status-publish","format-standard","has-post-thumbnail","hentry","category-actualidad","tag-reinsercion-laboral","tag-talento-femenino","tag-tecnologicas"],"yoast_head":"<!-- This site is optimized with the Yoast SEO plugin v26.1.1 - https:\/\/yoast.com\/wordpress\/plugins\/seo\/ -->\n<title>Las tecnol\u00f3gicas buscan talento entre mujeres que quieran volver al mercado laboral | HRTRENDS<\/title>\n<meta name=\"description\" content=\"Encontrar talento en empresas tecnol\u00f3gicas, donde escasea, es uno de los nuevos retos que se plantean en los departamentos de recursos humanos\" \/>\n<meta name=\"robots\" content=\"index, follow, max-snippet:-1, max-image-preview:large, max-video-preview:-1\" \/>\n<link rel=\"canonical\" href=\"https:\/\/empresas.infoempleo.com\/hrtrends\/las-tecnologicas-buscan-talento-mujeres-quieran-volver-al-mercado-laboral\/\" \/>\n<meta property=\"og:locale\" content=\"es_ES\" \/>\n<meta property=\"og:type\" content=\"article\" \/>\n<meta property=\"og:title\" content=\"Las tecnol\u00f3gicas buscan talento entre mujeres que quieran volver al mercado laboral | HRTRENDS\" \/>\n<meta property=\"og:description\" content=\"Encontrar talento en empresas tecnol\u00f3gicas, donde escasea, es uno de los nuevos retos que se plantean en los departamentos de recursos humanos\" \/>\n<meta property=\"og:url\" content=\"https:\/\/empresas.infoempleo.com\/hrtrends\/las-tecnologicas-buscan-talento-mujeres-quieran-volver-al-mercado-laboral\/\" \/>\n<meta property=\"og:site_name\" content=\"HRTRENDS\" \/>\n<meta property=\"article:publisher\" content=\"https:\/\/www.facebook.com\/Infoempleo\" \/>\n<meta property=\"article:published_time\" content=\"2016-06-23T05:30:27+00:00\" \/>\n<meta property=\"article:modified_time\" content=\"2018-05-23T14:52:12+00:00\" \/>\n<meta property=\"og:image\" content=\"https:\/\/empresas.infoempleo.com\/hrtrends\/media\/2016\/06\/ThinkstockPhotos-489524776.jpg\" \/>\n\t<meta property=\"og:image:width\" content=\"1280\" \/>\n\t<meta property=\"og:image:height\" content=\"855\" \/>\n\t<meta property=\"og:image:type\" content=\"image\/jpeg\" \/>\n<meta name=\"author\" content=\"Luisa Carrasco\" \/>\n<meta name=\"twitter:card\" content=\"summary_large_image\" \/>\n<meta name=\"twitter:creator\" content=\"@infoempleo\" \/>\n<meta name=\"twitter:site\" content=\"@infoempleo\" \/>\n<meta name=\"twitter:label1\" content=\"Escrito por\" \/>\n\t<meta name=\"twitter:data1\" content=\"Luisa Carrasco\" \/>\n\t<meta name=\"twitter:label2\" content=\"Tiempo de lectura\" \/>\n\t<meta name=\"twitter:data2\" content=\"4 minutos\" \/>\n<script type=\"application\/ld+json\" class=\"yoast-schema-graph\">{\"@context\":\"https:\/\/schema.org\",\"@graph\":[{\"@type\":\"NewsArticle\",\"@id\":\"https:\/\/empresas.infoempleo.com\/hrtrends\/las-tecnologicas-buscan-talento-mujeres-quieran-volver-al-mercado-laboral\/#article\",\"isPartOf\":{\"@id\":\"https:\/\/empresas.infoempleo.com\/hrtrends\/las-tecnologicas-buscan-talento-mujeres-quieran-volver-al-mercado-laboral\/\"},\"author\":{\"name\":\"Luisa Carrasco\",\"@id\":\"https:\/\/empresas.infoempleo.com\/hrtrends\/#\/schema\/person\/32ca57975913668419d075627a98dafe\"},\"headline\":\"Las tecnol\u00f3gicas buscan talento entre mujeres que quieran volver al mercado laboral\",\"datePublished\":\"2016-06-23T05:30:27+00:00\",\"dateModified\":\"2018-05-23T14:52:12+00:00\",\"mainEntityOfPage\":{\"@id\":\"https:\/\/empresas.infoempleo.com\/hrtrends\/las-tecnologicas-buscan-talento-mujeres-quieran-volver-al-mercado-laboral\/\"},\"wordCount\":747,\"publisher\":{\"@id\":\"https:\/\/empresas.infoempleo.com\/hrtrends\/#organization\"},\"image\":{\"@id\":\"https:\/\/empresas.infoempleo.com\/hrtrends\/las-tecnologicas-buscan-talento-mujeres-quieran-volver-al-mercado-laboral\/#primaryimage\"},\"thumbnailUrl\":\"https:\/\/empresas.infoempleo.com\/hrtrends\/media\/2016\/06\/ThinkstockPhotos-489524776.jpg\",\"keywords\":[\"reinserci\u00f3n laboral\",\"talento femenino\",\"tecnol\u00f3gicas\"],\"articleSection\":[\"Actualidad\"],\"inLanguage\":\"es\",\"copyrightYear\":\"2016\",\"copyrightHolder\":{\"@id\":\"https:\/\/empresas.infoempleo.com\/hrtrends\/#organization\"}},{\"@type\":\"WebPage\",\"@id\":\"https:\/\/empresas.infoempleo.com\/hrtrends\/las-tecnologicas-buscan-talento-mujeres-quieran-volver-al-mercado-laboral\/\",\"url\":\"https:\/\/empresas.infoempleo.com\/hrtrends\/las-tecnologicas-buscan-talento-mujeres-quieran-volver-al-mercado-laboral\/\",\"name\":\"Las tecnol\u00f3gicas buscan talento entre mujeres que quieran volver al mercado laboral | HRTRENDS\",\"isPartOf\":{\"@id\":\"https:\/\/empresas.infoempleo.com\/hrtrends\/#website\"},\"primaryImageOfPage\":{\"@id\":\"https:\/\/empresas.infoempleo.com\/hrtrends\/las-tecnologicas-buscan-talento-mujeres-quieran-volver-al-mercado-laboral\/#primaryimage\"},\"image\":{\"@id\":\"https:\/\/empresas.infoempleo.com\/hrtrends\/las-tecnologicas-buscan-talento-mujeres-quieran-volver-al-mercado-laboral\/#primaryimage\"},\"thumbnailUrl\":\"https:\/\/empresas.infoempleo.com\/hrtrends\/media\/2016\/06\/ThinkstockPhotos-489524776.jpg\",\"datePublished\":\"2016-06-23T05:30:27+00:00\",\"dateModified\":\"2018-05-23T14:52:12+00:00\",\"description\":\"Encontrar talento en empresas tecnol\u00f3gicas, donde escasea, es uno de los nuevos retos que se plantean en los departamentos de recursos humanos\",\"breadcrumb\":{\"@id\":\"https:\/\/empresas.infoempleo.com\/hrtrends\/las-tecnologicas-buscan-talento-mujeres-quieran-volver-al-mercado-laboral\/#breadcrumb\"},\"inLanguage\":\"es\",\"potentialAction\":[{\"@type\":\"ReadAction\",\"target\":[\"https:\/\/empresas.infoempleo.com\/hrtrends\/las-tecnologicas-buscan-talento-mujeres-quieran-volver-al-mercado-laboral\/\"]}]},{\"@type\":\"ImageObject\",\"inLanguage\":\"es\",\"@id\":\"https:\/\/empresas.infoempleo.com\/hrtrends\/las-tecnologicas-buscan-talento-mujeres-quieran-volver-al-mercado-laboral\/#primaryimage\",\"url\":\"https:\/\/empresas.infoempleo.com\/hrtrends\/media\/2016\/06\/ThinkstockPhotos-489524776-150x150.jpg\",\"contentUrl\":\"https:\/\/empresas.infoempleo.com\/hrtrends\/media\/2016\/06\/ThinkstockPhotos-489524776-150x150.jpg\",\"width\":150,\"height\":150,\"caption\":\"tecnol\u00f3gicas\"},{\"@type\":\"BreadcrumbList\",\"@id\":\"https:\/\/empresas.infoempleo.com\/hrtrends\/las-tecnologicas-buscan-talento-mujeres-quieran-volver-al-mercado-laboral\/#breadcrumb\",\"itemListElement\":[{\"@type\":\"ListItem\",\"position\":1,\"name\":\"Portada\",\"item\":\"https:\/\/empresas.infoempleo.com\/hrtrends\/\"},{\"@type\":\"ListItem\",\"position\":2,\"name\":\"Las tecnol\u00f3gicas buscan talento entre mujeres que quieran volver al mercado laboral\"}]},{\"@type\":\"WebSite\",\"@id\":\"https:\/\/empresas.infoempleo.com\/hrtrends\/#website\",\"url\":\"https:\/\/empresas.infoempleo.com\/hrtrends\",\"name\":\"HRTrends by Infoempleo\",\"description\":\"\",\"publisher\":{\"@id\":\"https:\/\/empresas.infoempleo.com\/hrtrends\/#organization\"},\"potentialAction\":{\"@type\":\"SearchAction\",\"target\":\"https:\/\/empresas.infoempleo.com\/hrtrends\/?s={search_term_string}\",\"query-input\":\"required name=search_term_string\"},\"inLanguage\":\"es\"},{\"@type\":\"Organization\",\"@id\":\"https:\/\/empresas.infoempleo.com\/hrtrends\/#organization\",\"name\":\"Infoempleo\",\"url\":\"https:\/\/www.infoempleo.com\/\",\"logo\":{\"@type\":\"ImageObject\",\"@id\":\"https:\/\/empresas.infoempleo.com\/hrtrends\/#logo\",\"inLanguage\":\"es\",\"url\":\"https:\/\/cdnazure.infoempleo.com\/infoempleo\/assets\/style\/gfx\/logo.svg\",\"contentUrl\":\"https:\/\/cdnazure.infoempleo.com\/infoempleo\/assets\/style\/gfx\/logo.svg\",\"width\":150,\"height\":40,\"caption\":\"Infoempleo\"},\"image\":{\"@id\":\"https:\/\/empresas.infoempleo.com\/hrtrends\/#logo\"},\"sameAs\":[\"https:\/\/www.facebook.com\/Infoempleo\",\"https:\/\/x.com\/infoempleo\",\"http:\/\/instagram.com\/infoempleo\/\",\"http:\/\/www.linkedin.com\/groups\/Empleo-Espa\u00f1a-Infoempleocom-111276\",\"http:\/\/pinterest.com\/infoempleo\/\"],\"address\":{\"@type\":\"PostalAddress\",\"addressLocality\":\"Madrid\",\"postalCode\":\"28050\",\"streetAddress\":\"Avenida de Burgos 114\"},\"brand\":[\"Infoempleo\"]},{\"@type\":\"Person\",\"@id\":\"https:\/\/empresas.infoempleo.com\/hrtrends\/#\/schema\/person\/32ca57975913668419d075627a98dafe\",\"name\":\"Luisa Carrasco\",\"image\":{\"@type\":\"ImageObject\",\"inLanguage\":\"es\",\"@id\":\"https:\/\/empresas.infoempleo.com\/hrtrends\/#\/schema\/person\/image\/\",\"url\":\"https:\/\/secure.gravatar.com\/avatar\/8cc7d7a784a8289007bbfddcef37ed7157c6ae70e89183748ddf5858d9133c86?s=96&d=mm&r=g\",\"contentUrl\":\"https:\/\/secure.gravatar.com\/avatar\/8cc7d7a784a8289007bbfddcef37ed7157c6ae70e89183748ddf5858d9133c86?s=96&d=mm&r=g\",\"caption\":\"Luisa Carrasco\"},\"description\":\"Licenciada en Sociolog\u00eda y posgrado en gesti\u00f3n de la comunicaci\u00f3n para organizaciones culturales. Me interesa todo lo que tiene que ver con la organizaci\u00f3n e integraci\u00f3n de los distintos agentes sociales. El \u00e1mbito laboral y el de la educaci\u00f3n y formaci\u00f3n es el punto de encuentro de gran parte de estos actores. Estoy al tanto de los temas de actualidad laboral, las tendencias en el mercado del trabajo, las nuevas iniciativas en el tejido empresarial y las propuestas de innovaci\u00f3n en materia de educaci\u00f3n y formaci\u00f3n. Por lo general, escribo en el blog de Infoempleo tres veces por semana.\",\"url\":\"https:\/\/empresas.infoempleo.com\/hrtrends\/author\/luisaagenciayerro\/\"}]}<\/script>\n<!-- \/ Yoast SEO plugin. -->","yoast_head_json":{"title":"Las tecnol\u00f3gicas buscan talento entre mujeres que quieran volver al mercado laboral | HRTRENDS","description":"Encontrar talento en empresas tecnol\u00f3gicas, donde escasea, es uno de los nuevos retos que se plantean en los departamentos de recursos humanos","robots":{"index":"index","follow":"follow","max-snippet":"max-snippet:-1","max-image-preview":"max-image-preview:large","max-video-preview":"max-video-preview:-1"},"canonical":"https:\/\/empresas.infoempleo.com\/hrtrends\/las-tecnologicas-buscan-talento-mujeres-quieran-volver-al-mercado-laboral\/","og_locale":"es_ES","og_type":"article","og_title":"Las tecnol\u00f3gicas buscan talento entre mujeres que quieran volver al mercado laboral | HRTRENDS","og_description":"Encontrar talento en empresas tecnol\u00f3gicas, donde escasea, es uno de los nuevos retos que se plantean en los departamentos de recursos humanos","og_url":"https:\/\/empresas.infoempleo.com\/hrtrends\/las-tecnologicas-buscan-talento-mujeres-quieran-volver-al-mercado-laboral\/","og_site_name":"HRTRENDS","article_publisher":"https:\/\/www.facebook.com\/Infoempleo","article_published_time":"2016-06-23T05:30:27+00:00","article_modified_time":"2018-05-23T14:52:12+00:00","og_image":[{"width":1280,"height":855,"url":"https:\/\/empresas.infoempleo.com\/hrtrends\/media\/2016\/06\/ThinkstockPhotos-489524776.jpg","type":"image\/jpeg"}],"author":"Luisa Carrasco","twitter_card":"summary_large_image","twitter_creator":"@infoempleo","twitter_site":"@infoempleo","twitter_misc":{"Escrito por":"Luisa Carrasco","Tiempo de lectura":"4 minutos"},"schema":{"@context":"https:\/\/schema.org","@graph":[{"@type":"NewsArticle","@id":"https:\/\/empresas.infoempleo.com\/hrtrends\/las-tecnologicas-buscan-talento-mujeres-quieran-volver-al-mercado-laboral\/#article","isPartOf":{"@id":"https:\/\/empresas.infoempleo.com\/hrtrends\/las-tecnologicas-buscan-talento-mujeres-quieran-volver-al-mercado-laboral\/"},"author":{"name":"Luisa Carrasco","@id":"https:\/\/empresas.infoempleo.com\/hrtrends\/#\/schema\/person\/32ca57975913668419d075627a98dafe"},"headline":"Las tecnol\u00f3gicas buscan talento entre mujeres que quieran volver al mercado laboral","datePublished":"2016-06-23T05:30:27+00:00","dateModified":"2018-05-23T14:52:12+00:00","mainEntityOfPage":{"@id":"https:\/\/empresas.infoempleo.com\/hrtrends\/las-tecnologicas-buscan-talento-mujeres-quieran-volver-al-mercado-laboral\/"},"wordCount":747,"publisher":{"@id":"https:\/\/empresas.infoempleo.com\/hrtrends\/#organization"},"image":{"@id":"https:\/\/empresas.infoempleo.com\/hrtrends\/las-tecnologicas-buscan-talento-mujeres-quieran-volver-al-mercado-laboral\/#primaryimage"},"thumbnailUrl":"https:\/\/empresas.infoempleo.com\/hrtrends\/media\/2016\/06\/ThinkstockPhotos-489524776.jpg","keywords":["reinserci\u00f3n laboral","talento femenino","tecnol\u00f3gicas"],"articleSection":["Actualidad"],"inLanguage":"es","copyrightYear":"2016","copyrightHolder":{"@id":"https:\/\/empresas.infoempleo.com\/hrtrends\/#organization"}},{"@type":"WebPage","@id":"https:\/\/empresas.infoempleo.com\/hrtrends\/las-tecnologicas-buscan-talento-mujeres-quieran-volver-al-mercado-laboral\/","url":"https:\/\/empresas.infoempleo.com\/hrtrends\/las-tecnologicas-buscan-talento-mujeres-quieran-volver-al-mercado-laboral\/","name":"Las tecnol\u00f3gicas buscan talento entre mujeres que quieran volver al mercado laboral | HRTRENDS","isPartOf":{"@id":"https:\/\/empresas.infoempleo.com\/hrtrends\/#website"},"primaryImageOfPage":{"@id":"https:\/\/empresas.infoempleo.com\/hrtrends\/las-tecnologicas-buscan-talento-mujeres-quieran-volver-al-mercado-laboral\/#primaryimage"},"image":{"@id":"https:\/\/empresas.infoempleo.com\/hrtrends\/las-tecnologicas-buscan-talento-mujeres-quieran-volver-al-mercado-laboral\/#primaryimage"},"thumbnailUrl":"https:\/\/empresas.infoempleo.com\/hrtrends\/media\/2016\/06\/ThinkstockPhotos-489524776.jpg","datePublished":"2016-06-23T05:30:27+00:00","dateModified":"2018-05-23T14:52:12+00:00","description":"Encontrar talento en empresas tecnol\u00f3gicas, donde escasea, es uno de los nuevos retos que se plantean en los departamentos de recursos humanos","breadcrumb":{"@id":"https:\/\/empresas.infoempleo.com\/hrtrends\/las-tecnologicas-buscan-talento-mujeres-quieran-volver-al-mercado-laboral\/#breadcrumb"},"inLanguage":"es","potentialAction":[{"@type":"ReadAction","target":["https:\/\/empresas.infoempleo.com\/hrtrends\/las-tecnologicas-buscan-talento-mujeres-quieran-volver-al-mercado-laboral\/"]}]},{"@type":"ImageObject","inLanguage":"es","@id":"https:\/\/empresas.infoempleo.com\/hrtrends\/las-tecnologicas-buscan-talento-mujeres-quieran-volver-al-mercado-laboral\/#primaryimage","url":"https:\/\/empresas.infoempleo.com\/hrtrends\/media\/2016\/06\/ThinkstockPhotos-489524776-150x150.jpg","contentUrl":"https:\/\/empresas.infoempleo.com\/hrtrends\/media\/2016\/06\/ThinkstockPhotos-489524776-150x150.jpg","width":150,"height":150,"caption":"tecnol\u00f3gicas"},{"@type":"BreadcrumbList","@id":"https:\/\/empresas.infoempleo.com\/hrtrends\/las-tecnologicas-buscan-talento-mujeres-quieran-volver-al-mercado-laboral\/#breadcrumb","itemListElement":[{"@type":"ListItem","position":1,"name":"Portada","item":"https:\/\/empresas.infoempleo.com\/hrtrends\/"},{"@type":"ListItem","position":2,"name":"Las tecnol\u00f3gicas buscan talento entre mujeres que quieran volver al mercado laboral"}]},{"@type":"WebSite","@id":"https:\/\/empresas.infoempleo.com\/hrtrends\/#website","url":"https:\/\/empresas.infoempleo.com\/hrtrends","name":"HRTrends by Infoempleo","description":"","publisher":{"@id":"https:\/\/empresas.infoempleo.com\/hrtrends\/#organization"},"potentialAction":{"@type":"SearchAction","target":"https:\/\/empresas.infoempleo.com\/hrtrends\/?s={search_term_string}","query-input":"required name=search_term_string"},"inLanguage":"es"},{"@type":"Organization","@id":"https:\/\/empresas.infoempleo.com\/hrtrends\/#organization","name":"Infoempleo","url":"https:\/\/www.infoempleo.com\/","logo":{"@type":"ImageObject","@id":"https:\/\/empresas.infoempleo.com\/hrtrends\/#logo","inLanguage":"es","url":"https:\/\/cdnazure.infoempleo.com\/infoempleo\/assets\/style\/gfx\/logo.svg","contentUrl":"https:\/\/cdnazure.infoempleo.com\/infoempleo\/assets\/style\/gfx\/logo.svg","width":150,"height":40,"caption":"Infoempleo"},"image":{"@id":"https:\/\/empresas.infoempleo.com\/hrtrends\/#logo"},"sameAs":["https:\/\/www.facebook.com\/Infoempleo","https:\/\/x.com\/infoempleo","http:\/\/instagram.com\/infoempleo\/","http:\/\/www.linkedin.com\/groups\/Empleo-Espa\u00f1a-Infoempleocom-111276","http:\/\/pinterest.com\/infoempleo\/"],"address":{"@type":"PostalAddress","addressLocality":"Madrid","postalCode":"28050","streetAddress":"Avenida de Burgos 114"},"brand":["Infoempleo"]},{"@type":"Person","@id":"https:\/\/empresas.infoempleo.com\/hrtrends\/#\/schema\/person\/32ca57975913668419d075627a98dafe","name":"Luisa Carrasco","image":{"@type":"ImageObject","inLanguage":"es","@id":"https:\/\/empresas.infoempleo.com\/hrtrends\/#\/schema\/person\/image\/","url":"https:\/\/secure.gravatar.com\/avatar\/8cc7d7a784a8289007bbfddcef37ed7157c6ae70e89183748ddf5858d9133c86?s=96&d=mm&r=g","contentUrl":"https:\/\/secure.gravatar.com\/avatar\/8cc7d7a784a8289007bbfddcef37ed7157c6ae70e89183748ddf5858d9133c86?s=96&d=mm&r=g","caption":"Luisa Carrasco"},"description":"Licenciada en Sociolog\u00eda y posgrado en gesti\u00f3n de la comunicaci\u00f3n para organizaciones culturales. Me interesa todo lo que tiene que ver con la organizaci\u00f3n e integraci\u00f3n de los distintos agentes sociales. El \u00e1mbito laboral y el de la educaci\u00f3n y formaci\u00f3n es el punto de encuentro de gran parte de estos actores. Estoy al tanto de los temas de actualidad laboral, las tendencias en el mercado del trabajo, las nuevas iniciativas en el tejido empresarial y las propuestas de innovaci\u00f3n en materia de educaci\u00f3n y formaci\u00f3n. Por lo general, escribo en el blog de Infoempleo tres veces por semana.","url":"https:\/\/empresas.infoempleo.com\/hrtrends\/author\/luisaagenciayerro\/"}]}},"amp_enabled":true,"_links":{"self":[{"href":"https:\/\/empresas.infoempleo.com\/hrtrends\/wp-json\/wp\/v2\/posts\/25538","targetHints":{"allow":["GET"]}}],"collection":[{"href":"https:\/\/empresas.infoempleo.com\/hrtrends\/wp-json\/wp\/v2\/posts"}],"about":[{"href":"https:\/\/empresas.infoempleo.com\/hrtrends\/wp-json\/wp\/v2\/types\/post"}],"author":[{"embeddable":true,"href":"https:\/\/empresas.infoempleo.com\/hrtrends\/wp-json\/wp\/v2\/users\/29"}],"replies":[{"embeddable":true,"href":"https:\/\/empresas.infoempleo.com\/hrtrends\/wp-json\/wp\/v2\/comments?post=25538"}],"version-history":[{"count":0,"href":"https:\/\/empresas.infoempleo.com\/hrtrends\/wp-json\/wp\/v2\/posts\/25538\/revisions"}],"wp:featuredmedia":[{"embeddable":true,"href":"https:\/\/empresas.infoempleo.com\/hrtrends\/wp-json\/wp\/v2\/media\/25559"}],"wp:attachment":[{"href":"https:\/\/empresas.infoempleo.com\/hrtrends\/wp-json\/wp\/v2\/media?parent=25538"}],"wp:term":[{"taxonomy":"category","embeddable":true,"href":"https:\/\/empresas.infoempleo.com\/hrtrends\/wp-json\/wp\/v2\/categories?post=25538"},{"taxonomy":"post_tag","embeddable":true,"href":"https:\/\/empresas.infoempleo.com\/hrtrends\/wp-json\/wp\/v2\/tags?post=25538"}],"curies":[{"name":"wp","href":"https:\/\/api.w.org\/{rel}","templated":true}]}}